{"id":1007,"date":"2017-08-20T00:00:00","date_gmt":"2017-08-20T00:00:00","guid":{"rendered":"https:\/\/ecodef-ihedn.fr\/colloque-frs-resistance-et-dissuasion\/"},"modified":"2020-04-30T10:44:20","modified_gmt":"2020-04-30T10:44:20","slug":"colloque-frs-resistance-et-dissuasion","status":"publish","type":"post","link":"https:\/\/ecodef-ihedn.fr\/en\/colloque-frs-resistance-et-dissuasion\/","title":{"rendered":"FRS Conference - Resistance and Deterrence"},"content":{"rendered":"<h2>Resistance and Deterrence - from the origins of the French nuclear programme to the present day<\/h2>\n<p class=\"lead\">The Fondation pour la recherche strat\u00e9gique, with the support of the Commissariat \u00e0 l'\u00e9nergie atomique et aux \u00e9nergies alternatives, invites you to the conference <strong>Resistance and Deterrence, <em>From the origins of the French nuclear programme to the present day,<\/em><\/strong> to be held on <strong>Thursday 5 October 2017<\/strong> at the Biblioth\u00e8que nationale de France (large auditorium on the Fran\u00e7ois Mitterrand site).<\/p>\n<p>This conference is organised in partnership with the Fondation Charles de Gaulle, the Fondation de la France Libre, the Mus\u00e9e Curie, the Service historique de la d\u00e9fense, the Archives diplomatiques, the \u00c9cole Normale Sup\u00e9rieure ENS-Ulm (Centre interdisciplinaire d'\u00e9tudes sur le nucl\u00e9aire et la strat\u00e9gie) and the journal \u00abL'Histoire\u00bb.<\/p>\n<h2 style=\"text-align: center;\">To register: <a href=\"mailto:m.pion@frstrategie.org&amp;subject=Inscription%20%C3%A0%20l%27%C3%A9v%C3%A9nement%20du%20jeudi%2005%20octobre%202017\">m.pion@frstrategie.org<\/a><\/h2>\n<h2><a href=\"https:\/\/ecodef-ihedn.fr\/wp-content\/uploads\/2020\/04\/capture.png\"><img loading=\"lazy\" decoding=\"async\" class=\"wp-image-5736 aligncenter\" src=\"https:\/\/ecodef-ihedn.fr\/wp-content\/uploads\/2020\/04\/capture.png\" alt=\"\" width=\"464\" height=\"140\" \/><\/a><\/h2>\n<h2>Provisional programme<\/h2>\n<div class=\"horaire\">8h45 <strong>Welcome coffee<br \/>\n<\/strong><\/div>\n<div><\/div>\n<div class=\"horaire\">9.00am-9.20am <strong>Opening of the conference<\/strong><\/div>\n<div class=\"horaire\">Bruno Racine, President of the FRS and former President of the BNF<\/div>\n<div><\/div>\n<div class=\"horaire\">9.20 a.m. to 10.50 a.m. <strong>Nuclear power, a strategic challenge for France during the Second World War<\/strong><br \/>\nDominique Mongin, lecturer and researcher at INALCO and ENS-Ulm<br \/>\nRobert Belot, Professor at the Belfort-Montb\u00e9liard University of Technology<br \/>\nDiane Dosso, contract researcher at the Centre d'archives en philosophie, histoire et \u00e9dition des sciences at ENS-Ulm<br \/>\nRenaud Huynh, Director of the Mus\u00e9e Curie<\/div>\n<div class=\"horaire\">10.50-11.00 a.m.<\/div>\n<div><\/div>\n<div class=\"sommaire\"><strong>Extract from the film \u00abThe battle for heavy water\u00bb <\/strong><\/div>\n<div><\/div>\n<div>\n<div class=\"horaire\">11.00-11.30 a.m. <strong>Coffee break<\/strong><\/div>\n<div><\/div>\n<div class=\"horaire\">11h30-13h00 <strong>The spirit of the Resistance and the beginnings of the CEA <\/strong><br \/>\nGeorges-Henri Soutou, member of the Institut and Emeritus Professor at the Sorbonne<br \/>\nPatrick Boureille, lecturer and researcher at the Defence Historical Service<br \/>\nJean Guisnel, journalist<\/div>\n<div><\/div>\n<div class=\"horaire\">1.00 pm - 2.00 pm <strong>Buffet lunch<\/strong><\/div>\n<div><\/div>\n<div class=\"horaire\">2.00 pm - 3.30 pm <strong>General de Gaulle and nuclear sovereignty <\/strong><br \/>\nMaurice Va\u00efsse, Emeritus University Professor<br \/>\nFr\u00e9d\u00e9ric Gloriant, teacher-researcher at ENS-Ulm<br \/>\nJacques Godfrain, former Minister and Chairman of the Charles de Gaulle Foundation<br \/>\nJean-Dominique Merchet, journalist<\/div>\n<div><\/div>\n<div class=\"horaire\">3.30 pm - 4 pm <strong>Coffee break<\/strong><\/div>\n<div><\/div>\n<div class=\"horaire\">16h00-17h30 <strong>National independence and nuclear deterrence, past and present<\/strong><br \/>\nBruno Tertrais, Deputy Director of the FRS<br \/>\nJean-Pierre Chev\u00e8nement, former Minister, Honorary Member of Parliament and Chairman of the Res Publica Foundation<br \/>\nAdmiral de Coriolis, former Commander of FOST<\/div>\n<div><\/div>\n<div class=\"horaire\">5.30 pm - 6 pm <strong>Closing of the conference<\/strong><br \/>\nJean-Jacques Bridey, Chairman of the National Assembly's Committee on National Defence and the Armed Forces.<\/div>\n<hr \/>\n<\/div>","protected":false},"excerpt":{"rendered":"<p>R\u00e9sistance et Dissuasion &#8211; des origines du programme nucl\u00e9aire fran\u00e7ais \u00e0 nos jours La Fondation pour la recherche strat\u00e9gique, avec le soutien du Commissariat \u00e0 l\u2019\u00e9nergie atomique et aux \u00e9nergies alternatives, vous invite au colloque R\u00e9sistance et Dissuasion, Des origines du programme nucl\u00e9aire fran\u00e7ais \u00e0 nos jours, qui se tiendra le jeudi 5 octobre 2017 [&hellip;]<\/p>\n","protected":false},"author":1,"featured_media":1008,"comment_status":"open","ping_status":"open","sticky":false,"template":"","format":"standard","meta":{"footnotes":""},"categories":[360],"tags":[68,69,70],"class_list":{"0":"post-1007","1":"post","2":"type-post","3":"status-publish","4":"format-standard","5":"has-post-thumbnail","7":"category-actualites-du-reseau","8":"tag-dissuasion","9":"tag-fondation-pour-la-recherche-strategique","10":"tag-nucleaire"},"yoast_head":"<!-- This site is optimized with the Yoast SEO plugin v27.4 - https:\/\/yoast.com\/product\/yoast-seo-wordpress\/ -->\n<title>Colloque FRS - R\u00e9sistance et Dissuasion - Chaire \u00c9conomie de d\u00e9fense - IHEDN<\/title>\n<meta name=\"robots\" content=\"index, follow, max-snippet:-1, max-image-preview:large, max-video-preview:-1\" \/>\n<link rel=\"canonical\" href=\"https:\/\/ecodef-ihedn.fr\/en\/colloque-frs-resistance-et-dissuasion\/\" \/>\n<meta property=\"og:locale\" content=\"en_GB\" \/>\n<meta property=\"og:type\" content=\"article\" \/>\n<meta property=\"og:title\" content=\"Colloque FRS - R\u00e9sistance et Dissuasion - Chaire \u00c9conomie de d\u00e9fense - IHEDN\" \/>\n<meta property=\"og:description\" content=\"R\u00e9sistance et Dissuasion &#8211; des origines du programme nucl\u00e9aire fran\u00e7ais \u00e0 nos jours La Fondation pour la recherche strat\u00e9gique, avec le soutien du Commissariat \u00e0 l\u2019\u00e9nergie atomique et aux \u00e9nergies alternatives, vous invite au colloque R\u00e9sistance et Dissuasion, Des origines du programme nucl\u00e9aire fran\u00e7ais \u00e0 nos jours, qui se tiendra le jeudi 5 octobre 2017 [&hellip;]\" \/>\n<meta property=\"og:url\" content=\"https:\/\/ecodef-ihedn.fr\/en\/colloque-frs-resistance-et-dissuasion\/\" \/>\n<meta property=\"og:site_name\" content=\"Chaire \u00c9conomie de d\u00e9fense - IHEDN\" \/>\n<meta property=\"article:published_time\" content=\"2017-08-20T00:00:00+00:00\" \/>\n<meta property=\"article:modified_time\" content=\"2020-04-30T10:44:20+00:00\" \/>\n<meta property=\"og:image\" content=\"https:\/\/ecodef-ihedn.fr\/wp-content\/uploads\/2020\/04\/capture.png\" \/>\n\t<meta property=\"og:image:width\" content=\"930\" \/>\n\t<meta property=\"og:image:height\" content=\"311\" \/>\n\t<meta property=\"og:image:type\" content=\"image\/png\" \/>\n<meta name=\"author\" content=\"dev\" \/>\n<meta name=\"twitter:card\" content=\"summary_large_image\" \/>\n<meta name=\"twitter:creator\" content=\"@Chaire_Ecodef\" \/>\n<meta name=\"twitter:site\" content=\"@Chaire_Ecodef\" \/>\n<meta name=\"twitter:label1\" content=\"Written by\" \/>\n\t<meta name=\"twitter:data1\" content=\"dev\" \/>\n\t<meta name=\"twitter:label2\" content=\"Estimated reading time\" \/>\n\t<meta name=\"twitter:data2\" content=\"2 minutes\" \/>\n<script type=\"application\/ld+json\" class=\"yoast-schema-graph\">{\"@context\":\"https:\\\/\\\/schema.org\",\"@graph\":[{\"@type\":\"Article\",\"@id\":\"https:\\\/\\\/ecodef-ihedn.fr\\\/colloque-frs-resistance-et-dissuasion\\\/#article\",\"isPartOf\":{\"@id\":\"https:\\\/\\\/ecodef-ihedn.fr\\\/colloque-frs-resistance-et-dissuasion\\\/\"},\"author\":{\"name\":\"dev\",\"@id\":\"https:\\\/\\\/ecodef-ihedn.fr\\\/#\\\/schema\\\/person\\\/7b3f1a2d8fd336e0be2f9ff63ff0ebbc\"},\"headline\":\"Colloque FRS &#8211; R\u00e9sistance et Dissuasion\",\"datePublished\":\"2017-08-20T00:00:00+00:00\",\"dateModified\":\"2020-04-30T10:44:20+00:00\",\"mainEntityOfPage\":{\"@id\":\"https:\\\/\\\/ecodef-ihedn.fr\\\/colloque-frs-resistance-et-dissuasion\\\/\"},\"wordCount\":407,\"commentCount\":0,\"publisher\":{\"@id\":\"https:\\\/\\\/ecodef-ihedn.fr\\\/#organization\"},\"image\":{\"@id\":\"https:\\\/\\\/ecodef-ihedn.fr\\\/colloque-frs-resistance-et-dissuasion\\\/#primaryimage\"},\"thumbnailUrl\":\"https:\\\/\\\/ecodef-ihedn.fr\\\/wp-content\\\/uploads\\\/2020\\\/04\\\/capture.png\",\"keywords\":[\"dissuasion\",\"fondation pour la recherche strat\u00e9gique\",\"nucl\u00e9aire\"],\"articleSection\":[\"Actualit\u00e9s du r\u00e9seau\"],\"inLanguage\":\"en-GB\",\"potentialAction\":[{\"@type\":\"CommentAction\",\"name\":\"Comment\",\"target\":[\"https:\\\/\\\/ecodef-ihedn.fr\\\/colloque-frs-resistance-et-dissuasion\\\/#respond\"]}]},{\"@type\":\"WebPage\",\"@id\":\"https:\\\/\\\/ecodef-ihedn.fr\\\/colloque-frs-resistance-et-dissuasion\\\/\",\"url\":\"https:\\\/\\\/ecodef-ihedn.fr\\\/colloque-frs-resistance-et-dissuasion\\\/\",\"name\":\"Colloque FRS - R\u00e9sistance et Dissuasion - Chaire \u00c9conomie de d\u00e9fense - IHEDN\",\"isPartOf\":{\"@id\":\"https:\\\/\\\/ecodef-ihedn.fr\\\/#website\"},\"primaryImageOfPage\":{\"@id\":\"https:\\\/\\\/ecodef-ihedn.fr\\\/colloque-frs-resistance-et-dissuasion\\\/#primaryimage\"},\"image\":{\"@id\":\"https:\\\/\\\/ecodef-ihedn.fr\\\/colloque-frs-resistance-et-dissuasion\\\/#primaryimage\"},\"thumbnailUrl\":\"https:\\\/\\\/ecodef-ihedn.fr\\\/wp-content\\\/uploads\\\/2020\\\/04\\\/capture.png\",\"datePublished\":\"2017-08-20T00:00:00+00:00\",\"dateModified\":\"2020-04-30T10:44:20+00:00\",\"breadcrumb\":{\"@id\":\"https:\\\/\\\/ecodef-ihedn.fr\\\/colloque-frs-resistance-et-dissuasion\\\/#breadcrumb\"},\"inLanguage\":\"en-GB\",\"potentialAction\":[{\"@type\":\"ReadAction\",\"target\":[\"https:\\\/\\\/ecodef-ihedn.fr\\\/colloque-frs-resistance-et-dissuasion\\\/\"]}]},{\"@type\":\"ImageObject\",\"inLanguage\":\"en-GB\",\"@id\":\"https:\\\/\\\/ecodef-ihedn.fr\\\/colloque-frs-resistance-et-dissuasion\\\/#primaryimage\",\"url\":\"https:\\\/\\\/ecodef-ihedn.fr\\\/wp-content\\\/uploads\\\/2020\\\/04\\\/capture.png\",\"contentUrl\":\"https:\\\/\\\/ecodef-ihedn.fr\\\/wp-content\\\/uploads\\\/2020\\\/04\\\/capture.png\",\"width\":930,\"height\":311},{\"@type\":\"BreadcrumbList\",\"@id\":\"https:\\\/\\\/ecodef-ihedn.fr\\\/colloque-frs-resistance-et-dissuasion\\\/#breadcrumb\",\"itemListElement\":[{\"@type\":\"ListItem\",\"position\":1,\"name\":\"Accueil\",\"item\":\"https:\\\/\\\/ecodef-ihedn.fr\\\/\"},{\"@type\":\"ListItem\",\"position\":2,\"name\":\"Colloque FRS &#8211; R\u00e9sistance et Dissuasion\"}]},{\"@type\":\"WebSite\",\"@id\":\"https:\\\/\\\/ecodef-ihedn.fr\\\/#website\",\"url\":\"https:\\\/\\\/ecodef-ihedn.fr\\\/\",\"name\":\"Chaire \u00c9conomie de D\u00e9fense - IHEDN\",\"description\":\"Produire &amp; soutenir, f\u00e9d\u00e9rer &amp; diffuser, \u00eatre une interface\",\"publisher\":{\"@id\":\"https:\\\/\\\/ecodef-ihedn.fr\\\/#organization\"},\"potentialAction\":[{\"@type\":\"SearchAction\",\"target\":{\"@type\":\"EntryPoint\",\"urlTemplate\":\"https:\\\/\\\/ecodef-ihedn.fr\\\/?s={search_term_string}\"},\"query-input\":{\"@type\":\"PropertyValueSpecification\",\"valueRequired\":true,\"valueName\":\"search_term_string\"}}],\"inLanguage\":\"en-GB\"},{\"@type\":\"Organization\",\"@id\":\"https:\\\/\\\/ecodef-ihedn.fr\\\/#organization\",\"name\":\"Chaire \u00c9conomie de d\u00e9fense - IHEDN\",\"url\":\"https:\\\/\\\/ecodef-ihedn.fr\\\/\",\"logo\":{\"@type\":\"ImageObject\",\"inLanguage\":\"en-GB\",\"@id\":\"https:\\\/\\\/ecodef-ihedn.fr\\\/#\\\/schema\\\/logo\\\/image\\\/\",\"url\":\"https:\\\/\\\/ecodef-ihedn.fr\\\/wp-content\\\/uploads\\\/2020\\\/04\\\/logoEcodef9.jpg\",\"contentUrl\":\"https:\\\/\\\/ecodef-ihedn.fr\\\/wp-content\\\/uploads\\\/2020\\\/04\\\/logoEcodef9.jpg\",\"width\":410,\"height\":212,\"caption\":\"Chaire \u00c9conomie de d\u00e9fense - IHEDN\"},\"image\":{\"@id\":\"https:\\\/\\\/ecodef-ihedn.fr\\\/#\\\/schema\\\/logo\\\/image\\\/\"},\"sameAs\":[\"https:\\\/\\\/x.com\\\/Chaire_Ecodef\",\"https:\\\/\\\/www.linkedin.com\\\/company\\\/chaire-ecodef-ihedn\\\/\"]},{\"@type\":\"Person\",\"@id\":\"https:\\\/\\\/ecodef-ihedn.fr\\\/#\\\/schema\\\/person\\\/7b3f1a2d8fd336e0be2f9ff63ff0ebbc\",\"name\":\"dev\",\"image\":{\"@type\":\"ImageObject\",\"inLanguage\":\"en-GB\",\"@id\":\"https:\\\/\\\/secure.gravatar.com\\\/avatar\\\/f1ffcac9ca2fa95ad3ec33e9be3ade82f752acb0cabe541e56c5889225afa88a?s=96&d=mm&r=g\",\"url\":\"https:\\\/\\\/secure.gravatar.com\\\/avatar\\\/f1ffcac9ca2fa95ad3ec33e9be3ade82f752acb0cabe541e56c5889225afa88a?s=96&d=mm&r=g\",\"contentUrl\":\"https:\\\/\\\/secure.gravatar.com\\\/avatar\\\/f1ffcac9ca2fa95ad3ec33e9be3ade82f752acb0cabe541e56c5889225afa88a?s=96&d=mm&r=g\",\"caption\":\"dev\"},\"url\":\"https:\\\/\\\/ecodef-ihedn.fr\\\/en\\\/author\\\/dev\\\/\"}]}<\/script>\n<!-- \/ Yoast SEO plugin. -->","yoast_head_json":{"title":"Colloque FRS - R\u00e9sistance et Dissuasion - Chaire \u00c9conomie de d\u00e9fense - IHEDN","robots":{"index":"index","follow":"follow","max-snippet":"max-snippet:-1","max-image-preview":"max-image-preview:large","max-video-preview":"max-video-preview:-1"},"canonical":"https:\/\/ecodef-ihedn.fr\/en\/colloque-frs-resistance-et-dissuasion\/","og_locale":"en_GB","og_type":"article","og_title":"Colloque FRS - R\u00e9sistance et Dissuasion - Chaire \u00c9conomie de d\u00e9fense - IHEDN","og_description":"R\u00e9sistance et Dissuasion &#8211; des origines du programme nucl\u00e9aire fran\u00e7ais \u00e0 nos jours La Fondation pour la recherche strat\u00e9gique, avec le soutien du Commissariat \u00e0 l\u2019\u00e9nergie atomique et aux \u00e9nergies alternatives, vous invite au colloque R\u00e9sistance et Dissuasion, Des origines du programme nucl\u00e9aire fran\u00e7ais \u00e0 nos jours, qui se tiendra le jeudi 5 octobre 2017 [&hellip;]","og_url":"https:\/\/ecodef-ihedn.fr\/en\/colloque-frs-resistance-et-dissuasion\/","og_site_name":"Chaire \u00c9conomie de d\u00e9fense - IHEDN","article_published_time":"2017-08-20T00:00:00+00:00","article_modified_time":"2020-04-30T10:44:20+00:00","og_image":[{"width":930,"height":311,"url":"https:\/\/ecodef-ihedn.fr\/wp-content\/uploads\/2020\/04\/capture.png","type":"image\/png"}],"author":"dev","twitter_card":"summary_large_image","twitter_creator":"@Chaire_Ecodef","twitter_site":"@Chaire_Ecodef","twitter_misc":{"Written by":"dev","Estimated reading time":"2 minutes"},"schema":{"@context":"https:\/\/schema.org","@graph":[{"@type":"Article","@id":"https:\/\/ecodef-ihedn.fr\/colloque-frs-resistance-et-dissuasion\/#article","isPartOf":{"@id":"https:\/\/ecodef-ihedn.fr\/colloque-frs-resistance-et-dissuasion\/"},"author":{"name":"dev","@id":"https:\/\/ecodef-ihedn.fr\/#\/schema\/person\/7b3f1a2d8fd336e0be2f9ff63ff0ebbc"},"headline":"Colloque FRS &#8211; R\u00e9sistance et Dissuasion","datePublished":"2017-08-20T00:00:00+00:00","dateModified":"2020-04-30T10:44:20+00:00","mainEntityOfPage":{"@id":"https:\/\/ecodef-ihedn.fr\/colloque-frs-resistance-et-dissuasion\/"},"wordCount":407,"commentCount":0,"publisher":{"@id":"https:\/\/ecodef-ihedn.fr\/#organization"},"image":{"@id":"https:\/\/ecodef-ihedn.fr\/colloque-frs-resistance-et-dissuasion\/#primaryimage"},"thumbnailUrl":"https:\/\/ecodef-ihedn.fr\/wp-content\/uploads\/2020\/04\/capture.png","keywords":["dissuasion","fondation pour la recherche strat\u00e9gique","nucl\u00e9aire"],"articleSection":["Actualit\u00e9s du r\u00e9seau"],"inLanguage":"en-GB","potentialAction":[{"@type":"CommentAction","name":"Comment","target":["https:\/\/ecodef-ihedn.fr\/colloque-frs-resistance-et-dissuasion\/#respond"]}]},{"@type":"WebPage","@id":"https:\/\/ecodef-ihedn.fr\/colloque-frs-resistance-et-dissuasion\/","url":"https:\/\/ecodef-ihedn.fr\/colloque-frs-resistance-et-dissuasion\/","name":"Colloque FRS - R\u00e9sistance et Dissuasion - Chaire \u00c9conomie de d\u00e9fense - IHEDN","isPartOf":{"@id":"https:\/\/ecodef-ihedn.fr\/#website"},"primaryImageOfPage":{"@id":"https:\/\/ecodef-ihedn.fr\/colloque-frs-resistance-et-dissuasion\/#primaryimage"},"image":{"@id":"https:\/\/ecodef-ihedn.fr\/colloque-frs-resistance-et-dissuasion\/#primaryimage"},"thumbnailUrl":"https:\/\/ecodef-ihedn.fr\/wp-content\/uploads\/2020\/04\/capture.png","datePublished":"2017-08-20T00:00:00+00:00","dateModified":"2020-04-30T10:44:20+00:00","breadcrumb":{"@id":"https:\/\/ecodef-ihedn.fr\/colloque-frs-resistance-et-dissuasion\/#breadcrumb"},"inLanguage":"en-GB","potentialAction":[{"@type":"ReadAction","target":["https:\/\/ecodef-ihedn.fr\/colloque-frs-resistance-et-dissuasion\/"]}]},{"@type":"ImageObject","inLanguage":"en-GB","@id":"https:\/\/ecodef-ihedn.fr\/colloque-frs-resistance-et-dissuasion\/#primaryimage","url":"https:\/\/ecodef-ihedn.fr\/wp-content\/uploads\/2020\/04\/capture.png","contentUrl":"https:\/\/ecodef-ihedn.fr\/wp-content\/uploads\/2020\/04\/capture.png","width":930,"height":311},{"@type":"BreadcrumbList","@id":"https:\/\/ecodef-ihedn.fr\/colloque-frs-resistance-et-dissuasion\/#breadcrumb","itemListElement":[{"@type":"ListItem","position":1,"name":"Accueil","item":"https:\/\/ecodef-ihedn.fr\/"},{"@type":"ListItem","position":2,"name":"Colloque FRS &#8211; R\u00e9sistance et Dissuasion"}]},{"@type":"WebSite","@id":"https:\/\/ecodef-ihedn.fr\/#website","url":"https:\/\/ecodef-ihedn.fr\/","name":"Chair in Defence Economics - IHEDN","description":"Produce &amp; support, federate &amp; disseminate, act as an interface","publisher":{"@id":"https:\/\/ecodef-ihedn.fr\/#organization"},"potentialAction":[{"@type":"SearchAction","target":{"@type":"EntryPoint","urlTemplate":"https:\/\/ecodef-ihedn.fr\/?s={search_term_string}"},"query-input":{"@type":"PropertyValueSpecification","valueRequired":true,"valueName":"search_term_string"}}],"inLanguage":"en-GB"},{"@type":"Organization","@id":"https:\/\/ecodef-ihedn.fr\/#organization","name":"Chair in Defence Economics - IHEDN","url":"https:\/\/ecodef-ihedn.fr\/","logo":{"@type":"ImageObject","inLanguage":"en-GB","@id":"https:\/\/ecodef-ihedn.fr\/#\/schema\/logo\/image\/","url":"https:\/\/ecodef-ihedn.fr\/wp-content\/uploads\/2020\/04\/logoEcodef9.jpg","contentUrl":"https:\/\/ecodef-ihedn.fr\/wp-content\/uploads\/2020\/04\/logoEcodef9.jpg","width":410,"height":212,"caption":"Chaire \u00c9conomie de d\u00e9fense - IHEDN"},"image":{"@id":"https:\/\/ecodef-ihedn.fr\/#\/schema\/logo\/image\/"},"sameAs":["https:\/\/x.com\/Chaire_Ecodef","https:\/\/www.linkedin.com\/company\/chaire-ecodef-ihedn\/"]},{"@type":"Person","@id":"https:\/\/ecodef-ihedn.fr\/#\/schema\/person\/7b3f1a2d8fd336e0be2f9ff63ff0ebbc","name":"dev","image":{"@type":"ImageObject","inLanguage":"en-GB","@id":"https:\/\/secure.gravatar.com\/avatar\/f1ffcac9ca2fa95ad3ec33e9be3ade82f752acb0cabe541e56c5889225afa88a?s=96&d=mm&r=g","url":"https:\/\/secure.gravatar.com\/avatar\/f1ffcac9ca2fa95ad3ec33e9be3ade82f752acb0cabe541e56c5889225afa88a?s=96&d=mm&r=g","contentUrl":"https:\/\/secure.gravatar.com\/avatar\/f1ffcac9ca2fa95ad3ec33e9be3ade82f752acb0cabe541e56c5889225afa88a?s=96&d=mm&r=g","caption":"dev"},"url":"https:\/\/ecodef-ihedn.fr\/en\/author\/dev\/"}]}},"_links":{"self":[{"href":"https:\/\/ecodef-ihedn.fr\/en\/wp-json\/wp\/v2\/posts\/1007","targetHints":{"allow":["GET"]}}],"collection":[{"href":"https:\/\/ecodef-ihedn.fr\/en\/wp-json\/wp\/v2\/posts"}],"about":[{"href":"https:\/\/ecodef-ihedn.fr\/en\/wp-json\/wp\/v2\/types\/post"}],"author":[{"embeddable":true,"href":"https:\/\/ecodef-ihedn.fr\/en\/wp-json\/wp\/v2\/users\/1"}],"replies":[{"embeddable":true,"href":"https:\/\/ecodef-ihedn.fr\/en\/wp-json\/wp\/v2\/comments?post=1007"}],"version-history":[{"count":2,"href":"https:\/\/ecodef-ihedn.fr\/en\/wp-json\/wp\/v2\/posts\/1007\/revisions"}],"predecessor-version":[{"id":1564,"href":"https:\/\/ecodef-ihedn.fr\/en\/wp-json\/wp\/v2\/posts\/1007\/revisions\/1564"}],"wp:featuredmedia":[{"embeddable":true,"href":"https:\/\/ecodef-ihedn.fr\/en\/wp-json\/wp\/v2\/media\/1008"}],"wp:attachment":[{"href":"https:\/\/ecodef-ihedn.fr\/en\/wp-json\/wp\/v2\/media?parent=1007"}],"wp:term":[{"taxonomy":"category","embeddable":true,"href":"https:\/\/ecodef-ihedn.fr\/en\/wp-json\/wp\/v2\/categories?post=1007"},{"taxonomy":"post_tag","embeddable":true,"href":"https:\/\/ecodef-ihedn.fr\/en\/wp-json\/wp\/v2\/tags?post=1007"}],"curies":[{"name":"wp","href":"https:\/\/api.w.org\/{rel}","templated":true}]}}