{"id":1011,"date":"2017-10-26T00:00:00","date_gmt":"2017-10-26T00:00:00","guid":{"rendered":"https:\/\/ecodef-ihedn.fr\/104e-cycle-ihedn-jeunes-conference-de-josselin-droff\/"},"modified":"2020-04-09T13:02:50","modified_gmt":"2020-04-09T13:02:50","slug":"104e-cycle-ihedn-jeunes-conference-de-josselin-droff","status":"publish","type":"post","link":"https:\/\/ecodef-ihedn.fr\/en\/104e-cycle-ihedn-jeunes-conference-de-josselin-droff\/","title":{"rendered":"104th Cycle IHEDN-Jeunes: lecture by Josselin Droff"},"content":{"rendered":"<figure id=\"attachment_5787\" aria-describedby=\"caption-attachment-5787\" style=\"width: 1024px\" class=\"wp-caption alignnone\"><a href=\"https:\/\/ecodef-ihedn.fr\/wp-content\/uploads\/2020\/04\/photo_2.jpg\" target=\"_blank\" rel=\"noopener noreferrer\"><img loading=\"lazy\" decoding=\"async\" class=\"wp-image-5787 size-large\" src=\"https:\/\/ecodef-ihedn.fr\/wp-content\/uploads\/2020\/04\/photo_2-1024x797.jpg\" alt=\"\" width=\"1024\" height=\"797\" \/><\/a><figcaption id=\"caption-attachment-5787\" class=\"wp-caption-text\">Josselin Droff at the 104th Cycle IHEDN-Jeunes<\/figcaption><\/figure>\n<p>This Tuesday 24 October,<strong> Josselin Droff<\/strong>, a researcher at the Economics of Defence Chair, gave a lecture to the young trainees at the 104th IHEDN-Youth Cycle (Dijon, 23-28 October) on the theme of <strong>\u00abthe french arms industry: a tool of french influence\u00bb<\/strong>.<\/p>\n<p>These courses are aimed at around 60 to 80 students and young professionals, aged between 20 and 30, from universities and Grandes Ecoles, professional associations and unions, elected offices, the State and local civil service, public establishments and the private sector.<\/p>\n<p>For further information:\u00a0<a href=\"http:\/\/www.ihedn.fr\/formation\/cycles-ihedn-jeunes\">www.ihedn.fr\/formation\/cycles-ihedn-jeunes<\/a><\/p>","protected":false},"excerpt":{"rendered":"<p>Ce mardi 24 octobre, Josselin Droff, chercheur \u00e0 la chaire Economie de D\u00e9fense, a propos\u00e9 aux jeunes stagiaires du 104e Cycle IHEDN-Jeunes (Dijon du 23 au 28 octobre) une conf\u00e9rence sur le th\u00e8me de \u00ab\u00a0l&rsquo;industrie fran\u00e7aise d&rsquo;armement : outil de rayonnement fran\u00e7ais\u00a0\u00bb. Ces cycles sont destin\u00e9s \u00e0 environ 60 \u00e0 80 \u00e9tudiants et jeunes actifs, [&hellip;]<\/p>\n","protected":false},"author":1,"featured_media":1012,"comment_status":"open","ping_status":"open","sticky":false,"template":"","format":"standard","meta":{"footnotes":""},"categories":[356],"tags":[41,71,47,38],"class_list":{"0":"post-1011","1":"post","2":"type-post","3":"status-publish","4":"format-standard","5":"has-post-thumbnail","7":"category-activites-participation-de-la-chaire-a-un-evenement","8":"tag-conference","9":"tag-droff","10":"tag-economie-de-defense","11":"tag-ihedn"},"yoast_head":"<!-- This site is optimized with the Yoast SEO plugin v27.4 - https:\/\/yoast.com\/product\/yoast-seo-wordpress\/ -->\n<title>104e Cycle IHEDN-Jeunes : conf\u00e9rence de Josselin Droff - Chaire \u00c9conomie de d\u00e9fense - IHEDN<\/title>\n<meta name=\"robots\" content=\"index, follow, max-snippet:-1, max-image-preview:large, max-video-preview:-1\" \/>\n<link rel=\"canonical\" href=\"https:\/\/ecodef-ihedn.fr\/en\/104e-cycle-ihedn-jeunes-conference-de-josselin-droff\/\" \/>\n<meta property=\"og:locale\" content=\"en_GB\" \/>\n<meta property=\"og:type\" content=\"article\" \/>\n<meta property=\"og:title\" content=\"104e Cycle IHEDN-Jeunes : conf\u00e9rence de Josselin Droff - Chaire \u00c9conomie de d\u00e9fense - IHEDN\" \/>\n<meta property=\"og:description\" content=\"Ce mardi 24 octobre, Josselin Droff, chercheur \u00e0 la chaire Economie de D\u00e9fense, a propos\u00e9 aux jeunes stagiaires du 104e Cycle IHEDN-Jeunes (Dijon du 23 au 28 octobre) une conf\u00e9rence sur le th\u00e8me de \u00ab\u00a0l&rsquo;industrie fran\u00e7aise d&rsquo;armement : outil de rayonnement fran\u00e7ais\u00a0\u00bb. Ces cycles sont destin\u00e9s \u00e0 environ 60 \u00e0 80 \u00e9tudiants et jeunes actifs, [&hellip;]\" \/>\n<meta property=\"og:url\" content=\"https:\/\/ecodef-ihedn.fr\/en\/104e-cycle-ihedn-jeunes-conference-de-josselin-droff\/\" \/>\n<meta property=\"og:site_name\" content=\"Chaire \u00c9conomie de d\u00e9fense - IHEDN\" \/>\n<meta property=\"article:published_time\" content=\"2017-10-26T00:00:00+00:00\" \/>\n<meta property=\"article:modified_time\" content=\"2020-04-09T13:02:50+00:00\" \/>\n<meta property=\"og:image\" content=\"https:\/\/ecodef-ihedn.fr\/wp-content\/uploads\/2020\/04\/photo_2.jpg\" \/>\n\t<meta property=\"og:image:width\" content=\"2048\" \/>\n\t<meta property=\"og:image:height\" content=\"1593\" \/>\n\t<meta property=\"og:image:type\" content=\"image\/jpeg\" \/>\n<meta name=\"author\" content=\"dev\" \/>\n<meta name=\"twitter:card\" content=\"summary_large_image\" \/>\n<meta name=\"twitter:creator\" content=\"@Chaire_Ecodef\" \/>\n<meta name=\"twitter:site\" content=\"@Chaire_Ecodef\" \/>\n<meta name=\"twitter:label1\" content=\"Written by\" \/>\n\t<meta name=\"twitter:data1\" content=\"dev\" \/>\n\t<meta name=\"twitter:label2\" content=\"Estimated reading time\" \/>\n\t<meta name=\"twitter:data2\" content=\"1 minute\" \/>\n<script type=\"application\/ld+json\" class=\"yoast-schema-graph\">{\"@context\":\"https:\\\/\\\/schema.org\",\"@graph\":[{\"@type\":\"Article\",\"@id\":\"https:\\\/\\\/ecodef-ihedn.fr\\\/104e-cycle-ihedn-jeunes-conference-de-josselin-droff\\\/#article\",\"isPartOf\":{\"@id\":\"https:\\\/\\\/ecodef-ihedn.fr\\\/104e-cycle-ihedn-jeunes-conference-de-josselin-droff\\\/\"},\"author\":{\"name\":\"dev\",\"@id\":\"https:\\\/\\\/ecodef-ihedn.fr\\\/#\\\/schema\\\/person\\\/7b3f1a2d8fd336e0be2f9ff63ff0ebbc\"},\"headline\":\"104e Cycle IHEDN-Jeunes : conf\u00e9rence de Josselin Droff\",\"datePublished\":\"2017-10-26T00:00:00+00:00\",\"dateModified\":\"2020-04-09T13:02:50+00:00\",\"mainEntityOfPage\":{\"@id\":\"https:\\\/\\\/ecodef-ihedn.fr\\\/104e-cycle-ihedn-jeunes-conference-de-josselin-droff\\\/\"},\"wordCount\":119,\"commentCount\":0,\"publisher\":{\"@id\":\"https:\\\/\\\/ecodef-ihedn.fr\\\/#organization\"},\"image\":{\"@id\":\"https:\\\/\\\/ecodef-ihedn.fr\\\/104e-cycle-ihedn-jeunes-conference-de-josselin-droff\\\/#primaryimage\"},\"thumbnailUrl\":\"https:\\\/\\\/ecodef-ihedn.fr\\\/wp-content\\\/uploads\\\/2020\\\/04\\\/photo_2.jpg\",\"keywords\":[\"conf\u00e9rence\",\"Droff\",\"\u00e9conomie de d\u00e9fense\",\"IHEDN\"],\"articleSection\":[\"Activit\u00e9s : participation de la Chaire \u00e0 un \u00e9v\u00e9nement\"],\"inLanguage\":\"en-GB\",\"potentialAction\":[{\"@type\":\"CommentAction\",\"name\":\"Comment\",\"target\":[\"https:\\\/\\\/ecodef-ihedn.fr\\\/104e-cycle-ihedn-jeunes-conference-de-josselin-droff\\\/#respond\"]}]},{\"@type\":\"WebPage\",\"@id\":\"https:\\\/\\\/ecodef-ihedn.fr\\\/104e-cycle-ihedn-jeunes-conference-de-josselin-droff\\\/\",\"url\":\"https:\\\/\\\/ecodef-ihedn.fr\\\/104e-cycle-ihedn-jeunes-conference-de-josselin-droff\\\/\",\"name\":\"104e Cycle IHEDN-Jeunes : conf\u00e9rence de Josselin Droff - Chaire \u00c9conomie de d\u00e9fense - IHEDN\",\"isPartOf\":{\"@id\":\"https:\\\/\\\/ecodef-ihedn.fr\\\/#website\"},\"primaryImageOfPage\":{\"@id\":\"https:\\\/\\\/ecodef-ihedn.fr\\\/104e-cycle-ihedn-jeunes-conference-de-josselin-droff\\\/#primaryimage\"},\"image\":{\"@id\":\"https:\\\/\\\/ecodef-ihedn.fr\\\/104e-cycle-ihedn-jeunes-conference-de-josselin-droff\\\/#primaryimage\"},\"thumbnailUrl\":\"https:\\\/\\\/ecodef-ihedn.fr\\\/wp-content\\\/uploads\\\/2020\\\/04\\\/photo_2.jpg\",\"datePublished\":\"2017-10-26T00:00:00+00:00\",\"dateModified\":\"2020-04-09T13:02:50+00:00\",\"breadcrumb\":{\"@id\":\"https:\\\/\\\/ecodef-ihedn.fr\\\/104e-cycle-ihedn-jeunes-conference-de-josselin-droff\\\/#breadcrumb\"},\"inLanguage\":\"en-GB\",\"potentialAction\":[{\"@type\":\"ReadAction\",\"target\":[\"https:\\\/\\\/ecodef-ihedn.fr\\\/104e-cycle-ihedn-jeunes-conference-de-josselin-droff\\\/\"]}]},{\"@type\":\"ImageObject\",\"inLanguage\":\"en-GB\",\"@id\":\"https:\\\/\\\/ecodef-ihedn.fr\\\/104e-cycle-ihedn-jeunes-conference-de-josselin-droff\\\/#primaryimage\",\"url\":\"https:\\\/\\\/ecodef-ihedn.fr\\\/wp-content\\\/uploads\\\/2020\\\/04\\\/photo_2.jpg\",\"contentUrl\":\"https:\\\/\\\/ecodef-ihedn.fr\\\/wp-content\\\/uploads\\\/2020\\\/04\\\/photo_2.jpg\",\"width\":2048,\"height\":1593},{\"@type\":\"BreadcrumbList\",\"@id\":\"https:\\\/\\\/ecodef-ihedn.fr\\\/104e-cycle-ihedn-jeunes-conference-de-josselin-droff\\\/#breadcrumb\",\"itemListElement\":[{\"@type\":\"ListItem\",\"position\":1,\"name\":\"Accueil\",\"item\":\"https:\\\/\\\/ecodef-ihedn.fr\\\/\"},{\"@type\":\"ListItem\",\"position\":2,\"name\":\"104e Cycle IHEDN-Jeunes : conf\u00e9rence de Josselin Droff\"}]},{\"@type\":\"WebSite\",\"@id\":\"https:\\\/\\\/ecodef-ihedn.fr\\\/#website\",\"url\":\"https:\\\/\\\/ecodef-ihedn.fr\\\/\",\"name\":\"Chaire \u00c9conomie de D\u00e9fense - IHEDN\",\"description\":\"Produire &amp; soutenir, f\u00e9d\u00e9rer &amp; diffuser, \u00eatre une interface\",\"publisher\":{\"@id\":\"https:\\\/\\\/ecodef-ihedn.fr\\\/#organization\"},\"potentialAction\":[{\"@type\":\"SearchAction\",\"target\":{\"@type\":\"EntryPoint\",\"urlTemplate\":\"https:\\\/\\\/ecodef-ihedn.fr\\\/?s={search_term_string}\"},\"query-input\":{\"@type\":\"PropertyValueSpecification\",\"valueRequired\":true,\"valueName\":\"search_term_string\"}}],\"inLanguage\":\"en-GB\"},{\"@type\":\"Organization\",\"@id\":\"https:\\\/\\\/ecodef-ihedn.fr\\\/#organization\",\"name\":\"Chaire \u00c9conomie de d\u00e9fense - IHEDN\",\"url\":\"https:\\\/\\\/ecodef-ihedn.fr\\\/\",\"logo\":{\"@type\":\"ImageObject\",\"inLanguage\":\"en-GB\",\"@id\":\"https:\\\/\\\/ecodef-ihedn.fr\\\/#\\\/schema\\\/logo\\\/image\\\/\",\"url\":\"https:\\\/\\\/ecodef-ihedn.fr\\\/wp-content\\\/uploads\\\/2020\\\/04\\\/logoEcodef9.jpg\",\"contentUrl\":\"https:\\\/\\\/ecodef-ihedn.fr\\\/wp-content\\\/uploads\\\/2020\\\/04\\\/logoEcodef9.jpg\",\"width\":410,\"height\":212,\"caption\":\"Chaire \u00c9conomie de d\u00e9fense - IHEDN\"},\"image\":{\"@id\":\"https:\\\/\\\/ecodef-ihedn.fr\\\/#\\\/schema\\\/logo\\\/image\\\/\"},\"sameAs\":[\"https:\\\/\\\/x.com\\\/Chaire_Ecodef\",\"https:\\\/\\\/www.linkedin.com\\\/company\\\/chaire-ecodef-ihedn\\\/\"]},{\"@type\":\"Person\",\"@id\":\"https:\\\/\\\/ecodef-ihedn.fr\\\/#\\\/schema\\\/person\\\/7b3f1a2d8fd336e0be2f9ff63ff0ebbc\",\"name\":\"dev\",\"image\":{\"@type\":\"ImageObject\",\"inLanguage\":\"en-GB\",\"@id\":\"https:\\\/\\\/secure.gravatar.com\\\/avatar\\\/f1ffcac9ca2fa95ad3ec33e9be3ade82f752acb0cabe541e56c5889225afa88a?s=96&d=mm&r=g\",\"url\":\"https:\\\/\\\/secure.gravatar.com\\\/avatar\\\/f1ffcac9ca2fa95ad3ec33e9be3ade82f752acb0cabe541e56c5889225afa88a?s=96&d=mm&r=g\",\"contentUrl\":\"https:\\\/\\\/secure.gravatar.com\\\/avatar\\\/f1ffcac9ca2fa95ad3ec33e9be3ade82f752acb0cabe541e56c5889225afa88a?s=96&d=mm&r=g\",\"caption\":\"dev\"},\"url\":\"https:\\\/\\\/ecodef-ihedn.fr\\\/en\\\/author\\\/dev\\\/\"}]}<\/script>\n<!-- \/ Yoast SEO plugin. -->","yoast_head_json":{"title":"104e Cycle IHEDN-Jeunes : conf\u00e9rence de Josselin Droff - Chaire \u00c9conomie de d\u00e9fense - IHEDN","robots":{"index":"index","follow":"follow","max-snippet":"max-snippet:-1","max-image-preview":"max-image-preview:large","max-video-preview":"max-video-preview:-1"},"canonical":"https:\/\/ecodef-ihedn.fr\/en\/104e-cycle-ihedn-jeunes-conference-de-josselin-droff\/","og_locale":"en_GB","og_type":"article","og_title":"104e Cycle IHEDN-Jeunes : conf\u00e9rence de Josselin Droff - Chaire \u00c9conomie de d\u00e9fense - IHEDN","og_description":"Ce mardi 24 octobre, Josselin Droff, chercheur \u00e0 la chaire Economie de D\u00e9fense, a propos\u00e9 aux jeunes stagiaires du 104e Cycle IHEDN-Jeunes (Dijon du 23 au 28 octobre) une conf\u00e9rence sur le th\u00e8me de \u00ab\u00a0l&rsquo;industrie fran\u00e7aise d&rsquo;armement : outil de rayonnement fran\u00e7ais\u00a0\u00bb. Ces cycles sont destin\u00e9s \u00e0 environ 60 \u00e0 80 \u00e9tudiants et jeunes actifs, [&hellip;]","og_url":"https:\/\/ecodef-ihedn.fr\/en\/104e-cycle-ihedn-jeunes-conference-de-josselin-droff\/","og_site_name":"Chaire \u00c9conomie de d\u00e9fense - IHEDN","article_published_time":"2017-10-26T00:00:00+00:00","article_modified_time":"2020-04-09T13:02:50+00:00","og_image":[{"width":2048,"height":1593,"url":"https:\/\/ecodef-ihedn.fr\/wp-content\/uploads\/2020\/04\/photo_2.jpg","type":"image\/jpeg"}],"author":"dev","twitter_card":"summary_large_image","twitter_creator":"@Chaire_Ecodef","twitter_site":"@Chaire_Ecodef","twitter_misc":{"Written by":"dev","Estimated reading time":"1 minute"},"schema":{"@context":"https:\/\/schema.org","@graph":[{"@type":"Article","@id":"https:\/\/ecodef-ihedn.fr\/104e-cycle-ihedn-jeunes-conference-de-josselin-droff\/#article","isPartOf":{"@id":"https:\/\/ecodef-ihedn.fr\/104e-cycle-ihedn-jeunes-conference-de-josselin-droff\/"},"author":{"name":"dev","@id":"https:\/\/ecodef-ihedn.fr\/#\/schema\/person\/7b3f1a2d8fd336e0be2f9ff63ff0ebbc"},"headline":"104e Cycle IHEDN-Jeunes : conf\u00e9rence de Josselin Droff","datePublished":"2017-10-26T00:00:00+00:00","dateModified":"2020-04-09T13:02:50+00:00","mainEntityOfPage":{"@id":"https:\/\/ecodef-ihedn.fr\/104e-cycle-ihedn-jeunes-conference-de-josselin-droff\/"},"wordCount":119,"commentCount":0,"publisher":{"@id":"https:\/\/ecodef-ihedn.fr\/#organization"},"image":{"@id":"https:\/\/ecodef-ihedn.fr\/104e-cycle-ihedn-jeunes-conference-de-josselin-droff\/#primaryimage"},"thumbnailUrl":"https:\/\/ecodef-ihedn.fr\/wp-content\/uploads\/2020\/04\/photo_2.jpg","keywords":["conf\u00e9rence","Droff","\u00e9conomie de d\u00e9fense","IHEDN"],"articleSection":["Activit\u00e9s : participation de la Chaire \u00e0 un \u00e9v\u00e9nement"],"inLanguage":"en-GB","potentialAction":[{"@type":"CommentAction","name":"Comment","target":["https:\/\/ecodef-ihedn.fr\/104e-cycle-ihedn-jeunes-conference-de-josselin-droff\/#respond"]}]},{"@type":"WebPage","@id":"https:\/\/ecodef-ihedn.fr\/104e-cycle-ihedn-jeunes-conference-de-josselin-droff\/","url":"https:\/\/ecodef-ihedn.fr\/104e-cycle-ihedn-jeunes-conference-de-josselin-droff\/","name":"104e Cycle IHEDN-Jeunes : conf\u00e9rence de Josselin Droff - Chaire \u00c9conomie de d\u00e9fense - IHEDN","isPartOf":{"@id":"https:\/\/ecodef-ihedn.fr\/#website"},"primaryImageOfPage":{"@id":"https:\/\/ecodef-ihedn.fr\/104e-cycle-ihedn-jeunes-conference-de-josselin-droff\/#primaryimage"},"image":{"@id":"https:\/\/ecodef-ihedn.fr\/104e-cycle-ihedn-jeunes-conference-de-josselin-droff\/#primaryimage"},"thumbnailUrl":"https:\/\/ecodef-ihedn.fr\/wp-content\/uploads\/2020\/04\/photo_2.jpg","datePublished":"2017-10-26T00:00:00+00:00","dateModified":"2020-04-09T13:02:50+00:00","breadcrumb":{"@id":"https:\/\/ecodef-ihedn.fr\/104e-cycle-ihedn-jeunes-conference-de-josselin-droff\/#breadcrumb"},"inLanguage":"en-GB","potentialAction":[{"@type":"ReadAction","target":["https:\/\/ecodef-ihedn.fr\/104e-cycle-ihedn-jeunes-conference-de-josselin-droff\/"]}]},{"@type":"ImageObject","inLanguage":"en-GB","@id":"https:\/\/ecodef-ihedn.fr\/104e-cycle-ihedn-jeunes-conference-de-josselin-droff\/#primaryimage","url":"https:\/\/ecodef-ihedn.fr\/wp-content\/uploads\/2020\/04\/photo_2.jpg","contentUrl":"https:\/\/ecodef-ihedn.fr\/wp-content\/uploads\/2020\/04\/photo_2.jpg","width":2048,"height":1593},{"@type":"BreadcrumbList","@id":"https:\/\/ecodef-ihedn.fr\/104e-cycle-ihedn-jeunes-conference-de-josselin-droff\/#breadcrumb","itemListElement":[{"@type":"ListItem","position":1,"name":"Accueil","item":"https:\/\/ecodef-ihedn.fr\/"},{"@type":"ListItem","position":2,"name":"104e Cycle IHEDN-Jeunes : conf\u00e9rence de Josselin Droff"}]},{"@type":"WebSite","@id":"https:\/\/ecodef-ihedn.fr\/#website","url":"https:\/\/ecodef-ihedn.fr\/","name":"Chair in Defence Economics - IHEDN","description":"Produce &amp; support, federate &amp; disseminate, act as an interface","publisher":{"@id":"https:\/\/ecodef-ihedn.fr\/#organization"},"potentialAction":[{"@type":"SearchAction","target":{"@type":"EntryPoint","urlTemplate":"https:\/\/ecodef-ihedn.fr\/?s={search_term_string}"},"query-input":{"@type":"PropertyValueSpecification","valueRequired":true,"valueName":"search_term_string"}}],"inLanguage":"en-GB"},{"@type":"Organization","@id":"https:\/\/ecodef-ihedn.fr\/#organization","name":"Chair in Defence Economics - IHEDN","url":"https:\/\/ecodef-ihedn.fr\/","logo":{"@type":"ImageObject","inLanguage":"en-GB","@id":"https:\/\/ecodef-ihedn.fr\/#\/schema\/logo\/image\/","url":"https:\/\/ecodef-ihedn.fr\/wp-content\/uploads\/2020\/04\/logoEcodef9.jpg","contentUrl":"https:\/\/ecodef-ihedn.fr\/wp-content\/uploads\/2020\/04\/logoEcodef9.jpg","width":410,"height":212,"caption":"Chaire \u00c9conomie de d\u00e9fense - IHEDN"},"image":{"@id":"https:\/\/ecodef-ihedn.fr\/#\/schema\/logo\/image\/"},"sameAs":["https:\/\/x.com\/Chaire_Ecodef","https:\/\/www.linkedin.com\/company\/chaire-ecodef-ihedn\/"]},{"@type":"Person","@id":"https:\/\/ecodef-ihedn.fr\/#\/schema\/person\/7b3f1a2d8fd336e0be2f9ff63ff0ebbc","name":"dev","image":{"@type":"ImageObject","inLanguage":"en-GB","@id":"https:\/\/secure.gravatar.com\/avatar\/f1ffcac9ca2fa95ad3ec33e9be3ade82f752acb0cabe541e56c5889225afa88a?s=96&d=mm&r=g","url":"https:\/\/secure.gravatar.com\/avatar\/f1ffcac9ca2fa95ad3ec33e9be3ade82f752acb0cabe541e56c5889225afa88a?s=96&d=mm&r=g","contentUrl":"https:\/\/secure.gravatar.com\/avatar\/f1ffcac9ca2fa95ad3ec33e9be3ade82f752acb0cabe541e56c5889225afa88a?s=96&d=mm&r=g","caption":"dev"},"url":"https:\/\/ecodef-ihedn.fr\/en\/author\/dev\/"}]}},"_links":{"self":[{"href":"https:\/\/ecodef-ihedn.fr\/en\/wp-json\/wp\/v2\/posts\/1011","targetHints":{"allow":["GET"]}}],"collection":[{"href":"https:\/\/ecodef-ihedn.fr\/en\/wp-json\/wp\/v2\/posts"}],"about":[{"href":"https:\/\/ecodef-ihedn.fr\/en\/wp-json\/wp\/v2\/types\/post"}],"author":[{"embeddable":true,"href":"https:\/\/ecodef-ihedn.fr\/en\/wp-json\/wp\/v2\/users\/1"}],"replies":[{"embeddable":true,"href":"https:\/\/ecodef-ihedn.fr\/en\/wp-json\/wp\/v2\/comments?post=1011"}],"version-history":[{"count":2,"href":"https:\/\/ecodef-ihedn.fr\/en\/wp-json\/wp\/v2\/posts\/1011\/revisions"}],"predecessor-version":[{"id":1563,"href":"https:\/\/ecodef-ihedn.fr\/en\/wp-json\/wp\/v2\/posts\/1011\/revisions\/1563"}],"wp:featuredmedia":[{"embeddable":true,"href":"https:\/\/ecodef-ihedn.fr\/en\/wp-json\/wp\/v2\/media\/1012"}],"wp:attachment":[{"href":"https:\/\/ecodef-ihedn.fr\/en\/wp-json\/wp\/v2\/media?parent=1011"}],"wp:term":[{"taxonomy":"category","embeddable":true,"href":"https:\/\/ecodef-ihedn.fr\/en\/wp-json\/wp\/v2\/categories?post=1011"},{"taxonomy":"post_tag","embeddable":true,"href":"https:\/\/ecodef-ihedn.fr\/en\/wp-json\/wp\/v2\/tags?post=1011"}],"curies":[{"name":"wp","href":"https:\/\/api.w.org\/{rel}","templated":true}]}}