{"id":1025,"date":"2017-10-30T00:00:00","date_gmt":"2017-10-30T00:00:00","guid":{"rendered":"https:\/\/ecodef-ihedn.fr\/conference-sur-le-financement-de-la-defense-le-16-novembre-2017\/"},"modified":"2020-04-09T13:02:41","modified_gmt":"2020-04-09T13:02:41","slug":"conference-sur-le-financement-de-la-defense-le-16-novembre-2017","status":"publish","type":"post","link":"https:\/\/ecodef-ihedn.fr\/en\/conference-sur-le-financement-de-la-defense-le-16-novembre-2017\/","title":{"rendered":"Conference on \u00abDefence Funding\u00bb on 16 November 2017:"},"content":{"rendered":"<h2 style=\"text-align: center\"><strong><a href=\"https:\/\/ecodef-ihedn.fr\/wp-content\/uploads\/2020\/04\/logo-inverse.png\"><img loading=\"lazy\" decoding=\"async\" class=\"wp-image-5815 aligncenter\" src=\"https:\/\/ecodef-ihedn.fr\/wp-content\/uploads\/2020\/04\/logo-inverse-300x206.png\" alt=\"\" width=\"264\" height=\"181\" \/><\/a><\/strong><\/h2>\n<h2 style=\"text-align: center\"><strong>Thursday 16 November 2017\u00a0<\/strong><strong>from 2.30 p.m. to 6 p.m.<\/strong><\/h2>\n<p style=\"text-align: center\">Dear Sir or Madam,<\/p>\n<p style=\"text-align: center\">The Ministry of the Armed Forces and the IHEDN Chair in Defence Economics invite you to take part in the following events<br \/>\n<strong>at the Maison de la Chimie, 28 rue Saint-Dominique 75007 Paris,<\/strong><br \/>\nat their annual conference, with the participation of the Minister of the Armed Forces and the Chairman of the National Defence and Armed Forces Committee, on the theme :<\/p>\n<h1 style=\"text-align: center\"><span style=\"color: #016666\">Defence funding :<\/span><br \/>\n<span style=\"color: #016666\"> What solutions for what needs?<\/span><\/h1>\n<h2 style=\"text-align: center\"><u> <\/u><span style=\"color: #000000\"><strong>2.30pm: Opening of the room<\/strong><\/span><\/h2>\n<p style=\"text-align: center\"><span style=\"color: #000000\"><strong>Opening address Christian de Boissieu <\/strong><\/span><br \/>\n<span style=\"color: #000000\"><strong> Chairman of the Scientific Council of the Chair in Defence Economics<\/strong><\/span><\/p>\n<h3 style=\"text-align: center\"><strong>ROUND TABLE 1: FINANCING REQUIREMENTS<\/strong><\/h3>\n<p style=\"text-align: center\"><em><strong>- What is the context and what strategic autonomy retained by the 2017 Strategic Review?<\/strong> <\/em><br \/>\n<strong>Guillaume Schlumberger<\/strong> (Directorate General for International Relations and Strategy, Ministry of Defence)<\/p>\n<p style=\"text-align: center\"><strong><em>- What are the operational requirements to meet the objectives set by the strategic review?<\/em><\/strong><br \/>\n<strong>General Vincent Carr\u00e9<\/strong> (Military Staff)<\/p>\n<p style=\"text-align: center\"><strong><em>- What industrial needs do we have to meet the objectives set by the strategic review?<\/em><\/strong><br \/>\n<strong>Philippe Duhamel<\/strong> (Thales)<\/p>\n<p style=\"text-align: center\"><strong><em>- From needs analysis to financial planning.<\/em><\/strong><br \/>\n<strong>Christophe Mauriet<\/strong> (Financial Affairs Directorate, Ministry of Defence)<\/p>\n<p style=\"text-align: center\"><span style=\"color: #000000\"><strong>Speech by Jean-Jacques Bridey<\/strong><\/span><br \/>\n<span style=\"color: #000000\"><strong>Chairman of the National Assembly's Committee on National Defence and Armed Forces<\/strong><\/span><\/p>\n<h3 style=\"text-align: center\"><strong>ROUND TABLE 2: TYPES OF FINANCING<\/strong><\/h3>\n<p style=\"text-align: center\"><strong><em>- What specific actions is the DGA taking?<\/em><\/strong><br \/>\n<strong>Bertrand Le Meur<\/strong> (Directorate General of Armaments, Ministry of Defence)<\/p>\n<p style=\"text-align: center\"><strong><em>- How are our main partners financed?<\/em><\/strong><br \/>\n<strong>Jean Belin<\/strong> (Chair of Defence Economics, IHEDN)<\/p>\n<p style=\"text-align: center\"><strong><em>- What are the current and future contributions of European cooperation?<\/em><\/strong><br \/>\n<strong>Olivier Martin<\/strong>\u00a0(MBDA)<\/p>\n<p style=\"text-align: center\"><strong><em>- How can exports help maintain France's DTIB?<\/em><\/strong><br \/>\n<strong>Jean-Yves Battesti<\/strong> (Naval Group)<\/p>\n<p style=\"text-align: center\"><strong><span style=\"color: #000000\">Closing address <\/span><\/strong><br \/>\n<span style=\"color: #000000\"><strong>Florence Parly<\/strong><\/span><br \/>\n<span style=\"color: #000000\"><strong> Minister for the Armed Forces<\/strong><\/span><\/p>\n<h2 style=\"text-align: center\"><span style=\"color: #000080\"><u><strong>For military personnel: B2 joint uniform<\/strong><\/u><\/span><\/h2>\n<p>&nbsp;<\/p>\n<p style=\"text-align: center\"><span style=\"font-family: Calibri;font-size: large\"><strong>Contacts: <\/strong><\/span><a href=\"mailto:chaire.ecodef@fdd-ihedn.fr\"><span style=\"font-family: Calibri;font-size: large\">chaire.ecodef@fdd-ihedn.fr<\/span><\/a><span style=\"font-family: Calibri;font-size: large\"> or <\/span><a href=\"mailto:daf.oed.fct@intradef.gouv.fr\"><span style=\"font-family: Calibri;font-size: large\">daf.oed.fct@intradef.gouv.fr<\/span><\/a><\/p>\n<p align=\"center\"><span style=\"font-family: Calibri\"><strong><span style=\"font-size: large\">Follow us on Twitter <\/span><\/strong><a href=\"https:\/\/twitter.com\/@Chaire_Ecodef\"><strong><span style=\"font-size: large\">(@Chaire_Ecodef<\/span><\/strong><\/a><strong><span style=\"font-size: large\">)<\/span><\/strong><\/span><\/p>","protected":false},"excerpt":{"rendered":"<p>Jeudi 16 novembre 2017\u00a0de 14h30 \u00e0 18h Ch\u00e8re Madame, cher Monsieur, Le Minist\u00e8re des Arm\u00e9es et la Chaire \u00c9conomie de D\u00e9fense de l&rsquo;IHEDN vous invitent \u00e0 participer \u00e0 la Maison de la Chimie, 28 rue Saint-Dominique 75007 Paris, \u00e0 leur Conf\u00e9rence annuelle, avec la participation de la Ministre des Arm\u00e9es et du Pr\u00e9sident de la [&hellip;]<\/p>\n","protected":false},"author":1,"featured_media":1026,"comment_status":"open","ping_status":"open","sticky":false,"template":"","format":"standard","meta":{"footnotes":""},"categories":[355],"tags":[72,57,49,73,41,36,58,37,47,74,38,42,75,53,43,76],"class_list":{"0":"post-1025","1":"post","2":"type-post","3":"status-publish","4":"format-standard","5":"has-post-thumbnail","7":"category-activites-evenements-portes-par-la-chaire","8":"tag-armees","9":"tag-armement","10":"tag-commerce-mondial-des-armes","11":"tag-commission","12":"tag-conference","13":"tag-defense","14":"tag-depenses-militaires","15":"tag-economie","16":"tag-economie-de-defense","17":"tag-financement","18":"tag-ihedn","19":"tag-industrie","20":"tag-investissement","21":"tag-les-marches-de-defense","22":"tag-militaire","23":"tag-ministre"},"yoast_head":"<!-- This site is optimized with the Yoast SEO plugin v27.4 - https:\/\/yoast.com\/product\/yoast-seo-wordpress\/ -->\n<title>Conf\u00e9rence sur &quot;Le financement de la d\u00e9fense&quot; le 16 novembre 2017 : - Chaire \u00c9conomie de d\u00e9fense - IHEDN<\/title>\n<meta name=\"robots\" content=\"index, follow, max-snippet:-1, max-image-preview:large, max-video-preview:-1\" \/>\n<link rel=\"canonical\" href=\"https:\/\/ecodef-ihedn.fr\/en\/conference-sur-le-financement-de-la-defense-le-16-novembre-2017\/\" \/>\n<meta property=\"og:locale\" content=\"en_GB\" \/>\n<meta property=\"og:type\" content=\"article\" \/>\n<meta property=\"og:title\" content=\"Conf\u00e9rence sur &quot;Le financement de la d\u00e9fense&quot; le 16 novembre 2017 : - Chaire \u00c9conomie de d\u00e9fense - IHEDN\" \/>\n<meta property=\"og:description\" content=\"Jeudi 16 novembre 2017\u00a0de 14h30 \u00e0 18h Ch\u00e8re Madame, cher Monsieur, Le Minist\u00e8re des Arm\u00e9es et la Chaire \u00c9conomie de D\u00e9fense de l&rsquo;IHEDN vous invitent \u00e0 participer \u00e0 la Maison de la Chimie, 28 rue Saint-Dominique 75007 Paris, \u00e0 leur Conf\u00e9rence annuelle, avec la participation de la Ministre des Arm\u00e9es et du Pr\u00e9sident de la [&hellip;]\" \/>\n<meta property=\"og:url\" content=\"https:\/\/ecodef-ihedn.fr\/en\/conference-sur-le-financement-de-la-defense-le-16-novembre-2017\/\" \/>\n<meta property=\"og:site_name\" content=\"Chaire \u00c9conomie de d\u00e9fense - IHEDN\" \/>\n<meta property=\"article:published_time\" content=\"2017-10-30T00:00:00+00:00\" \/>\n<meta property=\"article:modified_time\" content=\"2020-04-09T13:02:41+00:00\" \/>\n<meta property=\"og:image\" content=\"https:\/\/ecodef-ihedn.fr\/wp-content\/uploads\/2020\/04\/logo-inverse.png\" \/>\n\t<meta property=\"og:image:width\" content=\"972\" \/>\n\t<meta property=\"og:image:height\" content=\"667\" \/>\n\t<meta property=\"og:image:type\" content=\"image\/png\" \/>\n<meta name=\"author\" content=\"dev\" \/>\n<meta name=\"twitter:card\" content=\"summary_large_image\" \/>\n<meta name=\"twitter:creator\" content=\"@Chaire_Ecodef\" \/>\n<meta name=\"twitter:site\" content=\"@Chaire_Ecodef\" \/>\n<meta name=\"twitter:label1\" content=\"Written by\" \/>\n\t<meta name=\"twitter:data1\" content=\"dev\" \/>\n\t<meta name=\"twitter:label2\" content=\"Estimated reading time\" \/>\n\t<meta name=\"twitter:data2\" content=\"2 minutes\" \/>\n<script type=\"application\/ld+json\" class=\"yoast-schema-graph\">{\"@context\":\"https:\\\/\\\/schema.org\",\"@graph\":[{\"@type\":\"Article\",\"@id\":\"https:\\\/\\\/ecodef-ihedn.fr\\\/conference-sur-le-financement-de-la-defense-le-16-novembre-2017\\\/#article\",\"isPartOf\":{\"@id\":\"https:\\\/\\\/ecodef-ihedn.fr\\\/conference-sur-le-financement-de-la-defense-le-16-novembre-2017\\\/\"},\"author\":{\"name\":\"dev\",\"@id\":\"https:\\\/\\\/ecodef-ihedn.fr\\\/#\\\/schema\\\/person\\\/7b3f1a2d8fd336e0be2f9ff63ff0ebbc\"},\"headline\":\"Conf\u00e9rence sur \u00ab\u00a0Le financement de la d\u00e9fense\u00a0\u00bb le 16 novembre 2017 :\",\"datePublished\":\"2017-10-30T00:00:00+00:00\",\"dateModified\":\"2020-04-09T13:02:41+00:00\",\"mainEntityOfPage\":{\"@id\":\"https:\\\/\\\/ecodef-ihedn.fr\\\/conference-sur-le-financement-de-la-defense-le-16-novembre-2017\\\/\"},\"wordCount\":359,\"commentCount\":0,\"publisher\":{\"@id\":\"https:\\\/\\\/ecodef-ihedn.fr\\\/#organization\"},\"image\":{\"@id\":\"https:\\\/\\\/ecodef-ihedn.fr\\\/conference-sur-le-financement-de-la-defense-le-16-novembre-2017\\\/#primaryimage\"},\"thumbnailUrl\":\"https:\\\/\\\/ecodef-ihedn.fr\\\/wp-content\\\/uploads\\\/2020\\\/04\\\/logo-inverse.png\",\"keywords\":[\"arm\u00e9es\",\"armement\",\"commerce mondial des armes\",\"commission\",\"conf\u00e9rence\",\"D\u00e9fense\",\"d\u00e9penses militaires\",\"\u00e9conomie\",\"\u00e9conomie de d\u00e9fense\",\"financement\",\"IHEDN\",\"industrie\",\"investissement\",\"les march\u00e9s de d\u00e9fense\",\"militaire\",\"ministre\"],\"articleSection\":[\"Activit\u00e9s : \u00e9v\u00e9nements port\u00e9s par la Chaire\"],\"inLanguage\":\"en-GB\",\"potentialAction\":[{\"@type\":\"CommentAction\",\"name\":\"Comment\",\"target\":[\"https:\\\/\\\/ecodef-ihedn.fr\\\/conference-sur-le-financement-de-la-defense-le-16-novembre-2017\\\/#respond\"]}]},{\"@type\":\"WebPage\",\"@id\":\"https:\\\/\\\/ecodef-ihedn.fr\\\/conference-sur-le-financement-de-la-defense-le-16-novembre-2017\\\/\",\"url\":\"https:\\\/\\\/ecodef-ihedn.fr\\\/conference-sur-le-financement-de-la-defense-le-16-novembre-2017\\\/\",\"name\":\"Conf\u00e9rence sur \\\"Le financement de la d\u00e9fense\\\" le 16 novembre 2017 : - Chaire \u00c9conomie de d\u00e9fense - IHEDN\",\"isPartOf\":{\"@id\":\"https:\\\/\\\/ecodef-ihedn.fr\\\/#website\"},\"primaryImageOfPage\":{\"@id\":\"https:\\\/\\\/ecodef-ihedn.fr\\\/conference-sur-le-financement-de-la-defense-le-16-novembre-2017\\\/#primaryimage\"},\"image\":{\"@id\":\"https:\\\/\\\/ecodef-ihedn.fr\\\/conference-sur-le-financement-de-la-defense-le-16-novembre-2017\\\/#primaryimage\"},\"thumbnailUrl\":\"https:\\\/\\\/ecodef-ihedn.fr\\\/wp-content\\\/uploads\\\/2020\\\/04\\\/logo-inverse.png\",\"datePublished\":\"2017-10-30T00:00:00+00:00\",\"dateModified\":\"2020-04-09T13:02:41+00:00\",\"breadcrumb\":{\"@id\":\"https:\\\/\\\/ecodef-ihedn.fr\\\/conference-sur-le-financement-de-la-defense-le-16-novembre-2017\\\/#breadcrumb\"},\"inLanguage\":\"en-GB\",\"potentialAction\":[{\"@type\":\"ReadAction\",\"target\":[\"https:\\\/\\\/ecodef-ihedn.fr\\\/conference-sur-le-financement-de-la-defense-le-16-novembre-2017\\\/\"]}]},{\"@type\":\"ImageObject\",\"inLanguage\":\"en-GB\",\"@id\":\"https:\\\/\\\/ecodef-ihedn.fr\\\/conference-sur-le-financement-de-la-defense-le-16-novembre-2017\\\/#primaryimage\",\"url\":\"https:\\\/\\\/ecodef-ihedn.fr\\\/wp-content\\\/uploads\\\/2020\\\/04\\\/logo-inverse.png\",\"contentUrl\":\"https:\\\/\\\/ecodef-ihedn.fr\\\/wp-content\\\/uploads\\\/2020\\\/04\\\/logo-inverse.png\",\"width\":972,\"height\":667},{\"@type\":\"BreadcrumbList\",\"@id\":\"https:\\\/\\\/ecodef-ihedn.fr\\\/conference-sur-le-financement-de-la-defense-le-16-novembre-2017\\\/#breadcrumb\",\"itemListElement\":[{\"@type\":\"ListItem\",\"position\":1,\"name\":\"Accueil\",\"item\":\"https:\\\/\\\/ecodef-ihedn.fr\\\/\"},{\"@type\":\"ListItem\",\"position\":2,\"name\":\"Conf\u00e9rence sur &#8220;Le financement de la d\u00e9fense&#8221; le 16 novembre 2017 :\"}]},{\"@type\":\"WebSite\",\"@id\":\"https:\\\/\\\/ecodef-ihedn.fr\\\/#website\",\"url\":\"https:\\\/\\\/ecodef-ihedn.fr\\\/\",\"name\":\"Chaire \u00c9conomie de D\u00e9fense - IHEDN\",\"description\":\"Produire &amp; soutenir, f\u00e9d\u00e9rer &amp; diffuser, \u00eatre une interface\",\"publisher\":{\"@id\":\"https:\\\/\\\/ecodef-ihedn.fr\\\/#organization\"},\"potentialAction\":[{\"@type\":\"SearchAction\",\"target\":{\"@type\":\"EntryPoint\",\"urlTemplate\":\"https:\\\/\\\/ecodef-ihedn.fr\\\/?s={search_term_string}\"},\"query-input\":{\"@type\":\"PropertyValueSpecification\",\"valueRequired\":true,\"valueName\":\"search_term_string\"}}],\"inLanguage\":\"en-GB\"},{\"@type\":\"Organization\",\"@id\":\"https:\\\/\\\/ecodef-ihedn.fr\\\/#organization\",\"name\":\"Chaire \u00c9conomie de d\u00e9fense - IHEDN\",\"url\":\"https:\\\/\\\/ecodef-ihedn.fr\\\/\",\"logo\":{\"@type\":\"ImageObject\",\"inLanguage\":\"en-GB\",\"@id\":\"https:\\\/\\\/ecodef-ihedn.fr\\\/#\\\/schema\\\/logo\\\/image\\\/\",\"url\":\"https:\\\/\\\/ecodef-ihedn.fr\\\/wp-content\\\/uploads\\\/2020\\\/04\\\/logoEcodef9.jpg\",\"contentUrl\":\"https:\\\/\\\/ecodef-ihedn.fr\\\/wp-content\\\/uploads\\\/2020\\\/04\\\/logoEcodef9.jpg\",\"width\":410,\"height\":212,\"caption\":\"Chaire \u00c9conomie de d\u00e9fense - IHEDN\"},\"image\":{\"@id\":\"https:\\\/\\\/ecodef-ihedn.fr\\\/#\\\/schema\\\/logo\\\/image\\\/\"},\"sameAs\":[\"https:\\\/\\\/x.com\\\/Chaire_Ecodef\",\"https:\\\/\\\/www.linkedin.com\\\/company\\\/chaire-ecodef-ihedn\\\/\"]},{\"@type\":\"Person\",\"@id\":\"https:\\\/\\\/ecodef-ihedn.fr\\\/#\\\/schema\\\/person\\\/7b3f1a2d8fd336e0be2f9ff63ff0ebbc\",\"name\":\"dev\",\"image\":{\"@type\":\"ImageObject\",\"inLanguage\":\"en-GB\",\"@id\":\"https:\\\/\\\/secure.gravatar.com\\\/avatar\\\/f1ffcac9ca2fa95ad3ec33e9be3ade82f752acb0cabe541e56c5889225afa88a?s=96&d=mm&r=g\",\"url\":\"https:\\\/\\\/secure.gravatar.com\\\/avatar\\\/f1ffcac9ca2fa95ad3ec33e9be3ade82f752acb0cabe541e56c5889225afa88a?s=96&d=mm&r=g\",\"contentUrl\":\"https:\\\/\\\/secure.gravatar.com\\\/avatar\\\/f1ffcac9ca2fa95ad3ec33e9be3ade82f752acb0cabe541e56c5889225afa88a?s=96&d=mm&r=g\",\"caption\":\"dev\"},\"url\":\"https:\\\/\\\/ecodef-ihedn.fr\\\/en\\\/author\\\/dev\\\/\"}]}<\/script>\n<!-- \/ Yoast SEO plugin. -->","yoast_head_json":{"title":"Conf\u00e9rence sur \"Le financement de la d\u00e9fense\" le 16 novembre 2017 : - Chaire \u00c9conomie de d\u00e9fense - IHEDN","robots":{"index":"index","follow":"follow","max-snippet":"max-snippet:-1","max-image-preview":"max-image-preview:large","max-video-preview":"max-video-preview:-1"},"canonical":"https:\/\/ecodef-ihedn.fr\/en\/conference-sur-le-financement-de-la-defense-le-16-novembre-2017\/","og_locale":"en_GB","og_type":"article","og_title":"Conf\u00e9rence sur \"Le financement de la d\u00e9fense\" le 16 novembre 2017 : - Chaire \u00c9conomie de d\u00e9fense - IHEDN","og_description":"Jeudi 16 novembre 2017\u00a0de 14h30 \u00e0 18h Ch\u00e8re Madame, cher Monsieur, Le Minist\u00e8re des Arm\u00e9es et la Chaire \u00c9conomie de D\u00e9fense de l&rsquo;IHEDN vous invitent \u00e0 participer \u00e0 la Maison de la Chimie, 28 rue Saint-Dominique 75007 Paris, \u00e0 leur Conf\u00e9rence annuelle, avec la participation de la Ministre des Arm\u00e9es et du Pr\u00e9sident de la [&hellip;]","og_url":"https:\/\/ecodef-ihedn.fr\/en\/conference-sur-le-financement-de-la-defense-le-16-novembre-2017\/","og_site_name":"Chaire \u00c9conomie de d\u00e9fense - IHEDN","article_published_time":"2017-10-30T00:00:00+00:00","article_modified_time":"2020-04-09T13:02:41+00:00","og_image":[{"width":972,"height":667,"url":"https:\/\/ecodef-ihedn.fr\/wp-content\/uploads\/2020\/04\/logo-inverse.png","type":"image\/png"}],"author":"dev","twitter_card":"summary_large_image","twitter_creator":"@Chaire_Ecodef","twitter_site":"@Chaire_Ecodef","twitter_misc":{"Written by":"dev","Estimated reading time":"2 minutes"},"schema":{"@context":"https:\/\/schema.org","@graph":[{"@type":"Article","@id":"https:\/\/ecodef-ihedn.fr\/conference-sur-le-financement-de-la-defense-le-16-novembre-2017\/#article","isPartOf":{"@id":"https:\/\/ecodef-ihedn.fr\/conference-sur-le-financement-de-la-defense-le-16-novembre-2017\/"},"author":{"name":"dev","@id":"https:\/\/ecodef-ihedn.fr\/#\/schema\/person\/7b3f1a2d8fd336e0be2f9ff63ff0ebbc"},"headline":"Conf\u00e9rence sur \u00ab\u00a0Le financement de la d\u00e9fense\u00a0\u00bb le 16 novembre 2017 :","datePublished":"2017-10-30T00:00:00+00:00","dateModified":"2020-04-09T13:02:41+00:00","mainEntityOfPage":{"@id":"https:\/\/ecodef-ihedn.fr\/conference-sur-le-financement-de-la-defense-le-16-novembre-2017\/"},"wordCount":359,"commentCount":0,"publisher":{"@id":"https:\/\/ecodef-ihedn.fr\/#organization"},"image":{"@id":"https:\/\/ecodef-ihedn.fr\/conference-sur-le-financement-de-la-defense-le-16-novembre-2017\/#primaryimage"},"thumbnailUrl":"https:\/\/ecodef-ihedn.fr\/wp-content\/uploads\/2020\/04\/logo-inverse.png","keywords":["arm\u00e9es","armement","commerce mondial des armes","commission","conf\u00e9rence","D\u00e9fense","d\u00e9penses militaires","\u00e9conomie","\u00e9conomie de d\u00e9fense","financement","IHEDN","industrie","investissement","les march\u00e9s de d\u00e9fense","militaire","ministre"],"articleSection":["Activit\u00e9s : \u00e9v\u00e9nements port\u00e9s par la Chaire"],"inLanguage":"en-GB","potentialAction":[{"@type":"CommentAction","name":"Comment","target":["https:\/\/ecodef-ihedn.fr\/conference-sur-le-financement-de-la-defense-le-16-novembre-2017\/#respond"]}]},{"@type":"WebPage","@id":"https:\/\/ecodef-ihedn.fr\/conference-sur-le-financement-de-la-defense-le-16-novembre-2017\/","url":"https:\/\/ecodef-ihedn.fr\/conference-sur-le-financement-de-la-defense-le-16-novembre-2017\/","name":"Conf\u00e9rence sur \"Le financement de la d\u00e9fense\" le 16 novembre 2017 : - Chaire \u00c9conomie de d\u00e9fense - IHEDN","isPartOf":{"@id":"https:\/\/ecodef-ihedn.fr\/#website"},"primaryImageOfPage":{"@id":"https:\/\/ecodef-ihedn.fr\/conference-sur-le-financement-de-la-defense-le-16-novembre-2017\/#primaryimage"},"image":{"@id":"https:\/\/ecodef-ihedn.fr\/conference-sur-le-financement-de-la-defense-le-16-novembre-2017\/#primaryimage"},"thumbnailUrl":"https:\/\/ecodef-ihedn.fr\/wp-content\/uploads\/2020\/04\/logo-inverse.png","datePublished":"2017-10-30T00:00:00+00:00","dateModified":"2020-04-09T13:02:41+00:00","breadcrumb":{"@id":"https:\/\/ecodef-ihedn.fr\/conference-sur-le-financement-de-la-defense-le-16-novembre-2017\/#breadcrumb"},"inLanguage":"en-GB","potentialAction":[{"@type":"ReadAction","target":["https:\/\/ecodef-ihedn.fr\/conference-sur-le-financement-de-la-defense-le-16-novembre-2017\/"]}]},{"@type":"ImageObject","inLanguage":"en-GB","@id":"https:\/\/ecodef-ihedn.fr\/conference-sur-le-financement-de-la-defense-le-16-novembre-2017\/#primaryimage","url":"https:\/\/ecodef-ihedn.fr\/wp-content\/uploads\/2020\/04\/logo-inverse.png","contentUrl":"https:\/\/ecodef-ihedn.fr\/wp-content\/uploads\/2020\/04\/logo-inverse.png","width":972,"height":667},{"@type":"BreadcrumbList","@id":"https:\/\/ecodef-ihedn.fr\/conference-sur-le-financement-de-la-defense-le-16-novembre-2017\/#breadcrumb","itemListElement":[{"@type":"ListItem","position":1,"name":"Accueil","item":"https:\/\/ecodef-ihedn.fr\/"},{"@type":"ListItem","position":2,"name":"Conf\u00e9rence sur &#8220;Le financement de la d\u00e9fense&#8221; le 16 novembre 2017 :"}]},{"@type":"WebSite","@id":"https:\/\/ecodef-ihedn.fr\/#website","url":"https:\/\/ecodef-ihedn.fr\/","name":"Chair in Defence Economics - IHEDN","description":"Produce &amp; support, federate &amp; disseminate, act as an interface","publisher":{"@id":"https:\/\/ecodef-ihedn.fr\/#organization"},"potentialAction":[{"@type":"SearchAction","target":{"@type":"EntryPoint","urlTemplate":"https:\/\/ecodef-ihedn.fr\/?s={search_term_string}"},"query-input":{"@type":"PropertyValueSpecification","valueRequired":true,"valueName":"search_term_string"}}],"inLanguage":"en-GB"},{"@type":"Organization","@id":"https:\/\/ecodef-ihedn.fr\/#organization","name":"Chair in Defence Economics - IHEDN","url":"https:\/\/ecodef-ihedn.fr\/","logo":{"@type":"ImageObject","inLanguage":"en-GB","@id":"https:\/\/ecodef-ihedn.fr\/#\/schema\/logo\/image\/","url":"https:\/\/ecodef-ihedn.fr\/wp-content\/uploads\/2020\/04\/logoEcodef9.jpg","contentUrl":"https:\/\/ecodef-ihedn.fr\/wp-content\/uploads\/2020\/04\/logoEcodef9.jpg","width":410,"height":212,"caption":"Chaire \u00c9conomie de d\u00e9fense - IHEDN"},"image":{"@id":"https:\/\/ecodef-ihedn.fr\/#\/schema\/logo\/image\/"},"sameAs":["https:\/\/x.com\/Chaire_Ecodef","https:\/\/www.linkedin.com\/company\/chaire-ecodef-ihedn\/"]},{"@type":"Person","@id":"https:\/\/ecodef-ihedn.fr\/#\/schema\/person\/7b3f1a2d8fd336e0be2f9ff63ff0ebbc","name":"dev","image":{"@type":"ImageObject","inLanguage":"en-GB","@id":"https:\/\/secure.gravatar.com\/avatar\/f1ffcac9ca2fa95ad3ec33e9be3ade82f752acb0cabe541e56c5889225afa88a?s=96&d=mm&r=g","url":"https:\/\/secure.gravatar.com\/avatar\/f1ffcac9ca2fa95ad3ec33e9be3ade82f752acb0cabe541e56c5889225afa88a?s=96&d=mm&r=g","contentUrl":"https:\/\/secure.gravatar.com\/avatar\/f1ffcac9ca2fa95ad3ec33e9be3ade82f752acb0cabe541e56c5889225afa88a?s=96&d=mm&r=g","caption":"dev"},"url":"https:\/\/ecodef-ihedn.fr\/en\/author\/dev\/"}]}},"_links":{"self":[{"href":"https:\/\/ecodef-ihedn.fr\/en\/wp-json\/wp\/v2\/posts\/1025","targetHints":{"allow":["GET"]}}],"collection":[{"href":"https:\/\/ecodef-ihedn.fr\/en\/wp-json\/wp\/v2\/posts"}],"about":[{"href":"https:\/\/ecodef-ihedn.fr\/en\/wp-json\/wp\/v2\/types\/post"}],"author":[{"embeddable":true,"href":"https:\/\/ecodef-ihedn.fr\/en\/wp-json\/wp\/v2\/users\/1"}],"replies":[{"embeddable":true,"href":"https:\/\/ecodef-ihedn.fr\/en\/wp-json\/wp\/v2\/comments?post=1025"}],"version-history":[{"count":2,"href":"https:\/\/ecodef-ihedn.fr\/en\/wp-json\/wp\/v2\/posts\/1025\/revisions"}],"predecessor-version":[{"id":1562,"href":"https:\/\/ecodef-ihedn.fr\/en\/wp-json\/wp\/v2\/posts\/1025\/revisions\/1562"}],"wp:featuredmedia":[{"embeddable":true,"href":"https:\/\/ecodef-ihedn.fr\/en\/wp-json\/wp\/v2\/media\/1026"}],"wp:attachment":[{"href":"https:\/\/ecodef-ihedn.fr\/en\/wp-json\/wp\/v2\/media?parent=1025"}],"wp:term":[{"taxonomy":"category","embeddable":true,"href":"https:\/\/ecodef-ihedn.fr\/en\/wp-json\/wp\/v2\/categories?post=1025"},{"taxonomy":"post_tag","embeddable":true,"href":"https:\/\/ecodef-ihedn.fr\/en\/wp-json\/wp\/v2\/tags?post=1025"}],"curies":[{"name":"wp","href":"https:\/\/api.w.org\/{rel}","templated":true}]}}