{"id":1035,"date":"2017-12-12T00:00:00","date_gmt":"2017-12-12T00:00:00","guid":{"rendered":"https:\/\/ecodef-ihedn.fr\/la-chaire-economie-de-defense-sur-france-culture\/"},"modified":"2024-05-16T14:05:32","modified_gmt":"2024-05-16T14:05:32","slug":"la-chaire-economie-de-defense-sur-france-culture","status":"publish","type":"post","link":"https:\/\/ecodef-ihedn.fr\/en\/la-chaire-economie-de-defense-sur-france-culture\/","title":{"rendered":"The Chair in Defence Economics on France Culture"},"content":{"rendered":"<h1><a href=\"https:\/\/ecodef-ihedn.fr\/wp-content\/uploads\/2020\/04\/france_culture_logo_2005.svg.png\" target=\"_blank\" rel=\"noopener\"><img loading=\"lazy\" decoding=\"async\" class=\"aligncenter wp-image-5985 size-thumbnail\" src=\"https:\/\/ecodef-ihedn.fr\/wp-content\/uploads\/2020\/04\/france_culture_logo_2005.svg-150x150.png\" alt=\"\" width=\"150\" height=\"150\" \/><\/a><\/h1>\n<h1 style=\"text-align: center;\">The Chair in Defence Economics on France Culture<\/h1>\n<p>Jean Belin, holder of the Chair in Defence Economics, will be on France Culture on Wednesday 13 December from 2pm to 3pm in the programme \u00ab\u00a0<a href=\"https:\/\/www.radiofrance.fr\/franceculture\/podcasts\/entendez-vous-l-eco\/la-defense-au-service-de-l-innovation-3257414\" target=\"_blank\" rel=\"noopener\">Can you hear the eco?<\/a>\u00a0\u00bbto talk about innovation and defence.<\/p>","protected":false},"excerpt":{"rendered":"<p>La Chaire \u00c9conomie de d\u00e9fense sur France Culture Jean Belin, titulaire de la Chaire \u00c9conomie de d\u00e9fense, sera sur France Culture mercredi 13 d\u00e9cembre de 14h \u00e0 15h dans l&rsquo;\u00e9mission \u00ab\u00a0Entendez-vous l&rsquo;\u00e9co ?\u00a0\u00bb pour parler d&rsquo;innovation et de d\u00e9fense.<\/p>","protected":false},"author":1,"featured_media":1036,"comment_status":"open","ping_status":"open","sticky":false,"template":"","format":"standard","meta":{"footnotes":""},"categories":[358],"tags":[77,47,78,79],"class_list":{"0":"post-1035","1":"post","2":"type-post","3":"status-publish","4":"format-standard","5":"has-post-thumbnail","7":"category-medias","8":"tag-belin","9":"tag-economie-de-defense","10":"tag-media","11":"tag-radio"},"yoast_head":"<!-- This site is optimized with the Yoast SEO plugin v27.4 - https:\/\/yoast.com\/product\/yoast-seo-wordpress\/ -->\n<title>La Chaire \u00c9conomie de D\u00e9fense sur France Culture - Chaire \u00c9conomie de d\u00e9fense - IHEDN<\/title>\n<meta name=\"robots\" content=\"index, follow, max-snippet:-1, max-image-preview:large, max-video-preview:-1\" \/>\n<link rel=\"canonical\" href=\"https:\/\/ecodef-ihedn.fr\/en\/la-chaire-economie-de-defense-sur-france-culture\/\" \/>\n<meta property=\"og:locale\" content=\"en_GB\" \/>\n<meta property=\"og:type\" content=\"article\" \/>\n<meta property=\"og:title\" content=\"La Chaire \u00c9conomie de D\u00e9fense sur France Culture - Chaire \u00c9conomie de d\u00e9fense - IHEDN\" \/>\n<meta property=\"og:description\" content=\"La Chaire \u00c9conomie de d\u00e9fense sur France Culture Jean Belin, titulaire de la Chaire \u00c9conomie de d\u00e9fense, sera sur France Culture mercredi 13 d\u00e9cembre de 14h \u00e0 15h dans l&rsquo;\u00e9mission \u00ab\u00a0Entendez-vous l&rsquo;\u00e9co ?\u00a0\u00bb pour parler d&rsquo;innovation et de d\u00e9fense.\" \/>\n<meta property=\"og:url\" content=\"https:\/\/ecodef-ihedn.fr\/en\/la-chaire-economie-de-defense-sur-france-culture\/\" \/>\n<meta property=\"og:site_name\" content=\"Chaire \u00c9conomie de d\u00e9fense - IHEDN\" \/>\n<meta property=\"article:published_time\" content=\"2017-12-12T00:00:00+00:00\" \/>\n<meta property=\"article:modified_time\" content=\"2024-05-16T14:05:32+00:00\" \/>\n<meta property=\"og:image\" content=\"https:\/\/ecodef-ihedn.fr\/wp-content\/uploads\/2020\/04\/france_culture_logo_2005.svg.png\" \/>\n\t<meta property=\"og:image:width\" content=\"600\" \/>\n\t<meta property=\"og:image:height\" content=\"600\" \/>\n\t<meta property=\"og:image:type\" content=\"image\/png\" \/>\n<meta name=\"author\" content=\"dev\" \/>\n<meta name=\"twitter:card\" content=\"summary_large_image\" \/>\n<meta name=\"twitter:creator\" content=\"@Chaire_Ecodef\" \/>\n<meta name=\"twitter:site\" content=\"@Chaire_Ecodef\" \/>\n<meta name=\"twitter:label1\" content=\"Written by\" \/>\n\t<meta name=\"twitter:data1\" content=\"dev\" \/>\n\t<meta name=\"twitter:label2\" content=\"Estimated reading time\" \/>\n\t<meta name=\"twitter:data2\" content=\"1 minute\" \/>\n<script type=\"application\/ld+json\" class=\"yoast-schema-graph\">{\"@context\":\"https:\\\/\\\/schema.org\",\"@graph\":[{\"@type\":\"Article\",\"@id\":\"https:\\\/\\\/ecodef-ihedn.fr\\\/la-chaire-economie-de-defense-sur-france-culture\\\/#article\",\"isPartOf\":{\"@id\":\"https:\\\/\\\/ecodef-ihedn.fr\\\/la-chaire-economie-de-defense-sur-france-culture\\\/\"},\"author\":{\"name\":\"dev\",\"@id\":\"https:\\\/\\\/ecodef-ihedn.fr\\\/#\\\/schema\\\/person\\\/7b3f1a2d8fd336e0be2f9ff63ff0ebbc\"},\"headline\":\"La Chaire \u00c9conomie de D\u00e9fense sur France Culture\",\"datePublished\":\"2017-12-12T00:00:00+00:00\",\"dateModified\":\"2024-05-16T14:05:32+00:00\",\"mainEntityOfPage\":{\"@id\":\"https:\\\/\\\/ecodef-ihedn.fr\\\/la-chaire-economie-de-defense-sur-france-culture\\\/\"},\"wordCount\":52,\"commentCount\":0,\"publisher\":{\"@id\":\"https:\\\/\\\/ecodef-ihedn.fr\\\/#organization\"},\"image\":{\"@id\":\"https:\\\/\\\/ecodef-ihedn.fr\\\/la-chaire-economie-de-defense-sur-france-culture\\\/#primaryimage\"},\"thumbnailUrl\":\"https:\\\/\\\/ecodef-ihedn.fr\\\/wp-content\\\/uploads\\\/2020\\\/04\\\/france_culture_logo_2005.svg.png\",\"keywords\":[\"Belin\",\"\u00e9conomie de d\u00e9fense\",\"media\",\"radio\"],\"articleSection\":[\"M\u00e9dias\"],\"inLanguage\":\"en-GB\",\"potentialAction\":[{\"@type\":\"CommentAction\",\"name\":\"Comment\",\"target\":[\"https:\\\/\\\/ecodef-ihedn.fr\\\/la-chaire-economie-de-defense-sur-france-culture\\\/#respond\"]}]},{\"@type\":\"WebPage\",\"@id\":\"https:\\\/\\\/ecodef-ihedn.fr\\\/la-chaire-economie-de-defense-sur-france-culture\\\/\",\"url\":\"https:\\\/\\\/ecodef-ihedn.fr\\\/la-chaire-economie-de-defense-sur-france-culture\\\/\",\"name\":\"La Chaire \u00c9conomie de D\u00e9fense sur France Culture - Chaire \u00c9conomie de d\u00e9fense - IHEDN\",\"isPartOf\":{\"@id\":\"https:\\\/\\\/ecodef-ihedn.fr\\\/#website\"},\"primaryImageOfPage\":{\"@id\":\"https:\\\/\\\/ecodef-ihedn.fr\\\/la-chaire-economie-de-defense-sur-france-culture\\\/#primaryimage\"},\"image\":{\"@id\":\"https:\\\/\\\/ecodef-ihedn.fr\\\/la-chaire-economie-de-defense-sur-france-culture\\\/#primaryimage\"},\"thumbnailUrl\":\"https:\\\/\\\/ecodef-ihedn.fr\\\/wp-content\\\/uploads\\\/2020\\\/04\\\/france_culture_logo_2005.svg.png\",\"datePublished\":\"2017-12-12T00:00:00+00:00\",\"dateModified\":\"2024-05-16T14:05:32+00:00\",\"breadcrumb\":{\"@id\":\"https:\\\/\\\/ecodef-ihedn.fr\\\/la-chaire-economie-de-defense-sur-france-culture\\\/#breadcrumb\"},\"inLanguage\":\"en-GB\",\"potentialAction\":[{\"@type\":\"ReadAction\",\"target\":[\"https:\\\/\\\/ecodef-ihedn.fr\\\/la-chaire-economie-de-defense-sur-france-culture\\\/\"]}]},{\"@type\":\"ImageObject\",\"inLanguage\":\"en-GB\",\"@id\":\"https:\\\/\\\/ecodef-ihedn.fr\\\/la-chaire-economie-de-defense-sur-france-culture\\\/#primaryimage\",\"url\":\"https:\\\/\\\/ecodef-ihedn.fr\\\/wp-content\\\/uploads\\\/2020\\\/04\\\/france_culture_logo_2005.svg.png\",\"contentUrl\":\"https:\\\/\\\/ecodef-ihedn.fr\\\/wp-content\\\/uploads\\\/2020\\\/04\\\/france_culture_logo_2005.svg.png\",\"width\":600,\"height\":600},{\"@type\":\"BreadcrumbList\",\"@id\":\"https:\\\/\\\/ecodef-ihedn.fr\\\/la-chaire-economie-de-defense-sur-france-culture\\\/#breadcrumb\",\"itemListElement\":[{\"@type\":\"ListItem\",\"position\":1,\"name\":\"Accueil\",\"item\":\"https:\\\/\\\/ecodef-ihedn.fr\\\/\"},{\"@type\":\"ListItem\",\"position\":2,\"name\":\"La Chaire \u00c9conomie de D\u00e9fense sur France Culture\"}]},{\"@type\":\"WebSite\",\"@id\":\"https:\\\/\\\/ecodef-ihedn.fr\\\/#website\",\"url\":\"https:\\\/\\\/ecodef-ihedn.fr\\\/\",\"name\":\"Chaire \u00c9conomie de D\u00e9fense - IHEDN\",\"description\":\"Produire &amp; soutenir, f\u00e9d\u00e9rer &amp; diffuser, \u00eatre une interface\",\"publisher\":{\"@id\":\"https:\\\/\\\/ecodef-ihedn.fr\\\/#organization\"},\"potentialAction\":[{\"@type\":\"SearchAction\",\"target\":{\"@type\":\"EntryPoint\",\"urlTemplate\":\"https:\\\/\\\/ecodef-ihedn.fr\\\/?s={search_term_string}\"},\"query-input\":{\"@type\":\"PropertyValueSpecification\",\"valueRequired\":true,\"valueName\":\"search_term_string\"}}],\"inLanguage\":\"en-GB\"},{\"@type\":\"Organization\",\"@id\":\"https:\\\/\\\/ecodef-ihedn.fr\\\/#organization\",\"name\":\"Chaire \u00c9conomie de d\u00e9fense - IHEDN\",\"url\":\"https:\\\/\\\/ecodef-ihedn.fr\\\/\",\"logo\":{\"@type\":\"ImageObject\",\"inLanguage\":\"en-GB\",\"@id\":\"https:\\\/\\\/ecodef-ihedn.fr\\\/#\\\/schema\\\/logo\\\/image\\\/\",\"url\":\"https:\\\/\\\/ecodef-ihedn.fr\\\/wp-content\\\/uploads\\\/2020\\\/04\\\/logoEcodef9.jpg\",\"contentUrl\":\"https:\\\/\\\/ecodef-ihedn.fr\\\/wp-content\\\/uploads\\\/2020\\\/04\\\/logoEcodef9.jpg\",\"width\":410,\"height\":212,\"caption\":\"Chaire \u00c9conomie de d\u00e9fense - IHEDN\"},\"image\":{\"@id\":\"https:\\\/\\\/ecodef-ihedn.fr\\\/#\\\/schema\\\/logo\\\/image\\\/\"},\"sameAs\":[\"https:\\\/\\\/x.com\\\/Chaire_Ecodef\",\"https:\\\/\\\/www.linkedin.com\\\/company\\\/chaire-ecodef-ihedn\\\/\"]},{\"@type\":\"Person\",\"@id\":\"https:\\\/\\\/ecodef-ihedn.fr\\\/#\\\/schema\\\/person\\\/7b3f1a2d8fd336e0be2f9ff63ff0ebbc\",\"name\":\"dev\",\"image\":{\"@type\":\"ImageObject\",\"inLanguage\":\"en-GB\",\"@id\":\"https:\\\/\\\/secure.gravatar.com\\\/avatar\\\/f1ffcac9ca2fa95ad3ec33e9be3ade82f752acb0cabe541e56c5889225afa88a?s=96&d=mm&r=g\",\"url\":\"https:\\\/\\\/secure.gravatar.com\\\/avatar\\\/f1ffcac9ca2fa95ad3ec33e9be3ade82f752acb0cabe541e56c5889225afa88a?s=96&d=mm&r=g\",\"contentUrl\":\"https:\\\/\\\/secure.gravatar.com\\\/avatar\\\/f1ffcac9ca2fa95ad3ec33e9be3ade82f752acb0cabe541e56c5889225afa88a?s=96&d=mm&r=g\",\"caption\":\"dev\"},\"url\":\"https:\\\/\\\/ecodef-ihedn.fr\\\/en\\\/author\\\/dev\\\/\"}]}<\/script>\n<!-- \/ Yoast SEO plugin. -->","yoast_head_json":{"title":"La Chaire \u00c9conomie de D\u00e9fense sur France Culture - Chaire \u00c9conomie de d\u00e9fense - IHEDN","robots":{"index":"index","follow":"follow","max-snippet":"max-snippet:-1","max-image-preview":"max-image-preview:large","max-video-preview":"max-video-preview:-1"},"canonical":"https:\/\/ecodef-ihedn.fr\/en\/la-chaire-economie-de-defense-sur-france-culture\/","og_locale":"en_GB","og_type":"article","og_title":"La Chaire \u00c9conomie de D\u00e9fense sur France Culture - Chaire \u00c9conomie de d\u00e9fense - IHEDN","og_description":"La Chaire \u00c9conomie de d\u00e9fense sur France Culture Jean Belin, titulaire de la Chaire \u00c9conomie de d\u00e9fense, sera sur France Culture mercredi 13 d\u00e9cembre de 14h \u00e0 15h dans l&rsquo;\u00e9mission \u00ab\u00a0Entendez-vous l&rsquo;\u00e9co ?\u00a0\u00bb pour parler d&rsquo;innovation et de d\u00e9fense.","og_url":"https:\/\/ecodef-ihedn.fr\/en\/la-chaire-economie-de-defense-sur-france-culture\/","og_site_name":"Chaire \u00c9conomie de d\u00e9fense - IHEDN","article_published_time":"2017-12-12T00:00:00+00:00","article_modified_time":"2024-05-16T14:05:32+00:00","og_image":[{"width":600,"height":600,"url":"https:\/\/ecodef-ihedn.fr\/wp-content\/uploads\/2020\/04\/france_culture_logo_2005.svg.png","type":"image\/png"}],"author":"dev","twitter_card":"summary_large_image","twitter_creator":"@Chaire_Ecodef","twitter_site":"@Chaire_Ecodef","twitter_misc":{"Written by":"dev","Estimated reading time":"1 minute"},"schema":{"@context":"https:\/\/schema.org","@graph":[{"@type":"Article","@id":"https:\/\/ecodef-ihedn.fr\/la-chaire-economie-de-defense-sur-france-culture\/#article","isPartOf":{"@id":"https:\/\/ecodef-ihedn.fr\/la-chaire-economie-de-defense-sur-france-culture\/"},"author":{"name":"dev","@id":"https:\/\/ecodef-ihedn.fr\/#\/schema\/person\/7b3f1a2d8fd336e0be2f9ff63ff0ebbc"},"headline":"La Chaire \u00c9conomie de D\u00e9fense sur France Culture","datePublished":"2017-12-12T00:00:00+00:00","dateModified":"2024-05-16T14:05:32+00:00","mainEntityOfPage":{"@id":"https:\/\/ecodef-ihedn.fr\/la-chaire-economie-de-defense-sur-france-culture\/"},"wordCount":52,"commentCount":0,"publisher":{"@id":"https:\/\/ecodef-ihedn.fr\/#organization"},"image":{"@id":"https:\/\/ecodef-ihedn.fr\/la-chaire-economie-de-defense-sur-france-culture\/#primaryimage"},"thumbnailUrl":"https:\/\/ecodef-ihedn.fr\/wp-content\/uploads\/2020\/04\/france_culture_logo_2005.svg.png","keywords":["Belin","\u00e9conomie de d\u00e9fense","media","radio"],"articleSection":["M\u00e9dias"],"inLanguage":"en-GB","potentialAction":[{"@type":"CommentAction","name":"Comment","target":["https:\/\/ecodef-ihedn.fr\/la-chaire-economie-de-defense-sur-france-culture\/#respond"]}]},{"@type":"WebPage","@id":"https:\/\/ecodef-ihedn.fr\/la-chaire-economie-de-defense-sur-france-culture\/","url":"https:\/\/ecodef-ihedn.fr\/la-chaire-economie-de-defense-sur-france-culture\/","name":"La Chaire \u00c9conomie de D\u00e9fense sur France Culture - Chaire \u00c9conomie de d\u00e9fense - IHEDN","isPartOf":{"@id":"https:\/\/ecodef-ihedn.fr\/#website"},"primaryImageOfPage":{"@id":"https:\/\/ecodef-ihedn.fr\/la-chaire-economie-de-defense-sur-france-culture\/#primaryimage"},"image":{"@id":"https:\/\/ecodef-ihedn.fr\/la-chaire-economie-de-defense-sur-france-culture\/#primaryimage"},"thumbnailUrl":"https:\/\/ecodef-ihedn.fr\/wp-content\/uploads\/2020\/04\/france_culture_logo_2005.svg.png","datePublished":"2017-12-12T00:00:00+00:00","dateModified":"2024-05-16T14:05:32+00:00","breadcrumb":{"@id":"https:\/\/ecodef-ihedn.fr\/la-chaire-economie-de-defense-sur-france-culture\/#breadcrumb"},"inLanguage":"en-GB","potentialAction":[{"@type":"ReadAction","target":["https:\/\/ecodef-ihedn.fr\/la-chaire-economie-de-defense-sur-france-culture\/"]}]},{"@type":"ImageObject","inLanguage":"en-GB","@id":"https:\/\/ecodef-ihedn.fr\/la-chaire-economie-de-defense-sur-france-culture\/#primaryimage","url":"https:\/\/ecodef-ihedn.fr\/wp-content\/uploads\/2020\/04\/france_culture_logo_2005.svg.png","contentUrl":"https:\/\/ecodef-ihedn.fr\/wp-content\/uploads\/2020\/04\/france_culture_logo_2005.svg.png","width":600,"height":600},{"@type":"BreadcrumbList","@id":"https:\/\/ecodef-ihedn.fr\/la-chaire-economie-de-defense-sur-france-culture\/#breadcrumb","itemListElement":[{"@type":"ListItem","position":1,"name":"Accueil","item":"https:\/\/ecodef-ihedn.fr\/"},{"@type":"ListItem","position":2,"name":"La Chaire \u00c9conomie de D\u00e9fense sur France Culture"}]},{"@type":"WebSite","@id":"https:\/\/ecodef-ihedn.fr\/#website","url":"https:\/\/ecodef-ihedn.fr\/","name":"Chair in Defence Economics - IHEDN","description":"Produce &amp; support, federate &amp; disseminate, act as an interface","publisher":{"@id":"https:\/\/ecodef-ihedn.fr\/#organization"},"potentialAction":[{"@type":"SearchAction","target":{"@type":"EntryPoint","urlTemplate":"https:\/\/ecodef-ihedn.fr\/?s={search_term_string}"},"query-input":{"@type":"PropertyValueSpecification","valueRequired":true,"valueName":"search_term_string"}}],"inLanguage":"en-GB"},{"@type":"Organization","@id":"https:\/\/ecodef-ihedn.fr\/#organization","name":"Chair in Defence Economics - IHEDN","url":"https:\/\/ecodef-ihedn.fr\/","logo":{"@type":"ImageObject","inLanguage":"en-GB","@id":"https:\/\/ecodef-ihedn.fr\/#\/schema\/logo\/image\/","url":"https:\/\/ecodef-ihedn.fr\/wp-content\/uploads\/2020\/04\/logoEcodef9.jpg","contentUrl":"https:\/\/ecodef-ihedn.fr\/wp-content\/uploads\/2020\/04\/logoEcodef9.jpg","width":410,"height":212,"caption":"Chaire \u00c9conomie de d\u00e9fense - IHEDN"},"image":{"@id":"https:\/\/ecodef-ihedn.fr\/#\/schema\/logo\/image\/"},"sameAs":["https:\/\/x.com\/Chaire_Ecodef","https:\/\/www.linkedin.com\/company\/chaire-ecodef-ihedn\/"]},{"@type":"Person","@id":"https:\/\/ecodef-ihedn.fr\/#\/schema\/person\/7b3f1a2d8fd336e0be2f9ff63ff0ebbc","name":"dev","image":{"@type":"ImageObject","inLanguage":"en-GB","@id":"https:\/\/secure.gravatar.com\/avatar\/f1ffcac9ca2fa95ad3ec33e9be3ade82f752acb0cabe541e56c5889225afa88a?s=96&d=mm&r=g","url":"https:\/\/secure.gravatar.com\/avatar\/f1ffcac9ca2fa95ad3ec33e9be3ade82f752acb0cabe541e56c5889225afa88a?s=96&d=mm&r=g","contentUrl":"https:\/\/secure.gravatar.com\/avatar\/f1ffcac9ca2fa95ad3ec33e9be3ade82f752acb0cabe541e56c5889225afa88a?s=96&d=mm&r=g","caption":"dev"},"url":"https:\/\/ecodef-ihedn.fr\/en\/author\/dev\/"}]}},"_links":{"self":[{"href":"https:\/\/ecodef-ihedn.fr\/en\/wp-json\/wp\/v2\/posts\/1035","targetHints":{"allow":["GET"]}}],"collection":[{"href":"https:\/\/ecodef-ihedn.fr\/en\/wp-json\/wp\/v2\/posts"}],"about":[{"href":"https:\/\/ecodef-ihedn.fr\/en\/wp-json\/wp\/v2\/types\/post"}],"author":[{"embeddable":true,"href":"https:\/\/ecodef-ihedn.fr\/en\/wp-json\/wp\/v2\/users\/1"}],"replies":[{"embeddable":true,"href":"https:\/\/ecodef-ihedn.fr\/en\/wp-json\/wp\/v2\/comments?post=1035"}],"version-history":[{"count":3,"href":"https:\/\/ecodef-ihedn.fr\/en\/wp-json\/wp\/v2\/posts\/1035\/revisions"}],"predecessor-version":[{"id":8467,"href":"https:\/\/ecodef-ihedn.fr\/en\/wp-json\/wp\/v2\/posts\/1035\/revisions\/8467"}],"wp:featuredmedia":[{"embeddable":true,"href":"https:\/\/ecodef-ihedn.fr\/en\/wp-json\/wp\/v2\/media\/1036"}],"wp:attachment":[{"href":"https:\/\/ecodef-ihedn.fr\/en\/wp-json\/wp\/v2\/media?parent=1035"}],"wp:term":[{"taxonomy":"category","embeddable":true,"href":"https:\/\/ecodef-ihedn.fr\/en\/wp-json\/wp\/v2\/categories?post=1035"},{"taxonomy":"post_tag","embeddable":true,"href":"https:\/\/ecodef-ihedn.fr\/en\/wp-json\/wp\/v2\/tags?post=1035"}],"curies":[{"name":"wp","href":"https:\/\/api.w.org\/{rel}","templated":true}]}}