{"id":1038,"date":"2018-02-10T00:00:00","date_gmt":"2018-02-10T00:00:00","guid":{"rendered":"https:\/\/ecodef-ihedn.fr\/economie-de-la-securite-intervention-de-jean-belin-au-cnrs\/"},"modified":"2020-04-09T13:00:58","modified_gmt":"2020-04-09T13:00:58","slug":"economie-de-la-securite-intervention-de-jean-belin-au-cnrs","status":"publish","type":"post","link":"https:\/\/ecodef-ihedn.fr\/en\/economie-de-la-securite-intervention-de-jean-belin-au-cnrs\/","title":{"rendered":"The economics of security: Jean Belin speaks at the CNRS"},"content":{"rendered":"<h1><strong>PEPS \u00abSecurity of Societies and Systems - 3S\u00bb Feedback Day - CNRS AAP 2017\u00a0<\/strong><\/h1>\n<p>In early 2017, the CNRS Mission for Interdisciplinarity launched the\u2019<strong>Call for Projects 2017<\/strong> (AAP 2017) as part of a new First Support Exploratory Project (PEPS) entitled <strong>\u00abCompany and System Security - 3S\u00bb<\/strong>,at the interface between the humanities and social sciences, physics, mathematics and computer science. The aim of this call was to encourage new research into security and defence issues, to better understand - and\/or counter - the new vulnerabilities created or aggravated by the growing interconnection and complexity of systems and societies.<\/p>\n<p>The PEPS 3S feedback day took place on Friday 9 February 2018 at the CNRS headquarters in Paris, with a <strong>speech by Jean Belin<\/strong>, the holder of the Chair in Defence Economics, on the theme of\u2019<strong>Security Economics<\/strong>.<\/p>\n<p>For further information: <a href=\"http:\/\/www.cnrs.fr\/mi\/spip.php?article1299\">www.cnrs.fr\/mi\/spip.php?article1299<\/a><\/p>","protected":false},"excerpt":{"rendered":"<p>Journ\u00e9e de restitution PEPS \u00ab\u00a0S\u00e9curit\u00e9 des Soci\u00e9t\u00e9s et des Syst\u00e8mes &#8211; 3S\u00a0\u00bb \u2013 AAP 2017 du CNRS\u00a0 D\u00e9but 2017, la Mission pour l\u2019Interdisciplinarit\u00e9 du CNRS a lanc\u00e9 l&rsquo;Appel A Projets 2017 (AAP 2017)\u00a0dans le cadre d\u2019un nouveau\u00a0Projet Exploratoire Premier Soutien (PEPS) intitul\u00e9 \u00ab\u00a0S\u00e9curit\u00e9 des Soci\u00e9t\u00e9s et des Syst\u00e8mes \u2013 3S\u00a0\u00bb,\u00a0\u00e0 l\u2019interface entre sciences humaines et [&hellip;]<\/p>\n","protected":false},"author":1,"featured_media":564,"comment_status":"open","ping_status":"open","sticky":false,"template":"","format":"standard","meta":{"footnotes":""},"categories":[356],"tags":[77,80,47,81,82],"class_list":{"0":"post-1038","1":"post","2":"type-post","3":"status-publish","4":"format-standard","5":"has-post-thumbnail","7":"category-activites-participation-de-la-chaire-a-un-evenement","8":"tag-belin","9":"tag-cnrs","10":"tag-economie-de-defense","11":"tag-peps","12":"tag-securite"},"yoast_head":"<!-- This site is optimized with the Yoast SEO plugin v27.4 - https:\/\/yoast.com\/product\/yoast-seo-wordpress\/ -->\n<title>\u00c9conomie de la S\u00e9curit\u00e9\u00a0: intervention de Jean Belin au CNRS - Chaire \u00c9conomie de d\u00e9fense - IHEDN<\/title>\n<meta name=\"robots\" content=\"index, follow, max-snippet:-1, max-image-preview:large, max-video-preview:-1\" \/>\n<link rel=\"canonical\" href=\"https:\/\/ecodef-ihedn.fr\/en\/economie-de-la-securite-intervention-de-jean-belin-au-cnrs\/\" \/>\n<meta property=\"og:locale\" content=\"en_GB\" \/>\n<meta property=\"og:type\" content=\"article\" \/>\n<meta property=\"og:title\" content=\"\u00c9conomie de la S\u00e9curit\u00e9\u00a0: intervention de Jean Belin au CNRS - Chaire \u00c9conomie de d\u00e9fense - IHEDN\" \/>\n<meta property=\"og:description\" content=\"Journ\u00e9e de restitution PEPS \u00ab\u00a0S\u00e9curit\u00e9 des Soci\u00e9t\u00e9s et des Syst\u00e8mes &#8211; 3S\u00a0\u00bb \u2013 AAP 2017 du CNRS\u00a0 D\u00e9but 2017, la Mission pour l\u2019Interdisciplinarit\u00e9 du CNRS a lanc\u00e9 l&rsquo;Appel A Projets 2017 (AAP 2017)\u00a0dans le cadre d\u2019un nouveau\u00a0Projet Exploratoire Premier Soutien (PEPS) intitul\u00e9 \u00ab\u00a0S\u00e9curit\u00e9 des Soci\u00e9t\u00e9s et des Syst\u00e8mes \u2013 3S\u00a0\u00bb,\u00a0\u00e0 l\u2019interface entre sciences humaines et [&hellip;]\" \/>\n<meta property=\"og:url\" content=\"https:\/\/ecodef-ihedn.fr\/en\/economie-de-la-securite-intervention-de-jean-belin-au-cnrs\/\" \/>\n<meta property=\"og:site_name\" content=\"Chaire \u00c9conomie de d\u00e9fense - IHEDN\" \/>\n<meta property=\"article:published_time\" content=\"2018-02-10T00:00:00+00:00\" \/>\n<meta property=\"article:modified_time\" content=\"2020-04-09T13:00:58+00:00\" \/>\n<meta property=\"og:image\" content=\"https:\/\/ecodef-ihedn.fr\/wp-content\/uploads\/2020\/02\/ecole-militaire-paris-1.jpg\" \/>\n\t<meta property=\"og:image:width\" content=\"755\" \/>\n\t<meta property=\"og:image:height\" content=\"414\" \/>\n\t<meta property=\"og:image:type\" content=\"image\/jpeg\" \/>\n<meta name=\"author\" content=\"dev\" \/>\n<meta name=\"twitter:card\" content=\"summary_large_image\" \/>\n<meta name=\"twitter:creator\" content=\"@Chaire_Ecodef\" \/>\n<meta name=\"twitter:site\" content=\"@Chaire_Ecodef\" \/>\n<meta name=\"twitter:label1\" content=\"Written by\" \/>\n\t<meta name=\"twitter:data1\" content=\"dev\" \/>\n\t<meta name=\"twitter:label2\" content=\"Estimated reading time\" \/>\n\t<meta name=\"twitter:data2\" content=\"1 minute\" \/>\n<script type=\"application\/ld+json\" class=\"yoast-schema-graph\">{\"@context\":\"https:\\\/\\\/schema.org\",\"@graph\":[{\"@type\":\"Article\",\"@id\":\"https:\\\/\\\/ecodef-ihedn.fr\\\/economie-de-la-securite-intervention-de-jean-belin-au-cnrs\\\/#article\",\"isPartOf\":{\"@id\":\"https:\\\/\\\/ecodef-ihedn.fr\\\/economie-de-la-securite-intervention-de-jean-belin-au-cnrs\\\/\"},\"author\":{\"name\":\"dev\",\"@id\":\"https:\\\/\\\/ecodef-ihedn.fr\\\/#\\\/schema\\\/person\\\/7b3f1a2d8fd336e0be2f9ff63ff0ebbc\"},\"headline\":\"\u00c9conomie de la S\u00e9curit\u00e9\u00a0: intervention de Jean Belin au CNRS\",\"datePublished\":\"2018-02-10T00:00:00+00:00\",\"dateModified\":\"2020-04-09T13:00:58+00:00\",\"mainEntityOfPage\":{\"@id\":\"https:\\\/\\\/ecodef-ihedn.fr\\\/economie-de-la-securite-intervention-de-jean-belin-au-cnrs\\\/\"},\"wordCount\":194,\"commentCount\":0,\"publisher\":{\"@id\":\"https:\\\/\\\/ecodef-ihedn.fr\\\/#organization\"},\"image\":{\"@id\":\"https:\\\/\\\/ecodef-ihedn.fr\\\/economie-de-la-securite-intervention-de-jean-belin-au-cnrs\\\/#primaryimage\"},\"thumbnailUrl\":\"https:\\\/\\\/ecodef-ihedn.fr\\\/wp-content\\\/uploads\\\/2020\\\/02\\\/ecole-militaire-paris-1.jpg\",\"keywords\":[\"Belin\",\"CNRS\",\"\u00e9conomie de d\u00e9fense\",\"PEPS\",\"s\u00e9curit\u00e9\"],\"articleSection\":[\"Activit\u00e9s : participation de la Chaire \u00e0 un \u00e9v\u00e9nement\"],\"inLanguage\":\"en-GB\",\"potentialAction\":[{\"@type\":\"CommentAction\",\"name\":\"Comment\",\"target\":[\"https:\\\/\\\/ecodef-ihedn.fr\\\/economie-de-la-securite-intervention-de-jean-belin-au-cnrs\\\/#respond\"]}]},{\"@type\":\"WebPage\",\"@id\":\"https:\\\/\\\/ecodef-ihedn.fr\\\/economie-de-la-securite-intervention-de-jean-belin-au-cnrs\\\/\",\"url\":\"https:\\\/\\\/ecodef-ihedn.fr\\\/economie-de-la-securite-intervention-de-jean-belin-au-cnrs\\\/\",\"name\":\"\u00c9conomie de la S\u00e9curit\u00e9\u00a0: intervention de Jean Belin au CNRS - Chaire \u00c9conomie de d\u00e9fense - IHEDN\",\"isPartOf\":{\"@id\":\"https:\\\/\\\/ecodef-ihedn.fr\\\/#website\"},\"primaryImageOfPage\":{\"@id\":\"https:\\\/\\\/ecodef-ihedn.fr\\\/economie-de-la-securite-intervention-de-jean-belin-au-cnrs\\\/#primaryimage\"},\"image\":{\"@id\":\"https:\\\/\\\/ecodef-ihedn.fr\\\/economie-de-la-securite-intervention-de-jean-belin-au-cnrs\\\/#primaryimage\"},\"thumbnailUrl\":\"https:\\\/\\\/ecodef-ihedn.fr\\\/wp-content\\\/uploads\\\/2020\\\/02\\\/ecole-militaire-paris-1.jpg\",\"datePublished\":\"2018-02-10T00:00:00+00:00\",\"dateModified\":\"2020-04-09T13:00:58+00:00\",\"breadcrumb\":{\"@id\":\"https:\\\/\\\/ecodef-ihedn.fr\\\/economie-de-la-securite-intervention-de-jean-belin-au-cnrs\\\/#breadcrumb\"},\"inLanguage\":\"en-GB\",\"potentialAction\":[{\"@type\":\"ReadAction\",\"target\":[\"https:\\\/\\\/ecodef-ihedn.fr\\\/economie-de-la-securite-intervention-de-jean-belin-au-cnrs\\\/\"]}]},{\"@type\":\"ImageObject\",\"inLanguage\":\"en-GB\",\"@id\":\"https:\\\/\\\/ecodef-ihedn.fr\\\/economie-de-la-securite-intervention-de-jean-belin-au-cnrs\\\/#primaryimage\",\"url\":\"https:\\\/\\\/ecodef-ihedn.fr\\\/wp-content\\\/uploads\\\/2020\\\/02\\\/ecole-militaire-paris-1.jpg\",\"contentUrl\":\"https:\\\/\\\/ecodef-ihedn.fr\\\/wp-content\\\/uploads\\\/2020\\\/02\\\/ecole-militaire-paris-1.jpg\",\"width\":755,\"height\":414},{\"@type\":\"BreadcrumbList\",\"@id\":\"https:\\\/\\\/ecodef-ihedn.fr\\\/economie-de-la-securite-intervention-de-jean-belin-au-cnrs\\\/#breadcrumb\",\"itemListElement\":[{\"@type\":\"ListItem\",\"position\":1,\"name\":\"Accueil\",\"item\":\"https:\\\/\\\/ecodef-ihedn.fr\\\/\"},{\"@type\":\"ListItem\",\"position\":2,\"name\":\"\u00c9conomie de la S\u00e9curit\u00e9\u00a0: intervention de Jean Belin au CNRS\"}]},{\"@type\":\"WebSite\",\"@id\":\"https:\\\/\\\/ecodef-ihedn.fr\\\/#website\",\"url\":\"https:\\\/\\\/ecodef-ihedn.fr\\\/\",\"name\":\"Chaire \u00c9conomie de D\u00e9fense - IHEDN\",\"description\":\"Produire &amp; soutenir, f\u00e9d\u00e9rer &amp; diffuser, \u00eatre une interface\",\"publisher\":{\"@id\":\"https:\\\/\\\/ecodef-ihedn.fr\\\/#organization\"},\"potentialAction\":[{\"@type\":\"SearchAction\",\"target\":{\"@type\":\"EntryPoint\",\"urlTemplate\":\"https:\\\/\\\/ecodef-ihedn.fr\\\/?s={search_term_string}\"},\"query-input\":{\"@type\":\"PropertyValueSpecification\",\"valueRequired\":true,\"valueName\":\"search_term_string\"}}],\"inLanguage\":\"en-GB\"},{\"@type\":\"Organization\",\"@id\":\"https:\\\/\\\/ecodef-ihedn.fr\\\/#organization\",\"name\":\"Chaire \u00c9conomie de d\u00e9fense - IHEDN\",\"url\":\"https:\\\/\\\/ecodef-ihedn.fr\\\/\",\"logo\":{\"@type\":\"ImageObject\",\"inLanguage\":\"en-GB\",\"@id\":\"https:\\\/\\\/ecodef-ihedn.fr\\\/#\\\/schema\\\/logo\\\/image\\\/\",\"url\":\"https:\\\/\\\/ecodef-ihedn.fr\\\/wp-content\\\/uploads\\\/2020\\\/04\\\/logoEcodef9.jpg\",\"contentUrl\":\"https:\\\/\\\/ecodef-ihedn.fr\\\/wp-content\\\/uploads\\\/2020\\\/04\\\/logoEcodef9.jpg\",\"width\":410,\"height\":212,\"caption\":\"Chaire \u00c9conomie de d\u00e9fense - IHEDN\"},\"image\":{\"@id\":\"https:\\\/\\\/ecodef-ihedn.fr\\\/#\\\/schema\\\/logo\\\/image\\\/\"},\"sameAs\":[\"https:\\\/\\\/x.com\\\/Chaire_Ecodef\",\"https:\\\/\\\/www.linkedin.com\\\/company\\\/chaire-ecodef-ihedn\\\/\"]},{\"@type\":\"Person\",\"@id\":\"https:\\\/\\\/ecodef-ihedn.fr\\\/#\\\/schema\\\/person\\\/7b3f1a2d8fd336e0be2f9ff63ff0ebbc\",\"name\":\"dev\",\"image\":{\"@type\":\"ImageObject\",\"inLanguage\":\"en-GB\",\"@id\":\"https:\\\/\\\/secure.gravatar.com\\\/avatar\\\/f1ffcac9ca2fa95ad3ec33e9be3ade82f752acb0cabe541e56c5889225afa88a?s=96&d=mm&r=g\",\"url\":\"https:\\\/\\\/secure.gravatar.com\\\/avatar\\\/f1ffcac9ca2fa95ad3ec33e9be3ade82f752acb0cabe541e56c5889225afa88a?s=96&d=mm&r=g\",\"contentUrl\":\"https:\\\/\\\/secure.gravatar.com\\\/avatar\\\/f1ffcac9ca2fa95ad3ec33e9be3ade82f752acb0cabe541e56c5889225afa88a?s=96&d=mm&r=g\",\"caption\":\"dev\"},\"url\":\"https:\\\/\\\/ecodef-ihedn.fr\\\/en\\\/author\\\/dev\\\/\"}]}<\/script>\n<!-- \/ Yoast SEO plugin. -->","yoast_head_json":{"title":"\u00c9conomie de la S\u00e9curit\u00e9\u00a0: intervention de Jean Belin au CNRS - Chaire \u00c9conomie de d\u00e9fense - IHEDN","robots":{"index":"index","follow":"follow","max-snippet":"max-snippet:-1","max-image-preview":"max-image-preview:large","max-video-preview":"max-video-preview:-1"},"canonical":"https:\/\/ecodef-ihedn.fr\/en\/economie-de-la-securite-intervention-de-jean-belin-au-cnrs\/","og_locale":"en_GB","og_type":"article","og_title":"\u00c9conomie de la S\u00e9curit\u00e9\u00a0: intervention de Jean Belin au CNRS - Chaire \u00c9conomie de d\u00e9fense - IHEDN","og_description":"Journ\u00e9e de restitution PEPS \u00ab\u00a0S\u00e9curit\u00e9 des Soci\u00e9t\u00e9s et des Syst\u00e8mes &#8211; 3S\u00a0\u00bb \u2013 AAP 2017 du CNRS\u00a0 D\u00e9but 2017, la Mission pour l\u2019Interdisciplinarit\u00e9 du CNRS a lanc\u00e9 l&rsquo;Appel A Projets 2017 (AAP 2017)\u00a0dans le cadre d\u2019un nouveau\u00a0Projet Exploratoire Premier Soutien (PEPS) intitul\u00e9 \u00ab\u00a0S\u00e9curit\u00e9 des Soci\u00e9t\u00e9s et des Syst\u00e8mes \u2013 3S\u00a0\u00bb,\u00a0\u00e0 l\u2019interface entre sciences humaines et [&hellip;]","og_url":"https:\/\/ecodef-ihedn.fr\/en\/economie-de-la-securite-intervention-de-jean-belin-au-cnrs\/","og_site_name":"Chaire \u00c9conomie de d\u00e9fense - IHEDN","article_published_time":"2018-02-10T00:00:00+00:00","article_modified_time":"2020-04-09T13:00:58+00:00","og_image":[{"width":755,"height":414,"url":"https:\/\/ecodef-ihedn.fr\/wp-content\/uploads\/2020\/02\/ecole-militaire-paris-1.jpg","type":"image\/jpeg"}],"author":"dev","twitter_card":"summary_large_image","twitter_creator":"@Chaire_Ecodef","twitter_site":"@Chaire_Ecodef","twitter_misc":{"Written by":"dev","Estimated reading time":"1 minute"},"schema":{"@context":"https:\/\/schema.org","@graph":[{"@type":"Article","@id":"https:\/\/ecodef-ihedn.fr\/economie-de-la-securite-intervention-de-jean-belin-au-cnrs\/#article","isPartOf":{"@id":"https:\/\/ecodef-ihedn.fr\/economie-de-la-securite-intervention-de-jean-belin-au-cnrs\/"},"author":{"name":"dev","@id":"https:\/\/ecodef-ihedn.fr\/#\/schema\/person\/7b3f1a2d8fd336e0be2f9ff63ff0ebbc"},"headline":"\u00c9conomie de la S\u00e9curit\u00e9\u00a0: intervention de Jean Belin au CNRS","datePublished":"2018-02-10T00:00:00+00:00","dateModified":"2020-04-09T13:00:58+00:00","mainEntityOfPage":{"@id":"https:\/\/ecodef-ihedn.fr\/economie-de-la-securite-intervention-de-jean-belin-au-cnrs\/"},"wordCount":194,"commentCount":0,"publisher":{"@id":"https:\/\/ecodef-ihedn.fr\/#organization"},"image":{"@id":"https:\/\/ecodef-ihedn.fr\/economie-de-la-securite-intervention-de-jean-belin-au-cnrs\/#primaryimage"},"thumbnailUrl":"https:\/\/ecodef-ihedn.fr\/wp-content\/uploads\/2020\/02\/ecole-militaire-paris-1.jpg","keywords":["Belin","CNRS","\u00e9conomie de d\u00e9fense","PEPS","s\u00e9curit\u00e9"],"articleSection":["Activit\u00e9s : participation de la Chaire \u00e0 un \u00e9v\u00e9nement"],"inLanguage":"en-GB","potentialAction":[{"@type":"CommentAction","name":"Comment","target":["https:\/\/ecodef-ihedn.fr\/economie-de-la-securite-intervention-de-jean-belin-au-cnrs\/#respond"]}]},{"@type":"WebPage","@id":"https:\/\/ecodef-ihedn.fr\/economie-de-la-securite-intervention-de-jean-belin-au-cnrs\/","url":"https:\/\/ecodef-ihedn.fr\/economie-de-la-securite-intervention-de-jean-belin-au-cnrs\/","name":"\u00c9conomie de la S\u00e9curit\u00e9\u00a0: intervention de Jean Belin au CNRS - Chaire \u00c9conomie de d\u00e9fense - IHEDN","isPartOf":{"@id":"https:\/\/ecodef-ihedn.fr\/#website"},"primaryImageOfPage":{"@id":"https:\/\/ecodef-ihedn.fr\/economie-de-la-securite-intervention-de-jean-belin-au-cnrs\/#primaryimage"},"image":{"@id":"https:\/\/ecodef-ihedn.fr\/economie-de-la-securite-intervention-de-jean-belin-au-cnrs\/#primaryimage"},"thumbnailUrl":"https:\/\/ecodef-ihedn.fr\/wp-content\/uploads\/2020\/02\/ecole-militaire-paris-1.jpg","datePublished":"2018-02-10T00:00:00+00:00","dateModified":"2020-04-09T13:00:58+00:00","breadcrumb":{"@id":"https:\/\/ecodef-ihedn.fr\/economie-de-la-securite-intervention-de-jean-belin-au-cnrs\/#breadcrumb"},"inLanguage":"en-GB","potentialAction":[{"@type":"ReadAction","target":["https:\/\/ecodef-ihedn.fr\/economie-de-la-securite-intervention-de-jean-belin-au-cnrs\/"]}]},{"@type":"ImageObject","inLanguage":"en-GB","@id":"https:\/\/ecodef-ihedn.fr\/economie-de-la-securite-intervention-de-jean-belin-au-cnrs\/#primaryimage","url":"https:\/\/ecodef-ihedn.fr\/wp-content\/uploads\/2020\/02\/ecole-militaire-paris-1.jpg","contentUrl":"https:\/\/ecodef-ihedn.fr\/wp-content\/uploads\/2020\/02\/ecole-militaire-paris-1.jpg","width":755,"height":414},{"@type":"BreadcrumbList","@id":"https:\/\/ecodef-ihedn.fr\/economie-de-la-securite-intervention-de-jean-belin-au-cnrs\/#breadcrumb","itemListElement":[{"@type":"ListItem","position":1,"name":"Accueil","item":"https:\/\/ecodef-ihedn.fr\/"},{"@type":"ListItem","position":2,"name":"\u00c9conomie de la S\u00e9curit\u00e9\u00a0: intervention de Jean Belin au CNRS"}]},{"@type":"WebSite","@id":"https:\/\/ecodef-ihedn.fr\/#website","url":"https:\/\/ecodef-ihedn.fr\/","name":"Chair in Defence Economics - IHEDN","description":"Produce &amp; support, federate &amp; disseminate, act as an interface","publisher":{"@id":"https:\/\/ecodef-ihedn.fr\/#organization"},"potentialAction":[{"@type":"SearchAction","target":{"@type":"EntryPoint","urlTemplate":"https:\/\/ecodef-ihedn.fr\/?s={search_term_string}"},"query-input":{"@type":"PropertyValueSpecification","valueRequired":true,"valueName":"search_term_string"}}],"inLanguage":"en-GB"},{"@type":"Organization","@id":"https:\/\/ecodef-ihedn.fr\/#organization","name":"Chair in Defence Economics - IHEDN","url":"https:\/\/ecodef-ihedn.fr\/","logo":{"@type":"ImageObject","inLanguage":"en-GB","@id":"https:\/\/ecodef-ihedn.fr\/#\/schema\/logo\/image\/","url":"https:\/\/ecodef-ihedn.fr\/wp-content\/uploads\/2020\/04\/logoEcodef9.jpg","contentUrl":"https:\/\/ecodef-ihedn.fr\/wp-content\/uploads\/2020\/04\/logoEcodef9.jpg","width":410,"height":212,"caption":"Chaire \u00c9conomie de d\u00e9fense - IHEDN"},"image":{"@id":"https:\/\/ecodef-ihedn.fr\/#\/schema\/logo\/image\/"},"sameAs":["https:\/\/x.com\/Chaire_Ecodef","https:\/\/www.linkedin.com\/company\/chaire-ecodef-ihedn\/"]},{"@type":"Person","@id":"https:\/\/ecodef-ihedn.fr\/#\/schema\/person\/7b3f1a2d8fd336e0be2f9ff63ff0ebbc","name":"dev","image":{"@type":"ImageObject","inLanguage":"en-GB","@id":"https:\/\/secure.gravatar.com\/avatar\/f1ffcac9ca2fa95ad3ec33e9be3ade82f752acb0cabe541e56c5889225afa88a?s=96&d=mm&r=g","url":"https:\/\/secure.gravatar.com\/avatar\/f1ffcac9ca2fa95ad3ec33e9be3ade82f752acb0cabe541e56c5889225afa88a?s=96&d=mm&r=g","contentUrl":"https:\/\/secure.gravatar.com\/avatar\/f1ffcac9ca2fa95ad3ec33e9be3ade82f752acb0cabe541e56c5889225afa88a?s=96&d=mm&r=g","caption":"dev"},"url":"https:\/\/ecodef-ihedn.fr\/en\/author\/dev\/"}]}},"_links":{"self":[{"href":"https:\/\/ecodef-ihedn.fr\/en\/wp-json\/wp\/v2\/posts\/1038","targetHints":{"allow":["GET"]}}],"collection":[{"href":"https:\/\/ecodef-ihedn.fr\/en\/wp-json\/wp\/v2\/posts"}],"about":[{"href":"https:\/\/ecodef-ihedn.fr\/en\/wp-json\/wp\/v2\/types\/post"}],"author":[{"embeddable":true,"href":"https:\/\/ecodef-ihedn.fr\/en\/wp-json\/wp\/v2\/users\/1"}],"replies":[{"embeddable":true,"href":"https:\/\/ecodef-ihedn.fr\/en\/wp-json\/wp\/v2\/comments?post=1038"}],"version-history":[{"count":1,"href":"https:\/\/ecodef-ihedn.fr\/en\/wp-json\/wp\/v2\/posts\/1038\/revisions"}],"predecessor-version":[{"id":1315,"href":"https:\/\/ecodef-ihedn.fr\/en\/wp-json\/wp\/v2\/posts\/1038\/revisions\/1315"}],"wp:featuredmedia":[{"embeddable":true,"href":"https:\/\/ecodef-ihedn.fr\/en\/wp-json\/wp\/v2\/media\/564"}],"wp:attachment":[{"href":"https:\/\/ecodef-ihedn.fr\/en\/wp-json\/wp\/v2\/media?parent=1038"}],"wp:term":[{"taxonomy":"category","embeddable":true,"href":"https:\/\/ecodef-ihedn.fr\/en\/wp-json\/wp\/v2\/categories?post=1038"},{"taxonomy":"post_tag","embeddable":true,"href":"https:\/\/ecodef-ihedn.fr\/en\/wp-json\/wp\/v2\/tags?post=1038"}],"curies":[{"name":"wp","href":"https:\/\/api.w.org\/{rel}","templated":true}]}}