{"id":1046,"date":"2018-05-04T00:00:00","date_gmt":"2018-05-04T00:00:00","guid":{"rendered":"https:\/\/ecodef-ihedn.fr\/prix-deconomie-de-la-defense-2018-appel-a-candidatures\/"},"modified":"2020-04-10T08:38:29","modified_gmt":"2020-04-10T08:38:29","slug":"prix-deconomie-de-la-defense-2018-appel-a-candidatures","status":"publish","type":"post","link":"https:\/\/ecodef-ihedn.fr\/en\/prix-deconomie-de-la-defense-2018-appel-a-candidatures\/","title":{"rendered":"Defence Economics Prize 2018 - call for entries"},"content":{"rendered":"<p style=\"text-align: justify\">The Ministry of Defence rewards the best <strong>academic production<\/strong> in <strong>defence economics<\/strong> with a prize value of <strong>5,000 euros<\/strong>. Applications must be submitted by <strong>15 July 2018.<\/strong><\/p>\n<p style=\"text-align: justify\">For more information, click here: <a href=\"http:\/\/www.defense.gouv.fr\/sga\/le-sga-en-action\/economie-et-statistiques\/evenements\/prix-economie\" target=\"_blank\" rel=\"noopener noreferrer\">http:\/\/www.defense.gouv.fr\/sga\/le-sga-en-action\/economie-et-statistiques\/evenements\/prix-economie<\/a><\/p>\n<p style=\"text-align: justify\">Le <strong>Defence Economics Prize 2015<\/strong> was awarded to <strong><a href=\"https:\/\/www.defense.gouv.fr\/sga\/le-sga-en-action\/economie-et-statistiques\/evenements\/prix-economie\" target=\"_blank\" rel=\"noopener noreferrer\">Josselin Droff<\/a>,<\/strong> researcher at the Economics of Defence Chair for his <strong>doctoral thesis in<\/strong> <strong>economics<\/strong> (CNU, section 05) entitled: \u00ab\u00a0<a href=\"https:\/\/tel.archives-ouvertes.fr\/tel-01089240\/file\/These-2013-EDSM-Sciences_economiques-DROFF_Josselin.pdf\" target=\"_blank\" rel=\"noopener noreferrer\">The Space Factor in Defence Economics: Application to the Organisation of the Maintenance in Operational Condition (MCO) of Defence Equipment<\/a>\u00ab\u00a0.<\/p>\n<p><a href=\"https:\/\/ecodef-ihedn.fr\/wp-content\/uploads\/2020\/04\/ministere_armees.jpg\"><img loading=\"lazy\" decoding=\"async\" class=\"aligncenter size-thumbnail wp-image-6052\" src=\"https:\/\/ecodef-ihedn.fr\/wp-content\/uploads\/2020\/04\/ministere_armees-150x150.jpg\" alt=\"\" width=\"150\" height=\"150\" \/><\/a><\/p>","protected":false},"excerpt":{"rendered":"<p>Le minist\u00e8re des Arm\u00e9es r\u00e9compense la meilleure production acad\u00e9mique en mati\u00e8re d\u2019\u00e9conomie de d\u00e9fense avec un prix d\u2019une valeur de 5\u00a0000 euros. Le dossier est \u00e0 transmettre d\u2019ici au 15 juillet 2018. Plus d\u2019informations ici : http:\/\/www.defense.gouv.fr\/sga\/le-sga-en-action\/economie-et-statistiques\/evenements\/prix-economie Le prix d\u2019\u00e9conomie de la D\u00e9fense 2015 a \u00e9t\u00e9 remis \u00e0 Josselin Droff, chercheur \u00e0 la chaire \u00c9conomie [&hellip;]<\/p>\n","protected":false},"author":1,"featured_media":1047,"comment_status":"open","ping_status":"open","sticky":false,"template":"","format":"standard","meta":{"footnotes":""},"categories":[360],"tags":[95,96,56],"class_list":{"0":"post-1046","1":"post","2":"type-post","3":"status-publish","4":"format-standard","5":"has-post-thumbnail","7":"category-actualites-du-reseau","8":"tag-ministere-des-armees","9":"tag-oed","10":"tag-prix-deconomie-de-la-defense"},"yoast_head":"<!-- This site is optimized with the Yoast SEO plugin v27.4 - https:\/\/yoast.com\/product\/yoast-seo-wordpress\/ -->\n<title>Prix d&#039;\u00e9conomie de la d\u00e9fense 2018 - appel \u00e0 candidatures - Chaire \u00c9conomie de d\u00e9fense - IHEDN<\/title>\n<meta name=\"robots\" content=\"index, follow, max-snippet:-1, max-image-preview:large, max-video-preview:-1\" \/>\n<link rel=\"canonical\" href=\"https:\/\/ecodef-ihedn.fr\/en\/prix-deconomie-de-la-defense-2018-appel-a-candidatures\/\" \/>\n<meta property=\"og:locale\" content=\"en_GB\" \/>\n<meta property=\"og:type\" content=\"article\" \/>\n<meta property=\"og:title\" content=\"Prix d&#039;\u00e9conomie de la d\u00e9fense 2018 - appel \u00e0 candidatures - Chaire \u00c9conomie de d\u00e9fense - IHEDN\" \/>\n<meta property=\"og:description\" content=\"Le minist\u00e8re des Arm\u00e9es r\u00e9compense la meilleure production acad\u00e9mique en mati\u00e8re d\u2019\u00e9conomie de d\u00e9fense avec un prix d\u2019une valeur de 5\u00a0000 euros. Le dossier est \u00e0 transmettre d\u2019ici au 15 juillet 2018. Plus d\u2019informations ici : http:\/\/www.defense.gouv.fr\/sga\/le-sga-en-action\/economie-et-statistiques\/evenements\/prix-economie Le prix d\u2019\u00e9conomie de la D\u00e9fense 2015 a \u00e9t\u00e9 remis \u00e0 Josselin Droff, chercheur \u00e0 la chaire \u00c9conomie [&hellip;]\" \/>\n<meta property=\"og:url\" content=\"https:\/\/ecodef-ihedn.fr\/en\/prix-deconomie-de-la-defense-2018-appel-a-candidatures\/\" \/>\n<meta property=\"og:site_name\" content=\"Chaire \u00c9conomie de d\u00e9fense - IHEDN\" \/>\n<meta property=\"article:published_time\" content=\"2018-05-04T00:00:00+00:00\" \/>\n<meta property=\"article:modified_time\" content=\"2020-04-10T08:38:29+00:00\" \/>\n<meta property=\"og:image\" content=\"https:\/\/ecodef-ihedn.fr\/wp-content\/uploads\/2020\/04\/ministere_armees.jpg\" \/>\n\t<meta property=\"og:image:width\" content=\"900\" \/>\n\t<meta property=\"og:image:height\" content=\"900\" \/>\n\t<meta property=\"og:image:type\" content=\"image\/jpeg\" \/>\n<meta name=\"author\" content=\"dev\" \/>\n<meta name=\"twitter:card\" content=\"summary_large_image\" \/>\n<meta name=\"twitter:creator\" content=\"@Chaire_Ecodef\" \/>\n<meta name=\"twitter:site\" content=\"@Chaire_Ecodef\" \/>\n<meta name=\"twitter:label1\" content=\"Written by\" \/>\n\t<meta name=\"twitter:data1\" content=\"dev\" \/>\n\t<meta name=\"twitter:label2\" content=\"Estimated reading time\" \/>\n\t<meta name=\"twitter:data2\" content=\"1 minute\" \/>\n<script type=\"application\/ld+json\" class=\"yoast-schema-graph\">{\"@context\":\"https:\\\/\\\/schema.org\",\"@graph\":[{\"@type\":\"Article\",\"@id\":\"https:\\\/\\\/ecodef-ihedn.fr\\\/prix-deconomie-de-la-defense-2018-appel-a-candidatures\\\/#article\",\"isPartOf\":{\"@id\":\"https:\\\/\\\/ecodef-ihedn.fr\\\/prix-deconomie-de-la-defense-2018-appel-a-candidatures\\\/\"},\"author\":{\"name\":\"dev\",\"@id\":\"https:\\\/\\\/ecodef-ihedn.fr\\\/#\\\/schema\\\/person\\\/7b3f1a2d8fd336e0be2f9ff63ff0ebbc\"},\"headline\":\"Prix d&rsquo;\u00e9conomie de la d\u00e9fense 2018 &#8211; appel \u00e0 candidatures\",\"datePublished\":\"2018-05-04T00:00:00+00:00\",\"dateModified\":\"2020-04-10T08:38:29+00:00\",\"mainEntityOfPage\":{\"@id\":\"https:\\\/\\\/ecodef-ihedn.fr\\\/prix-deconomie-de-la-defense-2018-appel-a-candidatures\\\/\"},\"wordCount\":119,\"commentCount\":0,\"publisher\":{\"@id\":\"https:\\\/\\\/ecodef-ihedn.fr\\\/#organization\"},\"image\":{\"@id\":\"https:\\\/\\\/ecodef-ihedn.fr\\\/prix-deconomie-de-la-defense-2018-appel-a-candidatures\\\/#primaryimage\"},\"thumbnailUrl\":\"https:\\\/\\\/ecodef-ihedn.fr\\\/wp-content\\\/uploads\\\/2020\\\/04\\\/ministere_armees.jpg\",\"keywords\":[\"Minist\u00e8re des Arm\u00e9es\",\"OED\",\"prix d'\u00e9conomie de la D\u00e9fense\"],\"articleSection\":[\"Actualit\u00e9s du r\u00e9seau\"],\"inLanguage\":\"en-GB\",\"potentialAction\":[{\"@type\":\"CommentAction\",\"name\":\"Comment\",\"target\":[\"https:\\\/\\\/ecodef-ihedn.fr\\\/prix-deconomie-de-la-defense-2018-appel-a-candidatures\\\/#respond\"]}]},{\"@type\":\"WebPage\",\"@id\":\"https:\\\/\\\/ecodef-ihedn.fr\\\/prix-deconomie-de-la-defense-2018-appel-a-candidatures\\\/\",\"url\":\"https:\\\/\\\/ecodef-ihedn.fr\\\/prix-deconomie-de-la-defense-2018-appel-a-candidatures\\\/\",\"name\":\"Prix d'\u00e9conomie de la d\u00e9fense 2018 - appel \u00e0 candidatures - Chaire \u00c9conomie de d\u00e9fense - IHEDN\",\"isPartOf\":{\"@id\":\"https:\\\/\\\/ecodef-ihedn.fr\\\/#website\"},\"primaryImageOfPage\":{\"@id\":\"https:\\\/\\\/ecodef-ihedn.fr\\\/prix-deconomie-de-la-defense-2018-appel-a-candidatures\\\/#primaryimage\"},\"image\":{\"@id\":\"https:\\\/\\\/ecodef-ihedn.fr\\\/prix-deconomie-de-la-defense-2018-appel-a-candidatures\\\/#primaryimage\"},\"thumbnailUrl\":\"https:\\\/\\\/ecodef-ihedn.fr\\\/wp-content\\\/uploads\\\/2020\\\/04\\\/ministere_armees.jpg\",\"datePublished\":\"2018-05-04T00:00:00+00:00\",\"dateModified\":\"2020-04-10T08:38:29+00:00\",\"breadcrumb\":{\"@id\":\"https:\\\/\\\/ecodef-ihedn.fr\\\/prix-deconomie-de-la-defense-2018-appel-a-candidatures\\\/#breadcrumb\"},\"inLanguage\":\"en-GB\",\"potentialAction\":[{\"@type\":\"ReadAction\",\"target\":[\"https:\\\/\\\/ecodef-ihedn.fr\\\/prix-deconomie-de-la-defense-2018-appel-a-candidatures\\\/\"]}]},{\"@type\":\"ImageObject\",\"inLanguage\":\"en-GB\",\"@id\":\"https:\\\/\\\/ecodef-ihedn.fr\\\/prix-deconomie-de-la-defense-2018-appel-a-candidatures\\\/#primaryimage\",\"url\":\"https:\\\/\\\/ecodef-ihedn.fr\\\/wp-content\\\/uploads\\\/2020\\\/04\\\/ministere_armees.jpg\",\"contentUrl\":\"https:\\\/\\\/ecodef-ihedn.fr\\\/wp-content\\\/uploads\\\/2020\\\/04\\\/ministere_armees.jpg\",\"width\":900,\"height\":900},{\"@type\":\"BreadcrumbList\",\"@id\":\"https:\\\/\\\/ecodef-ihedn.fr\\\/prix-deconomie-de-la-defense-2018-appel-a-candidatures\\\/#breadcrumb\",\"itemListElement\":[{\"@type\":\"ListItem\",\"position\":1,\"name\":\"Accueil\",\"item\":\"https:\\\/\\\/ecodef-ihedn.fr\\\/\"},{\"@type\":\"ListItem\",\"position\":2,\"name\":\"Prix d&#8217;\u00e9conomie de la d\u00e9fense 2018 &#8211; appel \u00e0 candidatures\"}]},{\"@type\":\"WebSite\",\"@id\":\"https:\\\/\\\/ecodef-ihedn.fr\\\/#website\",\"url\":\"https:\\\/\\\/ecodef-ihedn.fr\\\/\",\"name\":\"Chaire \u00c9conomie de D\u00e9fense - IHEDN\",\"description\":\"Produire &amp; soutenir, f\u00e9d\u00e9rer &amp; diffuser, \u00eatre une interface\",\"publisher\":{\"@id\":\"https:\\\/\\\/ecodef-ihedn.fr\\\/#organization\"},\"potentialAction\":[{\"@type\":\"SearchAction\",\"target\":{\"@type\":\"EntryPoint\",\"urlTemplate\":\"https:\\\/\\\/ecodef-ihedn.fr\\\/?s={search_term_string}\"},\"query-input\":{\"@type\":\"PropertyValueSpecification\",\"valueRequired\":true,\"valueName\":\"search_term_string\"}}],\"inLanguage\":\"en-GB\"},{\"@type\":\"Organization\",\"@id\":\"https:\\\/\\\/ecodef-ihedn.fr\\\/#organization\",\"name\":\"Chaire \u00c9conomie de d\u00e9fense - IHEDN\",\"url\":\"https:\\\/\\\/ecodef-ihedn.fr\\\/\",\"logo\":{\"@type\":\"ImageObject\",\"inLanguage\":\"en-GB\",\"@id\":\"https:\\\/\\\/ecodef-ihedn.fr\\\/#\\\/schema\\\/logo\\\/image\\\/\",\"url\":\"https:\\\/\\\/ecodef-ihedn.fr\\\/wp-content\\\/uploads\\\/2020\\\/04\\\/logoEcodef9.jpg\",\"contentUrl\":\"https:\\\/\\\/ecodef-ihedn.fr\\\/wp-content\\\/uploads\\\/2020\\\/04\\\/logoEcodef9.jpg\",\"width\":410,\"height\":212,\"caption\":\"Chaire \u00c9conomie de d\u00e9fense - IHEDN\"},\"image\":{\"@id\":\"https:\\\/\\\/ecodef-ihedn.fr\\\/#\\\/schema\\\/logo\\\/image\\\/\"},\"sameAs\":[\"https:\\\/\\\/x.com\\\/Chaire_Ecodef\",\"https:\\\/\\\/www.linkedin.com\\\/company\\\/chaire-ecodef-ihedn\\\/\"]},{\"@type\":\"Person\",\"@id\":\"https:\\\/\\\/ecodef-ihedn.fr\\\/#\\\/schema\\\/person\\\/7b3f1a2d8fd336e0be2f9ff63ff0ebbc\",\"name\":\"dev\",\"image\":{\"@type\":\"ImageObject\",\"inLanguage\":\"en-GB\",\"@id\":\"https:\\\/\\\/secure.gravatar.com\\\/avatar\\\/f1ffcac9ca2fa95ad3ec33e9be3ade82f752acb0cabe541e56c5889225afa88a?s=96&d=mm&r=g\",\"url\":\"https:\\\/\\\/secure.gravatar.com\\\/avatar\\\/f1ffcac9ca2fa95ad3ec33e9be3ade82f752acb0cabe541e56c5889225afa88a?s=96&d=mm&r=g\",\"contentUrl\":\"https:\\\/\\\/secure.gravatar.com\\\/avatar\\\/f1ffcac9ca2fa95ad3ec33e9be3ade82f752acb0cabe541e56c5889225afa88a?s=96&d=mm&r=g\",\"caption\":\"dev\"},\"url\":\"https:\\\/\\\/ecodef-ihedn.fr\\\/en\\\/author\\\/dev\\\/\"}]}<\/script>\n<!-- \/ Yoast SEO plugin. -->","yoast_head_json":{"title":"Prix d'\u00e9conomie de la d\u00e9fense 2018 - appel \u00e0 candidatures - Chaire \u00c9conomie de d\u00e9fense - IHEDN","robots":{"index":"index","follow":"follow","max-snippet":"max-snippet:-1","max-image-preview":"max-image-preview:large","max-video-preview":"max-video-preview:-1"},"canonical":"https:\/\/ecodef-ihedn.fr\/en\/prix-deconomie-de-la-defense-2018-appel-a-candidatures\/","og_locale":"en_GB","og_type":"article","og_title":"Prix d'\u00e9conomie de la d\u00e9fense 2018 - appel \u00e0 candidatures - Chaire \u00c9conomie de d\u00e9fense - IHEDN","og_description":"Le minist\u00e8re des Arm\u00e9es r\u00e9compense la meilleure production acad\u00e9mique en mati\u00e8re d\u2019\u00e9conomie de d\u00e9fense avec un prix d\u2019une valeur de 5\u00a0000 euros. Le dossier est \u00e0 transmettre d\u2019ici au 15 juillet 2018. Plus d\u2019informations ici : http:\/\/www.defense.gouv.fr\/sga\/le-sga-en-action\/economie-et-statistiques\/evenements\/prix-economie Le prix d\u2019\u00e9conomie de la D\u00e9fense 2015 a \u00e9t\u00e9 remis \u00e0 Josselin Droff, chercheur \u00e0 la chaire \u00c9conomie [&hellip;]","og_url":"https:\/\/ecodef-ihedn.fr\/en\/prix-deconomie-de-la-defense-2018-appel-a-candidatures\/","og_site_name":"Chaire \u00c9conomie de d\u00e9fense - IHEDN","article_published_time":"2018-05-04T00:00:00+00:00","article_modified_time":"2020-04-10T08:38:29+00:00","og_image":[{"width":900,"height":900,"url":"https:\/\/ecodef-ihedn.fr\/wp-content\/uploads\/2020\/04\/ministere_armees.jpg","type":"image\/jpeg"}],"author":"dev","twitter_card":"summary_large_image","twitter_creator":"@Chaire_Ecodef","twitter_site":"@Chaire_Ecodef","twitter_misc":{"Written by":"dev","Estimated reading time":"1 minute"},"schema":{"@context":"https:\/\/schema.org","@graph":[{"@type":"Article","@id":"https:\/\/ecodef-ihedn.fr\/prix-deconomie-de-la-defense-2018-appel-a-candidatures\/#article","isPartOf":{"@id":"https:\/\/ecodef-ihedn.fr\/prix-deconomie-de-la-defense-2018-appel-a-candidatures\/"},"author":{"name":"dev","@id":"https:\/\/ecodef-ihedn.fr\/#\/schema\/person\/7b3f1a2d8fd336e0be2f9ff63ff0ebbc"},"headline":"Prix d&rsquo;\u00e9conomie de la d\u00e9fense 2018 &#8211; appel \u00e0 candidatures","datePublished":"2018-05-04T00:00:00+00:00","dateModified":"2020-04-10T08:38:29+00:00","mainEntityOfPage":{"@id":"https:\/\/ecodef-ihedn.fr\/prix-deconomie-de-la-defense-2018-appel-a-candidatures\/"},"wordCount":119,"commentCount":0,"publisher":{"@id":"https:\/\/ecodef-ihedn.fr\/#organization"},"image":{"@id":"https:\/\/ecodef-ihedn.fr\/prix-deconomie-de-la-defense-2018-appel-a-candidatures\/#primaryimage"},"thumbnailUrl":"https:\/\/ecodef-ihedn.fr\/wp-content\/uploads\/2020\/04\/ministere_armees.jpg","keywords":["Minist\u00e8re des Arm\u00e9es","OED","prix d'\u00e9conomie de la D\u00e9fense"],"articleSection":["Actualit\u00e9s du r\u00e9seau"],"inLanguage":"en-GB","potentialAction":[{"@type":"CommentAction","name":"Comment","target":["https:\/\/ecodef-ihedn.fr\/prix-deconomie-de-la-defense-2018-appel-a-candidatures\/#respond"]}]},{"@type":"WebPage","@id":"https:\/\/ecodef-ihedn.fr\/prix-deconomie-de-la-defense-2018-appel-a-candidatures\/","url":"https:\/\/ecodef-ihedn.fr\/prix-deconomie-de-la-defense-2018-appel-a-candidatures\/","name":"Prix d'\u00e9conomie de la d\u00e9fense 2018 - appel \u00e0 candidatures - Chaire \u00c9conomie de d\u00e9fense - IHEDN","isPartOf":{"@id":"https:\/\/ecodef-ihedn.fr\/#website"},"primaryImageOfPage":{"@id":"https:\/\/ecodef-ihedn.fr\/prix-deconomie-de-la-defense-2018-appel-a-candidatures\/#primaryimage"},"image":{"@id":"https:\/\/ecodef-ihedn.fr\/prix-deconomie-de-la-defense-2018-appel-a-candidatures\/#primaryimage"},"thumbnailUrl":"https:\/\/ecodef-ihedn.fr\/wp-content\/uploads\/2020\/04\/ministere_armees.jpg","datePublished":"2018-05-04T00:00:00+00:00","dateModified":"2020-04-10T08:38:29+00:00","breadcrumb":{"@id":"https:\/\/ecodef-ihedn.fr\/prix-deconomie-de-la-defense-2018-appel-a-candidatures\/#breadcrumb"},"inLanguage":"en-GB","potentialAction":[{"@type":"ReadAction","target":["https:\/\/ecodef-ihedn.fr\/prix-deconomie-de-la-defense-2018-appel-a-candidatures\/"]}]},{"@type":"ImageObject","inLanguage":"en-GB","@id":"https:\/\/ecodef-ihedn.fr\/prix-deconomie-de-la-defense-2018-appel-a-candidatures\/#primaryimage","url":"https:\/\/ecodef-ihedn.fr\/wp-content\/uploads\/2020\/04\/ministere_armees.jpg","contentUrl":"https:\/\/ecodef-ihedn.fr\/wp-content\/uploads\/2020\/04\/ministere_armees.jpg","width":900,"height":900},{"@type":"BreadcrumbList","@id":"https:\/\/ecodef-ihedn.fr\/prix-deconomie-de-la-defense-2018-appel-a-candidatures\/#breadcrumb","itemListElement":[{"@type":"ListItem","position":1,"name":"Accueil","item":"https:\/\/ecodef-ihedn.fr\/"},{"@type":"ListItem","position":2,"name":"Prix d&#8217;\u00e9conomie de la d\u00e9fense 2018 &#8211; appel \u00e0 candidatures"}]},{"@type":"WebSite","@id":"https:\/\/ecodef-ihedn.fr\/#website","url":"https:\/\/ecodef-ihedn.fr\/","name":"Chair in Defence Economics - IHEDN","description":"Produce &amp; support, federate &amp; disseminate, act as an interface","publisher":{"@id":"https:\/\/ecodef-ihedn.fr\/#organization"},"potentialAction":[{"@type":"SearchAction","target":{"@type":"EntryPoint","urlTemplate":"https:\/\/ecodef-ihedn.fr\/?s={search_term_string}"},"query-input":{"@type":"PropertyValueSpecification","valueRequired":true,"valueName":"search_term_string"}}],"inLanguage":"en-GB"},{"@type":"Organization","@id":"https:\/\/ecodef-ihedn.fr\/#organization","name":"Chair in Defence Economics - IHEDN","url":"https:\/\/ecodef-ihedn.fr\/","logo":{"@type":"ImageObject","inLanguage":"en-GB","@id":"https:\/\/ecodef-ihedn.fr\/#\/schema\/logo\/image\/","url":"https:\/\/ecodef-ihedn.fr\/wp-content\/uploads\/2020\/04\/logoEcodef9.jpg","contentUrl":"https:\/\/ecodef-ihedn.fr\/wp-content\/uploads\/2020\/04\/logoEcodef9.jpg","width":410,"height":212,"caption":"Chaire \u00c9conomie de d\u00e9fense - IHEDN"},"image":{"@id":"https:\/\/ecodef-ihedn.fr\/#\/schema\/logo\/image\/"},"sameAs":["https:\/\/x.com\/Chaire_Ecodef","https:\/\/www.linkedin.com\/company\/chaire-ecodef-ihedn\/"]},{"@type":"Person","@id":"https:\/\/ecodef-ihedn.fr\/#\/schema\/person\/7b3f1a2d8fd336e0be2f9ff63ff0ebbc","name":"dev","image":{"@type":"ImageObject","inLanguage":"en-GB","@id":"https:\/\/secure.gravatar.com\/avatar\/f1ffcac9ca2fa95ad3ec33e9be3ade82f752acb0cabe541e56c5889225afa88a?s=96&d=mm&r=g","url":"https:\/\/secure.gravatar.com\/avatar\/f1ffcac9ca2fa95ad3ec33e9be3ade82f752acb0cabe541e56c5889225afa88a?s=96&d=mm&r=g","contentUrl":"https:\/\/secure.gravatar.com\/avatar\/f1ffcac9ca2fa95ad3ec33e9be3ade82f752acb0cabe541e56c5889225afa88a?s=96&d=mm&r=g","caption":"dev"},"url":"https:\/\/ecodef-ihedn.fr\/en\/author\/dev\/"}]}},"_links":{"self":[{"href":"https:\/\/ecodef-ihedn.fr\/en\/wp-json\/wp\/v2\/posts\/1046","targetHints":{"allow":["GET"]}}],"collection":[{"href":"https:\/\/ecodef-ihedn.fr\/en\/wp-json\/wp\/v2\/posts"}],"about":[{"href":"https:\/\/ecodef-ihedn.fr\/en\/wp-json\/wp\/v2\/types\/post"}],"author":[{"embeddable":true,"href":"https:\/\/ecodef-ihedn.fr\/en\/wp-json\/wp\/v2\/users\/1"}],"replies":[{"embeddable":true,"href":"https:\/\/ecodef-ihedn.fr\/en\/wp-json\/wp\/v2\/comments?post=1046"}],"version-history":[{"count":2,"href":"https:\/\/ecodef-ihedn.fr\/en\/wp-json\/wp\/v2\/posts\/1046\/revisions"}],"predecessor-version":[{"id":1558,"href":"https:\/\/ecodef-ihedn.fr\/en\/wp-json\/wp\/v2\/posts\/1046\/revisions\/1558"}],"wp:featuredmedia":[{"embeddable":true,"href":"https:\/\/ecodef-ihedn.fr\/en\/wp-json\/wp\/v2\/media\/1047"}],"wp:attachment":[{"href":"https:\/\/ecodef-ihedn.fr\/en\/wp-json\/wp\/v2\/media?parent=1046"}],"wp:term":[{"taxonomy":"category","embeddable":true,"href":"https:\/\/ecodef-ihedn.fr\/en\/wp-json\/wp\/v2\/categories?post=1046"},{"taxonomy":"post_tag","embeddable":true,"href":"https:\/\/ecodef-ihedn.fr\/en\/wp-json\/wp\/v2\/tags?post=1046"}],"curies":[{"name":"wp","href":"https:\/\/api.w.org\/{rel}","templated":true}]}}