{"id":1048,"date":"2018-05-15T00:00:00","date_gmt":"2018-05-15T00:00:00","guid":{"rendered":"https:\/\/ecodef-ihedn.fr\/rencontre-debat-les-enjeux-du-mco-aeronautique-et-de-defense-paris-22-mai-2018\/"},"modified":"2020-04-10T08:38:23","modified_gmt":"2020-04-10T08:38:23","slug":"rencontre-debat-les-enjeux-du-mco-aeronautique-et-de-defense-paris-22-mai-2018","status":"publish","type":"post","link":"https:\/\/ecodef-ihedn.fr\/en\/rencontre-debat-les-enjeux-du-mco-aeronautique-et-de-defense-paris-22-mai-2018\/","title":{"rendered":"Meeting - debate \u00abThe challenges of aeronautical and defence MCO\u00bb, Paris - 22 May 2018"},"content":{"rendered":"<p>The organising committee of\u2019<a href=\"http:\/\/www.adsshow.eu\/\" target=\"_blank\" rel=\"noopener noreferrer\"><strong>ADS SHOW 2018<\/strong><\/a> offers a <strong>meeting - debate<\/strong> on the theme :<\/p>\n<p style=\"text-align: center\"><strong>\u00abTHE CHALLENGES FACING THE AEROSPACE AND DEFENCE MCO\u00bb<\/strong><\/p>\n<p>Le <strong>Tuesday 22 May 2018 at 11 a.m.<\/strong> to the <strong>Maison de la Nouvelle-Aquitaine<\/strong> 21 rue des Pyramides - 75001 Paris - M\u00e9tro Pyramides<\/p>\n<p><span style=\"text-decoration: underline\">With the participation of<\/span> :<br \/>\n\u2022 <strong>Alain ROUSSET<\/strong>, President of the Conseil R\u00e9gional de Nouvelle-Aquitaine<br \/>\n\u2022 <strong>\u00c9ric TRAPPIER<\/strong>, Chairman of <a href=\"https:\/\/www.gifas.asso.fr\/\" target=\"_blank\" rel=\"noopener noreferrer\">GIFAS<\/a> (Groupement des Industries Fran\u00e7aises A\u00e9ronautiques et Spatiales), Chairman of the\u2019<a href=\"http:\/\/www.asd-europe.org\/\" target=\"_blank\" rel=\"noopener noreferrer\">ASD<\/a> (AeroSpace and Defence Industries Association of Europe)<br \/>\n\u2022 <strong>General Jean-Marc LAURENT<\/strong>, responsible for <a href=\"http:\/\/www.sciencespobordeaux.fr\/fr\/l-institut\/notre-ecole\/les-chaires-d-enseignement-et-de-recherche-1\/chaire-defense-aerospatial.html\" target=\"_blank\" rel=\"noopener noreferrer\">Defence and Aerospace Chair at Sciences Po Bordeaux<\/a><br \/>\n- Presence <strong>Defence authority<\/strong><\/p>\n<p>For further information, please contact Lianne Kruis - l.kruis@groupe-fgdesign.com<\/p>","protected":false},"excerpt":{"rendered":"<p>Le comit\u00e9 organisateur d\u2019ADS SHOW 2018 propose une rencontre \u2013 d\u00e9bat exceptionnelle sur le th\u00e8me : \u00ab LES ENJEUX DU MCO A\u00c9RONAUTIQUE ET DE D\u00c9FENSE \u00bb Le mardi 22 mai 2018 \u00e0 11h \u00e0 la Maison de la Nouvelle-Aquitaine 21 rue des Pyramides \u2013 75001 Paris &#8211; M\u00e9tro Pyramides Avec la participation de : \u2022 [&hellip;]<\/p>\n","protected":false},"author":1,"featured_media":564,"comment_status":"open","ping_status":"open","sticky":false,"template":"","format":"standard","meta":{"footnotes":""},"categories":[360],"tags":[97,98,93,99],"class_list":{"0":"post-1048","1":"post","2":"type-post","3":"status-publish","4":"format-standard","5":"has-post-thumbnail","7":"category-actualites-du-reseau","8":"tag-ads-show","9":"tag-debat","10":"tag-mco","11":"tag-mro"},"yoast_head":"<!-- This site is optimized with the Yoast SEO plugin v27.4 - https:\/\/yoast.com\/product\/yoast-seo-wordpress\/ -->\n<title>Rencontre \u2013 d\u00e9bat \u00ab Les enjeux du MCO a\u00e9ronautique et de d\u00e9fense \u00bb, Paris - 22 mai 2018 - Chaire \u00c9conomie de d\u00e9fense - IHEDN<\/title>\n<meta name=\"robots\" content=\"index, follow, max-snippet:-1, max-image-preview:large, max-video-preview:-1\" \/>\n<link rel=\"canonical\" href=\"https:\/\/ecodef-ihedn.fr\/en\/rencontre-debat-les-enjeux-du-mco-aeronautique-et-de-defense-paris-22-mai-2018\/\" \/>\n<meta property=\"og:locale\" content=\"en_GB\" \/>\n<meta property=\"og:type\" content=\"article\" \/>\n<meta property=\"og:title\" content=\"Rencontre \u2013 d\u00e9bat \u00ab Les enjeux du MCO a\u00e9ronautique et de d\u00e9fense \u00bb, Paris - 22 mai 2018 - Chaire \u00c9conomie de d\u00e9fense - IHEDN\" \/>\n<meta property=\"og:description\" content=\"Le comit\u00e9 organisateur d\u2019ADS SHOW 2018 propose une rencontre \u2013 d\u00e9bat exceptionnelle sur le th\u00e8me : \u00ab LES ENJEUX DU MCO A\u00c9RONAUTIQUE ET DE D\u00c9FENSE \u00bb Le mardi 22 mai 2018 \u00e0 11h \u00e0 la Maison de la Nouvelle-Aquitaine 21 rue des Pyramides \u2013 75001 Paris &#8211; M\u00e9tro Pyramides Avec la participation de : \u2022 [&hellip;]\" \/>\n<meta property=\"og:url\" content=\"https:\/\/ecodef-ihedn.fr\/en\/rencontre-debat-les-enjeux-du-mco-aeronautique-et-de-defense-paris-22-mai-2018\/\" \/>\n<meta property=\"og:site_name\" content=\"Chaire \u00c9conomie de d\u00e9fense - IHEDN\" \/>\n<meta property=\"article:published_time\" content=\"2018-05-15T00:00:00+00:00\" \/>\n<meta property=\"article:modified_time\" content=\"2020-04-10T08:38:23+00:00\" \/>\n<meta property=\"og:image\" content=\"https:\/\/ecodef-ihedn.fr\/wp-content\/uploads\/2020\/02\/ecole-militaire-paris-1.jpg\" \/>\n\t<meta property=\"og:image:width\" content=\"755\" \/>\n\t<meta property=\"og:image:height\" content=\"414\" \/>\n\t<meta property=\"og:image:type\" content=\"image\/jpeg\" \/>\n<meta name=\"author\" content=\"dev\" \/>\n<meta name=\"twitter:card\" content=\"summary_large_image\" \/>\n<meta name=\"twitter:creator\" content=\"@Chaire_Ecodef\" \/>\n<meta name=\"twitter:site\" content=\"@Chaire_Ecodef\" \/>\n<meta name=\"twitter:label1\" content=\"Written by\" \/>\n\t<meta name=\"twitter:data1\" content=\"dev\" \/>\n\t<meta name=\"twitter:label2\" content=\"Estimated reading time\" \/>\n\t<meta name=\"twitter:data2\" content=\"1 minute\" \/>\n<script type=\"application\/ld+json\" class=\"yoast-schema-graph\">{\"@context\":\"https:\\\/\\\/schema.org\",\"@graph\":[{\"@type\":\"Article\",\"@id\":\"https:\\\/\\\/ecodef-ihedn.fr\\\/rencontre-debat-les-enjeux-du-mco-aeronautique-et-de-defense-paris-22-mai-2018\\\/#article\",\"isPartOf\":{\"@id\":\"https:\\\/\\\/ecodef-ihedn.fr\\\/rencontre-debat-les-enjeux-du-mco-aeronautique-et-de-defense-paris-22-mai-2018\\\/\"},\"author\":{\"name\":\"dev\",\"@id\":\"https:\\\/\\\/ecodef-ihedn.fr\\\/#\\\/schema\\\/person\\\/7b3f1a2d8fd336e0be2f9ff63ff0ebbc\"},\"headline\":\"Rencontre \u2013 d\u00e9bat \u00ab Les enjeux du MCO a\u00e9ronautique et de d\u00e9fense \u00bb, Paris &#8211; 22 mai 2018\",\"datePublished\":\"2018-05-15T00:00:00+00:00\",\"dateModified\":\"2020-04-10T08:38:23+00:00\",\"mainEntityOfPage\":{\"@id\":\"https:\\\/\\\/ecodef-ihedn.fr\\\/rencontre-debat-les-enjeux-du-mco-aeronautique-et-de-defense-paris-22-mai-2018\\\/\"},\"wordCount\":134,\"commentCount\":0,\"publisher\":{\"@id\":\"https:\\\/\\\/ecodef-ihedn.fr\\\/#organization\"},\"image\":{\"@id\":\"https:\\\/\\\/ecodef-ihedn.fr\\\/rencontre-debat-les-enjeux-du-mco-aeronautique-et-de-defense-paris-22-mai-2018\\\/#primaryimage\"},\"thumbnailUrl\":\"https:\\\/\\\/ecodef-ihedn.fr\\\/wp-content\\\/uploads\\\/2020\\\/02\\\/ecole-militaire-paris-1.jpg\",\"keywords\":[\"ADS Show\",\"D\u00e9bat\",\"MCO\",\"MRO\"],\"articleSection\":[\"Actualit\u00e9s du r\u00e9seau\"],\"inLanguage\":\"en-GB\",\"potentialAction\":[{\"@type\":\"CommentAction\",\"name\":\"Comment\",\"target\":[\"https:\\\/\\\/ecodef-ihedn.fr\\\/rencontre-debat-les-enjeux-du-mco-aeronautique-et-de-defense-paris-22-mai-2018\\\/#respond\"]}]},{\"@type\":\"WebPage\",\"@id\":\"https:\\\/\\\/ecodef-ihedn.fr\\\/rencontre-debat-les-enjeux-du-mco-aeronautique-et-de-defense-paris-22-mai-2018\\\/\",\"url\":\"https:\\\/\\\/ecodef-ihedn.fr\\\/rencontre-debat-les-enjeux-du-mco-aeronautique-et-de-defense-paris-22-mai-2018\\\/\",\"name\":\"Rencontre \u2013 d\u00e9bat \u00ab Les enjeux du MCO a\u00e9ronautique et de d\u00e9fense \u00bb, Paris - 22 mai 2018 - Chaire \u00c9conomie de d\u00e9fense - IHEDN\",\"isPartOf\":{\"@id\":\"https:\\\/\\\/ecodef-ihedn.fr\\\/#website\"},\"primaryImageOfPage\":{\"@id\":\"https:\\\/\\\/ecodef-ihedn.fr\\\/rencontre-debat-les-enjeux-du-mco-aeronautique-et-de-defense-paris-22-mai-2018\\\/#primaryimage\"},\"image\":{\"@id\":\"https:\\\/\\\/ecodef-ihedn.fr\\\/rencontre-debat-les-enjeux-du-mco-aeronautique-et-de-defense-paris-22-mai-2018\\\/#primaryimage\"},\"thumbnailUrl\":\"https:\\\/\\\/ecodef-ihedn.fr\\\/wp-content\\\/uploads\\\/2020\\\/02\\\/ecole-militaire-paris-1.jpg\",\"datePublished\":\"2018-05-15T00:00:00+00:00\",\"dateModified\":\"2020-04-10T08:38:23+00:00\",\"breadcrumb\":{\"@id\":\"https:\\\/\\\/ecodef-ihedn.fr\\\/rencontre-debat-les-enjeux-du-mco-aeronautique-et-de-defense-paris-22-mai-2018\\\/#breadcrumb\"},\"inLanguage\":\"en-GB\",\"potentialAction\":[{\"@type\":\"ReadAction\",\"target\":[\"https:\\\/\\\/ecodef-ihedn.fr\\\/rencontre-debat-les-enjeux-du-mco-aeronautique-et-de-defense-paris-22-mai-2018\\\/\"]}]},{\"@type\":\"ImageObject\",\"inLanguage\":\"en-GB\",\"@id\":\"https:\\\/\\\/ecodef-ihedn.fr\\\/rencontre-debat-les-enjeux-du-mco-aeronautique-et-de-defense-paris-22-mai-2018\\\/#primaryimage\",\"url\":\"https:\\\/\\\/ecodef-ihedn.fr\\\/wp-content\\\/uploads\\\/2020\\\/02\\\/ecole-militaire-paris-1.jpg\",\"contentUrl\":\"https:\\\/\\\/ecodef-ihedn.fr\\\/wp-content\\\/uploads\\\/2020\\\/02\\\/ecole-militaire-paris-1.jpg\",\"width\":755,\"height\":414},{\"@type\":\"BreadcrumbList\",\"@id\":\"https:\\\/\\\/ecodef-ihedn.fr\\\/rencontre-debat-les-enjeux-du-mco-aeronautique-et-de-defense-paris-22-mai-2018\\\/#breadcrumb\",\"itemListElement\":[{\"@type\":\"ListItem\",\"position\":1,\"name\":\"Accueil\",\"item\":\"https:\\\/\\\/ecodef-ihedn.fr\\\/\"},{\"@type\":\"ListItem\",\"position\":2,\"name\":\"Rencontre \u2013 d\u00e9bat \u00ab Les enjeux du MCO a\u00e9ronautique et de d\u00e9fense \u00bb, Paris &#8211; 22 mai 2018\"}]},{\"@type\":\"WebSite\",\"@id\":\"https:\\\/\\\/ecodef-ihedn.fr\\\/#website\",\"url\":\"https:\\\/\\\/ecodef-ihedn.fr\\\/\",\"name\":\"Chaire \u00c9conomie de D\u00e9fense - IHEDN\",\"description\":\"Produire &amp; soutenir, f\u00e9d\u00e9rer &amp; diffuser, \u00eatre une interface\",\"publisher\":{\"@id\":\"https:\\\/\\\/ecodef-ihedn.fr\\\/#organization\"},\"potentialAction\":[{\"@type\":\"SearchAction\",\"target\":{\"@type\":\"EntryPoint\",\"urlTemplate\":\"https:\\\/\\\/ecodef-ihedn.fr\\\/?s={search_term_string}\"},\"query-input\":{\"@type\":\"PropertyValueSpecification\",\"valueRequired\":true,\"valueName\":\"search_term_string\"}}],\"inLanguage\":\"en-GB\"},{\"@type\":\"Organization\",\"@id\":\"https:\\\/\\\/ecodef-ihedn.fr\\\/#organization\",\"name\":\"Chaire \u00c9conomie de d\u00e9fense - IHEDN\",\"url\":\"https:\\\/\\\/ecodef-ihedn.fr\\\/\",\"logo\":{\"@type\":\"ImageObject\",\"inLanguage\":\"en-GB\",\"@id\":\"https:\\\/\\\/ecodef-ihedn.fr\\\/#\\\/schema\\\/logo\\\/image\\\/\",\"url\":\"https:\\\/\\\/ecodef-ihedn.fr\\\/wp-content\\\/uploads\\\/2020\\\/04\\\/logoEcodef9.jpg\",\"contentUrl\":\"https:\\\/\\\/ecodef-ihedn.fr\\\/wp-content\\\/uploads\\\/2020\\\/04\\\/logoEcodef9.jpg\",\"width\":410,\"height\":212,\"caption\":\"Chaire \u00c9conomie de d\u00e9fense - IHEDN\"},\"image\":{\"@id\":\"https:\\\/\\\/ecodef-ihedn.fr\\\/#\\\/schema\\\/logo\\\/image\\\/\"},\"sameAs\":[\"https:\\\/\\\/x.com\\\/Chaire_Ecodef\",\"https:\\\/\\\/www.linkedin.com\\\/company\\\/chaire-ecodef-ihedn\\\/\"]},{\"@type\":\"Person\",\"@id\":\"https:\\\/\\\/ecodef-ihedn.fr\\\/#\\\/schema\\\/person\\\/7b3f1a2d8fd336e0be2f9ff63ff0ebbc\",\"name\":\"dev\",\"image\":{\"@type\":\"ImageObject\",\"inLanguage\":\"en-GB\",\"@id\":\"https:\\\/\\\/secure.gravatar.com\\\/avatar\\\/f1ffcac9ca2fa95ad3ec33e9be3ade82f752acb0cabe541e56c5889225afa88a?s=96&d=mm&r=g\",\"url\":\"https:\\\/\\\/secure.gravatar.com\\\/avatar\\\/f1ffcac9ca2fa95ad3ec33e9be3ade82f752acb0cabe541e56c5889225afa88a?s=96&d=mm&r=g\",\"contentUrl\":\"https:\\\/\\\/secure.gravatar.com\\\/avatar\\\/f1ffcac9ca2fa95ad3ec33e9be3ade82f752acb0cabe541e56c5889225afa88a?s=96&d=mm&r=g\",\"caption\":\"dev\"},\"url\":\"https:\\\/\\\/ecodef-ihedn.fr\\\/en\\\/author\\\/dev\\\/\"}]}<\/script>\n<!-- \/ Yoast SEO plugin. -->","yoast_head_json":{"title":"Rencontre \u2013 d\u00e9bat \u00ab Les enjeux du MCO a\u00e9ronautique et de d\u00e9fense \u00bb, Paris - 22 mai 2018 - Chaire \u00c9conomie de d\u00e9fense - IHEDN","robots":{"index":"index","follow":"follow","max-snippet":"max-snippet:-1","max-image-preview":"max-image-preview:large","max-video-preview":"max-video-preview:-1"},"canonical":"https:\/\/ecodef-ihedn.fr\/en\/rencontre-debat-les-enjeux-du-mco-aeronautique-et-de-defense-paris-22-mai-2018\/","og_locale":"en_GB","og_type":"article","og_title":"Rencontre \u2013 d\u00e9bat \u00ab Les enjeux du MCO a\u00e9ronautique et de d\u00e9fense \u00bb, Paris - 22 mai 2018 - Chaire \u00c9conomie de d\u00e9fense - IHEDN","og_description":"Le comit\u00e9 organisateur d\u2019ADS SHOW 2018 propose une rencontre \u2013 d\u00e9bat exceptionnelle sur le th\u00e8me : \u00ab LES ENJEUX DU MCO A\u00c9RONAUTIQUE ET DE D\u00c9FENSE \u00bb Le mardi 22 mai 2018 \u00e0 11h \u00e0 la Maison de la Nouvelle-Aquitaine 21 rue des Pyramides \u2013 75001 Paris &#8211; M\u00e9tro Pyramides Avec la participation de : \u2022 [&hellip;]","og_url":"https:\/\/ecodef-ihedn.fr\/en\/rencontre-debat-les-enjeux-du-mco-aeronautique-et-de-defense-paris-22-mai-2018\/","og_site_name":"Chaire \u00c9conomie de d\u00e9fense - IHEDN","article_published_time":"2018-05-15T00:00:00+00:00","article_modified_time":"2020-04-10T08:38:23+00:00","og_image":[{"width":755,"height":414,"url":"https:\/\/ecodef-ihedn.fr\/wp-content\/uploads\/2020\/02\/ecole-militaire-paris-1.jpg","type":"image\/jpeg"}],"author":"dev","twitter_card":"summary_large_image","twitter_creator":"@Chaire_Ecodef","twitter_site":"@Chaire_Ecodef","twitter_misc":{"Written by":"dev","Estimated reading time":"1 minute"},"schema":{"@context":"https:\/\/schema.org","@graph":[{"@type":"Article","@id":"https:\/\/ecodef-ihedn.fr\/rencontre-debat-les-enjeux-du-mco-aeronautique-et-de-defense-paris-22-mai-2018\/#article","isPartOf":{"@id":"https:\/\/ecodef-ihedn.fr\/rencontre-debat-les-enjeux-du-mco-aeronautique-et-de-defense-paris-22-mai-2018\/"},"author":{"name":"dev","@id":"https:\/\/ecodef-ihedn.fr\/#\/schema\/person\/7b3f1a2d8fd336e0be2f9ff63ff0ebbc"},"headline":"Rencontre \u2013 d\u00e9bat \u00ab Les enjeux du MCO a\u00e9ronautique et de d\u00e9fense \u00bb, Paris &#8211; 22 mai 2018","datePublished":"2018-05-15T00:00:00+00:00","dateModified":"2020-04-10T08:38:23+00:00","mainEntityOfPage":{"@id":"https:\/\/ecodef-ihedn.fr\/rencontre-debat-les-enjeux-du-mco-aeronautique-et-de-defense-paris-22-mai-2018\/"},"wordCount":134,"commentCount":0,"publisher":{"@id":"https:\/\/ecodef-ihedn.fr\/#organization"},"image":{"@id":"https:\/\/ecodef-ihedn.fr\/rencontre-debat-les-enjeux-du-mco-aeronautique-et-de-defense-paris-22-mai-2018\/#primaryimage"},"thumbnailUrl":"https:\/\/ecodef-ihedn.fr\/wp-content\/uploads\/2020\/02\/ecole-militaire-paris-1.jpg","keywords":["ADS Show","D\u00e9bat","MCO","MRO"],"articleSection":["Actualit\u00e9s du r\u00e9seau"],"inLanguage":"en-GB","potentialAction":[{"@type":"CommentAction","name":"Comment","target":["https:\/\/ecodef-ihedn.fr\/rencontre-debat-les-enjeux-du-mco-aeronautique-et-de-defense-paris-22-mai-2018\/#respond"]}]},{"@type":"WebPage","@id":"https:\/\/ecodef-ihedn.fr\/rencontre-debat-les-enjeux-du-mco-aeronautique-et-de-defense-paris-22-mai-2018\/","url":"https:\/\/ecodef-ihedn.fr\/rencontre-debat-les-enjeux-du-mco-aeronautique-et-de-defense-paris-22-mai-2018\/","name":"Rencontre \u2013 d\u00e9bat \u00ab Les enjeux du MCO a\u00e9ronautique et de d\u00e9fense \u00bb, Paris - 22 mai 2018 - Chaire \u00c9conomie de d\u00e9fense - IHEDN","isPartOf":{"@id":"https:\/\/ecodef-ihedn.fr\/#website"},"primaryImageOfPage":{"@id":"https:\/\/ecodef-ihedn.fr\/rencontre-debat-les-enjeux-du-mco-aeronautique-et-de-defense-paris-22-mai-2018\/#primaryimage"},"image":{"@id":"https:\/\/ecodef-ihedn.fr\/rencontre-debat-les-enjeux-du-mco-aeronautique-et-de-defense-paris-22-mai-2018\/#primaryimage"},"thumbnailUrl":"https:\/\/ecodef-ihedn.fr\/wp-content\/uploads\/2020\/02\/ecole-militaire-paris-1.jpg","datePublished":"2018-05-15T00:00:00+00:00","dateModified":"2020-04-10T08:38:23+00:00","breadcrumb":{"@id":"https:\/\/ecodef-ihedn.fr\/rencontre-debat-les-enjeux-du-mco-aeronautique-et-de-defense-paris-22-mai-2018\/#breadcrumb"},"inLanguage":"en-GB","potentialAction":[{"@type":"ReadAction","target":["https:\/\/ecodef-ihedn.fr\/rencontre-debat-les-enjeux-du-mco-aeronautique-et-de-defense-paris-22-mai-2018\/"]}]},{"@type":"ImageObject","inLanguage":"en-GB","@id":"https:\/\/ecodef-ihedn.fr\/rencontre-debat-les-enjeux-du-mco-aeronautique-et-de-defense-paris-22-mai-2018\/#primaryimage","url":"https:\/\/ecodef-ihedn.fr\/wp-content\/uploads\/2020\/02\/ecole-militaire-paris-1.jpg","contentUrl":"https:\/\/ecodef-ihedn.fr\/wp-content\/uploads\/2020\/02\/ecole-militaire-paris-1.jpg","width":755,"height":414},{"@type":"BreadcrumbList","@id":"https:\/\/ecodef-ihedn.fr\/rencontre-debat-les-enjeux-du-mco-aeronautique-et-de-defense-paris-22-mai-2018\/#breadcrumb","itemListElement":[{"@type":"ListItem","position":1,"name":"Accueil","item":"https:\/\/ecodef-ihedn.fr\/"},{"@type":"ListItem","position":2,"name":"Rencontre \u2013 d\u00e9bat \u00ab Les enjeux du MCO a\u00e9ronautique et de d\u00e9fense \u00bb, Paris &#8211; 22 mai 2018"}]},{"@type":"WebSite","@id":"https:\/\/ecodef-ihedn.fr\/#website","url":"https:\/\/ecodef-ihedn.fr\/","name":"Chair in Defence Economics - IHEDN","description":"Produce &amp; support, federate &amp; disseminate, act as an interface","publisher":{"@id":"https:\/\/ecodef-ihedn.fr\/#organization"},"potentialAction":[{"@type":"SearchAction","target":{"@type":"EntryPoint","urlTemplate":"https:\/\/ecodef-ihedn.fr\/?s={search_term_string}"},"query-input":{"@type":"PropertyValueSpecification","valueRequired":true,"valueName":"search_term_string"}}],"inLanguage":"en-GB"},{"@type":"Organization","@id":"https:\/\/ecodef-ihedn.fr\/#organization","name":"Chair in Defence Economics - IHEDN","url":"https:\/\/ecodef-ihedn.fr\/","logo":{"@type":"ImageObject","inLanguage":"en-GB","@id":"https:\/\/ecodef-ihedn.fr\/#\/schema\/logo\/image\/","url":"https:\/\/ecodef-ihedn.fr\/wp-content\/uploads\/2020\/04\/logoEcodef9.jpg","contentUrl":"https:\/\/ecodef-ihedn.fr\/wp-content\/uploads\/2020\/04\/logoEcodef9.jpg","width":410,"height":212,"caption":"Chaire \u00c9conomie de d\u00e9fense - IHEDN"},"image":{"@id":"https:\/\/ecodef-ihedn.fr\/#\/schema\/logo\/image\/"},"sameAs":["https:\/\/x.com\/Chaire_Ecodef","https:\/\/www.linkedin.com\/company\/chaire-ecodef-ihedn\/"]},{"@type":"Person","@id":"https:\/\/ecodef-ihedn.fr\/#\/schema\/person\/7b3f1a2d8fd336e0be2f9ff63ff0ebbc","name":"dev","image":{"@type":"ImageObject","inLanguage":"en-GB","@id":"https:\/\/secure.gravatar.com\/avatar\/f1ffcac9ca2fa95ad3ec33e9be3ade82f752acb0cabe541e56c5889225afa88a?s=96&d=mm&r=g","url":"https:\/\/secure.gravatar.com\/avatar\/f1ffcac9ca2fa95ad3ec33e9be3ade82f752acb0cabe541e56c5889225afa88a?s=96&d=mm&r=g","contentUrl":"https:\/\/secure.gravatar.com\/avatar\/f1ffcac9ca2fa95ad3ec33e9be3ade82f752acb0cabe541e56c5889225afa88a?s=96&d=mm&r=g","caption":"dev"},"url":"https:\/\/ecodef-ihedn.fr\/en\/author\/dev\/"}]}},"_links":{"self":[{"href":"https:\/\/ecodef-ihedn.fr\/en\/wp-json\/wp\/v2\/posts\/1048","targetHints":{"allow":["GET"]}}],"collection":[{"href":"https:\/\/ecodef-ihedn.fr\/en\/wp-json\/wp\/v2\/posts"}],"about":[{"href":"https:\/\/ecodef-ihedn.fr\/en\/wp-json\/wp\/v2\/types\/post"}],"author":[{"embeddable":true,"href":"https:\/\/ecodef-ihedn.fr\/en\/wp-json\/wp\/v2\/users\/1"}],"replies":[{"embeddable":true,"href":"https:\/\/ecodef-ihedn.fr\/en\/wp-json\/wp\/v2\/comments?post=1048"}],"version-history":[{"count":1,"href":"https:\/\/ecodef-ihedn.fr\/en\/wp-json\/wp\/v2\/posts\/1048\/revisions"}],"predecessor-version":[{"id":1322,"href":"https:\/\/ecodef-ihedn.fr\/en\/wp-json\/wp\/v2\/posts\/1048\/revisions\/1322"}],"wp:featuredmedia":[{"embeddable":true,"href":"https:\/\/ecodef-ihedn.fr\/en\/wp-json\/wp\/v2\/media\/564"}],"wp:attachment":[{"href":"https:\/\/ecodef-ihedn.fr\/en\/wp-json\/wp\/v2\/media?parent=1048"}],"wp:term":[{"taxonomy":"category","embeddable":true,"href":"https:\/\/ecodef-ihedn.fr\/en\/wp-json\/wp\/v2\/categories?post=1048"},{"taxonomy":"post_tag","embeddable":true,"href":"https:\/\/ecodef-ihedn.fr\/en\/wp-json\/wp\/v2\/tags?post=1048"}],"curies":[{"name":"wp","href":"https:\/\/api.w.org\/{rel}","templated":true}]}}