{"id":1050,"date":"2018-06-05T00:00:00","date_gmt":"2018-06-05T00:00:00","guid":{"rendered":"https:\/\/ecodef-ihedn.fr\/appel-a-communication-les-economistes-et-la-premiere-guerre-mondiale-paris-22-23-novembre-2018\/"},"modified":"2020-04-10T08:36:27","modified_gmt":"2020-04-10T08:36:27","slug":"appel-a-communication-les-economistes-et-la-premiere-guerre-mondiale-paris-22-23-novembre-2018","status":"publish","type":"post","link":"https:\/\/ecodef-ihedn.fr\/en\/appel-a-communication-les-economistes-et-la-premiere-guerre-mondiale-paris-22-23-novembre-2018\/","title":{"rendered":"Call for papers: \u00abEconomists and the First World War\u00bb, Paris 22-23 November 2018"},"content":{"rendered":"<h2 style=\"text-align: center\"><strong>\u00abEconomists and the First World War\u00bb<\/strong><\/h2>\n<h2 style=\"text-align: center\">Alain Cl\u00e9ment Study Days<br \/>\n22 and 23 November 2018<br \/>\n\u00c9cole militaire, Paris<\/h2>\n<p><strong>Call for papers<\/strong><\/p>\n<p style=\"text-align: justify\">The <strong>economic aspects of the war<\/strong>, and in particular the <strong>first world conflict<\/strong>l, were often highlighted. Emphasis has been placed on the break with the past in terms of its demographic, material, financial and monetary repercussions, and the transformation it has brought about in terms of the role of the State in economic regulation and women's participation in the labour market.<br \/>\nIt is from another angle, that of the viewpoint of the<strong> economists contemporary with the conflict,<\/strong> that this <strong>double study day<\/strong> to compare and contrast the views of different economists on the First World War, its causes and economic consequences, how to finance it and how to ensure peace.<br \/>\nThese days will be organised in the <strong>in memory of Alain Cl\u00e9ment<\/strong>, professor at the University of Tours and researcher at the Laboratoire d'\u00e9conomie d'Orl\u00e9ans, who, as part of the <strong>PHILEO research seminar<\/strong> (Philosophy, History and Economic Thought seminar at the <a href=\"http:\/\/www.leo-univ-orleans.fr\/fr\/\" target=\"_blank\" rel=\"noopener noreferrer\"><strong>Orl\u00e9ans Economics Laboratory<\/strong><\/a>), a series of conferences on the theme.<br \/>\nContributions on Charles Gide, John Maynard Keynes and Otto Neurath have been or will be presented and discussed in this context, and will form the core of this event. As part of this call for papers, these authors may of course be interviewed again. But we are also looking for contributions on other authors, both well-known and lesser-known, whether or not they are nationals of the belligerent countries.<br \/>\nAt the end of the conference, the papers presented may be submitted for publication in a <strong>special issue<\/strong> of the <a href=\"https:\/\/classiques-garnier.com\/revue-d-histoire-de-la-pensee-economique.html\" target=\"_blank\" rel=\"noopener noreferrer\"><strong>Journal of the History of Economic Thought<\/strong><\/a>.<\/p>\n<p><strong>Dates to remember:<\/strong><\/p>\n<p>- Submission of abstracts (500 words) : <strong>01\/06\/2018<\/strong><\/p>\n<p>- Notifications to authors : <strong>15\/07\/2018<\/strong><\/p>\n<p>- Sending communications : <strong>01\/11\/2018<\/strong><\/p>\n<p>- Registration from : <strong>15\/10\/2018<\/strong><\/p>\n<p><strong><span style=\"text-decoration: underline\">For further information, please contact<\/span> :<\/strong> Christophe.Lavialle@univ-orleans.fr<\/p>\n<p>&nbsp;<\/p>\n<p><strong>Scientific Committee :<\/strong><\/p>\n<p style=\"text-align: justify\">Pierre Dock\u00e8s (Laboratoire Triangle, Universit\u00e9 Lumi\u00e8re - Lyon 2); Christophe Lavialle (Laboratoire d'Economie d'Orl\u00e9ans, Inspection G\u00e9n\u00e9rale de l'Education Nationale); Christine Lagoutte (Laboratoire d'Economie d'Orl\u00e9ans, Universit\u00e9 Fran\u00e7ois Rabelais de Tours); Patrick Mardellat (CLERSE, Sciences Po Lille); Francesco Magris (Laboratoire d'Economie d'Orl\u00e9ans, Universit\u00e9 Fran\u00e7ois Rabelais de Tours); Maxime Menuet (Laboratoire d'Economie d'Orl\u00e9ans, Universit\u00e9 d'Orl\u00e9ans); Nikolay Nenovsky (CRIISEA, University of Amiens); Marc P\u00e9nin (University of Montpellier 1); Antoine Pietri (IRSEM); Sylvie Rivot (BETA and University of Strasbourg, President of the Charles Gide Association for the Study of Economic Thought); Philippe Saucier (Laboratoire d'Economie d'Orl\u00e9ans, Universit\u00e9 d'Orl\u00e9ans); Nathalie Sigot (Phare and Universit\u00e9 Paris 1 Panth\u00e9on Sorbonne); Ram\u00f3n Tortajada (CREG - Universit\u00e9 Grenoble Alpes, director of the Revue d'histoire de la pens\u00e9e \u00e9conomique).<\/p>\n<p style=\"text-align: justify\"><strong>Organising Committee :<\/strong><\/p>\n<p style=\"text-align: justify\">Christophe Lavialle (Orl\u00e9ans Economics Laboratory); Maxime Menuet (Orl\u00e9ans Economics Laboratory); Antoine Pietri (IRSEM).<\/p>","protected":false},"excerpt":{"rendered":"<p>\u00ab Les \u00e9conomistes et la premi\u00e8re guerre mondiale \u00bb Journ\u00e9es d\u2019\u00c9tudes Alain Cl\u00e9ment 22 et 23 novembre 2018 \u00c9cole militaire, Paris Appel \u00e0 communication Les aspects \u00e9conomiques de la guerre, et tout particuli\u00e8rement du premier conflit mondial, ont \u00e9t\u00e9 souvent soulign\u00e9s. On a insist\u00e9 sur la rupture qu\u2019elle a pu constituer en raison de ses [&hellip;]<\/p>\n","protected":false},"author":1,"featured_media":564,"comment_status":"open","ping_status":"open","sticky":false,"template":"","format":"standard","meta":{"footnotes":""},"categories":[360],"tags":[102,103,104,105,106],"class_list":{"0":"post-1050","1":"post","2":"type-post","3":"status-publish","4":"format-standard","5":"has-post-thumbnail","7":"category-actualites-du-reseau","8":"tag-conflit","9":"tag-ecole-militaire","10":"tag-guerre","11":"tag-premiere-guerre-mondiale","12":"tag-seminaire"},"yoast_head":"<!-- This site is optimized with the Yoast SEO plugin v27.4 - https:\/\/yoast.com\/product\/yoast-seo-wordpress\/ -->\n<title>Appel \u00e0 communication: \u00ab Les \u00e9conomistes et la premi\u00e8re guerre mondiale \u00bb, Paris 22-23 novembre 2018 - Chaire \u00c9conomie de d\u00e9fense - IHEDN<\/title>\n<meta name=\"robots\" content=\"index, follow, max-snippet:-1, max-image-preview:large, max-video-preview:-1\" \/>\n<link rel=\"canonical\" href=\"https:\/\/ecodef-ihedn.fr\/en\/appel-a-communication-les-economistes-et-la-premiere-guerre-mondiale-paris-22-23-novembre-2018\/\" \/>\n<meta property=\"og:locale\" content=\"en_GB\" \/>\n<meta property=\"og:type\" content=\"article\" \/>\n<meta property=\"og:title\" content=\"Appel \u00e0 communication: \u00ab Les \u00e9conomistes et la premi\u00e8re guerre mondiale \u00bb, Paris 22-23 novembre 2018 - Chaire \u00c9conomie de d\u00e9fense - IHEDN\" \/>\n<meta property=\"og:description\" content=\"\u00ab Les \u00e9conomistes et la premi\u00e8re guerre mondiale \u00bb Journ\u00e9es d\u2019\u00c9tudes Alain Cl\u00e9ment 22 et 23 novembre 2018 \u00c9cole militaire, Paris Appel \u00e0 communication Les aspects \u00e9conomiques de la guerre, et tout particuli\u00e8rement du premier conflit mondial, ont \u00e9t\u00e9 souvent soulign\u00e9s. On a insist\u00e9 sur la rupture qu\u2019elle a pu constituer en raison de ses [&hellip;]\" \/>\n<meta property=\"og:url\" content=\"https:\/\/ecodef-ihedn.fr\/en\/appel-a-communication-les-economistes-et-la-premiere-guerre-mondiale-paris-22-23-novembre-2018\/\" \/>\n<meta property=\"og:site_name\" content=\"Chaire \u00c9conomie de d\u00e9fense - IHEDN\" \/>\n<meta property=\"article:published_time\" content=\"2018-06-05T00:00:00+00:00\" \/>\n<meta property=\"article:modified_time\" content=\"2020-04-10T08:36:27+00:00\" \/>\n<meta property=\"og:image\" content=\"https:\/\/ecodef-ihedn.fr\/wp-content\/uploads\/2020\/02\/ecole-militaire-paris-1.jpg\" \/>\n\t<meta property=\"og:image:width\" content=\"755\" \/>\n\t<meta property=\"og:image:height\" content=\"414\" \/>\n\t<meta property=\"og:image:type\" content=\"image\/jpeg\" \/>\n<meta name=\"author\" content=\"dev\" \/>\n<meta name=\"twitter:card\" content=\"summary_large_image\" \/>\n<meta name=\"twitter:creator\" content=\"@Chaire_Ecodef\" \/>\n<meta name=\"twitter:site\" content=\"@Chaire_Ecodef\" \/>\n<meta name=\"twitter:label1\" content=\"Written by\" \/>\n\t<meta name=\"twitter:data1\" content=\"dev\" \/>\n\t<meta name=\"twitter:label2\" content=\"Estimated reading time\" \/>\n\t<meta name=\"twitter:data2\" content=\"3 minutes\" \/>\n<script type=\"application\/ld+json\" class=\"yoast-schema-graph\">{\"@context\":\"https:\\\/\\\/schema.org\",\"@graph\":[{\"@type\":\"Article\",\"@id\":\"https:\\\/\\\/ecodef-ihedn.fr\\\/appel-a-communication-les-economistes-et-la-premiere-guerre-mondiale-paris-22-23-novembre-2018\\\/#article\",\"isPartOf\":{\"@id\":\"https:\\\/\\\/ecodef-ihedn.fr\\\/appel-a-communication-les-economistes-et-la-premiere-guerre-mondiale-paris-22-23-novembre-2018\\\/\"},\"author\":{\"name\":\"dev\",\"@id\":\"https:\\\/\\\/ecodef-ihedn.fr\\\/#\\\/schema\\\/person\\\/7b3f1a2d8fd336e0be2f9ff63ff0ebbc\"},\"headline\":\"Appel \u00e0 communication: \u00ab Les \u00e9conomistes et la premi\u00e8re guerre mondiale \u00bb, Paris 22-23 novembre 2018\",\"datePublished\":\"2018-06-05T00:00:00+00:00\",\"dateModified\":\"2020-04-10T08:36:27+00:00\",\"mainEntityOfPage\":{\"@id\":\"https:\\\/\\\/ecodef-ihedn.fr\\\/appel-a-communication-les-economistes-et-la-premiere-guerre-mondiale-paris-22-23-novembre-2018\\\/\"},\"wordCount\":537,\"commentCount\":0,\"publisher\":{\"@id\":\"https:\\\/\\\/ecodef-ihedn.fr\\\/#organization\"},\"image\":{\"@id\":\"https:\\\/\\\/ecodef-ihedn.fr\\\/appel-a-communication-les-economistes-et-la-premiere-guerre-mondiale-paris-22-23-novembre-2018\\\/#primaryimage\"},\"thumbnailUrl\":\"https:\\\/\\\/ecodef-ihedn.fr\\\/wp-content\\\/uploads\\\/2020\\\/02\\\/ecole-militaire-paris-1.jpg\",\"keywords\":[\"conflit\",\"Ecole Militaire\",\"guerre\",\"premi\u00e8re guerre mondiale\",\"s\u00e9minaire\"],\"articleSection\":[\"Actualit\u00e9s du r\u00e9seau\"],\"inLanguage\":\"en-GB\",\"potentialAction\":[{\"@type\":\"CommentAction\",\"name\":\"Comment\",\"target\":[\"https:\\\/\\\/ecodef-ihedn.fr\\\/appel-a-communication-les-economistes-et-la-premiere-guerre-mondiale-paris-22-23-novembre-2018\\\/#respond\"]}]},{\"@type\":\"WebPage\",\"@id\":\"https:\\\/\\\/ecodef-ihedn.fr\\\/appel-a-communication-les-economistes-et-la-premiere-guerre-mondiale-paris-22-23-novembre-2018\\\/\",\"url\":\"https:\\\/\\\/ecodef-ihedn.fr\\\/appel-a-communication-les-economistes-et-la-premiere-guerre-mondiale-paris-22-23-novembre-2018\\\/\",\"name\":\"Appel \u00e0 communication: \u00ab Les \u00e9conomistes et la premi\u00e8re guerre mondiale \u00bb, Paris 22-23 novembre 2018 - Chaire \u00c9conomie de d\u00e9fense - IHEDN\",\"isPartOf\":{\"@id\":\"https:\\\/\\\/ecodef-ihedn.fr\\\/#website\"},\"primaryImageOfPage\":{\"@id\":\"https:\\\/\\\/ecodef-ihedn.fr\\\/appel-a-communication-les-economistes-et-la-premiere-guerre-mondiale-paris-22-23-novembre-2018\\\/#primaryimage\"},\"image\":{\"@id\":\"https:\\\/\\\/ecodef-ihedn.fr\\\/appel-a-communication-les-economistes-et-la-premiere-guerre-mondiale-paris-22-23-novembre-2018\\\/#primaryimage\"},\"thumbnailUrl\":\"https:\\\/\\\/ecodef-ihedn.fr\\\/wp-content\\\/uploads\\\/2020\\\/02\\\/ecole-militaire-paris-1.jpg\",\"datePublished\":\"2018-06-05T00:00:00+00:00\",\"dateModified\":\"2020-04-10T08:36:27+00:00\",\"breadcrumb\":{\"@id\":\"https:\\\/\\\/ecodef-ihedn.fr\\\/appel-a-communication-les-economistes-et-la-premiere-guerre-mondiale-paris-22-23-novembre-2018\\\/#breadcrumb\"},\"inLanguage\":\"en-GB\",\"potentialAction\":[{\"@type\":\"ReadAction\",\"target\":[\"https:\\\/\\\/ecodef-ihedn.fr\\\/appel-a-communication-les-economistes-et-la-premiere-guerre-mondiale-paris-22-23-novembre-2018\\\/\"]}]},{\"@type\":\"ImageObject\",\"inLanguage\":\"en-GB\",\"@id\":\"https:\\\/\\\/ecodef-ihedn.fr\\\/appel-a-communication-les-economistes-et-la-premiere-guerre-mondiale-paris-22-23-novembre-2018\\\/#primaryimage\",\"url\":\"https:\\\/\\\/ecodef-ihedn.fr\\\/wp-content\\\/uploads\\\/2020\\\/02\\\/ecole-militaire-paris-1.jpg\",\"contentUrl\":\"https:\\\/\\\/ecodef-ihedn.fr\\\/wp-content\\\/uploads\\\/2020\\\/02\\\/ecole-militaire-paris-1.jpg\",\"width\":755,\"height\":414},{\"@type\":\"BreadcrumbList\",\"@id\":\"https:\\\/\\\/ecodef-ihedn.fr\\\/appel-a-communication-les-economistes-et-la-premiere-guerre-mondiale-paris-22-23-novembre-2018\\\/#breadcrumb\",\"itemListElement\":[{\"@type\":\"ListItem\",\"position\":1,\"name\":\"Accueil\",\"item\":\"https:\\\/\\\/ecodef-ihedn.fr\\\/\"},{\"@type\":\"ListItem\",\"position\":2,\"name\":\"Appel \u00e0 communication: \u00ab Les \u00e9conomistes et la premi\u00e8re guerre mondiale \u00bb, Paris 22-23 novembre 2018\"}]},{\"@type\":\"WebSite\",\"@id\":\"https:\\\/\\\/ecodef-ihedn.fr\\\/#website\",\"url\":\"https:\\\/\\\/ecodef-ihedn.fr\\\/\",\"name\":\"Chaire \u00c9conomie de D\u00e9fense - IHEDN\",\"description\":\"Produire &amp; soutenir, f\u00e9d\u00e9rer &amp; diffuser, \u00eatre une interface\",\"publisher\":{\"@id\":\"https:\\\/\\\/ecodef-ihedn.fr\\\/#organization\"},\"potentialAction\":[{\"@type\":\"SearchAction\",\"target\":{\"@type\":\"EntryPoint\",\"urlTemplate\":\"https:\\\/\\\/ecodef-ihedn.fr\\\/?s={search_term_string}\"},\"query-input\":{\"@type\":\"PropertyValueSpecification\",\"valueRequired\":true,\"valueName\":\"search_term_string\"}}],\"inLanguage\":\"en-GB\"},{\"@type\":\"Organization\",\"@id\":\"https:\\\/\\\/ecodef-ihedn.fr\\\/#organization\",\"name\":\"Chaire \u00c9conomie de d\u00e9fense - IHEDN\",\"url\":\"https:\\\/\\\/ecodef-ihedn.fr\\\/\",\"logo\":{\"@type\":\"ImageObject\",\"inLanguage\":\"en-GB\",\"@id\":\"https:\\\/\\\/ecodef-ihedn.fr\\\/#\\\/schema\\\/logo\\\/image\\\/\",\"url\":\"https:\\\/\\\/ecodef-ihedn.fr\\\/wp-content\\\/uploads\\\/2020\\\/04\\\/logoEcodef9.jpg\",\"contentUrl\":\"https:\\\/\\\/ecodef-ihedn.fr\\\/wp-content\\\/uploads\\\/2020\\\/04\\\/logoEcodef9.jpg\",\"width\":410,\"height\":212,\"caption\":\"Chaire \u00c9conomie de d\u00e9fense - IHEDN\"},\"image\":{\"@id\":\"https:\\\/\\\/ecodef-ihedn.fr\\\/#\\\/schema\\\/logo\\\/image\\\/\"},\"sameAs\":[\"https:\\\/\\\/x.com\\\/Chaire_Ecodef\",\"https:\\\/\\\/www.linkedin.com\\\/company\\\/chaire-ecodef-ihedn\\\/\"]},{\"@type\":\"Person\",\"@id\":\"https:\\\/\\\/ecodef-ihedn.fr\\\/#\\\/schema\\\/person\\\/7b3f1a2d8fd336e0be2f9ff63ff0ebbc\",\"name\":\"dev\",\"image\":{\"@type\":\"ImageObject\",\"inLanguage\":\"en-GB\",\"@id\":\"https:\\\/\\\/secure.gravatar.com\\\/avatar\\\/f1ffcac9ca2fa95ad3ec33e9be3ade82f752acb0cabe541e56c5889225afa88a?s=96&d=mm&r=g\",\"url\":\"https:\\\/\\\/secure.gravatar.com\\\/avatar\\\/f1ffcac9ca2fa95ad3ec33e9be3ade82f752acb0cabe541e56c5889225afa88a?s=96&d=mm&r=g\",\"contentUrl\":\"https:\\\/\\\/secure.gravatar.com\\\/avatar\\\/f1ffcac9ca2fa95ad3ec33e9be3ade82f752acb0cabe541e56c5889225afa88a?s=96&d=mm&r=g\",\"caption\":\"dev\"},\"url\":\"https:\\\/\\\/ecodef-ihedn.fr\\\/en\\\/author\\\/dev\\\/\"}]}<\/script>\n<!-- \/ Yoast SEO plugin. -->","yoast_head_json":{"title":"Appel \u00e0 communication: \u00ab Les \u00e9conomistes et la premi\u00e8re guerre mondiale \u00bb, Paris 22-23 novembre 2018 - Chaire \u00c9conomie de d\u00e9fense - IHEDN","robots":{"index":"index","follow":"follow","max-snippet":"max-snippet:-1","max-image-preview":"max-image-preview:large","max-video-preview":"max-video-preview:-1"},"canonical":"https:\/\/ecodef-ihedn.fr\/en\/appel-a-communication-les-economistes-et-la-premiere-guerre-mondiale-paris-22-23-novembre-2018\/","og_locale":"en_GB","og_type":"article","og_title":"Appel \u00e0 communication: \u00ab Les \u00e9conomistes et la premi\u00e8re guerre mondiale \u00bb, Paris 22-23 novembre 2018 - Chaire \u00c9conomie de d\u00e9fense - IHEDN","og_description":"\u00ab Les \u00e9conomistes et la premi\u00e8re guerre mondiale \u00bb Journ\u00e9es d\u2019\u00c9tudes Alain Cl\u00e9ment 22 et 23 novembre 2018 \u00c9cole militaire, Paris Appel \u00e0 communication Les aspects \u00e9conomiques de la guerre, et tout particuli\u00e8rement du premier conflit mondial, ont \u00e9t\u00e9 souvent soulign\u00e9s. On a insist\u00e9 sur la rupture qu\u2019elle a pu constituer en raison de ses [&hellip;]","og_url":"https:\/\/ecodef-ihedn.fr\/en\/appel-a-communication-les-economistes-et-la-premiere-guerre-mondiale-paris-22-23-novembre-2018\/","og_site_name":"Chaire \u00c9conomie de d\u00e9fense - IHEDN","article_published_time":"2018-06-05T00:00:00+00:00","article_modified_time":"2020-04-10T08:36:27+00:00","og_image":[{"width":755,"height":414,"url":"https:\/\/ecodef-ihedn.fr\/wp-content\/uploads\/2020\/02\/ecole-militaire-paris-1.jpg","type":"image\/jpeg"}],"author":"dev","twitter_card":"summary_large_image","twitter_creator":"@Chaire_Ecodef","twitter_site":"@Chaire_Ecodef","twitter_misc":{"Written by":"dev","Estimated reading time":"3 minutes"},"schema":{"@context":"https:\/\/schema.org","@graph":[{"@type":"Article","@id":"https:\/\/ecodef-ihedn.fr\/appel-a-communication-les-economistes-et-la-premiere-guerre-mondiale-paris-22-23-novembre-2018\/#article","isPartOf":{"@id":"https:\/\/ecodef-ihedn.fr\/appel-a-communication-les-economistes-et-la-premiere-guerre-mondiale-paris-22-23-novembre-2018\/"},"author":{"name":"dev","@id":"https:\/\/ecodef-ihedn.fr\/#\/schema\/person\/7b3f1a2d8fd336e0be2f9ff63ff0ebbc"},"headline":"Appel \u00e0 communication: \u00ab Les \u00e9conomistes et la premi\u00e8re guerre mondiale \u00bb, Paris 22-23 novembre 2018","datePublished":"2018-06-05T00:00:00+00:00","dateModified":"2020-04-10T08:36:27+00:00","mainEntityOfPage":{"@id":"https:\/\/ecodef-ihedn.fr\/appel-a-communication-les-economistes-et-la-premiere-guerre-mondiale-paris-22-23-novembre-2018\/"},"wordCount":537,"commentCount":0,"publisher":{"@id":"https:\/\/ecodef-ihedn.fr\/#organization"},"image":{"@id":"https:\/\/ecodef-ihedn.fr\/appel-a-communication-les-economistes-et-la-premiere-guerre-mondiale-paris-22-23-novembre-2018\/#primaryimage"},"thumbnailUrl":"https:\/\/ecodef-ihedn.fr\/wp-content\/uploads\/2020\/02\/ecole-militaire-paris-1.jpg","keywords":["conflit","Ecole Militaire","guerre","premi\u00e8re guerre mondiale","s\u00e9minaire"],"articleSection":["Actualit\u00e9s du r\u00e9seau"],"inLanguage":"en-GB","potentialAction":[{"@type":"CommentAction","name":"Comment","target":["https:\/\/ecodef-ihedn.fr\/appel-a-communication-les-economistes-et-la-premiere-guerre-mondiale-paris-22-23-novembre-2018\/#respond"]}]},{"@type":"WebPage","@id":"https:\/\/ecodef-ihedn.fr\/appel-a-communication-les-economistes-et-la-premiere-guerre-mondiale-paris-22-23-novembre-2018\/","url":"https:\/\/ecodef-ihedn.fr\/appel-a-communication-les-economistes-et-la-premiere-guerre-mondiale-paris-22-23-novembre-2018\/","name":"Appel \u00e0 communication: \u00ab Les \u00e9conomistes et la premi\u00e8re guerre mondiale \u00bb, Paris 22-23 novembre 2018 - Chaire \u00c9conomie de d\u00e9fense - IHEDN","isPartOf":{"@id":"https:\/\/ecodef-ihedn.fr\/#website"},"primaryImageOfPage":{"@id":"https:\/\/ecodef-ihedn.fr\/appel-a-communication-les-economistes-et-la-premiere-guerre-mondiale-paris-22-23-novembre-2018\/#primaryimage"},"image":{"@id":"https:\/\/ecodef-ihedn.fr\/appel-a-communication-les-economistes-et-la-premiere-guerre-mondiale-paris-22-23-novembre-2018\/#primaryimage"},"thumbnailUrl":"https:\/\/ecodef-ihedn.fr\/wp-content\/uploads\/2020\/02\/ecole-militaire-paris-1.jpg","datePublished":"2018-06-05T00:00:00+00:00","dateModified":"2020-04-10T08:36:27+00:00","breadcrumb":{"@id":"https:\/\/ecodef-ihedn.fr\/appel-a-communication-les-economistes-et-la-premiere-guerre-mondiale-paris-22-23-novembre-2018\/#breadcrumb"},"inLanguage":"en-GB","potentialAction":[{"@type":"ReadAction","target":["https:\/\/ecodef-ihedn.fr\/appel-a-communication-les-economistes-et-la-premiere-guerre-mondiale-paris-22-23-novembre-2018\/"]}]},{"@type":"ImageObject","inLanguage":"en-GB","@id":"https:\/\/ecodef-ihedn.fr\/appel-a-communication-les-economistes-et-la-premiere-guerre-mondiale-paris-22-23-novembre-2018\/#primaryimage","url":"https:\/\/ecodef-ihedn.fr\/wp-content\/uploads\/2020\/02\/ecole-militaire-paris-1.jpg","contentUrl":"https:\/\/ecodef-ihedn.fr\/wp-content\/uploads\/2020\/02\/ecole-militaire-paris-1.jpg","width":755,"height":414},{"@type":"BreadcrumbList","@id":"https:\/\/ecodef-ihedn.fr\/appel-a-communication-les-economistes-et-la-premiere-guerre-mondiale-paris-22-23-novembre-2018\/#breadcrumb","itemListElement":[{"@type":"ListItem","position":1,"name":"Accueil","item":"https:\/\/ecodef-ihedn.fr\/"},{"@type":"ListItem","position":2,"name":"Appel \u00e0 communication: \u00ab Les \u00e9conomistes et la premi\u00e8re guerre mondiale \u00bb, Paris 22-23 novembre 2018"}]},{"@type":"WebSite","@id":"https:\/\/ecodef-ihedn.fr\/#website","url":"https:\/\/ecodef-ihedn.fr\/","name":"Chair in Defence Economics - IHEDN","description":"Produce &amp; support, federate &amp; disseminate, act as an interface","publisher":{"@id":"https:\/\/ecodef-ihedn.fr\/#organization"},"potentialAction":[{"@type":"SearchAction","target":{"@type":"EntryPoint","urlTemplate":"https:\/\/ecodef-ihedn.fr\/?s={search_term_string}"},"query-input":{"@type":"PropertyValueSpecification","valueRequired":true,"valueName":"search_term_string"}}],"inLanguage":"en-GB"},{"@type":"Organization","@id":"https:\/\/ecodef-ihedn.fr\/#organization","name":"Chair in Defence Economics - IHEDN","url":"https:\/\/ecodef-ihedn.fr\/","logo":{"@type":"ImageObject","inLanguage":"en-GB","@id":"https:\/\/ecodef-ihedn.fr\/#\/schema\/logo\/image\/","url":"https:\/\/ecodef-ihedn.fr\/wp-content\/uploads\/2020\/04\/logoEcodef9.jpg","contentUrl":"https:\/\/ecodef-ihedn.fr\/wp-content\/uploads\/2020\/04\/logoEcodef9.jpg","width":410,"height":212,"caption":"Chaire \u00c9conomie de d\u00e9fense - IHEDN"},"image":{"@id":"https:\/\/ecodef-ihedn.fr\/#\/schema\/logo\/image\/"},"sameAs":["https:\/\/x.com\/Chaire_Ecodef","https:\/\/www.linkedin.com\/company\/chaire-ecodef-ihedn\/"]},{"@type":"Person","@id":"https:\/\/ecodef-ihedn.fr\/#\/schema\/person\/7b3f1a2d8fd336e0be2f9ff63ff0ebbc","name":"dev","image":{"@type":"ImageObject","inLanguage":"en-GB","@id":"https:\/\/secure.gravatar.com\/avatar\/f1ffcac9ca2fa95ad3ec33e9be3ade82f752acb0cabe541e56c5889225afa88a?s=96&d=mm&r=g","url":"https:\/\/secure.gravatar.com\/avatar\/f1ffcac9ca2fa95ad3ec33e9be3ade82f752acb0cabe541e56c5889225afa88a?s=96&d=mm&r=g","contentUrl":"https:\/\/secure.gravatar.com\/avatar\/f1ffcac9ca2fa95ad3ec33e9be3ade82f752acb0cabe541e56c5889225afa88a?s=96&d=mm&r=g","caption":"dev"},"url":"https:\/\/ecodef-ihedn.fr\/en\/author\/dev\/"}]}},"_links":{"self":[{"href":"https:\/\/ecodef-ihedn.fr\/en\/wp-json\/wp\/v2\/posts\/1050","targetHints":{"allow":["GET"]}}],"collection":[{"href":"https:\/\/ecodef-ihedn.fr\/en\/wp-json\/wp\/v2\/posts"}],"about":[{"href":"https:\/\/ecodef-ihedn.fr\/en\/wp-json\/wp\/v2\/types\/post"}],"author":[{"embeddable":true,"href":"https:\/\/ecodef-ihedn.fr\/en\/wp-json\/wp\/v2\/users\/1"}],"replies":[{"embeddable":true,"href":"https:\/\/ecodef-ihedn.fr\/en\/wp-json\/wp\/v2\/comments?post=1050"}],"version-history":[{"count":1,"href":"https:\/\/ecodef-ihedn.fr\/en\/wp-json\/wp\/v2\/posts\/1050\/revisions"}],"predecessor-version":[{"id":1324,"href":"https:\/\/ecodef-ihedn.fr\/en\/wp-json\/wp\/v2\/posts\/1050\/revisions\/1324"}],"wp:featuredmedia":[{"embeddable":true,"href":"https:\/\/ecodef-ihedn.fr\/en\/wp-json\/wp\/v2\/media\/564"}],"wp:attachment":[{"href":"https:\/\/ecodef-ihedn.fr\/en\/wp-json\/wp\/v2\/media?parent=1050"}],"wp:term":[{"taxonomy":"category","embeddable":true,"href":"https:\/\/ecodef-ihedn.fr\/en\/wp-json\/wp\/v2\/categories?post=1050"},{"taxonomy":"post_tag","embeddable":true,"href":"https:\/\/ecodef-ihedn.fr\/en\/wp-json\/wp\/v2\/tags?post=1050"}],"curies":[{"name":"wp","href":"https:\/\/api.w.org\/{rel}","templated":true}]}}