{"id":1055,"date":"2018-05-24T00:00:00","date_gmt":"2018-05-24T00:00:00","guid":{"rendered":"https:\/\/ecodef-ihedn.fr\/appel-a-communications-workshop-sur-leconomie-de-la-defense-et-de-la-securite-universite-de-carleton-canada-octobre-2018\/"},"modified":"2020-04-10T08:38:17","modified_gmt":"2020-04-10T08:38:17","slug":"appel-a-communications-workshop-sur-leconomie-de-la-defense-et-de-la-securite-universite-de-carleton-canada-octobre-2018","status":"publish","type":"post","link":"https:\/\/ecodef-ihedn.fr\/en\/appel-a-communications-workshop-sur-leconomie-de-la-defense-et-de-la-securite-universite-de-carleton-canada-octobre-2018\/","title":{"rendered":"Call for papers - Workshop on the Economics of Defence and Security, Carleton University, Canada, October 2018"},"content":{"rendered":"<p style=\"text-align: justify\">Le <strong>13th annual workshop<\/strong> on the\u2019<strong>Economics of Defence and Security<\/strong> will take place on <strong>Thursday 25 October and Friday 26 October 2018<\/strong> to the\u2019<a href=\"https:\/\/carleton.ca\/about\/\" target=\"_blank\" rel=\"noopener noreferrer\">Carleton University<\/a>, Ottawa (Canada) in the Senate Conference Room. Anyone interested in presenting their research in the field of Defence and Security Economics is invited to <strong>propose a communication<\/strong> to the organisers:<\/p>\n<p style=\"text-align: justify\"><strong>Karl Skogstad<\/strong> (kaskogst@lakeheadu.ca) or <strong>Ugurhan Berkok<\/strong> (berkok-u@rmc.ca).<\/p>\n<p style=\"text-align: justify\">The <strong>registration fees<\/strong> at the conference are <strong>40 $.<\/strong><\/p>\n<p style=\"text-align: justify\">For more information, please contact the event organisers.<\/p>\n<p><a href=\"https:\/\/ecodef-ihedn.fr\/wp-content\/uploads\/2020\/04\/carleton-u-logo.jpg\"><img loading=\"lazy\" decoding=\"async\" class=\"aligncenter size-thumbnail wp-image-6116\" src=\"https:\/\/ecodef-ihedn.fr\/wp-content\/uploads\/2020\/04\/carleton-u-logo-150x150.jpg\" alt=\"\" width=\"150\" height=\"150\" \/><\/a><\/p>","protected":false},"excerpt":{"rendered":"<p>Le 13\u00e8me workshop annuel sur l&rsquo;\u00c9conomie de la D\u00e9fense et de la S\u00e9curit\u00e9 aura lieu les jeudi 25 octobre et vendredi 26 octobre 2018 \u00e0 l&rsquo;Universit\u00e9 Carleton, Ottawa (Canada) dans la salle de conf\u00e9rence du S\u00e9nat. Toute personne int\u00e9ress\u00e9e pour pr\u00e9senter ses recherche dans le domaine de l\u2019\u00c9conomie de la D\u00e9fense et de la S\u00e9curit\u00e9 [&hellip;]<\/p>\n","protected":false},"author":1,"featured_media":1056,"comment_status":"open","ping_status":"open","sticky":false,"template":"","format":"standard","meta":{"footnotes":""},"categories":[360],"tags":[115,116,117],"class_list":{"0":"post-1055","1":"post","2":"type-post","3":"status-publish","4":"format-standard","5":"has-post-thumbnail","7":"category-actualites-du-reseau","8":"tag-carleton-university","9":"tag-economie-de-la-defense","10":"tag-workshop"},"yoast_head":"<!-- This site is optimized with the Yoast SEO plugin v27.4 - https:\/\/yoast.com\/product\/yoast-seo-wordpress\/ -->\n<title>Appel \u00e0 communications - Workshop sur l\u2019\u00c9conomie de la D\u00e9fense et de la S\u00e9curit\u00e9, Universit\u00e9 de Carleton, Canada, Octobre 2018 - Chaire \u00c9conomie de d\u00e9fense - IHEDN<\/title>\n<meta name=\"robots\" content=\"index, follow, max-snippet:-1, max-image-preview:large, max-video-preview:-1\" \/>\n<link rel=\"canonical\" href=\"https:\/\/ecodef-ihedn.fr\/en\/appel-a-communications-workshop-sur-leconomie-de-la-defense-et-de-la-securite-universite-de-carleton-canada-octobre-2018\/\" \/>\n<meta property=\"og:locale\" content=\"en_GB\" \/>\n<meta property=\"og:type\" content=\"article\" \/>\n<meta property=\"og:title\" content=\"Appel \u00e0 communications - Workshop sur l\u2019\u00c9conomie de la D\u00e9fense et de la S\u00e9curit\u00e9, Universit\u00e9 de Carleton, Canada, Octobre 2018 - Chaire \u00c9conomie de d\u00e9fense - IHEDN\" \/>\n<meta property=\"og:description\" content=\"Le 13\u00e8me workshop annuel sur l&rsquo;\u00c9conomie de la D\u00e9fense et de la S\u00e9curit\u00e9 aura lieu les jeudi 25 octobre et vendredi 26 octobre 2018 \u00e0 l&rsquo;Universit\u00e9 Carleton, Ottawa (Canada) dans la salle de conf\u00e9rence du S\u00e9nat. Toute personne int\u00e9ress\u00e9e pour pr\u00e9senter ses recherche dans le domaine de l\u2019\u00c9conomie de la D\u00e9fense et de la S\u00e9curit\u00e9 [&hellip;]\" \/>\n<meta property=\"og:url\" content=\"https:\/\/ecodef-ihedn.fr\/en\/appel-a-communications-workshop-sur-leconomie-de-la-defense-et-de-la-securite-universite-de-carleton-canada-octobre-2018\/\" \/>\n<meta property=\"og:site_name\" content=\"Chaire \u00c9conomie de d\u00e9fense - IHEDN\" \/>\n<meta property=\"article:published_time\" content=\"2018-05-24T00:00:00+00:00\" \/>\n<meta property=\"article:modified_time\" content=\"2020-04-10T08:38:17+00:00\" \/>\n<meta property=\"og:image\" content=\"https:\/\/ecodef-ihedn.fr\/wp-content\/uploads\/2020\/04\/carleton-u-logo.jpg\" \/>\n\t<meta property=\"og:image:width\" content=\"516\" \/>\n\t<meta property=\"og:image:height\" content=\"355\" \/>\n\t<meta property=\"og:image:type\" content=\"image\/jpeg\" \/>\n<meta name=\"author\" content=\"dev\" \/>\n<meta name=\"twitter:card\" content=\"summary_large_image\" \/>\n<meta name=\"twitter:creator\" content=\"@Chaire_Ecodef\" \/>\n<meta name=\"twitter:site\" content=\"@Chaire_Ecodef\" \/>\n<meta name=\"twitter:label1\" content=\"Written by\" \/>\n\t<meta name=\"twitter:data1\" content=\"dev\" \/>\n\t<meta name=\"twitter:label2\" content=\"Estimated reading time\" \/>\n\t<meta name=\"twitter:data2\" content=\"1 minute\" \/>\n<script type=\"application\/ld+json\" class=\"yoast-schema-graph\">{\"@context\":\"https:\\\/\\\/schema.org\",\"@graph\":[{\"@type\":\"Article\",\"@id\":\"https:\\\/\\\/ecodef-ihedn.fr\\\/appel-a-communications-workshop-sur-leconomie-de-la-defense-et-de-la-securite-universite-de-carleton-canada-octobre-2018\\\/#article\",\"isPartOf\":{\"@id\":\"https:\\\/\\\/ecodef-ihedn.fr\\\/appel-a-communications-workshop-sur-leconomie-de-la-defense-et-de-la-securite-universite-de-carleton-canada-octobre-2018\\\/\"},\"author\":{\"name\":\"dev\",\"@id\":\"https:\\\/\\\/ecodef-ihedn.fr\\\/#\\\/schema\\\/person\\\/7b3f1a2d8fd336e0be2f9ff63ff0ebbc\"},\"headline\":\"Appel \u00e0 communications &#8211; Workshop sur l\u2019\u00c9conomie de la D\u00e9fense et de la S\u00e9curit\u00e9, Universit\u00e9 de Carleton, Canada, Octobre 2018\",\"datePublished\":\"2018-05-24T00:00:00+00:00\",\"dateModified\":\"2020-04-10T08:38:17+00:00\",\"mainEntityOfPage\":{\"@id\":\"https:\\\/\\\/ecodef-ihedn.fr\\\/appel-a-communications-workshop-sur-leconomie-de-la-defense-et-de-la-securite-universite-de-carleton-canada-octobre-2018\\\/\"},\"wordCount\":127,\"commentCount\":0,\"publisher\":{\"@id\":\"https:\\\/\\\/ecodef-ihedn.fr\\\/#organization\"},\"image\":{\"@id\":\"https:\\\/\\\/ecodef-ihedn.fr\\\/appel-a-communications-workshop-sur-leconomie-de-la-defense-et-de-la-securite-universite-de-carleton-canada-octobre-2018\\\/#primaryimage\"},\"thumbnailUrl\":\"https:\\\/\\\/ecodef-ihedn.fr\\\/wp-content\\\/uploads\\\/2020\\\/04\\\/carleton-u-logo.jpg\",\"keywords\":[\"Carleton University\",\"Economie de la D\u00e9fense\",\"workshop\"],\"articleSection\":[\"Actualit\u00e9s du r\u00e9seau\"],\"inLanguage\":\"en-GB\",\"potentialAction\":[{\"@type\":\"CommentAction\",\"name\":\"Comment\",\"target\":[\"https:\\\/\\\/ecodef-ihedn.fr\\\/appel-a-communications-workshop-sur-leconomie-de-la-defense-et-de-la-securite-universite-de-carleton-canada-octobre-2018\\\/#respond\"]}]},{\"@type\":\"WebPage\",\"@id\":\"https:\\\/\\\/ecodef-ihedn.fr\\\/appel-a-communications-workshop-sur-leconomie-de-la-defense-et-de-la-securite-universite-de-carleton-canada-octobre-2018\\\/\",\"url\":\"https:\\\/\\\/ecodef-ihedn.fr\\\/appel-a-communications-workshop-sur-leconomie-de-la-defense-et-de-la-securite-universite-de-carleton-canada-octobre-2018\\\/\",\"name\":\"Appel \u00e0 communications - Workshop sur l\u2019\u00c9conomie de la D\u00e9fense et de la S\u00e9curit\u00e9, Universit\u00e9 de Carleton, Canada, Octobre 2018 - Chaire \u00c9conomie de d\u00e9fense - IHEDN\",\"isPartOf\":{\"@id\":\"https:\\\/\\\/ecodef-ihedn.fr\\\/#website\"},\"primaryImageOfPage\":{\"@id\":\"https:\\\/\\\/ecodef-ihedn.fr\\\/appel-a-communications-workshop-sur-leconomie-de-la-defense-et-de-la-securite-universite-de-carleton-canada-octobre-2018\\\/#primaryimage\"},\"image\":{\"@id\":\"https:\\\/\\\/ecodef-ihedn.fr\\\/appel-a-communications-workshop-sur-leconomie-de-la-defense-et-de-la-securite-universite-de-carleton-canada-octobre-2018\\\/#primaryimage\"},\"thumbnailUrl\":\"https:\\\/\\\/ecodef-ihedn.fr\\\/wp-content\\\/uploads\\\/2020\\\/04\\\/carleton-u-logo.jpg\",\"datePublished\":\"2018-05-24T00:00:00+00:00\",\"dateModified\":\"2020-04-10T08:38:17+00:00\",\"breadcrumb\":{\"@id\":\"https:\\\/\\\/ecodef-ihedn.fr\\\/appel-a-communications-workshop-sur-leconomie-de-la-defense-et-de-la-securite-universite-de-carleton-canada-octobre-2018\\\/#breadcrumb\"},\"inLanguage\":\"en-GB\",\"potentialAction\":[{\"@type\":\"ReadAction\",\"target\":[\"https:\\\/\\\/ecodef-ihedn.fr\\\/appel-a-communications-workshop-sur-leconomie-de-la-defense-et-de-la-securite-universite-de-carleton-canada-octobre-2018\\\/\"]}]},{\"@type\":\"ImageObject\",\"inLanguage\":\"en-GB\",\"@id\":\"https:\\\/\\\/ecodef-ihedn.fr\\\/appel-a-communications-workshop-sur-leconomie-de-la-defense-et-de-la-securite-universite-de-carleton-canada-octobre-2018\\\/#primaryimage\",\"url\":\"https:\\\/\\\/ecodef-ihedn.fr\\\/wp-content\\\/uploads\\\/2020\\\/04\\\/carleton-u-logo.jpg\",\"contentUrl\":\"https:\\\/\\\/ecodef-ihedn.fr\\\/wp-content\\\/uploads\\\/2020\\\/04\\\/carleton-u-logo.jpg\",\"width\":516,\"height\":355},{\"@type\":\"BreadcrumbList\",\"@id\":\"https:\\\/\\\/ecodef-ihedn.fr\\\/appel-a-communications-workshop-sur-leconomie-de-la-defense-et-de-la-securite-universite-de-carleton-canada-octobre-2018\\\/#breadcrumb\",\"itemListElement\":[{\"@type\":\"ListItem\",\"position\":1,\"name\":\"Accueil\",\"item\":\"https:\\\/\\\/ecodef-ihedn.fr\\\/\"},{\"@type\":\"ListItem\",\"position\":2,\"name\":\"Appel \u00e0 communications &#8211; Workshop sur l\u2019\u00c9conomie de la D\u00e9fense et de la S\u00e9curit\u00e9, Universit\u00e9 de Carleton, Canada, Octobre 2018\"}]},{\"@type\":\"WebSite\",\"@id\":\"https:\\\/\\\/ecodef-ihedn.fr\\\/#website\",\"url\":\"https:\\\/\\\/ecodef-ihedn.fr\\\/\",\"name\":\"Chaire \u00c9conomie de D\u00e9fense - IHEDN\",\"description\":\"Produire &amp; soutenir, f\u00e9d\u00e9rer &amp; diffuser, \u00eatre une interface\",\"publisher\":{\"@id\":\"https:\\\/\\\/ecodef-ihedn.fr\\\/#organization\"},\"potentialAction\":[{\"@type\":\"SearchAction\",\"target\":{\"@type\":\"EntryPoint\",\"urlTemplate\":\"https:\\\/\\\/ecodef-ihedn.fr\\\/?s={search_term_string}\"},\"query-input\":{\"@type\":\"PropertyValueSpecification\",\"valueRequired\":true,\"valueName\":\"search_term_string\"}}],\"inLanguage\":\"en-GB\"},{\"@type\":\"Organization\",\"@id\":\"https:\\\/\\\/ecodef-ihedn.fr\\\/#organization\",\"name\":\"Chaire \u00c9conomie de d\u00e9fense - IHEDN\",\"url\":\"https:\\\/\\\/ecodef-ihedn.fr\\\/\",\"logo\":{\"@type\":\"ImageObject\",\"inLanguage\":\"en-GB\",\"@id\":\"https:\\\/\\\/ecodef-ihedn.fr\\\/#\\\/schema\\\/logo\\\/image\\\/\",\"url\":\"https:\\\/\\\/ecodef-ihedn.fr\\\/wp-content\\\/uploads\\\/2020\\\/04\\\/logoEcodef9.jpg\",\"contentUrl\":\"https:\\\/\\\/ecodef-ihedn.fr\\\/wp-content\\\/uploads\\\/2020\\\/04\\\/logoEcodef9.jpg\",\"width\":410,\"height\":212,\"caption\":\"Chaire \u00c9conomie de d\u00e9fense - IHEDN\"},\"image\":{\"@id\":\"https:\\\/\\\/ecodef-ihedn.fr\\\/#\\\/schema\\\/logo\\\/image\\\/\"},\"sameAs\":[\"https:\\\/\\\/x.com\\\/Chaire_Ecodef\",\"https:\\\/\\\/www.linkedin.com\\\/company\\\/chaire-ecodef-ihedn\\\/\"]},{\"@type\":\"Person\",\"@id\":\"https:\\\/\\\/ecodef-ihedn.fr\\\/#\\\/schema\\\/person\\\/7b3f1a2d8fd336e0be2f9ff63ff0ebbc\",\"name\":\"dev\",\"image\":{\"@type\":\"ImageObject\",\"inLanguage\":\"en-GB\",\"@id\":\"https:\\\/\\\/secure.gravatar.com\\\/avatar\\\/f1ffcac9ca2fa95ad3ec33e9be3ade82f752acb0cabe541e56c5889225afa88a?s=96&d=mm&r=g\",\"url\":\"https:\\\/\\\/secure.gravatar.com\\\/avatar\\\/f1ffcac9ca2fa95ad3ec33e9be3ade82f752acb0cabe541e56c5889225afa88a?s=96&d=mm&r=g\",\"contentUrl\":\"https:\\\/\\\/secure.gravatar.com\\\/avatar\\\/f1ffcac9ca2fa95ad3ec33e9be3ade82f752acb0cabe541e56c5889225afa88a?s=96&d=mm&r=g\",\"caption\":\"dev\"},\"url\":\"https:\\\/\\\/ecodef-ihedn.fr\\\/en\\\/author\\\/dev\\\/\"}]}<\/script>\n<!-- \/ Yoast SEO plugin. -->","yoast_head_json":{"title":"Appel \u00e0 communications - Workshop sur l\u2019\u00c9conomie de la D\u00e9fense et de la S\u00e9curit\u00e9, Universit\u00e9 de Carleton, Canada, Octobre 2018 - Chaire \u00c9conomie de d\u00e9fense - IHEDN","robots":{"index":"index","follow":"follow","max-snippet":"max-snippet:-1","max-image-preview":"max-image-preview:large","max-video-preview":"max-video-preview:-1"},"canonical":"https:\/\/ecodef-ihedn.fr\/en\/appel-a-communications-workshop-sur-leconomie-de-la-defense-et-de-la-securite-universite-de-carleton-canada-octobre-2018\/","og_locale":"en_GB","og_type":"article","og_title":"Appel \u00e0 communications - Workshop sur l\u2019\u00c9conomie de la D\u00e9fense et de la S\u00e9curit\u00e9, Universit\u00e9 de Carleton, Canada, Octobre 2018 - Chaire \u00c9conomie de d\u00e9fense - IHEDN","og_description":"Le 13\u00e8me workshop annuel sur l&rsquo;\u00c9conomie de la D\u00e9fense et de la S\u00e9curit\u00e9 aura lieu les jeudi 25 octobre et vendredi 26 octobre 2018 \u00e0 l&rsquo;Universit\u00e9 Carleton, Ottawa (Canada) dans la salle de conf\u00e9rence du S\u00e9nat. Toute personne int\u00e9ress\u00e9e pour pr\u00e9senter ses recherche dans le domaine de l\u2019\u00c9conomie de la D\u00e9fense et de la S\u00e9curit\u00e9 [&hellip;]","og_url":"https:\/\/ecodef-ihedn.fr\/en\/appel-a-communications-workshop-sur-leconomie-de-la-defense-et-de-la-securite-universite-de-carleton-canada-octobre-2018\/","og_site_name":"Chaire \u00c9conomie de d\u00e9fense - IHEDN","article_published_time":"2018-05-24T00:00:00+00:00","article_modified_time":"2020-04-10T08:38:17+00:00","og_image":[{"width":516,"height":355,"url":"https:\/\/ecodef-ihedn.fr\/wp-content\/uploads\/2020\/04\/carleton-u-logo.jpg","type":"image\/jpeg"}],"author":"dev","twitter_card":"summary_large_image","twitter_creator":"@Chaire_Ecodef","twitter_site":"@Chaire_Ecodef","twitter_misc":{"Written by":"dev","Estimated reading time":"1 minute"},"schema":{"@context":"https:\/\/schema.org","@graph":[{"@type":"Article","@id":"https:\/\/ecodef-ihedn.fr\/appel-a-communications-workshop-sur-leconomie-de-la-defense-et-de-la-securite-universite-de-carleton-canada-octobre-2018\/#article","isPartOf":{"@id":"https:\/\/ecodef-ihedn.fr\/appel-a-communications-workshop-sur-leconomie-de-la-defense-et-de-la-securite-universite-de-carleton-canada-octobre-2018\/"},"author":{"name":"dev","@id":"https:\/\/ecodef-ihedn.fr\/#\/schema\/person\/7b3f1a2d8fd336e0be2f9ff63ff0ebbc"},"headline":"Appel \u00e0 communications &#8211; Workshop sur l\u2019\u00c9conomie de la D\u00e9fense et de la S\u00e9curit\u00e9, Universit\u00e9 de Carleton, Canada, Octobre 2018","datePublished":"2018-05-24T00:00:00+00:00","dateModified":"2020-04-10T08:38:17+00:00","mainEntityOfPage":{"@id":"https:\/\/ecodef-ihedn.fr\/appel-a-communications-workshop-sur-leconomie-de-la-defense-et-de-la-securite-universite-de-carleton-canada-octobre-2018\/"},"wordCount":127,"commentCount":0,"publisher":{"@id":"https:\/\/ecodef-ihedn.fr\/#organization"},"image":{"@id":"https:\/\/ecodef-ihedn.fr\/appel-a-communications-workshop-sur-leconomie-de-la-defense-et-de-la-securite-universite-de-carleton-canada-octobre-2018\/#primaryimage"},"thumbnailUrl":"https:\/\/ecodef-ihedn.fr\/wp-content\/uploads\/2020\/04\/carleton-u-logo.jpg","keywords":["Carleton University","Economie de la D\u00e9fense","workshop"],"articleSection":["Actualit\u00e9s du r\u00e9seau"],"inLanguage":"en-GB","potentialAction":[{"@type":"CommentAction","name":"Comment","target":["https:\/\/ecodef-ihedn.fr\/appel-a-communications-workshop-sur-leconomie-de-la-defense-et-de-la-securite-universite-de-carleton-canada-octobre-2018\/#respond"]}]},{"@type":"WebPage","@id":"https:\/\/ecodef-ihedn.fr\/appel-a-communications-workshop-sur-leconomie-de-la-defense-et-de-la-securite-universite-de-carleton-canada-octobre-2018\/","url":"https:\/\/ecodef-ihedn.fr\/appel-a-communications-workshop-sur-leconomie-de-la-defense-et-de-la-securite-universite-de-carleton-canada-octobre-2018\/","name":"Appel \u00e0 communications - Workshop sur l\u2019\u00c9conomie de la D\u00e9fense et de la S\u00e9curit\u00e9, Universit\u00e9 de Carleton, Canada, Octobre 2018 - Chaire \u00c9conomie de d\u00e9fense - IHEDN","isPartOf":{"@id":"https:\/\/ecodef-ihedn.fr\/#website"},"primaryImageOfPage":{"@id":"https:\/\/ecodef-ihedn.fr\/appel-a-communications-workshop-sur-leconomie-de-la-defense-et-de-la-securite-universite-de-carleton-canada-octobre-2018\/#primaryimage"},"image":{"@id":"https:\/\/ecodef-ihedn.fr\/appel-a-communications-workshop-sur-leconomie-de-la-defense-et-de-la-securite-universite-de-carleton-canada-octobre-2018\/#primaryimage"},"thumbnailUrl":"https:\/\/ecodef-ihedn.fr\/wp-content\/uploads\/2020\/04\/carleton-u-logo.jpg","datePublished":"2018-05-24T00:00:00+00:00","dateModified":"2020-04-10T08:38:17+00:00","breadcrumb":{"@id":"https:\/\/ecodef-ihedn.fr\/appel-a-communications-workshop-sur-leconomie-de-la-defense-et-de-la-securite-universite-de-carleton-canada-octobre-2018\/#breadcrumb"},"inLanguage":"en-GB","potentialAction":[{"@type":"ReadAction","target":["https:\/\/ecodef-ihedn.fr\/appel-a-communications-workshop-sur-leconomie-de-la-defense-et-de-la-securite-universite-de-carleton-canada-octobre-2018\/"]}]},{"@type":"ImageObject","inLanguage":"en-GB","@id":"https:\/\/ecodef-ihedn.fr\/appel-a-communications-workshop-sur-leconomie-de-la-defense-et-de-la-securite-universite-de-carleton-canada-octobre-2018\/#primaryimage","url":"https:\/\/ecodef-ihedn.fr\/wp-content\/uploads\/2020\/04\/carleton-u-logo.jpg","contentUrl":"https:\/\/ecodef-ihedn.fr\/wp-content\/uploads\/2020\/04\/carleton-u-logo.jpg","width":516,"height":355},{"@type":"BreadcrumbList","@id":"https:\/\/ecodef-ihedn.fr\/appel-a-communications-workshop-sur-leconomie-de-la-defense-et-de-la-securite-universite-de-carleton-canada-octobre-2018\/#breadcrumb","itemListElement":[{"@type":"ListItem","position":1,"name":"Accueil","item":"https:\/\/ecodef-ihedn.fr\/"},{"@type":"ListItem","position":2,"name":"Appel \u00e0 communications &#8211; Workshop sur l\u2019\u00c9conomie de la D\u00e9fense et de la S\u00e9curit\u00e9, Universit\u00e9 de Carleton, Canada, Octobre 2018"}]},{"@type":"WebSite","@id":"https:\/\/ecodef-ihedn.fr\/#website","url":"https:\/\/ecodef-ihedn.fr\/","name":"Chair in Defence Economics - IHEDN","description":"Produce &amp; support, federate &amp; disseminate, act as an interface","publisher":{"@id":"https:\/\/ecodef-ihedn.fr\/#organization"},"potentialAction":[{"@type":"SearchAction","target":{"@type":"EntryPoint","urlTemplate":"https:\/\/ecodef-ihedn.fr\/?s={search_term_string}"},"query-input":{"@type":"PropertyValueSpecification","valueRequired":true,"valueName":"search_term_string"}}],"inLanguage":"en-GB"},{"@type":"Organization","@id":"https:\/\/ecodef-ihedn.fr\/#organization","name":"Chair in Defence Economics - IHEDN","url":"https:\/\/ecodef-ihedn.fr\/","logo":{"@type":"ImageObject","inLanguage":"en-GB","@id":"https:\/\/ecodef-ihedn.fr\/#\/schema\/logo\/image\/","url":"https:\/\/ecodef-ihedn.fr\/wp-content\/uploads\/2020\/04\/logoEcodef9.jpg","contentUrl":"https:\/\/ecodef-ihedn.fr\/wp-content\/uploads\/2020\/04\/logoEcodef9.jpg","width":410,"height":212,"caption":"Chaire \u00c9conomie de d\u00e9fense - IHEDN"},"image":{"@id":"https:\/\/ecodef-ihedn.fr\/#\/schema\/logo\/image\/"},"sameAs":["https:\/\/x.com\/Chaire_Ecodef","https:\/\/www.linkedin.com\/company\/chaire-ecodef-ihedn\/"]},{"@type":"Person","@id":"https:\/\/ecodef-ihedn.fr\/#\/schema\/person\/7b3f1a2d8fd336e0be2f9ff63ff0ebbc","name":"dev","image":{"@type":"ImageObject","inLanguage":"en-GB","@id":"https:\/\/secure.gravatar.com\/avatar\/f1ffcac9ca2fa95ad3ec33e9be3ade82f752acb0cabe541e56c5889225afa88a?s=96&d=mm&r=g","url":"https:\/\/secure.gravatar.com\/avatar\/f1ffcac9ca2fa95ad3ec33e9be3ade82f752acb0cabe541e56c5889225afa88a?s=96&d=mm&r=g","contentUrl":"https:\/\/secure.gravatar.com\/avatar\/f1ffcac9ca2fa95ad3ec33e9be3ade82f752acb0cabe541e56c5889225afa88a?s=96&d=mm&r=g","caption":"dev"},"url":"https:\/\/ecodef-ihedn.fr\/en\/author\/dev\/"}]}},"_links":{"self":[{"href":"https:\/\/ecodef-ihedn.fr\/en\/wp-json\/wp\/v2\/posts\/1055","targetHints":{"allow":["GET"]}}],"collection":[{"href":"https:\/\/ecodef-ihedn.fr\/en\/wp-json\/wp\/v2\/posts"}],"about":[{"href":"https:\/\/ecodef-ihedn.fr\/en\/wp-json\/wp\/v2\/types\/post"}],"author":[{"embeddable":true,"href":"https:\/\/ecodef-ihedn.fr\/en\/wp-json\/wp\/v2\/users\/1"}],"replies":[{"embeddable":true,"href":"https:\/\/ecodef-ihedn.fr\/en\/wp-json\/wp\/v2\/comments?post=1055"}],"version-history":[{"count":2,"href":"https:\/\/ecodef-ihedn.fr\/en\/wp-json\/wp\/v2\/posts\/1055\/revisions"}],"predecessor-version":[{"id":1554,"href":"https:\/\/ecodef-ihedn.fr\/en\/wp-json\/wp\/v2\/posts\/1055\/revisions\/1554"}],"wp:featuredmedia":[{"embeddable":true,"href":"https:\/\/ecodef-ihedn.fr\/en\/wp-json\/wp\/v2\/media\/1056"}],"wp:attachment":[{"href":"https:\/\/ecodef-ihedn.fr\/en\/wp-json\/wp\/v2\/media?parent=1055"}],"wp:term":[{"taxonomy":"category","embeddable":true,"href":"https:\/\/ecodef-ihedn.fr\/en\/wp-json\/wp\/v2\/categories?post=1055"},{"taxonomy":"post_tag","embeddable":true,"href":"https:\/\/ecodef-ihedn.fr\/en\/wp-json\/wp\/v2\/tags?post=1055"}],"curies":[{"name":"wp","href":"https:\/\/api.w.org\/{rel}","templated":true}]}}