{"id":1058,"date":"2018-05-29T00:00:00","date_gmt":"2018-05-29T00:00:00","guid":{"rendered":"https:\/\/ecodef-ihedn.fr\/publication-dun-article-de-julien-malizard-et-josselin-droff-dans-le-n30-des-champs-de-mars-la-releve-strategique\/"},"modified":"2020-04-23T14:13:36","modified_gmt":"2020-04-23T14:13:36","slug":"article-de-julien-malizard-et-josselin-droff-dans-le-n30-des-champs-de-mars-la-releve-strategique","status":"publish","type":"post","link":"https:\/\/ecodef-ihedn.fr\/en\/article-de-julien-malizard-et-josselin-droff-dans-le-n30-des-champs-de-mars-la-releve-strategique\/","title":{"rendered":"Article by Julien Malizard and Josselin Droff in Champs de Mars No. 30 \u00abla rel\u00e8ve strat\u00e9gique\u00bb (\"Strategic succession\")\u00bb"},"content":{"rendered":"<p style=\"text-align: justify\"><a href=\"https:\/\/www.researchgate.net\/profile\/Julien_Malizard\" target=\"_blank\" rel=\"noopener noreferrer\"><strong>Julien Malizard<\/strong><\/a> and <a href=\"https:\/\/www.researchgate.net\/profile\/Josselin_Droff\" target=\"_blank\" rel=\"noopener noreferrer\"><strong>Josselin Droff<\/strong>\u00a0<\/a>, researchers at the <a href=\"https:\/\/economie-defense.fr\/\" target=\"_blank\" rel=\"noopener noreferrer\"><strong>Chair in Defence Economics<\/strong><\/a> publish an article in the <strong>special issue (n\u00b030) <\/strong>from <strong><a href=\"http:\/\/www.pressesdesciencespo.fr\/fr\/revues\/champsdemars\/\" target=\"_blank\" rel=\"noopener noreferrer\">Champs de Mars<\/a><\/strong>. Journal of War and Peace Studies, at <a href=\"http:\/\/www.pressesdesciencespo.fr\/\" target=\"_blank\" rel=\"noopener noreferrer\"><strong>Presses de Sciences Po<\/strong><\/a>.<\/p>\n<p style=\"text-align: justify\">The article is entitled: <strong>\u00ab\u00a0<a href=\"https:\/\/www.cairn.info\/revue-les-champs-de-mars-2018-1-p-377.htm\" target=\"_blank\" rel=\"noopener noreferrer\">Economic analysis of the sustainability of external operations<\/a><\/strong>\u00ab\u00a0<\/p>\n<p style=\"text-align: justify\">It takes an original approach to a <strong>little studied issue<\/strong> in defence economics literature: the <strong>sustainability of military operations<\/strong>. The French case is used here as an empirical example to illustrate the analysis.<\/p>\n<p style=\"text-align: justify\">France is involved in a number of <strong>field operations<\/strong> which have cost more than a billion euros a year for almost ten years. An examination of the \u00abadditional costs of OPEX\u00bb illustrates the new methods of intervention. This contribution examines, from an economic point of view, the<strong> operating cost<\/strong> borne by the armies involved in these military operations, whose <strong>duration<\/strong>, l<strong>\u2018intensity<\/strong> and the\u2019<strong>scope<\/strong> have particularly increased in recent years.<\/p>\n<p style=\"text-align: justify\">This cost is difficult to assess because it has no economic value in itself, so we have to resort to indirect analyses, via the <strong>consequences for people and equipment<\/strong>. The authors show that, over the last ten years or so, the number of <strong>serious shortcomings<\/strong> This could ultimately lead to a reduction in France's military potential. The risk is that, in the long term, France will no longer be capable of <strong>participate effectively in OPEX.<\/strong> The question then arises as to what solutions can be envisaged to enable better <strong>OPEX sustainability<\/strong>. Several <strong>areas for improvement<\/strong> are discussed at the end of the article.<\/p>\n<p style=\"text-align: justify\">This contribution is an extension of an initial reflection published by the authors in the <a href=\"https:\/\/www.defense.gouv.fr\/content\/download\/383545\/5672508\/file\/Lettre%20IRSEM%20n%C2%B04%20-%202015.pdf\" target=\"_blank\" rel=\"noopener noreferrer\"><strong>IRSEM Newsletter n\u00b04\/2015<\/strong><\/a>. It has also been the subject of several papers by the authors : <strong>Study day of the Defence Economics - Conflict Economics working group<\/strong> (Blois, April 2017), <a href=\"http:\/\/www.rma.ac.be\/deml\/21ConfEconSec\/\" target=\"_blank\" rel=\"noopener noreferrer\"><em><strong>21<sup>st<\/sup> International Conference on Economics and Security<\/strong><\/em><\/a> (Royal Military Academy, Brussels, June 2017), <a href=\"https:\/\/sites.google.com\/site\/antpietri\/ced-seminar\" target=\"_blank\" rel=\"noopener noreferrer\"><strong>IRSEM Conflict and Defence Economics Seminar<\/strong><\/a> (Paris, January 2018).<\/p>\n<p>&nbsp;<\/p>\n<p style=\"text-align: justify\"><strong>For more information on this special issue of Champs de Mars<\/strong> : <a href=\"https:\/\/www.defense.gouv.fr\/irsem\/publications\/champs-de-mars\/champs-de-mars\/\" target=\"_blank\" rel=\"noopener noreferrer\">https:\/\/www.defense.gouv.fr\/irsem\/publications\/champs-de-mars\/champs-de-mars\/<\/a><\/p>\n<p><a href=\"https:\/\/ecodef-ihedn.fr\/wp-content\/uploads\/2020\/04\/champs_de_mars_supplement.png\"><img loading=\"lazy\" decoding=\"async\" class=\"aligncenter size-thumbnail wp-image-6093\" src=\"https:\/\/ecodef-ihedn.fr\/wp-content\/uploads\/2020\/04\/champs_de_mars_supplement-150x150.png\" alt=\"\" width=\"150\" height=\"150\" \/><\/a><\/p>","protected":false},"excerpt":{"rendered":"<p>Julien Malizard et Josselin Droff\u00a0, chercheurs \u00e0 la Chaire \u00c9conomie de D\u00e9fense publient un article dans le num\u00e9ro sp\u00e9cial (n\u00b030) des Champs de Mars. Revue d\u2019\u00e9tudes sur la guerre et la paix, aux Presses de Sciences Po. L&rsquo;article est intitul\u00e9: \u00ab\u00a0Analyse \u00e9conomique de la soutenabilit\u00e9 des op\u00e9rations ext\u00e9rieures\u00ab\u00a0 Il aborde d&rsquo;une fa\u00e7on originale une question [&hellip;]<\/p>\n","protected":false},"author":1,"featured_media":1052,"comment_status":"open","ping_status":"open","sticky":false,"template":"","format":"standard","meta":{"footnotes":""},"categories":[350,352,354],"tags":[107,118,121,109,122,62,123,124,111,125],"class_list":{"0":"post-1058","1":"post","2":"type-post","3":"status-publish","4":"format-standard","5":"has-post-thumbnail","7":"category-publications","8":"category-thematique-2-determinants-et-impacts-de-la-depense-de-defense","9":"category-thematique-4-mco","10":"tag-champs-de-mars","11":"tag-conflits","12":"tag-operations-exterieures","13":"tag-opex","14":"tag-presses-de-science-po","15":"tag-relations-internationales","16":"tag-releve-strategique","17":"tag-revue-strategique","18":"tag-soutenabilite-des-conflits","19":"tag-soutenabilite-des-operations-militaires"},"yoast_head":"<!-- This site is optimized with the Yoast SEO plugin v27.4 - https:\/\/yoast.com\/product\/yoast-seo-wordpress\/ -->\n<title>Article de Julien Malizard et Josselin Droff dans le n\u00b030 des Champs de Mars &quot;la rel\u00e8ve strat\u00e9gique&quot; - Chaire \u00c9conomie de d\u00e9fense - IHEDN<\/title>\n<meta name=\"robots\" content=\"index, follow, max-snippet:-1, max-image-preview:large, max-video-preview:-1\" \/>\n<link rel=\"canonical\" href=\"https:\/\/ecodef-ihedn.fr\/en\/article-de-julien-malizard-et-josselin-droff-dans-le-n30-des-champs-de-mars-la-releve-strategique\/\" \/>\n<meta property=\"og:locale\" content=\"en_GB\" \/>\n<meta property=\"og:type\" content=\"article\" \/>\n<meta property=\"og:title\" content=\"Article de Julien Malizard et Josselin Droff dans le n\u00b030 des Champs de Mars &quot;la rel\u00e8ve strat\u00e9gique&quot; - Chaire \u00c9conomie de d\u00e9fense - IHEDN\" \/>\n<meta property=\"og:description\" content=\"Julien Malizard et Josselin Droff\u00a0, chercheurs \u00e0 la Chaire \u00c9conomie de D\u00e9fense publient un article dans le num\u00e9ro sp\u00e9cial (n\u00b030) des Champs de Mars. Revue d\u2019\u00e9tudes sur la guerre et la paix, aux Presses de Sciences Po. L&rsquo;article est intitul\u00e9: \u00ab\u00a0Analyse \u00e9conomique de la soutenabilit\u00e9 des op\u00e9rations ext\u00e9rieures\u00ab\u00a0 Il aborde d&rsquo;une fa\u00e7on originale une question [&hellip;]\" \/>\n<meta property=\"og:url\" content=\"https:\/\/ecodef-ihedn.fr\/en\/article-de-julien-malizard-et-josselin-droff-dans-le-n30-des-champs-de-mars-la-releve-strategique\/\" \/>\n<meta property=\"og:site_name\" content=\"Chaire \u00c9conomie de d\u00e9fense - IHEDN\" \/>\n<meta property=\"article:published_time\" content=\"2018-05-29T00:00:00+00:00\" \/>\n<meta property=\"article:modified_time\" content=\"2020-04-23T14:13:36+00:00\" \/>\n<meta property=\"og:image\" content=\"https:\/\/ecodef-ihedn.fr\/wp-content\/uploads\/2020\/04\/champs_de_mars_supplement.png\" \/>\n\t<meta property=\"og:image:width\" content=\"1335\" \/>\n\t<meta property=\"og:image:height\" content=\"2000\" \/>\n\t<meta property=\"og:image:type\" content=\"image\/png\" \/>\n<meta name=\"author\" content=\"dev\" \/>\n<meta name=\"twitter:card\" content=\"summary_large_image\" \/>\n<meta name=\"twitter:creator\" content=\"@Chaire_Ecodef\" \/>\n<meta name=\"twitter:site\" content=\"@Chaire_Ecodef\" \/>\n<meta name=\"twitter:label1\" content=\"Written by\" \/>\n\t<meta name=\"twitter:data1\" content=\"dev\" \/>\n\t<meta name=\"twitter:label2\" content=\"Estimated reading time\" \/>\n\t<meta name=\"twitter:data2\" content=\"2 minutes\" \/>\n<script type=\"application\/ld+json\" class=\"yoast-schema-graph\">{\"@context\":\"https:\\\/\\\/schema.org\",\"@graph\":[{\"@type\":\"Article\",\"@id\":\"https:\\\/\\\/ecodef-ihedn.fr\\\/article-de-julien-malizard-et-josselin-droff-dans-le-n30-des-champs-de-mars-la-releve-strategique\\\/#article\",\"isPartOf\":{\"@id\":\"https:\\\/\\\/ecodef-ihedn.fr\\\/article-de-julien-malizard-et-josselin-droff-dans-le-n30-des-champs-de-mars-la-releve-strategique\\\/\"},\"author\":{\"name\":\"dev\",\"@id\":\"https:\\\/\\\/ecodef-ihedn.fr\\\/#\\\/schema\\\/person\\\/7b3f1a2d8fd336e0be2f9ff63ff0ebbc\"},\"headline\":\"Article de Julien Malizard et Josselin Droff dans le n\u00b030 des Champs de Mars \u00ab\u00a0la rel\u00e8ve strat\u00e9gique\u00a0\u00bb\",\"datePublished\":\"2018-05-29T00:00:00+00:00\",\"dateModified\":\"2020-04-23T14:13:36+00:00\",\"mainEntityOfPage\":{\"@id\":\"https:\\\/\\\/ecodef-ihedn.fr\\\/article-de-julien-malizard-et-josselin-droff-dans-le-n30-des-champs-de-mars-la-releve-strategique\\\/\"},\"wordCount\":417,\"commentCount\":1,\"publisher\":{\"@id\":\"https:\\\/\\\/ecodef-ihedn.fr\\\/#organization\"},\"image\":{\"@id\":\"https:\\\/\\\/ecodef-ihedn.fr\\\/article-de-julien-malizard-et-josselin-droff-dans-le-n30-des-champs-de-mars-la-releve-strategique\\\/#primaryimage\"},\"thumbnailUrl\":\"https:\\\/\\\/ecodef-ihedn.fr\\\/wp-content\\\/uploads\\\/2020\\\/04\\\/champs_de_mars_supplement.png\",\"keywords\":[\"champs de mars\",\"Conflits\",\"Op\u00e9rations ext\u00e9rieures\",\"OPEX\",\"Presses de science Po\",\"relations internationales\",\"Rel\u00e8ve strat\u00e9gique\",\"Revue strat\u00e9gique\",\"soutenabilit\u00e9 des conflits\",\"Soutenabilit\u00e9 des op\u00e9rations militaires\"],\"articleSection\":[\"Publications\",\"Th\u00e9matique 2 : d\u00e9terminants et impacts de la d\u00e9pense de d\u00e9fense\",\"Th\u00e9matique 4 : MCO\"],\"inLanguage\":\"en-GB\",\"potentialAction\":[{\"@type\":\"CommentAction\",\"name\":\"Comment\",\"target\":[\"https:\\\/\\\/ecodef-ihedn.fr\\\/article-de-julien-malizard-et-josselin-droff-dans-le-n30-des-champs-de-mars-la-releve-strategique\\\/#respond\"]}]},{\"@type\":\"WebPage\",\"@id\":\"https:\\\/\\\/ecodef-ihedn.fr\\\/article-de-julien-malizard-et-josselin-droff-dans-le-n30-des-champs-de-mars-la-releve-strategique\\\/\",\"url\":\"https:\\\/\\\/ecodef-ihedn.fr\\\/article-de-julien-malizard-et-josselin-droff-dans-le-n30-des-champs-de-mars-la-releve-strategique\\\/\",\"name\":\"Article de Julien Malizard et Josselin Droff dans le n\u00b030 des Champs de Mars \\\"la rel\u00e8ve strat\u00e9gique\\\" - Chaire \u00c9conomie de d\u00e9fense - IHEDN\",\"isPartOf\":{\"@id\":\"https:\\\/\\\/ecodef-ihedn.fr\\\/#website\"},\"primaryImageOfPage\":{\"@id\":\"https:\\\/\\\/ecodef-ihedn.fr\\\/article-de-julien-malizard-et-josselin-droff-dans-le-n30-des-champs-de-mars-la-releve-strategique\\\/#primaryimage\"},\"image\":{\"@id\":\"https:\\\/\\\/ecodef-ihedn.fr\\\/article-de-julien-malizard-et-josselin-droff-dans-le-n30-des-champs-de-mars-la-releve-strategique\\\/#primaryimage\"},\"thumbnailUrl\":\"https:\\\/\\\/ecodef-ihedn.fr\\\/wp-content\\\/uploads\\\/2020\\\/04\\\/champs_de_mars_supplement.png\",\"datePublished\":\"2018-05-29T00:00:00+00:00\",\"dateModified\":\"2020-04-23T14:13:36+00:00\",\"breadcrumb\":{\"@id\":\"https:\\\/\\\/ecodef-ihedn.fr\\\/article-de-julien-malizard-et-josselin-droff-dans-le-n30-des-champs-de-mars-la-releve-strategique\\\/#breadcrumb\"},\"inLanguage\":\"en-GB\",\"potentialAction\":[{\"@type\":\"ReadAction\",\"target\":[\"https:\\\/\\\/ecodef-ihedn.fr\\\/article-de-julien-malizard-et-josselin-droff-dans-le-n30-des-champs-de-mars-la-releve-strategique\\\/\"]}]},{\"@type\":\"ImageObject\",\"inLanguage\":\"en-GB\",\"@id\":\"https:\\\/\\\/ecodef-ihedn.fr\\\/article-de-julien-malizard-et-josselin-droff-dans-le-n30-des-champs-de-mars-la-releve-strategique\\\/#primaryimage\",\"url\":\"https:\\\/\\\/ecodef-ihedn.fr\\\/wp-content\\\/uploads\\\/2020\\\/04\\\/champs_de_mars_supplement.png\",\"contentUrl\":\"https:\\\/\\\/ecodef-ihedn.fr\\\/wp-content\\\/uploads\\\/2020\\\/04\\\/champs_de_mars_supplement.png\",\"width\":1335,\"height\":2000},{\"@type\":\"BreadcrumbList\",\"@id\":\"https:\\\/\\\/ecodef-ihedn.fr\\\/article-de-julien-malizard-et-josselin-droff-dans-le-n30-des-champs-de-mars-la-releve-strategique\\\/#breadcrumb\",\"itemListElement\":[{\"@type\":\"ListItem\",\"position\":1,\"name\":\"Accueil\",\"item\":\"https:\\\/\\\/ecodef-ihedn.fr\\\/\"},{\"@type\":\"ListItem\",\"position\":2,\"name\":\"Article de Julien Malizard et Josselin Droff dans le n\u00b030 des Champs de Mars &#8220;la rel\u00e8ve strat\u00e9gique&#8221;\"}]},{\"@type\":\"WebSite\",\"@id\":\"https:\\\/\\\/ecodef-ihedn.fr\\\/#website\",\"url\":\"https:\\\/\\\/ecodef-ihedn.fr\\\/\",\"name\":\"Chaire \u00c9conomie de D\u00e9fense - IHEDN\",\"description\":\"Produire &amp; soutenir, f\u00e9d\u00e9rer &amp; diffuser, \u00eatre une interface\",\"publisher\":{\"@id\":\"https:\\\/\\\/ecodef-ihedn.fr\\\/#organization\"},\"potentialAction\":[{\"@type\":\"SearchAction\",\"target\":{\"@type\":\"EntryPoint\",\"urlTemplate\":\"https:\\\/\\\/ecodef-ihedn.fr\\\/?s={search_term_string}\"},\"query-input\":{\"@type\":\"PropertyValueSpecification\",\"valueRequired\":true,\"valueName\":\"search_term_string\"}}],\"inLanguage\":\"en-GB\"},{\"@type\":\"Organization\",\"@id\":\"https:\\\/\\\/ecodef-ihedn.fr\\\/#organization\",\"name\":\"Chaire \u00c9conomie de d\u00e9fense - IHEDN\",\"url\":\"https:\\\/\\\/ecodef-ihedn.fr\\\/\",\"logo\":{\"@type\":\"ImageObject\",\"inLanguage\":\"en-GB\",\"@id\":\"https:\\\/\\\/ecodef-ihedn.fr\\\/#\\\/schema\\\/logo\\\/image\\\/\",\"url\":\"https:\\\/\\\/ecodef-ihedn.fr\\\/wp-content\\\/uploads\\\/2020\\\/04\\\/logoEcodef9.jpg\",\"contentUrl\":\"https:\\\/\\\/ecodef-ihedn.fr\\\/wp-content\\\/uploads\\\/2020\\\/04\\\/logoEcodef9.jpg\",\"width\":410,\"height\":212,\"caption\":\"Chaire \u00c9conomie de d\u00e9fense - IHEDN\"},\"image\":{\"@id\":\"https:\\\/\\\/ecodef-ihedn.fr\\\/#\\\/schema\\\/logo\\\/image\\\/\"},\"sameAs\":[\"https:\\\/\\\/x.com\\\/Chaire_Ecodef\",\"https:\\\/\\\/www.linkedin.com\\\/company\\\/chaire-ecodef-ihedn\\\/\"]},{\"@type\":\"Person\",\"@id\":\"https:\\\/\\\/ecodef-ihedn.fr\\\/#\\\/schema\\\/person\\\/7b3f1a2d8fd336e0be2f9ff63ff0ebbc\",\"name\":\"dev\",\"image\":{\"@type\":\"ImageObject\",\"inLanguage\":\"en-GB\",\"@id\":\"https:\\\/\\\/secure.gravatar.com\\\/avatar\\\/f1ffcac9ca2fa95ad3ec33e9be3ade82f752acb0cabe541e56c5889225afa88a?s=96&d=mm&r=g\",\"url\":\"https:\\\/\\\/secure.gravatar.com\\\/avatar\\\/f1ffcac9ca2fa95ad3ec33e9be3ade82f752acb0cabe541e56c5889225afa88a?s=96&d=mm&r=g\",\"contentUrl\":\"https:\\\/\\\/secure.gravatar.com\\\/avatar\\\/f1ffcac9ca2fa95ad3ec33e9be3ade82f752acb0cabe541e56c5889225afa88a?s=96&d=mm&r=g\",\"caption\":\"dev\"},\"url\":\"https:\\\/\\\/ecodef-ihedn.fr\\\/en\\\/author\\\/dev\\\/\"}]}<\/script>\n<!-- \/ Yoast SEO plugin. -->","yoast_head_json":{"title":"Article de Julien Malizard et Josselin Droff dans le n\u00b030 des Champs de Mars \"la rel\u00e8ve strat\u00e9gique\" - Chaire \u00c9conomie de d\u00e9fense - IHEDN","robots":{"index":"index","follow":"follow","max-snippet":"max-snippet:-1","max-image-preview":"max-image-preview:large","max-video-preview":"max-video-preview:-1"},"canonical":"https:\/\/ecodef-ihedn.fr\/en\/article-de-julien-malizard-et-josselin-droff-dans-le-n30-des-champs-de-mars-la-releve-strategique\/","og_locale":"en_GB","og_type":"article","og_title":"Article de Julien Malizard et Josselin Droff dans le n\u00b030 des Champs de Mars \"la rel\u00e8ve strat\u00e9gique\" - Chaire \u00c9conomie de d\u00e9fense - IHEDN","og_description":"Julien Malizard et Josselin Droff\u00a0, chercheurs \u00e0 la Chaire \u00c9conomie de D\u00e9fense publient un article dans le num\u00e9ro sp\u00e9cial (n\u00b030) des Champs de Mars. Revue d\u2019\u00e9tudes sur la guerre et la paix, aux Presses de Sciences Po. L&rsquo;article est intitul\u00e9: \u00ab\u00a0Analyse \u00e9conomique de la soutenabilit\u00e9 des op\u00e9rations ext\u00e9rieures\u00ab\u00a0 Il aborde d&rsquo;une fa\u00e7on originale une question [&hellip;]","og_url":"https:\/\/ecodef-ihedn.fr\/en\/article-de-julien-malizard-et-josselin-droff-dans-le-n30-des-champs-de-mars-la-releve-strategique\/","og_site_name":"Chaire \u00c9conomie de d\u00e9fense - IHEDN","article_published_time":"2018-05-29T00:00:00+00:00","article_modified_time":"2020-04-23T14:13:36+00:00","og_image":[{"width":1335,"height":2000,"url":"https:\/\/ecodef-ihedn.fr\/wp-content\/uploads\/2020\/04\/champs_de_mars_supplement.png","type":"image\/png"}],"author":"dev","twitter_card":"summary_large_image","twitter_creator":"@Chaire_Ecodef","twitter_site":"@Chaire_Ecodef","twitter_misc":{"Written by":"dev","Estimated reading time":"2 minutes"},"schema":{"@context":"https:\/\/schema.org","@graph":[{"@type":"Article","@id":"https:\/\/ecodef-ihedn.fr\/article-de-julien-malizard-et-josselin-droff-dans-le-n30-des-champs-de-mars-la-releve-strategique\/#article","isPartOf":{"@id":"https:\/\/ecodef-ihedn.fr\/article-de-julien-malizard-et-josselin-droff-dans-le-n30-des-champs-de-mars-la-releve-strategique\/"},"author":{"name":"dev","@id":"https:\/\/ecodef-ihedn.fr\/#\/schema\/person\/7b3f1a2d8fd336e0be2f9ff63ff0ebbc"},"headline":"Article de Julien Malizard et Josselin Droff dans le n\u00b030 des Champs de Mars \u00ab\u00a0la rel\u00e8ve strat\u00e9gique\u00a0\u00bb","datePublished":"2018-05-29T00:00:00+00:00","dateModified":"2020-04-23T14:13:36+00:00","mainEntityOfPage":{"@id":"https:\/\/ecodef-ihedn.fr\/article-de-julien-malizard-et-josselin-droff-dans-le-n30-des-champs-de-mars-la-releve-strategique\/"},"wordCount":417,"commentCount":1,"publisher":{"@id":"https:\/\/ecodef-ihedn.fr\/#organization"},"image":{"@id":"https:\/\/ecodef-ihedn.fr\/article-de-julien-malizard-et-josselin-droff-dans-le-n30-des-champs-de-mars-la-releve-strategique\/#primaryimage"},"thumbnailUrl":"https:\/\/ecodef-ihedn.fr\/wp-content\/uploads\/2020\/04\/champs_de_mars_supplement.png","keywords":["champs de mars","Conflits","Op\u00e9rations ext\u00e9rieures","OPEX","Presses de science Po","relations internationales","Rel\u00e8ve strat\u00e9gique","Revue strat\u00e9gique","soutenabilit\u00e9 des conflits","Soutenabilit\u00e9 des op\u00e9rations militaires"],"articleSection":["Publications","Th\u00e9matique 2 : d\u00e9terminants et impacts de la d\u00e9pense de d\u00e9fense","Th\u00e9matique 4 : MCO"],"inLanguage":"en-GB","potentialAction":[{"@type":"CommentAction","name":"Comment","target":["https:\/\/ecodef-ihedn.fr\/article-de-julien-malizard-et-josselin-droff-dans-le-n30-des-champs-de-mars-la-releve-strategique\/#respond"]}]},{"@type":"WebPage","@id":"https:\/\/ecodef-ihedn.fr\/article-de-julien-malizard-et-josselin-droff-dans-le-n30-des-champs-de-mars-la-releve-strategique\/","url":"https:\/\/ecodef-ihedn.fr\/article-de-julien-malizard-et-josselin-droff-dans-le-n30-des-champs-de-mars-la-releve-strategique\/","name":"Article de Julien Malizard et Josselin Droff dans le n\u00b030 des Champs de Mars \"la rel\u00e8ve strat\u00e9gique\" - Chaire \u00c9conomie de d\u00e9fense - IHEDN","isPartOf":{"@id":"https:\/\/ecodef-ihedn.fr\/#website"},"primaryImageOfPage":{"@id":"https:\/\/ecodef-ihedn.fr\/article-de-julien-malizard-et-josselin-droff-dans-le-n30-des-champs-de-mars-la-releve-strategique\/#primaryimage"},"image":{"@id":"https:\/\/ecodef-ihedn.fr\/article-de-julien-malizard-et-josselin-droff-dans-le-n30-des-champs-de-mars-la-releve-strategique\/#primaryimage"},"thumbnailUrl":"https:\/\/ecodef-ihedn.fr\/wp-content\/uploads\/2020\/04\/champs_de_mars_supplement.png","datePublished":"2018-05-29T00:00:00+00:00","dateModified":"2020-04-23T14:13:36+00:00","breadcrumb":{"@id":"https:\/\/ecodef-ihedn.fr\/article-de-julien-malizard-et-josselin-droff-dans-le-n30-des-champs-de-mars-la-releve-strategique\/#breadcrumb"},"inLanguage":"en-GB","potentialAction":[{"@type":"ReadAction","target":["https:\/\/ecodef-ihedn.fr\/article-de-julien-malizard-et-josselin-droff-dans-le-n30-des-champs-de-mars-la-releve-strategique\/"]}]},{"@type":"ImageObject","inLanguage":"en-GB","@id":"https:\/\/ecodef-ihedn.fr\/article-de-julien-malizard-et-josselin-droff-dans-le-n30-des-champs-de-mars-la-releve-strategique\/#primaryimage","url":"https:\/\/ecodef-ihedn.fr\/wp-content\/uploads\/2020\/04\/champs_de_mars_supplement.png","contentUrl":"https:\/\/ecodef-ihedn.fr\/wp-content\/uploads\/2020\/04\/champs_de_mars_supplement.png","width":1335,"height":2000},{"@type":"BreadcrumbList","@id":"https:\/\/ecodef-ihedn.fr\/article-de-julien-malizard-et-josselin-droff-dans-le-n30-des-champs-de-mars-la-releve-strategique\/#breadcrumb","itemListElement":[{"@type":"ListItem","position":1,"name":"Accueil","item":"https:\/\/ecodef-ihedn.fr\/"},{"@type":"ListItem","position":2,"name":"Article de Julien Malizard et Josselin Droff dans le n\u00b030 des Champs de Mars &#8220;la rel\u00e8ve strat\u00e9gique&#8221;"}]},{"@type":"WebSite","@id":"https:\/\/ecodef-ihedn.fr\/#website","url":"https:\/\/ecodef-ihedn.fr\/","name":"Chair in Defence Economics - IHEDN","description":"Produce &amp; support, federate &amp; disseminate, act as an interface","publisher":{"@id":"https:\/\/ecodef-ihedn.fr\/#organization"},"potentialAction":[{"@type":"SearchAction","target":{"@type":"EntryPoint","urlTemplate":"https:\/\/ecodef-ihedn.fr\/?s={search_term_string}"},"query-input":{"@type":"PropertyValueSpecification","valueRequired":true,"valueName":"search_term_string"}}],"inLanguage":"en-GB"},{"@type":"Organization","@id":"https:\/\/ecodef-ihedn.fr\/#organization","name":"Chair in Defence Economics - IHEDN","url":"https:\/\/ecodef-ihedn.fr\/","logo":{"@type":"ImageObject","inLanguage":"en-GB","@id":"https:\/\/ecodef-ihedn.fr\/#\/schema\/logo\/image\/","url":"https:\/\/ecodef-ihedn.fr\/wp-content\/uploads\/2020\/04\/logoEcodef9.jpg","contentUrl":"https:\/\/ecodef-ihedn.fr\/wp-content\/uploads\/2020\/04\/logoEcodef9.jpg","width":410,"height":212,"caption":"Chaire \u00c9conomie de d\u00e9fense - IHEDN"},"image":{"@id":"https:\/\/ecodef-ihedn.fr\/#\/schema\/logo\/image\/"},"sameAs":["https:\/\/x.com\/Chaire_Ecodef","https:\/\/www.linkedin.com\/company\/chaire-ecodef-ihedn\/"]},{"@type":"Person","@id":"https:\/\/ecodef-ihedn.fr\/#\/schema\/person\/7b3f1a2d8fd336e0be2f9ff63ff0ebbc","name":"dev","image":{"@type":"ImageObject","inLanguage":"en-GB","@id":"https:\/\/secure.gravatar.com\/avatar\/f1ffcac9ca2fa95ad3ec33e9be3ade82f752acb0cabe541e56c5889225afa88a?s=96&d=mm&r=g","url":"https:\/\/secure.gravatar.com\/avatar\/f1ffcac9ca2fa95ad3ec33e9be3ade82f752acb0cabe541e56c5889225afa88a?s=96&d=mm&r=g","contentUrl":"https:\/\/secure.gravatar.com\/avatar\/f1ffcac9ca2fa95ad3ec33e9be3ade82f752acb0cabe541e56c5889225afa88a?s=96&d=mm&r=g","caption":"dev"},"url":"https:\/\/ecodef-ihedn.fr\/en\/author\/dev\/"}]}},"_links":{"self":[{"href":"https:\/\/ecodef-ihedn.fr\/en\/wp-json\/wp\/v2\/posts\/1058","targetHints":{"allow":["GET"]}}],"collection":[{"href":"https:\/\/ecodef-ihedn.fr\/en\/wp-json\/wp\/v2\/posts"}],"about":[{"href":"https:\/\/ecodef-ihedn.fr\/en\/wp-json\/wp\/v2\/types\/post"}],"author":[{"embeddable":true,"href":"https:\/\/ecodef-ihedn.fr\/en\/wp-json\/wp\/v2\/users\/1"}],"replies":[{"embeddable":true,"href":"https:\/\/ecodef-ihedn.fr\/en\/wp-json\/wp\/v2\/comments?post=1058"}],"version-history":[{"count":3,"href":"https:\/\/ecodef-ihedn.fr\/en\/wp-json\/wp\/v2\/posts\/1058\/revisions"}],"predecessor-version":[{"id":1553,"href":"https:\/\/ecodef-ihedn.fr\/en\/wp-json\/wp\/v2\/posts\/1058\/revisions\/1553"}],"wp:featuredmedia":[{"embeddable":true,"href":"https:\/\/ecodef-ihedn.fr\/en\/wp-json\/wp\/v2\/media\/1052"}],"wp:attachment":[{"href":"https:\/\/ecodef-ihedn.fr\/en\/wp-json\/wp\/v2\/media?parent=1058"}],"wp:term":[{"taxonomy":"category","embeddable":true,"href":"https:\/\/ecodef-ihedn.fr\/en\/wp-json\/wp\/v2\/categories?post=1058"},{"taxonomy":"post_tag","embeddable":true,"href":"https:\/\/ecodef-ihedn.fr\/en\/wp-json\/wp\/v2\/tags?post=1058"}],"curies":[{"name":"wp","href":"https:\/\/api.w.org\/{rel}","templated":true}]}}