{"id":1060,"date":"2018-06-06T00:00:00","date_gmt":"2018-06-06T00:00:00","guid":{"rendered":"https:\/\/ecodef-ihedn.fr\/innovation-et-defense-article-de-lusine-nouvelle-avec-la-participation-de-jean-belin\/"},"modified":"2020-04-30T11:02:50","modified_gmt":"2020-04-30T11:02:50","slug":"innovation-et-defense-article-de-lusine-nouvelle-avec-la-participation-de-jean-belin","status":"publish","type":"post","link":"https:\/\/ecodef-ihedn.fr\/en\/innovation-et-defense-article-de-lusine-nouvelle-avec-la-participation-de-jean-belin\/","title":{"rendered":"Innovation and Defence: Usine Nouvelle article with the participation of Jean Belin"},"content":{"rendered":"<p style=\"text-align: justify\">\u00ab\u00a0<a href=\"https:\/\/www.usinenouvelle.com\/editorial\/comment-les-armees-francaises-veulent-gagner-la-bataille-de-l-innovation.N698799\" target=\"_blank\" rel=\"noopener noreferrer\"><strong>How the French armed forces want to win the battle for innovation<\/strong><\/a>\u00a0\u00bbarticle by <a href=\"https:\/\/www.usinenouvelle.com\/la-redaction\/hassan-meddah.4092\" target=\"_blank\" rel=\"noopener noreferrer\"><strong>Hassan Meddah<\/strong><\/a> in <em>l'Usine Nouvelle<\/em>, with the participation of <a href=\"http:\/\/gretha.u-bordeaux.fr\/fr\/members\/belin-jean\" target=\"_blank\" rel=\"noopener noreferrer\"><strong>Jean Belin<\/strong><\/a> holder of the Defence Economics Chair.<\/p>\n<p style=\"text-align: justify\">Increased financial resources, openness to civilian technologies, priority given to digital technology... The armed forces are betting on disruptive innovation to ensure their operational superiority. Will the French military finally have their<strong> Darpa<\/strong>? With a budget of nearly 3 billion dollars, this innovation agency, which tests and develops new technologies for the US Army, is the stuff of dreams for armies the world over. After travelling to the United States in October to study how it works, Florence Parly, the French Minister for the Armed Forces, announced the creation of the agency. <strong>creation of a future tricolore innovation agency<\/strong>. The aim is not to lose our footing in a rearming world.<\/p>\n<p>Read the full article on <a href=\"https:\/\/www.usinenouvelle.com\/editorial\/comment-les-armees-francaises-veulent-gagner-la-bataille-de-l-innovation.N698799\" target=\"_blank\" rel=\"noopener noreferrer\">Usine Nouvelle website<\/a>.<\/p>","protected":false},"excerpt":{"rendered":"<p>\u00ab\u00a0Comment les arm\u00e9es fran\u00e7aises veulent gagner la bataille de l&rsquo;innovation\u00a0\u00bb article de Hassan Meddah dans l&rsquo;Usine Nouvelle, avec la participation de Jean Belin titulaire de la Chaire Economie de d\u00e9fense. Moyens financiers accrus, ouverture aux technologies civiles, priorit\u00e9 au num\u00e9rique&#8230; Les arm\u00e9es misent sur l&rsquo;innovation de rupture pour assurer leur sup\u00e9riorit\u00e9 op\u00e9rationnelle. Les militaires fran\u00e7ais [&hellip;]<\/p>\n","protected":false},"author":1,"featured_media":1687,"comment_status":"open","ping_status":"open","sticky":false,"template":"","format":"standard","meta":{"footnotes":""},"categories":[358],"tags":[131,132,36,133,60,61,134],"class_list":{"0":"post-1060","1":"post","2":"type-post","3":"status-publish","4":"format-standard","5":"has-post-thumbnail","7":"category-medias","8":"tag-agence-de-linnovation","9":"tag-darpa","10":"tag-defense","11":"tag-florence-parly","12":"tag-innovation","13":"tag-rd","14":"tag-usine-nouvelle"},"yoast_head":"<!-- This site is optimized with the Yoast SEO plugin v27.4 - https:\/\/yoast.com\/product\/yoast-seo-wordpress\/ -->\n<title>Innovation et D\u00e9fense : article de l&#039;Usine Nouvelle avec la participation de Jean Belin - Chaire \u00c9conomie de d\u00e9fense - IHEDN<\/title>\n<meta name=\"robots\" content=\"index, follow, max-snippet:-1, max-image-preview:large, max-video-preview:-1\" \/>\n<link rel=\"canonical\" href=\"https:\/\/ecodef-ihedn.fr\/en\/innovation-et-defense-article-de-lusine-nouvelle-avec-la-participation-de-jean-belin\/\" \/>\n<meta property=\"og:locale\" content=\"en_GB\" \/>\n<meta property=\"og:type\" content=\"article\" \/>\n<meta property=\"og:title\" content=\"Innovation et D\u00e9fense : article de l&#039;Usine Nouvelle avec la participation de Jean Belin - Chaire \u00c9conomie de d\u00e9fense - IHEDN\" \/>\n<meta property=\"og:description\" content=\"\u00ab\u00a0Comment les arm\u00e9es fran\u00e7aises veulent gagner la bataille de l&rsquo;innovation\u00a0\u00bb article de Hassan Meddah dans l&rsquo;Usine Nouvelle, avec la participation de Jean Belin titulaire de la Chaire Economie de d\u00e9fense. Moyens financiers accrus, ouverture aux technologies civiles, priorit\u00e9 au num\u00e9rique&#8230; Les arm\u00e9es misent sur l&rsquo;innovation de rupture pour assurer leur sup\u00e9riorit\u00e9 op\u00e9rationnelle. Les militaires fran\u00e7ais [&hellip;]\" \/>\n<meta property=\"og:url\" content=\"https:\/\/ecodef-ihedn.fr\/en\/innovation-et-defense-article-de-lusine-nouvelle-avec-la-participation-de-jean-belin\/\" \/>\n<meta property=\"og:site_name\" content=\"Chaire \u00c9conomie de d\u00e9fense - IHEDN\" \/>\n<meta property=\"article:published_time\" content=\"2018-06-06T00:00:00+00:00\" \/>\n<meta property=\"article:modified_time\" content=\"2020-04-30T11:02:50+00:00\" \/>\n<meta property=\"og:image\" content=\"https:\/\/ecodef-ihedn.fr\/wp-content\/uploads\/2018\/06\/lusine-nouvelle_logo_mod.png\" \/>\n\t<meta property=\"og:image:width\" content=\"3229\" \/>\n\t<meta property=\"og:image:height\" content=\"2300\" \/>\n\t<meta property=\"og:image:type\" content=\"image\/png\" \/>\n<meta name=\"author\" content=\"dev\" \/>\n<meta name=\"twitter:card\" content=\"summary_large_image\" \/>\n<meta name=\"twitter:creator\" content=\"@Chaire_Ecodef\" \/>\n<meta name=\"twitter:site\" content=\"@Chaire_Ecodef\" \/>\n<meta name=\"twitter:label1\" content=\"Written by\" \/>\n\t<meta name=\"twitter:data1\" content=\"dev\" \/>\n\t<meta name=\"twitter:label2\" content=\"Estimated reading time\" \/>\n\t<meta name=\"twitter:data2\" content=\"1 minute\" \/>\n<script type=\"application\/ld+json\" class=\"yoast-schema-graph\">{\"@context\":\"https:\\\/\\\/schema.org\",\"@graph\":[{\"@type\":\"Article\",\"@id\":\"https:\\\/\\\/ecodef-ihedn.fr\\\/innovation-et-defense-article-de-lusine-nouvelle-avec-la-participation-de-jean-belin\\\/#article\",\"isPartOf\":{\"@id\":\"https:\\\/\\\/ecodef-ihedn.fr\\\/innovation-et-defense-article-de-lusine-nouvelle-avec-la-participation-de-jean-belin\\\/\"},\"author\":{\"name\":\"dev\",\"@id\":\"https:\\\/\\\/ecodef-ihedn.fr\\\/#\\\/schema\\\/person\\\/7b3f1a2d8fd336e0be2f9ff63ff0ebbc\"},\"headline\":\"Innovation et D\u00e9fense : article de l&rsquo;Usine Nouvelle avec la participation de Jean Belin\",\"datePublished\":\"2018-06-06T00:00:00+00:00\",\"dateModified\":\"2020-04-30T11:02:50+00:00\",\"mainEntityOfPage\":{\"@id\":\"https:\\\/\\\/ecodef-ihedn.fr\\\/innovation-et-defense-article-de-lusine-nouvelle-avec-la-participation-de-jean-belin\\\/\"},\"wordCount\":182,\"commentCount\":0,\"publisher\":{\"@id\":\"https:\\\/\\\/ecodef-ihedn.fr\\\/#organization\"},\"image\":{\"@id\":\"https:\\\/\\\/ecodef-ihedn.fr\\\/innovation-et-defense-article-de-lusine-nouvelle-avec-la-participation-de-jean-belin\\\/#primaryimage\"},\"thumbnailUrl\":\"https:\\\/\\\/ecodef-ihedn.fr\\\/wp-content\\\/uploads\\\/2018\\\/06\\\/lusine-nouvelle_logo_mod.png\",\"keywords\":[\"Agence de l'Innovation\",\"DARPA\",\"D\u00e9fense\",\"Florence Parly\",\"innovation\",\"R&amp;D\",\"Usine Nouvelle\"],\"articleSection\":[\"M\u00e9dias\"],\"inLanguage\":\"en-GB\",\"potentialAction\":[{\"@type\":\"CommentAction\",\"name\":\"Comment\",\"target\":[\"https:\\\/\\\/ecodef-ihedn.fr\\\/innovation-et-defense-article-de-lusine-nouvelle-avec-la-participation-de-jean-belin\\\/#respond\"]}]},{\"@type\":\"WebPage\",\"@id\":\"https:\\\/\\\/ecodef-ihedn.fr\\\/innovation-et-defense-article-de-lusine-nouvelle-avec-la-participation-de-jean-belin\\\/\",\"url\":\"https:\\\/\\\/ecodef-ihedn.fr\\\/innovation-et-defense-article-de-lusine-nouvelle-avec-la-participation-de-jean-belin\\\/\",\"name\":\"Innovation et D\u00e9fense : article de l'Usine Nouvelle avec la participation de Jean Belin - Chaire \u00c9conomie de d\u00e9fense - IHEDN\",\"isPartOf\":{\"@id\":\"https:\\\/\\\/ecodef-ihedn.fr\\\/#website\"},\"primaryImageOfPage\":{\"@id\":\"https:\\\/\\\/ecodef-ihedn.fr\\\/innovation-et-defense-article-de-lusine-nouvelle-avec-la-participation-de-jean-belin\\\/#primaryimage\"},\"image\":{\"@id\":\"https:\\\/\\\/ecodef-ihedn.fr\\\/innovation-et-defense-article-de-lusine-nouvelle-avec-la-participation-de-jean-belin\\\/#primaryimage\"},\"thumbnailUrl\":\"https:\\\/\\\/ecodef-ihedn.fr\\\/wp-content\\\/uploads\\\/2018\\\/06\\\/lusine-nouvelle_logo_mod.png\",\"datePublished\":\"2018-06-06T00:00:00+00:00\",\"dateModified\":\"2020-04-30T11:02:50+00:00\",\"breadcrumb\":{\"@id\":\"https:\\\/\\\/ecodef-ihedn.fr\\\/innovation-et-defense-article-de-lusine-nouvelle-avec-la-participation-de-jean-belin\\\/#breadcrumb\"},\"inLanguage\":\"en-GB\",\"potentialAction\":[{\"@type\":\"ReadAction\",\"target\":[\"https:\\\/\\\/ecodef-ihedn.fr\\\/innovation-et-defense-article-de-lusine-nouvelle-avec-la-participation-de-jean-belin\\\/\"]}]},{\"@type\":\"ImageObject\",\"inLanguage\":\"en-GB\",\"@id\":\"https:\\\/\\\/ecodef-ihedn.fr\\\/innovation-et-defense-article-de-lusine-nouvelle-avec-la-participation-de-jean-belin\\\/#primaryimage\",\"url\":\"https:\\\/\\\/ecodef-ihedn.fr\\\/wp-content\\\/uploads\\\/2018\\\/06\\\/lusine-nouvelle_logo_mod.png\",\"contentUrl\":\"https:\\\/\\\/ecodef-ihedn.fr\\\/wp-content\\\/uploads\\\/2018\\\/06\\\/lusine-nouvelle_logo_mod.png\",\"width\":3229,\"height\":2300},{\"@type\":\"BreadcrumbList\",\"@id\":\"https:\\\/\\\/ecodef-ihedn.fr\\\/innovation-et-defense-article-de-lusine-nouvelle-avec-la-participation-de-jean-belin\\\/#breadcrumb\",\"itemListElement\":[{\"@type\":\"ListItem\",\"position\":1,\"name\":\"Accueil\",\"item\":\"https:\\\/\\\/ecodef-ihedn.fr\\\/\"},{\"@type\":\"ListItem\",\"position\":2,\"name\":\"Innovation et D\u00e9fense : article de l&#8217;Usine Nouvelle avec la participation de Jean Belin\"}]},{\"@type\":\"WebSite\",\"@id\":\"https:\\\/\\\/ecodef-ihedn.fr\\\/#website\",\"url\":\"https:\\\/\\\/ecodef-ihedn.fr\\\/\",\"name\":\"Chaire \u00c9conomie de D\u00e9fense - IHEDN\",\"description\":\"Produire &amp; soutenir, f\u00e9d\u00e9rer &amp; diffuser, \u00eatre une interface\",\"publisher\":{\"@id\":\"https:\\\/\\\/ecodef-ihedn.fr\\\/#organization\"},\"potentialAction\":[{\"@type\":\"SearchAction\",\"target\":{\"@type\":\"EntryPoint\",\"urlTemplate\":\"https:\\\/\\\/ecodef-ihedn.fr\\\/?s={search_term_string}\"},\"query-input\":{\"@type\":\"PropertyValueSpecification\",\"valueRequired\":true,\"valueName\":\"search_term_string\"}}],\"inLanguage\":\"en-GB\"},{\"@type\":\"Organization\",\"@id\":\"https:\\\/\\\/ecodef-ihedn.fr\\\/#organization\",\"name\":\"Chaire \u00c9conomie de d\u00e9fense - IHEDN\",\"url\":\"https:\\\/\\\/ecodef-ihedn.fr\\\/\",\"logo\":{\"@type\":\"ImageObject\",\"inLanguage\":\"en-GB\",\"@id\":\"https:\\\/\\\/ecodef-ihedn.fr\\\/#\\\/schema\\\/logo\\\/image\\\/\",\"url\":\"https:\\\/\\\/ecodef-ihedn.fr\\\/wp-content\\\/uploads\\\/2020\\\/04\\\/logoEcodef9.jpg\",\"contentUrl\":\"https:\\\/\\\/ecodef-ihedn.fr\\\/wp-content\\\/uploads\\\/2020\\\/04\\\/logoEcodef9.jpg\",\"width\":410,\"height\":212,\"caption\":\"Chaire \u00c9conomie de d\u00e9fense - IHEDN\"},\"image\":{\"@id\":\"https:\\\/\\\/ecodef-ihedn.fr\\\/#\\\/schema\\\/logo\\\/image\\\/\"},\"sameAs\":[\"https:\\\/\\\/x.com\\\/Chaire_Ecodef\",\"https:\\\/\\\/www.linkedin.com\\\/company\\\/chaire-ecodef-ihedn\\\/\"]},{\"@type\":\"Person\",\"@id\":\"https:\\\/\\\/ecodef-ihedn.fr\\\/#\\\/schema\\\/person\\\/7b3f1a2d8fd336e0be2f9ff63ff0ebbc\",\"name\":\"dev\",\"image\":{\"@type\":\"ImageObject\",\"inLanguage\":\"en-GB\",\"@id\":\"https:\\\/\\\/secure.gravatar.com\\\/avatar\\\/f1ffcac9ca2fa95ad3ec33e9be3ade82f752acb0cabe541e56c5889225afa88a?s=96&d=mm&r=g\",\"url\":\"https:\\\/\\\/secure.gravatar.com\\\/avatar\\\/f1ffcac9ca2fa95ad3ec33e9be3ade82f752acb0cabe541e56c5889225afa88a?s=96&d=mm&r=g\",\"contentUrl\":\"https:\\\/\\\/secure.gravatar.com\\\/avatar\\\/f1ffcac9ca2fa95ad3ec33e9be3ade82f752acb0cabe541e56c5889225afa88a?s=96&d=mm&r=g\",\"caption\":\"dev\"},\"url\":\"https:\\\/\\\/ecodef-ihedn.fr\\\/en\\\/author\\\/dev\\\/\"}]}<\/script>\n<!-- \/ Yoast SEO plugin. -->","yoast_head_json":{"title":"Innovation et D\u00e9fense : article de l'Usine Nouvelle avec la participation de Jean Belin - Chaire \u00c9conomie de d\u00e9fense - IHEDN","robots":{"index":"index","follow":"follow","max-snippet":"max-snippet:-1","max-image-preview":"max-image-preview:large","max-video-preview":"max-video-preview:-1"},"canonical":"https:\/\/ecodef-ihedn.fr\/en\/innovation-et-defense-article-de-lusine-nouvelle-avec-la-participation-de-jean-belin\/","og_locale":"en_GB","og_type":"article","og_title":"Innovation et D\u00e9fense : article de l'Usine Nouvelle avec la participation de Jean Belin - Chaire \u00c9conomie de d\u00e9fense - IHEDN","og_description":"\u00ab\u00a0Comment les arm\u00e9es fran\u00e7aises veulent gagner la bataille de l&rsquo;innovation\u00a0\u00bb article de Hassan Meddah dans l&rsquo;Usine Nouvelle, avec la participation de Jean Belin titulaire de la Chaire Economie de d\u00e9fense. Moyens financiers accrus, ouverture aux technologies civiles, priorit\u00e9 au num\u00e9rique&#8230; Les arm\u00e9es misent sur l&rsquo;innovation de rupture pour assurer leur sup\u00e9riorit\u00e9 op\u00e9rationnelle. Les militaires fran\u00e7ais [&hellip;]","og_url":"https:\/\/ecodef-ihedn.fr\/en\/innovation-et-defense-article-de-lusine-nouvelle-avec-la-participation-de-jean-belin\/","og_site_name":"Chaire \u00c9conomie de d\u00e9fense - IHEDN","article_published_time":"2018-06-06T00:00:00+00:00","article_modified_time":"2020-04-30T11:02:50+00:00","og_image":[{"width":3229,"height":2300,"url":"https:\/\/ecodef-ihedn.fr\/wp-content\/uploads\/2018\/06\/lusine-nouvelle_logo_mod.png","type":"image\/png"}],"author":"dev","twitter_card":"summary_large_image","twitter_creator":"@Chaire_Ecodef","twitter_site":"@Chaire_Ecodef","twitter_misc":{"Written by":"dev","Estimated reading time":"1 minute"},"schema":{"@context":"https:\/\/schema.org","@graph":[{"@type":"Article","@id":"https:\/\/ecodef-ihedn.fr\/innovation-et-defense-article-de-lusine-nouvelle-avec-la-participation-de-jean-belin\/#article","isPartOf":{"@id":"https:\/\/ecodef-ihedn.fr\/innovation-et-defense-article-de-lusine-nouvelle-avec-la-participation-de-jean-belin\/"},"author":{"name":"dev","@id":"https:\/\/ecodef-ihedn.fr\/#\/schema\/person\/7b3f1a2d8fd336e0be2f9ff63ff0ebbc"},"headline":"Innovation et D\u00e9fense : article de l&rsquo;Usine Nouvelle avec la participation de Jean Belin","datePublished":"2018-06-06T00:00:00+00:00","dateModified":"2020-04-30T11:02:50+00:00","mainEntityOfPage":{"@id":"https:\/\/ecodef-ihedn.fr\/innovation-et-defense-article-de-lusine-nouvelle-avec-la-participation-de-jean-belin\/"},"wordCount":182,"commentCount":0,"publisher":{"@id":"https:\/\/ecodef-ihedn.fr\/#organization"},"image":{"@id":"https:\/\/ecodef-ihedn.fr\/innovation-et-defense-article-de-lusine-nouvelle-avec-la-participation-de-jean-belin\/#primaryimage"},"thumbnailUrl":"https:\/\/ecodef-ihedn.fr\/wp-content\/uploads\/2018\/06\/lusine-nouvelle_logo_mod.png","keywords":["Agence de l'Innovation","DARPA","D\u00e9fense","Florence Parly","innovation","R&amp;D","Usine Nouvelle"],"articleSection":["M\u00e9dias"],"inLanguage":"en-GB","potentialAction":[{"@type":"CommentAction","name":"Comment","target":["https:\/\/ecodef-ihedn.fr\/innovation-et-defense-article-de-lusine-nouvelle-avec-la-participation-de-jean-belin\/#respond"]}]},{"@type":"WebPage","@id":"https:\/\/ecodef-ihedn.fr\/innovation-et-defense-article-de-lusine-nouvelle-avec-la-participation-de-jean-belin\/","url":"https:\/\/ecodef-ihedn.fr\/innovation-et-defense-article-de-lusine-nouvelle-avec-la-participation-de-jean-belin\/","name":"Innovation et D\u00e9fense : article de l'Usine Nouvelle avec la participation de Jean Belin - Chaire \u00c9conomie de d\u00e9fense - IHEDN","isPartOf":{"@id":"https:\/\/ecodef-ihedn.fr\/#website"},"primaryImageOfPage":{"@id":"https:\/\/ecodef-ihedn.fr\/innovation-et-defense-article-de-lusine-nouvelle-avec-la-participation-de-jean-belin\/#primaryimage"},"image":{"@id":"https:\/\/ecodef-ihedn.fr\/innovation-et-defense-article-de-lusine-nouvelle-avec-la-participation-de-jean-belin\/#primaryimage"},"thumbnailUrl":"https:\/\/ecodef-ihedn.fr\/wp-content\/uploads\/2018\/06\/lusine-nouvelle_logo_mod.png","datePublished":"2018-06-06T00:00:00+00:00","dateModified":"2020-04-30T11:02:50+00:00","breadcrumb":{"@id":"https:\/\/ecodef-ihedn.fr\/innovation-et-defense-article-de-lusine-nouvelle-avec-la-participation-de-jean-belin\/#breadcrumb"},"inLanguage":"en-GB","potentialAction":[{"@type":"ReadAction","target":["https:\/\/ecodef-ihedn.fr\/innovation-et-defense-article-de-lusine-nouvelle-avec-la-participation-de-jean-belin\/"]}]},{"@type":"ImageObject","inLanguage":"en-GB","@id":"https:\/\/ecodef-ihedn.fr\/innovation-et-defense-article-de-lusine-nouvelle-avec-la-participation-de-jean-belin\/#primaryimage","url":"https:\/\/ecodef-ihedn.fr\/wp-content\/uploads\/2018\/06\/lusine-nouvelle_logo_mod.png","contentUrl":"https:\/\/ecodef-ihedn.fr\/wp-content\/uploads\/2018\/06\/lusine-nouvelle_logo_mod.png","width":3229,"height":2300},{"@type":"BreadcrumbList","@id":"https:\/\/ecodef-ihedn.fr\/innovation-et-defense-article-de-lusine-nouvelle-avec-la-participation-de-jean-belin\/#breadcrumb","itemListElement":[{"@type":"ListItem","position":1,"name":"Accueil","item":"https:\/\/ecodef-ihedn.fr\/"},{"@type":"ListItem","position":2,"name":"Innovation et D\u00e9fense : article de l&#8217;Usine Nouvelle avec la participation de Jean Belin"}]},{"@type":"WebSite","@id":"https:\/\/ecodef-ihedn.fr\/#website","url":"https:\/\/ecodef-ihedn.fr\/","name":"Chair in Defence Economics - IHEDN","description":"Produce &amp; support, federate &amp; disseminate, act as an interface","publisher":{"@id":"https:\/\/ecodef-ihedn.fr\/#organization"},"potentialAction":[{"@type":"SearchAction","target":{"@type":"EntryPoint","urlTemplate":"https:\/\/ecodef-ihedn.fr\/?s={search_term_string}"},"query-input":{"@type":"PropertyValueSpecification","valueRequired":true,"valueName":"search_term_string"}}],"inLanguage":"en-GB"},{"@type":"Organization","@id":"https:\/\/ecodef-ihedn.fr\/#organization","name":"Chair in Defence Economics - IHEDN","url":"https:\/\/ecodef-ihedn.fr\/","logo":{"@type":"ImageObject","inLanguage":"en-GB","@id":"https:\/\/ecodef-ihedn.fr\/#\/schema\/logo\/image\/","url":"https:\/\/ecodef-ihedn.fr\/wp-content\/uploads\/2020\/04\/logoEcodef9.jpg","contentUrl":"https:\/\/ecodef-ihedn.fr\/wp-content\/uploads\/2020\/04\/logoEcodef9.jpg","width":410,"height":212,"caption":"Chaire \u00c9conomie de d\u00e9fense - IHEDN"},"image":{"@id":"https:\/\/ecodef-ihedn.fr\/#\/schema\/logo\/image\/"},"sameAs":["https:\/\/x.com\/Chaire_Ecodef","https:\/\/www.linkedin.com\/company\/chaire-ecodef-ihedn\/"]},{"@type":"Person","@id":"https:\/\/ecodef-ihedn.fr\/#\/schema\/person\/7b3f1a2d8fd336e0be2f9ff63ff0ebbc","name":"dev","image":{"@type":"ImageObject","inLanguage":"en-GB","@id":"https:\/\/secure.gravatar.com\/avatar\/f1ffcac9ca2fa95ad3ec33e9be3ade82f752acb0cabe541e56c5889225afa88a?s=96&d=mm&r=g","url":"https:\/\/secure.gravatar.com\/avatar\/f1ffcac9ca2fa95ad3ec33e9be3ade82f752acb0cabe541e56c5889225afa88a?s=96&d=mm&r=g","contentUrl":"https:\/\/secure.gravatar.com\/avatar\/f1ffcac9ca2fa95ad3ec33e9be3ade82f752acb0cabe541e56c5889225afa88a?s=96&d=mm&r=g","caption":"dev"},"url":"https:\/\/ecodef-ihedn.fr\/en\/author\/dev\/"}]}},"_links":{"self":[{"href":"https:\/\/ecodef-ihedn.fr\/en\/wp-json\/wp\/v2\/posts\/1060","targetHints":{"allow":["GET"]}}],"collection":[{"href":"https:\/\/ecodef-ihedn.fr\/en\/wp-json\/wp\/v2\/posts"}],"about":[{"href":"https:\/\/ecodef-ihedn.fr\/en\/wp-json\/wp\/v2\/types\/post"}],"author":[{"embeddable":true,"href":"https:\/\/ecodef-ihedn.fr\/en\/wp-json\/wp\/v2\/users\/1"}],"replies":[{"embeddable":true,"href":"https:\/\/ecodef-ihedn.fr\/en\/wp-json\/wp\/v2\/comments?post=1060"}],"version-history":[{"count":2,"href":"https:\/\/ecodef-ihedn.fr\/en\/wp-json\/wp\/v2\/posts\/1060\/revisions"}],"predecessor-version":[{"id":1688,"href":"https:\/\/ecodef-ihedn.fr\/en\/wp-json\/wp\/v2\/posts\/1060\/revisions\/1688"}],"wp:featuredmedia":[{"embeddable":true,"href":"https:\/\/ecodef-ihedn.fr\/en\/wp-json\/wp\/v2\/media\/1687"}],"wp:attachment":[{"href":"https:\/\/ecodef-ihedn.fr\/en\/wp-json\/wp\/v2\/media?parent=1060"}],"wp:term":[{"taxonomy":"category","embeddable":true,"href":"https:\/\/ecodef-ihedn.fr\/en\/wp-json\/wp\/v2\/categories?post=1060"},{"taxonomy":"post_tag","embeddable":true,"href":"https:\/\/ecodef-ihedn.fr\/en\/wp-json\/wp\/v2\/tags?post=1060"}],"curies":[{"name":"wp","href":"https:\/\/api.w.org\/{rel}","templated":true}]}}