{"id":1065,"date":"2018-06-18T00:00:00","date_gmt":"2018-06-18T00:00:00","guid":{"rendered":"https:\/\/ecodef-ihedn.fr\/intervention-de-jean-belin-a-aerospace-valley-bordeaux-19-juin-2018\/"},"modified":"2020-04-09T11:51:31","modified_gmt":"2020-04-09T11:51:31","slug":"intervention-de-jean-belin-a-aerospace-valley-bordeaux-19-juin-2018","status":"publish","type":"post","link":"https:\/\/ecodef-ihedn.fr\/en\/intervention-de-jean-belin-a-aerospace-valley-bordeaux-19-juin-2018\/","title":{"rendered":"Speech by Jean Belin at Aerospace Valley, Bordeaux, 19 June 2018"},"content":{"rendered":"<p style=\"text-align: justify\"><a href=\"http:\/\/gretha.u-bordeaux.fr\/fr\/members\/belin-jean\" target=\"_blank\" rel=\"noopener noreferrer\"><strong>Jean Belin<\/strong><\/a>, holder of the <strong>Chair in Defence Economics<\/strong>, will be speaking at the \u00abDefence\u00bb day organised by the division's Market Committee. <a href=\"http:\/\/www.aerospace-valley.com\/\" target=\"_blank\" rel=\"noopener noreferrer\"><strong>Aerospace Valley<\/strong><\/a>, <strong>Tuesday 19 June at the\u2019<a href=\"https:\/\/artsetmetiers.fr\/fr\/campus\/bordeaux-talence\" target=\"_blank\" rel=\"noopener noreferrer\">ENSAM<\/a> in Talence.<\/strong> The day will provide an opportunity to present a<strong> market overview<\/strong> and <strong>financing arrangements.<\/strong> It will also provide an opportunity for industrial and institutional players to meet.<\/p>\n<p><strong>Programme for the day :<\/strong><\/p>\n<p><strong>9h15- 9h30 :<\/strong> Welcome - coffee<br \/>\n<strong>9.30am - 12.00pm<\/strong> Market\u00ab vision, including a presentation of the global context of the aeronautical defence economy by Jean Belin<br \/>\n<strong>12.00 - 12.30 pm :<\/strong> Overview of funding and support mechanisms for defence or dual-use projects<br \/>\n<strong>12.30pm - 1.45pm :<\/strong> Lunch<br \/>\n<strong>2.00 pm - 2.45 pm<\/strong> Round table on regulations<br \/>\n<strong>3.00 pm - 5.30 pm:<\/strong> B2B session<\/p>\n<p>With the participation of SABENA Technics, DAHER, CIMPA, 2MoRO, DASSAULT Aviation, AIRBUS, DGA.<\/p>\n<p><strong><span style=\"text-decoration: underline\">For further information<\/span>:<\/strong> <a href=\"http:\/\/www.aerospace-valley.com\/agenda\/invitation-journ%C3%A9e-d%C3%A9fense\" target=\"_blank\" rel=\"noopener noreferrer\">http:\/\/www.aerospace-valley.com\/agenda\/invitation-journ%C3%A9e-d%C3%A9fense<\/a><\/p>","protected":false},"excerpt":{"rendered":"<p>Jean Belin, titulaire de la Chaire \u00c9conomie de d\u00e9fense, interviendra lors de la journ\u00e9e \u00ab\u00a0D\u00e9fense\u00a0\u00bb de la commission march\u00e9 du p\u00f4le Aerospace Valley, mardi 19 juin \u00e0 l&rsquo;ENSAM \u00e0 Talence. Cette journ\u00e9e sera l\u2019occasion de pr\u00e9senter un tour d\u2019horizon du march\u00e9 et des dispositifs de financement. Elle permettra \u00e9galement aux acteurs industriels et institutionnels de [&hellip;]<\/p>\n","protected":false},"author":1,"featured_media":564,"comment_status":"open","ping_status":"open","sticky":false,"template":"","format":"standard","meta":{"footnotes":""},"categories":[356],"tags":[40,143,41,74,144,145],"class_list":{"0":"post-1065","1":"post","2":"type-post","3":"status-publish","4":"format-standard","5":"has-post-thumbnail","7":"category-activites-participation-de-la-chaire-a-un-evenement","8":"tag-aeronautique","9":"tag-aerospace-valley","10":"tag-conference","11":"tag-financement","12":"tag-marche-aeronautique-mondial","13":"tag-pole-de-competitivite"},"yoast_head":"<!-- This site is optimized with the Yoast SEO plugin v27.4 - https:\/\/yoast.com\/product\/yoast-seo-wordpress\/ -->\n<title>Intervention de Jean Belin \u00e0 Aerospace Valley, Bordeaux, 19 juin 2018 - Chaire \u00c9conomie de d\u00e9fense - IHEDN<\/title>\n<meta name=\"robots\" content=\"index, follow, max-snippet:-1, max-image-preview:large, max-video-preview:-1\" \/>\n<link rel=\"canonical\" href=\"https:\/\/ecodef-ihedn.fr\/en\/intervention-de-jean-belin-a-aerospace-valley-bordeaux-19-juin-2018\/\" \/>\n<meta property=\"og:locale\" content=\"en_GB\" \/>\n<meta property=\"og:type\" content=\"article\" \/>\n<meta property=\"og:title\" content=\"Intervention de Jean Belin \u00e0 Aerospace Valley, Bordeaux, 19 juin 2018 - Chaire \u00c9conomie de d\u00e9fense - IHEDN\" \/>\n<meta property=\"og:description\" content=\"Jean Belin, titulaire de la Chaire \u00c9conomie de d\u00e9fense, interviendra lors de la journ\u00e9e \u00ab\u00a0D\u00e9fense\u00a0\u00bb de la commission march\u00e9 du p\u00f4le Aerospace Valley, mardi 19 juin \u00e0 l&rsquo;ENSAM \u00e0 Talence. Cette journ\u00e9e sera l\u2019occasion de pr\u00e9senter un tour d\u2019horizon du march\u00e9 et des dispositifs de financement. Elle permettra \u00e9galement aux acteurs industriels et institutionnels de [&hellip;]\" \/>\n<meta property=\"og:url\" content=\"https:\/\/ecodef-ihedn.fr\/en\/intervention-de-jean-belin-a-aerospace-valley-bordeaux-19-juin-2018\/\" \/>\n<meta property=\"og:site_name\" content=\"Chaire \u00c9conomie de d\u00e9fense - IHEDN\" \/>\n<meta property=\"article:published_time\" content=\"2018-06-18T00:00:00+00:00\" \/>\n<meta property=\"article:modified_time\" content=\"2020-04-09T11:51:31+00:00\" \/>\n<meta property=\"og:image\" content=\"https:\/\/ecodef-ihedn.fr\/wp-content\/uploads\/2020\/02\/ecole-militaire-paris-1.jpg\" \/>\n\t<meta property=\"og:image:width\" content=\"755\" \/>\n\t<meta property=\"og:image:height\" content=\"414\" \/>\n\t<meta property=\"og:image:type\" content=\"image\/jpeg\" \/>\n<meta name=\"author\" content=\"dev\" \/>\n<meta name=\"twitter:card\" content=\"summary_large_image\" \/>\n<meta name=\"twitter:creator\" content=\"@Chaire_Ecodef\" \/>\n<meta name=\"twitter:site\" content=\"@Chaire_Ecodef\" \/>\n<meta name=\"twitter:label1\" content=\"Written by\" \/>\n\t<meta name=\"twitter:data1\" content=\"dev\" \/>\n\t<meta name=\"twitter:label2\" content=\"Estimated reading time\" \/>\n\t<meta name=\"twitter:data2\" content=\"1 minute\" \/>\n<script type=\"application\/ld+json\" class=\"yoast-schema-graph\">{\"@context\":\"https:\\\/\\\/schema.org\",\"@graph\":[{\"@type\":\"Article\",\"@id\":\"https:\\\/\\\/ecodef-ihedn.fr\\\/intervention-de-jean-belin-a-aerospace-valley-bordeaux-19-juin-2018\\\/#article\",\"isPartOf\":{\"@id\":\"https:\\\/\\\/ecodef-ihedn.fr\\\/intervention-de-jean-belin-a-aerospace-valley-bordeaux-19-juin-2018\\\/\"},\"author\":{\"name\":\"dev\",\"@id\":\"https:\\\/\\\/ecodef-ihedn.fr\\\/#\\\/schema\\\/person\\\/7b3f1a2d8fd336e0be2f9ff63ff0ebbc\"},\"headline\":\"Intervention de Jean Belin \u00e0 Aerospace Valley, Bordeaux, 19 juin 2018\",\"datePublished\":\"2018-06-18T00:00:00+00:00\",\"dateModified\":\"2020-04-09T11:51:31+00:00\",\"mainEntityOfPage\":{\"@id\":\"https:\\\/\\\/ecodef-ihedn.fr\\\/intervention-de-jean-belin-a-aerospace-valley-bordeaux-19-juin-2018\\\/\"},\"wordCount\":169,\"commentCount\":0,\"publisher\":{\"@id\":\"https:\\\/\\\/ecodef-ihedn.fr\\\/#organization\"},\"image\":{\"@id\":\"https:\\\/\\\/ecodef-ihedn.fr\\\/intervention-de-jean-belin-a-aerospace-valley-bordeaux-19-juin-2018\\\/#primaryimage\"},\"thumbnailUrl\":\"https:\\\/\\\/ecodef-ihedn.fr\\\/wp-content\\\/uploads\\\/2020\\\/02\\\/ecole-militaire-paris-1.jpg\",\"keywords\":[\"a\u00e9ronautique\",\"Aerospace valley\",\"conf\u00e9rence\",\"financement\",\"March\u00e9 a\u00e9ronautique mondial\",\"P\u00f4le de comp\u00e9titivit\u00e9\"],\"articleSection\":[\"Activit\u00e9s : participation de la Chaire \u00e0 un \u00e9v\u00e9nement\"],\"inLanguage\":\"en-GB\",\"potentialAction\":[{\"@type\":\"CommentAction\",\"name\":\"Comment\",\"target\":[\"https:\\\/\\\/ecodef-ihedn.fr\\\/intervention-de-jean-belin-a-aerospace-valley-bordeaux-19-juin-2018\\\/#respond\"]}]},{\"@type\":\"WebPage\",\"@id\":\"https:\\\/\\\/ecodef-ihedn.fr\\\/intervention-de-jean-belin-a-aerospace-valley-bordeaux-19-juin-2018\\\/\",\"url\":\"https:\\\/\\\/ecodef-ihedn.fr\\\/intervention-de-jean-belin-a-aerospace-valley-bordeaux-19-juin-2018\\\/\",\"name\":\"Intervention de Jean Belin \u00e0 Aerospace Valley, Bordeaux, 19 juin 2018 - Chaire \u00c9conomie de d\u00e9fense - IHEDN\",\"isPartOf\":{\"@id\":\"https:\\\/\\\/ecodef-ihedn.fr\\\/#website\"},\"primaryImageOfPage\":{\"@id\":\"https:\\\/\\\/ecodef-ihedn.fr\\\/intervention-de-jean-belin-a-aerospace-valley-bordeaux-19-juin-2018\\\/#primaryimage\"},\"image\":{\"@id\":\"https:\\\/\\\/ecodef-ihedn.fr\\\/intervention-de-jean-belin-a-aerospace-valley-bordeaux-19-juin-2018\\\/#primaryimage\"},\"thumbnailUrl\":\"https:\\\/\\\/ecodef-ihedn.fr\\\/wp-content\\\/uploads\\\/2020\\\/02\\\/ecole-militaire-paris-1.jpg\",\"datePublished\":\"2018-06-18T00:00:00+00:00\",\"dateModified\":\"2020-04-09T11:51:31+00:00\",\"breadcrumb\":{\"@id\":\"https:\\\/\\\/ecodef-ihedn.fr\\\/intervention-de-jean-belin-a-aerospace-valley-bordeaux-19-juin-2018\\\/#breadcrumb\"},\"inLanguage\":\"en-GB\",\"potentialAction\":[{\"@type\":\"ReadAction\",\"target\":[\"https:\\\/\\\/ecodef-ihedn.fr\\\/intervention-de-jean-belin-a-aerospace-valley-bordeaux-19-juin-2018\\\/\"]}]},{\"@type\":\"ImageObject\",\"inLanguage\":\"en-GB\",\"@id\":\"https:\\\/\\\/ecodef-ihedn.fr\\\/intervention-de-jean-belin-a-aerospace-valley-bordeaux-19-juin-2018\\\/#primaryimage\",\"url\":\"https:\\\/\\\/ecodef-ihedn.fr\\\/wp-content\\\/uploads\\\/2020\\\/02\\\/ecole-militaire-paris-1.jpg\",\"contentUrl\":\"https:\\\/\\\/ecodef-ihedn.fr\\\/wp-content\\\/uploads\\\/2020\\\/02\\\/ecole-militaire-paris-1.jpg\",\"width\":755,\"height\":414},{\"@type\":\"BreadcrumbList\",\"@id\":\"https:\\\/\\\/ecodef-ihedn.fr\\\/intervention-de-jean-belin-a-aerospace-valley-bordeaux-19-juin-2018\\\/#breadcrumb\",\"itemListElement\":[{\"@type\":\"ListItem\",\"position\":1,\"name\":\"Accueil\",\"item\":\"https:\\\/\\\/ecodef-ihedn.fr\\\/\"},{\"@type\":\"ListItem\",\"position\":2,\"name\":\"Intervention de Jean Belin \u00e0 Aerospace Valley, Bordeaux, 19 juin 2018\"}]},{\"@type\":\"WebSite\",\"@id\":\"https:\\\/\\\/ecodef-ihedn.fr\\\/#website\",\"url\":\"https:\\\/\\\/ecodef-ihedn.fr\\\/\",\"name\":\"Chaire \u00c9conomie de D\u00e9fense - IHEDN\",\"description\":\"Produire &amp; soutenir, f\u00e9d\u00e9rer &amp; diffuser, \u00eatre une interface\",\"publisher\":{\"@id\":\"https:\\\/\\\/ecodef-ihedn.fr\\\/#organization\"},\"potentialAction\":[{\"@type\":\"SearchAction\",\"target\":{\"@type\":\"EntryPoint\",\"urlTemplate\":\"https:\\\/\\\/ecodef-ihedn.fr\\\/?s={search_term_string}\"},\"query-input\":{\"@type\":\"PropertyValueSpecification\",\"valueRequired\":true,\"valueName\":\"search_term_string\"}}],\"inLanguage\":\"en-GB\"},{\"@type\":\"Organization\",\"@id\":\"https:\\\/\\\/ecodef-ihedn.fr\\\/#organization\",\"name\":\"Chaire \u00c9conomie de d\u00e9fense - IHEDN\",\"url\":\"https:\\\/\\\/ecodef-ihedn.fr\\\/\",\"logo\":{\"@type\":\"ImageObject\",\"inLanguage\":\"en-GB\",\"@id\":\"https:\\\/\\\/ecodef-ihedn.fr\\\/#\\\/schema\\\/logo\\\/image\\\/\",\"url\":\"https:\\\/\\\/ecodef-ihedn.fr\\\/wp-content\\\/uploads\\\/2020\\\/04\\\/logoEcodef9.jpg\",\"contentUrl\":\"https:\\\/\\\/ecodef-ihedn.fr\\\/wp-content\\\/uploads\\\/2020\\\/04\\\/logoEcodef9.jpg\",\"width\":410,\"height\":212,\"caption\":\"Chaire \u00c9conomie de d\u00e9fense - IHEDN\"},\"image\":{\"@id\":\"https:\\\/\\\/ecodef-ihedn.fr\\\/#\\\/schema\\\/logo\\\/image\\\/\"},\"sameAs\":[\"https:\\\/\\\/x.com\\\/Chaire_Ecodef\",\"https:\\\/\\\/www.linkedin.com\\\/company\\\/chaire-ecodef-ihedn\\\/\"]},{\"@type\":\"Person\",\"@id\":\"https:\\\/\\\/ecodef-ihedn.fr\\\/#\\\/schema\\\/person\\\/7b3f1a2d8fd336e0be2f9ff63ff0ebbc\",\"name\":\"dev\",\"image\":{\"@type\":\"ImageObject\",\"inLanguage\":\"en-GB\",\"@id\":\"https:\\\/\\\/secure.gravatar.com\\\/avatar\\\/f1ffcac9ca2fa95ad3ec33e9be3ade82f752acb0cabe541e56c5889225afa88a?s=96&d=mm&r=g\",\"url\":\"https:\\\/\\\/secure.gravatar.com\\\/avatar\\\/f1ffcac9ca2fa95ad3ec33e9be3ade82f752acb0cabe541e56c5889225afa88a?s=96&d=mm&r=g\",\"contentUrl\":\"https:\\\/\\\/secure.gravatar.com\\\/avatar\\\/f1ffcac9ca2fa95ad3ec33e9be3ade82f752acb0cabe541e56c5889225afa88a?s=96&d=mm&r=g\",\"caption\":\"dev\"},\"url\":\"https:\\\/\\\/ecodef-ihedn.fr\\\/en\\\/author\\\/dev\\\/\"}]}<\/script>\n<!-- \/ Yoast SEO plugin. -->","yoast_head_json":{"title":"Intervention de Jean Belin \u00e0 Aerospace Valley, Bordeaux, 19 juin 2018 - Chaire \u00c9conomie de d\u00e9fense - IHEDN","robots":{"index":"index","follow":"follow","max-snippet":"max-snippet:-1","max-image-preview":"max-image-preview:large","max-video-preview":"max-video-preview:-1"},"canonical":"https:\/\/ecodef-ihedn.fr\/en\/intervention-de-jean-belin-a-aerospace-valley-bordeaux-19-juin-2018\/","og_locale":"en_GB","og_type":"article","og_title":"Intervention de Jean Belin \u00e0 Aerospace Valley, Bordeaux, 19 juin 2018 - Chaire \u00c9conomie de d\u00e9fense - IHEDN","og_description":"Jean Belin, titulaire de la Chaire \u00c9conomie de d\u00e9fense, interviendra lors de la journ\u00e9e \u00ab\u00a0D\u00e9fense\u00a0\u00bb de la commission march\u00e9 du p\u00f4le Aerospace Valley, mardi 19 juin \u00e0 l&rsquo;ENSAM \u00e0 Talence. Cette journ\u00e9e sera l\u2019occasion de pr\u00e9senter un tour d\u2019horizon du march\u00e9 et des dispositifs de financement. Elle permettra \u00e9galement aux acteurs industriels et institutionnels de [&hellip;]","og_url":"https:\/\/ecodef-ihedn.fr\/en\/intervention-de-jean-belin-a-aerospace-valley-bordeaux-19-juin-2018\/","og_site_name":"Chaire \u00c9conomie de d\u00e9fense - IHEDN","article_published_time":"2018-06-18T00:00:00+00:00","article_modified_time":"2020-04-09T11:51:31+00:00","og_image":[{"width":755,"height":414,"url":"https:\/\/ecodef-ihedn.fr\/wp-content\/uploads\/2020\/02\/ecole-militaire-paris-1.jpg","type":"image\/jpeg"}],"author":"dev","twitter_card":"summary_large_image","twitter_creator":"@Chaire_Ecodef","twitter_site":"@Chaire_Ecodef","twitter_misc":{"Written by":"dev","Estimated reading time":"1 minute"},"schema":{"@context":"https:\/\/schema.org","@graph":[{"@type":"Article","@id":"https:\/\/ecodef-ihedn.fr\/intervention-de-jean-belin-a-aerospace-valley-bordeaux-19-juin-2018\/#article","isPartOf":{"@id":"https:\/\/ecodef-ihedn.fr\/intervention-de-jean-belin-a-aerospace-valley-bordeaux-19-juin-2018\/"},"author":{"name":"dev","@id":"https:\/\/ecodef-ihedn.fr\/#\/schema\/person\/7b3f1a2d8fd336e0be2f9ff63ff0ebbc"},"headline":"Intervention de Jean Belin \u00e0 Aerospace Valley, Bordeaux, 19 juin 2018","datePublished":"2018-06-18T00:00:00+00:00","dateModified":"2020-04-09T11:51:31+00:00","mainEntityOfPage":{"@id":"https:\/\/ecodef-ihedn.fr\/intervention-de-jean-belin-a-aerospace-valley-bordeaux-19-juin-2018\/"},"wordCount":169,"commentCount":0,"publisher":{"@id":"https:\/\/ecodef-ihedn.fr\/#organization"},"image":{"@id":"https:\/\/ecodef-ihedn.fr\/intervention-de-jean-belin-a-aerospace-valley-bordeaux-19-juin-2018\/#primaryimage"},"thumbnailUrl":"https:\/\/ecodef-ihedn.fr\/wp-content\/uploads\/2020\/02\/ecole-militaire-paris-1.jpg","keywords":["a\u00e9ronautique","Aerospace valley","conf\u00e9rence","financement","March\u00e9 a\u00e9ronautique mondial","P\u00f4le de comp\u00e9titivit\u00e9"],"articleSection":["Activit\u00e9s : participation de la Chaire \u00e0 un \u00e9v\u00e9nement"],"inLanguage":"en-GB","potentialAction":[{"@type":"CommentAction","name":"Comment","target":["https:\/\/ecodef-ihedn.fr\/intervention-de-jean-belin-a-aerospace-valley-bordeaux-19-juin-2018\/#respond"]}]},{"@type":"WebPage","@id":"https:\/\/ecodef-ihedn.fr\/intervention-de-jean-belin-a-aerospace-valley-bordeaux-19-juin-2018\/","url":"https:\/\/ecodef-ihedn.fr\/intervention-de-jean-belin-a-aerospace-valley-bordeaux-19-juin-2018\/","name":"Intervention de Jean Belin \u00e0 Aerospace Valley, Bordeaux, 19 juin 2018 - Chaire \u00c9conomie de d\u00e9fense - IHEDN","isPartOf":{"@id":"https:\/\/ecodef-ihedn.fr\/#website"},"primaryImageOfPage":{"@id":"https:\/\/ecodef-ihedn.fr\/intervention-de-jean-belin-a-aerospace-valley-bordeaux-19-juin-2018\/#primaryimage"},"image":{"@id":"https:\/\/ecodef-ihedn.fr\/intervention-de-jean-belin-a-aerospace-valley-bordeaux-19-juin-2018\/#primaryimage"},"thumbnailUrl":"https:\/\/ecodef-ihedn.fr\/wp-content\/uploads\/2020\/02\/ecole-militaire-paris-1.jpg","datePublished":"2018-06-18T00:00:00+00:00","dateModified":"2020-04-09T11:51:31+00:00","breadcrumb":{"@id":"https:\/\/ecodef-ihedn.fr\/intervention-de-jean-belin-a-aerospace-valley-bordeaux-19-juin-2018\/#breadcrumb"},"inLanguage":"en-GB","potentialAction":[{"@type":"ReadAction","target":["https:\/\/ecodef-ihedn.fr\/intervention-de-jean-belin-a-aerospace-valley-bordeaux-19-juin-2018\/"]}]},{"@type":"ImageObject","inLanguage":"en-GB","@id":"https:\/\/ecodef-ihedn.fr\/intervention-de-jean-belin-a-aerospace-valley-bordeaux-19-juin-2018\/#primaryimage","url":"https:\/\/ecodef-ihedn.fr\/wp-content\/uploads\/2020\/02\/ecole-militaire-paris-1.jpg","contentUrl":"https:\/\/ecodef-ihedn.fr\/wp-content\/uploads\/2020\/02\/ecole-militaire-paris-1.jpg","width":755,"height":414},{"@type":"BreadcrumbList","@id":"https:\/\/ecodef-ihedn.fr\/intervention-de-jean-belin-a-aerospace-valley-bordeaux-19-juin-2018\/#breadcrumb","itemListElement":[{"@type":"ListItem","position":1,"name":"Accueil","item":"https:\/\/ecodef-ihedn.fr\/"},{"@type":"ListItem","position":2,"name":"Intervention de Jean Belin \u00e0 Aerospace Valley, Bordeaux, 19 juin 2018"}]},{"@type":"WebSite","@id":"https:\/\/ecodef-ihedn.fr\/#website","url":"https:\/\/ecodef-ihedn.fr\/","name":"Chair in Defence Economics - IHEDN","description":"Produce &amp; support, federate &amp; disseminate, act as an interface","publisher":{"@id":"https:\/\/ecodef-ihedn.fr\/#organization"},"potentialAction":[{"@type":"SearchAction","target":{"@type":"EntryPoint","urlTemplate":"https:\/\/ecodef-ihedn.fr\/?s={search_term_string}"},"query-input":{"@type":"PropertyValueSpecification","valueRequired":true,"valueName":"search_term_string"}}],"inLanguage":"en-GB"},{"@type":"Organization","@id":"https:\/\/ecodef-ihedn.fr\/#organization","name":"Chair in Defence Economics - IHEDN","url":"https:\/\/ecodef-ihedn.fr\/","logo":{"@type":"ImageObject","inLanguage":"en-GB","@id":"https:\/\/ecodef-ihedn.fr\/#\/schema\/logo\/image\/","url":"https:\/\/ecodef-ihedn.fr\/wp-content\/uploads\/2020\/04\/logoEcodef9.jpg","contentUrl":"https:\/\/ecodef-ihedn.fr\/wp-content\/uploads\/2020\/04\/logoEcodef9.jpg","width":410,"height":212,"caption":"Chaire \u00c9conomie de d\u00e9fense - IHEDN"},"image":{"@id":"https:\/\/ecodef-ihedn.fr\/#\/schema\/logo\/image\/"},"sameAs":["https:\/\/x.com\/Chaire_Ecodef","https:\/\/www.linkedin.com\/company\/chaire-ecodef-ihedn\/"]},{"@type":"Person","@id":"https:\/\/ecodef-ihedn.fr\/#\/schema\/person\/7b3f1a2d8fd336e0be2f9ff63ff0ebbc","name":"dev","image":{"@type":"ImageObject","inLanguage":"en-GB","@id":"https:\/\/secure.gravatar.com\/avatar\/f1ffcac9ca2fa95ad3ec33e9be3ade82f752acb0cabe541e56c5889225afa88a?s=96&d=mm&r=g","url":"https:\/\/secure.gravatar.com\/avatar\/f1ffcac9ca2fa95ad3ec33e9be3ade82f752acb0cabe541e56c5889225afa88a?s=96&d=mm&r=g","contentUrl":"https:\/\/secure.gravatar.com\/avatar\/f1ffcac9ca2fa95ad3ec33e9be3ade82f752acb0cabe541e56c5889225afa88a?s=96&d=mm&r=g","caption":"dev"},"url":"https:\/\/ecodef-ihedn.fr\/en\/author\/dev\/"}]}},"_links":{"self":[{"href":"https:\/\/ecodef-ihedn.fr\/en\/wp-json\/wp\/v2\/posts\/1065","targetHints":{"allow":["GET"]}}],"collection":[{"href":"https:\/\/ecodef-ihedn.fr\/en\/wp-json\/wp\/v2\/posts"}],"about":[{"href":"https:\/\/ecodef-ihedn.fr\/en\/wp-json\/wp\/v2\/types\/post"}],"author":[{"embeddable":true,"href":"https:\/\/ecodef-ihedn.fr\/en\/wp-json\/wp\/v2\/users\/1"}],"replies":[{"embeddable":true,"href":"https:\/\/ecodef-ihedn.fr\/en\/wp-json\/wp\/v2\/comments?post=1065"}],"version-history":[{"count":1,"href":"https:\/\/ecodef-ihedn.fr\/en\/wp-json\/wp\/v2\/posts\/1065\/revisions"}],"predecessor-version":[{"id":1335,"href":"https:\/\/ecodef-ihedn.fr\/en\/wp-json\/wp\/v2\/posts\/1065\/revisions\/1335"}],"wp:featuredmedia":[{"embeddable":true,"href":"https:\/\/ecodef-ihedn.fr\/en\/wp-json\/wp\/v2\/media\/564"}],"wp:attachment":[{"href":"https:\/\/ecodef-ihedn.fr\/en\/wp-json\/wp\/v2\/media?parent=1065"}],"wp:term":[{"taxonomy":"category","embeddable":true,"href":"https:\/\/ecodef-ihedn.fr\/en\/wp-json\/wp\/v2\/categories?post=1065"},{"taxonomy":"post_tag","embeddable":true,"href":"https:\/\/ecodef-ihedn.fr\/en\/wp-json\/wp\/v2\/tags?post=1065"}],"curies":[{"name":"wp","href":"https:\/\/api.w.org\/{rel}","templated":true}]}}