{"id":1069,"date":"2018-06-25T00:00:00","date_gmt":"2018-06-25T00:00:00","guid":{"rendered":"https:\/\/ecodef-ihedn.fr\/videos-en-ligne-conference-annuelle-consacree-au-financement-de-la-defense\/"},"modified":"2020-04-09T11:50:44","modified_gmt":"2020-04-09T11:50:44","slug":"videos-en-ligne-conference-annuelle-consacree-au-financement-de-la-defense","status":"publish","type":"post","link":"https:\/\/ecodef-ihedn.fr\/en\/videos-en-ligne-conference-annuelle-consacree-au-financement-de-la-defense\/","title":{"rendered":"ONLINE VIDEO: Annual conference on defence funding"},"content":{"rendered":"<p style=\"text-align: justify\"><strong>The videos<\/strong> of the <a href=\"https:\/\/economie-defense.fr\/retour-conference-financement-de-defense-solutions-besoins\/\" target=\"_blank\" rel=\"noopener noreferrer\"><strong>last annual conference<\/strong> <\/a>of the <strong>Chair in Defence Economics<\/strong> dedicated to funding defence are <strong>available<\/strong>.<\/p>\n<p style=\"text-align: justify\">You can also find speeches by <strong>F. Parly<\/strong> (Minister for the Armed Forces) and <strong>J-J. Bridey<\/strong>\u00a0 (Chairman of the National Assembly's Defence Committee) and those of <strong>J.Y. Battesti<\/strong> (Naval Group), <strong>J. Belin<\/strong> (Chair in Defence Economics), <strong>Gal V. Carr\u00e9<\/strong> (EMA), <strong>P. Duhamel<\/strong> (Thales),<strong> B. Le Meur<\/strong> (DGA), <strong>O. Martin<\/strong> (MBDA), <strong>C. Mauriet<\/strong> (DAF) and <strong>G. Schlumberger <\/strong>(DGRIS),<\/p>\n<p style=\"text-align: justify\"><strong>Link to the website:<\/strong> <a class=\"m_5358136947704327704moz-txt-link-freetext\" href=\"https:\/\/www.youtube.com\/channel\/UC_dKcdKpWM-Cfk7gujhqXtA\/featured\" target=\"_blank\" rel=\"noopener noreferrer\">https:\/\/www.youtube.com\/channel\/UC_dKcdKpWM-Cfk7gujhqXtA\/featured<\/a><\/p>","protected":false},"excerpt":{"rendered":"<p>Les vid\u00e9os de la derni\u00e8re conf\u00e9rence annuelle de la Chaire \u00c9conomie de d\u00e9fense consacr\u00e9e au financement de la D\u00e9fense sont disponibles. Vous pouvez ainsi retrouver les interventions de F. Parly (Ministre des Arm\u00e9es) et J-J. Bridey\u00a0 (Pr\u00e9sident de la Commission de D\u00e9fense de l\u2019Assembl\u00e9e Nationale) ainsi que celles de J.Y. Battesti (Naval Group), J. Belin [&hellip;]<\/p>\n","protected":false},"author":1,"featured_media":564,"comment_status":"open","ping_status":"open","sticky":false,"template":"","format":"standard","meta":{"footnotes":""},"categories":[355],"tags":[162,163,164,165],"class_list":{"0":"post-1069","1":"post","2":"type-post","3":"status-publish","4":"format-standard","5":"has-post-thumbnail","7":"category-activites-evenements-portes-par-la-chaire","8":"tag-chaire-economie-de-defense","9":"tag-conference-annuelle","10":"tag-ministre-de-la-defense","11":"tag-videos"},"yoast_head":"<!-- This site is optimized with the Yoast SEO plugin v27.4 - https:\/\/yoast.com\/product\/yoast-seo-wordpress\/ -->\n<title>VID\u00c9OS EN LIGNE : Conf\u00e9rence annuelle consacr\u00e9e au financement de la D\u00e9fense - Chaire \u00c9conomie de d\u00e9fense - IHEDN<\/title>\n<meta name=\"robots\" content=\"index, follow, max-snippet:-1, max-image-preview:large, max-video-preview:-1\" \/>\n<link rel=\"canonical\" href=\"https:\/\/ecodef-ihedn.fr\/en\/videos-en-ligne-conference-annuelle-consacree-au-financement-de-la-defense\/\" \/>\n<meta property=\"og:locale\" content=\"en_GB\" \/>\n<meta property=\"og:type\" content=\"article\" \/>\n<meta property=\"og:title\" content=\"VID\u00c9OS EN LIGNE : Conf\u00e9rence annuelle consacr\u00e9e au financement de la D\u00e9fense - Chaire \u00c9conomie de d\u00e9fense - IHEDN\" \/>\n<meta property=\"og:description\" content=\"Les vid\u00e9os de la derni\u00e8re conf\u00e9rence annuelle de la Chaire \u00c9conomie de d\u00e9fense consacr\u00e9e au financement de la D\u00e9fense sont disponibles. Vous pouvez ainsi retrouver les interventions de F. Parly (Ministre des Arm\u00e9es) et J-J. Bridey\u00a0 (Pr\u00e9sident de la Commission de D\u00e9fense de l\u2019Assembl\u00e9e Nationale) ainsi que celles de J.Y. Battesti (Naval Group), J. Belin [&hellip;]\" \/>\n<meta property=\"og:url\" content=\"https:\/\/ecodef-ihedn.fr\/en\/videos-en-ligne-conference-annuelle-consacree-au-financement-de-la-defense\/\" \/>\n<meta property=\"og:site_name\" content=\"Chaire \u00c9conomie de d\u00e9fense - IHEDN\" \/>\n<meta property=\"article:published_time\" content=\"2018-06-25T00:00:00+00:00\" \/>\n<meta property=\"article:modified_time\" content=\"2020-04-09T11:50:44+00:00\" \/>\n<meta property=\"og:image\" content=\"https:\/\/ecodef-ihedn.fr\/wp-content\/uploads\/2020\/02\/ecole-militaire-paris-1.jpg\" \/>\n\t<meta property=\"og:image:width\" content=\"755\" \/>\n\t<meta property=\"og:image:height\" content=\"414\" \/>\n\t<meta property=\"og:image:type\" content=\"image\/jpeg\" \/>\n<meta name=\"author\" content=\"dev\" \/>\n<meta name=\"twitter:card\" content=\"summary_large_image\" \/>\n<meta name=\"twitter:creator\" content=\"@Chaire_Ecodef\" \/>\n<meta name=\"twitter:site\" content=\"@Chaire_Ecodef\" \/>\n<meta name=\"twitter:label1\" content=\"Written by\" \/>\n\t<meta name=\"twitter:data1\" content=\"dev\" \/>\n\t<meta name=\"twitter:label2\" content=\"Estimated reading time\" \/>\n\t<meta name=\"twitter:data2\" content=\"1 minute\" \/>\n<script type=\"application\/ld+json\" class=\"yoast-schema-graph\">{\"@context\":\"https:\\\/\\\/schema.org\",\"@graph\":[{\"@type\":\"Article\",\"@id\":\"https:\\\/\\\/ecodef-ihedn.fr\\\/videos-en-ligne-conference-annuelle-consacree-au-financement-de-la-defense\\\/#article\",\"isPartOf\":{\"@id\":\"https:\\\/\\\/ecodef-ihedn.fr\\\/videos-en-ligne-conference-annuelle-consacree-au-financement-de-la-defense\\\/\"},\"author\":{\"name\":\"dev\",\"@id\":\"https:\\\/\\\/ecodef-ihedn.fr\\\/#\\\/schema\\\/person\\\/7b3f1a2d8fd336e0be2f9ff63ff0ebbc\"},\"headline\":\"VID\u00c9OS EN LIGNE : Conf\u00e9rence annuelle consacr\u00e9e au financement de la D\u00e9fense\",\"datePublished\":\"2018-06-25T00:00:00+00:00\",\"dateModified\":\"2020-04-09T11:50:44+00:00\",\"mainEntityOfPage\":{\"@id\":\"https:\\\/\\\/ecodef-ihedn.fr\\\/videos-en-ligne-conference-annuelle-consacree-au-financement-de-la-defense\\\/\"},\"wordCount\":118,\"commentCount\":0,\"publisher\":{\"@id\":\"https:\\\/\\\/ecodef-ihedn.fr\\\/#organization\"},\"image\":{\"@id\":\"https:\\\/\\\/ecodef-ihedn.fr\\\/videos-en-ligne-conference-annuelle-consacree-au-financement-de-la-defense\\\/#primaryimage\"},\"thumbnailUrl\":\"https:\\\/\\\/ecodef-ihedn.fr\\\/wp-content\\\/uploads\\\/2020\\\/02\\\/ecole-militaire-paris-1.jpg\",\"keywords\":[\"chaire \u00e9conomie de d\u00e9fense\",\"conf\u00e9rence annuelle\",\"Ministre de la D\u00e9fense\",\"vid\u00e9os\"],\"articleSection\":[\"Activit\u00e9s : \u00e9v\u00e9nements port\u00e9s par la Chaire\"],\"inLanguage\":\"en-GB\",\"potentialAction\":[{\"@type\":\"CommentAction\",\"name\":\"Comment\",\"target\":[\"https:\\\/\\\/ecodef-ihedn.fr\\\/videos-en-ligne-conference-annuelle-consacree-au-financement-de-la-defense\\\/#respond\"]}]},{\"@type\":\"WebPage\",\"@id\":\"https:\\\/\\\/ecodef-ihedn.fr\\\/videos-en-ligne-conference-annuelle-consacree-au-financement-de-la-defense\\\/\",\"url\":\"https:\\\/\\\/ecodef-ihedn.fr\\\/videos-en-ligne-conference-annuelle-consacree-au-financement-de-la-defense\\\/\",\"name\":\"VID\u00c9OS EN LIGNE : Conf\u00e9rence annuelle consacr\u00e9e au financement de la D\u00e9fense - Chaire \u00c9conomie de d\u00e9fense - IHEDN\",\"isPartOf\":{\"@id\":\"https:\\\/\\\/ecodef-ihedn.fr\\\/#website\"},\"primaryImageOfPage\":{\"@id\":\"https:\\\/\\\/ecodef-ihedn.fr\\\/videos-en-ligne-conference-annuelle-consacree-au-financement-de-la-defense\\\/#primaryimage\"},\"image\":{\"@id\":\"https:\\\/\\\/ecodef-ihedn.fr\\\/videos-en-ligne-conference-annuelle-consacree-au-financement-de-la-defense\\\/#primaryimage\"},\"thumbnailUrl\":\"https:\\\/\\\/ecodef-ihedn.fr\\\/wp-content\\\/uploads\\\/2020\\\/02\\\/ecole-militaire-paris-1.jpg\",\"datePublished\":\"2018-06-25T00:00:00+00:00\",\"dateModified\":\"2020-04-09T11:50:44+00:00\",\"breadcrumb\":{\"@id\":\"https:\\\/\\\/ecodef-ihedn.fr\\\/videos-en-ligne-conference-annuelle-consacree-au-financement-de-la-defense\\\/#breadcrumb\"},\"inLanguage\":\"en-GB\",\"potentialAction\":[{\"@type\":\"ReadAction\",\"target\":[\"https:\\\/\\\/ecodef-ihedn.fr\\\/videos-en-ligne-conference-annuelle-consacree-au-financement-de-la-defense\\\/\"]}]},{\"@type\":\"ImageObject\",\"inLanguage\":\"en-GB\",\"@id\":\"https:\\\/\\\/ecodef-ihedn.fr\\\/videos-en-ligne-conference-annuelle-consacree-au-financement-de-la-defense\\\/#primaryimage\",\"url\":\"https:\\\/\\\/ecodef-ihedn.fr\\\/wp-content\\\/uploads\\\/2020\\\/02\\\/ecole-militaire-paris-1.jpg\",\"contentUrl\":\"https:\\\/\\\/ecodef-ihedn.fr\\\/wp-content\\\/uploads\\\/2020\\\/02\\\/ecole-militaire-paris-1.jpg\",\"width\":755,\"height\":414},{\"@type\":\"BreadcrumbList\",\"@id\":\"https:\\\/\\\/ecodef-ihedn.fr\\\/videos-en-ligne-conference-annuelle-consacree-au-financement-de-la-defense\\\/#breadcrumb\",\"itemListElement\":[{\"@type\":\"ListItem\",\"position\":1,\"name\":\"Accueil\",\"item\":\"https:\\\/\\\/ecodef-ihedn.fr\\\/\"},{\"@type\":\"ListItem\",\"position\":2,\"name\":\"VID\u00c9OS EN LIGNE : Conf\u00e9rence annuelle consacr\u00e9e au financement de la D\u00e9fense\"}]},{\"@type\":\"WebSite\",\"@id\":\"https:\\\/\\\/ecodef-ihedn.fr\\\/#website\",\"url\":\"https:\\\/\\\/ecodef-ihedn.fr\\\/\",\"name\":\"Chaire \u00c9conomie de D\u00e9fense - IHEDN\",\"description\":\"Produire &amp; soutenir, f\u00e9d\u00e9rer &amp; diffuser, \u00eatre une interface\",\"publisher\":{\"@id\":\"https:\\\/\\\/ecodef-ihedn.fr\\\/#organization\"},\"potentialAction\":[{\"@type\":\"SearchAction\",\"target\":{\"@type\":\"EntryPoint\",\"urlTemplate\":\"https:\\\/\\\/ecodef-ihedn.fr\\\/?s={search_term_string}\"},\"query-input\":{\"@type\":\"PropertyValueSpecification\",\"valueRequired\":true,\"valueName\":\"search_term_string\"}}],\"inLanguage\":\"en-GB\"},{\"@type\":\"Organization\",\"@id\":\"https:\\\/\\\/ecodef-ihedn.fr\\\/#organization\",\"name\":\"Chaire \u00c9conomie de d\u00e9fense - IHEDN\",\"url\":\"https:\\\/\\\/ecodef-ihedn.fr\\\/\",\"logo\":{\"@type\":\"ImageObject\",\"inLanguage\":\"en-GB\",\"@id\":\"https:\\\/\\\/ecodef-ihedn.fr\\\/#\\\/schema\\\/logo\\\/image\\\/\",\"url\":\"https:\\\/\\\/ecodef-ihedn.fr\\\/wp-content\\\/uploads\\\/2020\\\/04\\\/logoEcodef9.jpg\",\"contentUrl\":\"https:\\\/\\\/ecodef-ihedn.fr\\\/wp-content\\\/uploads\\\/2020\\\/04\\\/logoEcodef9.jpg\",\"width\":410,\"height\":212,\"caption\":\"Chaire \u00c9conomie de d\u00e9fense - IHEDN\"},\"image\":{\"@id\":\"https:\\\/\\\/ecodef-ihedn.fr\\\/#\\\/schema\\\/logo\\\/image\\\/\"},\"sameAs\":[\"https:\\\/\\\/x.com\\\/Chaire_Ecodef\",\"https:\\\/\\\/www.linkedin.com\\\/company\\\/chaire-ecodef-ihedn\\\/\"]},{\"@type\":\"Person\",\"@id\":\"https:\\\/\\\/ecodef-ihedn.fr\\\/#\\\/schema\\\/person\\\/7b3f1a2d8fd336e0be2f9ff63ff0ebbc\",\"name\":\"dev\",\"image\":{\"@type\":\"ImageObject\",\"inLanguage\":\"en-GB\",\"@id\":\"https:\\\/\\\/secure.gravatar.com\\\/avatar\\\/f1ffcac9ca2fa95ad3ec33e9be3ade82f752acb0cabe541e56c5889225afa88a?s=96&d=mm&r=g\",\"url\":\"https:\\\/\\\/secure.gravatar.com\\\/avatar\\\/f1ffcac9ca2fa95ad3ec33e9be3ade82f752acb0cabe541e56c5889225afa88a?s=96&d=mm&r=g\",\"contentUrl\":\"https:\\\/\\\/secure.gravatar.com\\\/avatar\\\/f1ffcac9ca2fa95ad3ec33e9be3ade82f752acb0cabe541e56c5889225afa88a?s=96&d=mm&r=g\",\"caption\":\"dev\"},\"url\":\"https:\\\/\\\/ecodef-ihedn.fr\\\/en\\\/author\\\/dev\\\/\"}]}<\/script>\n<!-- \/ Yoast SEO plugin. -->","yoast_head_json":{"title":"VID\u00c9OS EN LIGNE : Conf\u00e9rence annuelle consacr\u00e9e au financement de la D\u00e9fense - Chaire \u00c9conomie de d\u00e9fense - IHEDN","robots":{"index":"index","follow":"follow","max-snippet":"max-snippet:-1","max-image-preview":"max-image-preview:large","max-video-preview":"max-video-preview:-1"},"canonical":"https:\/\/ecodef-ihedn.fr\/en\/videos-en-ligne-conference-annuelle-consacree-au-financement-de-la-defense\/","og_locale":"en_GB","og_type":"article","og_title":"VID\u00c9OS EN LIGNE : Conf\u00e9rence annuelle consacr\u00e9e au financement de la D\u00e9fense - Chaire \u00c9conomie de d\u00e9fense - IHEDN","og_description":"Les vid\u00e9os de la derni\u00e8re conf\u00e9rence annuelle de la Chaire \u00c9conomie de d\u00e9fense consacr\u00e9e au financement de la D\u00e9fense sont disponibles. Vous pouvez ainsi retrouver les interventions de F. Parly (Ministre des Arm\u00e9es) et J-J. Bridey\u00a0 (Pr\u00e9sident de la Commission de D\u00e9fense de l\u2019Assembl\u00e9e Nationale) ainsi que celles de J.Y. Battesti (Naval Group), J. Belin [&hellip;]","og_url":"https:\/\/ecodef-ihedn.fr\/en\/videos-en-ligne-conference-annuelle-consacree-au-financement-de-la-defense\/","og_site_name":"Chaire \u00c9conomie de d\u00e9fense - IHEDN","article_published_time":"2018-06-25T00:00:00+00:00","article_modified_time":"2020-04-09T11:50:44+00:00","og_image":[{"width":755,"height":414,"url":"https:\/\/ecodef-ihedn.fr\/wp-content\/uploads\/2020\/02\/ecole-militaire-paris-1.jpg","type":"image\/jpeg"}],"author":"dev","twitter_card":"summary_large_image","twitter_creator":"@Chaire_Ecodef","twitter_site":"@Chaire_Ecodef","twitter_misc":{"Written by":"dev","Estimated reading time":"1 minute"},"schema":{"@context":"https:\/\/schema.org","@graph":[{"@type":"Article","@id":"https:\/\/ecodef-ihedn.fr\/videos-en-ligne-conference-annuelle-consacree-au-financement-de-la-defense\/#article","isPartOf":{"@id":"https:\/\/ecodef-ihedn.fr\/videos-en-ligne-conference-annuelle-consacree-au-financement-de-la-defense\/"},"author":{"name":"dev","@id":"https:\/\/ecodef-ihedn.fr\/#\/schema\/person\/7b3f1a2d8fd336e0be2f9ff63ff0ebbc"},"headline":"VID\u00c9OS EN LIGNE : Conf\u00e9rence annuelle consacr\u00e9e au financement de la D\u00e9fense","datePublished":"2018-06-25T00:00:00+00:00","dateModified":"2020-04-09T11:50:44+00:00","mainEntityOfPage":{"@id":"https:\/\/ecodef-ihedn.fr\/videos-en-ligne-conference-annuelle-consacree-au-financement-de-la-defense\/"},"wordCount":118,"commentCount":0,"publisher":{"@id":"https:\/\/ecodef-ihedn.fr\/#organization"},"image":{"@id":"https:\/\/ecodef-ihedn.fr\/videos-en-ligne-conference-annuelle-consacree-au-financement-de-la-defense\/#primaryimage"},"thumbnailUrl":"https:\/\/ecodef-ihedn.fr\/wp-content\/uploads\/2020\/02\/ecole-militaire-paris-1.jpg","keywords":["chaire \u00e9conomie de d\u00e9fense","conf\u00e9rence annuelle","Ministre de la D\u00e9fense","vid\u00e9os"],"articleSection":["Activit\u00e9s : \u00e9v\u00e9nements port\u00e9s par la Chaire"],"inLanguage":"en-GB","potentialAction":[{"@type":"CommentAction","name":"Comment","target":["https:\/\/ecodef-ihedn.fr\/videos-en-ligne-conference-annuelle-consacree-au-financement-de-la-defense\/#respond"]}]},{"@type":"WebPage","@id":"https:\/\/ecodef-ihedn.fr\/videos-en-ligne-conference-annuelle-consacree-au-financement-de-la-defense\/","url":"https:\/\/ecodef-ihedn.fr\/videos-en-ligne-conference-annuelle-consacree-au-financement-de-la-defense\/","name":"VID\u00c9OS EN LIGNE : Conf\u00e9rence annuelle consacr\u00e9e au financement de la D\u00e9fense - Chaire \u00c9conomie de d\u00e9fense - IHEDN","isPartOf":{"@id":"https:\/\/ecodef-ihedn.fr\/#website"},"primaryImageOfPage":{"@id":"https:\/\/ecodef-ihedn.fr\/videos-en-ligne-conference-annuelle-consacree-au-financement-de-la-defense\/#primaryimage"},"image":{"@id":"https:\/\/ecodef-ihedn.fr\/videos-en-ligne-conference-annuelle-consacree-au-financement-de-la-defense\/#primaryimage"},"thumbnailUrl":"https:\/\/ecodef-ihedn.fr\/wp-content\/uploads\/2020\/02\/ecole-militaire-paris-1.jpg","datePublished":"2018-06-25T00:00:00+00:00","dateModified":"2020-04-09T11:50:44+00:00","breadcrumb":{"@id":"https:\/\/ecodef-ihedn.fr\/videos-en-ligne-conference-annuelle-consacree-au-financement-de-la-defense\/#breadcrumb"},"inLanguage":"en-GB","potentialAction":[{"@type":"ReadAction","target":["https:\/\/ecodef-ihedn.fr\/videos-en-ligne-conference-annuelle-consacree-au-financement-de-la-defense\/"]}]},{"@type":"ImageObject","inLanguage":"en-GB","@id":"https:\/\/ecodef-ihedn.fr\/videos-en-ligne-conference-annuelle-consacree-au-financement-de-la-defense\/#primaryimage","url":"https:\/\/ecodef-ihedn.fr\/wp-content\/uploads\/2020\/02\/ecole-militaire-paris-1.jpg","contentUrl":"https:\/\/ecodef-ihedn.fr\/wp-content\/uploads\/2020\/02\/ecole-militaire-paris-1.jpg","width":755,"height":414},{"@type":"BreadcrumbList","@id":"https:\/\/ecodef-ihedn.fr\/videos-en-ligne-conference-annuelle-consacree-au-financement-de-la-defense\/#breadcrumb","itemListElement":[{"@type":"ListItem","position":1,"name":"Accueil","item":"https:\/\/ecodef-ihedn.fr\/"},{"@type":"ListItem","position":2,"name":"VID\u00c9OS EN LIGNE : Conf\u00e9rence annuelle consacr\u00e9e au financement de la D\u00e9fense"}]},{"@type":"WebSite","@id":"https:\/\/ecodef-ihedn.fr\/#website","url":"https:\/\/ecodef-ihedn.fr\/","name":"Chair in Defence Economics - IHEDN","description":"Produce &amp; support, federate &amp; disseminate, act as an interface","publisher":{"@id":"https:\/\/ecodef-ihedn.fr\/#organization"},"potentialAction":[{"@type":"SearchAction","target":{"@type":"EntryPoint","urlTemplate":"https:\/\/ecodef-ihedn.fr\/?s={search_term_string}"},"query-input":{"@type":"PropertyValueSpecification","valueRequired":true,"valueName":"search_term_string"}}],"inLanguage":"en-GB"},{"@type":"Organization","@id":"https:\/\/ecodef-ihedn.fr\/#organization","name":"Chair in Defence Economics - IHEDN","url":"https:\/\/ecodef-ihedn.fr\/","logo":{"@type":"ImageObject","inLanguage":"en-GB","@id":"https:\/\/ecodef-ihedn.fr\/#\/schema\/logo\/image\/","url":"https:\/\/ecodef-ihedn.fr\/wp-content\/uploads\/2020\/04\/logoEcodef9.jpg","contentUrl":"https:\/\/ecodef-ihedn.fr\/wp-content\/uploads\/2020\/04\/logoEcodef9.jpg","width":410,"height":212,"caption":"Chaire \u00c9conomie de d\u00e9fense - IHEDN"},"image":{"@id":"https:\/\/ecodef-ihedn.fr\/#\/schema\/logo\/image\/"},"sameAs":["https:\/\/x.com\/Chaire_Ecodef","https:\/\/www.linkedin.com\/company\/chaire-ecodef-ihedn\/"]},{"@type":"Person","@id":"https:\/\/ecodef-ihedn.fr\/#\/schema\/person\/7b3f1a2d8fd336e0be2f9ff63ff0ebbc","name":"dev","image":{"@type":"ImageObject","inLanguage":"en-GB","@id":"https:\/\/secure.gravatar.com\/avatar\/f1ffcac9ca2fa95ad3ec33e9be3ade82f752acb0cabe541e56c5889225afa88a?s=96&d=mm&r=g","url":"https:\/\/secure.gravatar.com\/avatar\/f1ffcac9ca2fa95ad3ec33e9be3ade82f752acb0cabe541e56c5889225afa88a?s=96&d=mm&r=g","contentUrl":"https:\/\/secure.gravatar.com\/avatar\/f1ffcac9ca2fa95ad3ec33e9be3ade82f752acb0cabe541e56c5889225afa88a?s=96&d=mm&r=g","caption":"dev"},"url":"https:\/\/ecodef-ihedn.fr\/en\/author\/dev\/"}]}},"_links":{"self":[{"href":"https:\/\/ecodef-ihedn.fr\/en\/wp-json\/wp\/v2\/posts\/1069","targetHints":{"allow":["GET"]}}],"collection":[{"href":"https:\/\/ecodef-ihedn.fr\/en\/wp-json\/wp\/v2\/posts"}],"about":[{"href":"https:\/\/ecodef-ihedn.fr\/en\/wp-json\/wp\/v2\/types\/post"}],"author":[{"embeddable":true,"href":"https:\/\/ecodef-ihedn.fr\/en\/wp-json\/wp\/v2\/users\/1"}],"replies":[{"embeddable":true,"href":"https:\/\/ecodef-ihedn.fr\/en\/wp-json\/wp\/v2\/comments?post=1069"}],"version-history":[{"count":1,"href":"https:\/\/ecodef-ihedn.fr\/en\/wp-json\/wp\/v2\/posts\/1069\/revisions"}],"predecessor-version":[{"id":1338,"href":"https:\/\/ecodef-ihedn.fr\/en\/wp-json\/wp\/v2\/posts\/1069\/revisions\/1338"}],"wp:featuredmedia":[{"embeddable":true,"href":"https:\/\/ecodef-ihedn.fr\/en\/wp-json\/wp\/v2\/media\/564"}],"wp:attachment":[{"href":"https:\/\/ecodef-ihedn.fr\/en\/wp-json\/wp\/v2\/media?parent=1069"}],"wp:term":[{"taxonomy":"category","embeddable":true,"href":"https:\/\/ecodef-ihedn.fr\/en\/wp-json\/wp\/v2\/categories?post=1069"},{"taxonomy":"post_tag","embeddable":true,"href":"https:\/\/ecodef-ihedn.fr\/en\/wp-json\/wp\/v2\/tags?post=1069"}],"curies":[{"name":"wp","href":"https:\/\/api.w.org\/{rel}","templated":true}]}}