{"id":1070,"date":"2018-07-03T00:00:00","date_gmt":"2018-07-03T00:00:00","guid":{"rendered":"https:\/\/ecodef-ihedn.fr\/participation-de-la-chaire-au-55eme-colloque-de-lasrdlf-caen-4-6-juillet-2018\/"},"modified":"2020-04-09T11:50:17","modified_gmt":"2020-04-09T11:50:17","slug":"participation-de-la-chaire-au-55eme-colloque-de-lasrdlf-caen-4-6-juillet-2018","status":"publish","type":"post","link":"https:\/\/ecodef-ihedn.fr\/en\/participation-de-la-chaire-au-55eme-colloque-de-lasrdlf-caen-4-6-juillet-2018\/","title":{"rendered":"Participation of the Chair in the 55th Colloque de l'ASRDLF, Caen, 4-6 July 2018"},"content":{"rendered":"<p><a href=\"https:\/\/ecodef-ihedn.fr\/wp-content\/uploads\/2020\/04\/asrdlf_2018-1.png\"><img loading=\"lazy\" decoding=\"async\" class=\"aligncenter size-thumbnail wp-image-6261\" src=\"https:\/\/ecodef-ihedn.fr\/wp-content\/uploads\/2020\/04\/asrdlf_2018-1-150x150.png\" alt=\"\" width=\"150\" height=\"150\" \/><\/a><\/p>\n<p style=\"text-align: justify\"><a href=\"https:\/\/www.researchgate.net\/profile\/Josselin_Droff\" target=\"_blank\" rel=\"noopener noreferrer\"><strong>Josselin Droff<\/strong><\/a> and <a href=\"https:\/\/www.researchgate.net\/profile\/Julien_Malizard\" target=\"_blank\" rel=\"noopener noreferrer\"><strong>Julien Malizard<\/strong><\/a> present a communication to the <strong><a href=\"http:\/\/asrdlf2018.com\/\" target=\"_blank\" rel=\"noopener noreferrer\">55th Colloquium of the French Language Regional Science Association<\/a><\/strong> (ASRDLF) to <strong>Caen (4-6 July 2018<\/strong>). The aim of this conference is to discuss the relationship between the various economic players (public, private, associations) and <strong>regionalisation<\/strong>. Today, regionalisation is taking <strong>different forms<\/strong>s, whether economic, cultural, geographical or institutional. Conceived both as a process of dividing up territories and as a set of relationships leading to the emergence of organised spatial systems, regionalisation <strong>questions the practices of the players<\/strong>.<\/p>\n<p><span style=\"text-decoration: underline\">The article presented by the authors is entitled<\/span>:<\/p>\n<p>\u00ab\u00a0<em>When the army leaves! Empirical insights into the geographical reorganisation of Defence in France<\/em>\u00ab\u00a0.<\/p>\n<p style=\"text-align: justify\">The article questions the <strong>regional planning logic<\/strong> in the Ministry of Defence's rationalisation policy. The authors assess the coherence of the <strong>policy to support territorial restructuring<\/strong> in France since the end of the Second World War.<strong> 2000s<\/strong>. On the basis of data collected at the\u2019<strong>departmental level<\/strong>, a <strong>econometric analysis<\/strong> compares the demographic, economic and political situation of the territories with the financial compensation received. Overall, the results show that <strong>defence reorganisations are not carried out \u00ababove ground\u00bb.\u00bb<\/strong> and that <strong>territories and their economic situation<\/strong> are integrated into the overall strategy of the public decision-maker. These results provide food for thought for the debate on the value and effectiveness of this type of public policy when it is undertaken by a player whose primary function is not, a priori, to do so.<\/p>\n<p>This article follows on from the <a href=\"https:\/\/economie-defense.fr\/les-enseignements-des-restructurations-territoriales-de-la-defense-red-n12-21-juin-2018-paris\/\" target=\"_blank\" rel=\"noopener noreferrer\"><strong>previous work by the authors<\/strong><\/a> who, for several years now, have been contributing to the debate on the issue of <strong>Defence territorial restructuring<\/strong>.<\/p>\n<p>&nbsp;<\/p>\n<p>&nbsp;<\/p>","protected":false},"excerpt":{"rendered":"<p>Josselin Droff et Julien Malizard pr\u00e9sentent une communication au 55\u00e8me Colloque de l\u2019Association de Science R\u00e9gionale de Langue Fran\u00e7aise (ASRDLF) \u00e0 Caen (4-6 juillet 2018). L\u2019objectif de ce colloque est de d\u00e9battre des rapports qu\u2019ont les diff\u00e9rents acteurs \u00e9conomiques (publics, priv\u00e9s, associations) avec la r\u00e9gionalisation. Aujourd\u2019hui, la r\u00e9gionalisation prend diff\u00e9rentes formes, qu\u2019elle soit \u00e9conomique, culturelle, [&hellip;]<\/p>\n","protected":false},"author":1,"featured_media":1067,"comment_status":"open","ping_status":"open","sticky":false,"template":"","format":"standard","meta":{"footnotes":""},"categories":[356],"tags":[166,167,168,146,41,169,170,171,95,172,173,174,175,176],"class_list":{"0":"post-1070","1":"post","2":"type-post","3":"status-publish","4":"format-standard","5":"has-post-thumbnail","7":"category-activites-participation-de-la-chaire-a-un-evenement","8":"tag-accompagnement-territorial","9":"tag-amenagement-du-territoire","10":"tag-asrdlf","11":"tag-carte-militaire","12":"tag-conference","13":"tag-dar","14":"tag-delegation-aux-restructurations","15":"tag-friches-militaires","16":"tag-ministere-des-armees","17":"tag-politique-publique","18":"tag-pork-barrels","19":"tag-regionalisation","20":"tag-restructurations-territoriales","21":"tag-territoires"},"yoast_head":"<!-- This site is optimized with the Yoast SEO plugin v27.4 - https:\/\/yoast.com\/product\/yoast-seo-wordpress\/ -->\n<title>Participation de la Chaire au 55\u00e8me Colloque de l\u2019ASRDLF, Caen, 4-6 juillet 2018 - Chaire \u00c9conomie de d\u00e9fense - IHEDN<\/title>\n<meta name=\"robots\" content=\"index, follow, max-snippet:-1, max-image-preview:large, max-video-preview:-1\" \/>\n<link rel=\"canonical\" href=\"https:\/\/ecodef-ihedn.fr\/en\/participation-de-la-chaire-au-55eme-colloque-de-lasrdlf-caen-4-6-juillet-2018\/\" \/>\n<meta property=\"og:locale\" content=\"en_GB\" \/>\n<meta property=\"og:type\" content=\"article\" \/>\n<meta property=\"og:title\" content=\"Participation de la Chaire au 55\u00e8me Colloque de l\u2019ASRDLF, Caen, 4-6 juillet 2018 - Chaire \u00c9conomie de d\u00e9fense - IHEDN\" \/>\n<meta property=\"og:description\" content=\"Josselin Droff et Julien Malizard pr\u00e9sentent une communication au 55\u00e8me Colloque de l\u2019Association de Science R\u00e9gionale de Langue Fran\u00e7aise (ASRDLF) \u00e0 Caen (4-6 juillet 2018). L\u2019objectif de ce colloque est de d\u00e9battre des rapports qu\u2019ont les diff\u00e9rents acteurs \u00e9conomiques (publics, priv\u00e9s, associations) avec la r\u00e9gionalisation. Aujourd\u2019hui, la r\u00e9gionalisation prend diff\u00e9rentes formes, qu\u2019elle soit \u00e9conomique, culturelle, [&hellip;]\" \/>\n<meta property=\"og:url\" content=\"https:\/\/ecodef-ihedn.fr\/en\/participation-de-la-chaire-au-55eme-colloque-de-lasrdlf-caen-4-6-juillet-2018\/\" \/>\n<meta property=\"og:site_name\" content=\"Chaire \u00c9conomie de d\u00e9fense - IHEDN\" \/>\n<meta property=\"article:published_time\" content=\"2018-07-03T00:00:00+00:00\" \/>\n<meta property=\"article:modified_time\" content=\"2020-04-09T11:50:17+00:00\" \/>\n<meta property=\"og:image\" content=\"https:\/\/ecodef-ihedn.fr\/wp-content\/uploads\/2020\/04\/asrdlf_2018-1.png\" \/>\n\t<meta property=\"og:image:width\" content=\"168\" \/>\n\t<meta property=\"og:image:height\" content=\"202\" \/>\n\t<meta property=\"og:image:type\" content=\"image\/png\" \/>\n<meta name=\"author\" content=\"dev\" \/>\n<meta name=\"twitter:card\" content=\"summary_large_image\" \/>\n<meta name=\"twitter:creator\" content=\"@Chaire_Ecodef\" \/>\n<meta name=\"twitter:site\" content=\"@Chaire_Ecodef\" \/>\n<meta name=\"twitter:label1\" content=\"Written by\" \/>\n\t<meta name=\"twitter:data1\" content=\"dev\" \/>\n\t<meta name=\"twitter:label2\" content=\"Estimated reading time\" \/>\n\t<meta name=\"twitter:data2\" content=\"2 minutes\" \/>\n<script type=\"application\/ld+json\" class=\"yoast-schema-graph\">{\"@context\":\"https:\\\/\\\/schema.org\",\"@graph\":[{\"@type\":\"Article\",\"@id\":\"https:\\\/\\\/ecodef-ihedn.fr\\\/participation-de-la-chaire-au-55eme-colloque-de-lasrdlf-caen-4-6-juillet-2018\\\/#article\",\"isPartOf\":{\"@id\":\"https:\\\/\\\/ecodef-ihedn.fr\\\/participation-de-la-chaire-au-55eme-colloque-de-lasrdlf-caen-4-6-juillet-2018\\\/\"},\"author\":{\"name\":\"dev\",\"@id\":\"https:\\\/\\\/ecodef-ihedn.fr\\\/#\\\/schema\\\/person\\\/7b3f1a2d8fd336e0be2f9ff63ff0ebbc\"},\"headline\":\"Participation de la Chaire au 55\u00e8me Colloque de l\u2019ASRDLF, Caen, 4-6 juillet 2018\",\"datePublished\":\"2018-07-03T00:00:00+00:00\",\"dateModified\":\"2020-04-09T11:50:17+00:00\",\"mainEntityOfPage\":{\"@id\":\"https:\\\/\\\/ecodef-ihedn.fr\\\/participation-de-la-chaire-au-55eme-colloque-de-lasrdlf-caen-4-6-juillet-2018\\\/\"},\"wordCount\":355,\"commentCount\":0,\"publisher\":{\"@id\":\"https:\\\/\\\/ecodef-ihedn.fr\\\/#organization\"},\"image\":{\"@id\":\"https:\\\/\\\/ecodef-ihedn.fr\\\/participation-de-la-chaire-au-55eme-colloque-de-lasrdlf-caen-4-6-juillet-2018\\\/#primaryimage\"},\"thumbnailUrl\":\"https:\\\/\\\/ecodef-ihedn.fr\\\/wp-content\\\/uploads\\\/2020\\\/04\\\/asrdlf_2018-1.png\",\"keywords\":[\"accompagnement territorial\",\"am\u00e9nagement du territoire\",\"ASRDLF\",\"carte militaire\",\"conf\u00e9rence\",\"DAR\",\"D\u00e9l\u00e9gation aux restructurations\",\"friches militaires\",\"Minist\u00e8re des Arm\u00e9es\",\"politique publique\",\"pork barrels\",\"r\u00e9gionalisation\",\"restructurations territoriales\",\"territoires\"],\"articleSection\":[\"Activit\u00e9s : participation de la Chaire \u00e0 un \u00e9v\u00e9nement\"],\"inLanguage\":\"en-GB\",\"potentialAction\":[{\"@type\":\"CommentAction\",\"name\":\"Comment\",\"target\":[\"https:\\\/\\\/ecodef-ihedn.fr\\\/participation-de-la-chaire-au-55eme-colloque-de-lasrdlf-caen-4-6-juillet-2018\\\/#respond\"]}]},{\"@type\":\"WebPage\",\"@id\":\"https:\\\/\\\/ecodef-ihedn.fr\\\/participation-de-la-chaire-au-55eme-colloque-de-lasrdlf-caen-4-6-juillet-2018\\\/\",\"url\":\"https:\\\/\\\/ecodef-ihedn.fr\\\/participation-de-la-chaire-au-55eme-colloque-de-lasrdlf-caen-4-6-juillet-2018\\\/\",\"name\":\"Participation de la Chaire au 55\u00e8me Colloque de l\u2019ASRDLF, Caen, 4-6 juillet 2018 - Chaire \u00c9conomie de d\u00e9fense - IHEDN\",\"isPartOf\":{\"@id\":\"https:\\\/\\\/ecodef-ihedn.fr\\\/#website\"},\"primaryImageOfPage\":{\"@id\":\"https:\\\/\\\/ecodef-ihedn.fr\\\/participation-de-la-chaire-au-55eme-colloque-de-lasrdlf-caen-4-6-juillet-2018\\\/#primaryimage\"},\"image\":{\"@id\":\"https:\\\/\\\/ecodef-ihedn.fr\\\/participation-de-la-chaire-au-55eme-colloque-de-lasrdlf-caen-4-6-juillet-2018\\\/#primaryimage\"},\"thumbnailUrl\":\"https:\\\/\\\/ecodef-ihedn.fr\\\/wp-content\\\/uploads\\\/2020\\\/04\\\/asrdlf_2018-1.png\",\"datePublished\":\"2018-07-03T00:00:00+00:00\",\"dateModified\":\"2020-04-09T11:50:17+00:00\",\"breadcrumb\":{\"@id\":\"https:\\\/\\\/ecodef-ihedn.fr\\\/participation-de-la-chaire-au-55eme-colloque-de-lasrdlf-caen-4-6-juillet-2018\\\/#breadcrumb\"},\"inLanguage\":\"en-GB\",\"potentialAction\":[{\"@type\":\"ReadAction\",\"target\":[\"https:\\\/\\\/ecodef-ihedn.fr\\\/participation-de-la-chaire-au-55eme-colloque-de-lasrdlf-caen-4-6-juillet-2018\\\/\"]}]},{\"@type\":\"ImageObject\",\"inLanguage\":\"en-GB\",\"@id\":\"https:\\\/\\\/ecodef-ihedn.fr\\\/participation-de-la-chaire-au-55eme-colloque-de-lasrdlf-caen-4-6-juillet-2018\\\/#primaryimage\",\"url\":\"https:\\\/\\\/ecodef-ihedn.fr\\\/wp-content\\\/uploads\\\/2020\\\/04\\\/asrdlf_2018-1.png\",\"contentUrl\":\"https:\\\/\\\/ecodef-ihedn.fr\\\/wp-content\\\/uploads\\\/2020\\\/04\\\/asrdlf_2018-1.png\",\"width\":168,\"height\":202},{\"@type\":\"BreadcrumbList\",\"@id\":\"https:\\\/\\\/ecodef-ihedn.fr\\\/participation-de-la-chaire-au-55eme-colloque-de-lasrdlf-caen-4-6-juillet-2018\\\/#breadcrumb\",\"itemListElement\":[{\"@type\":\"ListItem\",\"position\":1,\"name\":\"Accueil\",\"item\":\"https:\\\/\\\/ecodef-ihedn.fr\\\/\"},{\"@type\":\"ListItem\",\"position\":2,\"name\":\"Participation de la Chaire au 55\u00e8me Colloque de l\u2019ASRDLF, Caen, 4-6 juillet 2018\"}]},{\"@type\":\"WebSite\",\"@id\":\"https:\\\/\\\/ecodef-ihedn.fr\\\/#website\",\"url\":\"https:\\\/\\\/ecodef-ihedn.fr\\\/\",\"name\":\"Chaire \u00c9conomie de D\u00e9fense - IHEDN\",\"description\":\"Produire &amp; soutenir, f\u00e9d\u00e9rer &amp; diffuser, \u00eatre une interface\",\"publisher\":{\"@id\":\"https:\\\/\\\/ecodef-ihedn.fr\\\/#organization\"},\"potentialAction\":[{\"@type\":\"SearchAction\",\"target\":{\"@type\":\"EntryPoint\",\"urlTemplate\":\"https:\\\/\\\/ecodef-ihedn.fr\\\/?s={search_term_string}\"},\"query-input\":{\"@type\":\"PropertyValueSpecification\",\"valueRequired\":true,\"valueName\":\"search_term_string\"}}],\"inLanguage\":\"en-GB\"},{\"@type\":\"Organization\",\"@id\":\"https:\\\/\\\/ecodef-ihedn.fr\\\/#organization\",\"name\":\"Chaire \u00c9conomie de d\u00e9fense - IHEDN\",\"url\":\"https:\\\/\\\/ecodef-ihedn.fr\\\/\",\"logo\":{\"@type\":\"ImageObject\",\"inLanguage\":\"en-GB\",\"@id\":\"https:\\\/\\\/ecodef-ihedn.fr\\\/#\\\/schema\\\/logo\\\/image\\\/\",\"url\":\"https:\\\/\\\/ecodef-ihedn.fr\\\/wp-content\\\/uploads\\\/2020\\\/04\\\/logoEcodef9.jpg\",\"contentUrl\":\"https:\\\/\\\/ecodef-ihedn.fr\\\/wp-content\\\/uploads\\\/2020\\\/04\\\/logoEcodef9.jpg\",\"width\":410,\"height\":212,\"caption\":\"Chaire \u00c9conomie de d\u00e9fense - IHEDN\"},\"image\":{\"@id\":\"https:\\\/\\\/ecodef-ihedn.fr\\\/#\\\/schema\\\/logo\\\/image\\\/\"},\"sameAs\":[\"https:\\\/\\\/x.com\\\/Chaire_Ecodef\",\"https:\\\/\\\/www.linkedin.com\\\/company\\\/chaire-ecodef-ihedn\\\/\"]},{\"@type\":\"Person\",\"@id\":\"https:\\\/\\\/ecodef-ihedn.fr\\\/#\\\/schema\\\/person\\\/7b3f1a2d8fd336e0be2f9ff63ff0ebbc\",\"name\":\"dev\",\"image\":{\"@type\":\"ImageObject\",\"inLanguage\":\"en-GB\",\"@id\":\"https:\\\/\\\/secure.gravatar.com\\\/avatar\\\/f1ffcac9ca2fa95ad3ec33e9be3ade82f752acb0cabe541e56c5889225afa88a?s=96&d=mm&r=g\",\"url\":\"https:\\\/\\\/secure.gravatar.com\\\/avatar\\\/f1ffcac9ca2fa95ad3ec33e9be3ade82f752acb0cabe541e56c5889225afa88a?s=96&d=mm&r=g\",\"contentUrl\":\"https:\\\/\\\/secure.gravatar.com\\\/avatar\\\/f1ffcac9ca2fa95ad3ec33e9be3ade82f752acb0cabe541e56c5889225afa88a?s=96&d=mm&r=g\",\"caption\":\"dev\"},\"url\":\"https:\\\/\\\/ecodef-ihedn.fr\\\/en\\\/author\\\/dev\\\/\"}]}<\/script>\n<!-- \/ Yoast SEO plugin. -->","yoast_head_json":{"title":"Participation de la Chaire au 55\u00e8me Colloque de l\u2019ASRDLF, Caen, 4-6 juillet 2018 - Chaire \u00c9conomie de d\u00e9fense - IHEDN","robots":{"index":"index","follow":"follow","max-snippet":"max-snippet:-1","max-image-preview":"max-image-preview:large","max-video-preview":"max-video-preview:-1"},"canonical":"https:\/\/ecodef-ihedn.fr\/en\/participation-de-la-chaire-au-55eme-colloque-de-lasrdlf-caen-4-6-juillet-2018\/","og_locale":"en_GB","og_type":"article","og_title":"Participation de la Chaire au 55\u00e8me Colloque de l\u2019ASRDLF, Caen, 4-6 juillet 2018 - Chaire \u00c9conomie de d\u00e9fense - IHEDN","og_description":"Josselin Droff et Julien Malizard pr\u00e9sentent une communication au 55\u00e8me Colloque de l\u2019Association de Science R\u00e9gionale de Langue Fran\u00e7aise (ASRDLF) \u00e0 Caen (4-6 juillet 2018). L\u2019objectif de ce colloque est de d\u00e9battre des rapports qu\u2019ont les diff\u00e9rents acteurs \u00e9conomiques (publics, priv\u00e9s, associations) avec la r\u00e9gionalisation. Aujourd\u2019hui, la r\u00e9gionalisation prend diff\u00e9rentes formes, qu\u2019elle soit \u00e9conomique, culturelle, [&hellip;]","og_url":"https:\/\/ecodef-ihedn.fr\/en\/participation-de-la-chaire-au-55eme-colloque-de-lasrdlf-caen-4-6-juillet-2018\/","og_site_name":"Chaire \u00c9conomie de d\u00e9fense - IHEDN","article_published_time":"2018-07-03T00:00:00+00:00","article_modified_time":"2020-04-09T11:50:17+00:00","og_image":[{"width":168,"height":202,"url":"https:\/\/ecodef-ihedn.fr\/wp-content\/uploads\/2020\/04\/asrdlf_2018-1.png","type":"image\/png"}],"author":"dev","twitter_card":"summary_large_image","twitter_creator":"@Chaire_Ecodef","twitter_site":"@Chaire_Ecodef","twitter_misc":{"Written by":"dev","Estimated reading time":"2 minutes"},"schema":{"@context":"https:\/\/schema.org","@graph":[{"@type":"Article","@id":"https:\/\/ecodef-ihedn.fr\/participation-de-la-chaire-au-55eme-colloque-de-lasrdlf-caen-4-6-juillet-2018\/#article","isPartOf":{"@id":"https:\/\/ecodef-ihedn.fr\/participation-de-la-chaire-au-55eme-colloque-de-lasrdlf-caen-4-6-juillet-2018\/"},"author":{"name":"dev","@id":"https:\/\/ecodef-ihedn.fr\/#\/schema\/person\/7b3f1a2d8fd336e0be2f9ff63ff0ebbc"},"headline":"Participation de la Chaire au 55\u00e8me Colloque de l\u2019ASRDLF, Caen, 4-6 juillet 2018","datePublished":"2018-07-03T00:00:00+00:00","dateModified":"2020-04-09T11:50:17+00:00","mainEntityOfPage":{"@id":"https:\/\/ecodef-ihedn.fr\/participation-de-la-chaire-au-55eme-colloque-de-lasrdlf-caen-4-6-juillet-2018\/"},"wordCount":355,"commentCount":0,"publisher":{"@id":"https:\/\/ecodef-ihedn.fr\/#organization"},"image":{"@id":"https:\/\/ecodef-ihedn.fr\/participation-de-la-chaire-au-55eme-colloque-de-lasrdlf-caen-4-6-juillet-2018\/#primaryimage"},"thumbnailUrl":"https:\/\/ecodef-ihedn.fr\/wp-content\/uploads\/2020\/04\/asrdlf_2018-1.png","keywords":["accompagnement territorial","am\u00e9nagement du territoire","ASRDLF","carte militaire","conf\u00e9rence","DAR","D\u00e9l\u00e9gation aux restructurations","friches militaires","Minist\u00e8re des Arm\u00e9es","politique publique","pork barrels","r\u00e9gionalisation","restructurations territoriales","territoires"],"articleSection":["Activit\u00e9s : participation de la Chaire \u00e0 un \u00e9v\u00e9nement"],"inLanguage":"en-GB","potentialAction":[{"@type":"CommentAction","name":"Comment","target":["https:\/\/ecodef-ihedn.fr\/participation-de-la-chaire-au-55eme-colloque-de-lasrdlf-caen-4-6-juillet-2018\/#respond"]}]},{"@type":"WebPage","@id":"https:\/\/ecodef-ihedn.fr\/participation-de-la-chaire-au-55eme-colloque-de-lasrdlf-caen-4-6-juillet-2018\/","url":"https:\/\/ecodef-ihedn.fr\/participation-de-la-chaire-au-55eme-colloque-de-lasrdlf-caen-4-6-juillet-2018\/","name":"Participation de la Chaire au 55\u00e8me Colloque de l\u2019ASRDLF, Caen, 4-6 juillet 2018 - Chaire \u00c9conomie de d\u00e9fense - IHEDN","isPartOf":{"@id":"https:\/\/ecodef-ihedn.fr\/#website"},"primaryImageOfPage":{"@id":"https:\/\/ecodef-ihedn.fr\/participation-de-la-chaire-au-55eme-colloque-de-lasrdlf-caen-4-6-juillet-2018\/#primaryimage"},"image":{"@id":"https:\/\/ecodef-ihedn.fr\/participation-de-la-chaire-au-55eme-colloque-de-lasrdlf-caen-4-6-juillet-2018\/#primaryimage"},"thumbnailUrl":"https:\/\/ecodef-ihedn.fr\/wp-content\/uploads\/2020\/04\/asrdlf_2018-1.png","datePublished":"2018-07-03T00:00:00+00:00","dateModified":"2020-04-09T11:50:17+00:00","breadcrumb":{"@id":"https:\/\/ecodef-ihedn.fr\/participation-de-la-chaire-au-55eme-colloque-de-lasrdlf-caen-4-6-juillet-2018\/#breadcrumb"},"inLanguage":"en-GB","potentialAction":[{"@type":"ReadAction","target":["https:\/\/ecodef-ihedn.fr\/participation-de-la-chaire-au-55eme-colloque-de-lasrdlf-caen-4-6-juillet-2018\/"]}]},{"@type":"ImageObject","inLanguage":"en-GB","@id":"https:\/\/ecodef-ihedn.fr\/participation-de-la-chaire-au-55eme-colloque-de-lasrdlf-caen-4-6-juillet-2018\/#primaryimage","url":"https:\/\/ecodef-ihedn.fr\/wp-content\/uploads\/2020\/04\/asrdlf_2018-1.png","contentUrl":"https:\/\/ecodef-ihedn.fr\/wp-content\/uploads\/2020\/04\/asrdlf_2018-1.png","width":168,"height":202},{"@type":"BreadcrumbList","@id":"https:\/\/ecodef-ihedn.fr\/participation-de-la-chaire-au-55eme-colloque-de-lasrdlf-caen-4-6-juillet-2018\/#breadcrumb","itemListElement":[{"@type":"ListItem","position":1,"name":"Accueil","item":"https:\/\/ecodef-ihedn.fr\/"},{"@type":"ListItem","position":2,"name":"Participation de la Chaire au 55\u00e8me Colloque de l\u2019ASRDLF, Caen, 4-6 juillet 2018"}]},{"@type":"WebSite","@id":"https:\/\/ecodef-ihedn.fr\/#website","url":"https:\/\/ecodef-ihedn.fr\/","name":"Chair in Defence Economics - IHEDN","description":"Produce &amp; support, federate &amp; disseminate, act as an interface","publisher":{"@id":"https:\/\/ecodef-ihedn.fr\/#organization"},"potentialAction":[{"@type":"SearchAction","target":{"@type":"EntryPoint","urlTemplate":"https:\/\/ecodef-ihedn.fr\/?s={search_term_string}"},"query-input":{"@type":"PropertyValueSpecification","valueRequired":true,"valueName":"search_term_string"}}],"inLanguage":"en-GB"},{"@type":"Organization","@id":"https:\/\/ecodef-ihedn.fr\/#organization","name":"Chair in Defence Economics - IHEDN","url":"https:\/\/ecodef-ihedn.fr\/","logo":{"@type":"ImageObject","inLanguage":"en-GB","@id":"https:\/\/ecodef-ihedn.fr\/#\/schema\/logo\/image\/","url":"https:\/\/ecodef-ihedn.fr\/wp-content\/uploads\/2020\/04\/logoEcodef9.jpg","contentUrl":"https:\/\/ecodef-ihedn.fr\/wp-content\/uploads\/2020\/04\/logoEcodef9.jpg","width":410,"height":212,"caption":"Chaire \u00c9conomie de d\u00e9fense - IHEDN"},"image":{"@id":"https:\/\/ecodef-ihedn.fr\/#\/schema\/logo\/image\/"},"sameAs":["https:\/\/x.com\/Chaire_Ecodef","https:\/\/www.linkedin.com\/company\/chaire-ecodef-ihedn\/"]},{"@type":"Person","@id":"https:\/\/ecodef-ihedn.fr\/#\/schema\/person\/7b3f1a2d8fd336e0be2f9ff63ff0ebbc","name":"dev","image":{"@type":"ImageObject","inLanguage":"en-GB","@id":"https:\/\/secure.gravatar.com\/avatar\/f1ffcac9ca2fa95ad3ec33e9be3ade82f752acb0cabe541e56c5889225afa88a?s=96&d=mm&r=g","url":"https:\/\/secure.gravatar.com\/avatar\/f1ffcac9ca2fa95ad3ec33e9be3ade82f752acb0cabe541e56c5889225afa88a?s=96&d=mm&r=g","contentUrl":"https:\/\/secure.gravatar.com\/avatar\/f1ffcac9ca2fa95ad3ec33e9be3ade82f752acb0cabe541e56c5889225afa88a?s=96&d=mm&r=g","caption":"dev"},"url":"https:\/\/ecodef-ihedn.fr\/en\/author\/dev\/"}]}},"_links":{"self":[{"href":"https:\/\/ecodef-ihedn.fr\/en\/wp-json\/wp\/v2\/posts\/1070","targetHints":{"allow":["GET"]}}],"collection":[{"href":"https:\/\/ecodef-ihedn.fr\/en\/wp-json\/wp\/v2\/posts"}],"about":[{"href":"https:\/\/ecodef-ihedn.fr\/en\/wp-json\/wp\/v2\/types\/post"}],"author":[{"embeddable":true,"href":"https:\/\/ecodef-ihedn.fr\/en\/wp-json\/wp\/v2\/users\/1"}],"replies":[{"embeddable":true,"href":"https:\/\/ecodef-ihedn.fr\/en\/wp-json\/wp\/v2\/comments?post=1070"}],"version-history":[{"count":2,"href":"https:\/\/ecodef-ihedn.fr\/en\/wp-json\/wp\/v2\/posts\/1070\/revisions"}],"predecessor-version":[{"id":1550,"href":"https:\/\/ecodef-ihedn.fr\/en\/wp-json\/wp\/v2\/posts\/1070\/revisions\/1550"}],"wp:featuredmedia":[{"embeddable":true,"href":"https:\/\/ecodef-ihedn.fr\/en\/wp-json\/wp\/v2\/media\/1067"}],"wp:attachment":[{"href":"https:\/\/ecodef-ihedn.fr\/en\/wp-json\/wp\/v2\/media?parent=1070"}],"wp:term":[{"taxonomy":"category","embeddable":true,"href":"https:\/\/ecodef-ihedn.fr\/en\/wp-json\/wp\/v2\/categories?post=1070"},{"taxonomy":"post_tag","embeddable":true,"href":"https:\/\/ecodef-ihedn.fr\/en\/wp-json\/wp\/v2\/tags?post=1070"}],"curies":[{"name":"wp","href":"https:\/\/api.w.org\/{rel}","templated":true}]}}