{"id":1077,"date":"2018-09-18T00:00:00","date_gmt":"2018-09-18T00:00:00","guid":{"rendered":"https:\/\/ecodef-ihedn.fr\/publication-article-de-julien-malizard-et-josselin-droff-dans-sommes-nous-en-guerre-o-entraygues-ed\/"},"modified":"2020-04-23T14:12:14","modified_gmt":"2020-04-23T14:12:14","slug":"article-de-julien-malizard-et-josselin-droff-dans-sommes-nous-en-guerre-o-entraygues-ed","status":"publish","type":"post","link":"https:\/\/ecodef-ihedn.fr\/en\/article-de-julien-malizard-et-josselin-droff-dans-sommes-nous-en-guerre-o-entraygues-ed\/","title":{"rendered":"Article by Julien Malizard and Josselin Droff in \u00abSommes nous en guerre\u00bb (O. Entraygues ed.)"},"content":{"rendered":"<h2><a href=\"https:\/\/ecodef-ihedn.fr\/wp-content\/uploads\/2020\/04\/sommes_nous_en_guerre.jpg\"><img loading=\"lazy\" decoding=\"async\" class=\"aligncenter wp-image-6404\" src=\"https:\/\/ecodef-ihedn.fr\/wp-content\/uploads\/2020\/04\/sommes_nous_en_guerre.jpg\" alt=\"\" width=\"143\" height=\"229\" \/><\/a><\/h2>\n<h2>A collective work<\/h2>\n<p style=\"text-align: justify\">In <a href=\"https:\/\/www.uppreditions.fr\/livre\/98754_sommes-nous-en-guerre\/\" target=\"_blank\" rel=\"noopener noreferrer\"><strong>\u00abAre we at war?\u00bb<\/strong><\/a>, (UPPR \u00c9ditions), Lieutenant-Colonel <a href=\"https:\/\/www.linkedin.com\/in\/olivier-entraygues-68196528\/?originalSubdomain=tr\" target=\"_blank\" rel=\"noopener noreferrer\"><strong>Olivier Entraygues<\/strong><\/a> offers a <strong>peer review<\/strong>, which focuses on <strong>two main areas for consideration:<\/strong><\/p>\n<ul>\n<li style=\"text-align: justify\">How do we know anything about war?<\/li>\n<li style=\"text-align: justify\">What intellectual tools and methods are currently used to describe the <strong>\u00abwar phenomenon<\/strong> \u00bb ?<\/li>\n<\/ul>\n<p style=\"text-align: justify\">This reflection, which stems from the author's work on his Habilitation \u00e0 diriger des recherches (HDR), has led to the proposal of a <strong>\u00abcross fertiliser\u00bb<\/strong>. The aim here is to advocate better <strong>integrating the academic and military dimensions<\/strong>. The study includes <strong>6 chapters<\/strong> and <strong>23 contributors<\/strong>.<\/p>\n<h2>With the participation of the Chair in Defence Economics<\/h2>\n<p style=\"text-align: justify\">In the Fourth Chapter, <a href=\"https:\/\/www.researchgate.net\/profile\/Julien_Malizard\" target=\"_blank\" rel=\"noopener noreferrer\"><strong>Julien Malizard<\/strong><\/a> and <a href=\"https:\/\/www.researchgate.net\/profile\/Josselin_Droff\" target=\"_blank\" rel=\"noopener noreferrer\"><strong>Josselin Droff<\/strong><\/a>, Researchers at the Chair in Defence Economics have written a paper entitled: <strong>\u00abAre we at war? An economic perspective\u00bb<\/strong>.<\/p>\n<p style=\"text-align: justify\">The authors are interested in a <strong>little studied issue<\/strong> in defence economics: the <strong>sustainability of military operations<\/strong>. France is involved in a number of <strong>field operations<\/strong> which have cost more than a billion euros a year for almost ten years. An examination of the \u00abadditional costs of OPEX\u00bb illustrates the<strong> new intervention methods<\/strong> of the armed forces. This contribution examines, from an economic point of view, the<strong> operating cost<\/strong> borne by the armies involved in these military operations, whose <strong>duration<\/strong>, l<strong>\u2018intensity<\/strong> and the\u2019<strong>scope<\/strong> have particularly increased in recent years.<\/p>\n<p style=\"text-align: justify\">Such a cost is difficult to assess because it has no economic value in itself. To assess it, we have to resort to indirect analyses, via the <strong>consequences for people and equipment<\/strong>. The authors' empirical work shows that, over the last ten years or so, the number of <strong>serious shortcomings<\/strong> This could ultimately lead to a reduction in France's military potential. This could ultimately lead to a reduction in France's military potential.<\/p>\n<ul>\n<li style=\"text-align: justify\">A summary of the ideas developed is available on the <a href=\"https:\/\/economie-defense.fr\/la-soutenabilite-des-operations-exterieures\/\" target=\"_blank\" rel=\"noopener noreferrer\"><strong>Chair in Defence Economics<\/strong><\/a>.<\/li>\n<li style=\"text-align: justify\">This contribution is the <strong>an extension of our thinking<\/strong> initiated by the authors and published in 2015 in the <a href=\"https:\/\/www.defense.gouv.fr\/content\/download\/383545\/5672508\/file\/Lettre%20IRSEM%20n%C2%B04%20-%202015.pdf\" target=\"_blank\" rel=\"noopener noreferrer\"><strong>IRSEM Newsletter n\u00b04\/2015<\/strong><\/a>. It has been the subject of several papers by the authors : <strong>Study day of the Defence Economics - Conflict Economics working group<\/strong> (Blois, April 2017), <a href=\"http:\/\/www.rma.ac.be\/deml\/21ConfEconSec\/\" target=\"_blank\" rel=\"noopener noreferrer\"><em><strong>21<sup>st<\/sup> International Conference on Economics and Security<\/strong><\/em><\/a> (Royal Military Academy, Brussels, June 2017), <a href=\"https:\/\/sites.google.com\/site\/antpietri\/ced-seminar\" target=\"_blank\" rel=\"noopener noreferrer\"><strong>IRSEM Conflict and Defence Economics Seminar<\/strong><\/a> (Paris, January 2018) and a publication in <strong><a href=\"https:\/\/www.cairn.info\/revue-les-champs-de-mars-2018-1-p-377.htm\" target=\"_blank\" rel=\"noopener noreferrer\">The Champs de Mars<\/a> <\/strong>in May 2018.<\/li>\n<\/ul>","protected":false},"excerpt":{"rendered":"<p>Un ouvrage collectif Dans \u00ab\u00a0Sommes nous en guerre?\u00a0\u00bb, (UPPR \u00c9ditions) le Lieutenant-Colonel Olivier Entraygues propose une \u00e9tude coll\u00e9giale, qui s&rsquo;articule autour de deux grands axes de r\u00e9flexion: Comment sait-on quelque chose sur la guerre ? Quels sont les outils intellectuels, la ou les m\u00e9thodes actuelles pour d\u00e9crire le \u00ab ph\u00e9nom\u00e8ne guerre \u00bb ? Cette r\u00e9flexion, [&hellip;]<\/p>\n","protected":false},"author":1,"featured_media":1078,"comment_status":"open","ping_status":"open","sticky":false,"template":"","format":"standard","meta":{"footnotes":""},"categories":[350,352,354],"tags":[185,162,47,121,109,110,111,125],"class_list":{"0":"post-1077","1":"post","2":"type-post","3":"status-publish","4":"format-standard","5":"has-post-thumbnail","7":"category-publications","8":"category-thematique-2-determinants-et-impacts-de-la-depense-de-defense","9":"category-thematique-4-mco","10":"tag-armee","11":"tag-chaire-economie-de-defense","12":"tag-economie-de-defense","13":"tag-operations-exterieures","14":"tag-opex","15":"tag-publications","16":"tag-soutenabilite-des-conflits","17":"tag-soutenabilite-des-operations-militaires"},"yoast_head":"<!-- This site is optimized with the Yoast SEO plugin v27.4 - https:\/\/yoast.com\/product\/yoast-seo-wordpress\/ -->\n<title>Article de Julien Malizard et Josselin Droff dans &quot;Sommes nous en guerre?&quot; (O. Entraygues ed.) - Chaire \u00c9conomie de d\u00e9fense - IHEDN<\/title>\n<meta name=\"robots\" content=\"index, follow, max-snippet:-1, max-image-preview:large, max-video-preview:-1\" \/>\n<link rel=\"canonical\" href=\"https:\/\/ecodef-ihedn.fr\/en\/article-de-julien-malizard-et-josselin-droff-dans-sommes-nous-en-guerre-o-entraygues-ed\/\" \/>\n<meta property=\"og:locale\" content=\"en_GB\" \/>\n<meta property=\"og:type\" content=\"article\" \/>\n<meta property=\"og:title\" content=\"Article de Julien Malizard et Josselin Droff dans &quot;Sommes nous en guerre?&quot; (O. Entraygues ed.) - Chaire \u00c9conomie de d\u00e9fense - IHEDN\" \/>\n<meta property=\"og:description\" content=\"Un ouvrage collectif Dans \u00ab\u00a0Sommes nous en guerre?\u00a0\u00bb, (UPPR \u00c9ditions) le Lieutenant-Colonel Olivier Entraygues propose une \u00e9tude coll\u00e9giale, qui s&rsquo;articule autour de deux grands axes de r\u00e9flexion: Comment sait-on quelque chose sur la guerre ? Quels sont les outils intellectuels, la ou les m\u00e9thodes actuelles pour d\u00e9crire le \u00ab ph\u00e9nom\u00e8ne guerre \u00bb ? Cette r\u00e9flexion, [&hellip;]\" \/>\n<meta property=\"og:url\" content=\"https:\/\/ecodef-ihedn.fr\/en\/article-de-julien-malizard-et-josselin-droff-dans-sommes-nous-en-guerre-o-entraygues-ed\/\" \/>\n<meta property=\"og:site_name\" content=\"Chaire \u00c9conomie de d\u00e9fense - IHEDN\" \/>\n<meta property=\"article:published_time\" content=\"2018-09-18T00:00:00+00:00\" \/>\n<meta property=\"article:modified_time\" content=\"2020-04-23T14:12:14+00:00\" \/>\n<meta property=\"og:image\" content=\"https:\/\/ecodef-ihedn.fr\/wp-content\/uploads\/2020\/04\/sommes_nous_en_guerre.jpg\" \/>\n\t<meta property=\"og:image:width\" content=\"219\" \/>\n\t<meta property=\"og:image:height\" content=\"350\" \/>\n\t<meta property=\"og:image:type\" content=\"image\/jpeg\" \/>\n<meta name=\"author\" content=\"dev\" \/>\n<meta name=\"twitter:card\" content=\"summary_large_image\" \/>\n<meta name=\"twitter:creator\" content=\"@Chaire_Ecodef\" \/>\n<meta name=\"twitter:site\" content=\"@Chaire_Ecodef\" \/>\n<meta name=\"twitter:label1\" content=\"Written by\" \/>\n\t<meta name=\"twitter:data1\" content=\"dev\" \/>\n\t<meta name=\"twitter:label2\" content=\"Estimated reading time\" \/>\n\t<meta name=\"twitter:data2\" content=\"2 minutes\" \/>\n<script type=\"application\/ld+json\" class=\"yoast-schema-graph\">{\"@context\":\"https:\\\/\\\/schema.org\",\"@graph\":[{\"@type\":\"Article\",\"@id\":\"https:\\\/\\\/ecodef-ihedn.fr\\\/article-de-julien-malizard-et-josselin-droff-dans-sommes-nous-en-guerre-o-entraygues-ed\\\/#article\",\"isPartOf\":{\"@id\":\"https:\\\/\\\/ecodef-ihedn.fr\\\/article-de-julien-malizard-et-josselin-droff-dans-sommes-nous-en-guerre-o-entraygues-ed\\\/\"},\"author\":{\"name\":\"dev\",\"@id\":\"https:\\\/\\\/ecodef-ihedn.fr\\\/#\\\/schema\\\/person\\\/7b3f1a2d8fd336e0be2f9ff63ff0ebbc\"},\"headline\":\"Article de Julien Malizard et Josselin Droff dans \u00ab\u00a0Sommes nous en guerre?\u00a0\u00bb (O. Entraygues ed.)\",\"datePublished\":\"2018-09-18T00:00:00+00:00\",\"dateModified\":\"2020-04-23T14:12:14+00:00\",\"mainEntityOfPage\":{\"@id\":\"https:\\\/\\\/ecodef-ihedn.fr\\\/article-de-julien-malizard-et-josselin-droff-dans-sommes-nous-en-guerre-o-entraygues-ed\\\/\"},\"wordCount\":460,\"commentCount\":0,\"publisher\":{\"@id\":\"https:\\\/\\\/ecodef-ihedn.fr\\\/#organization\"},\"image\":{\"@id\":\"https:\\\/\\\/ecodef-ihedn.fr\\\/article-de-julien-malizard-et-josselin-droff-dans-sommes-nous-en-guerre-o-entraygues-ed\\\/#primaryimage\"},\"thumbnailUrl\":\"https:\\\/\\\/ecodef-ihedn.fr\\\/wp-content\\\/uploads\\\/2020\\\/04\\\/sommes_nous_en_guerre.jpg\",\"keywords\":[\"arm\u00e9e\",\"chaire \u00e9conomie de d\u00e9fense\",\"\u00e9conomie de d\u00e9fense\",\"Op\u00e9rations ext\u00e9rieures\",\"OPEX\",\"Publications\",\"soutenabilit\u00e9 des conflits\",\"Soutenabilit\u00e9 des op\u00e9rations militaires\"],\"articleSection\":[\"Publications\",\"Th\u00e9matique 2 : d\u00e9terminants et impacts de la d\u00e9pense de d\u00e9fense\",\"Th\u00e9matique 4 : MCO\"],\"inLanguage\":\"en-GB\",\"potentialAction\":[{\"@type\":\"CommentAction\",\"name\":\"Comment\",\"target\":[\"https:\\\/\\\/ecodef-ihedn.fr\\\/article-de-julien-malizard-et-josselin-droff-dans-sommes-nous-en-guerre-o-entraygues-ed\\\/#respond\"]}]},{\"@type\":\"WebPage\",\"@id\":\"https:\\\/\\\/ecodef-ihedn.fr\\\/article-de-julien-malizard-et-josselin-droff-dans-sommes-nous-en-guerre-o-entraygues-ed\\\/\",\"url\":\"https:\\\/\\\/ecodef-ihedn.fr\\\/article-de-julien-malizard-et-josselin-droff-dans-sommes-nous-en-guerre-o-entraygues-ed\\\/\",\"name\":\"Article de Julien Malizard et Josselin Droff dans \\\"Sommes nous en guerre?\\\" (O. Entraygues ed.) - Chaire \u00c9conomie de d\u00e9fense - IHEDN\",\"isPartOf\":{\"@id\":\"https:\\\/\\\/ecodef-ihedn.fr\\\/#website\"},\"primaryImageOfPage\":{\"@id\":\"https:\\\/\\\/ecodef-ihedn.fr\\\/article-de-julien-malizard-et-josselin-droff-dans-sommes-nous-en-guerre-o-entraygues-ed\\\/#primaryimage\"},\"image\":{\"@id\":\"https:\\\/\\\/ecodef-ihedn.fr\\\/article-de-julien-malizard-et-josselin-droff-dans-sommes-nous-en-guerre-o-entraygues-ed\\\/#primaryimage\"},\"thumbnailUrl\":\"https:\\\/\\\/ecodef-ihedn.fr\\\/wp-content\\\/uploads\\\/2020\\\/04\\\/sommes_nous_en_guerre.jpg\",\"datePublished\":\"2018-09-18T00:00:00+00:00\",\"dateModified\":\"2020-04-23T14:12:14+00:00\",\"breadcrumb\":{\"@id\":\"https:\\\/\\\/ecodef-ihedn.fr\\\/article-de-julien-malizard-et-josselin-droff-dans-sommes-nous-en-guerre-o-entraygues-ed\\\/#breadcrumb\"},\"inLanguage\":\"en-GB\",\"potentialAction\":[{\"@type\":\"ReadAction\",\"target\":[\"https:\\\/\\\/ecodef-ihedn.fr\\\/article-de-julien-malizard-et-josselin-droff-dans-sommes-nous-en-guerre-o-entraygues-ed\\\/\"]}]},{\"@type\":\"ImageObject\",\"inLanguage\":\"en-GB\",\"@id\":\"https:\\\/\\\/ecodef-ihedn.fr\\\/article-de-julien-malizard-et-josselin-droff-dans-sommes-nous-en-guerre-o-entraygues-ed\\\/#primaryimage\",\"url\":\"https:\\\/\\\/ecodef-ihedn.fr\\\/wp-content\\\/uploads\\\/2020\\\/04\\\/sommes_nous_en_guerre.jpg\",\"contentUrl\":\"https:\\\/\\\/ecodef-ihedn.fr\\\/wp-content\\\/uploads\\\/2020\\\/04\\\/sommes_nous_en_guerre.jpg\",\"width\":219,\"height\":350},{\"@type\":\"BreadcrumbList\",\"@id\":\"https:\\\/\\\/ecodef-ihedn.fr\\\/article-de-julien-malizard-et-josselin-droff-dans-sommes-nous-en-guerre-o-entraygues-ed\\\/#breadcrumb\",\"itemListElement\":[{\"@type\":\"ListItem\",\"position\":1,\"name\":\"Accueil\",\"item\":\"https:\\\/\\\/ecodef-ihedn.fr\\\/\"},{\"@type\":\"ListItem\",\"position\":2,\"name\":\"Article de Julien Malizard et Josselin Droff dans &#8220;Sommes nous en guerre?&#8221; (O. Entraygues ed.)\"}]},{\"@type\":\"WebSite\",\"@id\":\"https:\\\/\\\/ecodef-ihedn.fr\\\/#website\",\"url\":\"https:\\\/\\\/ecodef-ihedn.fr\\\/\",\"name\":\"Chaire \u00c9conomie de D\u00e9fense - IHEDN\",\"description\":\"Produire &amp; soutenir, f\u00e9d\u00e9rer &amp; diffuser, \u00eatre une interface\",\"publisher\":{\"@id\":\"https:\\\/\\\/ecodef-ihedn.fr\\\/#organization\"},\"potentialAction\":[{\"@type\":\"SearchAction\",\"target\":{\"@type\":\"EntryPoint\",\"urlTemplate\":\"https:\\\/\\\/ecodef-ihedn.fr\\\/?s={search_term_string}\"},\"query-input\":{\"@type\":\"PropertyValueSpecification\",\"valueRequired\":true,\"valueName\":\"search_term_string\"}}],\"inLanguage\":\"en-GB\"},{\"@type\":\"Organization\",\"@id\":\"https:\\\/\\\/ecodef-ihedn.fr\\\/#organization\",\"name\":\"Chaire \u00c9conomie de d\u00e9fense - IHEDN\",\"url\":\"https:\\\/\\\/ecodef-ihedn.fr\\\/\",\"logo\":{\"@type\":\"ImageObject\",\"inLanguage\":\"en-GB\",\"@id\":\"https:\\\/\\\/ecodef-ihedn.fr\\\/#\\\/schema\\\/logo\\\/image\\\/\",\"url\":\"https:\\\/\\\/ecodef-ihedn.fr\\\/wp-content\\\/uploads\\\/2020\\\/04\\\/logoEcodef9.jpg\",\"contentUrl\":\"https:\\\/\\\/ecodef-ihedn.fr\\\/wp-content\\\/uploads\\\/2020\\\/04\\\/logoEcodef9.jpg\",\"width\":410,\"height\":212,\"caption\":\"Chaire \u00c9conomie de d\u00e9fense - IHEDN\"},\"image\":{\"@id\":\"https:\\\/\\\/ecodef-ihedn.fr\\\/#\\\/schema\\\/logo\\\/image\\\/\"},\"sameAs\":[\"https:\\\/\\\/x.com\\\/Chaire_Ecodef\",\"https:\\\/\\\/www.linkedin.com\\\/company\\\/chaire-ecodef-ihedn\\\/\"]},{\"@type\":\"Person\",\"@id\":\"https:\\\/\\\/ecodef-ihedn.fr\\\/#\\\/schema\\\/person\\\/7b3f1a2d8fd336e0be2f9ff63ff0ebbc\",\"name\":\"dev\",\"image\":{\"@type\":\"ImageObject\",\"inLanguage\":\"en-GB\",\"@id\":\"https:\\\/\\\/secure.gravatar.com\\\/avatar\\\/f1ffcac9ca2fa95ad3ec33e9be3ade82f752acb0cabe541e56c5889225afa88a?s=96&d=mm&r=g\",\"url\":\"https:\\\/\\\/secure.gravatar.com\\\/avatar\\\/f1ffcac9ca2fa95ad3ec33e9be3ade82f752acb0cabe541e56c5889225afa88a?s=96&d=mm&r=g\",\"contentUrl\":\"https:\\\/\\\/secure.gravatar.com\\\/avatar\\\/f1ffcac9ca2fa95ad3ec33e9be3ade82f752acb0cabe541e56c5889225afa88a?s=96&d=mm&r=g\",\"caption\":\"dev\"},\"url\":\"https:\\\/\\\/ecodef-ihedn.fr\\\/en\\\/author\\\/dev\\\/\"}]}<\/script>\n<!-- \/ Yoast SEO plugin. -->","yoast_head_json":{"title":"Article de Julien Malizard et Josselin Droff dans \"Sommes nous en guerre?\" (O. Entraygues ed.) - Chaire \u00c9conomie de d\u00e9fense - IHEDN","robots":{"index":"index","follow":"follow","max-snippet":"max-snippet:-1","max-image-preview":"max-image-preview:large","max-video-preview":"max-video-preview:-1"},"canonical":"https:\/\/ecodef-ihedn.fr\/en\/article-de-julien-malizard-et-josselin-droff-dans-sommes-nous-en-guerre-o-entraygues-ed\/","og_locale":"en_GB","og_type":"article","og_title":"Article de Julien Malizard et Josselin Droff dans \"Sommes nous en guerre?\" (O. Entraygues ed.) - Chaire \u00c9conomie de d\u00e9fense - IHEDN","og_description":"Un ouvrage collectif Dans \u00ab\u00a0Sommes nous en guerre?\u00a0\u00bb, (UPPR \u00c9ditions) le Lieutenant-Colonel Olivier Entraygues propose une \u00e9tude coll\u00e9giale, qui s&rsquo;articule autour de deux grands axes de r\u00e9flexion: Comment sait-on quelque chose sur la guerre ? Quels sont les outils intellectuels, la ou les m\u00e9thodes actuelles pour d\u00e9crire le \u00ab ph\u00e9nom\u00e8ne guerre \u00bb ? Cette r\u00e9flexion, [&hellip;]","og_url":"https:\/\/ecodef-ihedn.fr\/en\/article-de-julien-malizard-et-josselin-droff-dans-sommes-nous-en-guerre-o-entraygues-ed\/","og_site_name":"Chaire \u00c9conomie de d\u00e9fense - IHEDN","article_published_time":"2018-09-18T00:00:00+00:00","article_modified_time":"2020-04-23T14:12:14+00:00","og_image":[{"width":219,"height":350,"url":"https:\/\/ecodef-ihedn.fr\/wp-content\/uploads\/2020\/04\/sommes_nous_en_guerre.jpg","type":"image\/jpeg"}],"author":"dev","twitter_card":"summary_large_image","twitter_creator":"@Chaire_Ecodef","twitter_site":"@Chaire_Ecodef","twitter_misc":{"Written by":"dev","Estimated reading time":"2 minutes"},"schema":{"@context":"https:\/\/schema.org","@graph":[{"@type":"Article","@id":"https:\/\/ecodef-ihedn.fr\/article-de-julien-malizard-et-josselin-droff-dans-sommes-nous-en-guerre-o-entraygues-ed\/#article","isPartOf":{"@id":"https:\/\/ecodef-ihedn.fr\/article-de-julien-malizard-et-josselin-droff-dans-sommes-nous-en-guerre-o-entraygues-ed\/"},"author":{"name":"dev","@id":"https:\/\/ecodef-ihedn.fr\/#\/schema\/person\/7b3f1a2d8fd336e0be2f9ff63ff0ebbc"},"headline":"Article de Julien Malizard et Josselin Droff dans \u00ab\u00a0Sommes nous en guerre?\u00a0\u00bb (O. Entraygues ed.)","datePublished":"2018-09-18T00:00:00+00:00","dateModified":"2020-04-23T14:12:14+00:00","mainEntityOfPage":{"@id":"https:\/\/ecodef-ihedn.fr\/article-de-julien-malizard-et-josselin-droff-dans-sommes-nous-en-guerre-o-entraygues-ed\/"},"wordCount":460,"commentCount":0,"publisher":{"@id":"https:\/\/ecodef-ihedn.fr\/#organization"},"image":{"@id":"https:\/\/ecodef-ihedn.fr\/article-de-julien-malizard-et-josselin-droff-dans-sommes-nous-en-guerre-o-entraygues-ed\/#primaryimage"},"thumbnailUrl":"https:\/\/ecodef-ihedn.fr\/wp-content\/uploads\/2020\/04\/sommes_nous_en_guerre.jpg","keywords":["arm\u00e9e","chaire \u00e9conomie de d\u00e9fense","\u00e9conomie de d\u00e9fense","Op\u00e9rations ext\u00e9rieures","OPEX","Publications","soutenabilit\u00e9 des conflits","Soutenabilit\u00e9 des op\u00e9rations militaires"],"articleSection":["Publications","Th\u00e9matique 2 : d\u00e9terminants et impacts de la d\u00e9pense de d\u00e9fense","Th\u00e9matique 4 : MCO"],"inLanguage":"en-GB","potentialAction":[{"@type":"CommentAction","name":"Comment","target":["https:\/\/ecodef-ihedn.fr\/article-de-julien-malizard-et-josselin-droff-dans-sommes-nous-en-guerre-o-entraygues-ed\/#respond"]}]},{"@type":"WebPage","@id":"https:\/\/ecodef-ihedn.fr\/article-de-julien-malizard-et-josselin-droff-dans-sommes-nous-en-guerre-o-entraygues-ed\/","url":"https:\/\/ecodef-ihedn.fr\/article-de-julien-malizard-et-josselin-droff-dans-sommes-nous-en-guerre-o-entraygues-ed\/","name":"Article de Julien Malizard et Josselin Droff dans \"Sommes nous en guerre?\" (O. Entraygues ed.) - Chaire \u00c9conomie de d\u00e9fense - IHEDN","isPartOf":{"@id":"https:\/\/ecodef-ihedn.fr\/#website"},"primaryImageOfPage":{"@id":"https:\/\/ecodef-ihedn.fr\/article-de-julien-malizard-et-josselin-droff-dans-sommes-nous-en-guerre-o-entraygues-ed\/#primaryimage"},"image":{"@id":"https:\/\/ecodef-ihedn.fr\/article-de-julien-malizard-et-josselin-droff-dans-sommes-nous-en-guerre-o-entraygues-ed\/#primaryimage"},"thumbnailUrl":"https:\/\/ecodef-ihedn.fr\/wp-content\/uploads\/2020\/04\/sommes_nous_en_guerre.jpg","datePublished":"2018-09-18T00:00:00+00:00","dateModified":"2020-04-23T14:12:14+00:00","breadcrumb":{"@id":"https:\/\/ecodef-ihedn.fr\/article-de-julien-malizard-et-josselin-droff-dans-sommes-nous-en-guerre-o-entraygues-ed\/#breadcrumb"},"inLanguage":"en-GB","potentialAction":[{"@type":"ReadAction","target":["https:\/\/ecodef-ihedn.fr\/article-de-julien-malizard-et-josselin-droff-dans-sommes-nous-en-guerre-o-entraygues-ed\/"]}]},{"@type":"ImageObject","inLanguage":"en-GB","@id":"https:\/\/ecodef-ihedn.fr\/article-de-julien-malizard-et-josselin-droff-dans-sommes-nous-en-guerre-o-entraygues-ed\/#primaryimage","url":"https:\/\/ecodef-ihedn.fr\/wp-content\/uploads\/2020\/04\/sommes_nous_en_guerre.jpg","contentUrl":"https:\/\/ecodef-ihedn.fr\/wp-content\/uploads\/2020\/04\/sommes_nous_en_guerre.jpg","width":219,"height":350},{"@type":"BreadcrumbList","@id":"https:\/\/ecodef-ihedn.fr\/article-de-julien-malizard-et-josselin-droff-dans-sommes-nous-en-guerre-o-entraygues-ed\/#breadcrumb","itemListElement":[{"@type":"ListItem","position":1,"name":"Accueil","item":"https:\/\/ecodef-ihedn.fr\/"},{"@type":"ListItem","position":2,"name":"Article de Julien Malizard et Josselin Droff dans &#8220;Sommes nous en guerre?&#8221; (O. Entraygues ed.)"}]},{"@type":"WebSite","@id":"https:\/\/ecodef-ihedn.fr\/#website","url":"https:\/\/ecodef-ihedn.fr\/","name":"Chair in Defence Economics - IHEDN","description":"Produce &amp; support, federate &amp; disseminate, act as an interface","publisher":{"@id":"https:\/\/ecodef-ihedn.fr\/#organization"},"potentialAction":[{"@type":"SearchAction","target":{"@type":"EntryPoint","urlTemplate":"https:\/\/ecodef-ihedn.fr\/?s={search_term_string}"},"query-input":{"@type":"PropertyValueSpecification","valueRequired":true,"valueName":"search_term_string"}}],"inLanguage":"en-GB"},{"@type":"Organization","@id":"https:\/\/ecodef-ihedn.fr\/#organization","name":"Chair in Defence Economics - IHEDN","url":"https:\/\/ecodef-ihedn.fr\/","logo":{"@type":"ImageObject","inLanguage":"en-GB","@id":"https:\/\/ecodef-ihedn.fr\/#\/schema\/logo\/image\/","url":"https:\/\/ecodef-ihedn.fr\/wp-content\/uploads\/2020\/04\/logoEcodef9.jpg","contentUrl":"https:\/\/ecodef-ihedn.fr\/wp-content\/uploads\/2020\/04\/logoEcodef9.jpg","width":410,"height":212,"caption":"Chaire \u00c9conomie de d\u00e9fense - IHEDN"},"image":{"@id":"https:\/\/ecodef-ihedn.fr\/#\/schema\/logo\/image\/"},"sameAs":["https:\/\/x.com\/Chaire_Ecodef","https:\/\/www.linkedin.com\/company\/chaire-ecodef-ihedn\/"]},{"@type":"Person","@id":"https:\/\/ecodef-ihedn.fr\/#\/schema\/person\/7b3f1a2d8fd336e0be2f9ff63ff0ebbc","name":"dev","image":{"@type":"ImageObject","inLanguage":"en-GB","@id":"https:\/\/secure.gravatar.com\/avatar\/f1ffcac9ca2fa95ad3ec33e9be3ade82f752acb0cabe541e56c5889225afa88a?s=96&d=mm&r=g","url":"https:\/\/secure.gravatar.com\/avatar\/f1ffcac9ca2fa95ad3ec33e9be3ade82f752acb0cabe541e56c5889225afa88a?s=96&d=mm&r=g","contentUrl":"https:\/\/secure.gravatar.com\/avatar\/f1ffcac9ca2fa95ad3ec33e9be3ade82f752acb0cabe541e56c5889225afa88a?s=96&d=mm&r=g","caption":"dev"},"url":"https:\/\/ecodef-ihedn.fr\/en\/author\/dev\/"}]}},"_links":{"self":[{"href":"https:\/\/ecodef-ihedn.fr\/en\/wp-json\/wp\/v2\/posts\/1077","targetHints":{"allow":["GET"]}}],"collection":[{"href":"https:\/\/ecodef-ihedn.fr\/en\/wp-json\/wp\/v2\/posts"}],"about":[{"href":"https:\/\/ecodef-ihedn.fr\/en\/wp-json\/wp\/v2\/types\/post"}],"author":[{"embeddable":true,"href":"https:\/\/ecodef-ihedn.fr\/en\/wp-json\/wp\/v2\/users\/1"}],"replies":[{"embeddable":true,"href":"https:\/\/ecodef-ihedn.fr\/en\/wp-json\/wp\/v2\/comments?post=1077"}],"version-history":[{"count":3,"href":"https:\/\/ecodef-ihedn.fr\/en\/wp-json\/wp\/v2\/posts\/1077\/revisions"}],"predecessor-version":[{"id":1548,"href":"https:\/\/ecodef-ihedn.fr\/en\/wp-json\/wp\/v2\/posts\/1077\/revisions\/1548"}],"wp:featuredmedia":[{"embeddable":true,"href":"https:\/\/ecodef-ihedn.fr\/en\/wp-json\/wp\/v2\/media\/1078"}],"wp:attachment":[{"href":"https:\/\/ecodef-ihedn.fr\/en\/wp-json\/wp\/v2\/media?parent=1077"}],"wp:term":[{"taxonomy":"category","embeddable":true,"href":"https:\/\/ecodef-ihedn.fr\/en\/wp-json\/wp\/v2\/categories?post=1077"},{"taxonomy":"post_tag","embeddable":true,"href":"https:\/\/ecodef-ihedn.fr\/en\/wp-json\/wp\/v2\/tags?post=1077"}],"curies":[{"name":"wp","href":"https:\/\/api.w.org\/{rel}","templated":true}]}}