{"id":1079,"date":"2018-09-19T00:00:00","date_gmt":"2018-09-19T00:00:00","guid":{"rendered":"https:\/\/ecodef-ihedn.fr\/ads-show-2018-a-bordeaux-animation-dune-table-ronde-par-jean-belin-sur-leconomie-du-mco\/"},"modified":"2020-04-09T11:48:38","modified_gmt":"2020-04-09T11:48:38","slug":"ads-show-2018-a-bordeaux-animation-dune-table-ronde-par-jean-belin-sur-leconomie-du-mco","status":"publish","type":"post","link":"https:\/\/ecodef-ihedn.fr\/en\/ads-show-2018-a-bordeaux-animation-dune-table-ronde-par-jean-belin-sur-leconomie-du-mco\/","title":{"rendered":"ADS Show 2018 in Bordeaux: Jean Belin moderates a round-table discussion on the economics of the MCO sector"},"content":{"rendered":"<p><a href=\"https:\/\/ecodef-ihedn.fr\/wp-content\/uploads\/2020\/04\/ads_show.jpg\"><img loading=\"lazy\" decoding=\"async\" class=\"aligncenter size-full wp-image-6062\" src=\"https:\/\/ecodef-ihedn.fr\/wp-content\/uploads\/2020\/04\/ads_show.jpg\" alt=\"\" width=\"654\" height=\"317\" \/><\/a><\/p>\n<h2>ADS Show 2018 in Bordeaux (BA 106)<\/h2>\n<p style=\"text-align: justify\">The <strong>26-27 September 2018<\/strong>, All the players in the MCO and associated services are working together in the <strong>BA 106 at Bordeaux-M\u00e9rignac<\/strong> to present their offers to the main <strong>national and European civil and defence contractors<\/strong>.<\/p>\n<p style=\"text-align: justify\">From <strong>MCO experts<\/strong> meet to discuss the \u00abnew battles of the MCO\u00bb through a series of <strong>conferences and round tables <\/strong>:<\/p>\n<ul>\n<li>Transformation of Aero MCO in the Armed Forces<\/li>\n<li>The economics of MRO and its impact on Aero MCO<\/li>\n<li>Technological and digital transformation of the Aero MCO<\/li>\n<li>MCO A\u00e9ro, a factor in European defence<\/li>\n<li>MCO, training and export of air weapons systems<\/li>\n<\/ul>\n<p style=\"text-align: justify\"><a href=\"http:\/\/gretha.u-bordeaux.fr\/fr\/members\/belin-jean\" target=\"_blank\" rel=\"noopener noreferrer\"><strong>Jean Belin<\/strong><\/a>, holder of the <strong>Chair in Defence Economics<\/strong> will host a round table discussion on <strong>Wednesday 26 September<\/strong> about\u00ab\u00a0<strong>The economics of MRO and its impact on Aero MCO<\/strong>\u00ab\u00a0.<\/p>\n<p>For more information on ADS show 2018, <a href=\"http:\/\/www.adsshow.eu\/\" target=\"_blank\" rel=\"noopener noreferrer\"><strong>click here<\/strong><\/a>.<\/p>\n<h2>Work of the Defence Economics Chair on MCO<\/h2>\n<ul>\n<li style=\"text-align: justify\">For a summary of <strong>the challenges of defence equipment MCO<\/strong>, consult the <a href=\"https:\/\/economie-defense.fr\/newsletters\/\" target=\"_blank\" rel=\"noopener noreferrer\">Newsletter N\u00b04<\/a> Chair in Defence Economics.<\/li>\n<li>For <strong>more information on the MCO theme<\/strong>, please consult:\n<ul>\n<li style=\"text-align: justify\">La <a href=\"https:\/\/tel.archives-ouvertes.fr\/tel-01089240\/file\/These-2013-EDSM-Sciences_economiques-DROFF_Josselin.pdf\" target=\"_blank\" rel=\"noopener noreferrer\">doctoral thesis<\/a> in economics from <a href=\"https:\/\/www.researchgate.net\/profile\/Josselin_Droff\" target=\"_blank\" rel=\"noopener noreferrer\"><strong>Josselin Droff<\/strong><\/a>, a researcher at the Chair (defended in November<strong> 2013<\/strong>).<\/li>\n<li style=\"text-align: justify\">An article by <strong>Josselin Droff<\/strong>\u00a0 published in <strong>2014<\/strong> in the <a href=\"https:\/\/www.cairn.info\/revue-journal-of-innovation-economics.htm\" target=\"_blank\" rel=\"noopener noreferrer\"><em>Journal of Innovation Economics &amp; Management<\/em><\/a> and entitled: \u00ab\u00a0<a href=\"https:\/\/www.cairn.info\/revue-journal-of-innovation-economics-2013-2-p-79.htm\" target=\"_blank\" rel=\"noopener noreferrer\">Technological change and disruptive trends in the support of defence systems in France<\/a>\u00ab\u00a0.<\/li>\n<li style=\"text-align: justify\">An article by <strong>Josselin Droff<\/strong> (in collaboration with <strong>R. Bellais<\/strong>) published in <strong>2016<\/strong> in the magazine <a href=\"https:\/\/www.tandfonline.com\/loi\/cdan20\" target=\"_blank\" rel=\"noopener noreferrer\"><em>Defense and Security Analysis<\/em><\/a> and entitled: \u00ab\u00a0<a href=\"https:\/\/www.tandfonline.com\/doi\/abs\/10.1080\/14751798.2015.1130315\" target=\"_blank\" rel=\"noopener noreferrer\">Fleet management in European integration: The case of military helicopters support<\/a>\u00ab\u00a0.<\/li>\n<li style=\"text-align: justify\">An article by <strong>Josselin Droff<\/strong> (in collaboration with <strong>C. Baumont<\/strong> and <strong>A. Barra<\/strong>) published in<strong> 2018<\/strong> in the magazine <a href=\"https:\/\/www.tandfonline.com\/action\/journalInformation?show=aimsScope&amp;journalCode=gdpe20\" target=\"_blank\" rel=\"noopener noreferrer\"><em>Defence and Peace Economics<\/em><\/a> and entitled: \u00ab\u00a0<a href=\"https:\/\/www.tandfonline.com\/doi\/full\/10.1080\/10242694.2018.1461791\" target=\"_blank\" rel=\"noopener noreferrer\">The organization of the Defense support system: an economic geography perspective<\/a>\u00ab\u00a0.<\/li>\n<\/ul>\n<\/li>\n<\/ul>\n<p>&nbsp;<\/p>","protected":false},"excerpt":{"rendered":"<p>ADS Show 2018 \u00e0 Bordeaux (BA 106) Les 26-27 septembre 2018, l&rsquo;ensemble des acteurs du MCO et des services associ\u00e9s se rejoignent au sein de la BA 106 de Bordeaux-M\u00e9rignac afin de pr\u00e9senter leurs offres aux principaux donneurs d\u2019ordres civils et D\u00e9fense nationaux et Europ\u00e9ens. Des experts du MCO se donnent rendez-vous pour d\u00e9battre des [&hellip;]<\/p>\n","protected":false},"author":1,"featured_media":1080,"comment_status":"open","ping_status":"open","sticky":false,"template":"","format":"standard","meta":{"footnotes":""},"categories":[356],"tags":[97,187,72,149,92,188,93,99,189],"class_list":{"0":"post-1079","1":"post","2":"type-post","3":"status-publish","4":"format-standard","5":"has-post-thumbnail","7":"category-activites-participation-de-la-chaire-a-un-evenement","8":"tag-ads-show","9":"tag-aerospace","10":"tag-armees","11":"tag-industrie-de-defense","12":"tag-maintenance","13":"tag-maintien-en-condition-operationnelle","14":"tag-mco","15":"tag-mro","16":"tag-soutien"},"yoast_head":"<!-- This site is optimized with the Yoast SEO plugin v27.4 - https:\/\/yoast.com\/product\/yoast-seo-wordpress\/ -->\n<title>ADS Show 2018 \u00e0 Bordeaux: animation d&#039;une table-ronde par Jean Belin sur l&#039;\u00e9conomie du MCO - Chaire \u00c9conomie de d\u00e9fense - IHEDN<\/title>\n<meta name=\"robots\" content=\"index, follow, max-snippet:-1, max-image-preview:large, max-video-preview:-1\" \/>\n<link rel=\"canonical\" href=\"https:\/\/ecodef-ihedn.fr\/en\/ads-show-2018-a-bordeaux-animation-dune-table-ronde-par-jean-belin-sur-leconomie-du-mco\/\" \/>\n<meta property=\"og:locale\" content=\"en_GB\" \/>\n<meta property=\"og:type\" content=\"article\" \/>\n<meta property=\"og:title\" content=\"ADS Show 2018 \u00e0 Bordeaux: animation d&#039;une table-ronde par Jean Belin sur l&#039;\u00e9conomie du MCO - Chaire \u00c9conomie de d\u00e9fense - IHEDN\" \/>\n<meta property=\"og:description\" content=\"ADS Show 2018 \u00e0 Bordeaux (BA 106) Les 26-27 septembre 2018, l&rsquo;ensemble des acteurs du MCO et des services associ\u00e9s se rejoignent au sein de la BA 106 de Bordeaux-M\u00e9rignac afin de pr\u00e9senter leurs offres aux principaux donneurs d\u2019ordres civils et D\u00e9fense nationaux et Europ\u00e9ens. Des experts du MCO se donnent rendez-vous pour d\u00e9battre des [&hellip;]\" \/>\n<meta property=\"og:url\" content=\"https:\/\/ecodef-ihedn.fr\/en\/ads-show-2018-a-bordeaux-animation-dune-table-ronde-par-jean-belin-sur-leconomie-du-mco\/\" \/>\n<meta property=\"og:site_name\" content=\"Chaire \u00c9conomie de d\u00e9fense - IHEDN\" \/>\n<meta property=\"article:published_time\" content=\"2018-09-19T00:00:00+00:00\" \/>\n<meta property=\"article:modified_time\" content=\"2020-04-09T11:48:38+00:00\" \/>\n<meta property=\"og:image\" content=\"https:\/\/ecodef-ihedn.fr\/wp-content\/uploads\/2020\/04\/ads_show.jpg\" \/>\n\t<meta property=\"og:image:width\" content=\"654\" \/>\n\t<meta property=\"og:image:height\" content=\"317\" \/>\n\t<meta property=\"og:image:type\" content=\"image\/jpeg\" \/>\n<meta name=\"author\" content=\"dev\" \/>\n<meta name=\"twitter:card\" content=\"summary_large_image\" \/>\n<meta name=\"twitter:creator\" content=\"@Chaire_Ecodef\" \/>\n<meta name=\"twitter:site\" content=\"@Chaire_Ecodef\" \/>\n<meta name=\"twitter:label1\" content=\"Written by\" \/>\n\t<meta name=\"twitter:data1\" content=\"dev\" \/>\n\t<meta name=\"twitter:label2\" content=\"Estimated reading time\" \/>\n\t<meta name=\"twitter:data2\" content=\"2 minutes\" \/>\n<script type=\"application\/ld+json\" class=\"yoast-schema-graph\">{\"@context\":\"https:\\\/\\\/schema.org\",\"@graph\":[{\"@type\":\"Article\",\"@id\":\"https:\\\/\\\/ecodef-ihedn.fr\\\/ads-show-2018-a-bordeaux-animation-dune-table-ronde-par-jean-belin-sur-leconomie-du-mco\\\/#article\",\"isPartOf\":{\"@id\":\"https:\\\/\\\/ecodef-ihedn.fr\\\/ads-show-2018-a-bordeaux-animation-dune-table-ronde-par-jean-belin-sur-leconomie-du-mco\\\/\"},\"author\":{\"name\":\"dev\",\"@id\":\"https:\\\/\\\/ecodef-ihedn.fr\\\/#\\\/schema\\\/person\\\/7b3f1a2d8fd336e0be2f9ff63ff0ebbc\"},\"headline\":\"ADS Show 2018 \u00e0 Bordeaux: animation d&rsquo;une table-ronde par Jean Belin sur l&rsquo;\u00e9conomie du MCO\",\"datePublished\":\"2018-09-19T00:00:00+00:00\",\"dateModified\":\"2020-04-09T11:48:38+00:00\",\"mainEntityOfPage\":{\"@id\":\"https:\\\/\\\/ecodef-ihedn.fr\\\/ads-show-2018-a-bordeaux-animation-dune-table-ronde-par-jean-belin-sur-leconomie-du-mco\\\/\"},\"wordCount\":334,\"commentCount\":0,\"publisher\":{\"@id\":\"https:\\\/\\\/ecodef-ihedn.fr\\\/#organization\"},\"image\":{\"@id\":\"https:\\\/\\\/ecodef-ihedn.fr\\\/ads-show-2018-a-bordeaux-animation-dune-table-ronde-par-jean-belin-sur-leconomie-du-mco\\\/#primaryimage\"},\"thumbnailUrl\":\"https:\\\/\\\/ecodef-ihedn.fr\\\/wp-content\\\/uploads\\\/2020\\\/04\\\/ads_show.jpg\",\"keywords\":[\"ADS Show\",\"Aerospace\",\"arm\u00e9es\",\"industrie de d\u00e9fense\",\"Maintenance\",\"Maintien en Condition Op\u00e9rationnelle\",\"MCO\",\"MRO\",\"Soutien\"],\"articleSection\":[\"Activit\u00e9s : participation de la Chaire \u00e0 un \u00e9v\u00e9nement\"],\"inLanguage\":\"en-GB\",\"potentialAction\":[{\"@type\":\"CommentAction\",\"name\":\"Comment\",\"target\":[\"https:\\\/\\\/ecodef-ihedn.fr\\\/ads-show-2018-a-bordeaux-animation-dune-table-ronde-par-jean-belin-sur-leconomie-du-mco\\\/#respond\"]}]},{\"@type\":\"WebPage\",\"@id\":\"https:\\\/\\\/ecodef-ihedn.fr\\\/ads-show-2018-a-bordeaux-animation-dune-table-ronde-par-jean-belin-sur-leconomie-du-mco\\\/\",\"url\":\"https:\\\/\\\/ecodef-ihedn.fr\\\/ads-show-2018-a-bordeaux-animation-dune-table-ronde-par-jean-belin-sur-leconomie-du-mco\\\/\",\"name\":\"ADS Show 2018 \u00e0 Bordeaux: animation d'une table-ronde par Jean Belin sur l'\u00e9conomie du MCO - Chaire \u00c9conomie de d\u00e9fense - IHEDN\",\"isPartOf\":{\"@id\":\"https:\\\/\\\/ecodef-ihedn.fr\\\/#website\"},\"primaryImageOfPage\":{\"@id\":\"https:\\\/\\\/ecodef-ihedn.fr\\\/ads-show-2018-a-bordeaux-animation-dune-table-ronde-par-jean-belin-sur-leconomie-du-mco\\\/#primaryimage\"},\"image\":{\"@id\":\"https:\\\/\\\/ecodef-ihedn.fr\\\/ads-show-2018-a-bordeaux-animation-dune-table-ronde-par-jean-belin-sur-leconomie-du-mco\\\/#primaryimage\"},\"thumbnailUrl\":\"https:\\\/\\\/ecodef-ihedn.fr\\\/wp-content\\\/uploads\\\/2020\\\/04\\\/ads_show.jpg\",\"datePublished\":\"2018-09-19T00:00:00+00:00\",\"dateModified\":\"2020-04-09T11:48:38+00:00\",\"breadcrumb\":{\"@id\":\"https:\\\/\\\/ecodef-ihedn.fr\\\/ads-show-2018-a-bordeaux-animation-dune-table-ronde-par-jean-belin-sur-leconomie-du-mco\\\/#breadcrumb\"},\"inLanguage\":\"en-GB\",\"potentialAction\":[{\"@type\":\"ReadAction\",\"target\":[\"https:\\\/\\\/ecodef-ihedn.fr\\\/ads-show-2018-a-bordeaux-animation-dune-table-ronde-par-jean-belin-sur-leconomie-du-mco\\\/\"]}]},{\"@type\":\"ImageObject\",\"inLanguage\":\"en-GB\",\"@id\":\"https:\\\/\\\/ecodef-ihedn.fr\\\/ads-show-2018-a-bordeaux-animation-dune-table-ronde-par-jean-belin-sur-leconomie-du-mco\\\/#primaryimage\",\"url\":\"https:\\\/\\\/ecodef-ihedn.fr\\\/wp-content\\\/uploads\\\/2020\\\/04\\\/ads_show.jpg\",\"contentUrl\":\"https:\\\/\\\/ecodef-ihedn.fr\\\/wp-content\\\/uploads\\\/2020\\\/04\\\/ads_show.jpg\",\"width\":654,\"height\":317},{\"@type\":\"BreadcrumbList\",\"@id\":\"https:\\\/\\\/ecodef-ihedn.fr\\\/ads-show-2018-a-bordeaux-animation-dune-table-ronde-par-jean-belin-sur-leconomie-du-mco\\\/#breadcrumb\",\"itemListElement\":[{\"@type\":\"ListItem\",\"position\":1,\"name\":\"Accueil\",\"item\":\"https:\\\/\\\/ecodef-ihedn.fr\\\/\"},{\"@type\":\"ListItem\",\"position\":2,\"name\":\"ADS Show 2018 \u00e0 Bordeaux: animation d&#8217;une table-ronde par Jean Belin sur l&#8217;\u00e9conomie du MCO\"}]},{\"@type\":\"WebSite\",\"@id\":\"https:\\\/\\\/ecodef-ihedn.fr\\\/#website\",\"url\":\"https:\\\/\\\/ecodef-ihedn.fr\\\/\",\"name\":\"Chaire \u00c9conomie de D\u00e9fense - IHEDN\",\"description\":\"Produire &amp; soutenir, f\u00e9d\u00e9rer &amp; diffuser, \u00eatre une interface\",\"publisher\":{\"@id\":\"https:\\\/\\\/ecodef-ihedn.fr\\\/#organization\"},\"potentialAction\":[{\"@type\":\"SearchAction\",\"target\":{\"@type\":\"EntryPoint\",\"urlTemplate\":\"https:\\\/\\\/ecodef-ihedn.fr\\\/?s={search_term_string}\"},\"query-input\":{\"@type\":\"PropertyValueSpecification\",\"valueRequired\":true,\"valueName\":\"search_term_string\"}}],\"inLanguage\":\"en-GB\"},{\"@type\":\"Organization\",\"@id\":\"https:\\\/\\\/ecodef-ihedn.fr\\\/#organization\",\"name\":\"Chaire \u00c9conomie de d\u00e9fense - IHEDN\",\"url\":\"https:\\\/\\\/ecodef-ihedn.fr\\\/\",\"logo\":{\"@type\":\"ImageObject\",\"inLanguage\":\"en-GB\",\"@id\":\"https:\\\/\\\/ecodef-ihedn.fr\\\/#\\\/schema\\\/logo\\\/image\\\/\",\"url\":\"https:\\\/\\\/ecodef-ihedn.fr\\\/wp-content\\\/uploads\\\/2020\\\/04\\\/logoEcodef9.jpg\",\"contentUrl\":\"https:\\\/\\\/ecodef-ihedn.fr\\\/wp-content\\\/uploads\\\/2020\\\/04\\\/logoEcodef9.jpg\",\"width\":410,\"height\":212,\"caption\":\"Chaire \u00c9conomie de d\u00e9fense - IHEDN\"},\"image\":{\"@id\":\"https:\\\/\\\/ecodef-ihedn.fr\\\/#\\\/schema\\\/logo\\\/image\\\/\"},\"sameAs\":[\"https:\\\/\\\/x.com\\\/Chaire_Ecodef\",\"https:\\\/\\\/www.linkedin.com\\\/company\\\/chaire-ecodef-ihedn\\\/\"]},{\"@type\":\"Person\",\"@id\":\"https:\\\/\\\/ecodef-ihedn.fr\\\/#\\\/schema\\\/person\\\/7b3f1a2d8fd336e0be2f9ff63ff0ebbc\",\"name\":\"dev\",\"image\":{\"@type\":\"ImageObject\",\"inLanguage\":\"en-GB\",\"@id\":\"https:\\\/\\\/secure.gravatar.com\\\/avatar\\\/f1ffcac9ca2fa95ad3ec33e9be3ade82f752acb0cabe541e56c5889225afa88a?s=96&d=mm&r=g\",\"url\":\"https:\\\/\\\/secure.gravatar.com\\\/avatar\\\/f1ffcac9ca2fa95ad3ec33e9be3ade82f752acb0cabe541e56c5889225afa88a?s=96&d=mm&r=g\",\"contentUrl\":\"https:\\\/\\\/secure.gravatar.com\\\/avatar\\\/f1ffcac9ca2fa95ad3ec33e9be3ade82f752acb0cabe541e56c5889225afa88a?s=96&d=mm&r=g\",\"caption\":\"dev\"},\"url\":\"https:\\\/\\\/ecodef-ihedn.fr\\\/en\\\/author\\\/dev\\\/\"}]}<\/script>\n<!-- \/ Yoast SEO plugin. -->","yoast_head_json":{"title":"ADS Show 2018 \u00e0 Bordeaux: animation d'une table-ronde par Jean Belin sur l'\u00e9conomie du MCO - Chaire \u00c9conomie de d\u00e9fense - IHEDN","robots":{"index":"index","follow":"follow","max-snippet":"max-snippet:-1","max-image-preview":"max-image-preview:large","max-video-preview":"max-video-preview:-1"},"canonical":"https:\/\/ecodef-ihedn.fr\/en\/ads-show-2018-a-bordeaux-animation-dune-table-ronde-par-jean-belin-sur-leconomie-du-mco\/","og_locale":"en_GB","og_type":"article","og_title":"ADS Show 2018 \u00e0 Bordeaux: animation d'une table-ronde par Jean Belin sur l'\u00e9conomie du MCO - Chaire \u00c9conomie de d\u00e9fense - IHEDN","og_description":"ADS Show 2018 \u00e0 Bordeaux (BA 106) Les 26-27 septembre 2018, l&rsquo;ensemble des acteurs du MCO et des services associ\u00e9s se rejoignent au sein de la BA 106 de Bordeaux-M\u00e9rignac afin de pr\u00e9senter leurs offres aux principaux donneurs d\u2019ordres civils et D\u00e9fense nationaux et Europ\u00e9ens. Des experts du MCO se donnent rendez-vous pour d\u00e9battre des [&hellip;]","og_url":"https:\/\/ecodef-ihedn.fr\/en\/ads-show-2018-a-bordeaux-animation-dune-table-ronde-par-jean-belin-sur-leconomie-du-mco\/","og_site_name":"Chaire \u00c9conomie de d\u00e9fense - IHEDN","article_published_time":"2018-09-19T00:00:00+00:00","article_modified_time":"2020-04-09T11:48:38+00:00","og_image":[{"width":654,"height":317,"url":"https:\/\/ecodef-ihedn.fr\/wp-content\/uploads\/2020\/04\/ads_show.jpg","type":"image\/jpeg"}],"author":"dev","twitter_card":"summary_large_image","twitter_creator":"@Chaire_Ecodef","twitter_site":"@Chaire_Ecodef","twitter_misc":{"Written by":"dev","Estimated reading time":"2 minutes"},"schema":{"@context":"https:\/\/schema.org","@graph":[{"@type":"Article","@id":"https:\/\/ecodef-ihedn.fr\/ads-show-2018-a-bordeaux-animation-dune-table-ronde-par-jean-belin-sur-leconomie-du-mco\/#article","isPartOf":{"@id":"https:\/\/ecodef-ihedn.fr\/ads-show-2018-a-bordeaux-animation-dune-table-ronde-par-jean-belin-sur-leconomie-du-mco\/"},"author":{"name":"dev","@id":"https:\/\/ecodef-ihedn.fr\/#\/schema\/person\/7b3f1a2d8fd336e0be2f9ff63ff0ebbc"},"headline":"ADS Show 2018 \u00e0 Bordeaux: animation d&rsquo;une table-ronde par Jean Belin sur l&rsquo;\u00e9conomie du MCO","datePublished":"2018-09-19T00:00:00+00:00","dateModified":"2020-04-09T11:48:38+00:00","mainEntityOfPage":{"@id":"https:\/\/ecodef-ihedn.fr\/ads-show-2018-a-bordeaux-animation-dune-table-ronde-par-jean-belin-sur-leconomie-du-mco\/"},"wordCount":334,"commentCount":0,"publisher":{"@id":"https:\/\/ecodef-ihedn.fr\/#organization"},"image":{"@id":"https:\/\/ecodef-ihedn.fr\/ads-show-2018-a-bordeaux-animation-dune-table-ronde-par-jean-belin-sur-leconomie-du-mco\/#primaryimage"},"thumbnailUrl":"https:\/\/ecodef-ihedn.fr\/wp-content\/uploads\/2020\/04\/ads_show.jpg","keywords":["ADS Show","Aerospace","arm\u00e9es","industrie de d\u00e9fense","Maintenance","Maintien en Condition Op\u00e9rationnelle","MCO","MRO","Soutien"],"articleSection":["Activit\u00e9s : participation de la Chaire \u00e0 un \u00e9v\u00e9nement"],"inLanguage":"en-GB","potentialAction":[{"@type":"CommentAction","name":"Comment","target":["https:\/\/ecodef-ihedn.fr\/ads-show-2018-a-bordeaux-animation-dune-table-ronde-par-jean-belin-sur-leconomie-du-mco\/#respond"]}]},{"@type":"WebPage","@id":"https:\/\/ecodef-ihedn.fr\/ads-show-2018-a-bordeaux-animation-dune-table-ronde-par-jean-belin-sur-leconomie-du-mco\/","url":"https:\/\/ecodef-ihedn.fr\/ads-show-2018-a-bordeaux-animation-dune-table-ronde-par-jean-belin-sur-leconomie-du-mco\/","name":"ADS Show 2018 \u00e0 Bordeaux: animation d'une table-ronde par Jean Belin sur l'\u00e9conomie du MCO - Chaire \u00c9conomie de d\u00e9fense - IHEDN","isPartOf":{"@id":"https:\/\/ecodef-ihedn.fr\/#website"},"primaryImageOfPage":{"@id":"https:\/\/ecodef-ihedn.fr\/ads-show-2018-a-bordeaux-animation-dune-table-ronde-par-jean-belin-sur-leconomie-du-mco\/#primaryimage"},"image":{"@id":"https:\/\/ecodef-ihedn.fr\/ads-show-2018-a-bordeaux-animation-dune-table-ronde-par-jean-belin-sur-leconomie-du-mco\/#primaryimage"},"thumbnailUrl":"https:\/\/ecodef-ihedn.fr\/wp-content\/uploads\/2020\/04\/ads_show.jpg","datePublished":"2018-09-19T00:00:00+00:00","dateModified":"2020-04-09T11:48:38+00:00","breadcrumb":{"@id":"https:\/\/ecodef-ihedn.fr\/ads-show-2018-a-bordeaux-animation-dune-table-ronde-par-jean-belin-sur-leconomie-du-mco\/#breadcrumb"},"inLanguage":"en-GB","potentialAction":[{"@type":"ReadAction","target":["https:\/\/ecodef-ihedn.fr\/ads-show-2018-a-bordeaux-animation-dune-table-ronde-par-jean-belin-sur-leconomie-du-mco\/"]}]},{"@type":"ImageObject","inLanguage":"en-GB","@id":"https:\/\/ecodef-ihedn.fr\/ads-show-2018-a-bordeaux-animation-dune-table-ronde-par-jean-belin-sur-leconomie-du-mco\/#primaryimage","url":"https:\/\/ecodef-ihedn.fr\/wp-content\/uploads\/2020\/04\/ads_show.jpg","contentUrl":"https:\/\/ecodef-ihedn.fr\/wp-content\/uploads\/2020\/04\/ads_show.jpg","width":654,"height":317},{"@type":"BreadcrumbList","@id":"https:\/\/ecodef-ihedn.fr\/ads-show-2018-a-bordeaux-animation-dune-table-ronde-par-jean-belin-sur-leconomie-du-mco\/#breadcrumb","itemListElement":[{"@type":"ListItem","position":1,"name":"Accueil","item":"https:\/\/ecodef-ihedn.fr\/"},{"@type":"ListItem","position":2,"name":"ADS Show 2018 \u00e0 Bordeaux: animation d&#8217;une table-ronde par Jean Belin sur l&#8217;\u00e9conomie du MCO"}]},{"@type":"WebSite","@id":"https:\/\/ecodef-ihedn.fr\/#website","url":"https:\/\/ecodef-ihedn.fr\/","name":"Chair in Defence Economics - IHEDN","description":"Produce &amp; support, federate &amp; disseminate, act as an interface","publisher":{"@id":"https:\/\/ecodef-ihedn.fr\/#organization"},"potentialAction":[{"@type":"SearchAction","target":{"@type":"EntryPoint","urlTemplate":"https:\/\/ecodef-ihedn.fr\/?s={search_term_string}"},"query-input":{"@type":"PropertyValueSpecification","valueRequired":true,"valueName":"search_term_string"}}],"inLanguage":"en-GB"},{"@type":"Organization","@id":"https:\/\/ecodef-ihedn.fr\/#organization","name":"Chair in Defence Economics - IHEDN","url":"https:\/\/ecodef-ihedn.fr\/","logo":{"@type":"ImageObject","inLanguage":"en-GB","@id":"https:\/\/ecodef-ihedn.fr\/#\/schema\/logo\/image\/","url":"https:\/\/ecodef-ihedn.fr\/wp-content\/uploads\/2020\/04\/logoEcodef9.jpg","contentUrl":"https:\/\/ecodef-ihedn.fr\/wp-content\/uploads\/2020\/04\/logoEcodef9.jpg","width":410,"height":212,"caption":"Chaire \u00c9conomie de d\u00e9fense - IHEDN"},"image":{"@id":"https:\/\/ecodef-ihedn.fr\/#\/schema\/logo\/image\/"},"sameAs":["https:\/\/x.com\/Chaire_Ecodef","https:\/\/www.linkedin.com\/company\/chaire-ecodef-ihedn\/"]},{"@type":"Person","@id":"https:\/\/ecodef-ihedn.fr\/#\/schema\/person\/7b3f1a2d8fd336e0be2f9ff63ff0ebbc","name":"dev","image":{"@type":"ImageObject","inLanguage":"en-GB","@id":"https:\/\/secure.gravatar.com\/avatar\/f1ffcac9ca2fa95ad3ec33e9be3ade82f752acb0cabe541e56c5889225afa88a?s=96&d=mm&r=g","url":"https:\/\/secure.gravatar.com\/avatar\/f1ffcac9ca2fa95ad3ec33e9be3ade82f752acb0cabe541e56c5889225afa88a?s=96&d=mm&r=g","contentUrl":"https:\/\/secure.gravatar.com\/avatar\/f1ffcac9ca2fa95ad3ec33e9be3ade82f752acb0cabe541e56c5889225afa88a?s=96&d=mm&r=g","caption":"dev"},"url":"https:\/\/ecodef-ihedn.fr\/en\/author\/dev\/"}]}},"_links":{"self":[{"href":"https:\/\/ecodef-ihedn.fr\/en\/wp-json\/wp\/v2\/posts\/1079","targetHints":{"allow":["GET"]}}],"collection":[{"href":"https:\/\/ecodef-ihedn.fr\/en\/wp-json\/wp\/v2\/posts"}],"about":[{"href":"https:\/\/ecodef-ihedn.fr\/en\/wp-json\/wp\/v2\/types\/post"}],"author":[{"embeddable":true,"href":"https:\/\/ecodef-ihedn.fr\/en\/wp-json\/wp\/v2\/users\/1"}],"replies":[{"embeddable":true,"href":"https:\/\/ecodef-ihedn.fr\/en\/wp-json\/wp\/v2\/comments?post=1079"}],"version-history":[{"count":2,"href":"https:\/\/ecodef-ihedn.fr\/en\/wp-json\/wp\/v2\/posts\/1079\/revisions"}],"predecessor-version":[{"id":1491,"href":"https:\/\/ecodef-ihedn.fr\/en\/wp-json\/wp\/v2\/posts\/1079\/revisions\/1491"}],"wp:featuredmedia":[{"embeddable":true,"href":"https:\/\/ecodef-ihedn.fr\/en\/wp-json\/wp\/v2\/media\/1080"}],"wp:attachment":[{"href":"https:\/\/ecodef-ihedn.fr\/en\/wp-json\/wp\/v2\/media?parent=1079"}],"wp:term":[{"taxonomy":"category","embeddable":true,"href":"https:\/\/ecodef-ihedn.fr\/en\/wp-json\/wp\/v2\/categories?post=1079"},{"taxonomy":"post_tag","embeddable":true,"href":"https:\/\/ecodef-ihedn.fr\/en\/wp-json\/wp\/v2\/tags?post=1079"}],"curies":[{"name":"wp","href":"https:\/\/api.w.org\/{rel}","templated":true}]}}