{"id":1082,"date":"2018-09-20T00:00:00","date_gmt":"2018-09-20T00:00:00","guid":{"rendered":"https:\/\/ecodef-ihedn.fr\/journee-detude-centenaire-armistice-10-octobre-2018-ecole-militaire\/"},"modified":"2020-05-27T12:14:02","modified_gmt":"2020-05-27T12:14:02","slug":"journee-detude-centenaire-armistice-10-octobre-2018-ecole-militaire","status":"publish","type":"post","link":"https:\/\/ecodef-ihedn.fr\/en\/journee-detude-centenaire-armistice-10-octobre-2018-ecole-militaire\/","title":{"rendered":"Armistice Centenary Study Day, 10 October 2018, \u00c9cole Militaire"},"content":{"rendered":"<h2>Study day at the \u00c9cole Militaire<\/h2>\n<p style=\"text-align: justify;\">To mark the centenary of the Armistice, the <strong>Chair in Defence Economics<\/strong> organises the<strong> 10 October 2018<\/strong> a study day on the theme <strong>\u00abLes morts de la Grande Guerre: Hasard ou d\u00e9terminisme?.<\/strong><\/p>\n<h2>Objectives:<\/h2>\n<p style=\"text-align: justify;\">The aim of this study day is to <strong>bring together researchers<\/strong> having worked during the period 2014-2018 on the analysis of the Great War dead in <strong>previously unexplored dimensions<\/strong>, These include cliometric, statistical, demographic, micro- and macro-econometric, strategic, operational research and geomatics analysis.<\/p>\n<p style=\"text-align: justify;\">This study day has a<strong> threefold purpose\u00a0<\/strong>:<\/p>\n<p style=\"text-align: justify;\">1) restore <strong>original and innovative work<\/strong>\u00a0;<\/p>\n<p style=\"text-align: justify;\">2) to bring this work together with a view to a <strong>publication in a history book<\/strong> in French to a wide audience, such is the passion with which many of our fellow citizens are drawn;<\/p>\n<p style=\"text-align: justify;\">3) to target the day at the \u00c9cole Militaire, a <strong>public of journalists (<\/strong>written press, radio, TV) to ensure that our ideas get the most coverage. <strong>wide audience and visibility<\/strong> in the week leading up to the centenary of the Armistice of 11 November 1918.<\/p>\n<h2>Organisers:<\/h2>\n<p><a href=\"http:\/\/gretha.u-bordeaux.fr\/fr\/members\/belin-jean\" target=\"_blank\" rel=\"noopener noreferrer\"><strong>Jean Belin<\/strong><\/a> (University of Bordeaux, Chair of Defence Economics)<\/p>\n<p><a href=\"https:\/\/www.sciencespo-lyon.fr\/content\/parent\" target=\"_blank\" rel=\"noopener noreferrer\"><strong>Antoine Parent<\/strong><\/a> (Sciences Po Lyon, OFCE, LAET, CAC-IXXI)<\/p>\n<p>To download the <strong>programme<\/strong>, <a href=\"https:\/\/economie-defense.fr\/wp-content\/uploads\/2018\/10\/programme-journee-centenaire-armistice-ihedn-10-octobre-2018-1.pdf\" target=\"_blank\" rel=\"noopener noreferrer\">click here<\/a>.<\/p>\n<p>For <strong>register<\/strong>, <a href=\"https:\/\/webquest.fr\/?m=54740_inscription-journee-d-etude-centenaire-de-l-armistice---mercredi-10-octobre\" target=\"_blank\" rel=\"noopener noreferrer\">click here<\/a>.<\/p>\n<p><a href=\"https:\/\/ecodef-ihedn.fr\/wp-content\/uploads\/2020\/02\/LogEcoDeDef-nouveau-e1456222696523.png\"><img loading=\"lazy\" decoding=\"async\" class=\"wp-image-5106 alignleft\" src=\"https:\/\/ecodef-ihedn.fr\/wp-content\/uploads\/2020\/02\/LogEcoDeDef-nouveau-e1456222696523.png\" alt=\"logo Chaire \u00c9conomie de d\u00e9fense\" width=\"184\" height=\"218\" \/><\/a><a href=\"https:\/\/ecodef-ihedn.fr\/wp-content\/uploads\/2020\/04\/logoixxi.jpg\"><img loading=\"lazy\" decoding=\"async\" class=\"aligncenter wp-image-6423\" src=\"https:\/\/ecodef-ihedn.fr\/wp-content\/uploads\/2020\/04\/logoixxi.jpg\" alt=\"\" width=\"323\" height=\"180\" \/><\/a><\/p>","protected":false},"excerpt":{"rendered":"<p>Journ\u00e9e d&rsquo;\u00e9tude \u00e0 l\u2019\u00c9cole Militaire A l\u2019occasion du centenaire de l\u2019Armistice, la Chaire \u00c9conomie de D\u00e9fense organise le 10 octobre 2018 une journ\u00e9e d\u2019\u00e9tude sur le th\u00e8me \u00ab\u00a0Les morts de la Grande Guerre\u00a0: Hasard ou d\u00e9terminisme ?\u00a0\u00bb. Objectifs: L\u2019objet de cette journ\u00e9e d\u2019\u00e9tudes est de r\u00e9unir des chercheurs ayant travaill\u00e9 au cours de la p\u00e9riode [&hellip;]<\/p>\n","protected":false},"author":1,"featured_media":595,"comment_status":"open","ping_status":"open","sticky":false,"template":"","format":"standard","meta":{"footnotes":""},"categories":[355],"tags":[190,162,41,103,105],"class_list":{"0":"post-1082","1":"post","2":"type-post","3":"status-publish","4":"format-standard","5":"has-post-thumbnail","7":"category-activites-evenements-portes-par-la-chaire","8":"tag-centenaire-armistice","9":"tag-chaire-economie-de-defense","10":"tag-conference","11":"tag-ecole-militaire","12":"tag-premiere-guerre-mondiale"},"yoast_head":"<!-- This site is optimized with the Yoast SEO plugin v27.4 - https:\/\/yoast.com\/product\/yoast-seo-wordpress\/ -->\n<title>Journ\u00e9e d&#039;\u00e9tude Centenaire Armistice, 10 octobre 2018, \u00c9cole Militaire - Chaire \u00c9conomie de d\u00e9fense - IHEDN<\/title>\n<meta name=\"robots\" content=\"index, follow, max-snippet:-1, max-image-preview:large, max-video-preview:-1\" \/>\n<link rel=\"canonical\" href=\"https:\/\/ecodef-ihedn.fr\/en\/journee-detude-centenaire-armistice-10-octobre-2018-ecole-militaire\/\" \/>\n<meta property=\"og:locale\" content=\"en_GB\" \/>\n<meta property=\"og:type\" content=\"article\" \/>\n<meta property=\"og:title\" content=\"Journ\u00e9e d&#039;\u00e9tude Centenaire Armistice, 10 octobre 2018, \u00c9cole Militaire - Chaire \u00c9conomie de d\u00e9fense - IHEDN\" \/>\n<meta property=\"og:description\" content=\"Journ\u00e9e d&rsquo;\u00e9tude \u00e0 l\u2019\u00c9cole Militaire A l\u2019occasion du centenaire de l\u2019Armistice, la Chaire \u00c9conomie de D\u00e9fense organise le 10 octobre 2018 une journ\u00e9e d\u2019\u00e9tude sur le th\u00e8me \u00ab\u00a0Les morts de la Grande Guerre\u00a0: Hasard ou d\u00e9terminisme ?\u00a0\u00bb. Objectifs: L\u2019objet de cette journ\u00e9e d\u2019\u00e9tudes est de r\u00e9unir des chercheurs ayant travaill\u00e9 au cours de la p\u00e9riode [&hellip;]\" \/>\n<meta property=\"og:url\" content=\"https:\/\/ecodef-ihedn.fr\/en\/journee-detude-centenaire-armistice-10-octobre-2018-ecole-militaire\/\" \/>\n<meta property=\"og:site_name\" content=\"Chaire \u00c9conomie de d\u00e9fense - IHEDN\" \/>\n<meta property=\"article:published_time\" content=\"2018-09-20T00:00:00+00:00\" \/>\n<meta property=\"article:modified_time\" content=\"2020-05-27T12:14:02+00:00\" \/>\n<meta property=\"og:image\" content=\"https:\/\/ecodef-ihedn.fr\/wp-content\/uploads\/2020\/02\/LogEcoDeDef-nouveau-e1456222696523.png\" \/>\n\t<meta property=\"og:image:width\" content=\"200\" \/>\n\t<meta property=\"og:image:height\" content=\"237\" \/>\n\t<meta property=\"og:image:type\" content=\"image\/png\" \/>\n<meta name=\"author\" content=\"dev\" \/>\n<meta name=\"twitter:card\" content=\"summary_large_image\" \/>\n<meta name=\"twitter:creator\" content=\"@Chaire_Ecodef\" \/>\n<meta name=\"twitter:site\" content=\"@Chaire_Ecodef\" \/>\n<meta name=\"twitter:label1\" content=\"Written by\" \/>\n\t<meta name=\"twitter:data1\" content=\"dev\" \/>\n\t<meta name=\"twitter:label2\" content=\"Estimated reading time\" \/>\n\t<meta name=\"twitter:data2\" content=\"1 minute\" \/>\n<script type=\"application\/ld+json\" class=\"yoast-schema-graph\">{\"@context\":\"https:\\\/\\\/schema.org\",\"@graph\":[{\"@type\":\"Article\",\"@id\":\"https:\\\/\\\/ecodef-ihedn.fr\\\/journee-detude-centenaire-armistice-10-octobre-2018-ecole-militaire\\\/#article\",\"isPartOf\":{\"@id\":\"https:\\\/\\\/ecodef-ihedn.fr\\\/journee-detude-centenaire-armistice-10-octobre-2018-ecole-militaire\\\/\"},\"author\":{\"name\":\"dev\",\"@id\":\"https:\\\/\\\/ecodef-ihedn.fr\\\/#\\\/schema\\\/person\\\/7b3f1a2d8fd336e0be2f9ff63ff0ebbc\"},\"headline\":\"Journ\u00e9e d&rsquo;\u00e9tude Centenaire Armistice, 10 octobre 2018, \u00c9cole Militaire\",\"datePublished\":\"2018-09-20T00:00:00+00:00\",\"dateModified\":\"2020-05-27T12:14:02+00:00\",\"mainEntityOfPage\":{\"@id\":\"https:\\\/\\\/ecodef-ihedn.fr\\\/journee-detude-centenaire-armistice-10-octobre-2018-ecole-militaire\\\/\"},\"wordCount\":234,\"commentCount\":0,\"publisher\":{\"@id\":\"https:\\\/\\\/ecodef-ihedn.fr\\\/#organization\"},\"image\":{\"@id\":\"https:\\\/\\\/ecodef-ihedn.fr\\\/journee-detude-centenaire-armistice-10-octobre-2018-ecole-militaire\\\/#primaryimage\"},\"thumbnailUrl\":\"https:\\\/\\\/ecodef-ihedn.fr\\\/wp-content\\\/uploads\\\/2020\\\/02\\\/LogEcoDeDef-nouveau-e1456222696523.png\",\"keywords\":[\"Centenaire Armistice\",\"chaire \u00e9conomie de d\u00e9fense\",\"conf\u00e9rence\",\"Ecole Militaire\",\"premi\u00e8re guerre mondiale\"],\"articleSection\":[\"Activit\u00e9s : \u00e9v\u00e9nements port\u00e9s par la Chaire\"],\"inLanguage\":\"en-GB\",\"potentialAction\":[{\"@type\":\"CommentAction\",\"name\":\"Comment\",\"target\":[\"https:\\\/\\\/ecodef-ihedn.fr\\\/journee-detude-centenaire-armistice-10-octobre-2018-ecole-militaire\\\/#respond\"]}]},{\"@type\":\"WebPage\",\"@id\":\"https:\\\/\\\/ecodef-ihedn.fr\\\/journee-detude-centenaire-armistice-10-octobre-2018-ecole-militaire\\\/\",\"url\":\"https:\\\/\\\/ecodef-ihedn.fr\\\/journee-detude-centenaire-armistice-10-octobre-2018-ecole-militaire\\\/\",\"name\":\"Journ\u00e9e d'\u00e9tude Centenaire Armistice, 10 octobre 2018, \u00c9cole Militaire - Chaire \u00c9conomie de d\u00e9fense - IHEDN\",\"isPartOf\":{\"@id\":\"https:\\\/\\\/ecodef-ihedn.fr\\\/#website\"},\"primaryImageOfPage\":{\"@id\":\"https:\\\/\\\/ecodef-ihedn.fr\\\/journee-detude-centenaire-armistice-10-octobre-2018-ecole-militaire\\\/#primaryimage\"},\"image\":{\"@id\":\"https:\\\/\\\/ecodef-ihedn.fr\\\/journee-detude-centenaire-armistice-10-octobre-2018-ecole-militaire\\\/#primaryimage\"},\"thumbnailUrl\":\"https:\\\/\\\/ecodef-ihedn.fr\\\/wp-content\\\/uploads\\\/2020\\\/02\\\/LogEcoDeDef-nouveau-e1456222696523.png\",\"datePublished\":\"2018-09-20T00:00:00+00:00\",\"dateModified\":\"2020-05-27T12:14:02+00:00\",\"breadcrumb\":{\"@id\":\"https:\\\/\\\/ecodef-ihedn.fr\\\/journee-detude-centenaire-armistice-10-octobre-2018-ecole-militaire\\\/#breadcrumb\"},\"inLanguage\":\"en-GB\",\"potentialAction\":[{\"@type\":\"ReadAction\",\"target\":[\"https:\\\/\\\/ecodef-ihedn.fr\\\/journee-detude-centenaire-armistice-10-octobre-2018-ecole-militaire\\\/\"]}]},{\"@type\":\"ImageObject\",\"inLanguage\":\"en-GB\",\"@id\":\"https:\\\/\\\/ecodef-ihedn.fr\\\/journee-detude-centenaire-armistice-10-octobre-2018-ecole-militaire\\\/#primaryimage\",\"url\":\"https:\\\/\\\/ecodef-ihedn.fr\\\/wp-content\\\/uploads\\\/2020\\\/02\\\/LogEcoDeDef-nouveau-e1456222696523.png\",\"contentUrl\":\"https:\\\/\\\/ecodef-ihedn.fr\\\/wp-content\\\/uploads\\\/2020\\\/02\\\/LogEcoDeDef-nouveau-e1456222696523.png\",\"width\":200,\"height\":237},{\"@type\":\"BreadcrumbList\",\"@id\":\"https:\\\/\\\/ecodef-ihedn.fr\\\/journee-detude-centenaire-armistice-10-octobre-2018-ecole-militaire\\\/#breadcrumb\",\"itemListElement\":[{\"@type\":\"ListItem\",\"position\":1,\"name\":\"Accueil\",\"item\":\"https:\\\/\\\/ecodef-ihedn.fr\\\/\"},{\"@type\":\"ListItem\",\"position\":2,\"name\":\"Journ\u00e9e d&#8217;\u00e9tude Centenaire Armistice, 10 octobre 2018, \u00c9cole Militaire\"}]},{\"@type\":\"WebSite\",\"@id\":\"https:\\\/\\\/ecodef-ihedn.fr\\\/#website\",\"url\":\"https:\\\/\\\/ecodef-ihedn.fr\\\/\",\"name\":\"Chaire \u00c9conomie de D\u00e9fense - IHEDN\",\"description\":\"Produire &amp; soutenir, f\u00e9d\u00e9rer &amp; diffuser, \u00eatre une interface\",\"publisher\":{\"@id\":\"https:\\\/\\\/ecodef-ihedn.fr\\\/#organization\"},\"potentialAction\":[{\"@type\":\"SearchAction\",\"target\":{\"@type\":\"EntryPoint\",\"urlTemplate\":\"https:\\\/\\\/ecodef-ihedn.fr\\\/?s={search_term_string}\"},\"query-input\":{\"@type\":\"PropertyValueSpecification\",\"valueRequired\":true,\"valueName\":\"search_term_string\"}}],\"inLanguage\":\"en-GB\"},{\"@type\":\"Organization\",\"@id\":\"https:\\\/\\\/ecodef-ihedn.fr\\\/#organization\",\"name\":\"Chaire \u00c9conomie de d\u00e9fense - IHEDN\",\"url\":\"https:\\\/\\\/ecodef-ihedn.fr\\\/\",\"logo\":{\"@type\":\"ImageObject\",\"inLanguage\":\"en-GB\",\"@id\":\"https:\\\/\\\/ecodef-ihedn.fr\\\/#\\\/schema\\\/logo\\\/image\\\/\",\"url\":\"https:\\\/\\\/ecodef-ihedn.fr\\\/wp-content\\\/uploads\\\/2020\\\/04\\\/logoEcodef9.jpg\",\"contentUrl\":\"https:\\\/\\\/ecodef-ihedn.fr\\\/wp-content\\\/uploads\\\/2020\\\/04\\\/logoEcodef9.jpg\",\"width\":410,\"height\":212,\"caption\":\"Chaire \u00c9conomie de d\u00e9fense - IHEDN\"},\"image\":{\"@id\":\"https:\\\/\\\/ecodef-ihedn.fr\\\/#\\\/schema\\\/logo\\\/image\\\/\"},\"sameAs\":[\"https:\\\/\\\/x.com\\\/Chaire_Ecodef\",\"https:\\\/\\\/www.linkedin.com\\\/company\\\/chaire-ecodef-ihedn\\\/\"]},{\"@type\":\"Person\",\"@id\":\"https:\\\/\\\/ecodef-ihedn.fr\\\/#\\\/schema\\\/person\\\/7b3f1a2d8fd336e0be2f9ff63ff0ebbc\",\"name\":\"dev\",\"image\":{\"@type\":\"ImageObject\",\"inLanguage\":\"en-GB\",\"@id\":\"https:\\\/\\\/secure.gravatar.com\\\/avatar\\\/f1ffcac9ca2fa95ad3ec33e9be3ade82f752acb0cabe541e56c5889225afa88a?s=96&d=mm&r=g\",\"url\":\"https:\\\/\\\/secure.gravatar.com\\\/avatar\\\/f1ffcac9ca2fa95ad3ec33e9be3ade82f752acb0cabe541e56c5889225afa88a?s=96&d=mm&r=g\",\"contentUrl\":\"https:\\\/\\\/secure.gravatar.com\\\/avatar\\\/f1ffcac9ca2fa95ad3ec33e9be3ade82f752acb0cabe541e56c5889225afa88a?s=96&d=mm&r=g\",\"caption\":\"dev\"},\"url\":\"https:\\\/\\\/ecodef-ihedn.fr\\\/en\\\/author\\\/dev\\\/\"}]}<\/script>\n<!-- \/ Yoast SEO plugin. -->","yoast_head_json":{"title":"Journ\u00e9e d'\u00e9tude Centenaire Armistice, 10 octobre 2018, \u00c9cole Militaire - Chaire \u00c9conomie de d\u00e9fense - IHEDN","robots":{"index":"index","follow":"follow","max-snippet":"max-snippet:-1","max-image-preview":"max-image-preview:large","max-video-preview":"max-video-preview:-1"},"canonical":"https:\/\/ecodef-ihedn.fr\/en\/journee-detude-centenaire-armistice-10-octobre-2018-ecole-militaire\/","og_locale":"en_GB","og_type":"article","og_title":"Journ\u00e9e d'\u00e9tude Centenaire Armistice, 10 octobre 2018, \u00c9cole Militaire - Chaire \u00c9conomie de d\u00e9fense - IHEDN","og_description":"Journ\u00e9e d&rsquo;\u00e9tude \u00e0 l\u2019\u00c9cole Militaire A l\u2019occasion du centenaire de l\u2019Armistice, la Chaire \u00c9conomie de D\u00e9fense organise le 10 octobre 2018 une journ\u00e9e d\u2019\u00e9tude sur le th\u00e8me \u00ab\u00a0Les morts de la Grande Guerre\u00a0: Hasard ou d\u00e9terminisme ?\u00a0\u00bb. Objectifs: L\u2019objet de cette journ\u00e9e d\u2019\u00e9tudes est de r\u00e9unir des chercheurs ayant travaill\u00e9 au cours de la p\u00e9riode [&hellip;]","og_url":"https:\/\/ecodef-ihedn.fr\/en\/journee-detude-centenaire-armistice-10-octobre-2018-ecole-militaire\/","og_site_name":"Chaire \u00c9conomie de d\u00e9fense - IHEDN","article_published_time":"2018-09-20T00:00:00+00:00","article_modified_time":"2020-05-27T12:14:02+00:00","og_image":[{"width":200,"height":237,"url":"https:\/\/ecodef-ihedn.fr\/wp-content\/uploads\/2020\/02\/LogEcoDeDef-nouveau-e1456222696523.png","type":"image\/png"}],"author":"dev","twitter_card":"summary_large_image","twitter_creator":"@Chaire_Ecodef","twitter_site":"@Chaire_Ecodef","twitter_misc":{"Written by":"dev","Estimated reading time":"1 minute"},"schema":{"@context":"https:\/\/schema.org","@graph":[{"@type":"Article","@id":"https:\/\/ecodef-ihedn.fr\/journee-detude-centenaire-armistice-10-octobre-2018-ecole-militaire\/#article","isPartOf":{"@id":"https:\/\/ecodef-ihedn.fr\/journee-detude-centenaire-armistice-10-octobre-2018-ecole-militaire\/"},"author":{"name":"dev","@id":"https:\/\/ecodef-ihedn.fr\/#\/schema\/person\/7b3f1a2d8fd336e0be2f9ff63ff0ebbc"},"headline":"Journ\u00e9e d&rsquo;\u00e9tude Centenaire Armistice, 10 octobre 2018, \u00c9cole Militaire","datePublished":"2018-09-20T00:00:00+00:00","dateModified":"2020-05-27T12:14:02+00:00","mainEntityOfPage":{"@id":"https:\/\/ecodef-ihedn.fr\/journee-detude-centenaire-armistice-10-octobre-2018-ecole-militaire\/"},"wordCount":234,"commentCount":0,"publisher":{"@id":"https:\/\/ecodef-ihedn.fr\/#organization"},"image":{"@id":"https:\/\/ecodef-ihedn.fr\/journee-detude-centenaire-armistice-10-octobre-2018-ecole-militaire\/#primaryimage"},"thumbnailUrl":"https:\/\/ecodef-ihedn.fr\/wp-content\/uploads\/2020\/02\/LogEcoDeDef-nouveau-e1456222696523.png","keywords":["Centenaire Armistice","chaire \u00e9conomie de d\u00e9fense","conf\u00e9rence","Ecole Militaire","premi\u00e8re guerre mondiale"],"articleSection":["Activit\u00e9s : \u00e9v\u00e9nements port\u00e9s par la Chaire"],"inLanguage":"en-GB","potentialAction":[{"@type":"CommentAction","name":"Comment","target":["https:\/\/ecodef-ihedn.fr\/journee-detude-centenaire-armistice-10-octobre-2018-ecole-militaire\/#respond"]}]},{"@type":"WebPage","@id":"https:\/\/ecodef-ihedn.fr\/journee-detude-centenaire-armistice-10-octobre-2018-ecole-militaire\/","url":"https:\/\/ecodef-ihedn.fr\/journee-detude-centenaire-armistice-10-octobre-2018-ecole-militaire\/","name":"Journ\u00e9e d'\u00e9tude Centenaire Armistice, 10 octobre 2018, \u00c9cole Militaire - Chaire \u00c9conomie de d\u00e9fense - IHEDN","isPartOf":{"@id":"https:\/\/ecodef-ihedn.fr\/#website"},"primaryImageOfPage":{"@id":"https:\/\/ecodef-ihedn.fr\/journee-detude-centenaire-armistice-10-octobre-2018-ecole-militaire\/#primaryimage"},"image":{"@id":"https:\/\/ecodef-ihedn.fr\/journee-detude-centenaire-armistice-10-octobre-2018-ecole-militaire\/#primaryimage"},"thumbnailUrl":"https:\/\/ecodef-ihedn.fr\/wp-content\/uploads\/2020\/02\/LogEcoDeDef-nouveau-e1456222696523.png","datePublished":"2018-09-20T00:00:00+00:00","dateModified":"2020-05-27T12:14:02+00:00","breadcrumb":{"@id":"https:\/\/ecodef-ihedn.fr\/journee-detude-centenaire-armistice-10-octobre-2018-ecole-militaire\/#breadcrumb"},"inLanguage":"en-GB","potentialAction":[{"@type":"ReadAction","target":["https:\/\/ecodef-ihedn.fr\/journee-detude-centenaire-armistice-10-octobre-2018-ecole-militaire\/"]}]},{"@type":"ImageObject","inLanguage":"en-GB","@id":"https:\/\/ecodef-ihedn.fr\/journee-detude-centenaire-armistice-10-octobre-2018-ecole-militaire\/#primaryimage","url":"https:\/\/ecodef-ihedn.fr\/wp-content\/uploads\/2020\/02\/LogEcoDeDef-nouveau-e1456222696523.png","contentUrl":"https:\/\/ecodef-ihedn.fr\/wp-content\/uploads\/2020\/02\/LogEcoDeDef-nouveau-e1456222696523.png","width":200,"height":237},{"@type":"BreadcrumbList","@id":"https:\/\/ecodef-ihedn.fr\/journee-detude-centenaire-armistice-10-octobre-2018-ecole-militaire\/#breadcrumb","itemListElement":[{"@type":"ListItem","position":1,"name":"Accueil","item":"https:\/\/ecodef-ihedn.fr\/"},{"@type":"ListItem","position":2,"name":"Journ\u00e9e d&#8217;\u00e9tude Centenaire Armistice, 10 octobre 2018, \u00c9cole Militaire"}]},{"@type":"WebSite","@id":"https:\/\/ecodef-ihedn.fr\/#website","url":"https:\/\/ecodef-ihedn.fr\/","name":"Chair in Defence Economics - IHEDN","description":"Produce &amp; support, federate &amp; disseminate, act as an interface","publisher":{"@id":"https:\/\/ecodef-ihedn.fr\/#organization"},"potentialAction":[{"@type":"SearchAction","target":{"@type":"EntryPoint","urlTemplate":"https:\/\/ecodef-ihedn.fr\/?s={search_term_string}"},"query-input":{"@type":"PropertyValueSpecification","valueRequired":true,"valueName":"search_term_string"}}],"inLanguage":"en-GB"},{"@type":"Organization","@id":"https:\/\/ecodef-ihedn.fr\/#organization","name":"Chair in Defence Economics - IHEDN","url":"https:\/\/ecodef-ihedn.fr\/","logo":{"@type":"ImageObject","inLanguage":"en-GB","@id":"https:\/\/ecodef-ihedn.fr\/#\/schema\/logo\/image\/","url":"https:\/\/ecodef-ihedn.fr\/wp-content\/uploads\/2020\/04\/logoEcodef9.jpg","contentUrl":"https:\/\/ecodef-ihedn.fr\/wp-content\/uploads\/2020\/04\/logoEcodef9.jpg","width":410,"height":212,"caption":"Chaire \u00c9conomie de d\u00e9fense - IHEDN"},"image":{"@id":"https:\/\/ecodef-ihedn.fr\/#\/schema\/logo\/image\/"},"sameAs":["https:\/\/x.com\/Chaire_Ecodef","https:\/\/www.linkedin.com\/company\/chaire-ecodef-ihedn\/"]},{"@type":"Person","@id":"https:\/\/ecodef-ihedn.fr\/#\/schema\/person\/7b3f1a2d8fd336e0be2f9ff63ff0ebbc","name":"dev","image":{"@type":"ImageObject","inLanguage":"en-GB","@id":"https:\/\/secure.gravatar.com\/avatar\/f1ffcac9ca2fa95ad3ec33e9be3ade82f752acb0cabe541e56c5889225afa88a?s=96&d=mm&r=g","url":"https:\/\/secure.gravatar.com\/avatar\/f1ffcac9ca2fa95ad3ec33e9be3ade82f752acb0cabe541e56c5889225afa88a?s=96&d=mm&r=g","contentUrl":"https:\/\/secure.gravatar.com\/avatar\/f1ffcac9ca2fa95ad3ec33e9be3ade82f752acb0cabe541e56c5889225afa88a?s=96&d=mm&r=g","caption":"dev"},"url":"https:\/\/ecodef-ihedn.fr\/en\/author\/dev\/"}]}},"_links":{"self":[{"href":"https:\/\/ecodef-ihedn.fr\/en\/wp-json\/wp\/v2\/posts\/1082","targetHints":{"allow":["GET"]}}],"collection":[{"href":"https:\/\/ecodef-ihedn.fr\/en\/wp-json\/wp\/v2\/posts"}],"about":[{"href":"https:\/\/ecodef-ihedn.fr\/en\/wp-json\/wp\/v2\/types\/post"}],"author":[{"embeddable":true,"href":"https:\/\/ecodef-ihedn.fr\/en\/wp-json\/wp\/v2\/users\/1"}],"replies":[{"embeddable":true,"href":"https:\/\/ecodef-ihedn.fr\/en\/wp-json\/wp\/v2\/comments?post=1082"}],"version-history":[{"count":3,"href":"https:\/\/ecodef-ihedn.fr\/en\/wp-json\/wp\/v2\/posts\/1082\/revisions"}],"predecessor-version":[{"id":1865,"href":"https:\/\/ecodef-ihedn.fr\/en\/wp-json\/wp\/v2\/posts\/1082\/revisions\/1865"}],"wp:featuredmedia":[{"embeddable":true,"href":"https:\/\/ecodef-ihedn.fr\/en\/wp-json\/wp\/v2\/media\/595"}],"wp:attachment":[{"href":"https:\/\/ecodef-ihedn.fr\/en\/wp-json\/wp\/v2\/media?parent=1082"}],"wp:term":[{"taxonomy":"category","embeddable":true,"href":"https:\/\/ecodef-ihedn.fr\/en\/wp-json\/wp\/v2\/categories?post=1082"},{"taxonomy":"post_tag","embeddable":true,"href":"https:\/\/ecodef-ihedn.fr\/en\/wp-json\/wp\/v2\/tags?post=1082"}],"curies":[{"name":"wp","href":"https:\/\/api.w.org\/{rel}","templated":true}]}}