{"id":1085,"date":"2018-09-28T00:00:00","date_gmt":"2018-09-28T00:00:00","guid":{"rendered":"https:\/\/ecodef-ihedn.fr\/forum-ecodc-economie-de-la-defense-et-des-conflits-25-octobre-palaiseau\/"},"modified":"2020-04-09T11:47:50","modified_gmt":"2020-04-09T11:47:50","slug":"forum-ecodc-economie-de-la-defense-et-des-conflits-25-octobre-palaiseau","status":"publish","type":"post","link":"https:\/\/ecodef-ihedn.fr\/en\/forum-ecodc-economie-de-la-defense-et-des-conflits-25-octobre-palaiseau\/","title":{"rendered":"EcoD&amp;C Forum: Economics of defence and conflict, 25 October, Palaiseau"},"content":{"rendered":"<h1 style=\"text-align: center\"><strong>\u00a0EcoD&amp;C Forum: Economics of defence and conflict<\/strong><\/h1>\n<p style=\"text-align: center\"><strong>\u00a0Thursday 25 October 2018<\/strong><\/p>\n<p style=\"text-align: center\"><span class=\"im\">ENSTA ParisTech - 828 bd des mar\u00e9chaux - 91120 Palaiseau<\/span><\/p>\n<p style=\"text-align: center\"><span class=\"im\"><strong>Organisers<\/strong> : <strong>C\u00e9cile Fauconnet<\/strong> and <strong>Didier Lebert<\/strong> (UEA - ENSTA ParisTech) and <strong>Antoine Pietri<\/strong> (IRSEM)<\/span><\/p>\n<h2>The academic and operational worlds meet to discuss defence and conflict issues<\/h2>\n<p style=\"text-align: justify\">In recent years, the defence industry has been faced with a number of challenges.<strong> upheaval in its strategic environment<\/strong>. La <strong>more theatres of operation<\/strong> in the Middle East and <strong>new missions<\/strong> military personnel on the <strong>national territory<\/strong> call for <strong>new thinking<\/strong> to understand the environment in which defence policy operates.<\/p>\n<p style=\"text-align: justify\">For public authorities and industry, this reflection concerns the model of <strong>conflict resolution<\/strong>, on pr<strong>Arms production and exports<\/strong> or on <strong>technological innovation<\/strong>.<\/p>\n<ul style=\"text-align: justify\">\n<li>The forum <strong>EcoD&amp;C<\/strong> (Economics of Defence and Conflict) is an opportunity to highlight the <strong>subjects common to the academic and operational worlds<\/strong> in this new context<\/li>\n<li>It is organised jointly by the<strong>\u2019IRSEM<\/strong> and by the Applied Economics Unit of the\u2019<strong>ENSTA ParisTech<\/strong> with the support of <strong>DGA<\/strong><\/li>\n<\/ul>\n<p style=\"text-align: justify\">The approaches of researchers in economics and management will be combined with the analyses of industry professionals and operational staff to propose responses to the new challenges facing the world of defence. The fight against terrorism and conflicts over the control of natural resources will be at the heart of this forum. This conflict-focused approach will be complemented by an analysis of the defence industry and its current and future transformations.<\/p>\n<p>For the <strong>Practical information and registration<\/strong>, <a href=\"https:\/\/www.eventbrite.com\/e\/forum-ecodc-tickets-49731243488\" target=\"_blank\" rel=\"noopener noreferrer\"><strong>click here<\/strong><\/a>i<\/p>\n<h2 style=\"text-align: left\"><strong>The programme:<\/strong><\/h2>\n<p><strong>9.30am-10.45am :<\/strong><\/p>\n<p><em>* Arms exports: what influence on the DTIB?<\/em><\/p>\n<p>Operational: <strong>Lorne Thomas<\/strong> (DGA)<\/p>\n<p>Researcher: <strong>Julien Malizard<\/strong> (Chair in Defence Economics)<\/p>\n<p><strong>11h15-12h30 :<\/strong><\/p>\n<p><em>*What are the links between natural resources and conflict?<\/em><\/p>\n<p>Operational:\/TBA\/<\/p>\n<p>Researcher: <strong>Couttenier Mathieu<\/strong> (ENS Lyon)<\/p>\n<p><strong>14h-15h15 :<\/strong><\/p>\n<p><em>\u00a0*How is the defence market evolving?<\/em><\/p>\n<p>Operational: <strong>Kurtz William<\/strong> GBA (CR) (SAFFRON)<\/p>\n<p>Researcher: <strong>Dumez Herv\u00e9<\/strong> (CRG - Polytechnique)<\/p>\n<p><strong>\u00a03.45pm - 5pm:<\/strong><\/p>\n<p><em>* How to combat new forms of terrorism?<\/em><\/p>\n<p>Operational:<strong> Hebinger Denis<\/strong> LCL (DGRIS)<\/p>\n<p>Researcher: <strong>Azam Jean-Paul<\/strong> (TSE)<\/p>\n<p>&nbsp;<\/p>","protected":false},"excerpt":{"rendered":"<p>\u00a0Forum EcoD&amp;C : \u00c9conomie de la d\u00e9fense et des conflits \u00a0Jeudi 25 octobre 2018 ENSTA ParisTech &#8211; 828 bd des mar\u00e9chaux &#8211; 91120 Palaiseau Organisateurs : C\u00e9cile Fauconnet et Didier Lebert (UEA &#8211; ENSTA ParisTech) et Antoine Pietri (IRSEM) Rencontre entre les mondes acad\u00e9mique et op\u00e9rationnel sur les questions de la d\u00e9fense et des conflits [&hellip;]<\/p>\n","protected":false},"author":1,"featured_media":564,"comment_status":"open","ping_status":"open","sticky":false,"template":"","format":"standard","meta":{"footnotes":""},"categories":[356],"tags":[118,193,194,52,195,60,196],"class_list":{"0":"post-1085","1":"post","2":"type-post","3":"status-publish","4":"format-standard","5":"has-post-thumbnail","7":"category-activites-participation-de-la-chaire-a-un-evenement","8":"tag-conflits","9":"tag-dga","10":"tag-ensta-paris-tech","11":"tag-exportations-darmes","12":"tag-forum-ecodc","13":"tag-innovation","14":"tag-irsem"},"yoast_head":"<!-- This site is optimized with the Yoast SEO plugin v27.4 - https:\/\/yoast.com\/product\/yoast-seo-wordpress\/ -->\n<title>Forum EcoD&amp;C : \u00c9conomie de la d\u00e9fense et des conflits, 25 octobre, Palaiseau - Chaire \u00c9conomie de d\u00e9fense - IHEDN<\/title>\n<meta name=\"robots\" content=\"index, follow, max-snippet:-1, max-image-preview:large, max-video-preview:-1\" \/>\n<link rel=\"canonical\" href=\"https:\/\/ecodef-ihedn.fr\/en\/forum-ecodc-economie-de-la-defense-et-des-conflits-25-octobre-palaiseau\/\" \/>\n<meta property=\"og:locale\" content=\"en_GB\" \/>\n<meta property=\"og:type\" content=\"article\" \/>\n<meta property=\"og:title\" content=\"Forum EcoD&amp;C : \u00c9conomie de la d\u00e9fense et des conflits, 25 octobre, Palaiseau - Chaire \u00c9conomie de d\u00e9fense - IHEDN\" \/>\n<meta property=\"og:description\" content=\"\u00a0Forum EcoD&amp;C : \u00c9conomie de la d\u00e9fense et des conflits \u00a0Jeudi 25 octobre 2018 ENSTA ParisTech &#8211; 828 bd des mar\u00e9chaux &#8211; 91120 Palaiseau Organisateurs : C\u00e9cile Fauconnet et Didier Lebert (UEA &#8211; ENSTA ParisTech) et Antoine Pietri (IRSEM) Rencontre entre les mondes acad\u00e9mique et op\u00e9rationnel sur les questions de la d\u00e9fense et des conflits [&hellip;]\" \/>\n<meta property=\"og:url\" content=\"https:\/\/ecodef-ihedn.fr\/en\/forum-ecodc-economie-de-la-defense-et-des-conflits-25-octobre-palaiseau\/\" \/>\n<meta property=\"og:site_name\" content=\"Chaire \u00c9conomie de d\u00e9fense - IHEDN\" \/>\n<meta property=\"article:published_time\" content=\"2018-09-28T00:00:00+00:00\" \/>\n<meta property=\"article:modified_time\" content=\"2020-04-09T11:47:50+00:00\" \/>\n<meta property=\"og:image\" content=\"https:\/\/ecodef-ihedn.fr\/wp-content\/uploads\/2020\/02\/ecole-militaire-paris-1.jpg\" \/>\n\t<meta property=\"og:image:width\" content=\"755\" \/>\n\t<meta property=\"og:image:height\" content=\"414\" \/>\n\t<meta property=\"og:image:type\" content=\"image\/jpeg\" \/>\n<meta name=\"author\" content=\"dev\" \/>\n<meta name=\"twitter:card\" content=\"summary_large_image\" \/>\n<meta name=\"twitter:creator\" content=\"@Chaire_Ecodef\" \/>\n<meta name=\"twitter:site\" content=\"@Chaire_Ecodef\" \/>\n<meta name=\"twitter:label1\" content=\"Written by\" \/>\n\t<meta name=\"twitter:data1\" content=\"dev\" \/>\n\t<meta name=\"twitter:label2\" content=\"Estimated reading time\" \/>\n\t<meta name=\"twitter:data2\" content=\"2 minutes\" \/>\n<script type=\"application\/ld+json\" class=\"yoast-schema-graph\">{\"@context\":\"https:\\\/\\\/schema.org\",\"@graph\":[{\"@type\":\"Article\",\"@id\":\"https:\\\/\\\/ecodef-ihedn.fr\\\/forum-ecodc-economie-de-la-defense-et-des-conflits-25-octobre-palaiseau\\\/#article\",\"isPartOf\":{\"@id\":\"https:\\\/\\\/ecodef-ihedn.fr\\\/forum-ecodc-economie-de-la-defense-et-des-conflits-25-octobre-palaiseau\\\/\"},\"author\":{\"name\":\"dev\",\"@id\":\"https:\\\/\\\/ecodef-ihedn.fr\\\/#\\\/schema\\\/person\\\/7b3f1a2d8fd336e0be2f9ff63ff0ebbc\"},\"headline\":\"Forum EcoD&amp;C : \u00c9conomie de la d\u00e9fense et des conflits, 25 octobre, Palaiseau\",\"datePublished\":\"2018-09-28T00:00:00+00:00\",\"dateModified\":\"2020-04-09T11:47:50+00:00\",\"mainEntityOfPage\":{\"@id\":\"https:\\\/\\\/ecodef-ihedn.fr\\\/forum-ecodc-economie-de-la-defense-et-des-conflits-25-octobre-palaiseau\\\/\"},\"wordCount\":414,\"commentCount\":0,\"publisher\":{\"@id\":\"https:\\\/\\\/ecodef-ihedn.fr\\\/#organization\"},\"image\":{\"@id\":\"https:\\\/\\\/ecodef-ihedn.fr\\\/forum-ecodc-economie-de-la-defense-et-des-conflits-25-octobre-palaiseau\\\/#primaryimage\"},\"thumbnailUrl\":\"https:\\\/\\\/ecodef-ihedn.fr\\\/wp-content\\\/uploads\\\/2020\\\/02\\\/ecole-militaire-paris-1.jpg\",\"keywords\":[\"Conflits\",\"DGA\",\"ENSTA Paris Tech\",\"exportations d'armes\",\"forum EcoD&amp;C\",\"innovation\",\"IRSEM\"],\"articleSection\":[\"Activit\u00e9s : participation de la Chaire \u00e0 un \u00e9v\u00e9nement\"],\"inLanguage\":\"en-GB\",\"potentialAction\":[{\"@type\":\"CommentAction\",\"name\":\"Comment\",\"target\":[\"https:\\\/\\\/ecodef-ihedn.fr\\\/forum-ecodc-economie-de-la-defense-et-des-conflits-25-octobre-palaiseau\\\/#respond\"]}]},{\"@type\":\"WebPage\",\"@id\":\"https:\\\/\\\/ecodef-ihedn.fr\\\/forum-ecodc-economie-de-la-defense-et-des-conflits-25-octobre-palaiseau\\\/\",\"url\":\"https:\\\/\\\/ecodef-ihedn.fr\\\/forum-ecodc-economie-de-la-defense-et-des-conflits-25-octobre-palaiseau\\\/\",\"name\":\"Forum EcoD&amp;C : \u00c9conomie de la d\u00e9fense et des conflits, 25 octobre, Palaiseau - Chaire \u00c9conomie de d\u00e9fense - IHEDN\",\"isPartOf\":{\"@id\":\"https:\\\/\\\/ecodef-ihedn.fr\\\/#website\"},\"primaryImageOfPage\":{\"@id\":\"https:\\\/\\\/ecodef-ihedn.fr\\\/forum-ecodc-economie-de-la-defense-et-des-conflits-25-octobre-palaiseau\\\/#primaryimage\"},\"image\":{\"@id\":\"https:\\\/\\\/ecodef-ihedn.fr\\\/forum-ecodc-economie-de-la-defense-et-des-conflits-25-octobre-palaiseau\\\/#primaryimage\"},\"thumbnailUrl\":\"https:\\\/\\\/ecodef-ihedn.fr\\\/wp-content\\\/uploads\\\/2020\\\/02\\\/ecole-militaire-paris-1.jpg\",\"datePublished\":\"2018-09-28T00:00:00+00:00\",\"dateModified\":\"2020-04-09T11:47:50+00:00\",\"breadcrumb\":{\"@id\":\"https:\\\/\\\/ecodef-ihedn.fr\\\/forum-ecodc-economie-de-la-defense-et-des-conflits-25-octobre-palaiseau\\\/#breadcrumb\"},\"inLanguage\":\"en-GB\",\"potentialAction\":[{\"@type\":\"ReadAction\",\"target\":[\"https:\\\/\\\/ecodef-ihedn.fr\\\/forum-ecodc-economie-de-la-defense-et-des-conflits-25-octobre-palaiseau\\\/\"]}]},{\"@type\":\"ImageObject\",\"inLanguage\":\"en-GB\",\"@id\":\"https:\\\/\\\/ecodef-ihedn.fr\\\/forum-ecodc-economie-de-la-defense-et-des-conflits-25-octobre-palaiseau\\\/#primaryimage\",\"url\":\"https:\\\/\\\/ecodef-ihedn.fr\\\/wp-content\\\/uploads\\\/2020\\\/02\\\/ecole-militaire-paris-1.jpg\",\"contentUrl\":\"https:\\\/\\\/ecodef-ihedn.fr\\\/wp-content\\\/uploads\\\/2020\\\/02\\\/ecole-militaire-paris-1.jpg\",\"width\":755,\"height\":414},{\"@type\":\"BreadcrumbList\",\"@id\":\"https:\\\/\\\/ecodef-ihedn.fr\\\/forum-ecodc-economie-de-la-defense-et-des-conflits-25-octobre-palaiseau\\\/#breadcrumb\",\"itemListElement\":[{\"@type\":\"ListItem\",\"position\":1,\"name\":\"Accueil\",\"item\":\"https:\\\/\\\/ecodef-ihedn.fr\\\/\"},{\"@type\":\"ListItem\",\"position\":2,\"name\":\"Forum EcoD&amp;C : \u00c9conomie de la d\u00e9fense et des conflits, 25 octobre, Palaiseau\"}]},{\"@type\":\"WebSite\",\"@id\":\"https:\\\/\\\/ecodef-ihedn.fr\\\/#website\",\"url\":\"https:\\\/\\\/ecodef-ihedn.fr\\\/\",\"name\":\"Chaire \u00c9conomie de D\u00e9fense - IHEDN\",\"description\":\"Produire &amp; soutenir, f\u00e9d\u00e9rer &amp; diffuser, \u00eatre une interface\",\"publisher\":{\"@id\":\"https:\\\/\\\/ecodef-ihedn.fr\\\/#organization\"},\"potentialAction\":[{\"@type\":\"SearchAction\",\"target\":{\"@type\":\"EntryPoint\",\"urlTemplate\":\"https:\\\/\\\/ecodef-ihedn.fr\\\/?s={search_term_string}\"},\"query-input\":{\"@type\":\"PropertyValueSpecification\",\"valueRequired\":true,\"valueName\":\"search_term_string\"}}],\"inLanguage\":\"en-GB\"},{\"@type\":\"Organization\",\"@id\":\"https:\\\/\\\/ecodef-ihedn.fr\\\/#organization\",\"name\":\"Chaire \u00c9conomie de d\u00e9fense - IHEDN\",\"url\":\"https:\\\/\\\/ecodef-ihedn.fr\\\/\",\"logo\":{\"@type\":\"ImageObject\",\"inLanguage\":\"en-GB\",\"@id\":\"https:\\\/\\\/ecodef-ihedn.fr\\\/#\\\/schema\\\/logo\\\/image\\\/\",\"url\":\"https:\\\/\\\/ecodef-ihedn.fr\\\/wp-content\\\/uploads\\\/2020\\\/04\\\/logoEcodef9.jpg\",\"contentUrl\":\"https:\\\/\\\/ecodef-ihedn.fr\\\/wp-content\\\/uploads\\\/2020\\\/04\\\/logoEcodef9.jpg\",\"width\":410,\"height\":212,\"caption\":\"Chaire \u00c9conomie de d\u00e9fense - IHEDN\"},\"image\":{\"@id\":\"https:\\\/\\\/ecodef-ihedn.fr\\\/#\\\/schema\\\/logo\\\/image\\\/\"},\"sameAs\":[\"https:\\\/\\\/x.com\\\/Chaire_Ecodef\",\"https:\\\/\\\/www.linkedin.com\\\/company\\\/chaire-ecodef-ihedn\\\/\"]},{\"@type\":\"Person\",\"@id\":\"https:\\\/\\\/ecodef-ihedn.fr\\\/#\\\/schema\\\/person\\\/7b3f1a2d8fd336e0be2f9ff63ff0ebbc\",\"name\":\"dev\",\"image\":{\"@type\":\"ImageObject\",\"inLanguage\":\"en-GB\",\"@id\":\"https:\\\/\\\/secure.gravatar.com\\\/avatar\\\/f1ffcac9ca2fa95ad3ec33e9be3ade82f752acb0cabe541e56c5889225afa88a?s=96&d=mm&r=g\",\"url\":\"https:\\\/\\\/secure.gravatar.com\\\/avatar\\\/f1ffcac9ca2fa95ad3ec33e9be3ade82f752acb0cabe541e56c5889225afa88a?s=96&d=mm&r=g\",\"contentUrl\":\"https:\\\/\\\/secure.gravatar.com\\\/avatar\\\/f1ffcac9ca2fa95ad3ec33e9be3ade82f752acb0cabe541e56c5889225afa88a?s=96&d=mm&r=g\",\"caption\":\"dev\"},\"url\":\"https:\\\/\\\/ecodef-ihedn.fr\\\/en\\\/author\\\/dev\\\/\"}]}<\/script>\n<!-- \/ Yoast SEO plugin. -->","yoast_head_json":{"title":"Forum EcoD&amp;C : \u00c9conomie de la d\u00e9fense et des conflits, 25 octobre, Palaiseau - Chaire \u00c9conomie de d\u00e9fense - IHEDN","robots":{"index":"index","follow":"follow","max-snippet":"max-snippet:-1","max-image-preview":"max-image-preview:large","max-video-preview":"max-video-preview:-1"},"canonical":"https:\/\/ecodef-ihedn.fr\/en\/forum-ecodc-economie-de-la-defense-et-des-conflits-25-octobre-palaiseau\/","og_locale":"en_GB","og_type":"article","og_title":"Forum EcoD&amp;C : \u00c9conomie de la d\u00e9fense et des conflits, 25 octobre, Palaiseau - Chaire \u00c9conomie de d\u00e9fense - IHEDN","og_description":"\u00a0Forum EcoD&amp;C : \u00c9conomie de la d\u00e9fense et des conflits \u00a0Jeudi 25 octobre 2018 ENSTA ParisTech &#8211; 828 bd des mar\u00e9chaux &#8211; 91120 Palaiseau Organisateurs : C\u00e9cile Fauconnet et Didier Lebert (UEA &#8211; ENSTA ParisTech) et Antoine Pietri (IRSEM) Rencontre entre les mondes acad\u00e9mique et op\u00e9rationnel sur les questions de la d\u00e9fense et des conflits [&hellip;]","og_url":"https:\/\/ecodef-ihedn.fr\/en\/forum-ecodc-economie-de-la-defense-et-des-conflits-25-octobre-palaiseau\/","og_site_name":"Chaire \u00c9conomie de d\u00e9fense - IHEDN","article_published_time":"2018-09-28T00:00:00+00:00","article_modified_time":"2020-04-09T11:47:50+00:00","og_image":[{"width":755,"height":414,"url":"https:\/\/ecodef-ihedn.fr\/wp-content\/uploads\/2020\/02\/ecole-militaire-paris-1.jpg","type":"image\/jpeg"}],"author":"dev","twitter_card":"summary_large_image","twitter_creator":"@Chaire_Ecodef","twitter_site":"@Chaire_Ecodef","twitter_misc":{"Written by":"dev","Estimated reading time":"2 minutes"},"schema":{"@context":"https:\/\/schema.org","@graph":[{"@type":"Article","@id":"https:\/\/ecodef-ihedn.fr\/forum-ecodc-economie-de-la-defense-et-des-conflits-25-octobre-palaiseau\/#article","isPartOf":{"@id":"https:\/\/ecodef-ihedn.fr\/forum-ecodc-economie-de-la-defense-et-des-conflits-25-octobre-palaiseau\/"},"author":{"name":"dev","@id":"https:\/\/ecodef-ihedn.fr\/#\/schema\/person\/7b3f1a2d8fd336e0be2f9ff63ff0ebbc"},"headline":"Forum EcoD&amp;C : \u00c9conomie de la d\u00e9fense et des conflits, 25 octobre, Palaiseau","datePublished":"2018-09-28T00:00:00+00:00","dateModified":"2020-04-09T11:47:50+00:00","mainEntityOfPage":{"@id":"https:\/\/ecodef-ihedn.fr\/forum-ecodc-economie-de-la-defense-et-des-conflits-25-octobre-palaiseau\/"},"wordCount":414,"commentCount":0,"publisher":{"@id":"https:\/\/ecodef-ihedn.fr\/#organization"},"image":{"@id":"https:\/\/ecodef-ihedn.fr\/forum-ecodc-economie-de-la-defense-et-des-conflits-25-octobre-palaiseau\/#primaryimage"},"thumbnailUrl":"https:\/\/ecodef-ihedn.fr\/wp-content\/uploads\/2020\/02\/ecole-militaire-paris-1.jpg","keywords":["Conflits","DGA","ENSTA Paris Tech","exportations d'armes","forum EcoD&amp;C","innovation","IRSEM"],"articleSection":["Activit\u00e9s : participation de la Chaire \u00e0 un \u00e9v\u00e9nement"],"inLanguage":"en-GB","potentialAction":[{"@type":"CommentAction","name":"Comment","target":["https:\/\/ecodef-ihedn.fr\/forum-ecodc-economie-de-la-defense-et-des-conflits-25-octobre-palaiseau\/#respond"]}]},{"@type":"WebPage","@id":"https:\/\/ecodef-ihedn.fr\/forum-ecodc-economie-de-la-defense-et-des-conflits-25-octobre-palaiseau\/","url":"https:\/\/ecodef-ihedn.fr\/forum-ecodc-economie-de-la-defense-et-des-conflits-25-octobre-palaiseau\/","name":"Forum EcoD&amp;C : \u00c9conomie de la d\u00e9fense et des conflits, 25 octobre, Palaiseau - Chaire \u00c9conomie de d\u00e9fense - IHEDN","isPartOf":{"@id":"https:\/\/ecodef-ihedn.fr\/#website"},"primaryImageOfPage":{"@id":"https:\/\/ecodef-ihedn.fr\/forum-ecodc-economie-de-la-defense-et-des-conflits-25-octobre-palaiseau\/#primaryimage"},"image":{"@id":"https:\/\/ecodef-ihedn.fr\/forum-ecodc-economie-de-la-defense-et-des-conflits-25-octobre-palaiseau\/#primaryimage"},"thumbnailUrl":"https:\/\/ecodef-ihedn.fr\/wp-content\/uploads\/2020\/02\/ecole-militaire-paris-1.jpg","datePublished":"2018-09-28T00:00:00+00:00","dateModified":"2020-04-09T11:47:50+00:00","breadcrumb":{"@id":"https:\/\/ecodef-ihedn.fr\/forum-ecodc-economie-de-la-defense-et-des-conflits-25-octobre-palaiseau\/#breadcrumb"},"inLanguage":"en-GB","potentialAction":[{"@type":"ReadAction","target":["https:\/\/ecodef-ihedn.fr\/forum-ecodc-economie-de-la-defense-et-des-conflits-25-octobre-palaiseau\/"]}]},{"@type":"ImageObject","inLanguage":"en-GB","@id":"https:\/\/ecodef-ihedn.fr\/forum-ecodc-economie-de-la-defense-et-des-conflits-25-octobre-palaiseau\/#primaryimage","url":"https:\/\/ecodef-ihedn.fr\/wp-content\/uploads\/2020\/02\/ecole-militaire-paris-1.jpg","contentUrl":"https:\/\/ecodef-ihedn.fr\/wp-content\/uploads\/2020\/02\/ecole-militaire-paris-1.jpg","width":755,"height":414},{"@type":"BreadcrumbList","@id":"https:\/\/ecodef-ihedn.fr\/forum-ecodc-economie-de-la-defense-et-des-conflits-25-octobre-palaiseau\/#breadcrumb","itemListElement":[{"@type":"ListItem","position":1,"name":"Accueil","item":"https:\/\/ecodef-ihedn.fr\/"},{"@type":"ListItem","position":2,"name":"Forum EcoD&amp;C : \u00c9conomie de la d\u00e9fense et des conflits, 25 octobre, Palaiseau"}]},{"@type":"WebSite","@id":"https:\/\/ecodef-ihedn.fr\/#website","url":"https:\/\/ecodef-ihedn.fr\/","name":"Chair in Defence Economics - IHEDN","description":"Produce &amp; support, federate &amp; disseminate, act as an interface","publisher":{"@id":"https:\/\/ecodef-ihedn.fr\/#organization"},"potentialAction":[{"@type":"SearchAction","target":{"@type":"EntryPoint","urlTemplate":"https:\/\/ecodef-ihedn.fr\/?s={search_term_string}"},"query-input":{"@type":"PropertyValueSpecification","valueRequired":true,"valueName":"search_term_string"}}],"inLanguage":"en-GB"},{"@type":"Organization","@id":"https:\/\/ecodef-ihedn.fr\/#organization","name":"Chair in Defence Economics - IHEDN","url":"https:\/\/ecodef-ihedn.fr\/","logo":{"@type":"ImageObject","inLanguage":"en-GB","@id":"https:\/\/ecodef-ihedn.fr\/#\/schema\/logo\/image\/","url":"https:\/\/ecodef-ihedn.fr\/wp-content\/uploads\/2020\/04\/logoEcodef9.jpg","contentUrl":"https:\/\/ecodef-ihedn.fr\/wp-content\/uploads\/2020\/04\/logoEcodef9.jpg","width":410,"height":212,"caption":"Chaire \u00c9conomie de d\u00e9fense - IHEDN"},"image":{"@id":"https:\/\/ecodef-ihedn.fr\/#\/schema\/logo\/image\/"},"sameAs":["https:\/\/x.com\/Chaire_Ecodef","https:\/\/www.linkedin.com\/company\/chaire-ecodef-ihedn\/"]},{"@type":"Person","@id":"https:\/\/ecodef-ihedn.fr\/#\/schema\/person\/7b3f1a2d8fd336e0be2f9ff63ff0ebbc","name":"dev","image":{"@type":"ImageObject","inLanguage":"en-GB","@id":"https:\/\/secure.gravatar.com\/avatar\/f1ffcac9ca2fa95ad3ec33e9be3ade82f752acb0cabe541e56c5889225afa88a?s=96&d=mm&r=g","url":"https:\/\/secure.gravatar.com\/avatar\/f1ffcac9ca2fa95ad3ec33e9be3ade82f752acb0cabe541e56c5889225afa88a?s=96&d=mm&r=g","contentUrl":"https:\/\/secure.gravatar.com\/avatar\/f1ffcac9ca2fa95ad3ec33e9be3ade82f752acb0cabe541e56c5889225afa88a?s=96&d=mm&r=g","caption":"dev"},"url":"https:\/\/ecodef-ihedn.fr\/en\/author\/dev\/"}]}},"_links":{"self":[{"href":"https:\/\/ecodef-ihedn.fr\/en\/wp-json\/wp\/v2\/posts\/1085","targetHints":{"allow":["GET"]}}],"collection":[{"href":"https:\/\/ecodef-ihedn.fr\/en\/wp-json\/wp\/v2\/posts"}],"about":[{"href":"https:\/\/ecodef-ihedn.fr\/en\/wp-json\/wp\/v2\/types\/post"}],"author":[{"embeddable":true,"href":"https:\/\/ecodef-ihedn.fr\/en\/wp-json\/wp\/v2\/users\/1"}],"replies":[{"embeddable":true,"href":"https:\/\/ecodef-ihedn.fr\/en\/wp-json\/wp\/v2\/comments?post=1085"}],"version-history":[{"count":1,"href":"https:\/\/ecodef-ihedn.fr\/en\/wp-json\/wp\/v2\/posts\/1085\/revisions"}],"predecessor-version":[{"id":1348,"href":"https:\/\/ecodef-ihedn.fr\/en\/wp-json\/wp\/v2\/posts\/1085\/revisions\/1348"}],"wp:featuredmedia":[{"embeddable":true,"href":"https:\/\/ecodef-ihedn.fr\/en\/wp-json\/wp\/v2\/media\/564"}],"wp:attachment":[{"href":"https:\/\/ecodef-ihedn.fr\/en\/wp-json\/wp\/v2\/media?parent=1085"}],"wp:term":[{"taxonomy":"category","embeddable":true,"href":"https:\/\/ecodef-ihedn.fr\/en\/wp-json\/wp\/v2\/categories?post=1085"},{"taxonomy":"post_tag","embeddable":true,"href":"https:\/\/ecodef-ihedn.fr\/en\/wp-json\/wp\/v2\/tags?post=1085"}],"curies":[{"name":"wp","href":"https:\/\/api.w.org\/{rel}","templated":true}]}}