{"id":1088,"date":"2018-10-15T00:00:00","date_gmt":"2018-10-15T00:00:00","guid":{"rendered":"https:\/\/ecodef-ihedn.fr\/prix-deconomie-de-la-defense-2017-retour-sur-les-travaux-des-laureats\/"},"modified":"2020-04-10T08:35:00","modified_gmt":"2020-04-10T08:35:00","slug":"prix-deconomie-de-la-defense-2017-retour-sur-les-travaux-des-laureats","status":"publish","type":"post","link":"https:\/\/ecodef-ihedn.fr\/en\/prix-deconomie-de-la-defense-2017-retour-sur-les-travaux-des-laureats\/","title":{"rendered":"Prix d'\u00e9conomie de la D\u00e9fense 2017: a look back at the work of the winners"},"content":{"rendered":"<h2>Annual Defence Economics Prize<\/h2>\n<p style=\"text-align: justify\">Le <a href=\"https:\/\/www.defense.gouv.fr\/sga\/le-sga-en-action\/economie-et-statistiques\/evenements\/prix-economie\" target=\"_blank\" rel=\"noopener noreferrer\"><strong>Annual Defence Economics Prize<\/strong><\/a> from the French Ministry of Defence is awarded to a thesis, a presentation of original scientific work or a postgraduate dissertation for its quality, originality and interest in the field of defence economics.<\/p>\n<p style=\"text-align: justify\"><strong>In 2015,<\/strong> <a href=\"https:\/\/www.researchgate.net\/profile\/Josselin_Droff\" target=\"_blank\" rel=\"noopener noreferrer\"><strong>Josselin DROFF<\/strong><\/a>, a researcher at the <strong>Chair in Defence Economics<\/strong> was <a href=\"https:\/\/www.youtube.com\/watch?v=SESJOqmzhxY\" target=\"_blank\" rel=\"noopener noreferrer\"><strong>winner of the<\/strong><\/a> for his thesis entitled\u00ab\u00a0<a href=\"https:\/\/tel.archives-ouvertes.fr\/tel-01089240\/file\/These-2013-EDSM-Sciences_economiques-DROFF_Josselin.pdf\" target=\"_blank\" rel=\"noopener noreferrer\">The Space Factor in Defence Economics: Application to the Maintenance in Operational Condition (MCO) of Defence Equipment<\/a>\u00ab\u00a0.<\/p>\n<p style=\"text-align: justify\"><strong>This year<\/strong>, two prizes were awarded on <strong>Friday 5 October 2018<\/strong>. The thesis prize is awarded to <a href=\"https:\/\/sites.google.com\/site\/antpietri\/\" target=\"_blank\" rel=\"noopener noreferrer\"><strong>Antoine PIETRI<\/strong> <\/a>(IRSEM - Paris 1) for his thesis on <strong>conflict modelling<\/strong> and the University Dissertation Prize was awarded to <a href=\"https:\/\/www.research.manchester.ac.uk\/portal\/oishee.kundu-postgrad.html\" target=\"_blank\" rel=\"noopener noreferrer\"><strong>Oishee KUNDU<\/strong><\/a> (Science Po Paris - Manchester Business School) for his work on the <strong>operational, strategic and economic issues relating to weapons programmes in India<\/strong>.<\/p>\n<p><a href=\"https:\/\/ecodef-ihedn.fr\/wp-content\/uploads\/2020\/04\/prix_ecodef2.jpg\"><img loading=\"lazy\" decoding=\"async\" class=\"aligncenter wp-image-6487\" src=\"https:\/\/ecodef-ihedn.fr\/wp-content\/uploads\/2020\/04\/prix_ecodef2.jpg\" alt=\"\" width=\"643\" height=\"482\" \/><\/a><\/p>\n<p>Presentation of the Defence Economics Prize, 5 October 2018 at Balard, Ministry of the Armed Forces with from left to right: Oishee Kundu (Sce Po Paris, Manchester Business School), Fran\u00e7ois Devoucoux Du Buysson (DAF), Christophe Mauriet (DAF) and Antoine Pietri (IRSEM)<\/p>\n<h2>Thesis prize: Antoine PIETRI<\/h2>\n<p style=\"text-align: justify\">December 2016, <strong>Antoine Pietri<\/strong> defended his thesis entitled\u00ab\u00a0<a href=\"http:\/\/www.theses.fr\/2016PA01E052\" target=\"_blank\" rel=\"noopener noreferrer\">The economic theory of conflict in the light of Contest Theory\u2018<\/a>\u00a0\u00bbat the Centre d'\u00c9conomie de la Sorbonne (CES),<strong> University of Paris 1 Panth\u00e9on-Sorbonne.<\/strong> This thesis was carried out under the supervision of<strong> Mehrdad Vahabi<\/strong> and <strong>Claude M\u00e9nard.<\/strong><\/p>\n<p style=\"text-align: justify\">His thesis consists of <strong>four research articles<\/strong> about how the <strong>economic theory<\/strong> takes into account <strong>conflict, appropriation and violence<\/strong>. In this thesis, the theoretical framework used is that of the \u2018<em>Contest Theory<\/em>\u2019which takes into account the appropriation by a <strong>\u00abbutter-canon arbitration\u00bb<\/strong>. In other words, an individual - or a country - has limited resources which it can use for appropriative purposes (\u2018canons\u2019) or productive purposes (\u2018butter\u2019).<\/p>\n<ul>\n<li style=\"text-align: justify\">Le <a href=\"https:\/\/www.cairn.info\/revue-d-economie-politique-2017-3-p-307.htm\" target=\"_blank\" rel=\"noopener noreferrer\"><strong>first article<\/strong><\/a> explores the ins and outs of this theoretical framework for the economic analysis of conflict.<\/li>\n<li style=\"text-align: justify\">Le <a href=\"http:\/\/www.ingentaconnect.com\/contentone\/mohr\/jite\/2017\/00000173\/00000002\/art00003\" target=\"_blank\" rel=\"noopener noreferrer\"><strong>second article<\/strong><\/a> deals with the territorial expansion of empires. It shows that the more a territory's population has assets that can be easily redeployed, the greater the territorial dominance of merchant empires over other forms of empire.<\/li>\n<li style=\"text-align: justify\">Le <strong>third article <\/strong>(unpublished) looks at the possible motivations for arms trading between two enemy countries. The main finding is that if the seller has both a military and civilian technological edge over the buyer, the arms trade can be mutually beneficial, even if the countries are enemies.<\/li>\n<li style=\"text-align: justify\">In the <a href=\"https:\/\/www.sciencedirect.com\/science\/article\/pii\/S0167268118302178\" target=\"_blank\" rel=\"noopener noreferrer\"><strong>fourth article<\/strong><\/a>, The author proposes to use the virtual world to study the formation of the probability of victory on a battlefield. Using an original database derived from video games <em>EVE Online<\/em>, It would appear that the best way of understanding the probability of victory in a conflict is to study the relative difference between the forces involved (and not the ratio or absolute difference).<\/li>\n<\/ul>\n<p style=\"text-align: justify\"><strong>Antoine Pietri<\/strong> is now a researcher at the\u2019<a href=\"https:\/\/www.defense.gouv.fr\/irsem\" target=\"_blank\" rel=\"noopener noreferrer\"><strong>Strategic Research Institute of the \u00c9cole Militaire<\/strong><\/a> (IRSEM) and continues its work on\u2019<strong>operationalising its research<\/strong>.<\/p>\n<h2>Memory Prize: Oishee KUNDU<\/h2>\n<p><strong>Title:<\/strong> The Challenges of Defence Procurement in India in the 21<sup>st<\/sup> Century<\/p>\n<p><strong>Author:<\/strong> Oishee Kundu (Sciences Po, Paris), <strong>Supervisor:<\/strong> Jean-Michel Oudot,<\/p>\n<p style=\"text-align: justify\">Economic analysis of defence procurement is necessary because, like all public procurement activities, it faces <strong>agency problems<\/strong> and transaction costs. The identification of challenges in defence procurement can be used to <strong>control the impact of risks on operational, strategic and economic objectives of nation-states<\/strong>.<\/p>\n<p style=\"text-align: justify\">In the 21<sup>st<\/sup> century, the <strong>globalisation of defence industries and the increased private sector participation<\/strong> is changing market conditions and procurement choices. Additionally, warfare practices and strategies have changed, which has also changed <strong>procurement practices<\/strong>.<\/p>\n<p style=\"text-align: justify\">The motivation of this research is to <strong>identify defence procurement challenges in India in the 21<sup>st<\/sup> century<\/strong>- a country that is increasingly becoming important as a buyer of weapons, is making new industrial and technological choices, has pressing operational needs due to its territorial disputes with Pakistan and China, and continues to balance these against an unfulfilled developmental agenda.<\/p>\n<p style=\"text-align: justify\"><strong>Existing literature and gaps<\/strong><\/p>\n<p style=\"text-align: justify\">The theoretical framework for studying defence procurement challenges have been the agency theory, which assumes self-interested rational agents whose actions are a reaction to incentives, or transaction cost economics, which assumes opportunistic behaviour by agents in contracts that are associated with high degrees of uncertainty.<\/p>\n<p style=\"text-align: justify\">These theories are incorporated with empirical methods like benchmarking and risk analysis to identify the challenges that can occur at different stages of procurement, and<strong> the risks can be broadly classified<\/strong> as <strong>technological<\/strong> (relating to technical complexity, research and development), <strong>contractual<\/strong> (the negotiation and enforcement of contracts, organisational (relating to procedures and organisational structures, and <strong>institutional<\/strong> (political climate, market environment).<\/p>\n<p style=\"text-align: justify\">There is a systemic<strong> gap in the literature<\/strong> on Indian defence procurement challenges<strong> in terms of methodology<\/strong> and there is much to be gained through a quantitative determination of the probability and impact of risks. The methodology of risk analysis, which has been used in US, UK and France to identify procurement problems, has not taken place in India so far.<\/p>\n<p style=\"text-align: justify\"><strong>Research question and methodology<\/strong><\/p>\n<p style=\"text-align: justify\">The research question aims at identifying the challenges of timely procurement in Indian defence, since non-adherence to stipulated timelines has economic, operational and strategic implications.<\/p>\n<p style=\"text-align: justify\">The <strong>methodology of risk analysis<\/strong> has been introduced in this context- risk analysis starts with objectives and creates corresponding parameters on which one can obtain statistics to quantify performance and use the dataset so created to identify challenges and their impact.<\/p>\n<p style=\"text-align: justify\">Here,<strong> the performance parameter is schedule performance<\/strong>, calculated as delay, which is the excess time taken expressed as a percentage of stipulated time.<\/p>\n<p style=\"text-align: justify\">The unit of analysis is a contractual activity, and details on <strong>90 such contracts<\/strong> could be obtained <strong>from the defence audit reports<\/strong> published by the office of the Comptroller and Auditor General of India. This original dataset forms the basis of the study and while it is not a random sample of Indian defence contracts (the publicly available defence audit only publishes information on contracts that displayed deviations), it covers the range of procurement activities and includes both domestic and foreign agents with whom the Ministry of Defence enters into a contract.<\/p>\n<p style=\"text-align: justify\"><strong>53 interviews were further conducted in India<\/strong> to substantiate the findings, <strong>appreciate the complexity and nuances<\/strong>, cross-check points of view, ideas and conclusions, and gain the stakeholder perspective. The interviews were conducted with a questionnaire that contained both open-ended and closed questions. The interview respondents were identified on the basis of their involvement in an executive capacity (government or industrial) in defence procurement in recent years and through snowball sampling.<\/p>\n<p style=\"text-align: justify\"><strong>Findings<\/strong><\/p>\n<p style=\"text-align: justify\">The findings display a <strong>high probability of technological risk, followed by contractual risks<\/strong>. Contractual risks are also the cause in contracts displaying excessive delays (greater than 300%). Technological risks are <strong>concentrated in cases of indigenous procurement<\/strong> while contractual risks mostly occur in contracts where the Ministry of Defence has to deal with agents outside its own organisation- foreign suppliers and Indian private companies. <strong>This indicates frictions and transaction costs.<\/strong><\/p>\n<p style=\"text-align: justify\"><strong>Contractual risks are relatively more important<\/strong> because of their probability and impact, measured as the average delay caused by the risk. They are also mostly found in the contracts of the Indian Army, the most pro-active military service in India, and thus assume greater importance from the operational perspective.<\/p>\n<p style=\"text-align: justify\">A deeper discussion of <strong>technological risks<\/strong> shows that most of them (13 of 31 cases) are due to<strong> lack of infrastructure<\/strong>, and in the case of <strong>contractual risks<\/strong> occurred <strong>during production and delivery phase<\/strong> (22 of 28 cases), i.e. <em>ex post<\/em>, hinting at opportunism and reaffirming the behavioural assumption of opportunism in transaction cost economics.<\/p>\n<p style=\"text-align: justify\"><strong>Conclusions<\/strong><\/p>\n<p style=\"text-align: justify\"><strong>Technological risks in indigenous production need to be recognised<\/strong>, especially in light of the current government's flagship \u2018Make in India\u2019 initiative- a set of policies that favours manufacturing in India. However, such an endeavour will be limited in success if infrastructure needs are not addressed.<\/p>\n<p style=\"text-align: justify\">Additionally, the transaction costs that the Ministry of Defence is incurring with foreign suppliers and even Indian private companies is of special concern given India's dubious distinction of being the largest arms importer in the world.<\/p>\n<p style=\"text-align: justify\">The policy implication of this study for improving schedule performance in Indian defence procurement would be <strong>to build infrastructure and skills in research and contracting<\/strong>. Beyond that, this study shows, like others which have used risk analysis, that the methodology can give new insights into the discussion of procurement challenges, and at odds with stakeholder perceptions.<\/p>\n<p>&nbsp;<\/p>\n<p><strong>NB<\/strong>A <strong>more detailed presentation<\/strong> from<strong> the work of the two authors<\/strong> is available at the following link: <a href=\"https:\/\/www.epsilon.insee.fr\/jspui\/bitstream\/1\/77313\/1\/EcoDef_etudes_106.pdf\" target=\"_blank\" rel=\"noopener noreferrer\">Ecodef n\u00b0106<\/a>, OED<\/p>\n<p>&nbsp;<\/p>","protected":false},"excerpt":{"rendered":"<p>Prix annuel d&rsquo;\u00e9conomie de la D\u00e9fense Le prix annuel d\u2019\u00e9conomie de la D\u00e9fense du minist\u00e8re des Arm\u00e9es r\u00e9compense une th\u00e8se, la pr\u00e9sentation de travaux scientifiques originaux ou un m\u00e9moire universitaire de deuxi\u00e8me ou de troisi\u00e8me cycle pour sa qualit\u00e9, son originalit\u00e9 et son int\u00e9r\u00eat vis-\u00e0-vis du domaine de l\u2019\u00e9conomie de la d\u00e9fense. En 2015, Josselin [&hellip;]<\/p>\n","protected":false},"author":1,"featured_media":1089,"comment_status":"open","ping_status":"open","sticky":false,"template":"","format":"standard","meta":{"footnotes":""},"categories":[360],"tags":[201,162,118,202,95,56],"class_list":{"0":"post-1088","1":"post","2":"type-post","3":"status-publish","4":"format-standard","5":"has-post-thumbnail","7":"category-actualites-du-reseau","8":"tag-balard","9":"tag-chaire-economie-de-defense","10":"tag-conflits","11":"tag-josselin-droff","12":"tag-ministere-des-armees","13":"tag-prix-deconomie-de-la-defense"},"yoast_head":"<!-- This site is optimized with the Yoast SEO plugin v27.4 - https:\/\/yoast.com\/product\/yoast-seo-wordpress\/ -->\n<title>Prix d&#039;\u00e9conomie de la D\u00e9fense 2017 : retour sur les travaux des laur\u00e9ats - Chaire \u00c9conomie de d\u00e9fense - IHEDN<\/title>\n<meta name=\"robots\" content=\"index, follow, max-snippet:-1, max-image-preview:large, max-video-preview:-1\" \/>\n<link rel=\"canonical\" href=\"https:\/\/ecodef-ihedn.fr\/en\/prix-deconomie-de-la-defense-2017-retour-sur-les-travaux-des-laureats\/\" \/>\n<meta property=\"og:locale\" content=\"en_GB\" \/>\n<meta property=\"og:type\" content=\"article\" \/>\n<meta property=\"og:title\" content=\"Prix d&#039;\u00e9conomie de la D\u00e9fense 2017 : retour sur les travaux des laur\u00e9ats - Chaire \u00c9conomie de d\u00e9fense - IHEDN\" \/>\n<meta property=\"og:description\" content=\"Prix annuel d&rsquo;\u00e9conomie de la D\u00e9fense Le prix annuel d\u2019\u00e9conomie de la D\u00e9fense du minist\u00e8re des Arm\u00e9es r\u00e9compense une th\u00e8se, la pr\u00e9sentation de travaux scientifiques originaux ou un m\u00e9moire universitaire de deuxi\u00e8me ou de troisi\u00e8me cycle pour sa qualit\u00e9, son originalit\u00e9 et son int\u00e9r\u00eat vis-\u00e0-vis du domaine de l\u2019\u00e9conomie de la d\u00e9fense. En 2015, Josselin [&hellip;]\" \/>\n<meta property=\"og:url\" content=\"https:\/\/ecodef-ihedn.fr\/en\/prix-deconomie-de-la-defense-2017-retour-sur-les-travaux-des-laureats\/\" \/>\n<meta property=\"og:site_name\" content=\"Chaire \u00c9conomie de d\u00e9fense - IHEDN\" \/>\n<meta property=\"article:published_time\" content=\"2018-10-15T00:00:00+00:00\" \/>\n<meta property=\"article:modified_time\" content=\"2020-04-10T08:35:00+00:00\" \/>\n<meta property=\"og:image\" content=\"https:\/\/ecodef-ihedn.fr\/wp-content\/uploads\/2020\/04\/prix_ecodef2.jpg\" \/>\n\t<meta property=\"og:image:width\" content=\"2048\" \/>\n\t<meta property=\"og:image:height\" content=\"1536\" \/>\n\t<meta property=\"og:image:type\" content=\"image\/jpeg\" \/>\n<meta name=\"author\" content=\"dev\" \/>\n<meta name=\"twitter:card\" content=\"summary_large_image\" \/>\n<meta name=\"twitter:creator\" content=\"@Chaire_Ecodef\" \/>\n<meta name=\"twitter:site\" content=\"@Chaire_Ecodef\" \/>\n<meta name=\"twitter:label1\" content=\"Written by\" \/>\n\t<meta name=\"twitter:data1\" content=\"dev\" \/>\n\t<meta name=\"twitter:label2\" content=\"Estimated reading time\" \/>\n\t<meta name=\"twitter:data2\" content=\"8 minutes\" \/>\n<script type=\"application\/ld+json\" class=\"yoast-schema-graph\">{\"@context\":\"https:\\\/\\\/schema.org\",\"@graph\":[{\"@type\":\"Article\",\"@id\":\"https:\\\/\\\/ecodef-ihedn.fr\\\/prix-deconomie-de-la-defense-2017-retour-sur-les-travaux-des-laureats\\\/#article\",\"isPartOf\":{\"@id\":\"https:\\\/\\\/ecodef-ihedn.fr\\\/prix-deconomie-de-la-defense-2017-retour-sur-les-travaux-des-laureats\\\/\"},\"author\":{\"name\":\"dev\",\"@id\":\"https:\\\/\\\/ecodef-ihedn.fr\\\/#\\\/schema\\\/person\\\/7b3f1a2d8fd336e0be2f9ff63ff0ebbc\"},\"headline\":\"Prix d&rsquo;\u00e9conomie de la D\u00e9fense 2017 : retour sur les travaux des laur\u00e9ats\",\"datePublished\":\"2018-10-15T00:00:00+00:00\",\"dateModified\":\"2020-04-10T08:35:00+00:00\",\"mainEntityOfPage\":{\"@id\":\"https:\\\/\\\/ecodef-ihedn.fr\\\/prix-deconomie-de-la-defense-2017-retour-sur-les-travaux-des-laureats\\\/\"},\"wordCount\":1533,\"commentCount\":0,\"publisher\":{\"@id\":\"https:\\\/\\\/ecodef-ihedn.fr\\\/#organization\"},\"image\":{\"@id\":\"https:\\\/\\\/ecodef-ihedn.fr\\\/prix-deconomie-de-la-defense-2017-retour-sur-les-travaux-des-laureats\\\/#primaryimage\"},\"thumbnailUrl\":\"https:\\\/\\\/ecodef-ihedn.fr\\\/wp-content\\\/uploads\\\/2020\\\/04\\\/prix_ecodef2.jpg\",\"keywords\":[\"Balard\",\"chaire \u00e9conomie de d\u00e9fense\",\"Conflits\",\"Josselin Droff\",\"Minist\u00e8re des Arm\u00e9es\",\"prix d'\u00e9conomie de la D\u00e9fense\"],\"articleSection\":[\"Actualit\u00e9s du r\u00e9seau\"],\"inLanguage\":\"en-GB\",\"potentialAction\":[{\"@type\":\"CommentAction\",\"name\":\"Comment\",\"target\":[\"https:\\\/\\\/ecodef-ihedn.fr\\\/prix-deconomie-de-la-defense-2017-retour-sur-les-travaux-des-laureats\\\/#respond\"]}]},{\"@type\":\"WebPage\",\"@id\":\"https:\\\/\\\/ecodef-ihedn.fr\\\/prix-deconomie-de-la-defense-2017-retour-sur-les-travaux-des-laureats\\\/\",\"url\":\"https:\\\/\\\/ecodef-ihedn.fr\\\/prix-deconomie-de-la-defense-2017-retour-sur-les-travaux-des-laureats\\\/\",\"name\":\"Prix d'\u00e9conomie de la D\u00e9fense 2017 : retour sur les travaux des laur\u00e9ats - Chaire \u00c9conomie de d\u00e9fense - IHEDN\",\"isPartOf\":{\"@id\":\"https:\\\/\\\/ecodef-ihedn.fr\\\/#website\"},\"primaryImageOfPage\":{\"@id\":\"https:\\\/\\\/ecodef-ihedn.fr\\\/prix-deconomie-de-la-defense-2017-retour-sur-les-travaux-des-laureats\\\/#primaryimage\"},\"image\":{\"@id\":\"https:\\\/\\\/ecodef-ihedn.fr\\\/prix-deconomie-de-la-defense-2017-retour-sur-les-travaux-des-laureats\\\/#primaryimage\"},\"thumbnailUrl\":\"https:\\\/\\\/ecodef-ihedn.fr\\\/wp-content\\\/uploads\\\/2020\\\/04\\\/prix_ecodef2.jpg\",\"datePublished\":\"2018-10-15T00:00:00+00:00\",\"dateModified\":\"2020-04-10T08:35:00+00:00\",\"breadcrumb\":{\"@id\":\"https:\\\/\\\/ecodef-ihedn.fr\\\/prix-deconomie-de-la-defense-2017-retour-sur-les-travaux-des-laureats\\\/#breadcrumb\"},\"inLanguage\":\"en-GB\",\"potentialAction\":[{\"@type\":\"ReadAction\",\"target\":[\"https:\\\/\\\/ecodef-ihedn.fr\\\/prix-deconomie-de-la-defense-2017-retour-sur-les-travaux-des-laureats\\\/\"]}]},{\"@type\":\"ImageObject\",\"inLanguage\":\"en-GB\",\"@id\":\"https:\\\/\\\/ecodef-ihedn.fr\\\/prix-deconomie-de-la-defense-2017-retour-sur-les-travaux-des-laureats\\\/#primaryimage\",\"url\":\"https:\\\/\\\/ecodef-ihedn.fr\\\/wp-content\\\/uploads\\\/2020\\\/04\\\/prix_ecodef2.jpg\",\"contentUrl\":\"https:\\\/\\\/ecodef-ihedn.fr\\\/wp-content\\\/uploads\\\/2020\\\/04\\\/prix_ecodef2.jpg\",\"width\":2048,\"height\":1536},{\"@type\":\"BreadcrumbList\",\"@id\":\"https:\\\/\\\/ecodef-ihedn.fr\\\/prix-deconomie-de-la-defense-2017-retour-sur-les-travaux-des-laureats\\\/#breadcrumb\",\"itemListElement\":[{\"@type\":\"ListItem\",\"position\":1,\"name\":\"Accueil\",\"item\":\"https:\\\/\\\/ecodef-ihedn.fr\\\/\"},{\"@type\":\"ListItem\",\"position\":2,\"name\":\"Prix d&#8217;\u00e9conomie de la D\u00e9fense 2017 : retour sur les travaux des laur\u00e9ats\"}]},{\"@type\":\"WebSite\",\"@id\":\"https:\\\/\\\/ecodef-ihedn.fr\\\/#website\",\"url\":\"https:\\\/\\\/ecodef-ihedn.fr\\\/\",\"name\":\"Chaire \u00c9conomie de D\u00e9fense - IHEDN\",\"description\":\"Produire &amp; soutenir, f\u00e9d\u00e9rer &amp; diffuser, \u00eatre une interface\",\"publisher\":{\"@id\":\"https:\\\/\\\/ecodef-ihedn.fr\\\/#organization\"},\"potentialAction\":[{\"@type\":\"SearchAction\",\"target\":{\"@type\":\"EntryPoint\",\"urlTemplate\":\"https:\\\/\\\/ecodef-ihedn.fr\\\/?s={search_term_string}\"},\"query-input\":{\"@type\":\"PropertyValueSpecification\",\"valueRequired\":true,\"valueName\":\"search_term_string\"}}],\"inLanguage\":\"en-GB\"},{\"@type\":\"Organization\",\"@id\":\"https:\\\/\\\/ecodef-ihedn.fr\\\/#organization\",\"name\":\"Chaire \u00c9conomie de d\u00e9fense - IHEDN\",\"url\":\"https:\\\/\\\/ecodef-ihedn.fr\\\/\",\"logo\":{\"@type\":\"ImageObject\",\"inLanguage\":\"en-GB\",\"@id\":\"https:\\\/\\\/ecodef-ihedn.fr\\\/#\\\/schema\\\/logo\\\/image\\\/\",\"url\":\"https:\\\/\\\/ecodef-ihedn.fr\\\/wp-content\\\/uploads\\\/2020\\\/04\\\/logoEcodef9.jpg\",\"contentUrl\":\"https:\\\/\\\/ecodef-ihedn.fr\\\/wp-content\\\/uploads\\\/2020\\\/04\\\/logoEcodef9.jpg\",\"width\":410,\"height\":212,\"caption\":\"Chaire \u00c9conomie de d\u00e9fense - IHEDN\"},\"image\":{\"@id\":\"https:\\\/\\\/ecodef-ihedn.fr\\\/#\\\/schema\\\/logo\\\/image\\\/\"},\"sameAs\":[\"https:\\\/\\\/x.com\\\/Chaire_Ecodef\",\"https:\\\/\\\/www.linkedin.com\\\/company\\\/chaire-ecodef-ihedn\\\/\"]},{\"@type\":\"Person\",\"@id\":\"https:\\\/\\\/ecodef-ihedn.fr\\\/#\\\/schema\\\/person\\\/7b3f1a2d8fd336e0be2f9ff63ff0ebbc\",\"name\":\"dev\",\"image\":{\"@type\":\"ImageObject\",\"inLanguage\":\"en-GB\",\"@id\":\"https:\\\/\\\/secure.gravatar.com\\\/avatar\\\/f1ffcac9ca2fa95ad3ec33e9be3ade82f752acb0cabe541e56c5889225afa88a?s=96&d=mm&r=g\",\"url\":\"https:\\\/\\\/secure.gravatar.com\\\/avatar\\\/f1ffcac9ca2fa95ad3ec33e9be3ade82f752acb0cabe541e56c5889225afa88a?s=96&d=mm&r=g\",\"contentUrl\":\"https:\\\/\\\/secure.gravatar.com\\\/avatar\\\/f1ffcac9ca2fa95ad3ec33e9be3ade82f752acb0cabe541e56c5889225afa88a?s=96&d=mm&r=g\",\"caption\":\"dev\"},\"url\":\"https:\\\/\\\/ecodef-ihedn.fr\\\/en\\\/author\\\/dev\\\/\"}]}<\/script>\n<!-- \/ Yoast SEO plugin. -->","yoast_head_json":{"title":"Prix d'\u00e9conomie de la D\u00e9fense 2017 : retour sur les travaux des laur\u00e9ats - Chaire \u00c9conomie de d\u00e9fense - IHEDN","robots":{"index":"index","follow":"follow","max-snippet":"max-snippet:-1","max-image-preview":"max-image-preview:large","max-video-preview":"max-video-preview:-1"},"canonical":"https:\/\/ecodef-ihedn.fr\/en\/prix-deconomie-de-la-defense-2017-retour-sur-les-travaux-des-laureats\/","og_locale":"en_GB","og_type":"article","og_title":"Prix d'\u00e9conomie de la D\u00e9fense 2017 : retour sur les travaux des laur\u00e9ats - Chaire \u00c9conomie de d\u00e9fense - IHEDN","og_description":"Prix annuel d&rsquo;\u00e9conomie de la D\u00e9fense Le prix annuel d\u2019\u00e9conomie de la D\u00e9fense du minist\u00e8re des Arm\u00e9es r\u00e9compense une th\u00e8se, la pr\u00e9sentation de travaux scientifiques originaux ou un m\u00e9moire universitaire de deuxi\u00e8me ou de troisi\u00e8me cycle pour sa qualit\u00e9, son originalit\u00e9 et son int\u00e9r\u00eat vis-\u00e0-vis du domaine de l\u2019\u00e9conomie de la d\u00e9fense. En 2015, Josselin [&hellip;]","og_url":"https:\/\/ecodef-ihedn.fr\/en\/prix-deconomie-de-la-defense-2017-retour-sur-les-travaux-des-laureats\/","og_site_name":"Chaire \u00c9conomie de d\u00e9fense - IHEDN","article_published_time":"2018-10-15T00:00:00+00:00","article_modified_time":"2020-04-10T08:35:00+00:00","og_image":[{"width":2048,"height":1536,"url":"https:\/\/ecodef-ihedn.fr\/wp-content\/uploads\/2020\/04\/prix_ecodef2.jpg","type":"image\/jpeg"}],"author":"dev","twitter_card":"summary_large_image","twitter_creator":"@Chaire_Ecodef","twitter_site":"@Chaire_Ecodef","twitter_misc":{"Written by":"dev","Estimated reading time":"8 minutes"},"schema":{"@context":"https:\/\/schema.org","@graph":[{"@type":"Article","@id":"https:\/\/ecodef-ihedn.fr\/prix-deconomie-de-la-defense-2017-retour-sur-les-travaux-des-laureats\/#article","isPartOf":{"@id":"https:\/\/ecodef-ihedn.fr\/prix-deconomie-de-la-defense-2017-retour-sur-les-travaux-des-laureats\/"},"author":{"name":"dev","@id":"https:\/\/ecodef-ihedn.fr\/#\/schema\/person\/7b3f1a2d8fd336e0be2f9ff63ff0ebbc"},"headline":"Prix d&rsquo;\u00e9conomie de la D\u00e9fense 2017 : retour sur les travaux des laur\u00e9ats","datePublished":"2018-10-15T00:00:00+00:00","dateModified":"2020-04-10T08:35:00+00:00","mainEntityOfPage":{"@id":"https:\/\/ecodef-ihedn.fr\/prix-deconomie-de-la-defense-2017-retour-sur-les-travaux-des-laureats\/"},"wordCount":1533,"commentCount":0,"publisher":{"@id":"https:\/\/ecodef-ihedn.fr\/#organization"},"image":{"@id":"https:\/\/ecodef-ihedn.fr\/prix-deconomie-de-la-defense-2017-retour-sur-les-travaux-des-laureats\/#primaryimage"},"thumbnailUrl":"https:\/\/ecodef-ihedn.fr\/wp-content\/uploads\/2020\/04\/prix_ecodef2.jpg","keywords":["Balard","chaire \u00e9conomie de d\u00e9fense","Conflits","Josselin Droff","Minist\u00e8re des Arm\u00e9es","prix d'\u00e9conomie de la D\u00e9fense"],"articleSection":["Actualit\u00e9s du r\u00e9seau"],"inLanguage":"en-GB","potentialAction":[{"@type":"CommentAction","name":"Comment","target":["https:\/\/ecodef-ihedn.fr\/prix-deconomie-de-la-defense-2017-retour-sur-les-travaux-des-laureats\/#respond"]}]},{"@type":"WebPage","@id":"https:\/\/ecodef-ihedn.fr\/prix-deconomie-de-la-defense-2017-retour-sur-les-travaux-des-laureats\/","url":"https:\/\/ecodef-ihedn.fr\/prix-deconomie-de-la-defense-2017-retour-sur-les-travaux-des-laureats\/","name":"Prix d'\u00e9conomie de la D\u00e9fense 2017 : retour sur les travaux des laur\u00e9ats - Chaire \u00c9conomie de d\u00e9fense - IHEDN","isPartOf":{"@id":"https:\/\/ecodef-ihedn.fr\/#website"},"primaryImageOfPage":{"@id":"https:\/\/ecodef-ihedn.fr\/prix-deconomie-de-la-defense-2017-retour-sur-les-travaux-des-laureats\/#primaryimage"},"image":{"@id":"https:\/\/ecodef-ihedn.fr\/prix-deconomie-de-la-defense-2017-retour-sur-les-travaux-des-laureats\/#primaryimage"},"thumbnailUrl":"https:\/\/ecodef-ihedn.fr\/wp-content\/uploads\/2020\/04\/prix_ecodef2.jpg","datePublished":"2018-10-15T00:00:00+00:00","dateModified":"2020-04-10T08:35:00+00:00","breadcrumb":{"@id":"https:\/\/ecodef-ihedn.fr\/prix-deconomie-de-la-defense-2017-retour-sur-les-travaux-des-laureats\/#breadcrumb"},"inLanguage":"en-GB","potentialAction":[{"@type":"ReadAction","target":["https:\/\/ecodef-ihedn.fr\/prix-deconomie-de-la-defense-2017-retour-sur-les-travaux-des-laureats\/"]}]},{"@type":"ImageObject","inLanguage":"en-GB","@id":"https:\/\/ecodef-ihedn.fr\/prix-deconomie-de-la-defense-2017-retour-sur-les-travaux-des-laureats\/#primaryimage","url":"https:\/\/ecodef-ihedn.fr\/wp-content\/uploads\/2020\/04\/prix_ecodef2.jpg","contentUrl":"https:\/\/ecodef-ihedn.fr\/wp-content\/uploads\/2020\/04\/prix_ecodef2.jpg","width":2048,"height":1536},{"@type":"BreadcrumbList","@id":"https:\/\/ecodef-ihedn.fr\/prix-deconomie-de-la-defense-2017-retour-sur-les-travaux-des-laureats\/#breadcrumb","itemListElement":[{"@type":"ListItem","position":1,"name":"Accueil","item":"https:\/\/ecodef-ihedn.fr\/"},{"@type":"ListItem","position":2,"name":"Prix d&#8217;\u00e9conomie de la D\u00e9fense 2017 : retour sur les travaux des laur\u00e9ats"}]},{"@type":"WebSite","@id":"https:\/\/ecodef-ihedn.fr\/#website","url":"https:\/\/ecodef-ihedn.fr\/","name":"Chair in Defence Economics - IHEDN","description":"Produce &amp; support, federate &amp; disseminate, act as an interface","publisher":{"@id":"https:\/\/ecodef-ihedn.fr\/#organization"},"potentialAction":[{"@type":"SearchAction","target":{"@type":"EntryPoint","urlTemplate":"https:\/\/ecodef-ihedn.fr\/?s={search_term_string}"},"query-input":{"@type":"PropertyValueSpecification","valueRequired":true,"valueName":"search_term_string"}}],"inLanguage":"en-GB"},{"@type":"Organization","@id":"https:\/\/ecodef-ihedn.fr\/#organization","name":"Chair in Defence Economics - IHEDN","url":"https:\/\/ecodef-ihedn.fr\/","logo":{"@type":"ImageObject","inLanguage":"en-GB","@id":"https:\/\/ecodef-ihedn.fr\/#\/schema\/logo\/image\/","url":"https:\/\/ecodef-ihedn.fr\/wp-content\/uploads\/2020\/04\/logoEcodef9.jpg","contentUrl":"https:\/\/ecodef-ihedn.fr\/wp-content\/uploads\/2020\/04\/logoEcodef9.jpg","width":410,"height":212,"caption":"Chaire \u00c9conomie de d\u00e9fense - IHEDN"},"image":{"@id":"https:\/\/ecodef-ihedn.fr\/#\/schema\/logo\/image\/"},"sameAs":["https:\/\/x.com\/Chaire_Ecodef","https:\/\/www.linkedin.com\/company\/chaire-ecodef-ihedn\/"]},{"@type":"Person","@id":"https:\/\/ecodef-ihedn.fr\/#\/schema\/person\/7b3f1a2d8fd336e0be2f9ff63ff0ebbc","name":"dev","image":{"@type":"ImageObject","inLanguage":"en-GB","@id":"https:\/\/secure.gravatar.com\/avatar\/f1ffcac9ca2fa95ad3ec33e9be3ade82f752acb0cabe541e56c5889225afa88a?s=96&d=mm&r=g","url":"https:\/\/secure.gravatar.com\/avatar\/f1ffcac9ca2fa95ad3ec33e9be3ade82f752acb0cabe541e56c5889225afa88a?s=96&d=mm&r=g","contentUrl":"https:\/\/secure.gravatar.com\/avatar\/f1ffcac9ca2fa95ad3ec33e9be3ade82f752acb0cabe541e56c5889225afa88a?s=96&d=mm&r=g","caption":"dev"},"url":"https:\/\/ecodef-ihedn.fr\/en\/author\/dev\/"}]}},"_links":{"self":[{"href":"https:\/\/ecodef-ihedn.fr\/en\/wp-json\/wp\/v2\/posts\/1088","targetHints":{"allow":["GET"]}}],"collection":[{"href":"https:\/\/ecodef-ihedn.fr\/en\/wp-json\/wp\/v2\/posts"}],"about":[{"href":"https:\/\/ecodef-ihedn.fr\/en\/wp-json\/wp\/v2\/types\/post"}],"author":[{"embeddable":true,"href":"https:\/\/ecodef-ihedn.fr\/en\/wp-json\/wp\/v2\/users\/1"}],"replies":[{"embeddable":true,"href":"https:\/\/ecodef-ihedn.fr\/en\/wp-json\/wp\/v2\/comments?post=1088"}],"version-history":[{"count":2,"href":"https:\/\/ecodef-ihedn.fr\/en\/wp-json\/wp\/v2\/posts\/1088\/revisions"}],"predecessor-version":[{"id":1486,"href":"https:\/\/ecodef-ihedn.fr\/en\/wp-json\/wp\/v2\/posts\/1088\/revisions\/1486"}],"wp:featuredmedia":[{"embeddable":true,"href":"https:\/\/ecodef-ihedn.fr\/en\/wp-json\/wp\/v2\/media\/1089"}],"wp:attachment":[{"href":"https:\/\/ecodef-ihedn.fr\/en\/wp-json\/wp\/v2\/media?parent=1088"}],"wp:term":[{"taxonomy":"category","embeddable":true,"href":"https:\/\/ecodef-ihedn.fr\/en\/wp-json\/wp\/v2\/categories?post=1088"},{"taxonomy":"post_tag","embeddable":true,"href":"https:\/\/ecodef-ihedn.fr\/en\/wp-json\/wp\/v2\/tags?post=1088"}],"curies":[{"name":"wp","href":"https:\/\/api.w.org\/{rel}","templated":true}]}}