{"id":1096,"date":"2018-10-17T00:00:00","date_gmt":"2018-10-17T00:00:00","guid":{"rendered":"https:\/\/ecodef-ihedn.fr\/publication-article-de-josselin-droff-et-de-julien-malizard-dans-la-revue-de-defense-nationale\/"},"modified":"2020-04-23T14:11:13","modified_gmt":"2020-04-23T14:11:13","slug":"article-de-josselin-droff-et-de-julien-malizard-dans-la-revue-de-defense-nationale","status":"publish","type":"post","link":"https:\/\/ecodef-ihedn.fr\/en\/article-de-josselin-droff-et-de-julien-malizard-dans-la-revue-de-defense-nationale\/","title":{"rendered":"Article by Josselin Droff and Julien Malizard in the Revue de D\u00e9fense Nationale"},"content":{"rendered":"<p><a href=\"https:\/\/ecodef-ihedn.fr\/wp-content\/uploads\/2020\/04\/rdn_logo.jpg\"><img loading=\"lazy\" decoding=\"async\" class=\"aligncenter wp-image-6504\" src=\"https:\/\/ecodef-ihedn.fr\/wp-content\/uploads\/2020\/04\/rdn_logo.jpg\" alt=\"\" width=\"430\" height=\"126\" \/><\/a><\/p>\n<p style=\"text-align: justify\"><a href=\"https:\/\/www.researchgate.net\/profile\/Josselin_Droff\" target=\"_blank\" rel=\"noopener noreferrer\"><strong>Josselin Droff<\/strong><\/a> and <strong><a href=\"https:\/\/www.researchgate.net\/profile\/Julien_Malizard\" target=\"_blank\" rel=\"noopener noreferrer\">Julien Malizard<\/a>,<\/strong> researchers at the Chair in Defence Economics have published an article in the journal D\u00e9fense Nationale entitled: <strong>\u00ab\u00a0<a href=\"http:\/\/www.defnat.com\/pdf\/Droff_Malizard%20(T%201048).pdf\" target=\"_blank\" rel=\"noopener noreferrer\">Military map reforms: what regional scope?<\/a>\u00ab\u00a0<\/strong>. La <strong>military map<\/strong> is both the heir to a history of the <strong>defence strategy<\/strong> and<strong> political choices<\/strong> complexes. In this article, <strong>the authors study quantitatively<\/strong> successive reforms of the military map since the end of the Cold War: the <strong>north-east quarter<\/strong> is the most affected but <strong>the weight of history continues to have a strong structuring effect<\/strong>.<\/p>\n<p style=\"text-align: justify\">This article is a continuation of a theme developed by the <strong>Chair in Defence Economics<\/strong> for several years through <strong>several publications <\/strong>:<\/p>\n<h4 style=\"text-align: justify\">2013<\/h4>\n<p style=\"text-align: justify\"><strong><a href=\"https:\/\/www.researchgate.net\/profile\/Josselin_Droff\" target=\"_blank\" rel=\"noopener noreferrer\">Josselin Droff<\/a>,<\/strong> Researcher at the Chair in Defence Economics supports his <strong>doctoral thesis in economics <\/strong>: \u00ab <a href=\"https:\/\/tel.archives-ouvertes.fr\/tel-01089240\/file\/These-2013-EDSM-Sciences_economiques-DROFF_Josselin.pdf\" target=\"_blank\" rel=\"noopener noreferrer\">The space factor in defence economics: application to the maintenance in operational condition (MCO) of defence equipment<\/a>\u00bb. Visit <strong>chapters 1 and 2<\/strong> of the thesis deal in particular with questions of<strong>\u2018he impact of defence activities<\/strong> (economic, social, spatial planning) on the territories and of the <strong>territorial reorganisations<\/strong> defence.<\/p>\n<h4 style=\"text-align: justify\">2014<\/h4>\n<p style=\"text-align: justify\"><strong>Josselin Droff<\/strong> and <a href=\"https:\/\/www.researchgate.net\/profile\/Julien_Malizard\" target=\"_blank\" rel=\"noopener noreferrer\"><strong>Julien Malizard<\/strong><\/a>, researchers at the Defence Economics Chair have published an article entitled \u00ab\u00a0<a href=\"https:\/\/www.cairn.info\/revue-d-economie-regionale-et-urbaine-2014-1-page-63.htm\" target=\"_blank\" rel=\"noopener noreferrer\">Rationalisation <em>versus <\/em>History of the geographical organisation of defence in France<\/a>\u00a0\u00bbin the <strong><a href=\"http:\/\/www.reru.fr\/\" target=\"_blank\" rel=\"noopener noreferrer\"><em>Journal of Regional and Urban Economics <\/em><\/a><em>(RERU).<\/em><\/strong> The article highlights a<strong> play of forces<\/strong> between concentration and geographical dispersion. On the one hand, recent trends in the\u2019<strong>organisation of the armed forces<\/strong> show a logic of <strong>economic rationalisation<\/strong> and geographical concentration. On the other hand, the dispersed spatial configuration of defence, a legacy of <strong>several centuries of history<\/strong>, is a major factor in restructuring. This interplay of forces can be illuminated by the concept of <strong>\u00abregression cost\u00bb<\/strong>. The article then provides a general overview of <strong>social and territorial costs<\/strong> associated with defence rationalisation.<\/p>\n<h4 style=\"text-align: justify\">2015<\/h4>\n<p style=\"text-align: justify\"><strong>Josselin Droff<\/strong>, a researcher at the Economics of Defence Chair and <a href=\"https:\/\/www.paloyo.net\/\" target=\"_blank\" rel=\"noopener noreferrer\"><strong>Alfredo Paloyo<\/strong><\/a> (University of Wollongong, Australia) have published an article entitled \u00ab\u00a0<a href=\"https:\/\/onlinelibrary.wiley.com\/doi\/abs\/10.1111\/joes.12062\" target=\"_blank\" rel=\"noopener noreferrer\">Assessing the regional economic impact of defence activities: a survey of methods<\/a>\u00a0\u00bbin the <em><a href=\"https:\/\/onlinelibrary.wiley.com\/journal\/14676419\" target=\"_blank\" rel=\"noopener noreferrer\"><strong>Journal of Economic Surve<\/strong><strong>y<\/strong><\/a><strong>s. <\/strong><\/em>The article proposes a <strong>literature review<\/strong> in economics on issues relating to the evaluation of <strong>economic impact of defence activities<\/strong> in their regional environment. In particular, it stresses the need to <strong>go beyond assessments that are purely confined to a given area<\/strong> (monographs, studies with methodologies <em>ad hoc<\/em>) to move towards <strong>econometric studies<\/strong> with a more general scope. <em><strong><br \/>\n<\/strong><\/em><\/p>\n<h4 style=\"text-align: justify\">2017<\/h4>\n<p style=\"text-align: justify\"><strong>Josselin Droff<\/strong> and <strong>Julien Malizard,<\/strong> in \u00ab\u00a0<a href=\"http:\/\/www.defnat.fr\/bibliotheque\/resultats_auteur.php?cenvoi=1&amp;cidaut=4585&amp;cauteur=%27Julien%20Malizard%27\" target=\"_blank\" rel=\"noopener noreferrer\">The place and structuring role of defence industries in the reorganisation of France's military map<\/a>\u00a0\u00bb <em>(<strong>National Defence Review<\/strong>), <\/em>are interested in the issue of<strong> role played by the defence industries<\/strong> in areas that have undergone major restructuring of the armed forces following the 2008 reform. They show that in the restructuring aid schemes set up by the Ministry of the Armed Forces, initiatives aimed at supporting the\u2019<strong>private offer<\/strong> and in particular business start-ups. The article shows the <strong>a structuring and significant role<\/strong> that the <strong>defence industries<\/strong> in these initiatives aimed at promoting the development of economic activities in the <strong>private sector<\/strong>.<\/p>\n<h4 style=\"text-align: justify\">2018<\/h4>\n<p style=\"text-align: justify\"><strong>Josselin Droff<\/strong> and <strong>Julien Malizard<\/strong> presented the results of their work on the territorial restructuring of defence in France. <a href=\"http:\/\/asrdlf2018.com\/\" target=\"_blank\" rel=\"noopener noreferrer\">55th Colloquium of the French Language Regional Science Association<\/a> (ASRDLF) in Caen (4-6 July 2018). The article has been accepted for publication in the <strong><a href=\"http:\/\/www.reru.fr\/\" target=\"_blank\" rel=\"noopener noreferrer\"><em>Journal of Regional and Urban Economics <\/em><\/a><em>(RERU) <\/em><\/strong>(to be published in 2019).<\/p>","protected":false},"excerpt":{"rendered":"<p>Josselin Droff et Julien Malizard, chercheurs \u00e0 la Chaire \u00e9conomie de d\u00e9fense publient\u00a0 dans la revue de D\u00e9fense Nationale une tribune intitul\u00e9e: \u00ab\u00a0R\u00e9formes de la carte militaire: quelle ampleur r\u00e9gionale?\u00ab\u00a0. La carte militaire est \u00e0 la fois l\u2019h\u00e9riti\u00e8re d\u2019une histoire relevant de la strat\u00e9gie de d\u00e9fense et de choix politiques complexes. Dans cet article, les [&hellip;]<\/p>\n","protected":false},"author":1,"featured_media":1097,"comment_status":"open","ping_status":"open","sticky":false,"template":"","format":"standard","meta":{"footnotes":""},"categories":[350,352],"tags":[72,146,207,208,209,175],"class_list":{"0":"post-1096","1":"post","2":"type-post","3":"status-publish","4":"format-standard","5":"has-post-thumbnail","7":"category-publications","8":"category-thematique-2-determinants-et-impacts-de-la-depense-de-defense","9":"tag-armees","10":"tag-carte-militaire","11":"tag-economie-regionale","12":"tag-reformes-base-de-defense","13":"tag-regions","14":"tag-restructurations-territoriales"},"yoast_head":"<!-- This site is optimized with the Yoast SEO plugin v27.4 - https:\/\/yoast.com\/product\/yoast-seo-wordpress\/ -->\n<title>Article de Josselin Droff et de Julien Malizard dans la Revue de D\u00e9fense Nationale - Chaire \u00c9conomie de d\u00e9fense - IHEDN<\/title>\n<meta name=\"robots\" content=\"index, follow, max-snippet:-1, max-image-preview:large, max-video-preview:-1\" \/>\n<link rel=\"canonical\" href=\"https:\/\/ecodef-ihedn.fr\/en\/article-de-josselin-droff-et-de-julien-malizard-dans-la-revue-de-defense-nationale\/\" \/>\n<meta property=\"og:locale\" content=\"en_GB\" \/>\n<meta property=\"og:type\" content=\"article\" \/>\n<meta property=\"og:title\" content=\"Article de Josselin Droff et de Julien Malizard dans la Revue de D\u00e9fense Nationale - Chaire \u00c9conomie de d\u00e9fense - IHEDN\" \/>\n<meta property=\"og:description\" content=\"Josselin Droff et Julien Malizard, chercheurs \u00e0 la Chaire \u00e9conomie de d\u00e9fense publient\u00a0 dans la revue de D\u00e9fense Nationale une tribune intitul\u00e9e: \u00ab\u00a0R\u00e9formes de la carte militaire: quelle ampleur r\u00e9gionale?\u00ab\u00a0. La carte militaire est \u00e0 la fois l\u2019h\u00e9riti\u00e8re d\u2019une histoire relevant de la strat\u00e9gie de d\u00e9fense et de choix politiques complexes. Dans cet article, les [&hellip;]\" \/>\n<meta property=\"og:url\" content=\"https:\/\/ecodef-ihedn.fr\/en\/article-de-josselin-droff-et-de-julien-malizard-dans-la-revue-de-defense-nationale\/\" \/>\n<meta property=\"og:site_name\" content=\"Chaire \u00c9conomie de d\u00e9fense - IHEDN\" \/>\n<meta property=\"article:published_time\" content=\"2018-10-17T00:00:00+00:00\" \/>\n<meta property=\"article:modified_time\" content=\"2020-04-23T14:11:13+00:00\" \/>\n<meta property=\"og:image\" content=\"https:\/\/ecodef-ihedn.fr\/wp-content\/uploads\/2020\/04\/rdn_logo.jpg\" \/>\n\t<meta property=\"og:image:width\" content=\"655\" \/>\n\t<meta property=\"og:image:height\" content=\"192\" \/>\n\t<meta property=\"og:image:type\" content=\"image\/jpeg\" \/>\n<meta name=\"author\" content=\"dev\" \/>\n<meta name=\"twitter:card\" content=\"summary_large_image\" \/>\n<meta name=\"twitter:creator\" content=\"@Chaire_Ecodef\" \/>\n<meta name=\"twitter:site\" content=\"@Chaire_Ecodef\" \/>\n<meta name=\"twitter:label1\" content=\"Written by\" \/>\n\t<meta name=\"twitter:data1\" content=\"dev\" \/>\n\t<meta name=\"twitter:label2\" content=\"Estimated reading time\" \/>\n\t<meta name=\"twitter:data2\" content=\"3 minutes\" \/>\n<script type=\"application\/ld+json\" class=\"yoast-schema-graph\">{\"@context\":\"https:\\\/\\\/schema.org\",\"@graph\":[{\"@type\":\"Article\",\"@id\":\"https:\\\/\\\/ecodef-ihedn.fr\\\/article-de-josselin-droff-et-de-julien-malizard-dans-la-revue-de-defense-nationale\\\/#article\",\"isPartOf\":{\"@id\":\"https:\\\/\\\/ecodef-ihedn.fr\\\/article-de-josselin-droff-et-de-julien-malizard-dans-la-revue-de-defense-nationale\\\/\"},\"author\":{\"name\":\"dev\",\"@id\":\"https:\\\/\\\/ecodef-ihedn.fr\\\/#\\\/schema\\\/person\\\/7b3f1a2d8fd336e0be2f9ff63ff0ebbc\"},\"headline\":\"Article de Josselin Droff et de Julien Malizard dans la Revue de D\u00e9fense Nationale\",\"datePublished\":\"2018-10-17T00:00:00+00:00\",\"dateModified\":\"2020-04-23T14:11:13+00:00\",\"mainEntityOfPage\":{\"@id\":\"https:\\\/\\\/ecodef-ihedn.fr\\\/article-de-josselin-droff-et-de-julien-malizard-dans-la-revue-de-defense-nationale\\\/\"},\"wordCount\":679,\"commentCount\":0,\"publisher\":{\"@id\":\"https:\\\/\\\/ecodef-ihedn.fr\\\/#organization\"},\"image\":{\"@id\":\"https:\\\/\\\/ecodef-ihedn.fr\\\/article-de-josselin-droff-et-de-julien-malizard-dans-la-revue-de-defense-nationale\\\/#primaryimage\"},\"thumbnailUrl\":\"https:\\\/\\\/ecodef-ihedn.fr\\\/wp-content\\\/uploads\\\/2020\\\/04\\\/rdn_logo.jpg\",\"keywords\":[\"arm\u00e9es\",\"carte militaire\",\"\u00e9conomie r\u00e9gionale\",\"r\u00e9formes base de d\u00e9fense\",\"r\u00e9gions\",\"restructurations territoriales\"],\"articleSection\":[\"Publications\",\"Th\u00e9matique 2 : d\u00e9terminants et impacts de la d\u00e9pense de d\u00e9fense\"],\"inLanguage\":\"en-GB\",\"potentialAction\":[{\"@type\":\"CommentAction\",\"name\":\"Comment\",\"target\":[\"https:\\\/\\\/ecodef-ihedn.fr\\\/article-de-josselin-droff-et-de-julien-malizard-dans-la-revue-de-defense-nationale\\\/#respond\"]}]},{\"@type\":\"WebPage\",\"@id\":\"https:\\\/\\\/ecodef-ihedn.fr\\\/article-de-josselin-droff-et-de-julien-malizard-dans-la-revue-de-defense-nationale\\\/\",\"url\":\"https:\\\/\\\/ecodef-ihedn.fr\\\/article-de-josselin-droff-et-de-julien-malizard-dans-la-revue-de-defense-nationale\\\/\",\"name\":\"Article de Josselin Droff et de Julien Malizard dans la Revue de D\u00e9fense Nationale - Chaire \u00c9conomie de d\u00e9fense - IHEDN\",\"isPartOf\":{\"@id\":\"https:\\\/\\\/ecodef-ihedn.fr\\\/#website\"},\"primaryImageOfPage\":{\"@id\":\"https:\\\/\\\/ecodef-ihedn.fr\\\/article-de-josselin-droff-et-de-julien-malizard-dans-la-revue-de-defense-nationale\\\/#primaryimage\"},\"image\":{\"@id\":\"https:\\\/\\\/ecodef-ihedn.fr\\\/article-de-josselin-droff-et-de-julien-malizard-dans-la-revue-de-defense-nationale\\\/#primaryimage\"},\"thumbnailUrl\":\"https:\\\/\\\/ecodef-ihedn.fr\\\/wp-content\\\/uploads\\\/2020\\\/04\\\/rdn_logo.jpg\",\"datePublished\":\"2018-10-17T00:00:00+00:00\",\"dateModified\":\"2020-04-23T14:11:13+00:00\",\"breadcrumb\":{\"@id\":\"https:\\\/\\\/ecodef-ihedn.fr\\\/article-de-josselin-droff-et-de-julien-malizard-dans-la-revue-de-defense-nationale\\\/#breadcrumb\"},\"inLanguage\":\"en-GB\",\"potentialAction\":[{\"@type\":\"ReadAction\",\"target\":[\"https:\\\/\\\/ecodef-ihedn.fr\\\/article-de-josselin-droff-et-de-julien-malizard-dans-la-revue-de-defense-nationale\\\/\"]}]},{\"@type\":\"ImageObject\",\"inLanguage\":\"en-GB\",\"@id\":\"https:\\\/\\\/ecodef-ihedn.fr\\\/article-de-josselin-droff-et-de-julien-malizard-dans-la-revue-de-defense-nationale\\\/#primaryimage\",\"url\":\"https:\\\/\\\/ecodef-ihedn.fr\\\/wp-content\\\/uploads\\\/2020\\\/04\\\/rdn_logo.jpg\",\"contentUrl\":\"https:\\\/\\\/ecodef-ihedn.fr\\\/wp-content\\\/uploads\\\/2020\\\/04\\\/rdn_logo.jpg\",\"width\":655,\"height\":192},{\"@type\":\"BreadcrumbList\",\"@id\":\"https:\\\/\\\/ecodef-ihedn.fr\\\/article-de-josselin-droff-et-de-julien-malizard-dans-la-revue-de-defense-nationale\\\/#breadcrumb\",\"itemListElement\":[{\"@type\":\"ListItem\",\"position\":1,\"name\":\"Accueil\",\"item\":\"https:\\\/\\\/ecodef-ihedn.fr\\\/\"},{\"@type\":\"ListItem\",\"position\":2,\"name\":\"Article de Josselin Droff et de Julien Malizard dans la Revue de D\u00e9fense Nationale\"}]},{\"@type\":\"WebSite\",\"@id\":\"https:\\\/\\\/ecodef-ihedn.fr\\\/#website\",\"url\":\"https:\\\/\\\/ecodef-ihedn.fr\\\/\",\"name\":\"Chaire \u00c9conomie de D\u00e9fense - IHEDN\",\"description\":\"Produire &amp; soutenir, f\u00e9d\u00e9rer &amp; diffuser, \u00eatre une interface\",\"publisher\":{\"@id\":\"https:\\\/\\\/ecodef-ihedn.fr\\\/#organization\"},\"potentialAction\":[{\"@type\":\"SearchAction\",\"target\":{\"@type\":\"EntryPoint\",\"urlTemplate\":\"https:\\\/\\\/ecodef-ihedn.fr\\\/?s={search_term_string}\"},\"query-input\":{\"@type\":\"PropertyValueSpecification\",\"valueRequired\":true,\"valueName\":\"search_term_string\"}}],\"inLanguage\":\"en-GB\"},{\"@type\":\"Organization\",\"@id\":\"https:\\\/\\\/ecodef-ihedn.fr\\\/#organization\",\"name\":\"Chaire \u00c9conomie de d\u00e9fense - IHEDN\",\"url\":\"https:\\\/\\\/ecodef-ihedn.fr\\\/\",\"logo\":{\"@type\":\"ImageObject\",\"inLanguage\":\"en-GB\",\"@id\":\"https:\\\/\\\/ecodef-ihedn.fr\\\/#\\\/schema\\\/logo\\\/image\\\/\",\"url\":\"https:\\\/\\\/ecodef-ihedn.fr\\\/wp-content\\\/uploads\\\/2020\\\/04\\\/logoEcodef9.jpg\",\"contentUrl\":\"https:\\\/\\\/ecodef-ihedn.fr\\\/wp-content\\\/uploads\\\/2020\\\/04\\\/logoEcodef9.jpg\",\"width\":410,\"height\":212,\"caption\":\"Chaire \u00c9conomie de d\u00e9fense - IHEDN\"},\"image\":{\"@id\":\"https:\\\/\\\/ecodef-ihedn.fr\\\/#\\\/schema\\\/logo\\\/image\\\/\"},\"sameAs\":[\"https:\\\/\\\/x.com\\\/Chaire_Ecodef\",\"https:\\\/\\\/www.linkedin.com\\\/company\\\/chaire-ecodef-ihedn\\\/\"]},{\"@type\":\"Person\",\"@id\":\"https:\\\/\\\/ecodef-ihedn.fr\\\/#\\\/schema\\\/person\\\/7b3f1a2d8fd336e0be2f9ff63ff0ebbc\",\"name\":\"dev\",\"image\":{\"@type\":\"ImageObject\",\"inLanguage\":\"en-GB\",\"@id\":\"https:\\\/\\\/secure.gravatar.com\\\/avatar\\\/f1ffcac9ca2fa95ad3ec33e9be3ade82f752acb0cabe541e56c5889225afa88a?s=96&d=mm&r=g\",\"url\":\"https:\\\/\\\/secure.gravatar.com\\\/avatar\\\/f1ffcac9ca2fa95ad3ec33e9be3ade82f752acb0cabe541e56c5889225afa88a?s=96&d=mm&r=g\",\"contentUrl\":\"https:\\\/\\\/secure.gravatar.com\\\/avatar\\\/f1ffcac9ca2fa95ad3ec33e9be3ade82f752acb0cabe541e56c5889225afa88a?s=96&d=mm&r=g\",\"caption\":\"dev\"},\"url\":\"https:\\\/\\\/ecodef-ihedn.fr\\\/en\\\/author\\\/dev\\\/\"}]}<\/script>\n<!-- \/ Yoast SEO plugin. -->","yoast_head_json":{"title":"Article de Josselin Droff et de Julien Malizard dans la Revue de D\u00e9fense Nationale - Chaire \u00c9conomie de d\u00e9fense - IHEDN","robots":{"index":"index","follow":"follow","max-snippet":"max-snippet:-1","max-image-preview":"max-image-preview:large","max-video-preview":"max-video-preview:-1"},"canonical":"https:\/\/ecodef-ihedn.fr\/en\/article-de-josselin-droff-et-de-julien-malizard-dans-la-revue-de-defense-nationale\/","og_locale":"en_GB","og_type":"article","og_title":"Article de Josselin Droff et de Julien Malizard dans la Revue de D\u00e9fense Nationale - Chaire \u00c9conomie de d\u00e9fense - IHEDN","og_description":"Josselin Droff et Julien Malizard, chercheurs \u00e0 la Chaire \u00e9conomie de d\u00e9fense publient\u00a0 dans la revue de D\u00e9fense Nationale une tribune intitul\u00e9e: \u00ab\u00a0R\u00e9formes de la carte militaire: quelle ampleur r\u00e9gionale?\u00ab\u00a0. La carte militaire est \u00e0 la fois l\u2019h\u00e9riti\u00e8re d\u2019une histoire relevant de la strat\u00e9gie de d\u00e9fense et de choix politiques complexes. Dans cet article, les [&hellip;]","og_url":"https:\/\/ecodef-ihedn.fr\/en\/article-de-josselin-droff-et-de-julien-malizard-dans-la-revue-de-defense-nationale\/","og_site_name":"Chaire \u00c9conomie de d\u00e9fense - IHEDN","article_published_time":"2018-10-17T00:00:00+00:00","article_modified_time":"2020-04-23T14:11:13+00:00","og_image":[{"width":655,"height":192,"url":"https:\/\/ecodef-ihedn.fr\/wp-content\/uploads\/2020\/04\/rdn_logo.jpg","type":"image\/jpeg"}],"author":"dev","twitter_card":"summary_large_image","twitter_creator":"@Chaire_Ecodef","twitter_site":"@Chaire_Ecodef","twitter_misc":{"Written by":"dev","Estimated reading time":"3 minutes"},"schema":{"@context":"https:\/\/schema.org","@graph":[{"@type":"Article","@id":"https:\/\/ecodef-ihedn.fr\/article-de-josselin-droff-et-de-julien-malizard-dans-la-revue-de-defense-nationale\/#article","isPartOf":{"@id":"https:\/\/ecodef-ihedn.fr\/article-de-josselin-droff-et-de-julien-malizard-dans-la-revue-de-defense-nationale\/"},"author":{"name":"dev","@id":"https:\/\/ecodef-ihedn.fr\/#\/schema\/person\/7b3f1a2d8fd336e0be2f9ff63ff0ebbc"},"headline":"Article de Josselin Droff et de Julien Malizard dans la Revue de D\u00e9fense Nationale","datePublished":"2018-10-17T00:00:00+00:00","dateModified":"2020-04-23T14:11:13+00:00","mainEntityOfPage":{"@id":"https:\/\/ecodef-ihedn.fr\/article-de-josselin-droff-et-de-julien-malizard-dans-la-revue-de-defense-nationale\/"},"wordCount":679,"commentCount":0,"publisher":{"@id":"https:\/\/ecodef-ihedn.fr\/#organization"},"image":{"@id":"https:\/\/ecodef-ihedn.fr\/article-de-josselin-droff-et-de-julien-malizard-dans-la-revue-de-defense-nationale\/#primaryimage"},"thumbnailUrl":"https:\/\/ecodef-ihedn.fr\/wp-content\/uploads\/2020\/04\/rdn_logo.jpg","keywords":["arm\u00e9es","carte militaire","\u00e9conomie r\u00e9gionale","r\u00e9formes base de d\u00e9fense","r\u00e9gions","restructurations territoriales"],"articleSection":["Publications","Th\u00e9matique 2 : d\u00e9terminants et impacts de la d\u00e9pense de d\u00e9fense"],"inLanguage":"en-GB","potentialAction":[{"@type":"CommentAction","name":"Comment","target":["https:\/\/ecodef-ihedn.fr\/article-de-josselin-droff-et-de-julien-malizard-dans-la-revue-de-defense-nationale\/#respond"]}]},{"@type":"WebPage","@id":"https:\/\/ecodef-ihedn.fr\/article-de-josselin-droff-et-de-julien-malizard-dans-la-revue-de-defense-nationale\/","url":"https:\/\/ecodef-ihedn.fr\/article-de-josselin-droff-et-de-julien-malizard-dans-la-revue-de-defense-nationale\/","name":"Article de Josselin Droff et de Julien Malizard dans la Revue de D\u00e9fense Nationale - Chaire \u00c9conomie de d\u00e9fense - IHEDN","isPartOf":{"@id":"https:\/\/ecodef-ihedn.fr\/#website"},"primaryImageOfPage":{"@id":"https:\/\/ecodef-ihedn.fr\/article-de-josselin-droff-et-de-julien-malizard-dans-la-revue-de-defense-nationale\/#primaryimage"},"image":{"@id":"https:\/\/ecodef-ihedn.fr\/article-de-josselin-droff-et-de-julien-malizard-dans-la-revue-de-defense-nationale\/#primaryimage"},"thumbnailUrl":"https:\/\/ecodef-ihedn.fr\/wp-content\/uploads\/2020\/04\/rdn_logo.jpg","datePublished":"2018-10-17T00:00:00+00:00","dateModified":"2020-04-23T14:11:13+00:00","breadcrumb":{"@id":"https:\/\/ecodef-ihedn.fr\/article-de-josselin-droff-et-de-julien-malizard-dans-la-revue-de-defense-nationale\/#breadcrumb"},"inLanguage":"en-GB","potentialAction":[{"@type":"ReadAction","target":["https:\/\/ecodef-ihedn.fr\/article-de-josselin-droff-et-de-julien-malizard-dans-la-revue-de-defense-nationale\/"]}]},{"@type":"ImageObject","inLanguage":"en-GB","@id":"https:\/\/ecodef-ihedn.fr\/article-de-josselin-droff-et-de-julien-malizard-dans-la-revue-de-defense-nationale\/#primaryimage","url":"https:\/\/ecodef-ihedn.fr\/wp-content\/uploads\/2020\/04\/rdn_logo.jpg","contentUrl":"https:\/\/ecodef-ihedn.fr\/wp-content\/uploads\/2020\/04\/rdn_logo.jpg","width":655,"height":192},{"@type":"BreadcrumbList","@id":"https:\/\/ecodef-ihedn.fr\/article-de-josselin-droff-et-de-julien-malizard-dans-la-revue-de-defense-nationale\/#breadcrumb","itemListElement":[{"@type":"ListItem","position":1,"name":"Accueil","item":"https:\/\/ecodef-ihedn.fr\/"},{"@type":"ListItem","position":2,"name":"Article de Josselin Droff et de Julien Malizard dans la Revue de D\u00e9fense Nationale"}]},{"@type":"WebSite","@id":"https:\/\/ecodef-ihedn.fr\/#website","url":"https:\/\/ecodef-ihedn.fr\/","name":"Chair in Defence Economics - IHEDN","description":"Produce &amp; support, federate &amp; disseminate, act as an interface","publisher":{"@id":"https:\/\/ecodef-ihedn.fr\/#organization"},"potentialAction":[{"@type":"SearchAction","target":{"@type":"EntryPoint","urlTemplate":"https:\/\/ecodef-ihedn.fr\/?s={search_term_string}"},"query-input":{"@type":"PropertyValueSpecification","valueRequired":true,"valueName":"search_term_string"}}],"inLanguage":"en-GB"},{"@type":"Organization","@id":"https:\/\/ecodef-ihedn.fr\/#organization","name":"Chair in Defence Economics - IHEDN","url":"https:\/\/ecodef-ihedn.fr\/","logo":{"@type":"ImageObject","inLanguage":"en-GB","@id":"https:\/\/ecodef-ihedn.fr\/#\/schema\/logo\/image\/","url":"https:\/\/ecodef-ihedn.fr\/wp-content\/uploads\/2020\/04\/logoEcodef9.jpg","contentUrl":"https:\/\/ecodef-ihedn.fr\/wp-content\/uploads\/2020\/04\/logoEcodef9.jpg","width":410,"height":212,"caption":"Chaire \u00c9conomie de d\u00e9fense - IHEDN"},"image":{"@id":"https:\/\/ecodef-ihedn.fr\/#\/schema\/logo\/image\/"},"sameAs":["https:\/\/x.com\/Chaire_Ecodef","https:\/\/www.linkedin.com\/company\/chaire-ecodef-ihedn\/"]},{"@type":"Person","@id":"https:\/\/ecodef-ihedn.fr\/#\/schema\/person\/7b3f1a2d8fd336e0be2f9ff63ff0ebbc","name":"dev","image":{"@type":"ImageObject","inLanguage":"en-GB","@id":"https:\/\/secure.gravatar.com\/avatar\/f1ffcac9ca2fa95ad3ec33e9be3ade82f752acb0cabe541e56c5889225afa88a?s=96&d=mm&r=g","url":"https:\/\/secure.gravatar.com\/avatar\/f1ffcac9ca2fa95ad3ec33e9be3ade82f752acb0cabe541e56c5889225afa88a?s=96&d=mm&r=g","contentUrl":"https:\/\/secure.gravatar.com\/avatar\/f1ffcac9ca2fa95ad3ec33e9be3ade82f752acb0cabe541e56c5889225afa88a?s=96&d=mm&r=g","caption":"dev"},"url":"https:\/\/ecodef-ihedn.fr\/en\/author\/dev\/"}]}},"_links":{"self":[{"href":"https:\/\/ecodef-ihedn.fr\/en\/wp-json\/wp\/v2\/posts\/1096","targetHints":{"allow":["GET"]}}],"collection":[{"href":"https:\/\/ecodef-ihedn.fr\/en\/wp-json\/wp\/v2\/posts"}],"about":[{"href":"https:\/\/ecodef-ihedn.fr\/en\/wp-json\/wp\/v2\/types\/post"}],"author":[{"embeddable":true,"href":"https:\/\/ecodef-ihedn.fr\/en\/wp-json\/wp\/v2\/users\/1"}],"replies":[{"embeddable":true,"href":"https:\/\/ecodef-ihedn.fr\/en\/wp-json\/wp\/v2\/comments?post=1096"}],"version-history":[{"count":3,"href":"https:\/\/ecodef-ihedn.fr\/en\/wp-json\/wp\/v2\/posts\/1096\/revisions"}],"predecessor-version":[{"id":1546,"href":"https:\/\/ecodef-ihedn.fr\/en\/wp-json\/wp\/v2\/posts\/1096\/revisions\/1546"}],"wp:featuredmedia":[{"embeddable":true,"href":"https:\/\/ecodef-ihedn.fr\/en\/wp-json\/wp\/v2\/media\/1097"}],"wp:attachment":[{"href":"https:\/\/ecodef-ihedn.fr\/en\/wp-json\/wp\/v2\/media?parent=1096"}],"wp:term":[{"taxonomy":"category","embeddable":true,"href":"https:\/\/ecodef-ihedn.fr\/en\/wp-json\/wp\/v2\/categories?post=1096"},{"taxonomy":"post_tag","embeddable":true,"href":"https:\/\/ecodef-ihedn.fr\/en\/wp-json\/wp\/v2\/tags?post=1096"}],"curies":[{"name":"wp","href":"https:\/\/api.w.org\/{rel}","templated":true}]}}