{"id":1103,"date":"2018-11-08T00:00:00","date_gmt":"2018-11-08T00:00:00","guid":{"rendered":"https:\/\/ecodef-ihedn.fr\/appel-a-communication-23eme-conference-internationale-sur-leconomie-et-la-securite-madrid-26-29-juin-2019\/"},"modified":"2020-04-10T08:34:42","modified_gmt":"2020-04-10T08:34:42","slug":"appel-a-communication-23eme-conference-internationale-sur-leconomie-et-la-securite-madrid-26-29-juin-2019","status":"publish","type":"post","link":"https:\/\/ecodef-ihedn.fr\/en\/appel-a-communication-23eme-conference-internationale-sur-leconomie-et-la-securite-madrid-26-29-juin-2019\/","title":{"rendered":"Call for papers: 23rd International Conference on Economics and Security, Madrid, 26-29 June 2019"},"content":{"rendered":"<p style=\"text-align: justify\">La <strong>23rd International Conference on Economics and Security<\/strong> (<em>ICES - International Conference on Economics and Security<\/em>) will take place from <strong>26 to 29 June 2019<\/strong> in Madrid (Spain), at the\u2019<a href=\"https:\/\/iugm.es\/\" target=\"_blank\" rel=\"noopener noreferrer\"><strong>Instituto Universitario General Gutierrez Mellado<\/strong><\/a>.<\/p>\n<p style=\"text-align: justify\">It will be organised by <strong>Carlos Mart\u00ed Sempere<\/strong> (<em>Instituto Guti\u00e9rrez Mellado<\/em>), <strong>Paul Dunne<\/strong> (<em>University of Cape Town<\/em>) and <strong>Antonio Fonfr\u00eda Mesa<\/strong> (<em>Universidad Complutense de Madrid<\/em>).<\/p>\n<p style=\"text-align: justify\">Since now <strong>more than 20 years<\/strong>, This international conference is an opportunity for economists, political scientists and other researchers from all over the world to present their work in the field of\u2019<strong>defence, security and peace economics <\/strong>(for more information on past editions of this conference, <a href=\"https:\/\/iugm.es\/ices2019\/past-conferences\/\" target=\"_blank\" rel=\"noopener noreferrer\"><strong>click here<\/strong><\/a>).<strong><br \/>\n<\/strong><\/p>\n<p style=\"text-align: justify\">The <strong>researchers from the defence economics chair<\/strong> have been taking part in this conference for a number of years, which provides an opportunity to <strong>cover different research themes<\/strong> in defence and security economics (non-exhaustive list):<\/p>\n<ul>\n<li>Economics of defence, security and peace<\/li>\n<li>Economics of terrorism<\/li>\n<li>Regional security<\/li>\n<li>Corruption and military spending<\/li>\n<li>Globalisation and restructuring of the military-industrial complex<\/li>\n<li>Reforms in the defence sector<\/li>\n<li>Economics of conflict and war<\/li>\n<li>Post-conflict reconstruction<\/li>\n<li>Conversion and demilitarisation<\/li>\n<li>Economics of the arms trade<\/li>\n<li>Acquisition and compensation agreements<\/li>\n<li>Arms races and alliances<\/li>\n<\/ul>\n<p style=\"text-align: justify\"><strong>Deadlines : <\/strong>Proposals for papers (abstracts of 300 words maximum) should be submitted to the conference organisers by <strong>1st April 2019<\/strong> at the latest.<\/p>\n<p style=\"text-align: justify\">The <strong>abstracts should be sent to<\/strong> at the following address: <strong>ICES2019@igm.uned.es<\/strong><\/p>\n<p><strong>For further information:<\/strong> For more information, click <a href=\"https:\/\/iugm.es\/ices2019\/\" target=\"_blank\" rel=\"noopener noreferrer\"><strong>here<\/strong><\/a>.<\/p>\n<p><a href=\"https:\/\/ecodef-ihedn.fr\/wp-content\/uploads\/2020\/04\/instituto_spain.jpg\"><img loading=\"lazy\" decoding=\"async\" class=\"aligncenter size-full wp-image-6540\" src=\"https:\/\/ecodef-ihedn.fr\/wp-content\/uploads\/2020\/04\/instituto_spain.jpg\" alt=\"\" width=\"457\" height=\"110\" \/><\/a><\/p>","protected":false},"excerpt":{"rendered":"<p>La 23\u00e8me conf\u00e9rence internationale sur l&rsquo;\u00e9conomie et la s\u00e9curit\u00e9 (ICES &#8211; International Conference on Economics and Security) aura lieu du 26 au 29 Juin 2019 \u00e0 Madrid (Espagne), \u00e0 l&rsquo;Instituto Universitario General Gutierrez Mellado. Elle sera organis\u00e9e par Carlos Mart\u00ed Sempere (Instituto Guti\u00e9rrez Mellado), Paul Dunne (University of Cape Town) et Antonio Fonfr\u00eda Mesa (Universidad [&hellip;]<\/p>\n","protected":false},"author":1,"featured_media":1104,"comment_status":"open","ping_status":"open","sticky":false,"template":"","format":"standard","meta":{"footnotes":""},"categories":[360],"tags":[215,216,41,217,157,218],"class_list":{"0":"post-1103","1":"post","2":"type-post","3":"status-publish","4":"format-standard","5":"has-post-thumbnail","7":"category-actualites-du-reseau","8":"tag-23eme-conference-internationale-economie-et-securite","9":"tag-23eme-ices","10":"tag-conference","11":"tag-conference-internationale-economie-et-securite","12":"tag-ices","13":"tag-instituto-universitario-general-gutierrez-mellado"},"yoast_head":"<!-- This site is optimized with the Yoast SEO plugin v27.4 - https:\/\/yoast.com\/product\/yoast-seo-wordpress\/ -->\n<title>Appel \u00e0 communication : 23\u00e8me Conf\u00e9rence internationale sur l&#039;\u00e9conomie et la s\u00e9curit\u00e9, Madrid, 26-29 juin 2019 - Chaire \u00c9conomie de d\u00e9fense - IHEDN<\/title>\n<meta name=\"robots\" content=\"index, follow, max-snippet:-1, max-image-preview:large, max-video-preview:-1\" \/>\n<link rel=\"canonical\" href=\"https:\/\/ecodef-ihedn.fr\/en\/appel-a-communication-23eme-conference-internationale-sur-leconomie-et-la-securite-madrid-26-29-juin-2019\/\" \/>\n<meta property=\"og:locale\" content=\"en_GB\" \/>\n<meta property=\"og:type\" content=\"article\" \/>\n<meta property=\"og:title\" content=\"Appel \u00e0 communication : 23\u00e8me Conf\u00e9rence internationale sur l&#039;\u00e9conomie et la s\u00e9curit\u00e9, Madrid, 26-29 juin 2019 - Chaire \u00c9conomie de d\u00e9fense - IHEDN\" \/>\n<meta property=\"og:description\" content=\"La 23\u00e8me conf\u00e9rence internationale sur l&rsquo;\u00e9conomie et la s\u00e9curit\u00e9 (ICES &#8211; International Conference on Economics and Security) aura lieu du 26 au 29 Juin 2019 \u00e0 Madrid (Espagne), \u00e0 l&rsquo;Instituto Universitario General Gutierrez Mellado. Elle sera organis\u00e9e par Carlos Mart\u00ed Sempere (Instituto Guti\u00e9rrez Mellado), Paul Dunne (University of Cape Town) et Antonio Fonfr\u00eda Mesa (Universidad [&hellip;]\" \/>\n<meta property=\"og:url\" content=\"https:\/\/ecodef-ihedn.fr\/en\/appel-a-communication-23eme-conference-internationale-sur-leconomie-et-la-securite-madrid-26-29-juin-2019\/\" \/>\n<meta property=\"og:site_name\" content=\"Chaire \u00c9conomie de d\u00e9fense - IHEDN\" \/>\n<meta property=\"article:published_time\" content=\"2018-11-08T00:00:00+00:00\" \/>\n<meta property=\"article:modified_time\" content=\"2020-04-10T08:34:42+00:00\" \/>\n<meta property=\"og:image\" content=\"https:\/\/ecodef-ihedn.fr\/wp-content\/uploads\/2020\/04\/instituto_spain.jpg\" \/>\n\t<meta property=\"og:image:width\" content=\"457\" \/>\n\t<meta property=\"og:image:height\" content=\"110\" \/>\n\t<meta property=\"og:image:type\" content=\"image\/jpeg\" \/>\n<meta name=\"author\" content=\"dev\" \/>\n<meta name=\"twitter:card\" content=\"summary_large_image\" \/>\n<meta name=\"twitter:creator\" content=\"@Chaire_Ecodef\" \/>\n<meta name=\"twitter:site\" content=\"@Chaire_Ecodef\" \/>\n<meta name=\"twitter:label1\" content=\"Written by\" \/>\n\t<meta name=\"twitter:data1\" content=\"dev\" \/>\n\t<meta name=\"twitter:label2\" content=\"Estimated reading time\" \/>\n\t<meta name=\"twitter:data2\" content=\"1 minute\" \/>\n<script type=\"application\/ld+json\" class=\"yoast-schema-graph\">{\"@context\":\"https:\\\/\\\/schema.org\",\"@graph\":[{\"@type\":\"Article\",\"@id\":\"https:\\\/\\\/ecodef-ihedn.fr\\\/appel-a-communication-23eme-conference-internationale-sur-leconomie-et-la-securite-madrid-26-29-juin-2019\\\/#article\",\"isPartOf\":{\"@id\":\"https:\\\/\\\/ecodef-ihedn.fr\\\/appel-a-communication-23eme-conference-internationale-sur-leconomie-et-la-securite-madrid-26-29-juin-2019\\\/\"},\"author\":{\"name\":\"dev\",\"@id\":\"https:\\\/\\\/ecodef-ihedn.fr\\\/#\\\/schema\\\/person\\\/7b3f1a2d8fd336e0be2f9ff63ff0ebbc\"},\"headline\":\"Appel \u00e0 communication : 23\u00e8me Conf\u00e9rence internationale sur l&rsquo;\u00e9conomie et la s\u00e9curit\u00e9, Madrid, 26-29 juin 2019\",\"datePublished\":\"2018-11-08T00:00:00+00:00\",\"dateModified\":\"2020-04-10T08:34:42+00:00\",\"mainEntityOfPage\":{\"@id\":\"https:\\\/\\\/ecodef-ihedn.fr\\\/appel-a-communication-23eme-conference-internationale-sur-leconomie-et-la-securite-madrid-26-29-juin-2019\\\/\"},\"wordCount\":291,\"commentCount\":0,\"publisher\":{\"@id\":\"https:\\\/\\\/ecodef-ihedn.fr\\\/#organization\"},\"image\":{\"@id\":\"https:\\\/\\\/ecodef-ihedn.fr\\\/appel-a-communication-23eme-conference-internationale-sur-leconomie-et-la-securite-madrid-26-29-juin-2019\\\/#primaryimage\"},\"thumbnailUrl\":\"https:\\\/\\\/ecodef-ihedn.fr\\\/wp-content\\\/uploads\\\/2020\\\/04\\\/instituto_spain.jpg\",\"keywords\":[\"23\u00e8me conf\u00e9rence internationale Economie et s\u00e9curit\u00e9\",\"23\u00e8me ICES\",\"conf\u00e9rence\",\"Conf\u00e9rence Internationale Economie et s\u00e9curit\u00e9\",\"ICES\",\"Instituto Universitario General Gutierrez Mellado.\"],\"articleSection\":[\"Actualit\u00e9s du r\u00e9seau\"],\"inLanguage\":\"en-GB\",\"potentialAction\":[{\"@type\":\"CommentAction\",\"name\":\"Comment\",\"target\":[\"https:\\\/\\\/ecodef-ihedn.fr\\\/appel-a-communication-23eme-conference-internationale-sur-leconomie-et-la-securite-madrid-26-29-juin-2019\\\/#respond\"]}]},{\"@type\":\"WebPage\",\"@id\":\"https:\\\/\\\/ecodef-ihedn.fr\\\/appel-a-communication-23eme-conference-internationale-sur-leconomie-et-la-securite-madrid-26-29-juin-2019\\\/\",\"url\":\"https:\\\/\\\/ecodef-ihedn.fr\\\/appel-a-communication-23eme-conference-internationale-sur-leconomie-et-la-securite-madrid-26-29-juin-2019\\\/\",\"name\":\"Appel \u00e0 communication : 23\u00e8me Conf\u00e9rence internationale sur l'\u00e9conomie et la s\u00e9curit\u00e9, Madrid, 26-29 juin 2019 - Chaire \u00c9conomie de d\u00e9fense - IHEDN\",\"isPartOf\":{\"@id\":\"https:\\\/\\\/ecodef-ihedn.fr\\\/#website\"},\"primaryImageOfPage\":{\"@id\":\"https:\\\/\\\/ecodef-ihedn.fr\\\/appel-a-communication-23eme-conference-internationale-sur-leconomie-et-la-securite-madrid-26-29-juin-2019\\\/#primaryimage\"},\"image\":{\"@id\":\"https:\\\/\\\/ecodef-ihedn.fr\\\/appel-a-communication-23eme-conference-internationale-sur-leconomie-et-la-securite-madrid-26-29-juin-2019\\\/#primaryimage\"},\"thumbnailUrl\":\"https:\\\/\\\/ecodef-ihedn.fr\\\/wp-content\\\/uploads\\\/2020\\\/04\\\/instituto_spain.jpg\",\"datePublished\":\"2018-11-08T00:00:00+00:00\",\"dateModified\":\"2020-04-10T08:34:42+00:00\",\"breadcrumb\":{\"@id\":\"https:\\\/\\\/ecodef-ihedn.fr\\\/appel-a-communication-23eme-conference-internationale-sur-leconomie-et-la-securite-madrid-26-29-juin-2019\\\/#breadcrumb\"},\"inLanguage\":\"en-GB\",\"potentialAction\":[{\"@type\":\"ReadAction\",\"target\":[\"https:\\\/\\\/ecodef-ihedn.fr\\\/appel-a-communication-23eme-conference-internationale-sur-leconomie-et-la-securite-madrid-26-29-juin-2019\\\/\"]}]},{\"@type\":\"ImageObject\",\"inLanguage\":\"en-GB\",\"@id\":\"https:\\\/\\\/ecodef-ihedn.fr\\\/appel-a-communication-23eme-conference-internationale-sur-leconomie-et-la-securite-madrid-26-29-juin-2019\\\/#primaryimage\",\"url\":\"https:\\\/\\\/ecodef-ihedn.fr\\\/wp-content\\\/uploads\\\/2020\\\/04\\\/instituto_spain.jpg\",\"contentUrl\":\"https:\\\/\\\/ecodef-ihedn.fr\\\/wp-content\\\/uploads\\\/2020\\\/04\\\/instituto_spain.jpg\",\"width\":457,\"height\":110},{\"@type\":\"BreadcrumbList\",\"@id\":\"https:\\\/\\\/ecodef-ihedn.fr\\\/appel-a-communication-23eme-conference-internationale-sur-leconomie-et-la-securite-madrid-26-29-juin-2019\\\/#breadcrumb\",\"itemListElement\":[{\"@type\":\"ListItem\",\"position\":1,\"name\":\"Accueil\",\"item\":\"https:\\\/\\\/ecodef-ihedn.fr\\\/\"},{\"@type\":\"ListItem\",\"position\":2,\"name\":\"Appel \u00e0 communication : 23\u00e8me Conf\u00e9rence internationale sur l&#8217;\u00e9conomie et la s\u00e9curit\u00e9, Madrid, 26-29 juin 2019\"}]},{\"@type\":\"WebSite\",\"@id\":\"https:\\\/\\\/ecodef-ihedn.fr\\\/#website\",\"url\":\"https:\\\/\\\/ecodef-ihedn.fr\\\/\",\"name\":\"Chaire \u00c9conomie de D\u00e9fense - IHEDN\",\"description\":\"Produire &amp; soutenir, f\u00e9d\u00e9rer &amp; diffuser, \u00eatre une interface\",\"publisher\":{\"@id\":\"https:\\\/\\\/ecodef-ihedn.fr\\\/#organization\"},\"potentialAction\":[{\"@type\":\"SearchAction\",\"target\":{\"@type\":\"EntryPoint\",\"urlTemplate\":\"https:\\\/\\\/ecodef-ihedn.fr\\\/?s={search_term_string}\"},\"query-input\":{\"@type\":\"PropertyValueSpecification\",\"valueRequired\":true,\"valueName\":\"search_term_string\"}}],\"inLanguage\":\"en-GB\"},{\"@type\":\"Organization\",\"@id\":\"https:\\\/\\\/ecodef-ihedn.fr\\\/#organization\",\"name\":\"Chaire \u00c9conomie de d\u00e9fense - IHEDN\",\"url\":\"https:\\\/\\\/ecodef-ihedn.fr\\\/\",\"logo\":{\"@type\":\"ImageObject\",\"inLanguage\":\"en-GB\",\"@id\":\"https:\\\/\\\/ecodef-ihedn.fr\\\/#\\\/schema\\\/logo\\\/image\\\/\",\"url\":\"https:\\\/\\\/ecodef-ihedn.fr\\\/wp-content\\\/uploads\\\/2020\\\/04\\\/logoEcodef9.jpg\",\"contentUrl\":\"https:\\\/\\\/ecodef-ihedn.fr\\\/wp-content\\\/uploads\\\/2020\\\/04\\\/logoEcodef9.jpg\",\"width\":410,\"height\":212,\"caption\":\"Chaire \u00c9conomie de d\u00e9fense - IHEDN\"},\"image\":{\"@id\":\"https:\\\/\\\/ecodef-ihedn.fr\\\/#\\\/schema\\\/logo\\\/image\\\/\"},\"sameAs\":[\"https:\\\/\\\/x.com\\\/Chaire_Ecodef\",\"https:\\\/\\\/www.linkedin.com\\\/company\\\/chaire-ecodef-ihedn\\\/\"]},{\"@type\":\"Person\",\"@id\":\"https:\\\/\\\/ecodef-ihedn.fr\\\/#\\\/schema\\\/person\\\/7b3f1a2d8fd336e0be2f9ff63ff0ebbc\",\"name\":\"dev\",\"image\":{\"@type\":\"ImageObject\",\"inLanguage\":\"en-GB\",\"@id\":\"https:\\\/\\\/secure.gravatar.com\\\/avatar\\\/f1ffcac9ca2fa95ad3ec33e9be3ade82f752acb0cabe541e56c5889225afa88a?s=96&d=mm&r=g\",\"url\":\"https:\\\/\\\/secure.gravatar.com\\\/avatar\\\/f1ffcac9ca2fa95ad3ec33e9be3ade82f752acb0cabe541e56c5889225afa88a?s=96&d=mm&r=g\",\"contentUrl\":\"https:\\\/\\\/secure.gravatar.com\\\/avatar\\\/f1ffcac9ca2fa95ad3ec33e9be3ade82f752acb0cabe541e56c5889225afa88a?s=96&d=mm&r=g\",\"caption\":\"dev\"},\"url\":\"https:\\\/\\\/ecodef-ihedn.fr\\\/en\\\/author\\\/dev\\\/\"}]}<\/script>\n<!-- \/ Yoast SEO plugin. -->","yoast_head_json":{"title":"Appel \u00e0 communication : 23\u00e8me Conf\u00e9rence internationale sur l'\u00e9conomie et la s\u00e9curit\u00e9, Madrid, 26-29 juin 2019 - Chaire \u00c9conomie de d\u00e9fense - IHEDN","robots":{"index":"index","follow":"follow","max-snippet":"max-snippet:-1","max-image-preview":"max-image-preview:large","max-video-preview":"max-video-preview:-1"},"canonical":"https:\/\/ecodef-ihedn.fr\/en\/appel-a-communication-23eme-conference-internationale-sur-leconomie-et-la-securite-madrid-26-29-juin-2019\/","og_locale":"en_GB","og_type":"article","og_title":"Appel \u00e0 communication : 23\u00e8me Conf\u00e9rence internationale sur l'\u00e9conomie et la s\u00e9curit\u00e9, Madrid, 26-29 juin 2019 - Chaire \u00c9conomie de d\u00e9fense - IHEDN","og_description":"La 23\u00e8me conf\u00e9rence internationale sur l&rsquo;\u00e9conomie et la s\u00e9curit\u00e9 (ICES &#8211; International Conference on Economics and Security) aura lieu du 26 au 29 Juin 2019 \u00e0 Madrid (Espagne), \u00e0 l&rsquo;Instituto Universitario General Gutierrez Mellado. Elle sera organis\u00e9e par Carlos Mart\u00ed Sempere (Instituto Guti\u00e9rrez Mellado), Paul Dunne (University of Cape Town) et Antonio Fonfr\u00eda Mesa (Universidad [&hellip;]","og_url":"https:\/\/ecodef-ihedn.fr\/en\/appel-a-communication-23eme-conference-internationale-sur-leconomie-et-la-securite-madrid-26-29-juin-2019\/","og_site_name":"Chaire \u00c9conomie de d\u00e9fense - IHEDN","article_published_time":"2018-11-08T00:00:00+00:00","article_modified_time":"2020-04-10T08:34:42+00:00","og_image":[{"width":457,"height":110,"url":"https:\/\/ecodef-ihedn.fr\/wp-content\/uploads\/2020\/04\/instituto_spain.jpg","type":"image\/jpeg"}],"author":"dev","twitter_card":"summary_large_image","twitter_creator":"@Chaire_Ecodef","twitter_site":"@Chaire_Ecodef","twitter_misc":{"Written by":"dev","Estimated reading time":"1 minute"},"schema":{"@context":"https:\/\/schema.org","@graph":[{"@type":"Article","@id":"https:\/\/ecodef-ihedn.fr\/appel-a-communication-23eme-conference-internationale-sur-leconomie-et-la-securite-madrid-26-29-juin-2019\/#article","isPartOf":{"@id":"https:\/\/ecodef-ihedn.fr\/appel-a-communication-23eme-conference-internationale-sur-leconomie-et-la-securite-madrid-26-29-juin-2019\/"},"author":{"name":"dev","@id":"https:\/\/ecodef-ihedn.fr\/#\/schema\/person\/7b3f1a2d8fd336e0be2f9ff63ff0ebbc"},"headline":"Appel \u00e0 communication : 23\u00e8me Conf\u00e9rence internationale sur l&rsquo;\u00e9conomie et la s\u00e9curit\u00e9, Madrid, 26-29 juin 2019","datePublished":"2018-11-08T00:00:00+00:00","dateModified":"2020-04-10T08:34:42+00:00","mainEntityOfPage":{"@id":"https:\/\/ecodef-ihedn.fr\/appel-a-communication-23eme-conference-internationale-sur-leconomie-et-la-securite-madrid-26-29-juin-2019\/"},"wordCount":291,"commentCount":0,"publisher":{"@id":"https:\/\/ecodef-ihedn.fr\/#organization"},"image":{"@id":"https:\/\/ecodef-ihedn.fr\/appel-a-communication-23eme-conference-internationale-sur-leconomie-et-la-securite-madrid-26-29-juin-2019\/#primaryimage"},"thumbnailUrl":"https:\/\/ecodef-ihedn.fr\/wp-content\/uploads\/2020\/04\/instituto_spain.jpg","keywords":["23\u00e8me conf\u00e9rence internationale Economie et s\u00e9curit\u00e9","23\u00e8me ICES","conf\u00e9rence","Conf\u00e9rence Internationale Economie et s\u00e9curit\u00e9","ICES","Instituto Universitario General Gutierrez Mellado."],"articleSection":["Actualit\u00e9s du r\u00e9seau"],"inLanguage":"en-GB","potentialAction":[{"@type":"CommentAction","name":"Comment","target":["https:\/\/ecodef-ihedn.fr\/appel-a-communication-23eme-conference-internationale-sur-leconomie-et-la-securite-madrid-26-29-juin-2019\/#respond"]}]},{"@type":"WebPage","@id":"https:\/\/ecodef-ihedn.fr\/appel-a-communication-23eme-conference-internationale-sur-leconomie-et-la-securite-madrid-26-29-juin-2019\/","url":"https:\/\/ecodef-ihedn.fr\/appel-a-communication-23eme-conference-internationale-sur-leconomie-et-la-securite-madrid-26-29-juin-2019\/","name":"Appel \u00e0 communication : 23\u00e8me Conf\u00e9rence internationale sur l'\u00e9conomie et la s\u00e9curit\u00e9, Madrid, 26-29 juin 2019 - Chaire \u00c9conomie de d\u00e9fense - IHEDN","isPartOf":{"@id":"https:\/\/ecodef-ihedn.fr\/#website"},"primaryImageOfPage":{"@id":"https:\/\/ecodef-ihedn.fr\/appel-a-communication-23eme-conference-internationale-sur-leconomie-et-la-securite-madrid-26-29-juin-2019\/#primaryimage"},"image":{"@id":"https:\/\/ecodef-ihedn.fr\/appel-a-communication-23eme-conference-internationale-sur-leconomie-et-la-securite-madrid-26-29-juin-2019\/#primaryimage"},"thumbnailUrl":"https:\/\/ecodef-ihedn.fr\/wp-content\/uploads\/2020\/04\/instituto_spain.jpg","datePublished":"2018-11-08T00:00:00+00:00","dateModified":"2020-04-10T08:34:42+00:00","breadcrumb":{"@id":"https:\/\/ecodef-ihedn.fr\/appel-a-communication-23eme-conference-internationale-sur-leconomie-et-la-securite-madrid-26-29-juin-2019\/#breadcrumb"},"inLanguage":"en-GB","potentialAction":[{"@type":"ReadAction","target":["https:\/\/ecodef-ihedn.fr\/appel-a-communication-23eme-conference-internationale-sur-leconomie-et-la-securite-madrid-26-29-juin-2019\/"]}]},{"@type":"ImageObject","inLanguage":"en-GB","@id":"https:\/\/ecodef-ihedn.fr\/appel-a-communication-23eme-conference-internationale-sur-leconomie-et-la-securite-madrid-26-29-juin-2019\/#primaryimage","url":"https:\/\/ecodef-ihedn.fr\/wp-content\/uploads\/2020\/04\/instituto_spain.jpg","contentUrl":"https:\/\/ecodef-ihedn.fr\/wp-content\/uploads\/2020\/04\/instituto_spain.jpg","width":457,"height":110},{"@type":"BreadcrumbList","@id":"https:\/\/ecodef-ihedn.fr\/appel-a-communication-23eme-conference-internationale-sur-leconomie-et-la-securite-madrid-26-29-juin-2019\/#breadcrumb","itemListElement":[{"@type":"ListItem","position":1,"name":"Accueil","item":"https:\/\/ecodef-ihedn.fr\/"},{"@type":"ListItem","position":2,"name":"Appel \u00e0 communication : 23\u00e8me Conf\u00e9rence internationale sur l&#8217;\u00e9conomie et la s\u00e9curit\u00e9, Madrid, 26-29 juin 2019"}]},{"@type":"WebSite","@id":"https:\/\/ecodef-ihedn.fr\/#website","url":"https:\/\/ecodef-ihedn.fr\/","name":"Chair in Defence Economics - IHEDN","description":"Produce &amp; support, federate &amp; disseminate, act as an interface","publisher":{"@id":"https:\/\/ecodef-ihedn.fr\/#organization"},"potentialAction":[{"@type":"SearchAction","target":{"@type":"EntryPoint","urlTemplate":"https:\/\/ecodef-ihedn.fr\/?s={search_term_string}"},"query-input":{"@type":"PropertyValueSpecification","valueRequired":true,"valueName":"search_term_string"}}],"inLanguage":"en-GB"},{"@type":"Organization","@id":"https:\/\/ecodef-ihedn.fr\/#organization","name":"Chair in Defence Economics - IHEDN","url":"https:\/\/ecodef-ihedn.fr\/","logo":{"@type":"ImageObject","inLanguage":"en-GB","@id":"https:\/\/ecodef-ihedn.fr\/#\/schema\/logo\/image\/","url":"https:\/\/ecodef-ihedn.fr\/wp-content\/uploads\/2020\/04\/logoEcodef9.jpg","contentUrl":"https:\/\/ecodef-ihedn.fr\/wp-content\/uploads\/2020\/04\/logoEcodef9.jpg","width":410,"height":212,"caption":"Chaire \u00c9conomie de d\u00e9fense - IHEDN"},"image":{"@id":"https:\/\/ecodef-ihedn.fr\/#\/schema\/logo\/image\/"},"sameAs":["https:\/\/x.com\/Chaire_Ecodef","https:\/\/www.linkedin.com\/company\/chaire-ecodef-ihedn\/"]},{"@type":"Person","@id":"https:\/\/ecodef-ihedn.fr\/#\/schema\/person\/7b3f1a2d8fd336e0be2f9ff63ff0ebbc","name":"dev","image":{"@type":"ImageObject","inLanguage":"en-GB","@id":"https:\/\/secure.gravatar.com\/avatar\/f1ffcac9ca2fa95ad3ec33e9be3ade82f752acb0cabe541e56c5889225afa88a?s=96&d=mm&r=g","url":"https:\/\/secure.gravatar.com\/avatar\/f1ffcac9ca2fa95ad3ec33e9be3ade82f752acb0cabe541e56c5889225afa88a?s=96&d=mm&r=g","contentUrl":"https:\/\/secure.gravatar.com\/avatar\/f1ffcac9ca2fa95ad3ec33e9be3ade82f752acb0cabe541e56c5889225afa88a?s=96&d=mm&r=g","caption":"dev"},"url":"https:\/\/ecodef-ihedn.fr\/en\/author\/dev\/"}]}},"_links":{"self":[{"href":"https:\/\/ecodef-ihedn.fr\/en\/wp-json\/wp\/v2\/posts\/1103","targetHints":{"allow":["GET"]}}],"collection":[{"href":"https:\/\/ecodef-ihedn.fr\/en\/wp-json\/wp\/v2\/posts"}],"about":[{"href":"https:\/\/ecodef-ihedn.fr\/en\/wp-json\/wp\/v2\/types\/post"}],"author":[{"embeddable":true,"href":"https:\/\/ecodef-ihedn.fr\/en\/wp-json\/wp\/v2\/users\/1"}],"replies":[{"embeddable":true,"href":"https:\/\/ecodef-ihedn.fr\/en\/wp-json\/wp\/v2\/comments?post=1103"}],"version-history":[{"count":2,"href":"https:\/\/ecodef-ihedn.fr\/en\/wp-json\/wp\/v2\/posts\/1103\/revisions"}],"predecessor-version":[{"id":1482,"href":"https:\/\/ecodef-ihedn.fr\/en\/wp-json\/wp\/v2\/posts\/1103\/revisions\/1482"}],"wp:featuredmedia":[{"embeddable":true,"href":"https:\/\/ecodef-ihedn.fr\/en\/wp-json\/wp\/v2\/media\/1104"}],"wp:attachment":[{"href":"https:\/\/ecodef-ihedn.fr\/en\/wp-json\/wp\/v2\/media?parent=1103"}],"wp:term":[{"taxonomy":"category","embeddable":true,"href":"https:\/\/ecodef-ihedn.fr\/en\/wp-json\/wp\/v2\/categories?post=1103"},{"taxonomy":"post_tag","embeddable":true,"href":"https:\/\/ecodef-ihedn.fr\/en\/wp-json\/wp\/v2\/tags?post=1103"}],"curies":[{"name":"wp","href":"https:\/\/api.w.org\/{rel}","templated":true}]}}