{"id":1105,"date":"2018-11-07T00:00:00","date_gmt":"2018-11-07T00:00:00","guid":{"rendered":"https:\/\/ecodef-ihedn.fr\/conference-les-economistes-et-la-premiere-guerre-mondiale-paris-ecole-militaire-22-23-novembre-2018\/"},"modified":"2020-04-09T11:35:55","modified_gmt":"2020-04-09T11:35:55","slug":"conference-les-economistes-et-la-premiere-guerre-mondiale-paris-ecole-militaire-22-23-novembre-2018","status":"publish","type":"post","link":"https:\/\/ecodef-ihedn.fr\/en\/conference-les-economistes-et-la-premiere-guerre-mondiale-paris-ecole-militaire-22-23-novembre-2018\/","title":{"rendered":"CONFERENCE: Economists and the First World War, Paris, Ecole Militaire, 22-23 November 2018"},"content":{"rendered":"<h1 style=\"text-align: center\"><strong>\u00abEconomists and the First World War\u00bb<\/strong><\/h1>\n<h2 style=\"text-align: center\">Alain Cl\u00e9ment Study Days<br \/>\n22 and 23 November 2018<br \/>\n\u00c9cole militaire, Paris, Moore Amphitheatre<\/h2>\n<p style=\"text-align: justify\">The <strong>economic aspects of the war<\/strong>, and in particular the <strong>first world conflict<\/strong>l, were often highlighted. Emphasis has been placed on the break with the past in terms of its demographic, material, financial and monetary repercussions, and the transformation it has brought about in terms of the role of the State in economic regulation and women's participation in the labour market.<br \/>\nIt is from another angle, that of the viewpoint of the<strong> economists contemporary with the conflict,<\/strong> that this <strong>double study day<\/strong> to compare and contrast the views of different economists on the First World War, its causes and economic consequences, how to finance it and how to ensure peace.<br \/>\nThese days are organised in the <strong>in memory of Alain Cl\u00e9ment<\/strong>, professor at the University of Tours and researcher at the Laboratoire d'\u00e9conomie d'Orl\u00e9ans, who, as part of the <strong>PHILEO research seminar<\/strong> (Philosophy, History and Economic Thought seminar at the <a href=\"http:\/\/www.leo-univ-orleans.fr\/fr\/\" target=\"_blank\" rel=\"noopener noreferrer\"><strong>Orl\u00e9ans Economics Laboratory<\/strong><\/a>), a series of conferences on the theme.<br \/>\nAt the end of the conference, the papers presented may be submitted for publication in a <strong>special issue<\/strong> of the <a href=\"https:\/\/classiques-garnier.com\/revue-d-histoire-de-la-pensee-economique.html\" target=\"_blank\" rel=\"noopener noreferrer\"><strong>Journal of the History of Economic Thought<\/strong><\/a>.<\/p>\n<p>To register for the conference, <a href=\"https:\/\/webquest.fr\/?m=55361_inscriptions---journees-detudes-alain-clement-les-economistes-et-la-premiere-guerre-mondiale---22-23112018\" target=\"_blank\" rel=\"noopener noreferrer\"><strong>click here<\/strong><\/a>.<\/p>\n<p><strong>For further information, please contact :<\/strong> Christophe.Lavialle@univ-orleans.fr<\/p>\n<h2><strong>The programme:<\/strong><\/h2>\n<h2 style=\"text-align: center\"><strong>Thursday 22 November<\/strong><\/h2>\n<p><strong>10.00 - 10.30 A.M. OPENING OF THE STUDY DAYS<\/strong><br \/>\n- <strong>Christophe Lavialle<\/strong> (IGEN-SES, LEO), leader of the PHILEO seminar;<br \/>\n- <strong>Christine Lagoutte (<\/strong>Universit\u00e9 Fran\u00e7ois Rabelais de Tours, LEO); ;<br \/>\n- <strong>Marc P\u00e9nin,<\/strong> (University of Montpellier 1, LAMETA).<\/p>\n<p><strong>10:30 - 11:00 WELCOME ADDRESS AND PRESENTATION OF IRSEM<\/strong><\/p>\n<p><strong>Jean-Vicent Holeindre<\/strong> (Professor of Political Science at the University of Paris 2 Panth\u00e9on-Assas and Scientific Director of IRSEM)<\/p>\n<p><strong>11.00 - 12.00 INAUGURAL CONFERENCE<\/strong><br \/>\n<strong>Edouard Joll<\/strong>y (Doctor of Philosophy, researcher at IRSEM, lecturer at the Lille Institute of Political Studies and the University of Lille) \u00abAt the origins of the Pax Americana - The First World War as a transformation of the global economy\u00bb.\u00bb<\/p>\n<p style=\"text-align: center\"><strong>12pm - 2pm<\/strong><br \/>\n<strong>Lunch<\/strong><\/p>\n<p><strong>14:00 - 15:30 SESSION 1 (Moderator: Christophe Lavialle, LEO)<\/strong><br \/>\n1) Nationalism, cause and consequence of the First World War. The analyses of Rudolf Hilferding and Rosa Luxemburg. <strong>Marlyse Pouchol<\/strong> (University of Reims and CLERS\u00c9)<br \/>\n2) Johann Plenge and the \u00abspirit of 1914\u00bb - towards a national socialism?<strong> Christian Eggers<\/strong> (Grenoble Alpes University and ILCEA4) and<strong> Alain Laurent<\/strong> (Grenoble Alpes University and CREG)<br \/>\n3) The war economy and the debate on socialist economic calculation. From the Neurath-Weber controversy to the revival of Austrian economics <strong>Patrick Mardellat<\/strong> (Lille Institute of Political Studies and CLERS\u00c9)<\/p>\n<p style=\"text-align: center\"><strong>3.30 pm - 4 pm<\/strong><br \/>\n<strong>Coffee break<\/strong><\/p>\n<p><strong>16:00 - 17:30 SESSION 2 (Moderator: Philippe Saucier, LEO)<\/strong><br \/>\n1) Thorstein Veblen and the First World War: Absentee ownership, the military-industrial complex and imperialism<br \/>\n<strong>Olivier BRETTE<\/strong> (INSA Lyon, University of Lyon and Triangle); ; <strong>Alexandre Chirat<\/strong> (Universit\u00e9 Lumi\u00e8re Lyon 2 and Triangle)<br \/>\n2) Keynes and the Great War: paying for war and achieving peace <strong>Christophe Lavialle<\/strong> (IGEN-SES and LEO)<br \/>\n3) Charles Gide and the Great War <strong>Marc Penin,<\/strong> (University of Montpellier and LAMETA)<\/p>\n<p style=\"text-align: center\"><strong>20h00<\/strong><br \/>\n<strong>Dinner<\/strong><\/p>\n<h2 style=\"text-align: center\"><strong>Friday 23rd November<\/strong><\/h2>\n<p>09:00 Welcome<\/p>\n<p><strong>09:30 - 11:00 SESSION 3 (Moderator: Antoine Pietri, IRSEM)<\/strong><br \/>\n1) The optimism of the economists of the Soci\u00e9t\u00e9 d'Economie Politique put to the test by the First World War<br \/>\n<strong>Nicolas Gallois<\/strong> (University of Poitiers)<br \/>\n2) The 1914-1918 War and the Revue d'\u00e9conomie politique <strong>Ramon Tortajada<\/strong> (UPMF Grenoble)<br \/>\n4) Bertrand Nogaro and the war economy: the Foreign Labour Department at the Ministry of Armament 1915-19<br \/>\n<strong>Alain Raybaut<\/strong> (Universit\u00e9 C\u00f4te d'Azur and GREDEG)<\/p>\n<p style=\"text-align: center\"><strong>11.00am - 11.30am<\/strong><br \/>\n<strong>Coffee break<\/strong><\/p>\n<p><strong>11.30am - 1.00pm SESSION 4 (Moderator: Maxime Menuet, IRD)<\/strong><\/p>\n<p>1) Italian economists faced with the Great War <strong>Luca Michelini<\/strong> (University of Pisa)<br \/>\n2) Bulgaria and the Great War (1912-1919): some issues under discussion among the Bulgarian economists of that time, <strong>Tsvetelina Marinova<\/strong> (New Bulgarian University and CRIISEA, University of Picardie Jules Verne, Amiens, France)<br \/>\n3) Financing the War and the Revolution. Debates on Income from Issuing Paper Currency and on Monetary Regimes in Russia (1914 - 1921) <strong>Nikolay Nenovsky<\/strong> (Universit\u00e9 de Picardie Jules Verne and RUDN, Faculty of Economics, Moscow, Russia)<\/p>\n<p style=\"text-align: center\"><strong>13h00<\/strong><br \/>\n<strong>Lunch<\/strong><\/p>\n<h2 style=\"text-align: justify\"><strong>Scientific Committee :<\/strong><\/h2>\n<p style=\"text-align: justify\">Pierre Dock\u00e8s (Laboratoire Triangle, Universit\u00e9 Lumi\u00e8re - Lyon 2); Christophe Lavialle (Laboratoire d'Economie d'Orl\u00e9ans, Inspection G\u00e9n\u00e9rale de l'Education Nationale); Christine Lagoutte (Laboratoire d'Economie d'Orl\u00e9ans, Universit\u00e9 Fran\u00e7ois Rabelais de Tours); Patrick Mardellat (CLERSE, Sciences Po Lille); Francesco Magris (Laboratoire d'Economie d'Orl\u00e9ans, Universit\u00e9 Fran\u00e7ois Rabelais de Tours); Maxime Menuet (Laboratoire d'Economie d'Orl\u00e9ans, Universit\u00e9 d'Orl\u00e9ans); Nikolay Nenovsky (CRIISEA, University of Amiens); Marc P\u00e9nin (University of Montpellier 1); Antoine Pietri (IRSEM); Sylvie Rivot (BETA and University of Strasbourg, President of the Charles Gide Association for the Study of Economic Thought); Philippe Saucier (Laboratoire d'Economie d'Orl\u00e9ans, Universit\u00e9 d'Orl\u00e9ans); Nathalie Sigot (Phare and Universit\u00e9 Paris 1 Panth\u00e9on Sorbonne); Ram\u00f3n Tortajada (CREG - Universit\u00e9 Grenoble Alpes, director of the Revue d'histoire de la pens\u00e9e \u00e9conomique).<\/p>\n<h2 style=\"text-align: justify\"><strong>Organising Committee :<\/strong><\/h2>\n<p style=\"text-align: justify\">Christophe Lavialle (Orl\u00e9ans Economics Laboratory); Maxime Menuet (Orl\u00e9ans Economics Laboratory); Antoine Pietri (IRSEM).<\/p>","protected":false},"excerpt":{"rendered":"<p>\u00ab Les \u00e9conomistes et la premi\u00e8re guerre mondiale \u00bb Journ\u00e9es d\u2019\u00c9tudes Alain Cl\u00e9ment 22 et 23 novembre 2018 \u00c9cole militaire, Paris, Amphith\u00e9\u00e2tre Moore Les aspects \u00e9conomiques de la guerre, et tout particuli\u00e8rement du premier conflit mondial, ont \u00e9t\u00e9 souvent soulign\u00e9s. On a insist\u00e9 sur la rupture qu\u2019elle a pu constituer en raison de ses r\u00e9percussions [&hellip;]<\/p>\n","protected":false},"author":1,"featured_media":564,"comment_status":"open","ping_status":"open","sticky":false,"template":"","format":"standard","meta":{"footnotes":""},"categories":[355],"tags":[219,162,41,205,206,220,105],"class_list":{"0":"post-1105","1":"post","2":"type-post","3":"status-publish","4":"format-standard","5":"has-post-thumbnail","7":"category-activites-evenements-portes-par-la-chaire","8":"tag-alain-clement","9":"tag-chaire-economie-de-defense","10":"tag-conference","11":"tag-histoire","12":"tag-histoire-militaire","13":"tag-journees-detude","14":"tag-premiere-guerre-mondiale"},"yoast_head":"<!-- This site is optimized with the Yoast SEO plugin v27.4 - https:\/\/yoast.com\/product\/yoast-seo-wordpress\/ -->\n<title>CONF\u00c9RENCE : Les \u00e9conomistes et la premi\u00e8re guerre mondiale, Paris, Ecole Militaire, 22-23 novembre 2018 - Chaire \u00c9conomie de d\u00e9fense - IHEDN<\/title>\n<meta name=\"robots\" content=\"index, follow, max-snippet:-1, max-image-preview:large, max-video-preview:-1\" \/>\n<link rel=\"canonical\" href=\"https:\/\/ecodef-ihedn.fr\/en\/conference-les-economistes-et-la-premiere-guerre-mondiale-paris-ecole-militaire-22-23-novembre-2018\/\" \/>\n<meta property=\"og:locale\" content=\"en_GB\" \/>\n<meta property=\"og:type\" content=\"article\" \/>\n<meta property=\"og:title\" content=\"CONF\u00c9RENCE : Les \u00e9conomistes et la premi\u00e8re guerre mondiale, Paris, Ecole Militaire, 22-23 novembre 2018 - Chaire \u00c9conomie de d\u00e9fense - IHEDN\" \/>\n<meta property=\"og:description\" content=\"\u00ab Les \u00e9conomistes et la premi\u00e8re guerre mondiale \u00bb Journ\u00e9es d\u2019\u00c9tudes Alain Cl\u00e9ment 22 et 23 novembre 2018 \u00c9cole militaire, Paris, Amphith\u00e9\u00e2tre Moore Les aspects \u00e9conomiques de la guerre, et tout particuli\u00e8rement du premier conflit mondial, ont \u00e9t\u00e9 souvent soulign\u00e9s. On a insist\u00e9 sur la rupture qu\u2019elle a pu constituer en raison de ses r\u00e9percussions [&hellip;]\" \/>\n<meta property=\"og:url\" content=\"https:\/\/ecodef-ihedn.fr\/en\/conference-les-economistes-et-la-premiere-guerre-mondiale-paris-ecole-militaire-22-23-novembre-2018\/\" \/>\n<meta property=\"og:site_name\" content=\"Chaire \u00c9conomie de d\u00e9fense - IHEDN\" \/>\n<meta property=\"article:published_time\" content=\"2018-11-07T00:00:00+00:00\" \/>\n<meta property=\"article:modified_time\" content=\"2020-04-09T11:35:55+00:00\" \/>\n<meta property=\"og:image\" content=\"https:\/\/ecodef-ihedn.fr\/wp-content\/uploads\/2020\/02\/ecole-militaire-paris-1.jpg\" \/>\n\t<meta property=\"og:image:width\" content=\"755\" \/>\n\t<meta property=\"og:image:height\" content=\"414\" \/>\n\t<meta property=\"og:image:type\" content=\"image\/jpeg\" \/>\n<meta name=\"author\" content=\"dev\" \/>\n<meta name=\"twitter:card\" content=\"summary_large_image\" \/>\n<meta name=\"twitter:creator\" content=\"@Chaire_Ecodef\" \/>\n<meta name=\"twitter:site\" content=\"@Chaire_Ecodef\" \/>\n<meta name=\"twitter:label1\" content=\"Written by\" \/>\n\t<meta name=\"twitter:data1\" content=\"dev\" \/>\n\t<meta name=\"twitter:label2\" content=\"Estimated reading time\" \/>\n\t<meta name=\"twitter:data2\" content=\"4 minutes\" \/>\n<script type=\"application\/ld+json\" class=\"yoast-schema-graph\">{\"@context\":\"https:\\\/\\\/schema.org\",\"@graph\":[{\"@type\":\"Article\",\"@id\":\"https:\\\/\\\/ecodef-ihedn.fr\\\/conference-les-economistes-et-la-premiere-guerre-mondiale-paris-ecole-militaire-22-23-novembre-2018\\\/#article\",\"isPartOf\":{\"@id\":\"https:\\\/\\\/ecodef-ihedn.fr\\\/conference-les-economistes-et-la-premiere-guerre-mondiale-paris-ecole-militaire-22-23-novembre-2018\\\/\"},\"author\":{\"name\":\"dev\",\"@id\":\"https:\\\/\\\/ecodef-ihedn.fr\\\/#\\\/schema\\\/person\\\/7b3f1a2d8fd336e0be2f9ff63ff0ebbc\"},\"headline\":\"CONF\u00c9RENCE : Les \u00e9conomistes et la premi\u00e8re guerre mondiale, Paris, Ecole Militaire, 22-23 novembre 2018\",\"datePublished\":\"2018-11-07T00:00:00+00:00\",\"dateModified\":\"2020-04-09T11:35:55+00:00\",\"mainEntityOfPage\":{\"@id\":\"https:\\\/\\\/ecodef-ihedn.fr\\\/conference-les-economistes-et-la-premiere-guerre-mondiale-paris-ecole-militaire-22-23-novembre-2018\\\/\"},\"wordCount\":910,\"commentCount\":0,\"publisher\":{\"@id\":\"https:\\\/\\\/ecodef-ihedn.fr\\\/#organization\"},\"image\":{\"@id\":\"https:\\\/\\\/ecodef-ihedn.fr\\\/conference-les-economistes-et-la-premiere-guerre-mondiale-paris-ecole-militaire-22-23-novembre-2018\\\/#primaryimage\"},\"thumbnailUrl\":\"https:\\\/\\\/ecodef-ihedn.fr\\\/wp-content\\\/uploads\\\/2020\\\/02\\\/ecole-militaire-paris-1.jpg\",\"keywords\":[\"Alain Cl\u00e9ment\",\"chaire \u00e9conomie de d\u00e9fense\",\"conf\u00e9rence\",\"Histoire\",\"Histoire militaire\",\"journ\u00e9es d'\u00e9tude\",\"premi\u00e8re guerre mondiale\"],\"articleSection\":[\"Activit\u00e9s : \u00e9v\u00e9nements port\u00e9s par la Chaire\"],\"inLanguage\":\"en-GB\",\"potentialAction\":[{\"@type\":\"CommentAction\",\"name\":\"Comment\",\"target\":[\"https:\\\/\\\/ecodef-ihedn.fr\\\/conference-les-economistes-et-la-premiere-guerre-mondiale-paris-ecole-militaire-22-23-novembre-2018\\\/#respond\"]}]},{\"@type\":\"WebPage\",\"@id\":\"https:\\\/\\\/ecodef-ihedn.fr\\\/conference-les-economistes-et-la-premiere-guerre-mondiale-paris-ecole-militaire-22-23-novembre-2018\\\/\",\"url\":\"https:\\\/\\\/ecodef-ihedn.fr\\\/conference-les-economistes-et-la-premiere-guerre-mondiale-paris-ecole-militaire-22-23-novembre-2018\\\/\",\"name\":\"CONF\u00c9RENCE : Les \u00e9conomistes et la premi\u00e8re guerre mondiale, Paris, Ecole Militaire, 22-23 novembre 2018 - Chaire \u00c9conomie de d\u00e9fense - IHEDN\",\"isPartOf\":{\"@id\":\"https:\\\/\\\/ecodef-ihedn.fr\\\/#website\"},\"primaryImageOfPage\":{\"@id\":\"https:\\\/\\\/ecodef-ihedn.fr\\\/conference-les-economistes-et-la-premiere-guerre-mondiale-paris-ecole-militaire-22-23-novembre-2018\\\/#primaryimage\"},\"image\":{\"@id\":\"https:\\\/\\\/ecodef-ihedn.fr\\\/conference-les-economistes-et-la-premiere-guerre-mondiale-paris-ecole-militaire-22-23-novembre-2018\\\/#primaryimage\"},\"thumbnailUrl\":\"https:\\\/\\\/ecodef-ihedn.fr\\\/wp-content\\\/uploads\\\/2020\\\/02\\\/ecole-militaire-paris-1.jpg\",\"datePublished\":\"2018-11-07T00:00:00+00:00\",\"dateModified\":\"2020-04-09T11:35:55+00:00\",\"breadcrumb\":{\"@id\":\"https:\\\/\\\/ecodef-ihedn.fr\\\/conference-les-economistes-et-la-premiere-guerre-mondiale-paris-ecole-militaire-22-23-novembre-2018\\\/#breadcrumb\"},\"inLanguage\":\"en-GB\",\"potentialAction\":[{\"@type\":\"ReadAction\",\"target\":[\"https:\\\/\\\/ecodef-ihedn.fr\\\/conference-les-economistes-et-la-premiere-guerre-mondiale-paris-ecole-militaire-22-23-novembre-2018\\\/\"]}]},{\"@type\":\"ImageObject\",\"inLanguage\":\"en-GB\",\"@id\":\"https:\\\/\\\/ecodef-ihedn.fr\\\/conference-les-economistes-et-la-premiere-guerre-mondiale-paris-ecole-militaire-22-23-novembre-2018\\\/#primaryimage\",\"url\":\"https:\\\/\\\/ecodef-ihedn.fr\\\/wp-content\\\/uploads\\\/2020\\\/02\\\/ecole-militaire-paris-1.jpg\",\"contentUrl\":\"https:\\\/\\\/ecodef-ihedn.fr\\\/wp-content\\\/uploads\\\/2020\\\/02\\\/ecole-militaire-paris-1.jpg\",\"width\":755,\"height\":414},{\"@type\":\"BreadcrumbList\",\"@id\":\"https:\\\/\\\/ecodef-ihedn.fr\\\/conference-les-economistes-et-la-premiere-guerre-mondiale-paris-ecole-militaire-22-23-novembre-2018\\\/#breadcrumb\",\"itemListElement\":[{\"@type\":\"ListItem\",\"position\":1,\"name\":\"Accueil\",\"item\":\"https:\\\/\\\/ecodef-ihedn.fr\\\/\"},{\"@type\":\"ListItem\",\"position\":2,\"name\":\"CONF\u00c9RENCE : Les \u00e9conomistes et la premi\u00e8re guerre mondiale, Paris, Ecole Militaire, 22-23 novembre 2018\"}]},{\"@type\":\"WebSite\",\"@id\":\"https:\\\/\\\/ecodef-ihedn.fr\\\/#website\",\"url\":\"https:\\\/\\\/ecodef-ihedn.fr\\\/\",\"name\":\"Chaire \u00c9conomie de D\u00e9fense - IHEDN\",\"description\":\"Produire &amp; soutenir, f\u00e9d\u00e9rer &amp; diffuser, \u00eatre une interface\",\"publisher\":{\"@id\":\"https:\\\/\\\/ecodef-ihedn.fr\\\/#organization\"},\"potentialAction\":[{\"@type\":\"SearchAction\",\"target\":{\"@type\":\"EntryPoint\",\"urlTemplate\":\"https:\\\/\\\/ecodef-ihedn.fr\\\/?s={search_term_string}\"},\"query-input\":{\"@type\":\"PropertyValueSpecification\",\"valueRequired\":true,\"valueName\":\"search_term_string\"}}],\"inLanguage\":\"en-GB\"},{\"@type\":\"Organization\",\"@id\":\"https:\\\/\\\/ecodef-ihedn.fr\\\/#organization\",\"name\":\"Chaire \u00c9conomie de d\u00e9fense - IHEDN\",\"url\":\"https:\\\/\\\/ecodef-ihedn.fr\\\/\",\"logo\":{\"@type\":\"ImageObject\",\"inLanguage\":\"en-GB\",\"@id\":\"https:\\\/\\\/ecodef-ihedn.fr\\\/#\\\/schema\\\/logo\\\/image\\\/\",\"url\":\"https:\\\/\\\/ecodef-ihedn.fr\\\/wp-content\\\/uploads\\\/2020\\\/04\\\/logoEcodef9.jpg\",\"contentUrl\":\"https:\\\/\\\/ecodef-ihedn.fr\\\/wp-content\\\/uploads\\\/2020\\\/04\\\/logoEcodef9.jpg\",\"width\":410,\"height\":212,\"caption\":\"Chaire \u00c9conomie de d\u00e9fense - IHEDN\"},\"image\":{\"@id\":\"https:\\\/\\\/ecodef-ihedn.fr\\\/#\\\/schema\\\/logo\\\/image\\\/\"},\"sameAs\":[\"https:\\\/\\\/x.com\\\/Chaire_Ecodef\",\"https:\\\/\\\/www.linkedin.com\\\/company\\\/chaire-ecodef-ihedn\\\/\"]},{\"@type\":\"Person\",\"@id\":\"https:\\\/\\\/ecodef-ihedn.fr\\\/#\\\/schema\\\/person\\\/7b3f1a2d8fd336e0be2f9ff63ff0ebbc\",\"name\":\"dev\",\"image\":{\"@type\":\"ImageObject\",\"inLanguage\":\"en-GB\",\"@id\":\"https:\\\/\\\/secure.gravatar.com\\\/avatar\\\/f1ffcac9ca2fa95ad3ec33e9be3ade82f752acb0cabe541e56c5889225afa88a?s=96&d=mm&r=g\",\"url\":\"https:\\\/\\\/secure.gravatar.com\\\/avatar\\\/f1ffcac9ca2fa95ad3ec33e9be3ade82f752acb0cabe541e56c5889225afa88a?s=96&d=mm&r=g\",\"contentUrl\":\"https:\\\/\\\/secure.gravatar.com\\\/avatar\\\/f1ffcac9ca2fa95ad3ec33e9be3ade82f752acb0cabe541e56c5889225afa88a?s=96&d=mm&r=g\",\"caption\":\"dev\"},\"url\":\"https:\\\/\\\/ecodef-ihedn.fr\\\/en\\\/author\\\/dev\\\/\"}]}<\/script>\n<!-- \/ Yoast SEO plugin. -->","yoast_head_json":{"title":"CONF\u00c9RENCE : Les \u00e9conomistes et la premi\u00e8re guerre mondiale, Paris, Ecole Militaire, 22-23 novembre 2018 - Chaire \u00c9conomie de d\u00e9fense - IHEDN","robots":{"index":"index","follow":"follow","max-snippet":"max-snippet:-1","max-image-preview":"max-image-preview:large","max-video-preview":"max-video-preview:-1"},"canonical":"https:\/\/ecodef-ihedn.fr\/en\/conference-les-economistes-et-la-premiere-guerre-mondiale-paris-ecole-militaire-22-23-novembre-2018\/","og_locale":"en_GB","og_type":"article","og_title":"CONF\u00c9RENCE : Les \u00e9conomistes et la premi\u00e8re guerre mondiale, Paris, Ecole Militaire, 22-23 novembre 2018 - Chaire \u00c9conomie de d\u00e9fense - IHEDN","og_description":"\u00ab Les \u00e9conomistes et la premi\u00e8re guerre mondiale \u00bb Journ\u00e9es d\u2019\u00c9tudes Alain Cl\u00e9ment 22 et 23 novembre 2018 \u00c9cole militaire, Paris, Amphith\u00e9\u00e2tre Moore Les aspects \u00e9conomiques de la guerre, et tout particuli\u00e8rement du premier conflit mondial, ont \u00e9t\u00e9 souvent soulign\u00e9s. On a insist\u00e9 sur la rupture qu\u2019elle a pu constituer en raison de ses r\u00e9percussions [&hellip;]","og_url":"https:\/\/ecodef-ihedn.fr\/en\/conference-les-economistes-et-la-premiere-guerre-mondiale-paris-ecole-militaire-22-23-novembre-2018\/","og_site_name":"Chaire \u00c9conomie de d\u00e9fense - IHEDN","article_published_time":"2018-11-07T00:00:00+00:00","article_modified_time":"2020-04-09T11:35:55+00:00","og_image":[{"width":755,"height":414,"url":"https:\/\/ecodef-ihedn.fr\/wp-content\/uploads\/2020\/02\/ecole-militaire-paris-1.jpg","type":"image\/jpeg"}],"author":"dev","twitter_card":"summary_large_image","twitter_creator":"@Chaire_Ecodef","twitter_site":"@Chaire_Ecodef","twitter_misc":{"Written by":"dev","Estimated reading time":"4 minutes"},"schema":{"@context":"https:\/\/schema.org","@graph":[{"@type":"Article","@id":"https:\/\/ecodef-ihedn.fr\/conference-les-economistes-et-la-premiere-guerre-mondiale-paris-ecole-militaire-22-23-novembre-2018\/#article","isPartOf":{"@id":"https:\/\/ecodef-ihedn.fr\/conference-les-economistes-et-la-premiere-guerre-mondiale-paris-ecole-militaire-22-23-novembre-2018\/"},"author":{"name":"dev","@id":"https:\/\/ecodef-ihedn.fr\/#\/schema\/person\/7b3f1a2d8fd336e0be2f9ff63ff0ebbc"},"headline":"CONF\u00c9RENCE : Les \u00e9conomistes et la premi\u00e8re guerre mondiale, Paris, Ecole Militaire, 22-23 novembre 2018","datePublished":"2018-11-07T00:00:00+00:00","dateModified":"2020-04-09T11:35:55+00:00","mainEntityOfPage":{"@id":"https:\/\/ecodef-ihedn.fr\/conference-les-economistes-et-la-premiere-guerre-mondiale-paris-ecole-militaire-22-23-novembre-2018\/"},"wordCount":910,"commentCount":0,"publisher":{"@id":"https:\/\/ecodef-ihedn.fr\/#organization"},"image":{"@id":"https:\/\/ecodef-ihedn.fr\/conference-les-economistes-et-la-premiere-guerre-mondiale-paris-ecole-militaire-22-23-novembre-2018\/#primaryimage"},"thumbnailUrl":"https:\/\/ecodef-ihedn.fr\/wp-content\/uploads\/2020\/02\/ecole-militaire-paris-1.jpg","keywords":["Alain Cl\u00e9ment","chaire \u00e9conomie de d\u00e9fense","conf\u00e9rence","Histoire","Histoire militaire","journ\u00e9es d'\u00e9tude","premi\u00e8re guerre mondiale"],"articleSection":["Activit\u00e9s : \u00e9v\u00e9nements port\u00e9s par la Chaire"],"inLanguage":"en-GB","potentialAction":[{"@type":"CommentAction","name":"Comment","target":["https:\/\/ecodef-ihedn.fr\/conference-les-economistes-et-la-premiere-guerre-mondiale-paris-ecole-militaire-22-23-novembre-2018\/#respond"]}]},{"@type":"WebPage","@id":"https:\/\/ecodef-ihedn.fr\/conference-les-economistes-et-la-premiere-guerre-mondiale-paris-ecole-militaire-22-23-novembre-2018\/","url":"https:\/\/ecodef-ihedn.fr\/conference-les-economistes-et-la-premiere-guerre-mondiale-paris-ecole-militaire-22-23-novembre-2018\/","name":"CONF\u00c9RENCE : Les \u00e9conomistes et la premi\u00e8re guerre mondiale, Paris, Ecole Militaire, 22-23 novembre 2018 - Chaire \u00c9conomie de d\u00e9fense - IHEDN","isPartOf":{"@id":"https:\/\/ecodef-ihedn.fr\/#website"},"primaryImageOfPage":{"@id":"https:\/\/ecodef-ihedn.fr\/conference-les-economistes-et-la-premiere-guerre-mondiale-paris-ecole-militaire-22-23-novembre-2018\/#primaryimage"},"image":{"@id":"https:\/\/ecodef-ihedn.fr\/conference-les-economistes-et-la-premiere-guerre-mondiale-paris-ecole-militaire-22-23-novembre-2018\/#primaryimage"},"thumbnailUrl":"https:\/\/ecodef-ihedn.fr\/wp-content\/uploads\/2020\/02\/ecole-militaire-paris-1.jpg","datePublished":"2018-11-07T00:00:00+00:00","dateModified":"2020-04-09T11:35:55+00:00","breadcrumb":{"@id":"https:\/\/ecodef-ihedn.fr\/conference-les-economistes-et-la-premiere-guerre-mondiale-paris-ecole-militaire-22-23-novembre-2018\/#breadcrumb"},"inLanguage":"en-GB","potentialAction":[{"@type":"ReadAction","target":["https:\/\/ecodef-ihedn.fr\/conference-les-economistes-et-la-premiere-guerre-mondiale-paris-ecole-militaire-22-23-novembre-2018\/"]}]},{"@type":"ImageObject","inLanguage":"en-GB","@id":"https:\/\/ecodef-ihedn.fr\/conference-les-economistes-et-la-premiere-guerre-mondiale-paris-ecole-militaire-22-23-novembre-2018\/#primaryimage","url":"https:\/\/ecodef-ihedn.fr\/wp-content\/uploads\/2020\/02\/ecole-militaire-paris-1.jpg","contentUrl":"https:\/\/ecodef-ihedn.fr\/wp-content\/uploads\/2020\/02\/ecole-militaire-paris-1.jpg","width":755,"height":414},{"@type":"BreadcrumbList","@id":"https:\/\/ecodef-ihedn.fr\/conference-les-economistes-et-la-premiere-guerre-mondiale-paris-ecole-militaire-22-23-novembre-2018\/#breadcrumb","itemListElement":[{"@type":"ListItem","position":1,"name":"Accueil","item":"https:\/\/ecodef-ihedn.fr\/"},{"@type":"ListItem","position":2,"name":"CONF\u00c9RENCE : Les \u00e9conomistes et la premi\u00e8re guerre mondiale, Paris, Ecole Militaire, 22-23 novembre 2018"}]},{"@type":"WebSite","@id":"https:\/\/ecodef-ihedn.fr\/#website","url":"https:\/\/ecodef-ihedn.fr\/","name":"Chair in Defence Economics - IHEDN","description":"Produce &amp; support, federate &amp; disseminate, act as an interface","publisher":{"@id":"https:\/\/ecodef-ihedn.fr\/#organization"},"potentialAction":[{"@type":"SearchAction","target":{"@type":"EntryPoint","urlTemplate":"https:\/\/ecodef-ihedn.fr\/?s={search_term_string}"},"query-input":{"@type":"PropertyValueSpecification","valueRequired":true,"valueName":"search_term_string"}}],"inLanguage":"en-GB"},{"@type":"Organization","@id":"https:\/\/ecodef-ihedn.fr\/#organization","name":"Chair in Defence Economics - IHEDN","url":"https:\/\/ecodef-ihedn.fr\/","logo":{"@type":"ImageObject","inLanguage":"en-GB","@id":"https:\/\/ecodef-ihedn.fr\/#\/schema\/logo\/image\/","url":"https:\/\/ecodef-ihedn.fr\/wp-content\/uploads\/2020\/04\/logoEcodef9.jpg","contentUrl":"https:\/\/ecodef-ihedn.fr\/wp-content\/uploads\/2020\/04\/logoEcodef9.jpg","width":410,"height":212,"caption":"Chaire \u00c9conomie de d\u00e9fense - IHEDN"},"image":{"@id":"https:\/\/ecodef-ihedn.fr\/#\/schema\/logo\/image\/"},"sameAs":["https:\/\/x.com\/Chaire_Ecodef","https:\/\/www.linkedin.com\/company\/chaire-ecodef-ihedn\/"]},{"@type":"Person","@id":"https:\/\/ecodef-ihedn.fr\/#\/schema\/person\/7b3f1a2d8fd336e0be2f9ff63ff0ebbc","name":"dev","image":{"@type":"ImageObject","inLanguage":"en-GB","@id":"https:\/\/secure.gravatar.com\/avatar\/f1ffcac9ca2fa95ad3ec33e9be3ade82f752acb0cabe541e56c5889225afa88a?s=96&d=mm&r=g","url":"https:\/\/secure.gravatar.com\/avatar\/f1ffcac9ca2fa95ad3ec33e9be3ade82f752acb0cabe541e56c5889225afa88a?s=96&d=mm&r=g","contentUrl":"https:\/\/secure.gravatar.com\/avatar\/f1ffcac9ca2fa95ad3ec33e9be3ade82f752acb0cabe541e56c5889225afa88a?s=96&d=mm&r=g","caption":"dev"},"url":"https:\/\/ecodef-ihedn.fr\/en\/author\/dev\/"}]}},"_links":{"self":[{"href":"https:\/\/ecodef-ihedn.fr\/en\/wp-json\/wp\/v2\/posts\/1105","targetHints":{"allow":["GET"]}}],"collection":[{"href":"https:\/\/ecodef-ihedn.fr\/en\/wp-json\/wp\/v2\/posts"}],"about":[{"href":"https:\/\/ecodef-ihedn.fr\/en\/wp-json\/wp\/v2\/types\/post"}],"author":[{"embeddable":true,"href":"https:\/\/ecodef-ihedn.fr\/en\/wp-json\/wp\/v2\/users\/1"}],"replies":[{"embeddable":true,"href":"https:\/\/ecodef-ihedn.fr\/en\/wp-json\/wp\/v2\/comments?post=1105"}],"version-history":[{"count":1,"href":"https:\/\/ecodef-ihedn.fr\/en\/wp-json\/wp\/v2\/posts\/1105\/revisions"}],"predecessor-version":[{"id":1356,"href":"https:\/\/ecodef-ihedn.fr\/en\/wp-json\/wp\/v2\/posts\/1105\/revisions\/1356"}],"wp:featuredmedia":[{"embeddable":true,"href":"https:\/\/ecodef-ihedn.fr\/en\/wp-json\/wp\/v2\/media\/564"}],"wp:attachment":[{"href":"https:\/\/ecodef-ihedn.fr\/en\/wp-json\/wp\/v2\/media?parent=1105"}],"wp:term":[{"taxonomy":"category","embeddable":true,"href":"https:\/\/ecodef-ihedn.fr\/en\/wp-json\/wp\/v2\/categories?post=1105"},{"taxonomy":"post_tag","embeddable":true,"href":"https:\/\/ecodef-ihedn.fr\/en\/wp-json\/wp\/v2\/tags?post=1105"}],"curies":[{"name":"wp","href":"https:\/\/api.w.org\/{rel}","templated":true}]}}