{"id":1106,"date":"2018-11-13T00:00:00","date_gmt":"2018-11-13T00:00:00","guid":{"rendered":"https:\/\/ecodef-ihedn.fr\/forum-innovation-defense-2018-22-23-et-24-novembre-cite-de-la-mode-et-du-design\/"},"modified":"2020-04-10T08:34:34","modified_gmt":"2020-04-10T08:34:34","slug":"forum-innovation-defense-2018-22-23-et-24-novembre-cite-de-la-mode-et-du-design","status":"publish","type":"post","link":"https:\/\/ecodef-ihedn.fr\/en\/forum-innovation-defense-2018-22-23-et-24-novembre-cite-de-la-mode-et-du-design\/","title":{"rendered":"Defence Innovation Forum 2018, 22, 23 and 24 November, Cit\u00e9 de la Mode et du Design"},"content":{"rendered":"<p style=\"text-align: justify\">The first<a href=\"https:\/\/www.defense.gouv.fr\/portail\/dossiers\/forum-innovation-defense\/venez-innover-avec-la-defense\" target=\"_blank\" rel=\"noopener noreferrer\"><strong> \u00abDefence Innovation Forum\u00bb<\/strong><\/a> will take place in Paris at the <a href=\"https:\/\/www.citemodedesign.fr\/fr\/\" target=\"_blank\" rel=\"noopener noreferrer\"><strong>Cit\u00e9 de la Mode et du Design<\/strong><\/a>, quai d'Austerlitz, <strong>from Thursday 22 November to Saturday 24 November 2018<\/strong>.<\/p>\n<p style=\"text-align: justify\">This Defence Innovation Forum is part of the <strong>public innovation week<\/strong>e, which runs from 19 to 25 November 2018.<\/p>\n<p style=\"text-align: justify\">It will be <span style=\"text-decoration: underline\"><strong>open to the public<\/strong><\/span> and there will be plenty of entertainment on offer all day on Saturday 24 November.<\/p>\n<p>To register, <a href=\"https:\/\/www.defense.gouv.fr\/portail\/dossiers\/forum-innovation-defense\/formulaire-d-inscription-au-forum-innovation-defense-2018\" target=\"_blank\" rel=\"noopener noreferrer\"><strong>click here<\/strong><\/a>.<\/p>\n<p align=\"justify\">At the forum, members of the public will be able to meet with manufacturers, SMEs, start-ups, researchers, investors, public bodies, students and innovators, to exchange ideas and prepare together for the future. <strong>Armies of tomorrow<\/strong>. From <strong>innovative projects and initiatives<\/strong> developed within the Ministry of the Armed Forces will be presented, in the fields of scientific and technological innovation, operational innovation and innovation in all areas of support required by the armed forces (clothing, food, administration, etc.).<\/p>\n<p align=\"justify\">Because armies have <strong>a constant need to be at the forefront of innovation<\/strong> to maintain their operational superiority, the Ministry is strengthening its <strong>capacity for innovation<\/strong> by creating the\u2019<strong>Defence Innovation Agency.<\/strong> Open to the outside world, <strong>looking to Europe<\/strong> and internationally visible, this agency will be the <strong>heart of the Forum<\/strong>. Designed to promote <strong>rapid experimentation and industrialisation<\/strong>, It will open its doors wide to all innovators.<\/p>\n<p align=\"justify\"><img decoding=\"async\" class=\"aligncenter\" src=\"https:\/\/ecodef-ihedn.fr\/wp-content\/uploads\/2020\/04\/affiche-fid-2018_article_demi_colonne.jpg\" \/><\/p>\n<p align=\"justify\">","protected":false},"excerpt":{"rendered":"<p>Le premier \u00ab Forum Innovation D\u00e9fense \u00bb se d\u00e9roulera \u00e0 Paris \u00e0 la Cit\u00e9 de la Mode et du Design, quai d\u2019Austerlitz, du jeudi 22 novembre au samedi 24 novembre 2018. Ce Forum Innovation D\u00e9fense s\u2019inscrit dans le cadre de la semaine de l\u2019innovation publique qui se d\u00e9roule du 19 au 25 novembre 2018. Il [&hellip;]<\/p>\n","protected":false},"author":1,"featured_media":1107,"comment_status":"open","ping_status":"open","sticky":false,"template":"","format":"standard","meta":{"footnotes":""},"categories":[360],"tags":[221,222,41,223,224,60,225],"class_list":{"0":"post-1106","1":"post","2":"type-post","3":"status-publish","4":"format-standard","5":"has-post-thumbnail","7":"category-actualites-du-reseau","8":"tag-agence-de-linnovation-de-defense","9":"tag-cite-de-la-mode","10":"tag-conference","11":"tag-forum-innovation-defense","12":"tag-industrialisation-rapide","13":"tag-innovation","14":"tag-rapid-manufacturing"},"yoast_head":"<!-- This site is optimized with the Yoast SEO plugin v27.4 - https:\/\/yoast.com\/product\/yoast-seo-wordpress\/ -->\n<title>Forum innovation d\u00e9fense 2018, 22, 23 et 24 novembre, Cit\u00e9 de la Mode et du Design - Chaire \u00c9conomie de d\u00e9fense - IHEDN<\/title>\n<meta name=\"robots\" content=\"index, follow, max-snippet:-1, max-image-preview:large, max-video-preview:-1\" \/>\n<link rel=\"canonical\" href=\"https:\/\/ecodef-ihedn.fr\/en\/forum-innovation-defense-2018-22-23-et-24-novembre-cite-de-la-mode-et-du-design\/\" \/>\n<meta property=\"og:locale\" content=\"en_GB\" \/>\n<meta property=\"og:type\" content=\"article\" \/>\n<meta property=\"og:title\" content=\"Forum innovation d\u00e9fense 2018, 22, 23 et 24 novembre, Cit\u00e9 de la Mode et du Design - Chaire \u00c9conomie de d\u00e9fense - IHEDN\" \/>\n<meta property=\"og:description\" content=\"Le premier \u00ab Forum Innovation D\u00e9fense \u00bb se d\u00e9roulera \u00e0 Paris \u00e0 la Cit\u00e9 de la Mode et du Design, quai d\u2019Austerlitz, du jeudi 22 novembre au samedi 24 novembre 2018. Ce Forum Innovation D\u00e9fense s\u2019inscrit dans le cadre de la semaine de l\u2019innovation publique qui se d\u00e9roule du 19 au 25 novembre 2018. Il [&hellip;]\" \/>\n<meta property=\"og:url\" content=\"https:\/\/ecodef-ihedn.fr\/en\/forum-innovation-defense-2018-22-23-et-24-novembre-cite-de-la-mode-et-du-design\/\" \/>\n<meta property=\"og:site_name\" content=\"Chaire \u00c9conomie de d\u00e9fense - IHEDN\" \/>\n<meta property=\"article:published_time\" content=\"2018-11-13T00:00:00+00:00\" \/>\n<meta property=\"article:modified_time\" content=\"2020-04-10T08:34:34+00:00\" \/>\n<meta property=\"og:image\" content=\"https:\/\/ecodef-ihedn.fr\/wp-content\/uploads\/2020\/04\/affiche-fid-2018_article_demi_colonne.jpg\" \/>\n\t<meta property=\"og:image:width\" content=\"225\" \/>\n\t<meta property=\"og:image:height\" content=\"321\" \/>\n\t<meta property=\"og:image:type\" content=\"image\/jpeg\" \/>\n<meta name=\"author\" content=\"dev\" \/>\n<meta name=\"twitter:card\" content=\"summary_large_image\" \/>\n<meta name=\"twitter:creator\" content=\"@Chaire_Ecodef\" \/>\n<meta name=\"twitter:site\" content=\"@Chaire_Ecodef\" \/>\n<meta name=\"twitter:label1\" content=\"Written by\" \/>\n\t<meta name=\"twitter:data1\" content=\"dev\" \/>\n\t<meta name=\"twitter:label2\" content=\"Estimated reading time\" \/>\n\t<meta name=\"twitter:data2\" content=\"1 minute\" \/>\n<script type=\"application\/ld+json\" class=\"yoast-schema-graph\">{\"@context\":\"https:\\\/\\\/schema.org\",\"@graph\":[{\"@type\":\"Article\",\"@id\":\"https:\\\/\\\/ecodef-ihedn.fr\\\/forum-innovation-defense-2018-22-23-et-24-novembre-cite-de-la-mode-et-du-design\\\/#article\",\"isPartOf\":{\"@id\":\"https:\\\/\\\/ecodef-ihedn.fr\\\/forum-innovation-defense-2018-22-23-et-24-novembre-cite-de-la-mode-et-du-design\\\/\"},\"author\":{\"name\":\"dev\",\"@id\":\"https:\\\/\\\/ecodef-ihedn.fr\\\/#\\\/schema\\\/person\\\/7b3f1a2d8fd336e0be2f9ff63ff0ebbc\"},\"headline\":\"Forum innovation d\u00e9fense 2018, 22, 23 et 24 novembre, Cit\u00e9 de la Mode et du Design\",\"datePublished\":\"2018-11-13T00:00:00+00:00\",\"dateModified\":\"2020-04-10T08:34:34+00:00\",\"mainEntityOfPage\":{\"@id\":\"https:\\\/\\\/ecodef-ihedn.fr\\\/forum-innovation-defense-2018-22-23-et-24-novembre-cite-de-la-mode-et-du-design\\\/\"},\"wordCount\":253,\"commentCount\":0,\"publisher\":{\"@id\":\"https:\\\/\\\/ecodef-ihedn.fr\\\/#organization\"},\"image\":{\"@id\":\"https:\\\/\\\/ecodef-ihedn.fr\\\/forum-innovation-defense-2018-22-23-et-24-novembre-cite-de-la-mode-et-du-design\\\/#primaryimage\"},\"thumbnailUrl\":\"https:\\\/\\\/ecodef-ihedn.fr\\\/wp-content\\\/uploads\\\/2020\\\/04\\\/affiche-fid-2018_article_demi_colonne.jpg\",\"keywords\":[\"Agence de l'Innovation de d\u00e9fense\",\"Cit\u00e9 de la Mode\",\"conf\u00e9rence\",\"Forum Innovation d\u00e9fense\",\"Industrialisation rapide\",\"innovation\",\"Rapid Manufacturing\"],\"articleSection\":[\"Actualit\u00e9s du r\u00e9seau\"],\"inLanguage\":\"en-GB\",\"potentialAction\":[{\"@type\":\"CommentAction\",\"name\":\"Comment\",\"target\":[\"https:\\\/\\\/ecodef-ihedn.fr\\\/forum-innovation-defense-2018-22-23-et-24-novembre-cite-de-la-mode-et-du-design\\\/#respond\"]}]},{\"@type\":\"WebPage\",\"@id\":\"https:\\\/\\\/ecodef-ihedn.fr\\\/forum-innovation-defense-2018-22-23-et-24-novembre-cite-de-la-mode-et-du-design\\\/\",\"url\":\"https:\\\/\\\/ecodef-ihedn.fr\\\/forum-innovation-defense-2018-22-23-et-24-novembre-cite-de-la-mode-et-du-design\\\/\",\"name\":\"Forum innovation d\u00e9fense 2018, 22, 23 et 24 novembre, Cit\u00e9 de la Mode et du Design - Chaire \u00c9conomie de d\u00e9fense - IHEDN\",\"isPartOf\":{\"@id\":\"https:\\\/\\\/ecodef-ihedn.fr\\\/#website\"},\"primaryImageOfPage\":{\"@id\":\"https:\\\/\\\/ecodef-ihedn.fr\\\/forum-innovation-defense-2018-22-23-et-24-novembre-cite-de-la-mode-et-du-design\\\/#primaryimage\"},\"image\":{\"@id\":\"https:\\\/\\\/ecodef-ihedn.fr\\\/forum-innovation-defense-2018-22-23-et-24-novembre-cite-de-la-mode-et-du-design\\\/#primaryimage\"},\"thumbnailUrl\":\"https:\\\/\\\/ecodef-ihedn.fr\\\/wp-content\\\/uploads\\\/2020\\\/04\\\/affiche-fid-2018_article_demi_colonne.jpg\",\"datePublished\":\"2018-11-13T00:00:00+00:00\",\"dateModified\":\"2020-04-10T08:34:34+00:00\",\"breadcrumb\":{\"@id\":\"https:\\\/\\\/ecodef-ihedn.fr\\\/forum-innovation-defense-2018-22-23-et-24-novembre-cite-de-la-mode-et-du-design\\\/#breadcrumb\"},\"inLanguage\":\"en-GB\",\"potentialAction\":[{\"@type\":\"ReadAction\",\"target\":[\"https:\\\/\\\/ecodef-ihedn.fr\\\/forum-innovation-defense-2018-22-23-et-24-novembre-cite-de-la-mode-et-du-design\\\/\"]}]},{\"@type\":\"ImageObject\",\"inLanguage\":\"en-GB\",\"@id\":\"https:\\\/\\\/ecodef-ihedn.fr\\\/forum-innovation-defense-2018-22-23-et-24-novembre-cite-de-la-mode-et-du-design\\\/#primaryimage\",\"url\":\"https:\\\/\\\/ecodef-ihedn.fr\\\/wp-content\\\/uploads\\\/2020\\\/04\\\/affiche-fid-2018_article_demi_colonne.jpg\",\"contentUrl\":\"https:\\\/\\\/ecodef-ihedn.fr\\\/wp-content\\\/uploads\\\/2020\\\/04\\\/affiche-fid-2018_article_demi_colonne.jpg\",\"width\":225,\"height\":321},{\"@type\":\"BreadcrumbList\",\"@id\":\"https:\\\/\\\/ecodef-ihedn.fr\\\/forum-innovation-defense-2018-22-23-et-24-novembre-cite-de-la-mode-et-du-design\\\/#breadcrumb\",\"itemListElement\":[{\"@type\":\"ListItem\",\"position\":1,\"name\":\"Accueil\",\"item\":\"https:\\\/\\\/ecodef-ihedn.fr\\\/\"},{\"@type\":\"ListItem\",\"position\":2,\"name\":\"Forum innovation d\u00e9fense 2018, 22, 23 et 24 novembre, Cit\u00e9 de la Mode et du Design\"}]},{\"@type\":\"WebSite\",\"@id\":\"https:\\\/\\\/ecodef-ihedn.fr\\\/#website\",\"url\":\"https:\\\/\\\/ecodef-ihedn.fr\\\/\",\"name\":\"Chaire \u00c9conomie de D\u00e9fense - IHEDN\",\"description\":\"Produire &amp; soutenir, f\u00e9d\u00e9rer &amp; diffuser, \u00eatre une interface\",\"publisher\":{\"@id\":\"https:\\\/\\\/ecodef-ihedn.fr\\\/#organization\"},\"potentialAction\":[{\"@type\":\"SearchAction\",\"target\":{\"@type\":\"EntryPoint\",\"urlTemplate\":\"https:\\\/\\\/ecodef-ihedn.fr\\\/?s={search_term_string}\"},\"query-input\":{\"@type\":\"PropertyValueSpecification\",\"valueRequired\":true,\"valueName\":\"search_term_string\"}}],\"inLanguage\":\"en-GB\"},{\"@type\":\"Organization\",\"@id\":\"https:\\\/\\\/ecodef-ihedn.fr\\\/#organization\",\"name\":\"Chaire \u00c9conomie de d\u00e9fense - IHEDN\",\"url\":\"https:\\\/\\\/ecodef-ihedn.fr\\\/\",\"logo\":{\"@type\":\"ImageObject\",\"inLanguage\":\"en-GB\",\"@id\":\"https:\\\/\\\/ecodef-ihedn.fr\\\/#\\\/schema\\\/logo\\\/image\\\/\",\"url\":\"https:\\\/\\\/ecodef-ihedn.fr\\\/wp-content\\\/uploads\\\/2020\\\/04\\\/logoEcodef9.jpg\",\"contentUrl\":\"https:\\\/\\\/ecodef-ihedn.fr\\\/wp-content\\\/uploads\\\/2020\\\/04\\\/logoEcodef9.jpg\",\"width\":410,\"height\":212,\"caption\":\"Chaire \u00c9conomie de d\u00e9fense - IHEDN\"},\"image\":{\"@id\":\"https:\\\/\\\/ecodef-ihedn.fr\\\/#\\\/schema\\\/logo\\\/image\\\/\"},\"sameAs\":[\"https:\\\/\\\/x.com\\\/Chaire_Ecodef\",\"https:\\\/\\\/www.linkedin.com\\\/company\\\/chaire-ecodef-ihedn\\\/\"]},{\"@type\":\"Person\",\"@id\":\"https:\\\/\\\/ecodef-ihedn.fr\\\/#\\\/schema\\\/person\\\/7b3f1a2d8fd336e0be2f9ff63ff0ebbc\",\"name\":\"dev\",\"image\":{\"@type\":\"ImageObject\",\"inLanguage\":\"en-GB\",\"@id\":\"https:\\\/\\\/secure.gravatar.com\\\/avatar\\\/f1ffcac9ca2fa95ad3ec33e9be3ade82f752acb0cabe541e56c5889225afa88a?s=96&d=mm&r=g\",\"url\":\"https:\\\/\\\/secure.gravatar.com\\\/avatar\\\/f1ffcac9ca2fa95ad3ec33e9be3ade82f752acb0cabe541e56c5889225afa88a?s=96&d=mm&r=g\",\"contentUrl\":\"https:\\\/\\\/secure.gravatar.com\\\/avatar\\\/f1ffcac9ca2fa95ad3ec33e9be3ade82f752acb0cabe541e56c5889225afa88a?s=96&d=mm&r=g\",\"caption\":\"dev\"},\"url\":\"https:\\\/\\\/ecodef-ihedn.fr\\\/en\\\/author\\\/dev\\\/\"}]}<\/script>\n<!-- \/ Yoast SEO plugin. -->","yoast_head_json":{"title":"Forum innovation d\u00e9fense 2018, 22, 23 et 24 novembre, Cit\u00e9 de la Mode et du Design - Chaire \u00c9conomie de d\u00e9fense - IHEDN","robots":{"index":"index","follow":"follow","max-snippet":"max-snippet:-1","max-image-preview":"max-image-preview:large","max-video-preview":"max-video-preview:-1"},"canonical":"https:\/\/ecodef-ihedn.fr\/en\/forum-innovation-defense-2018-22-23-et-24-novembre-cite-de-la-mode-et-du-design\/","og_locale":"en_GB","og_type":"article","og_title":"Forum innovation d\u00e9fense 2018, 22, 23 et 24 novembre, Cit\u00e9 de la Mode et du Design - Chaire \u00c9conomie de d\u00e9fense - IHEDN","og_description":"Le premier \u00ab Forum Innovation D\u00e9fense \u00bb se d\u00e9roulera \u00e0 Paris \u00e0 la Cit\u00e9 de la Mode et du Design, quai d\u2019Austerlitz, du jeudi 22 novembre au samedi 24 novembre 2018. Ce Forum Innovation D\u00e9fense s\u2019inscrit dans le cadre de la semaine de l\u2019innovation publique qui se d\u00e9roule du 19 au 25 novembre 2018. Il [&hellip;]","og_url":"https:\/\/ecodef-ihedn.fr\/en\/forum-innovation-defense-2018-22-23-et-24-novembre-cite-de-la-mode-et-du-design\/","og_site_name":"Chaire \u00c9conomie de d\u00e9fense - IHEDN","article_published_time":"2018-11-13T00:00:00+00:00","article_modified_time":"2020-04-10T08:34:34+00:00","og_image":[{"width":225,"height":321,"url":"https:\/\/ecodef-ihedn.fr\/wp-content\/uploads\/2020\/04\/affiche-fid-2018_article_demi_colonne.jpg","type":"image\/jpeg"}],"author":"dev","twitter_card":"summary_large_image","twitter_creator":"@Chaire_Ecodef","twitter_site":"@Chaire_Ecodef","twitter_misc":{"Written by":"dev","Estimated reading time":"1 minute"},"schema":{"@context":"https:\/\/schema.org","@graph":[{"@type":"Article","@id":"https:\/\/ecodef-ihedn.fr\/forum-innovation-defense-2018-22-23-et-24-novembre-cite-de-la-mode-et-du-design\/#article","isPartOf":{"@id":"https:\/\/ecodef-ihedn.fr\/forum-innovation-defense-2018-22-23-et-24-novembre-cite-de-la-mode-et-du-design\/"},"author":{"name":"dev","@id":"https:\/\/ecodef-ihedn.fr\/#\/schema\/person\/7b3f1a2d8fd336e0be2f9ff63ff0ebbc"},"headline":"Forum innovation d\u00e9fense 2018, 22, 23 et 24 novembre, Cit\u00e9 de la Mode et du Design","datePublished":"2018-11-13T00:00:00+00:00","dateModified":"2020-04-10T08:34:34+00:00","mainEntityOfPage":{"@id":"https:\/\/ecodef-ihedn.fr\/forum-innovation-defense-2018-22-23-et-24-novembre-cite-de-la-mode-et-du-design\/"},"wordCount":253,"commentCount":0,"publisher":{"@id":"https:\/\/ecodef-ihedn.fr\/#organization"},"image":{"@id":"https:\/\/ecodef-ihedn.fr\/forum-innovation-defense-2018-22-23-et-24-novembre-cite-de-la-mode-et-du-design\/#primaryimage"},"thumbnailUrl":"https:\/\/ecodef-ihedn.fr\/wp-content\/uploads\/2020\/04\/affiche-fid-2018_article_demi_colonne.jpg","keywords":["Agence de l'Innovation de d\u00e9fense","Cit\u00e9 de la Mode","conf\u00e9rence","Forum Innovation d\u00e9fense","Industrialisation rapide","innovation","Rapid Manufacturing"],"articleSection":["Actualit\u00e9s du r\u00e9seau"],"inLanguage":"en-GB","potentialAction":[{"@type":"CommentAction","name":"Comment","target":["https:\/\/ecodef-ihedn.fr\/forum-innovation-defense-2018-22-23-et-24-novembre-cite-de-la-mode-et-du-design\/#respond"]}]},{"@type":"WebPage","@id":"https:\/\/ecodef-ihedn.fr\/forum-innovation-defense-2018-22-23-et-24-novembre-cite-de-la-mode-et-du-design\/","url":"https:\/\/ecodef-ihedn.fr\/forum-innovation-defense-2018-22-23-et-24-novembre-cite-de-la-mode-et-du-design\/","name":"Forum innovation d\u00e9fense 2018, 22, 23 et 24 novembre, Cit\u00e9 de la Mode et du Design - Chaire \u00c9conomie de d\u00e9fense - IHEDN","isPartOf":{"@id":"https:\/\/ecodef-ihedn.fr\/#website"},"primaryImageOfPage":{"@id":"https:\/\/ecodef-ihedn.fr\/forum-innovation-defense-2018-22-23-et-24-novembre-cite-de-la-mode-et-du-design\/#primaryimage"},"image":{"@id":"https:\/\/ecodef-ihedn.fr\/forum-innovation-defense-2018-22-23-et-24-novembre-cite-de-la-mode-et-du-design\/#primaryimage"},"thumbnailUrl":"https:\/\/ecodef-ihedn.fr\/wp-content\/uploads\/2020\/04\/affiche-fid-2018_article_demi_colonne.jpg","datePublished":"2018-11-13T00:00:00+00:00","dateModified":"2020-04-10T08:34:34+00:00","breadcrumb":{"@id":"https:\/\/ecodef-ihedn.fr\/forum-innovation-defense-2018-22-23-et-24-novembre-cite-de-la-mode-et-du-design\/#breadcrumb"},"inLanguage":"en-GB","potentialAction":[{"@type":"ReadAction","target":["https:\/\/ecodef-ihedn.fr\/forum-innovation-defense-2018-22-23-et-24-novembre-cite-de-la-mode-et-du-design\/"]}]},{"@type":"ImageObject","inLanguage":"en-GB","@id":"https:\/\/ecodef-ihedn.fr\/forum-innovation-defense-2018-22-23-et-24-novembre-cite-de-la-mode-et-du-design\/#primaryimage","url":"https:\/\/ecodef-ihedn.fr\/wp-content\/uploads\/2020\/04\/affiche-fid-2018_article_demi_colonne.jpg","contentUrl":"https:\/\/ecodef-ihedn.fr\/wp-content\/uploads\/2020\/04\/affiche-fid-2018_article_demi_colonne.jpg","width":225,"height":321},{"@type":"BreadcrumbList","@id":"https:\/\/ecodef-ihedn.fr\/forum-innovation-defense-2018-22-23-et-24-novembre-cite-de-la-mode-et-du-design\/#breadcrumb","itemListElement":[{"@type":"ListItem","position":1,"name":"Accueil","item":"https:\/\/ecodef-ihedn.fr\/"},{"@type":"ListItem","position":2,"name":"Forum innovation d\u00e9fense 2018, 22, 23 et 24 novembre, Cit\u00e9 de la Mode et du Design"}]},{"@type":"WebSite","@id":"https:\/\/ecodef-ihedn.fr\/#website","url":"https:\/\/ecodef-ihedn.fr\/","name":"Chair in Defence Economics - IHEDN","description":"Produce &amp; support, federate &amp; disseminate, act as an interface","publisher":{"@id":"https:\/\/ecodef-ihedn.fr\/#organization"},"potentialAction":[{"@type":"SearchAction","target":{"@type":"EntryPoint","urlTemplate":"https:\/\/ecodef-ihedn.fr\/?s={search_term_string}"},"query-input":{"@type":"PropertyValueSpecification","valueRequired":true,"valueName":"search_term_string"}}],"inLanguage":"en-GB"},{"@type":"Organization","@id":"https:\/\/ecodef-ihedn.fr\/#organization","name":"Chair in Defence Economics - IHEDN","url":"https:\/\/ecodef-ihedn.fr\/","logo":{"@type":"ImageObject","inLanguage":"en-GB","@id":"https:\/\/ecodef-ihedn.fr\/#\/schema\/logo\/image\/","url":"https:\/\/ecodef-ihedn.fr\/wp-content\/uploads\/2020\/04\/logoEcodef9.jpg","contentUrl":"https:\/\/ecodef-ihedn.fr\/wp-content\/uploads\/2020\/04\/logoEcodef9.jpg","width":410,"height":212,"caption":"Chaire \u00c9conomie de d\u00e9fense - IHEDN"},"image":{"@id":"https:\/\/ecodef-ihedn.fr\/#\/schema\/logo\/image\/"},"sameAs":["https:\/\/x.com\/Chaire_Ecodef","https:\/\/www.linkedin.com\/company\/chaire-ecodef-ihedn\/"]},{"@type":"Person","@id":"https:\/\/ecodef-ihedn.fr\/#\/schema\/person\/7b3f1a2d8fd336e0be2f9ff63ff0ebbc","name":"dev","image":{"@type":"ImageObject","inLanguage":"en-GB","@id":"https:\/\/secure.gravatar.com\/avatar\/f1ffcac9ca2fa95ad3ec33e9be3ade82f752acb0cabe541e56c5889225afa88a?s=96&d=mm&r=g","url":"https:\/\/secure.gravatar.com\/avatar\/f1ffcac9ca2fa95ad3ec33e9be3ade82f752acb0cabe541e56c5889225afa88a?s=96&d=mm&r=g","contentUrl":"https:\/\/secure.gravatar.com\/avatar\/f1ffcac9ca2fa95ad3ec33e9be3ade82f752acb0cabe541e56c5889225afa88a?s=96&d=mm&r=g","caption":"dev"},"url":"https:\/\/ecodef-ihedn.fr\/en\/author\/dev\/"}]}},"_links":{"self":[{"href":"https:\/\/ecodef-ihedn.fr\/en\/wp-json\/wp\/v2\/posts\/1106","targetHints":{"allow":["GET"]}}],"collection":[{"href":"https:\/\/ecodef-ihedn.fr\/en\/wp-json\/wp\/v2\/posts"}],"about":[{"href":"https:\/\/ecodef-ihedn.fr\/en\/wp-json\/wp\/v2\/types\/post"}],"author":[{"embeddable":true,"href":"https:\/\/ecodef-ihedn.fr\/en\/wp-json\/wp\/v2\/users\/1"}],"replies":[{"embeddable":true,"href":"https:\/\/ecodef-ihedn.fr\/en\/wp-json\/wp\/v2\/comments?post=1106"}],"version-history":[{"count":2,"href":"https:\/\/ecodef-ihedn.fr\/en\/wp-json\/wp\/v2\/posts\/1106\/revisions"}],"predecessor-version":[{"id":1481,"href":"https:\/\/ecodef-ihedn.fr\/en\/wp-json\/wp\/v2\/posts\/1106\/revisions\/1481"}],"wp:featuredmedia":[{"embeddable":true,"href":"https:\/\/ecodef-ihedn.fr\/en\/wp-json\/wp\/v2\/media\/1107"}],"wp:attachment":[{"href":"https:\/\/ecodef-ihedn.fr\/en\/wp-json\/wp\/v2\/media?parent=1106"}],"wp:term":[{"taxonomy":"category","embeddable":true,"href":"https:\/\/ecodef-ihedn.fr\/en\/wp-json\/wp\/v2\/categories?post=1106"},{"taxonomy":"post_tag","embeddable":true,"href":"https:\/\/ecodef-ihedn.fr\/en\/wp-json\/wp\/v2\/tags?post=1106"}],"curies":[{"name":"wp","href":"https:\/\/api.w.org\/{rel}","templated":true}]}}