{"id":1111,"date":"2018-11-20T00:00:00","date_gmt":"2018-11-20T00:00:00","guid":{"rendered":"https:\/\/ecodef-ihedn.fr\/les-ecrivains-combattants-prix-capitaine-thomas-gauvin-prix-fonde-en-2016\/"},"modified":"2020-04-10T08:34:26","modified_gmt":"2020-04-10T08:34:26","slug":"les-ecrivains-combattants-prix-capitaine-thomas-gauvin-prix-fonde-en-2016","status":"publish","type":"post","link":"https:\/\/ecodef-ihedn.fr\/en\/les-ecrivains-combattants-prix-capitaine-thomas-gauvin-prix-fonde-en-2016\/","title":{"rendered":"Les \u00c9crivains combattants : Captain Thomas Gauvin Award, founded in 2016"},"content":{"rendered":"<h2>Captain Thomas Gauvin\u00ab award, founded in 2016<\/h2>\n<p style=\"text-align: justify\">L\u2019<a href=\"http:\/\/www.lesecrivainscombattants.fr\/prix\/les-prix-litteraires\" target=\"_blank\" rel=\"noopener noreferrer\"><strong>Association of Combat Writers<\/strong><\/a> will award an annual <strong>prize dedicated to recent or current military operations<\/strong> of France symbolised by a<strong> Diploma from the \u00c9crivains combattants<\/strong> with <strong>thousand Euros<\/strong> by the company <a href=\"https:\/\/www.mbda-systems.com\/about-us\/\" target=\"_blank\" rel=\"noopener noreferrer\"><strong>MBDA France<\/strong><\/a>.<\/p>\n<p style=\"text-align: justify\">The prize will be awarded to the author who is still serving in the French armed forces, <strong>a published work, study or dissertation<\/strong>, a French-language publication devoted to <strong>conditions for the military engagement of french forces<\/strong>. This book should reflect the author's thoughts on the issues involved in these operations.<\/p>\n<h2>Terms and conditions<\/h2>\n<p style=\"text-align: justify\">The<strong> candidates<\/strong> are invited to <strong>make contact<\/strong> with the secretariat of the \u00c9crivains Combattants <span style=\"text-decoration: underline\"><strong>before the end of July.<\/strong><\/span><br \/>\nThe works collected are forwarded to the Awards Committee for review.<br \/>\nThe Awards Committee examines the candidates' works from September onwards, obtains the opinion of the Armed Forces Chief of Staff and, in October, makes a proposal to the Board of Directors to award the prize to a candidate.<br \/>\nLa <strong>award decision<\/strong> is endorsed by the President of Les \u00c9crivains combattants at a formal meeting of the Board of Directors.<br \/>\nLa<strong> award ceremony<\/strong> is carried out at <strong>the afternoon of the book<\/strong> organised jointly by the\u2019<strong>Association of Combat Writers<\/strong> and the <strong>Ministry of Defence<\/strong> at the end of the year.<\/p>\n<h2>Contact:<\/h2>\n<p><a href=\"http:\/\/www.lesecrivainscombattants.fr\/\" target=\"_blank\" rel=\"noopener noreferrer\">The Fighting Writers<\/a> - 13 avenue de La Motte-Picquet - 75007 Paris<br \/>\nTel : 09 52 51 57 91 - Port. : 07 69 27 87 57<br \/>\naec@ecrivains.eu - www.lesecrivainscombattants.fr<\/p>\n<p><strong>Note:<\/strong> Top of his class at Saint-Cyr \u00abCapitaine Beaumont\u00bb, Captain Thomas Gauvin of the 1er r\u00e9giment de chasseurs parachutistes died for France on 13 July 2011 in Tagab, Afghanistan.<\/p>\n<p><img decoding=\"async\" src=\"https:\/\/ecodef-ihedn.fr\/wp-content\/uploads\/2020\/04\/header6.jpg\" alt=\"Les \u00e9crivains combattants\" \/><\/p>","protected":false},"excerpt":{"rendered":"<p>Prix \u00ab Capitaine Thomas Gauvin \u00bb, Prix fond\u00e9 en 2016 L\u2019Association des \u00c9crivains combattants d\u00e9cernera chaque ann\u00e9e un prix consacr\u00e9 aux op\u00e9rations militaires r\u00e9centes ou en cours de la France symbolis\u00e9 par un dipl\u00f4me des \u00c9crivains combattants et dot\u00e9 de mille Euros par la soci\u00e9t\u00e9 MBDA France. Ce prix r\u00e9compensera l\u2019auteur, en activit\u00e9 de service [&hellip;]<\/p>\n","protected":false},"author":1,"featured_media":1112,"comment_status":"open","ping_status":"open","sticky":false,"template":"","format":"standard","meta":{"footnotes":""},"categories":[360],"tags":[230,231,232,121,109,233,234],"class_list":{"0":"post-1111","1":"post","2":"type-post","3":"status-publish","4":"format-standard","5":"has-post-thumbnail","7":"category-actualites-du-reseau","8":"tag-armees-francaises","9":"tag-engagement-militaire-des-forces-francaise","10":"tag-mbda","11":"tag-operations-exterieures","12":"tag-opex","13":"tag-prix-capitaine-thomas-gauvin","14":"tag-prix-litteraire"},"yoast_head":"<!-- This site is optimized with the Yoast SEO plugin v27.4 - https:\/\/yoast.com\/product\/yoast-seo-wordpress\/ -->\n<title>Les \u00c9crivains combattants : Prix \u00ab Capitaine Thomas Gauvin \u00bb, Prix fond\u00e9 en 2016 - Chaire \u00c9conomie de d\u00e9fense - IHEDN<\/title>\n<meta name=\"robots\" content=\"index, follow, max-snippet:-1, max-image-preview:large, max-video-preview:-1\" \/>\n<link rel=\"canonical\" href=\"https:\/\/ecodef-ihedn.fr\/en\/les-ecrivains-combattants-prix-capitaine-thomas-gauvin-prix-fonde-en-2016\/\" \/>\n<meta property=\"og:locale\" content=\"en_GB\" \/>\n<meta property=\"og:type\" content=\"article\" \/>\n<meta property=\"og:title\" content=\"Les \u00c9crivains combattants : Prix \u00ab Capitaine Thomas Gauvin \u00bb, Prix fond\u00e9 en 2016 - Chaire \u00c9conomie de d\u00e9fense - IHEDN\" \/>\n<meta property=\"og:description\" content=\"Prix \u00ab Capitaine Thomas Gauvin \u00bb, Prix fond\u00e9 en 2016 L\u2019Association des \u00c9crivains combattants d\u00e9cernera chaque ann\u00e9e un prix consacr\u00e9 aux op\u00e9rations militaires r\u00e9centes ou en cours de la France symbolis\u00e9 par un dipl\u00f4me des \u00c9crivains combattants et dot\u00e9 de mille Euros par la soci\u00e9t\u00e9 MBDA France. Ce prix r\u00e9compensera l\u2019auteur, en activit\u00e9 de service [&hellip;]\" \/>\n<meta property=\"og:url\" content=\"https:\/\/ecodef-ihedn.fr\/en\/les-ecrivains-combattants-prix-capitaine-thomas-gauvin-prix-fonde-en-2016\/\" \/>\n<meta property=\"og:site_name\" content=\"Chaire \u00c9conomie de d\u00e9fense - IHEDN\" \/>\n<meta property=\"article:published_time\" content=\"2018-11-20T00:00:00+00:00\" \/>\n<meta property=\"article:modified_time\" content=\"2020-04-10T08:34:26+00:00\" \/>\n<meta property=\"og:image\" content=\"https:\/\/ecodef-ihedn.fr\/wp-content\/uploads\/2020\/04\/header6.jpg\" \/>\n\t<meta property=\"og:image:width\" content=\"1795\" \/>\n\t<meta property=\"og:image:height\" content=\"317\" \/>\n\t<meta property=\"og:image:type\" content=\"image\/jpeg\" \/>\n<meta name=\"author\" content=\"dev\" \/>\n<meta name=\"twitter:card\" content=\"summary_large_image\" \/>\n<meta name=\"twitter:creator\" content=\"@Chaire_Ecodef\" \/>\n<meta name=\"twitter:site\" content=\"@Chaire_Ecodef\" \/>\n<meta name=\"twitter:label1\" content=\"Written by\" \/>\n\t<meta name=\"twitter:data1\" content=\"dev\" \/>\n\t<meta name=\"twitter:label2\" content=\"Estimated reading time\" \/>\n\t<meta name=\"twitter:data2\" content=\"1 minute\" \/>\n<script type=\"application\/ld+json\" class=\"yoast-schema-graph\">{\"@context\":\"https:\\\/\\\/schema.org\",\"@graph\":[{\"@type\":\"Article\",\"@id\":\"https:\\\/\\\/ecodef-ihedn.fr\\\/les-ecrivains-combattants-prix-capitaine-thomas-gauvin-prix-fonde-en-2016\\\/#article\",\"isPartOf\":{\"@id\":\"https:\\\/\\\/ecodef-ihedn.fr\\\/les-ecrivains-combattants-prix-capitaine-thomas-gauvin-prix-fonde-en-2016\\\/\"},\"author\":{\"name\":\"dev\",\"@id\":\"https:\\\/\\\/ecodef-ihedn.fr\\\/#\\\/schema\\\/person\\\/7b3f1a2d8fd336e0be2f9ff63ff0ebbc\"},\"headline\":\"Les \u00c9crivains combattants : Prix \u00ab Capitaine Thomas Gauvin \u00bb, Prix fond\u00e9 en 2016\",\"datePublished\":\"2018-11-20T00:00:00+00:00\",\"dateModified\":\"2020-04-10T08:34:26+00:00\",\"mainEntityOfPage\":{\"@id\":\"https:\\\/\\\/ecodef-ihedn.fr\\\/les-ecrivains-combattants-prix-capitaine-thomas-gauvin-prix-fonde-en-2016\\\/\"},\"wordCount\":304,\"commentCount\":0,\"publisher\":{\"@id\":\"https:\\\/\\\/ecodef-ihedn.fr\\\/#organization\"},\"image\":{\"@id\":\"https:\\\/\\\/ecodef-ihedn.fr\\\/les-ecrivains-combattants-prix-capitaine-thomas-gauvin-prix-fonde-en-2016\\\/#primaryimage\"},\"thumbnailUrl\":\"https:\\\/\\\/ecodef-ihedn.fr\\\/wp-content\\\/uploads\\\/2020\\\/04\\\/header6.jpg\",\"keywords\":[\"Arm\u00e9es fran\u00e7aises\",\"engagement militaire des forces fran\u00e7aise\",\"MBDA\",\"Op\u00e9rations ext\u00e9rieures\",\"OPEX\",\"Prix capitaine thomas Gauvin\",\"prix litt\u00e9raire\"],\"articleSection\":[\"Actualit\u00e9s du r\u00e9seau\"],\"inLanguage\":\"en-GB\",\"potentialAction\":[{\"@type\":\"CommentAction\",\"name\":\"Comment\",\"target\":[\"https:\\\/\\\/ecodef-ihedn.fr\\\/les-ecrivains-combattants-prix-capitaine-thomas-gauvin-prix-fonde-en-2016\\\/#respond\"]}]},{\"@type\":\"WebPage\",\"@id\":\"https:\\\/\\\/ecodef-ihedn.fr\\\/les-ecrivains-combattants-prix-capitaine-thomas-gauvin-prix-fonde-en-2016\\\/\",\"url\":\"https:\\\/\\\/ecodef-ihedn.fr\\\/les-ecrivains-combattants-prix-capitaine-thomas-gauvin-prix-fonde-en-2016\\\/\",\"name\":\"Les \u00c9crivains combattants : Prix \u00ab Capitaine Thomas Gauvin \u00bb, Prix fond\u00e9 en 2016 - Chaire \u00c9conomie de d\u00e9fense - IHEDN\",\"isPartOf\":{\"@id\":\"https:\\\/\\\/ecodef-ihedn.fr\\\/#website\"},\"primaryImageOfPage\":{\"@id\":\"https:\\\/\\\/ecodef-ihedn.fr\\\/les-ecrivains-combattants-prix-capitaine-thomas-gauvin-prix-fonde-en-2016\\\/#primaryimage\"},\"image\":{\"@id\":\"https:\\\/\\\/ecodef-ihedn.fr\\\/les-ecrivains-combattants-prix-capitaine-thomas-gauvin-prix-fonde-en-2016\\\/#primaryimage\"},\"thumbnailUrl\":\"https:\\\/\\\/ecodef-ihedn.fr\\\/wp-content\\\/uploads\\\/2020\\\/04\\\/header6.jpg\",\"datePublished\":\"2018-11-20T00:00:00+00:00\",\"dateModified\":\"2020-04-10T08:34:26+00:00\",\"breadcrumb\":{\"@id\":\"https:\\\/\\\/ecodef-ihedn.fr\\\/les-ecrivains-combattants-prix-capitaine-thomas-gauvin-prix-fonde-en-2016\\\/#breadcrumb\"},\"inLanguage\":\"en-GB\",\"potentialAction\":[{\"@type\":\"ReadAction\",\"target\":[\"https:\\\/\\\/ecodef-ihedn.fr\\\/les-ecrivains-combattants-prix-capitaine-thomas-gauvin-prix-fonde-en-2016\\\/\"]}]},{\"@type\":\"ImageObject\",\"inLanguage\":\"en-GB\",\"@id\":\"https:\\\/\\\/ecodef-ihedn.fr\\\/les-ecrivains-combattants-prix-capitaine-thomas-gauvin-prix-fonde-en-2016\\\/#primaryimage\",\"url\":\"https:\\\/\\\/ecodef-ihedn.fr\\\/wp-content\\\/uploads\\\/2020\\\/04\\\/header6.jpg\",\"contentUrl\":\"https:\\\/\\\/ecodef-ihedn.fr\\\/wp-content\\\/uploads\\\/2020\\\/04\\\/header6.jpg\",\"width\":1795,\"height\":317},{\"@type\":\"BreadcrumbList\",\"@id\":\"https:\\\/\\\/ecodef-ihedn.fr\\\/les-ecrivains-combattants-prix-capitaine-thomas-gauvin-prix-fonde-en-2016\\\/#breadcrumb\",\"itemListElement\":[{\"@type\":\"ListItem\",\"position\":1,\"name\":\"Accueil\",\"item\":\"https:\\\/\\\/ecodef-ihedn.fr\\\/\"},{\"@type\":\"ListItem\",\"position\":2,\"name\":\"Les \u00c9crivains combattants : Prix \u00ab Capitaine Thomas Gauvin \u00bb, Prix fond\u00e9 en 2016\"}]},{\"@type\":\"WebSite\",\"@id\":\"https:\\\/\\\/ecodef-ihedn.fr\\\/#website\",\"url\":\"https:\\\/\\\/ecodef-ihedn.fr\\\/\",\"name\":\"Chaire \u00c9conomie de D\u00e9fense - IHEDN\",\"description\":\"Produire &amp; soutenir, f\u00e9d\u00e9rer &amp; diffuser, \u00eatre une interface\",\"publisher\":{\"@id\":\"https:\\\/\\\/ecodef-ihedn.fr\\\/#organization\"},\"potentialAction\":[{\"@type\":\"SearchAction\",\"target\":{\"@type\":\"EntryPoint\",\"urlTemplate\":\"https:\\\/\\\/ecodef-ihedn.fr\\\/?s={search_term_string}\"},\"query-input\":{\"@type\":\"PropertyValueSpecification\",\"valueRequired\":true,\"valueName\":\"search_term_string\"}}],\"inLanguage\":\"en-GB\"},{\"@type\":\"Organization\",\"@id\":\"https:\\\/\\\/ecodef-ihedn.fr\\\/#organization\",\"name\":\"Chaire \u00c9conomie de d\u00e9fense - IHEDN\",\"url\":\"https:\\\/\\\/ecodef-ihedn.fr\\\/\",\"logo\":{\"@type\":\"ImageObject\",\"inLanguage\":\"en-GB\",\"@id\":\"https:\\\/\\\/ecodef-ihedn.fr\\\/#\\\/schema\\\/logo\\\/image\\\/\",\"url\":\"https:\\\/\\\/ecodef-ihedn.fr\\\/wp-content\\\/uploads\\\/2020\\\/04\\\/logoEcodef9.jpg\",\"contentUrl\":\"https:\\\/\\\/ecodef-ihedn.fr\\\/wp-content\\\/uploads\\\/2020\\\/04\\\/logoEcodef9.jpg\",\"width\":410,\"height\":212,\"caption\":\"Chaire \u00c9conomie de d\u00e9fense - IHEDN\"},\"image\":{\"@id\":\"https:\\\/\\\/ecodef-ihedn.fr\\\/#\\\/schema\\\/logo\\\/image\\\/\"},\"sameAs\":[\"https:\\\/\\\/x.com\\\/Chaire_Ecodef\",\"https:\\\/\\\/www.linkedin.com\\\/company\\\/chaire-ecodef-ihedn\\\/\"]},{\"@type\":\"Person\",\"@id\":\"https:\\\/\\\/ecodef-ihedn.fr\\\/#\\\/schema\\\/person\\\/7b3f1a2d8fd336e0be2f9ff63ff0ebbc\",\"name\":\"dev\",\"image\":{\"@type\":\"ImageObject\",\"inLanguage\":\"en-GB\",\"@id\":\"https:\\\/\\\/secure.gravatar.com\\\/avatar\\\/f1ffcac9ca2fa95ad3ec33e9be3ade82f752acb0cabe541e56c5889225afa88a?s=96&d=mm&r=g\",\"url\":\"https:\\\/\\\/secure.gravatar.com\\\/avatar\\\/f1ffcac9ca2fa95ad3ec33e9be3ade82f752acb0cabe541e56c5889225afa88a?s=96&d=mm&r=g\",\"contentUrl\":\"https:\\\/\\\/secure.gravatar.com\\\/avatar\\\/f1ffcac9ca2fa95ad3ec33e9be3ade82f752acb0cabe541e56c5889225afa88a?s=96&d=mm&r=g\",\"caption\":\"dev\"},\"url\":\"https:\\\/\\\/ecodef-ihedn.fr\\\/en\\\/author\\\/dev\\\/\"}]}<\/script>\n<!-- \/ Yoast SEO plugin. -->","yoast_head_json":{"title":"Les \u00c9crivains combattants : Prix \u00ab Capitaine Thomas Gauvin \u00bb, Prix fond\u00e9 en 2016 - Chaire \u00c9conomie de d\u00e9fense - IHEDN","robots":{"index":"index","follow":"follow","max-snippet":"max-snippet:-1","max-image-preview":"max-image-preview:large","max-video-preview":"max-video-preview:-1"},"canonical":"https:\/\/ecodef-ihedn.fr\/en\/les-ecrivains-combattants-prix-capitaine-thomas-gauvin-prix-fonde-en-2016\/","og_locale":"en_GB","og_type":"article","og_title":"Les \u00c9crivains combattants : Prix \u00ab Capitaine Thomas Gauvin \u00bb, Prix fond\u00e9 en 2016 - Chaire \u00c9conomie de d\u00e9fense - IHEDN","og_description":"Prix \u00ab Capitaine Thomas Gauvin \u00bb, Prix fond\u00e9 en 2016 L\u2019Association des \u00c9crivains combattants d\u00e9cernera chaque ann\u00e9e un prix consacr\u00e9 aux op\u00e9rations militaires r\u00e9centes ou en cours de la France symbolis\u00e9 par un dipl\u00f4me des \u00c9crivains combattants et dot\u00e9 de mille Euros par la soci\u00e9t\u00e9 MBDA France. Ce prix r\u00e9compensera l\u2019auteur, en activit\u00e9 de service [&hellip;]","og_url":"https:\/\/ecodef-ihedn.fr\/en\/les-ecrivains-combattants-prix-capitaine-thomas-gauvin-prix-fonde-en-2016\/","og_site_name":"Chaire \u00c9conomie de d\u00e9fense - IHEDN","article_published_time":"2018-11-20T00:00:00+00:00","article_modified_time":"2020-04-10T08:34:26+00:00","og_image":[{"width":1795,"height":317,"url":"https:\/\/ecodef-ihedn.fr\/wp-content\/uploads\/2020\/04\/header6.jpg","type":"image\/jpeg"}],"author":"dev","twitter_card":"summary_large_image","twitter_creator":"@Chaire_Ecodef","twitter_site":"@Chaire_Ecodef","twitter_misc":{"Written by":"dev","Estimated reading time":"1 minute"},"schema":{"@context":"https:\/\/schema.org","@graph":[{"@type":"Article","@id":"https:\/\/ecodef-ihedn.fr\/les-ecrivains-combattants-prix-capitaine-thomas-gauvin-prix-fonde-en-2016\/#article","isPartOf":{"@id":"https:\/\/ecodef-ihedn.fr\/les-ecrivains-combattants-prix-capitaine-thomas-gauvin-prix-fonde-en-2016\/"},"author":{"name":"dev","@id":"https:\/\/ecodef-ihedn.fr\/#\/schema\/person\/7b3f1a2d8fd336e0be2f9ff63ff0ebbc"},"headline":"Les \u00c9crivains combattants : Prix \u00ab Capitaine Thomas Gauvin \u00bb, Prix fond\u00e9 en 2016","datePublished":"2018-11-20T00:00:00+00:00","dateModified":"2020-04-10T08:34:26+00:00","mainEntityOfPage":{"@id":"https:\/\/ecodef-ihedn.fr\/les-ecrivains-combattants-prix-capitaine-thomas-gauvin-prix-fonde-en-2016\/"},"wordCount":304,"commentCount":0,"publisher":{"@id":"https:\/\/ecodef-ihedn.fr\/#organization"},"image":{"@id":"https:\/\/ecodef-ihedn.fr\/les-ecrivains-combattants-prix-capitaine-thomas-gauvin-prix-fonde-en-2016\/#primaryimage"},"thumbnailUrl":"https:\/\/ecodef-ihedn.fr\/wp-content\/uploads\/2020\/04\/header6.jpg","keywords":["Arm\u00e9es fran\u00e7aises","engagement militaire des forces fran\u00e7aise","MBDA","Op\u00e9rations ext\u00e9rieures","OPEX","Prix capitaine thomas Gauvin","prix litt\u00e9raire"],"articleSection":["Actualit\u00e9s du r\u00e9seau"],"inLanguage":"en-GB","potentialAction":[{"@type":"CommentAction","name":"Comment","target":["https:\/\/ecodef-ihedn.fr\/les-ecrivains-combattants-prix-capitaine-thomas-gauvin-prix-fonde-en-2016\/#respond"]}]},{"@type":"WebPage","@id":"https:\/\/ecodef-ihedn.fr\/les-ecrivains-combattants-prix-capitaine-thomas-gauvin-prix-fonde-en-2016\/","url":"https:\/\/ecodef-ihedn.fr\/les-ecrivains-combattants-prix-capitaine-thomas-gauvin-prix-fonde-en-2016\/","name":"Les \u00c9crivains combattants : Prix \u00ab Capitaine Thomas Gauvin \u00bb, Prix fond\u00e9 en 2016 - Chaire \u00c9conomie de d\u00e9fense - IHEDN","isPartOf":{"@id":"https:\/\/ecodef-ihedn.fr\/#website"},"primaryImageOfPage":{"@id":"https:\/\/ecodef-ihedn.fr\/les-ecrivains-combattants-prix-capitaine-thomas-gauvin-prix-fonde-en-2016\/#primaryimage"},"image":{"@id":"https:\/\/ecodef-ihedn.fr\/les-ecrivains-combattants-prix-capitaine-thomas-gauvin-prix-fonde-en-2016\/#primaryimage"},"thumbnailUrl":"https:\/\/ecodef-ihedn.fr\/wp-content\/uploads\/2020\/04\/header6.jpg","datePublished":"2018-11-20T00:00:00+00:00","dateModified":"2020-04-10T08:34:26+00:00","breadcrumb":{"@id":"https:\/\/ecodef-ihedn.fr\/les-ecrivains-combattants-prix-capitaine-thomas-gauvin-prix-fonde-en-2016\/#breadcrumb"},"inLanguage":"en-GB","potentialAction":[{"@type":"ReadAction","target":["https:\/\/ecodef-ihedn.fr\/les-ecrivains-combattants-prix-capitaine-thomas-gauvin-prix-fonde-en-2016\/"]}]},{"@type":"ImageObject","inLanguage":"en-GB","@id":"https:\/\/ecodef-ihedn.fr\/les-ecrivains-combattants-prix-capitaine-thomas-gauvin-prix-fonde-en-2016\/#primaryimage","url":"https:\/\/ecodef-ihedn.fr\/wp-content\/uploads\/2020\/04\/header6.jpg","contentUrl":"https:\/\/ecodef-ihedn.fr\/wp-content\/uploads\/2020\/04\/header6.jpg","width":1795,"height":317},{"@type":"BreadcrumbList","@id":"https:\/\/ecodef-ihedn.fr\/les-ecrivains-combattants-prix-capitaine-thomas-gauvin-prix-fonde-en-2016\/#breadcrumb","itemListElement":[{"@type":"ListItem","position":1,"name":"Accueil","item":"https:\/\/ecodef-ihedn.fr\/"},{"@type":"ListItem","position":2,"name":"Les \u00c9crivains combattants : Prix \u00ab Capitaine Thomas Gauvin \u00bb, Prix fond\u00e9 en 2016"}]},{"@type":"WebSite","@id":"https:\/\/ecodef-ihedn.fr\/#website","url":"https:\/\/ecodef-ihedn.fr\/","name":"Chair in Defence Economics - IHEDN","description":"Produce &amp; support, federate &amp; disseminate, act as an interface","publisher":{"@id":"https:\/\/ecodef-ihedn.fr\/#organization"},"potentialAction":[{"@type":"SearchAction","target":{"@type":"EntryPoint","urlTemplate":"https:\/\/ecodef-ihedn.fr\/?s={search_term_string}"},"query-input":{"@type":"PropertyValueSpecification","valueRequired":true,"valueName":"search_term_string"}}],"inLanguage":"en-GB"},{"@type":"Organization","@id":"https:\/\/ecodef-ihedn.fr\/#organization","name":"Chair in Defence Economics - IHEDN","url":"https:\/\/ecodef-ihedn.fr\/","logo":{"@type":"ImageObject","inLanguage":"en-GB","@id":"https:\/\/ecodef-ihedn.fr\/#\/schema\/logo\/image\/","url":"https:\/\/ecodef-ihedn.fr\/wp-content\/uploads\/2020\/04\/logoEcodef9.jpg","contentUrl":"https:\/\/ecodef-ihedn.fr\/wp-content\/uploads\/2020\/04\/logoEcodef9.jpg","width":410,"height":212,"caption":"Chaire \u00c9conomie de d\u00e9fense - IHEDN"},"image":{"@id":"https:\/\/ecodef-ihedn.fr\/#\/schema\/logo\/image\/"},"sameAs":["https:\/\/x.com\/Chaire_Ecodef","https:\/\/www.linkedin.com\/company\/chaire-ecodef-ihedn\/"]},{"@type":"Person","@id":"https:\/\/ecodef-ihedn.fr\/#\/schema\/person\/7b3f1a2d8fd336e0be2f9ff63ff0ebbc","name":"dev","image":{"@type":"ImageObject","inLanguage":"en-GB","@id":"https:\/\/secure.gravatar.com\/avatar\/f1ffcac9ca2fa95ad3ec33e9be3ade82f752acb0cabe541e56c5889225afa88a?s=96&d=mm&r=g","url":"https:\/\/secure.gravatar.com\/avatar\/f1ffcac9ca2fa95ad3ec33e9be3ade82f752acb0cabe541e56c5889225afa88a?s=96&d=mm&r=g","contentUrl":"https:\/\/secure.gravatar.com\/avatar\/f1ffcac9ca2fa95ad3ec33e9be3ade82f752acb0cabe541e56c5889225afa88a?s=96&d=mm&r=g","caption":"dev"},"url":"https:\/\/ecodef-ihedn.fr\/en\/author\/dev\/"}]}},"_links":{"self":[{"href":"https:\/\/ecodef-ihedn.fr\/en\/wp-json\/wp\/v2\/posts\/1111","targetHints":{"allow":["GET"]}}],"collection":[{"href":"https:\/\/ecodef-ihedn.fr\/en\/wp-json\/wp\/v2\/posts"}],"about":[{"href":"https:\/\/ecodef-ihedn.fr\/en\/wp-json\/wp\/v2\/types\/post"}],"author":[{"embeddable":true,"href":"https:\/\/ecodef-ihedn.fr\/en\/wp-json\/wp\/v2\/users\/1"}],"replies":[{"embeddable":true,"href":"https:\/\/ecodef-ihedn.fr\/en\/wp-json\/wp\/v2\/comments?post=1111"}],"version-history":[{"count":2,"href":"https:\/\/ecodef-ihedn.fr\/en\/wp-json\/wp\/v2\/posts\/1111\/revisions"}],"predecessor-version":[{"id":1480,"href":"https:\/\/ecodef-ihedn.fr\/en\/wp-json\/wp\/v2\/posts\/1111\/revisions\/1480"}],"wp:featuredmedia":[{"embeddable":true,"href":"https:\/\/ecodef-ihedn.fr\/en\/wp-json\/wp\/v2\/media\/1112"}],"wp:attachment":[{"href":"https:\/\/ecodef-ihedn.fr\/en\/wp-json\/wp\/v2\/media?parent=1111"}],"wp:term":[{"taxonomy":"category","embeddable":true,"href":"https:\/\/ecodef-ihedn.fr\/en\/wp-json\/wp\/v2\/categories?post=1111"},{"taxonomy":"post_tag","embeddable":true,"href":"https:\/\/ecodef-ihedn.fr\/en\/wp-json\/wp\/v2\/tags?post=1111"}],"curies":[{"name":"wp","href":"https:\/\/api.w.org\/{rel}","templated":true}]}}