{"id":1113,"date":"2018-12-03T00:00:00","date_gmt":"2018-12-03T00:00:00","guid":{"rendered":"https:\/\/ecodef-ihedn.fr\/prix-de-these-de-droit-economie-et-sociologie-du-transport-aerien-et-spatial-2019\/"},"modified":"2020-04-10T08:34:18","modified_gmt":"2020-04-10T08:34:18","slug":"prix-de-these-de-droit-economie-et-sociologie-du-transport-aerien-et-spatial-2019","status":"publish","type":"post","link":"https:\/\/ecodef-ihedn.fr\/en\/prix-de-these-de-droit-economie-et-sociologie-du-transport-aerien-et-spatial-2019\/","title":{"rendered":"Law, economics and sociology of air and space transport thesis prize 2019"},"content":{"rendered":"<p><a href=\"https:\/\/ecodef-ihedn.fr\/wp-content\/uploads\/2020\/04\/academie_air_espace_2.jpg\"><img loading=\"lazy\" decoding=\"async\" class=\"aligncenter wp-image-6643\" src=\"https:\/\/ecodef-ihedn.fr\/wp-content\/uploads\/2020\/04\/academie_air_espace_2.jpg\" alt=\"\" width=\"238\" height=\"185\" \/><\/a><\/p>\n<p style=\"text-align: justify\">In 2019, the Acad\u00e9mie de l'air et de l'espace will award its <strong><a href=\"https:\/\/economie-defense.fr\/wp-content\/uploads\/2018\/12\/prix-de-these-2019.pdf\" target=\"_blank\" rel=\"noopener noreferrer\">Prize for thesis on the law, economics and sociology of air and space transport<\/a> (information <a href=\"https:\/\/economie-defense.fr\/wp-content\/uploads\/2018\/12\/doctoral-thesis-prize-2019.pdf\" target=\"_blank\" rel=\"noopener noreferrer\">in english<\/a>).<\/strong><\/p>\n<p style=\"text-align: justify\">This prize is awarded to a <strong>doctoral thesis<\/strong> supported in <strong>French or English at a European university<\/strong> in the three years preceding the deadline for submission to the Academy.<\/p>\n<p style=\"text-align: justify\">In 2019, the prize will be awarded to a thesis on a subject open to <strong>right<\/strong>, d\u2019<strong>economy<\/strong> or <strong>sociology<\/strong> in <strong>air and space.<\/strong><\/p>\n<p style=\"text-align: justify\">The theses submitted for the prize must be submitted to the Acad\u00e9mie de l'air et de l'espace in <strong>three copies<\/strong> <strong>or sent electronically<\/strong>, <strong>before 31 December 2018.<\/strong><\/p>\n<p>To apply or for more information, <a href=\"http:\/\/www.academie-air-espace.com\/afficheNews.php?varNiouze=88\" target=\"_blank\" rel=\"noopener noreferrer\">click here<\/a>.<\/p>","protected":false},"excerpt":{"rendered":"<p>L&rsquo;Acad\u00e9mie de l&rsquo;air et de l&rsquo;espace d\u00e9cernera en 2019 son Prix de th\u00e8se de droit, \u00e9conomie et sociologie du transport a\u00e9rien et spatial (information in english). Ce Prix est attribu\u00e9 \u00e0 une th\u00e8se de doctorat soutenue en langue fran\u00e7aise ou anglaise dans une universit\u00e9 europ\u00e9enne au cours des trois ann\u00e9es pr\u00e9c\u00e9dant la date limite de [&hellip;]<\/p>\n","protected":false},"author":1,"featured_media":1114,"comment_status":"open","ping_status":"open","sticky":false,"template":"","format":"standard","meta":{"footnotes":""},"categories":[360],"tags":[235,47,236,237,238,214,239],"class_list":{"0":"post-1113","1":"post","2":"type-post","3":"status-publish","4":"format-standard","5":"has-post-thumbnail","7":"category-actualites-du-reseau","8":"tag-academie-de-lair-et-de-lespace","9":"tag-economie-de-defense","10":"tag-espace","11":"tag-industrie-aeronautique","12":"tag-industrie-spatiale","13":"tag-prix-de-these","14":"tag-these-de-doctorat"},"yoast_head":"<!-- This site is optimized with the Yoast SEO plugin v27.4 - https:\/\/yoast.com\/product\/yoast-seo-wordpress\/ -->\n<title>Prix de th\u00e8se de droit, \u00e9conomie et sociologie du transport a\u00e9rien et spatial 2019 - Chaire \u00c9conomie de d\u00e9fense - IHEDN<\/title>\n<meta name=\"robots\" content=\"index, follow, max-snippet:-1, max-image-preview:large, max-video-preview:-1\" \/>\n<link rel=\"canonical\" href=\"https:\/\/ecodef-ihedn.fr\/en\/prix-de-these-de-droit-economie-et-sociologie-du-transport-aerien-et-spatial-2019\/\" \/>\n<meta property=\"og:locale\" content=\"en_GB\" \/>\n<meta property=\"og:type\" content=\"article\" \/>\n<meta property=\"og:title\" content=\"Prix de th\u00e8se de droit, \u00e9conomie et sociologie du transport a\u00e9rien et spatial 2019 - Chaire \u00c9conomie de d\u00e9fense - IHEDN\" \/>\n<meta property=\"og:description\" content=\"L&rsquo;Acad\u00e9mie de l&rsquo;air et de l&rsquo;espace d\u00e9cernera en 2019 son Prix de th\u00e8se de droit, \u00e9conomie et sociologie du transport a\u00e9rien et spatial (information in english). Ce Prix est attribu\u00e9 \u00e0 une th\u00e8se de doctorat soutenue en langue fran\u00e7aise ou anglaise dans une universit\u00e9 europ\u00e9enne au cours des trois ann\u00e9es pr\u00e9c\u00e9dant la date limite de [&hellip;]\" \/>\n<meta property=\"og:url\" content=\"https:\/\/ecodef-ihedn.fr\/en\/prix-de-these-de-droit-economie-et-sociologie-du-transport-aerien-et-spatial-2019\/\" \/>\n<meta property=\"og:site_name\" content=\"Chaire \u00c9conomie de d\u00e9fense - IHEDN\" \/>\n<meta property=\"article:published_time\" content=\"2018-12-03T00:00:00+00:00\" \/>\n<meta property=\"article:modified_time\" content=\"2020-04-10T08:34:18+00:00\" \/>\n<meta property=\"og:image\" content=\"https:\/\/ecodef-ihedn.fr\/wp-content\/uploads\/2020\/04\/academie_air_espace_2.jpg\" \/>\n\t<meta property=\"og:image:width\" content=\"1621\" \/>\n\t<meta property=\"og:image:height\" content=\"1258\" \/>\n\t<meta property=\"og:image:type\" content=\"image\/jpeg\" \/>\n<meta name=\"author\" content=\"dev\" \/>\n<meta name=\"twitter:card\" content=\"summary_large_image\" \/>\n<meta name=\"twitter:creator\" content=\"@Chaire_Ecodef\" \/>\n<meta name=\"twitter:site\" content=\"@Chaire_Ecodef\" \/>\n<meta name=\"twitter:label1\" content=\"Written by\" \/>\n\t<meta name=\"twitter:data1\" content=\"dev\" \/>\n\t<meta name=\"twitter:label2\" content=\"Estimated reading time\" \/>\n\t<meta name=\"twitter:data2\" content=\"1 minute\" \/>\n<script type=\"application\/ld+json\" class=\"yoast-schema-graph\">{\"@context\":\"https:\\\/\\\/schema.org\",\"@graph\":[{\"@type\":\"Article\",\"@id\":\"https:\\\/\\\/ecodef-ihedn.fr\\\/prix-de-these-de-droit-economie-et-sociologie-du-transport-aerien-et-spatial-2019\\\/#article\",\"isPartOf\":{\"@id\":\"https:\\\/\\\/ecodef-ihedn.fr\\\/prix-de-these-de-droit-economie-et-sociologie-du-transport-aerien-et-spatial-2019\\\/\"},\"author\":{\"name\":\"dev\",\"@id\":\"https:\\\/\\\/ecodef-ihedn.fr\\\/#\\\/schema\\\/person\\\/7b3f1a2d8fd336e0be2f9ff63ff0ebbc\"},\"headline\":\"Prix de th\u00e8se de droit, \u00e9conomie et sociologie du transport a\u00e9rien et spatial 2019\",\"datePublished\":\"2018-12-03T00:00:00+00:00\",\"dateModified\":\"2020-04-10T08:34:18+00:00\",\"mainEntityOfPage\":{\"@id\":\"https:\\\/\\\/ecodef-ihedn.fr\\\/prix-de-these-de-droit-economie-et-sociologie-du-transport-aerien-et-spatial-2019\\\/\"},\"wordCount\":160,\"commentCount\":0,\"publisher\":{\"@id\":\"https:\\\/\\\/ecodef-ihedn.fr\\\/#organization\"},\"image\":{\"@id\":\"https:\\\/\\\/ecodef-ihedn.fr\\\/prix-de-these-de-droit-economie-et-sociologie-du-transport-aerien-et-spatial-2019\\\/#primaryimage\"},\"thumbnailUrl\":\"https:\\\/\\\/ecodef-ihedn.fr\\\/wp-content\\\/uploads\\\/2020\\\/04\\\/academie_air_espace_2.jpg\",\"keywords\":[\"acad\u00e9mie de l'air et de l'espace\",\"\u00e9conomie de d\u00e9fense\",\"espace\",\"Industrie a\u00e9ronautique\",\"Industrie spatiale\",\"Prix de th\u00e8se\",\"th\u00e8se de doctorat\"],\"articleSection\":[\"Actualit\u00e9s du r\u00e9seau\"],\"inLanguage\":\"en-GB\",\"potentialAction\":[{\"@type\":\"CommentAction\",\"name\":\"Comment\",\"target\":[\"https:\\\/\\\/ecodef-ihedn.fr\\\/prix-de-these-de-droit-economie-et-sociologie-du-transport-aerien-et-spatial-2019\\\/#respond\"]}]},{\"@type\":\"WebPage\",\"@id\":\"https:\\\/\\\/ecodef-ihedn.fr\\\/prix-de-these-de-droit-economie-et-sociologie-du-transport-aerien-et-spatial-2019\\\/\",\"url\":\"https:\\\/\\\/ecodef-ihedn.fr\\\/prix-de-these-de-droit-economie-et-sociologie-du-transport-aerien-et-spatial-2019\\\/\",\"name\":\"Prix de th\u00e8se de droit, \u00e9conomie et sociologie du transport a\u00e9rien et spatial 2019 - Chaire \u00c9conomie de d\u00e9fense - IHEDN\",\"isPartOf\":{\"@id\":\"https:\\\/\\\/ecodef-ihedn.fr\\\/#website\"},\"primaryImageOfPage\":{\"@id\":\"https:\\\/\\\/ecodef-ihedn.fr\\\/prix-de-these-de-droit-economie-et-sociologie-du-transport-aerien-et-spatial-2019\\\/#primaryimage\"},\"image\":{\"@id\":\"https:\\\/\\\/ecodef-ihedn.fr\\\/prix-de-these-de-droit-economie-et-sociologie-du-transport-aerien-et-spatial-2019\\\/#primaryimage\"},\"thumbnailUrl\":\"https:\\\/\\\/ecodef-ihedn.fr\\\/wp-content\\\/uploads\\\/2020\\\/04\\\/academie_air_espace_2.jpg\",\"datePublished\":\"2018-12-03T00:00:00+00:00\",\"dateModified\":\"2020-04-10T08:34:18+00:00\",\"breadcrumb\":{\"@id\":\"https:\\\/\\\/ecodef-ihedn.fr\\\/prix-de-these-de-droit-economie-et-sociologie-du-transport-aerien-et-spatial-2019\\\/#breadcrumb\"},\"inLanguage\":\"en-GB\",\"potentialAction\":[{\"@type\":\"ReadAction\",\"target\":[\"https:\\\/\\\/ecodef-ihedn.fr\\\/prix-de-these-de-droit-economie-et-sociologie-du-transport-aerien-et-spatial-2019\\\/\"]}]},{\"@type\":\"ImageObject\",\"inLanguage\":\"en-GB\",\"@id\":\"https:\\\/\\\/ecodef-ihedn.fr\\\/prix-de-these-de-droit-economie-et-sociologie-du-transport-aerien-et-spatial-2019\\\/#primaryimage\",\"url\":\"https:\\\/\\\/ecodef-ihedn.fr\\\/wp-content\\\/uploads\\\/2020\\\/04\\\/academie_air_espace_2.jpg\",\"contentUrl\":\"https:\\\/\\\/ecodef-ihedn.fr\\\/wp-content\\\/uploads\\\/2020\\\/04\\\/academie_air_espace_2.jpg\",\"width\":1621,\"height\":1258},{\"@type\":\"BreadcrumbList\",\"@id\":\"https:\\\/\\\/ecodef-ihedn.fr\\\/prix-de-these-de-droit-economie-et-sociologie-du-transport-aerien-et-spatial-2019\\\/#breadcrumb\",\"itemListElement\":[{\"@type\":\"ListItem\",\"position\":1,\"name\":\"Accueil\",\"item\":\"https:\\\/\\\/ecodef-ihedn.fr\\\/\"},{\"@type\":\"ListItem\",\"position\":2,\"name\":\"Prix de th\u00e8se de droit, \u00e9conomie et sociologie du transport a\u00e9rien et spatial 2019\"}]},{\"@type\":\"WebSite\",\"@id\":\"https:\\\/\\\/ecodef-ihedn.fr\\\/#website\",\"url\":\"https:\\\/\\\/ecodef-ihedn.fr\\\/\",\"name\":\"Chaire \u00c9conomie de D\u00e9fense - IHEDN\",\"description\":\"Produire &amp; soutenir, f\u00e9d\u00e9rer &amp; diffuser, \u00eatre une interface\",\"publisher\":{\"@id\":\"https:\\\/\\\/ecodef-ihedn.fr\\\/#organization\"},\"potentialAction\":[{\"@type\":\"SearchAction\",\"target\":{\"@type\":\"EntryPoint\",\"urlTemplate\":\"https:\\\/\\\/ecodef-ihedn.fr\\\/?s={search_term_string}\"},\"query-input\":{\"@type\":\"PropertyValueSpecification\",\"valueRequired\":true,\"valueName\":\"search_term_string\"}}],\"inLanguage\":\"en-GB\"},{\"@type\":\"Organization\",\"@id\":\"https:\\\/\\\/ecodef-ihedn.fr\\\/#organization\",\"name\":\"Chaire \u00c9conomie de d\u00e9fense - IHEDN\",\"url\":\"https:\\\/\\\/ecodef-ihedn.fr\\\/\",\"logo\":{\"@type\":\"ImageObject\",\"inLanguage\":\"en-GB\",\"@id\":\"https:\\\/\\\/ecodef-ihedn.fr\\\/#\\\/schema\\\/logo\\\/image\\\/\",\"url\":\"https:\\\/\\\/ecodef-ihedn.fr\\\/wp-content\\\/uploads\\\/2020\\\/04\\\/logoEcodef9.jpg\",\"contentUrl\":\"https:\\\/\\\/ecodef-ihedn.fr\\\/wp-content\\\/uploads\\\/2020\\\/04\\\/logoEcodef9.jpg\",\"width\":410,\"height\":212,\"caption\":\"Chaire \u00c9conomie de d\u00e9fense - IHEDN\"},\"image\":{\"@id\":\"https:\\\/\\\/ecodef-ihedn.fr\\\/#\\\/schema\\\/logo\\\/image\\\/\"},\"sameAs\":[\"https:\\\/\\\/x.com\\\/Chaire_Ecodef\",\"https:\\\/\\\/www.linkedin.com\\\/company\\\/chaire-ecodef-ihedn\\\/\"]},{\"@type\":\"Person\",\"@id\":\"https:\\\/\\\/ecodef-ihedn.fr\\\/#\\\/schema\\\/person\\\/7b3f1a2d8fd336e0be2f9ff63ff0ebbc\",\"name\":\"dev\",\"image\":{\"@type\":\"ImageObject\",\"inLanguage\":\"en-GB\",\"@id\":\"https:\\\/\\\/secure.gravatar.com\\\/avatar\\\/f1ffcac9ca2fa95ad3ec33e9be3ade82f752acb0cabe541e56c5889225afa88a?s=96&d=mm&r=g\",\"url\":\"https:\\\/\\\/secure.gravatar.com\\\/avatar\\\/f1ffcac9ca2fa95ad3ec33e9be3ade82f752acb0cabe541e56c5889225afa88a?s=96&d=mm&r=g\",\"contentUrl\":\"https:\\\/\\\/secure.gravatar.com\\\/avatar\\\/f1ffcac9ca2fa95ad3ec33e9be3ade82f752acb0cabe541e56c5889225afa88a?s=96&d=mm&r=g\",\"caption\":\"dev\"},\"url\":\"https:\\\/\\\/ecodef-ihedn.fr\\\/en\\\/author\\\/dev\\\/\"}]}<\/script>\n<!-- \/ Yoast SEO plugin. -->","yoast_head_json":{"title":"Prix de th\u00e8se de droit, \u00e9conomie et sociologie du transport a\u00e9rien et spatial 2019 - Chaire \u00c9conomie de d\u00e9fense - IHEDN","robots":{"index":"index","follow":"follow","max-snippet":"max-snippet:-1","max-image-preview":"max-image-preview:large","max-video-preview":"max-video-preview:-1"},"canonical":"https:\/\/ecodef-ihedn.fr\/en\/prix-de-these-de-droit-economie-et-sociologie-du-transport-aerien-et-spatial-2019\/","og_locale":"en_GB","og_type":"article","og_title":"Prix de th\u00e8se de droit, \u00e9conomie et sociologie du transport a\u00e9rien et spatial 2019 - Chaire \u00c9conomie de d\u00e9fense - IHEDN","og_description":"L&rsquo;Acad\u00e9mie de l&rsquo;air et de l&rsquo;espace d\u00e9cernera en 2019 son Prix de th\u00e8se de droit, \u00e9conomie et sociologie du transport a\u00e9rien et spatial (information in english). Ce Prix est attribu\u00e9 \u00e0 une th\u00e8se de doctorat soutenue en langue fran\u00e7aise ou anglaise dans une universit\u00e9 europ\u00e9enne au cours des trois ann\u00e9es pr\u00e9c\u00e9dant la date limite de [&hellip;]","og_url":"https:\/\/ecodef-ihedn.fr\/en\/prix-de-these-de-droit-economie-et-sociologie-du-transport-aerien-et-spatial-2019\/","og_site_name":"Chaire \u00c9conomie de d\u00e9fense - IHEDN","article_published_time":"2018-12-03T00:00:00+00:00","article_modified_time":"2020-04-10T08:34:18+00:00","og_image":[{"width":1621,"height":1258,"url":"https:\/\/ecodef-ihedn.fr\/wp-content\/uploads\/2020\/04\/academie_air_espace_2.jpg","type":"image\/jpeg"}],"author":"dev","twitter_card":"summary_large_image","twitter_creator":"@Chaire_Ecodef","twitter_site":"@Chaire_Ecodef","twitter_misc":{"Written by":"dev","Estimated reading time":"1 minute"},"schema":{"@context":"https:\/\/schema.org","@graph":[{"@type":"Article","@id":"https:\/\/ecodef-ihedn.fr\/prix-de-these-de-droit-economie-et-sociologie-du-transport-aerien-et-spatial-2019\/#article","isPartOf":{"@id":"https:\/\/ecodef-ihedn.fr\/prix-de-these-de-droit-economie-et-sociologie-du-transport-aerien-et-spatial-2019\/"},"author":{"name":"dev","@id":"https:\/\/ecodef-ihedn.fr\/#\/schema\/person\/7b3f1a2d8fd336e0be2f9ff63ff0ebbc"},"headline":"Prix de th\u00e8se de droit, \u00e9conomie et sociologie du transport a\u00e9rien et spatial 2019","datePublished":"2018-12-03T00:00:00+00:00","dateModified":"2020-04-10T08:34:18+00:00","mainEntityOfPage":{"@id":"https:\/\/ecodef-ihedn.fr\/prix-de-these-de-droit-economie-et-sociologie-du-transport-aerien-et-spatial-2019\/"},"wordCount":160,"commentCount":0,"publisher":{"@id":"https:\/\/ecodef-ihedn.fr\/#organization"},"image":{"@id":"https:\/\/ecodef-ihedn.fr\/prix-de-these-de-droit-economie-et-sociologie-du-transport-aerien-et-spatial-2019\/#primaryimage"},"thumbnailUrl":"https:\/\/ecodef-ihedn.fr\/wp-content\/uploads\/2020\/04\/academie_air_espace_2.jpg","keywords":["acad\u00e9mie de l'air et de l'espace","\u00e9conomie de d\u00e9fense","espace","Industrie a\u00e9ronautique","Industrie spatiale","Prix de th\u00e8se","th\u00e8se de doctorat"],"articleSection":["Actualit\u00e9s du r\u00e9seau"],"inLanguage":"en-GB","potentialAction":[{"@type":"CommentAction","name":"Comment","target":["https:\/\/ecodef-ihedn.fr\/prix-de-these-de-droit-economie-et-sociologie-du-transport-aerien-et-spatial-2019\/#respond"]}]},{"@type":"WebPage","@id":"https:\/\/ecodef-ihedn.fr\/prix-de-these-de-droit-economie-et-sociologie-du-transport-aerien-et-spatial-2019\/","url":"https:\/\/ecodef-ihedn.fr\/prix-de-these-de-droit-economie-et-sociologie-du-transport-aerien-et-spatial-2019\/","name":"Prix de th\u00e8se de droit, \u00e9conomie et sociologie du transport a\u00e9rien et spatial 2019 - Chaire \u00c9conomie de d\u00e9fense - IHEDN","isPartOf":{"@id":"https:\/\/ecodef-ihedn.fr\/#website"},"primaryImageOfPage":{"@id":"https:\/\/ecodef-ihedn.fr\/prix-de-these-de-droit-economie-et-sociologie-du-transport-aerien-et-spatial-2019\/#primaryimage"},"image":{"@id":"https:\/\/ecodef-ihedn.fr\/prix-de-these-de-droit-economie-et-sociologie-du-transport-aerien-et-spatial-2019\/#primaryimage"},"thumbnailUrl":"https:\/\/ecodef-ihedn.fr\/wp-content\/uploads\/2020\/04\/academie_air_espace_2.jpg","datePublished":"2018-12-03T00:00:00+00:00","dateModified":"2020-04-10T08:34:18+00:00","breadcrumb":{"@id":"https:\/\/ecodef-ihedn.fr\/prix-de-these-de-droit-economie-et-sociologie-du-transport-aerien-et-spatial-2019\/#breadcrumb"},"inLanguage":"en-GB","potentialAction":[{"@type":"ReadAction","target":["https:\/\/ecodef-ihedn.fr\/prix-de-these-de-droit-economie-et-sociologie-du-transport-aerien-et-spatial-2019\/"]}]},{"@type":"ImageObject","inLanguage":"en-GB","@id":"https:\/\/ecodef-ihedn.fr\/prix-de-these-de-droit-economie-et-sociologie-du-transport-aerien-et-spatial-2019\/#primaryimage","url":"https:\/\/ecodef-ihedn.fr\/wp-content\/uploads\/2020\/04\/academie_air_espace_2.jpg","contentUrl":"https:\/\/ecodef-ihedn.fr\/wp-content\/uploads\/2020\/04\/academie_air_espace_2.jpg","width":1621,"height":1258},{"@type":"BreadcrumbList","@id":"https:\/\/ecodef-ihedn.fr\/prix-de-these-de-droit-economie-et-sociologie-du-transport-aerien-et-spatial-2019\/#breadcrumb","itemListElement":[{"@type":"ListItem","position":1,"name":"Accueil","item":"https:\/\/ecodef-ihedn.fr\/"},{"@type":"ListItem","position":2,"name":"Prix de th\u00e8se de droit, \u00e9conomie et sociologie du transport a\u00e9rien et spatial 2019"}]},{"@type":"WebSite","@id":"https:\/\/ecodef-ihedn.fr\/#website","url":"https:\/\/ecodef-ihedn.fr\/","name":"Chair in Defence Economics - IHEDN","description":"Produce &amp; support, federate &amp; disseminate, act as an interface","publisher":{"@id":"https:\/\/ecodef-ihedn.fr\/#organization"},"potentialAction":[{"@type":"SearchAction","target":{"@type":"EntryPoint","urlTemplate":"https:\/\/ecodef-ihedn.fr\/?s={search_term_string}"},"query-input":{"@type":"PropertyValueSpecification","valueRequired":true,"valueName":"search_term_string"}}],"inLanguage":"en-GB"},{"@type":"Organization","@id":"https:\/\/ecodef-ihedn.fr\/#organization","name":"Chair in Defence Economics - IHEDN","url":"https:\/\/ecodef-ihedn.fr\/","logo":{"@type":"ImageObject","inLanguage":"en-GB","@id":"https:\/\/ecodef-ihedn.fr\/#\/schema\/logo\/image\/","url":"https:\/\/ecodef-ihedn.fr\/wp-content\/uploads\/2020\/04\/logoEcodef9.jpg","contentUrl":"https:\/\/ecodef-ihedn.fr\/wp-content\/uploads\/2020\/04\/logoEcodef9.jpg","width":410,"height":212,"caption":"Chaire \u00c9conomie de d\u00e9fense - IHEDN"},"image":{"@id":"https:\/\/ecodef-ihedn.fr\/#\/schema\/logo\/image\/"},"sameAs":["https:\/\/x.com\/Chaire_Ecodef","https:\/\/www.linkedin.com\/company\/chaire-ecodef-ihedn\/"]},{"@type":"Person","@id":"https:\/\/ecodef-ihedn.fr\/#\/schema\/person\/7b3f1a2d8fd336e0be2f9ff63ff0ebbc","name":"dev","image":{"@type":"ImageObject","inLanguage":"en-GB","@id":"https:\/\/secure.gravatar.com\/avatar\/f1ffcac9ca2fa95ad3ec33e9be3ade82f752acb0cabe541e56c5889225afa88a?s=96&d=mm&r=g","url":"https:\/\/secure.gravatar.com\/avatar\/f1ffcac9ca2fa95ad3ec33e9be3ade82f752acb0cabe541e56c5889225afa88a?s=96&d=mm&r=g","contentUrl":"https:\/\/secure.gravatar.com\/avatar\/f1ffcac9ca2fa95ad3ec33e9be3ade82f752acb0cabe541e56c5889225afa88a?s=96&d=mm&r=g","caption":"dev"},"url":"https:\/\/ecodef-ihedn.fr\/en\/author\/dev\/"}]}},"_links":{"self":[{"href":"https:\/\/ecodef-ihedn.fr\/en\/wp-json\/wp\/v2\/posts\/1113","targetHints":{"allow":["GET"]}}],"collection":[{"href":"https:\/\/ecodef-ihedn.fr\/en\/wp-json\/wp\/v2\/posts"}],"about":[{"href":"https:\/\/ecodef-ihedn.fr\/en\/wp-json\/wp\/v2\/types\/post"}],"author":[{"embeddable":true,"href":"https:\/\/ecodef-ihedn.fr\/en\/wp-json\/wp\/v2\/users\/1"}],"replies":[{"embeddable":true,"href":"https:\/\/ecodef-ihedn.fr\/en\/wp-json\/wp\/v2\/comments?post=1113"}],"version-history":[{"count":2,"href":"https:\/\/ecodef-ihedn.fr\/en\/wp-json\/wp\/v2\/posts\/1113\/revisions"}],"predecessor-version":[{"id":1478,"href":"https:\/\/ecodef-ihedn.fr\/en\/wp-json\/wp\/v2\/posts\/1113\/revisions\/1478"}],"wp:featuredmedia":[{"embeddable":true,"href":"https:\/\/ecodef-ihedn.fr\/en\/wp-json\/wp\/v2\/media\/1114"}],"wp:attachment":[{"href":"https:\/\/ecodef-ihedn.fr\/en\/wp-json\/wp\/v2\/media?parent=1113"}],"wp:term":[{"taxonomy":"category","embeddable":true,"href":"https:\/\/ecodef-ihedn.fr\/en\/wp-json\/wp\/v2\/categories?post=1113"},{"taxonomy":"post_tag","embeddable":true,"href":"https:\/\/ecodef-ihedn.fr\/en\/wp-json\/wp\/v2\/tags?post=1113"}],"curies":[{"name":"wp","href":"https:\/\/api.w.org\/{rel}","templated":true}]}}