{"id":1115,"date":"2018-12-10T00:00:00","date_gmt":"2018-12-10T00:00:00","guid":{"rendered":"https:\/\/ecodef-ihedn.fr\/retour-sur-lintervention-de-julien-malizard-au-colloque-annuel-de-laeges-5-6-decembre-2018-lille\/"},"modified":"2020-04-09T11:33:23","modified_gmt":"2020-04-09T11:33:23","slug":"retour-sur-lintervention-de-julien-malizard-au-colloque-annuel-de-laeges-5-6-decembre-2018-lille","status":"publish","type":"post","link":"https:\/\/ecodef-ihedn.fr\/en\/retour-sur-lintervention-de-julien-malizard-au-colloque-annuel-de-laeges-5-6-decembre-2018-lille\/","title":{"rendered":"A look back at Julien Malizard's speech at the AEGES Annual Conference, 5-6 December 2018, Lille"},"content":{"rendered":"<p><a rel=\"noreferrer noopener\" href=\"https:\/\/www.researchgate.net\/profile\/Julien_Malizard\" target=\"_blank\"><strong>Julien Malizard<\/strong><\/a>, a researcher at the Chair of Defence Economics, spoke at the AEGES conference on Wednesday 5 December at the <strong>AEGES annual conference <\/strong>(Association for the Study of War and Strategy) which was held on<strong> 5 and 6 December 2018<\/strong>, on the grounds of the\u2019<a rel=\"noreferrer noopener\" href=\"http:\/\/www.univ-catholille.fr\/\" target=\"_blank\"><strong>Catholic University of Lille<\/strong><\/a>. The theme of this year's conference was:<strong> \u00ab\u00a0<a href=\"http:\/\/www.aeges.fr\/2018\/11\/13\/programme-colloque-annuel-2018-gagner-guerre-gagner-paix\/\">Winning the war or winning the peace?<\/a>\u00ab\u00a0<\/strong>.<\/p>\n\n\n\n<p>Julien Malizard took part in the panel <strong>\u00ab\u00a0<\/strong><em><strong>Seeking funding to support strategic research<\/strong><\/em><strong>\u00ab\u00a0<\/strong>, hosted by <a rel=\"noreferrer noopener\" href=\"https:\/\/www.iiss.org\/people\/defence-and-military-analysis\/lucie-beraud-sudreau\" target=\"_blank\"><strong>Lucie B\u00e9raud-Sudreau<\/strong><\/a> (IISS) with speakers including <a rel=\"noreferrer noopener\" href=\"http:\/\/www.iris-france.org\/chercheurs\/jean-pierre-maulny\/\" target=\"_blank\"><strong>Jean-Pierre Maulny<\/strong><\/a> (IRIS) and <a rel=\"noreferrer noopener\" href=\"https:\/\/www.grip.org\/fr\/node\/2604\" target=\"_blank\"><strong>Matthieu Damian<\/strong> <\/a>(GRIP).<\/p>\n\n\n\n<p style=\"text-align:left\">This panel was an opportunity to present the <strong>funding strategic research outside the academic circuit<\/strong>. Julien Malizard studied <strong>the Defence Economics Chair model<\/strong> its method of financing linked to the <strong><a href=\"https:\/\/economie-defense.fr\/partenaires\/\">industrial sponsorship<\/a><\/strong> defence,<strong> its activities <\/strong>than a traditional research centre, and the desire to serve a wider public. <strong>a more general understanding of defence issues<\/strong> than the traditional readership of peer-reviewed journals.   <\/p>\n\n\n\n<p>For more information on AEGES <strong><a rel=\"noreferrer noopener\" aria-label=\"For more information on AEGES click here. (opens in a new tab)\" href=\"http:\/\/www.aeges.fr\/\" target=\"_blank\">click here<\/a><\/strong><a rel=\"noreferrer noopener\" aria-label=\"For more information on AEGES click here. (opens in a new tab)\" href=\"http:\/\/www.aeges.fr\/\" target=\"_blank\">i<\/a>.<\/p>\n\n\n\n<div class=\"wp-block-image\"><figure class=\"aligncenter is-resized\"><img loading=\"lazy\" decoding=\"async\" src=\"https:\/\/ecodef-ihedn.fr\/wp-content\/uploads\/2020\/04\/jm_aeges-1024x768.png\" alt=\"\" class=\"wp-image-6678\" width=\"442\" height=\"332\" \/><figcaption><br>Panel <strong>\u00ab\u00a0<\/strong>Seeking funding to support strategic research\u00bb,<br>AEGES conference, 5-6 December 2018, Lille<\/figcaption><\/figure><\/div>\n\n\n\n<div class=\"wp-block-image\"><figure class=\"aligncenter\"><img decoding=\"async\" src=\"https:\/\/ecodef-ihedn.fr\/wp-content\/uploads\/2020\/04\/cropped-LogoAegesWeb-e1478815219994.jpg\" alt=\"Aeges\" \/><\/figure><\/div>","protected":false},"excerpt":{"rendered":"<p>Julien Malizard, chercheur \u00e0 la chaire \u00c9conomie de D\u00e9fense, est intervenu au colloque de l&rsquo;AEGES, mercredi 5 d\u00e9cembre, au colloque annuel de l&rsquo;AEGES (Association pour les \u00c9tudes sur la Guerre et la Strat\u00e9gie) qui s&rsquo;est tenu les 5 et 6 d\u00e9cembre 2018, dans l&rsquo;enceinte de l&rsquo;Universit\u00e9 Catholique de Lille. Cette ann\u00e9e le colloque avait pour [&hellip;]<\/p>\n","protected":false},"author":1,"featured_media":1116,"comment_status":"open","ping_status":"open","sticky":false,"template":"","format":"standard","meta":{"footnotes":""},"categories":[356],"tags":[227,162,74,240,241,242],"class_list":{"0":"post-1115","1":"post","2":"type-post","3":"status-publish","4":"format-standard","5":"has-post-thumbnail","7":"category-activites-participation-de-la-chaire-a-un-evenement","8":"tag-aeges","9":"tag-chaire-economie-de-defense","10":"tag-financement","11":"tag-financement-de-la-recherche","12":"tag-intervention","13":"tag-mecenat"},"yoast_head":"<!-- This site is optimized with the Yoast SEO plugin v27.4 - https:\/\/yoast.com\/product\/yoast-seo-wordpress\/ -->\n<title>Retour sur l&#039;intervention de Julien Malizard au Colloque annuel de l&#039;AEGES, 5-6 d\u00e9cembre 2018, Lille - Chaire \u00c9conomie de d\u00e9fense - IHEDN<\/title>\n<meta name=\"robots\" content=\"index, follow, max-snippet:-1, max-image-preview:large, max-video-preview:-1\" \/>\n<link rel=\"canonical\" href=\"https:\/\/ecodef-ihedn.fr\/en\/retour-sur-lintervention-de-julien-malizard-au-colloque-annuel-de-laeges-5-6-decembre-2018-lille\/\" \/>\n<meta property=\"og:locale\" content=\"en_GB\" \/>\n<meta property=\"og:type\" content=\"article\" \/>\n<meta property=\"og:title\" content=\"Retour sur l&#039;intervention de Julien Malizard au Colloque annuel de l&#039;AEGES, 5-6 d\u00e9cembre 2018, Lille - Chaire \u00c9conomie de d\u00e9fense - IHEDN\" \/>\n<meta property=\"og:description\" content=\"Julien Malizard, chercheur \u00e0 la chaire \u00c9conomie de D\u00e9fense, est intervenu au colloque de l&rsquo;AEGES, mercredi 5 d\u00e9cembre, au colloque annuel de l&rsquo;AEGES (Association pour les \u00c9tudes sur la Guerre et la Strat\u00e9gie) qui s&rsquo;est tenu les 5 et 6 d\u00e9cembre 2018, dans l&rsquo;enceinte de l&rsquo;Universit\u00e9 Catholique de Lille. Cette ann\u00e9e le colloque avait pour [&hellip;]\" \/>\n<meta property=\"og:url\" content=\"https:\/\/ecodef-ihedn.fr\/en\/retour-sur-lintervention-de-julien-malizard-au-colloque-annuel-de-laeges-5-6-decembre-2018-lille\/\" \/>\n<meta property=\"og:site_name\" content=\"Chaire \u00c9conomie de d\u00e9fense - IHEDN\" \/>\n<meta property=\"article:published_time\" content=\"2018-12-10T00:00:00+00:00\" \/>\n<meta property=\"article:modified_time\" content=\"2020-04-09T11:33:23+00:00\" \/>\n<meta property=\"og:image\" content=\"https:\/\/ecodef-ihedn.fr\/wp-content\/uploads\/2020\/04\/jm_aeges-1024x768.png\" \/>\n\t<meta property=\"og:image:width\" content=\"1024\" \/>\n\t<meta property=\"og:image:height\" content=\"768\" \/>\n\t<meta property=\"og:image:type\" content=\"image\/png\" \/>\n<meta name=\"author\" content=\"dev\" \/>\n<meta name=\"twitter:card\" content=\"summary_large_image\" \/>\n<meta name=\"twitter:creator\" content=\"@Chaire_Ecodef\" \/>\n<meta name=\"twitter:site\" content=\"@Chaire_Ecodef\" \/>\n<meta name=\"twitter:label1\" content=\"Written by\" \/>\n\t<meta name=\"twitter:data1\" content=\"dev\" \/>\n\t<meta name=\"twitter:label2\" content=\"Estimated reading time\" \/>\n\t<meta name=\"twitter:data2\" content=\"1 minute\" \/>\n<script type=\"application\/ld+json\" class=\"yoast-schema-graph\">{\"@context\":\"https:\\\/\\\/schema.org\",\"@graph\":[{\"@type\":\"Article\",\"@id\":\"https:\\\/\\\/ecodef-ihedn.fr\\\/retour-sur-lintervention-de-julien-malizard-au-colloque-annuel-de-laeges-5-6-decembre-2018-lille\\\/#article\",\"isPartOf\":{\"@id\":\"https:\\\/\\\/ecodef-ihedn.fr\\\/retour-sur-lintervention-de-julien-malizard-au-colloque-annuel-de-laeges-5-6-decembre-2018-lille\\\/\"},\"author\":{\"name\":\"dev\",\"@id\":\"https:\\\/\\\/ecodef-ihedn.fr\\\/#\\\/schema\\\/person\\\/7b3f1a2d8fd336e0be2f9ff63ff0ebbc\"},\"headline\":\"Retour sur l&rsquo;intervention de Julien Malizard au Colloque annuel de l&rsquo;AEGES, 5-6 d\u00e9cembre 2018, Lille\",\"datePublished\":\"2018-12-10T00:00:00+00:00\",\"dateModified\":\"2020-04-09T11:33:23+00:00\",\"mainEntityOfPage\":{\"@id\":\"https:\\\/\\\/ecodef-ihedn.fr\\\/retour-sur-lintervention-de-julien-malizard-au-colloque-annuel-de-laeges-5-6-decembre-2018-lille\\\/\"},\"wordCount\":236,\"commentCount\":0,\"publisher\":{\"@id\":\"https:\\\/\\\/ecodef-ihedn.fr\\\/#organization\"},\"image\":{\"@id\":\"https:\\\/\\\/ecodef-ihedn.fr\\\/retour-sur-lintervention-de-julien-malizard-au-colloque-annuel-de-laeges-5-6-decembre-2018-lille\\\/#primaryimage\"},\"thumbnailUrl\":\"https:\\\/\\\/ecodef-ihedn.fr\\\/wp-content\\\/uploads\\\/2020\\\/04\\\/jm_aeges.png\",\"keywords\":[\"AEGES\",\"chaire \u00e9conomie de d\u00e9fense\",\"financement\",\"Financement de la recherche\",\"Intervention\",\"M\u00e9c\u00e9nat\"],\"articleSection\":[\"Activit\u00e9s : participation de la Chaire \u00e0 un \u00e9v\u00e9nement\"],\"inLanguage\":\"en-GB\",\"potentialAction\":[{\"@type\":\"CommentAction\",\"name\":\"Comment\",\"target\":[\"https:\\\/\\\/ecodef-ihedn.fr\\\/retour-sur-lintervention-de-julien-malizard-au-colloque-annuel-de-laeges-5-6-decembre-2018-lille\\\/#respond\"]}]},{\"@type\":\"WebPage\",\"@id\":\"https:\\\/\\\/ecodef-ihedn.fr\\\/retour-sur-lintervention-de-julien-malizard-au-colloque-annuel-de-laeges-5-6-decembre-2018-lille\\\/\",\"url\":\"https:\\\/\\\/ecodef-ihedn.fr\\\/retour-sur-lintervention-de-julien-malizard-au-colloque-annuel-de-laeges-5-6-decembre-2018-lille\\\/\",\"name\":\"Retour sur l'intervention de Julien Malizard au Colloque annuel de l'AEGES, 5-6 d\u00e9cembre 2018, Lille - Chaire \u00c9conomie de d\u00e9fense - IHEDN\",\"isPartOf\":{\"@id\":\"https:\\\/\\\/ecodef-ihedn.fr\\\/#website\"},\"primaryImageOfPage\":{\"@id\":\"https:\\\/\\\/ecodef-ihedn.fr\\\/retour-sur-lintervention-de-julien-malizard-au-colloque-annuel-de-laeges-5-6-decembre-2018-lille\\\/#primaryimage\"},\"image\":{\"@id\":\"https:\\\/\\\/ecodef-ihedn.fr\\\/retour-sur-lintervention-de-julien-malizard-au-colloque-annuel-de-laeges-5-6-decembre-2018-lille\\\/#primaryimage\"},\"thumbnailUrl\":\"https:\\\/\\\/ecodef-ihedn.fr\\\/wp-content\\\/uploads\\\/2020\\\/04\\\/jm_aeges.png\",\"datePublished\":\"2018-12-10T00:00:00+00:00\",\"dateModified\":\"2020-04-09T11:33:23+00:00\",\"breadcrumb\":{\"@id\":\"https:\\\/\\\/ecodef-ihedn.fr\\\/retour-sur-lintervention-de-julien-malizard-au-colloque-annuel-de-laeges-5-6-decembre-2018-lille\\\/#breadcrumb\"},\"inLanguage\":\"en-GB\",\"potentialAction\":[{\"@type\":\"ReadAction\",\"target\":[\"https:\\\/\\\/ecodef-ihedn.fr\\\/retour-sur-lintervention-de-julien-malizard-au-colloque-annuel-de-laeges-5-6-decembre-2018-lille\\\/\"]}]},{\"@type\":\"ImageObject\",\"inLanguage\":\"en-GB\",\"@id\":\"https:\\\/\\\/ecodef-ihedn.fr\\\/retour-sur-lintervention-de-julien-malizard-au-colloque-annuel-de-laeges-5-6-decembre-2018-lille\\\/#primaryimage\",\"url\":\"https:\\\/\\\/ecodef-ihedn.fr\\\/wp-content\\\/uploads\\\/2020\\\/04\\\/jm_aeges.png\",\"contentUrl\":\"https:\\\/\\\/ecodef-ihedn.fr\\\/wp-content\\\/uploads\\\/2020\\\/04\\\/jm_aeges.png\",\"width\":2048,\"height\":1536},{\"@type\":\"BreadcrumbList\",\"@id\":\"https:\\\/\\\/ecodef-ihedn.fr\\\/retour-sur-lintervention-de-julien-malizard-au-colloque-annuel-de-laeges-5-6-decembre-2018-lille\\\/#breadcrumb\",\"itemListElement\":[{\"@type\":\"ListItem\",\"position\":1,\"name\":\"Accueil\",\"item\":\"https:\\\/\\\/ecodef-ihedn.fr\\\/\"},{\"@type\":\"ListItem\",\"position\":2,\"name\":\"Retour sur l&#8217;intervention de Julien Malizard au Colloque annuel de l&#8217;AEGES, 5-6 d\u00e9cembre 2018, Lille\"}]},{\"@type\":\"WebSite\",\"@id\":\"https:\\\/\\\/ecodef-ihedn.fr\\\/#website\",\"url\":\"https:\\\/\\\/ecodef-ihedn.fr\\\/\",\"name\":\"Chaire \u00c9conomie de D\u00e9fense - IHEDN\",\"description\":\"Produire &amp; soutenir, f\u00e9d\u00e9rer &amp; diffuser, \u00eatre une interface\",\"publisher\":{\"@id\":\"https:\\\/\\\/ecodef-ihedn.fr\\\/#organization\"},\"potentialAction\":[{\"@type\":\"SearchAction\",\"target\":{\"@type\":\"EntryPoint\",\"urlTemplate\":\"https:\\\/\\\/ecodef-ihedn.fr\\\/?s={search_term_string}\"},\"query-input\":{\"@type\":\"PropertyValueSpecification\",\"valueRequired\":true,\"valueName\":\"search_term_string\"}}],\"inLanguage\":\"en-GB\"},{\"@type\":\"Organization\",\"@id\":\"https:\\\/\\\/ecodef-ihedn.fr\\\/#organization\",\"name\":\"Chaire \u00c9conomie de d\u00e9fense - IHEDN\",\"url\":\"https:\\\/\\\/ecodef-ihedn.fr\\\/\",\"logo\":{\"@type\":\"ImageObject\",\"inLanguage\":\"en-GB\",\"@id\":\"https:\\\/\\\/ecodef-ihedn.fr\\\/#\\\/schema\\\/logo\\\/image\\\/\",\"url\":\"https:\\\/\\\/ecodef-ihedn.fr\\\/wp-content\\\/uploads\\\/2020\\\/04\\\/logoEcodef9.jpg\",\"contentUrl\":\"https:\\\/\\\/ecodef-ihedn.fr\\\/wp-content\\\/uploads\\\/2020\\\/04\\\/logoEcodef9.jpg\",\"width\":410,\"height\":212,\"caption\":\"Chaire \u00c9conomie de d\u00e9fense - IHEDN\"},\"image\":{\"@id\":\"https:\\\/\\\/ecodef-ihedn.fr\\\/#\\\/schema\\\/logo\\\/image\\\/\"},\"sameAs\":[\"https:\\\/\\\/x.com\\\/Chaire_Ecodef\",\"https:\\\/\\\/www.linkedin.com\\\/company\\\/chaire-ecodef-ihedn\\\/\"]},{\"@type\":\"Person\",\"@id\":\"https:\\\/\\\/ecodef-ihedn.fr\\\/#\\\/schema\\\/person\\\/7b3f1a2d8fd336e0be2f9ff63ff0ebbc\",\"name\":\"dev\",\"image\":{\"@type\":\"ImageObject\",\"inLanguage\":\"en-GB\",\"@id\":\"https:\\\/\\\/secure.gravatar.com\\\/avatar\\\/f1ffcac9ca2fa95ad3ec33e9be3ade82f752acb0cabe541e56c5889225afa88a?s=96&d=mm&r=g\",\"url\":\"https:\\\/\\\/secure.gravatar.com\\\/avatar\\\/f1ffcac9ca2fa95ad3ec33e9be3ade82f752acb0cabe541e56c5889225afa88a?s=96&d=mm&r=g\",\"contentUrl\":\"https:\\\/\\\/secure.gravatar.com\\\/avatar\\\/f1ffcac9ca2fa95ad3ec33e9be3ade82f752acb0cabe541e56c5889225afa88a?s=96&d=mm&r=g\",\"caption\":\"dev\"},\"url\":\"https:\\\/\\\/ecodef-ihedn.fr\\\/en\\\/author\\\/dev\\\/\"}]}<\/script>\n<!-- \/ Yoast SEO plugin. -->","yoast_head_json":{"title":"Retour sur l'intervention de Julien Malizard au Colloque annuel de l'AEGES, 5-6 d\u00e9cembre 2018, Lille - Chaire \u00c9conomie de d\u00e9fense - IHEDN","robots":{"index":"index","follow":"follow","max-snippet":"max-snippet:-1","max-image-preview":"max-image-preview:large","max-video-preview":"max-video-preview:-1"},"canonical":"https:\/\/ecodef-ihedn.fr\/en\/retour-sur-lintervention-de-julien-malizard-au-colloque-annuel-de-laeges-5-6-decembre-2018-lille\/","og_locale":"en_GB","og_type":"article","og_title":"Retour sur l'intervention de Julien Malizard au Colloque annuel de l'AEGES, 5-6 d\u00e9cembre 2018, Lille - Chaire \u00c9conomie de d\u00e9fense - IHEDN","og_description":"Julien Malizard, chercheur \u00e0 la chaire \u00c9conomie de D\u00e9fense, est intervenu au colloque de l&rsquo;AEGES, mercredi 5 d\u00e9cembre, au colloque annuel de l&rsquo;AEGES (Association pour les \u00c9tudes sur la Guerre et la Strat\u00e9gie) qui s&rsquo;est tenu les 5 et 6 d\u00e9cembre 2018, dans l&rsquo;enceinte de l&rsquo;Universit\u00e9 Catholique de Lille. Cette ann\u00e9e le colloque avait pour [&hellip;]","og_url":"https:\/\/ecodef-ihedn.fr\/en\/retour-sur-lintervention-de-julien-malizard-au-colloque-annuel-de-laeges-5-6-decembre-2018-lille\/","og_site_name":"Chaire \u00c9conomie de d\u00e9fense - IHEDN","article_published_time":"2018-12-10T00:00:00+00:00","article_modified_time":"2020-04-09T11:33:23+00:00","og_image":[{"width":1024,"height":768,"url":"https:\/\/ecodef-ihedn.fr\/wp-content\/uploads\/2020\/04\/jm_aeges-1024x768.png","type":"image\/png"}],"author":"dev","twitter_card":"summary_large_image","twitter_creator":"@Chaire_Ecodef","twitter_site":"@Chaire_Ecodef","twitter_misc":{"Written by":"dev","Estimated reading time":"1 minute"},"schema":{"@context":"https:\/\/schema.org","@graph":[{"@type":"Article","@id":"https:\/\/ecodef-ihedn.fr\/retour-sur-lintervention-de-julien-malizard-au-colloque-annuel-de-laeges-5-6-decembre-2018-lille\/#article","isPartOf":{"@id":"https:\/\/ecodef-ihedn.fr\/retour-sur-lintervention-de-julien-malizard-au-colloque-annuel-de-laeges-5-6-decembre-2018-lille\/"},"author":{"name":"dev","@id":"https:\/\/ecodef-ihedn.fr\/#\/schema\/person\/7b3f1a2d8fd336e0be2f9ff63ff0ebbc"},"headline":"Retour sur l&rsquo;intervention de Julien Malizard au Colloque annuel de l&rsquo;AEGES, 5-6 d\u00e9cembre 2018, Lille","datePublished":"2018-12-10T00:00:00+00:00","dateModified":"2020-04-09T11:33:23+00:00","mainEntityOfPage":{"@id":"https:\/\/ecodef-ihedn.fr\/retour-sur-lintervention-de-julien-malizard-au-colloque-annuel-de-laeges-5-6-decembre-2018-lille\/"},"wordCount":236,"commentCount":0,"publisher":{"@id":"https:\/\/ecodef-ihedn.fr\/#organization"},"image":{"@id":"https:\/\/ecodef-ihedn.fr\/retour-sur-lintervention-de-julien-malizard-au-colloque-annuel-de-laeges-5-6-decembre-2018-lille\/#primaryimage"},"thumbnailUrl":"https:\/\/ecodef-ihedn.fr\/wp-content\/uploads\/2020\/04\/jm_aeges.png","keywords":["AEGES","chaire \u00e9conomie de d\u00e9fense","financement","Financement de la recherche","Intervention","M\u00e9c\u00e9nat"],"articleSection":["Activit\u00e9s : participation de la Chaire \u00e0 un \u00e9v\u00e9nement"],"inLanguage":"en-GB","potentialAction":[{"@type":"CommentAction","name":"Comment","target":["https:\/\/ecodef-ihedn.fr\/retour-sur-lintervention-de-julien-malizard-au-colloque-annuel-de-laeges-5-6-decembre-2018-lille\/#respond"]}]},{"@type":"WebPage","@id":"https:\/\/ecodef-ihedn.fr\/retour-sur-lintervention-de-julien-malizard-au-colloque-annuel-de-laeges-5-6-decembre-2018-lille\/","url":"https:\/\/ecodef-ihedn.fr\/retour-sur-lintervention-de-julien-malizard-au-colloque-annuel-de-laeges-5-6-decembre-2018-lille\/","name":"Retour sur l'intervention de Julien Malizard au Colloque annuel de l'AEGES, 5-6 d\u00e9cembre 2018, Lille - Chaire \u00c9conomie de d\u00e9fense - IHEDN","isPartOf":{"@id":"https:\/\/ecodef-ihedn.fr\/#website"},"primaryImageOfPage":{"@id":"https:\/\/ecodef-ihedn.fr\/retour-sur-lintervention-de-julien-malizard-au-colloque-annuel-de-laeges-5-6-decembre-2018-lille\/#primaryimage"},"image":{"@id":"https:\/\/ecodef-ihedn.fr\/retour-sur-lintervention-de-julien-malizard-au-colloque-annuel-de-laeges-5-6-decembre-2018-lille\/#primaryimage"},"thumbnailUrl":"https:\/\/ecodef-ihedn.fr\/wp-content\/uploads\/2020\/04\/jm_aeges.png","datePublished":"2018-12-10T00:00:00+00:00","dateModified":"2020-04-09T11:33:23+00:00","breadcrumb":{"@id":"https:\/\/ecodef-ihedn.fr\/retour-sur-lintervention-de-julien-malizard-au-colloque-annuel-de-laeges-5-6-decembre-2018-lille\/#breadcrumb"},"inLanguage":"en-GB","potentialAction":[{"@type":"ReadAction","target":["https:\/\/ecodef-ihedn.fr\/retour-sur-lintervention-de-julien-malizard-au-colloque-annuel-de-laeges-5-6-decembre-2018-lille\/"]}]},{"@type":"ImageObject","inLanguage":"en-GB","@id":"https:\/\/ecodef-ihedn.fr\/retour-sur-lintervention-de-julien-malizard-au-colloque-annuel-de-laeges-5-6-decembre-2018-lille\/#primaryimage","url":"https:\/\/ecodef-ihedn.fr\/wp-content\/uploads\/2020\/04\/jm_aeges.png","contentUrl":"https:\/\/ecodef-ihedn.fr\/wp-content\/uploads\/2020\/04\/jm_aeges.png","width":2048,"height":1536},{"@type":"BreadcrumbList","@id":"https:\/\/ecodef-ihedn.fr\/retour-sur-lintervention-de-julien-malizard-au-colloque-annuel-de-laeges-5-6-decembre-2018-lille\/#breadcrumb","itemListElement":[{"@type":"ListItem","position":1,"name":"Accueil","item":"https:\/\/ecodef-ihedn.fr\/"},{"@type":"ListItem","position":2,"name":"Retour sur l&#8217;intervention de Julien Malizard au Colloque annuel de l&#8217;AEGES, 5-6 d\u00e9cembre 2018, Lille"}]},{"@type":"WebSite","@id":"https:\/\/ecodef-ihedn.fr\/#website","url":"https:\/\/ecodef-ihedn.fr\/","name":"Chair in Defence Economics - IHEDN","description":"Produce &amp; support, federate &amp; disseminate, act as an interface","publisher":{"@id":"https:\/\/ecodef-ihedn.fr\/#organization"},"potentialAction":[{"@type":"SearchAction","target":{"@type":"EntryPoint","urlTemplate":"https:\/\/ecodef-ihedn.fr\/?s={search_term_string}"},"query-input":{"@type":"PropertyValueSpecification","valueRequired":true,"valueName":"search_term_string"}}],"inLanguage":"en-GB"},{"@type":"Organization","@id":"https:\/\/ecodef-ihedn.fr\/#organization","name":"Chair in Defence Economics - IHEDN","url":"https:\/\/ecodef-ihedn.fr\/","logo":{"@type":"ImageObject","inLanguage":"en-GB","@id":"https:\/\/ecodef-ihedn.fr\/#\/schema\/logo\/image\/","url":"https:\/\/ecodef-ihedn.fr\/wp-content\/uploads\/2020\/04\/logoEcodef9.jpg","contentUrl":"https:\/\/ecodef-ihedn.fr\/wp-content\/uploads\/2020\/04\/logoEcodef9.jpg","width":410,"height":212,"caption":"Chaire \u00c9conomie de d\u00e9fense - IHEDN"},"image":{"@id":"https:\/\/ecodef-ihedn.fr\/#\/schema\/logo\/image\/"},"sameAs":["https:\/\/x.com\/Chaire_Ecodef","https:\/\/www.linkedin.com\/company\/chaire-ecodef-ihedn\/"]},{"@type":"Person","@id":"https:\/\/ecodef-ihedn.fr\/#\/schema\/person\/7b3f1a2d8fd336e0be2f9ff63ff0ebbc","name":"dev","image":{"@type":"ImageObject","inLanguage":"en-GB","@id":"https:\/\/secure.gravatar.com\/avatar\/f1ffcac9ca2fa95ad3ec33e9be3ade82f752acb0cabe541e56c5889225afa88a?s=96&d=mm&r=g","url":"https:\/\/secure.gravatar.com\/avatar\/f1ffcac9ca2fa95ad3ec33e9be3ade82f752acb0cabe541e56c5889225afa88a?s=96&d=mm&r=g","contentUrl":"https:\/\/secure.gravatar.com\/avatar\/f1ffcac9ca2fa95ad3ec33e9be3ade82f752acb0cabe541e56c5889225afa88a?s=96&d=mm&r=g","caption":"dev"},"url":"https:\/\/ecodef-ihedn.fr\/en\/author\/dev\/"}]}},"_links":{"self":[{"href":"https:\/\/ecodef-ihedn.fr\/en\/wp-json\/wp\/v2\/posts\/1115","targetHints":{"allow":["GET"]}}],"collection":[{"href":"https:\/\/ecodef-ihedn.fr\/en\/wp-json\/wp\/v2\/posts"}],"about":[{"href":"https:\/\/ecodef-ihedn.fr\/en\/wp-json\/wp\/v2\/types\/post"}],"author":[{"embeddable":true,"href":"https:\/\/ecodef-ihedn.fr\/en\/wp-json\/wp\/v2\/users\/1"}],"replies":[{"embeddable":true,"href":"https:\/\/ecodef-ihedn.fr\/en\/wp-json\/wp\/v2\/comments?post=1115"}],"version-history":[{"count":2,"href":"https:\/\/ecodef-ihedn.fr\/en\/wp-json\/wp\/v2\/posts\/1115\/revisions"}],"predecessor-version":[{"id":1477,"href":"https:\/\/ecodef-ihedn.fr\/en\/wp-json\/wp\/v2\/posts\/1115\/revisions\/1477"}],"wp:featuredmedia":[{"embeddable":true,"href":"https:\/\/ecodef-ihedn.fr\/en\/wp-json\/wp\/v2\/media\/1116"}],"wp:attachment":[{"href":"https:\/\/ecodef-ihedn.fr\/en\/wp-json\/wp\/v2\/media?parent=1115"}],"wp:term":[{"taxonomy":"category","embeddable":true,"href":"https:\/\/ecodef-ihedn.fr\/en\/wp-json\/wp\/v2\/categories?post=1115"},{"taxonomy":"post_tag","embeddable":true,"href":"https:\/\/ecodef-ihedn.fr\/en\/wp-json\/wp\/v2\/tags?post=1115"}],"curies":[{"name":"wp","href":"https:\/\/api.w.org\/{rel}","templated":true}]}}