{"id":1117,"date":"2018-12-10T00:00:00","date_gmt":"2018-12-10T00:00:00","guid":{"rendered":"https:\/\/ecodef-ihedn.fr\/%ef%bb%bfimportant-report-de-la-conference-recherche-innovation-et-defense-prevue-le-mercredi-12-decembre-2018-a-lassemblee-nationale\/"},"modified":"2020-04-09T11:33:08","modified_gmt":"2020-04-09T11:33:08","slug":"%ef%bb%bfimportant-report-de-la-conference-recherche-innovation-et-defense-prevue-le-mercredi-12-decembre-2018-a-lassemblee-nationale","status":"publish","type":"post","link":"https:\/\/ecodef-ihedn.fr\/en\/%ef%bb%bfimportant-report-de-la-conference-recherche-innovation-et-defense-prevue-le-mercredi-12-decembre-2018-a-lassemblee-nationale\/","title":{"rendered":"IMPORTANT: postponement of the \u00abResearch, Innovation and Defence\u00bb conference scheduled for Wednesday 12 December 2018 at the National Assembly"},"content":{"rendered":"<p>In view of the very recent decision to organise a<strong> important meeting this 12 december<\/strong>, to which a number of key players in our industry have been invited.<strong> conference scheduled for the same day<\/strong>, including the Minister of the Armed Forces and the Minister of Higher Education, Research and Innovation, we are unfortunately obliged to <strong>postpone this event.<\/strong><\/p>\n\n\n\n<p>We thank you in advance for your understanding and will inform you of the new date.<\/p>\n\n\n\n<p>To make sure you receive information about the new date of our annual conference, <strong>subscribe to our Newsletter<\/strong> on the <strong><a rel=\"noreferrer noopener\" aria-label=\"To make sure you receive information about the new date of our annual conference, sign up for our Newsletter on the home page of the Defence Economics Chair website. (opens in a new tab)\" href=\"https:\/\/economie-defense.fr\/\" target=\"_blank\">Home page<\/a><\/strong> of the Defence Economics Chair website.<br><\/p>\n\n\n\n<p>The Defence Economics Chair team<\/p>\n\n\n\n<div class=\"wp-block-image\"><figure class=\"aligncenter is-resized\"><img loading=\"lazy\" decoding=\"async\" src=\"https:\/\/ecodef-ihedn.fr\/wp-content\/uploads\/2020\/04\/RVB-LogEcoDeDef1-710x1024.jpg\" alt=\"logo Chaire \u00c9conomie de d\u00e9fense\" class=\"wp-image-4846\" width=\"150\" height=\"216\" \/><\/figure><\/div>","protected":false},"excerpt":{"rendered":"<p>En raison de l\u2019organisation tr\u00e8s r\u00e9cemment d\u00e9cid\u00e9e d\u2019une importante r\u00e9union ce 12 d\u00e9cembre, \u00e0 laquelle sont convi\u00e9s plusieurs intervenants clefs de notre conf\u00e9rence programm\u00e9e ce m\u00eame jour, dont\u00a0 la Ministre des Arm\u00e9es et la Ministre de l&rsquo;Enseignement sup\u00e9rieur, de la Recherche et de l&rsquo;Innovation, nous sommes malheureusement contraints de reporter cet \u00e9v\u00e9nement. Nous vous remercions [&hellip;]<\/p>\n","protected":false},"author":1,"featured_media":1118,"comment_status":"open","ping_status":"open","sticky":false,"template":"","format":"standard","meta":{"footnotes":""},"categories":[355],"tags":[243,244,163],"class_list":{"0":"post-1117","1":"post","2":"type-post","3":"status-publish","4":"format-standard","5":"has-post-thumbnail","7":"category-activites-evenements-portes-par-la-chaire","8":"tag-annulation","9":"tag-assemblee-nationale","10":"tag-conference-annuelle"},"yoast_head":"<!-- This site is optimized with the Yoast SEO plugin v27.4 - https:\/\/yoast.com\/product\/yoast-seo-wordpress\/ -->\n<title>\ufeffIMPORTANT : report de la conf\u00e9rence \u00ab Recherche, Innovation et D\u00e9fense \u00bb pr\u00e9vue le mercredi 12 d\u00e9cembre 2018 \u00e0 l\u2019Assembl\u00e9e nationale - Chaire \u00c9conomie de d\u00e9fense - IHEDN<\/title>\n<meta name=\"robots\" content=\"index, follow, max-snippet:-1, max-image-preview:large, max-video-preview:-1\" \/>\n<link rel=\"canonical\" href=\"https:\/\/ecodef-ihedn.fr\/en\/\ufeffimportant-report-de-la-conference-recherche-innovation-et-defense-prevue-le-mercredi-12-decembre-2018-a-lassemblee-nationale\/\" \/>\n<meta property=\"og:locale\" content=\"en_GB\" \/>\n<meta property=\"og:type\" content=\"article\" \/>\n<meta property=\"og:title\" content=\"\ufeffIMPORTANT : report de la conf\u00e9rence \u00ab Recherche, Innovation et D\u00e9fense \u00bb pr\u00e9vue le mercredi 12 d\u00e9cembre 2018 \u00e0 l\u2019Assembl\u00e9e nationale - Chaire \u00c9conomie de d\u00e9fense - IHEDN\" \/>\n<meta property=\"og:description\" content=\"En raison de l\u2019organisation tr\u00e8s r\u00e9cemment d\u00e9cid\u00e9e d\u2019une importante r\u00e9union ce 12 d\u00e9cembre, \u00e0 laquelle sont convi\u00e9s plusieurs intervenants clefs de notre conf\u00e9rence programm\u00e9e ce m\u00eame jour, dont\u00a0 la Ministre des Arm\u00e9es et la Ministre de l&rsquo;Enseignement sup\u00e9rieur, de la Recherche et de l&rsquo;Innovation, nous sommes malheureusement contraints de reporter cet \u00e9v\u00e9nement. Nous vous remercions [&hellip;]\" \/>\n<meta property=\"og:url\" content=\"https:\/\/ecodef-ihedn.fr\/en\/\ufeffimportant-report-de-la-conference-recherche-innovation-et-defense-prevue-le-mercredi-12-decembre-2018-a-lassemblee-nationale\/\" \/>\n<meta property=\"og:site_name\" content=\"Chaire \u00c9conomie de d\u00e9fense - IHEDN\" \/>\n<meta property=\"article:published_time\" content=\"2018-12-10T00:00:00+00:00\" \/>\n<meta property=\"article:modified_time\" content=\"2020-04-09T11:33:08+00:00\" \/>\n<meta property=\"og:image\" content=\"https:\/\/ecodef-ihedn.fr\/wp-content\/uploads\/2020\/04\/RVB-LogEcoDeDef1.jpg\" \/>\n\t<meta property=\"og:image:width\" content=\"1076\" \/>\n\t<meta property=\"og:image:height\" content=\"1552\" \/>\n\t<meta property=\"og:image:type\" content=\"image\/jpeg\" \/>\n<meta name=\"author\" content=\"dev\" \/>\n<meta name=\"twitter:card\" content=\"summary_large_image\" \/>\n<meta name=\"twitter:creator\" content=\"@Chaire_Ecodef\" \/>\n<meta name=\"twitter:site\" content=\"@Chaire_Ecodef\" \/>\n<meta name=\"twitter:label1\" content=\"Written by\" \/>\n\t<meta name=\"twitter:data1\" content=\"dev\" \/>\n\t<meta name=\"twitter:label2\" content=\"Estimated reading time\" \/>\n\t<meta name=\"twitter:data2\" content=\"1 minute\" \/>\n<script type=\"application\/ld+json\" class=\"yoast-schema-graph\">{\"@context\":\"https:\\\/\\\/schema.org\",\"@graph\":[{\"@type\":\"Article\",\"@id\":\"https:\\\/\\\/ecodef-ihedn.fr\\\/%ef%bb%bfimportant-report-de-la-conference-recherche-innovation-et-defense-prevue-le-mercredi-12-decembre-2018-a-lassemblee-nationale\\\/#article\",\"isPartOf\":{\"@id\":\"https:\\\/\\\/ecodef-ihedn.fr\\\/%ef%bb%bfimportant-report-de-la-conference-recherche-innovation-et-defense-prevue-le-mercredi-12-decembre-2018-a-lassemblee-nationale\\\/\"},\"author\":{\"name\":\"dev\",\"@id\":\"https:\\\/\\\/ecodef-ihedn.fr\\\/#\\\/schema\\\/person\\\/7b3f1a2d8fd336e0be2f9ff63ff0ebbc\"},\"headline\":\"\ufeffIMPORTANT : report de la conf\u00e9rence \u00ab Recherche, Innovation et D\u00e9fense \u00bb pr\u00e9vue le mercredi 12 d\u00e9cembre 2018 \u00e0 l\u2019Assembl\u00e9e nationale\",\"datePublished\":\"2018-12-10T00:00:00+00:00\",\"dateModified\":\"2020-04-09T11:33:08+00:00\",\"mainEntityOfPage\":{\"@id\":\"https:\\\/\\\/ecodef-ihedn.fr\\\/%ef%bb%bfimportant-report-de-la-conference-recherche-innovation-et-defense-prevue-le-mercredi-12-decembre-2018-a-lassemblee-nationale\\\/\"},\"wordCount\":152,\"commentCount\":0,\"publisher\":{\"@id\":\"https:\\\/\\\/ecodef-ihedn.fr\\\/#organization\"},\"image\":{\"@id\":\"https:\\\/\\\/ecodef-ihedn.fr\\\/%ef%bb%bfimportant-report-de-la-conference-recherche-innovation-et-defense-prevue-le-mercredi-12-decembre-2018-a-lassemblee-nationale\\\/#primaryimage\"},\"thumbnailUrl\":\"https:\\\/\\\/ecodef-ihedn.fr\\\/wp-content\\\/uploads\\\/2020\\\/04\\\/RVB-LogEcoDeDef1.jpg\",\"keywords\":[\"annulation\",\"assembl\u00e9e nationale\",\"conf\u00e9rence annuelle\"],\"articleSection\":[\"Activit\u00e9s : \u00e9v\u00e9nements port\u00e9s par la Chaire\"],\"inLanguage\":\"en-GB\",\"potentialAction\":[{\"@type\":\"CommentAction\",\"name\":\"Comment\",\"target\":[\"https:\\\/\\\/ecodef-ihedn.fr\\\/%ef%bb%bfimportant-report-de-la-conference-recherche-innovation-et-defense-prevue-le-mercredi-12-decembre-2018-a-lassemblee-nationale\\\/#respond\"]}]},{\"@type\":\"WebPage\",\"@id\":\"https:\\\/\\\/ecodef-ihedn.fr\\\/%ef%bb%bfimportant-report-de-la-conference-recherche-innovation-et-defense-prevue-le-mercredi-12-decembre-2018-a-lassemblee-nationale\\\/\",\"url\":\"https:\\\/\\\/ecodef-ihedn.fr\\\/%ef%bb%bfimportant-report-de-la-conference-recherche-innovation-et-defense-prevue-le-mercredi-12-decembre-2018-a-lassemblee-nationale\\\/\",\"name\":\"\ufeffIMPORTANT : report de la conf\u00e9rence \u00ab Recherche, Innovation et D\u00e9fense \u00bb pr\u00e9vue le mercredi 12 d\u00e9cembre 2018 \u00e0 l\u2019Assembl\u00e9e nationale - Chaire \u00c9conomie de d\u00e9fense - IHEDN\",\"isPartOf\":{\"@id\":\"https:\\\/\\\/ecodef-ihedn.fr\\\/#website\"},\"primaryImageOfPage\":{\"@id\":\"https:\\\/\\\/ecodef-ihedn.fr\\\/%ef%bb%bfimportant-report-de-la-conference-recherche-innovation-et-defense-prevue-le-mercredi-12-decembre-2018-a-lassemblee-nationale\\\/#primaryimage\"},\"image\":{\"@id\":\"https:\\\/\\\/ecodef-ihedn.fr\\\/%ef%bb%bfimportant-report-de-la-conference-recherche-innovation-et-defense-prevue-le-mercredi-12-decembre-2018-a-lassemblee-nationale\\\/#primaryimage\"},\"thumbnailUrl\":\"https:\\\/\\\/ecodef-ihedn.fr\\\/wp-content\\\/uploads\\\/2020\\\/04\\\/RVB-LogEcoDeDef1.jpg\",\"datePublished\":\"2018-12-10T00:00:00+00:00\",\"dateModified\":\"2020-04-09T11:33:08+00:00\",\"breadcrumb\":{\"@id\":\"https:\\\/\\\/ecodef-ihedn.fr\\\/%ef%bb%bfimportant-report-de-la-conference-recherche-innovation-et-defense-prevue-le-mercredi-12-decembre-2018-a-lassemblee-nationale\\\/#breadcrumb\"},\"inLanguage\":\"en-GB\",\"potentialAction\":[{\"@type\":\"ReadAction\",\"target\":[\"https:\\\/\\\/ecodef-ihedn.fr\\\/%ef%bb%bfimportant-report-de-la-conference-recherche-innovation-et-defense-prevue-le-mercredi-12-decembre-2018-a-lassemblee-nationale\\\/\"]}]},{\"@type\":\"ImageObject\",\"inLanguage\":\"en-GB\",\"@id\":\"https:\\\/\\\/ecodef-ihedn.fr\\\/%ef%bb%bfimportant-report-de-la-conference-recherche-innovation-et-defense-prevue-le-mercredi-12-decembre-2018-a-lassemblee-nationale\\\/#primaryimage\",\"url\":\"https:\\\/\\\/ecodef-ihedn.fr\\\/wp-content\\\/uploads\\\/2020\\\/04\\\/RVB-LogEcoDeDef1.jpg\",\"contentUrl\":\"https:\\\/\\\/ecodef-ihedn.fr\\\/wp-content\\\/uploads\\\/2020\\\/04\\\/RVB-LogEcoDeDef1.jpg\",\"width\":1076,\"height\":1552},{\"@type\":\"BreadcrumbList\",\"@id\":\"https:\\\/\\\/ecodef-ihedn.fr\\\/%ef%bb%bfimportant-report-de-la-conference-recherche-innovation-et-defense-prevue-le-mercredi-12-decembre-2018-a-lassemblee-nationale\\\/#breadcrumb\",\"itemListElement\":[{\"@type\":\"ListItem\",\"position\":1,\"name\":\"Accueil\",\"item\":\"https:\\\/\\\/ecodef-ihedn.fr\\\/\"},{\"@type\":\"ListItem\",\"position\":2,\"name\":\"\ufeffIMPORTANT : report de la conf\u00e9rence \u00ab Recherche, Innovation et D\u00e9fense \u00bb pr\u00e9vue le mercredi 12 d\u00e9cembre 2018 \u00e0 l\u2019Assembl\u00e9e nationale\"}]},{\"@type\":\"WebSite\",\"@id\":\"https:\\\/\\\/ecodef-ihedn.fr\\\/#website\",\"url\":\"https:\\\/\\\/ecodef-ihedn.fr\\\/\",\"name\":\"Chaire \u00c9conomie de D\u00e9fense - IHEDN\",\"description\":\"Produire &amp; soutenir, f\u00e9d\u00e9rer &amp; diffuser, \u00eatre une interface\",\"publisher\":{\"@id\":\"https:\\\/\\\/ecodef-ihedn.fr\\\/#organization\"},\"potentialAction\":[{\"@type\":\"SearchAction\",\"target\":{\"@type\":\"EntryPoint\",\"urlTemplate\":\"https:\\\/\\\/ecodef-ihedn.fr\\\/?s={search_term_string}\"},\"query-input\":{\"@type\":\"PropertyValueSpecification\",\"valueRequired\":true,\"valueName\":\"search_term_string\"}}],\"inLanguage\":\"en-GB\"},{\"@type\":\"Organization\",\"@id\":\"https:\\\/\\\/ecodef-ihedn.fr\\\/#organization\",\"name\":\"Chaire \u00c9conomie de d\u00e9fense - IHEDN\",\"url\":\"https:\\\/\\\/ecodef-ihedn.fr\\\/\",\"logo\":{\"@type\":\"ImageObject\",\"inLanguage\":\"en-GB\",\"@id\":\"https:\\\/\\\/ecodef-ihedn.fr\\\/#\\\/schema\\\/logo\\\/image\\\/\",\"url\":\"https:\\\/\\\/ecodef-ihedn.fr\\\/wp-content\\\/uploads\\\/2020\\\/04\\\/logoEcodef9.jpg\",\"contentUrl\":\"https:\\\/\\\/ecodef-ihedn.fr\\\/wp-content\\\/uploads\\\/2020\\\/04\\\/logoEcodef9.jpg\",\"width\":410,\"height\":212,\"caption\":\"Chaire \u00c9conomie de d\u00e9fense - IHEDN\"},\"image\":{\"@id\":\"https:\\\/\\\/ecodef-ihedn.fr\\\/#\\\/schema\\\/logo\\\/image\\\/\"},\"sameAs\":[\"https:\\\/\\\/x.com\\\/Chaire_Ecodef\",\"https:\\\/\\\/www.linkedin.com\\\/company\\\/chaire-ecodef-ihedn\\\/\"]},{\"@type\":\"Person\",\"@id\":\"https:\\\/\\\/ecodef-ihedn.fr\\\/#\\\/schema\\\/person\\\/7b3f1a2d8fd336e0be2f9ff63ff0ebbc\",\"name\":\"dev\",\"image\":{\"@type\":\"ImageObject\",\"inLanguage\":\"en-GB\",\"@id\":\"https:\\\/\\\/secure.gravatar.com\\\/avatar\\\/f1ffcac9ca2fa95ad3ec33e9be3ade82f752acb0cabe541e56c5889225afa88a?s=96&d=mm&r=g\",\"url\":\"https:\\\/\\\/secure.gravatar.com\\\/avatar\\\/f1ffcac9ca2fa95ad3ec33e9be3ade82f752acb0cabe541e56c5889225afa88a?s=96&d=mm&r=g\",\"contentUrl\":\"https:\\\/\\\/secure.gravatar.com\\\/avatar\\\/f1ffcac9ca2fa95ad3ec33e9be3ade82f752acb0cabe541e56c5889225afa88a?s=96&d=mm&r=g\",\"caption\":\"dev\"},\"url\":\"https:\\\/\\\/ecodef-ihedn.fr\\\/en\\\/author\\\/dev\\\/\"}]}<\/script>\n<!-- \/ Yoast SEO plugin. -->","yoast_head_json":{"title":"\ufeffIMPORTANT : report de la conf\u00e9rence \u00ab Recherche, Innovation et D\u00e9fense \u00bb pr\u00e9vue le mercredi 12 d\u00e9cembre 2018 \u00e0 l\u2019Assembl\u00e9e nationale - Chaire \u00c9conomie de d\u00e9fense - IHEDN","robots":{"index":"index","follow":"follow","max-snippet":"max-snippet:-1","max-image-preview":"max-image-preview:large","max-video-preview":"max-video-preview:-1"},"canonical":"https:\/\/ecodef-ihedn.fr\/en\/\ufeffimportant-report-de-la-conference-recherche-innovation-et-defense-prevue-le-mercredi-12-decembre-2018-a-lassemblee-nationale\/","og_locale":"en_GB","og_type":"article","og_title":"\ufeffIMPORTANT : report de la conf\u00e9rence \u00ab Recherche, Innovation et D\u00e9fense \u00bb pr\u00e9vue le mercredi 12 d\u00e9cembre 2018 \u00e0 l\u2019Assembl\u00e9e nationale - Chaire \u00c9conomie de d\u00e9fense - IHEDN","og_description":"En raison de l\u2019organisation tr\u00e8s r\u00e9cemment d\u00e9cid\u00e9e d\u2019une importante r\u00e9union ce 12 d\u00e9cembre, \u00e0 laquelle sont convi\u00e9s plusieurs intervenants clefs de notre conf\u00e9rence programm\u00e9e ce m\u00eame jour, dont\u00a0 la Ministre des Arm\u00e9es et la Ministre de l&rsquo;Enseignement sup\u00e9rieur, de la Recherche et de l&rsquo;Innovation, nous sommes malheureusement contraints de reporter cet \u00e9v\u00e9nement. Nous vous remercions [&hellip;]","og_url":"https:\/\/ecodef-ihedn.fr\/en\/\ufeffimportant-report-de-la-conference-recherche-innovation-et-defense-prevue-le-mercredi-12-decembre-2018-a-lassemblee-nationale\/","og_site_name":"Chaire \u00c9conomie de d\u00e9fense - IHEDN","article_published_time":"2018-12-10T00:00:00+00:00","article_modified_time":"2020-04-09T11:33:08+00:00","og_image":[{"width":1076,"height":1552,"url":"https:\/\/ecodef-ihedn.fr\/wp-content\/uploads\/2020\/04\/RVB-LogEcoDeDef1.jpg","type":"image\/jpeg"}],"author":"dev","twitter_card":"summary_large_image","twitter_creator":"@Chaire_Ecodef","twitter_site":"@Chaire_Ecodef","twitter_misc":{"Written by":"dev","Estimated reading time":"1 minute"},"schema":{"@context":"https:\/\/schema.org","@graph":[{"@type":"Article","@id":"https:\/\/ecodef-ihedn.fr\/%ef%bb%bfimportant-report-de-la-conference-recherche-innovation-et-defense-prevue-le-mercredi-12-decembre-2018-a-lassemblee-nationale\/#article","isPartOf":{"@id":"https:\/\/ecodef-ihedn.fr\/%ef%bb%bfimportant-report-de-la-conference-recherche-innovation-et-defense-prevue-le-mercredi-12-decembre-2018-a-lassemblee-nationale\/"},"author":{"name":"dev","@id":"https:\/\/ecodef-ihedn.fr\/#\/schema\/person\/7b3f1a2d8fd336e0be2f9ff63ff0ebbc"},"headline":"\ufeffIMPORTANT : report de la conf\u00e9rence \u00ab Recherche, Innovation et D\u00e9fense \u00bb pr\u00e9vue le mercredi 12 d\u00e9cembre 2018 \u00e0 l\u2019Assembl\u00e9e nationale","datePublished":"2018-12-10T00:00:00+00:00","dateModified":"2020-04-09T11:33:08+00:00","mainEntityOfPage":{"@id":"https:\/\/ecodef-ihedn.fr\/%ef%bb%bfimportant-report-de-la-conference-recherche-innovation-et-defense-prevue-le-mercredi-12-decembre-2018-a-lassemblee-nationale\/"},"wordCount":152,"commentCount":0,"publisher":{"@id":"https:\/\/ecodef-ihedn.fr\/#organization"},"image":{"@id":"https:\/\/ecodef-ihedn.fr\/%ef%bb%bfimportant-report-de-la-conference-recherche-innovation-et-defense-prevue-le-mercredi-12-decembre-2018-a-lassemblee-nationale\/#primaryimage"},"thumbnailUrl":"https:\/\/ecodef-ihedn.fr\/wp-content\/uploads\/2020\/04\/RVB-LogEcoDeDef1.jpg","keywords":["annulation","assembl\u00e9e nationale","conf\u00e9rence annuelle"],"articleSection":["Activit\u00e9s : \u00e9v\u00e9nements port\u00e9s par la Chaire"],"inLanguage":"en-GB","potentialAction":[{"@type":"CommentAction","name":"Comment","target":["https:\/\/ecodef-ihedn.fr\/%ef%bb%bfimportant-report-de-la-conference-recherche-innovation-et-defense-prevue-le-mercredi-12-decembre-2018-a-lassemblee-nationale\/#respond"]}]},{"@type":"WebPage","@id":"https:\/\/ecodef-ihedn.fr\/%ef%bb%bfimportant-report-de-la-conference-recherche-innovation-et-defense-prevue-le-mercredi-12-decembre-2018-a-lassemblee-nationale\/","url":"https:\/\/ecodef-ihedn.fr\/%ef%bb%bfimportant-report-de-la-conference-recherche-innovation-et-defense-prevue-le-mercredi-12-decembre-2018-a-lassemblee-nationale\/","name":"\ufeffIMPORTANT : report de la conf\u00e9rence \u00ab Recherche, Innovation et D\u00e9fense \u00bb pr\u00e9vue le mercredi 12 d\u00e9cembre 2018 \u00e0 l\u2019Assembl\u00e9e nationale - Chaire \u00c9conomie de d\u00e9fense - IHEDN","isPartOf":{"@id":"https:\/\/ecodef-ihedn.fr\/#website"},"primaryImageOfPage":{"@id":"https:\/\/ecodef-ihedn.fr\/%ef%bb%bfimportant-report-de-la-conference-recherche-innovation-et-defense-prevue-le-mercredi-12-decembre-2018-a-lassemblee-nationale\/#primaryimage"},"image":{"@id":"https:\/\/ecodef-ihedn.fr\/%ef%bb%bfimportant-report-de-la-conference-recherche-innovation-et-defense-prevue-le-mercredi-12-decembre-2018-a-lassemblee-nationale\/#primaryimage"},"thumbnailUrl":"https:\/\/ecodef-ihedn.fr\/wp-content\/uploads\/2020\/04\/RVB-LogEcoDeDef1.jpg","datePublished":"2018-12-10T00:00:00+00:00","dateModified":"2020-04-09T11:33:08+00:00","breadcrumb":{"@id":"https:\/\/ecodef-ihedn.fr\/%ef%bb%bfimportant-report-de-la-conference-recherche-innovation-et-defense-prevue-le-mercredi-12-decembre-2018-a-lassemblee-nationale\/#breadcrumb"},"inLanguage":"en-GB","potentialAction":[{"@type":"ReadAction","target":["https:\/\/ecodef-ihedn.fr\/%ef%bb%bfimportant-report-de-la-conference-recherche-innovation-et-defense-prevue-le-mercredi-12-decembre-2018-a-lassemblee-nationale\/"]}]},{"@type":"ImageObject","inLanguage":"en-GB","@id":"https:\/\/ecodef-ihedn.fr\/%ef%bb%bfimportant-report-de-la-conference-recherche-innovation-et-defense-prevue-le-mercredi-12-decembre-2018-a-lassemblee-nationale\/#primaryimage","url":"https:\/\/ecodef-ihedn.fr\/wp-content\/uploads\/2020\/04\/RVB-LogEcoDeDef1.jpg","contentUrl":"https:\/\/ecodef-ihedn.fr\/wp-content\/uploads\/2020\/04\/RVB-LogEcoDeDef1.jpg","width":1076,"height":1552},{"@type":"BreadcrumbList","@id":"https:\/\/ecodef-ihedn.fr\/%ef%bb%bfimportant-report-de-la-conference-recherche-innovation-et-defense-prevue-le-mercredi-12-decembre-2018-a-lassemblee-nationale\/#breadcrumb","itemListElement":[{"@type":"ListItem","position":1,"name":"Accueil","item":"https:\/\/ecodef-ihedn.fr\/"},{"@type":"ListItem","position":2,"name":"\ufeffIMPORTANT : report de la conf\u00e9rence \u00ab Recherche, Innovation et D\u00e9fense \u00bb pr\u00e9vue le mercredi 12 d\u00e9cembre 2018 \u00e0 l\u2019Assembl\u00e9e nationale"}]},{"@type":"WebSite","@id":"https:\/\/ecodef-ihedn.fr\/#website","url":"https:\/\/ecodef-ihedn.fr\/","name":"Chair in Defence Economics - IHEDN","description":"Produce &amp; support, federate &amp; disseminate, act as an interface","publisher":{"@id":"https:\/\/ecodef-ihedn.fr\/#organization"},"potentialAction":[{"@type":"SearchAction","target":{"@type":"EntryPoint","urlTemplate":"https:\/\/ecodef-ihedn.fr\/?s={search_term_string}"},"query-input":{"@type":"PropertyValueSpecification","valueRequired":true,"valueName":"search_term_string"}}],"inLanguage":"en-GB"},{"@type":"Organization","@id":"https:\/\/ecodef-ihedn.fr\/#organization","name":"Chair in Defence Economics - IHEDN","url":"https:\/\/ecodef-ihedn.fr\/","logo":{"@type":"ImageObject","inLanguage":"en-GB","@id":"https:\/\/ecodef-ihedn.fr\/#\/schema\/logo\/image\/","url":"https:\/\/ecodef-ihedn.fr\/wp-content\/uploads\/2020\/04\/logoEcodef9.jpg","contentUrl":"https:\/\/ecodef-ihedn.fr\/wp-content\/uploads\/2020\/04\/logoEcodef9.jpg","width":410,"height":212,"caption":"Chaire \u00c9conomie de d\u00e9fense - IHEDN"},"image":{"@id":"https:\/\/ecodef-ihedn.fr\/#\/schema\/logo\/image\/"},"sameAs":["https:\/\/x.com\/Chaire_Ecodef","https:\/\/www.linkedin.com\/company\/chaire-ecodef-ihedn\/"]},{"@type":"Person","@id":"https:\/\/ecodef-ihedn.fr\/#\/schema\/person\/7b3f1a2d8fd336e0be2f9ff63ff0ebbc","name":"dev","image":{"@type":"ImageObject","inLanguage":"en-GB","@id":"https:\/\/secure.gravatar.com\/avatar\/f1ffcac9ca2fa95ad3ec33e9be3ade82f752acb0cabe541e56c5889225afa88a?s=96&d=mm&r=g","url":"https:\/\/secure.gravatar.com\/avatar\/f1ffcac9ca2fa95ad3ec33e9be3ade82f752acb0cabe541e56c5889225afa88a?s=96&d=mm&r=g","contentUrl":"https:\/\/secure.gravatar.com\/avatar\/f1ffcac9ca2fa95ad3ec33e9be3ade82f752acb0cabe541e56c5889225afa88a?s=96&d=mm&r=g","caption":"dev"},"url":"https:\/\/ecodef-ihedn.fr\/en\/author\/dev\/"}]}},"_links":{"self":[{"href":"https:\/\/ecodef-ihedn.fr\/en\/wp-json\/wp\/v2\/posts\/1117","targetHints":{"allow":["GET"]}}],"collection":[{"href":"https:\/\/ecodef-ihedn.fr\/en\/wp-json\/wp\/v2\/posts"}],"about":[{"href":"https:\/\/ecodef-ihedn.fr\/en\/wp-json\/wp\/v2\/types\/post"}],"author":[{"embeddable":true,"href":"https:\/\/ecodef-ihedn.fr\/en\/wp-json\/wp\/v2\/users\/1"}],"replies":[{"embeddable":true,"href":"https:\/\/ecodef-ihedn.fr\/en\/wp-json\/wp\/v2\/comments?post=1117"}],"version-history":[{"count":2,"href":"https:\/\/ecodef-ihedn.fr\/en\/wp-json\/wp\/v2\/posts\/1117\/revisions"}],"predecessor-version":[{"id":1476,"href":"https:\/\/ecodef-ihedn.fr\/en\/wp-json\/wp\/v2\/posts\/1117\/revisions\/1476"}],"wp:featuredmedia":[{"embeddable":true,"href":"https:\/\/ecodef-ihedn.fr\/en\/wp-json\/wp\/v2\/media\/1118"}],"wp:attachment":[{"href":"https:\/\/ecodef-ihedn.fr\/en\/wp-json\/wp\/v2\/media?parent=1117"}],"wp:term":[{"taxonomy":"category","embeddable":true,"href":"https:\/\/ecodef-ihedn.fr\/en\/wp-json\/wp\/v2\/categories?post=1117"},{"taxonomy":"post_tag","embeddable":true,"href":"https:\/\/ecodef-ihedn.fr\/en\/wp-json\/wp\/v2\/tags?post=1117"}],"curies":[{"name":"wp","href":"https:\/\/api.w.org\/{rel}","templated":true}]}}