{"id":1122,"date":"2019-01-07T00:00:00","date_gmt":"2019-01-07T00:00:00","guid":{"rendered":"https:\/\/ecodef-ihedn.fr\/publication-presentation-de-la-chaire-economie-de-defense-par-julien-malizard-dans-defense-de-lunion-ihedn\/"},"modified":"2020-04-09T11:32:54","modified_gmt":"2020-04-09T11:32:54","slug":"presentation-de-la-chaire-economie-de-defense-par-julien-malizard-dans-defense-de-lunion-ihedn","status":"publish","type":"post","link":"https:\/\/ecodef-ihedn.fr\/en\/presentation-de-la-chaire-economie-de-defense-par-julien-malizard-dans-defense-de-lunion-ihedn\/","title":{"rendered":"presentation of the Chair in Defence Economics by Julien Malizard in D\u00e9fense de l'Union IHEDN"},"content":{"rendered":"<div class=\"wp-block-image\"><figure class=\"aligncenter is-resized\"><img loading=\"lazy\" decoding=\"async\" src=\"https:\/\/ecodef-ihedn.fr\/wp-content\/uploads\/2020\/04\/defense-195_couv-1-724x1024.jpg\" alt=\"\" class=\"wp-image-6718\" width=\"268\" height=\"379\" \/><figcaption>Cover of D\u00e9fense de l'Union IHEDN magazine, No 195, December 2018<\/figcaption><\/figure><\/div>\n\n\n\n<p><strong><a rel=\"noreferrer noopener\" aria-label=\"Julien Malizard (opens in a new tab)\" href=\"https:\/\/www.researchgate.net\/profile\/Julien_Malizard\" target=\"_blank\">Julien Malizard<\/a><\/strong>, a researcher at the Economics of Defence Chair, has published <a rel=\"noreferrer noopener\" aria-label=\"an article (opens in a new tab)\" href=\"http:\/\/www.union-ihedn.org\/2018\/12\/le-numero-195-de-defense-sur-le-theme-le-renouvellement-des-grands-equipements-militaires\/\" target=\"_blank\"><strong>an article<\/strong><\/a> in the magazine <strong>Defence of the Union-IHEDN<\/strong>.<\/p>\n\n\n\n<p>The article presents the <strong>Defence Economics Chair<\/strong> insisting on the\u2019<strong>origin<\/strong> of its creation and <strong>missions <\/strong>main objectives: to produce a <strong>benchmark scientific research<\/strong>  and<strong> spreading economic thinking <\/strong>on defence issues with the academic world, public decision-makers and private players. <\/p>\n\n\n\n<p>For nearly<strong> 5 years,<\/strong> <a rel=\"noreferrer noopener\" aria-label=\"the Chair&#039;s researchers (opens in a new tab)\" href=\"https:\/\/economie-defense.fr\/equipe\/\" target=\"_blank\">researchers from the Chair<\/a> have published <strong>more than 50 items<\/strong> and organised several <strong>national and international conferences<\/strong>.<\/p>\n\n\n\n<p>Le <strong>number 195<\/strong> the magazine's main theme is\u00ab\u00a0<strong>Renewal of major military equipment<\/strong>\u00ab . This publication is an opportunity to<strong> promote the Chair <\/strong>to the <strong>IHEDN community<\/strong>. <\/p>","protected":false},"excerpt":{"rendered":"<p>Julien Malizard, chercheur \u00e0 la chaire Economie de D\u00e9fense, a publi\u00e9 un article dans la revue D\u00e9fense de l&rsquo;Union-IHEDN. L&rsquo;article pr\u00e9sente la Chaire Economie de d\u00e9fense en insistant sur l&rsquo;origine de sa cr\u00e9ation et ses missions principales : produire une recherche scientifique de r\u00e9f\u00e9rence et de diffuser la pens\u00e9e \u00e9conomique sur les questions de D\u00e9fense [&hellip;]<\/p>\n","protected":false},"author":1,"featured_media":1123,"comment_status":"open","ping_status":"open","sticky":false,"template":"","format":"standard","meta":{"footnotes":""},"categories":[350],"tags":[254,162,38,110,255],"class_list":{"0":"post-1122","1":"post","2":"type-post","3":"status-publish","4":"format-standard","5":"has-post-thumbnail","7":"category-publications","8":"tag-bilan","9":"tag-chaire-economie-de-defense","10":"tag-ihedn","11":"tag-publications","12":"tag-union-de-lihedn"},"yoast_head":"<!-- This site is optimized with the Yoast SEO plugin v27.4 - https:\/\/yoast.com\/product\/yoast-seo-wordpress\/ -->\n<title>pr\u00e9sentation de la Chaire \u00c9conomie de D\u00e9fense par Julien Malizard dans D\u00e9fense de l&#039;Union IHEDN - Chaire \u00c9conomie de d\u00e9fense - IHEDN<\/title>\n<meta name=\"robots\" content=\"index, follow, max-snippet:-1, max-image-preview:large, max-video-preview:-1\" \/>\n<link rel=\"canonical\" href=\"https:\/\/ecodef-ihedn.fr\/en\/presentation-de-la-chaire-economie-de-defense-par-julien-malizard-dans-defense-de-lunion-ihedn\/\" \/>\n<meta property=\"og:locale\" content=\"en_GB\" \/>\n<meta property=\"og:type\" content=\"article\" \/>\n<meta property=\"og:title\" content=\"pr\u00e9sentation de la Chaire \u00c9conomie de D\u00e9fense par Julien Malizard dans D\u00e9fense de l&#039;Union IHEDN - Chaire \u00c9conomie de d\u00e9fense - IHEDN\" \/>\n<meta property=\"og:description\" content=\"Julien Malizard, chercheur \u00e0 la chaire Economie de D\u00e9fense, a publi\u00e9 un article dans la revue D\u00e9fense de l&rsquo;Union-IHEDN. L&rsquo;article pr\u00e9sente la Chaire Economie de d\u00e9fense en insistant sur l&rsquo;origine de sa cr\u00e9ation et ses missions principales : produire une recherche scientifique de r\u00e9f\u00e9rence et de diffuser la pens\u00e9e \u00e9conomique sur les questions de D\u00e9fense [&hellip;]\" \/>\n<meta property=\"og:url\" content=\"https:\/\/ecodef-ihedn.fr\/en\/presentation-de-la-chaire-economie-de-defense-par-julien-malizard-dans-defense-de-lunion-ihedn\/\" \/>\n<meta property=\"og:site_name\" content=\"Chaire \u00c9conomie de d\u00e9fense - IHEDN\" \/>\n<meta property=\"article:published_time\" content=\"2019-01-07T00:00:00+00:00\" \/>\n<meta property=\"article:modified_time\" content=\"2020-04-09T11:32:54+00:00\" \/>\n<meta property=\"og:image\" content=\"https:\/\/ecodef-ihedn.fr\/wp-content\/uploads\/2020\/04\/defense-195_couv-1.jpg\" \/>\n\t<meta property=\"og:image:width\" content=\"1191\" \/>\n\t<meta property=\"og:image:height\" content=\"1684\" \/>\n\t<meta property=\"og:image:type\" content=\"image\/jpeg\" \/>\n<meta name=\"author\" content=\"dev\" \/>\n<meta name=\"twitter:card\" content=\"summary_large_image\" \/>\n<meta name=\"twitter:creator\" content=\"@Chaire_Ecodef\" \/>\n<meta name=\"twitter:site\" content=\"@Chaire_Ecodef\" \/>\n<meta name=\"twitter:label1\" content=\"Written by\" \/>\n\t<meta name=\"twitter:data1\" content=\"dev\" \/>\n\t<meta name=\"twitter:label2\" content=\"Estimated reading time\" \/>\n\t<meta name=\"twitter:data2\" content=\"1 minute\" \/>\n<script type=\"application\/ld+json\" class=\"yoast-schema-graph\">{\"@context\":\"https:\\\/\\\/schema.org\",\"@graph\":[{\"@type\":\"Article\",\"@id\":\"https:\\\/\\\/ecodef-ihedn.fr\\\/presentation-de-la-chaire-economie-de-defense-par-julien-malizard-dans-defense-de-lunion-ihedn\\\/#article\",\"isPartOf\":{\"@id\":\"https:\\\/\\\/ecodef-ihedn.fr\\\/presentation-de-la-chaire-economie-de-defense-par-julien-malizard-dans-defense-de-lunion-ihedn\\\/\"},\"author\":{\"name\":\"dev\",\"@id\":\"https:\\\/\\\/ecodef-ihedn.fr\\\/#\\\/schema\\\/person\\\/7b3f1a2d8fd336e0be2f9ff63ff0ebbc\"},\"headline\":\"pr\u00e9sentation de la Chaire \u00c9conomie de D\u00e9fense par Julien Malizard dans D\u00e9fense de l&rsquo;Union IHEDN\",\"datePublished\":\"2019-01-07T00:00:00+00:00\",\"dateModified\":\"2020-04-09T11:32:54+00:00\",\"mainEntityOfPage\":{\"@id\":\"https:\\\/\\\/ecodef-ihedn.fr\\\/presentation-de-la-chaire-economie-de-defense-par-julien-malizard-dans-defense-de-lunion-ihedn\\\/\"},\"wordCount\":168,\"commentCount\":0,\"publisher\":{\"@id\":\"https:\\\/\\\/ecodef-ihedn.fr\\\/#organization\"},\"image\":{\"@id\":\"https:\\\/\\\/ecodef-ihedn.fr\\\/presentation-de-la-chaire-economie-de-defense-par-julien-malizard-dans-defense-de-lunion-ihedn\\\/#primaryimage\"},\"thumbnailUrl\":\"https:\\\/\\\/ecodef-ihedn.fr\\\/wp-content\\\/uploads\\\/2020\\\/04\\\/defense-195_couv-1.jpg\",\"keywords\":[\"Bilan\",\"chaire \u00e9conomie de d\u00e9fense\",\"IHEDN\",\"Publications\",\"Union de l'IHEDN\"],\"articleSection\":[\"Publications\"],\"inLanguage\":\"en-GB\",\"potentialAction\":[{\"@type\":\"CommentAction\",\"name\":\"Comment\",\"target\":[\"https:\\\/\\\/ecodef-ihedn.fr\\\/presentation-de-la-chaire-economie-de-defense-par-julien-malizard-dans-defense-de-lunion-ihedn\\\/#respond\"]}]},{\"@type\":\"WebPage\",\"@id\":\"https:\\\/\\\/ecodef-ihedn.fr\\\/presentation-de-la-chaire-economie-de-defense-par-julien-malizard-dans-defense-de-lunion-ihedn\\\/\",\"url\":\"https:\\\/\\\/ecodef-ihedn.fr\\\/presentation-de-la-chaire-economie-de-defense-par-julien-malizard-dans-defense-de-lunion-ihedn\\\/\",\"name\":\"pr\u00e9sentation de la Chaire \u00c9conomie de D\u00e9fense par Julien Malizard dans D\u00e9fense de l'Union IHEDN - Chaire \u00c9conomie de d\u00e9fense - IHEDN\",\"isPartOf\":{\"@id\":\"https:\\\/\\\/ecodef-ihedn.fr\\\/#website\"},\"primaryImageOfPage\":{\"@id\":\"https:\\\/\\\/ecodef-ihedn.fr\\\/presentation-de-la-chaire-economie-de-defense-par-julien-malizard-dans-defense-de-lunion-ihedn\\\/#primaryimage\"},\"image\":{\"@id\":\"https:\\\/\\\/ecodef-ihedn.fr\\\/presentation-de-la-chaire-economie-de-defense-par-julien-malizard-dans-defense-de-lunion-ihedn\\\/#primaryimage\"},\"thumbnailUrl\":\"https:\\\/\\\/ecodef-ihedn.fr\\\/wp-content\\\/uploads\\\/2020\\\/04\\\/defense-195_couv-1.jpg\",\"datePublished\":\"2019-01-07T00:00:00+00:00\",\"dateModified\":\"2020-04-09T11:32:54+00:00\",\"breadcrumb\":{\"@id\":\"https:\\\/\\\/ecodef-ihedn.fr\\\/presentation-de-la-chaire-economie-de-defense-par-julien-malizard-dans-defense-de-lunion-ihedn\\\/#breadcrumb\"},\"inLanguage\":\"en-GB\",\"potentialAction\":[{\"@type\":\"ReadAction\",\"target\":[\"https:\\\/\\\/ecodef-ihedn.fr\\\/presentation-de-la-chaire-economie-de-defense-par-julien-malizard-dans-defense-de-lunion-ihedn\\\/\"]}]},{\"@type\":\"ImageObject\",\"inLanguage\":\"en-GB\",\"@id\":\"https:\\\/\\\/ecodef-ihedn.fr\\\/presentation-de-la-chaire-economie-de-defense-par-julien-malizard-dans-defense-de-lunion-ihedn\\\/#primaryimage\",\"url\":\"https:\\\/\\\/ecodef-ihedn.fr\\\/wp-content\\\/uploads\\\/2020\\\/04\\\/defense-195_couv-1.jpg\",\"contentUrl\":\"https:\\\/\\\/ecodef-ihedn.fr\\\/wp-content\\\/uploads\\\/2020\\\/04\\\/defense-195_couv-1.jpg\",\"width\":1191,\"height\":1684},{\"@type\":\"BreadcrumbList\",\"@id\":\"https:\\\/\\\/ecodef-ihedn.fr\\\/presentation-de-la-chaire-economie-de-defense-par-julien-malizard-dans-defense-de-lunion-ihedn\\\/#breadcrumb\",\"itemListElement\":[{\"@type\":\"ListItem\",\"position\":1,\"name\":\"Accueil\",\"item\":\"https:\\\/\\\/ecodef-ihedn.fr\\\/\"},{\"@type\":\"ListItem\",\"position\":2,\"name\":\"pr\u00e9sentation de la Chaire \u00c9conomie de D\u00e9fense par Julien Malizard dans D\u00e9fense de l&#8217;Union IHEDN\"}]},{\"@type\":\"WebSite\",\"@id\":\"https:\\\/\\\/ecodef-ihedn.fr\\\/#website\",\"url\":\"https:\\\/\\\/ecodef-ihedn.fr\\\/\",\"name\":\"Chaire \u00c9conomie de D\u00e9fense - IHEDN\",\"description\":\"Produire &amp; soutenir, f\u00e9d\u00e9rer &amp; diffuser, \u00eatre une interface\",\"publisher\":{\"@id\":\"https:\\\/\\\/ecodef-ihedn.fr\\\/#organization\"},\"potentialAction\":[{\"@type\":\"SearchAction\",\"target\":{\"@type\":\"EntryPoint\",\"urlTemplate\":\"https:\\\/\\\/ecodef-ihedn.fr\\\/?s={search_term_string}\"},\"query-input\":{\"@type\":\"PropertyValueSpecification\",\"valueRequired\":true,\"valueName\":\"search_term_string\"}}],\"inLanguage\":\"en-GB\"},{\"@type\":\"Organization\",\"@id\":\"https:\\\/\\\/ecodef-ihedn.fr\\\/#organization\",\"name\":\"Chaire \u00c9conomie de d\u00e9fense - IHEDN\",\"url\":\"https:\\\/\\\/ecodef-ihedn.fr\\\/\",\"logo\":{\"@type\":\"ImageObject\",\"inLanguage\":\"en-GB\",\"@id\":\"https:\\\/\\\/ecodef-ihedn.fr\\\/#\\\/schema\\\/logo\\\/image\\\/\",\"url\":\"https:\\\/\\\/ecodef-ihedn.fr\\\/wp-content\\\/uploads\\\/2020\\\/04\\\/logoEcodef9.jpg\",\"contentUrl\":\"https:\\\/\\\/ecodef-ihedn.fr\\\/wp-content\\\/uploads\\\/2020\\\/04\\\/logoEcodef9.jpg\",\"width\":410,\"height\":212,\"caption\":\"Chaire \u00c9conomie de d\u00e9fense - IHEDN\"},\"image\":{\"@id\":\"https:\\\/\\\/ecodef-ihedn.fr\\\/#\\\/schema\\\/logo\\\/image\\\/\"},\"sameAs\":[\"https:\\\/\\\/x.com\\\/Chaire_Ecodef\",\"https:\\\/\\\/www.linkedin.com\\\/company\\\/chaire-ecodef-ihedn\\\/\"]},{\"@type\":\"Person\",\"@id\":\"https:\\\/\\\/ecodef-ihedn.fr\\\/#\\\/schema\\\/person\\\/7b3f1a2d8fd336e0be2f9ff63ff0ebbc\",\"name\":\"dev\",\"image\":{\"@type\":\"ImageObject\",\"inLanguage\":\"en-GB\",\"@id\":\"https:\\\/\\\/secure.gravatar.com\\\/avatar\\\/f1ffcac9ca2fa95ad3ec33e9be3ade82f752acb0cabe541e56c5889225afa88a?s=96&d=mm&r=g\",\"url\":\"https:\\\/\\\/secure.gravatar.com\\\/avatar\\\/f1ffcac9ca2fa95ad3ec33e9be3ade82f752acb0cabe541e56c5889225afa88a?s=96&d=mm&r=g\",\"contentUrl\":\"https:\\\/\\\/secure.gravatar.com\\\/avatar\\\/f1ffcac9ca2fa95ad3ec33e9be3ade82f752acb0cabe541e56c5889225afa88a?s=96&d=mm&r=g\",\"caption\":\"dev\"},\"url\":\"https:\\\/\\\/ecodef-ihedn.fr\\\/en\\\/author\\\/dev\\\/\"}]}<\/script>\n<!-- \/ Yoast SEO plugin. -->","yoast_head_json":{"title":"pr\u00e9sentation de la Chaire \u00c9conomie de D\u00e9fense par Julien Malizard dans D\u00e9fense de l'Union IHEDN - Chaire \u00c9conomie de d\u00e9fense - IHEDN","robots":{"index":"index","follow":"follow","max-snippet":"max-snippet:-1","max-image-preview":"max-image-preview:large","max-video-preview":"max-video-preview:-1"},"canonical":"https:\/\/ecodef-ihedn.fr\/en\/presentation-de-la-chaire-economie-de-defense-par-julien-malizard-dans-defense-de-lunion-ihedn\/","og_locale":"en_GB","og_type":"article","og_title":"pr\u00e9sentation de la Chaire \u00c9conomie de D\u00e9fense par Julien Malizard dans D\u00e9fense de l'Union IHEDN - Chaire \u00c9conomie de d\u00e9fense - IHEDN","og_description":"Julien Malizard, chercheur \u00e0 la chaire Economie de D\u00e9fense, a publi\u00e9 un article dans la revue D\u00e9fense de l&rsquo;Union-IHEDN. L&rsquo;article pr\u00e9sente la Chaire Economie de d\u00e9fense en insistant sur l&rsquo;origine de sa cr\u00e9ation et ses missions principales : produire une recherche scientifique de r\u00e9f\u00e9rence et de diffuser la pens\u00e9e \u00e9conomique sur les questions de D\u00e9fense [&hellip;]","og_url":"https:\/\/ecodef-ihedn.fr\/en\/presentation-de-la-chaire-economie-de-defense-par-julien-malizard-dans-defense-de-lunion-ihedn\/","og_site_name":"Chaire \u00c9conomie de d\u00e9fense - IHEDN","article_published_time":"2019-01-07T00:00:00+00:00","article_modified_time":"2020-04-09T11:32:54+00:00","og_image":[{"width":1191,"height":1684,"url":"https:\/\/ecodef-ihedn.fr\/wp-content\/uploads\/2020\/04\/defense-195_couv-1.jpg","type":"image\/jpeg"}],"author":"dev","twitter_card":"summary_large_image","twitter_creator":"@Chaire_Ecodef","twitter_site":"@Chaire_Ecodef","twitter_misc":{"Written by":"dev","Estimated reading time":"1 minute"},"schema":{"@context":"https:\/\/schema.org","@graph":[{"@type":"Article","@id":"https:\/\/ecodef-ihedn.fr\/presentation-de-la-chaire-economie-de-defense-par-julien-malizard-dans-defense-de-lunion-ihedn\/#article","isPartOf":{"@id":"https:\/\/ecodef-ihedn.fr\/presentation-de-la-chaire-economie-de-defense-par-julien-malizard-dans-defense-de-lunion-ihedn\/"},"author":{"name":"dev","@id":"https:\/\/ecodef-ihedn.fr\/#\/schema\/person\/7b3f1a2d8fd336e0be2f9ff63ff0ebbc"},"headline":"pr\u00e9sentation de la Chaire \u00c9conomie de D\u00e9fense par Julien Malizard dans D\u00e9fense de l&rsquo;Union IHEDN","datePublished":"2019-01-07T00:00:00+00:00","dateModified":"2020-04-09T11:32:54+00:00","mainEntityOfPage":{"@id":"https:\/\/ecodef-ihedn.fr\/presentation-de-la-chaire-economie-de-defense-par-julien-malizard-dans-defense-de-lunion-ihedn\/"},"wordCount":168,"commentCount":0,"publisher":{"@id":"https:\/\/ecodef-ihedn.fr\/#organization"},"image":{"@id":"https:\/\/ecodef-ihedn.fr\/presentation-de-la-chaire-economie-de-defense-par-julien-malizard-dans-defense-de-lunion-ihedn\/#primaryimage"},"thumbnailUrl":"https:\/\/ecodef-ihedn.fr\/wp-content\/uploads\/2020\/04\/defense-195_couv-1.jpg","keywords":["Bilan","chaire \u00e9conomie de d\u00e9fense","IHEDN","Publications","Union de l'IHEDN"],"articleSection":["Publications"],"inLanguage":"en-GB","potentialAction":[{"@type":"CommentAction","name":"Comment","target":["https:\/\/ecodef-ihedn.fr\/presentation-de-la-chaire-economie-de-defense-par-julien-malizard-dans-defense-de-lunion-ihedn\/#respond"]}]},{"@type":"WebPage","@id":"https:\/\/ecodef-ihedn.fr\/presentation-de-la-chaire-economie-de-defense-par-julien-malizard-dans-defense-de-lunion-ihedn\/","url":"https:\/\/ecodef-ihedn.fr\/presentation-de-la-chaire-economie-de-defense-par-julien-malizard-dans-defense-de-lunion-ihedn\/","name":"pr\u00e9sentation de la Chaire \u00c9conomie de D\u00e9fense par Julien Malizard dans D\u00e9fense de l'Union IHEDN - Chaire \u00c9conomie de d\u00e9fense - IHEDN","isPartOf":{"@id":"https:\/\/ecodef-ihedn.fr\/#website"},"primaryImageOfPage":{"@id":"https:\/\/ecodef-ihedn.fr\/presentation-de-la-chaire-economie-de-defense-par-julien-malizard-dans-defense-de-lunion-ihedn\/#primaryimage"},"image":{"@id":"https:\/\/ecodef-ihedn.fr\/presentation-de-la-chaire-economie-de-defense-par-julien-malizard-dans-defense-de-lunion-ihedn\/#primaryimage"},"thumbnailUrl":"https:\/\/ecodef-ihedn.fr\/wp-content\/uploads\/2020\/04\/defense-195_couv-1.jpg","datePublished":"2019-01-07T00:00:00+00:00","dateModified":"2020-04-09T11:32:54+00:00","breadcrumb":{"@id":"https:\/\/ecodef-ihedn.fr\/presentation-de-la-chaire-economie-de-defense-par-julien-malizard-dans-defense-de-lunion-ihedn\/#breadcrumb"},"inLanguage":"en-GB","potentialAction":[{"@type":"ReadAction","target":["https:\/\/ecodef-ihedn.fr\/presentation-de-la-chaire-economie-de-defense-par-julien-malizard-dans-defense-de-lunion-ihedn\/"]}]},{"@type":"ImageObject","inLanguage":"en-GB","@id":"https:\/\/ecodef-ihedn.fr\/presentation-de-la-chaire-economie-de-defense-par-julien-malizard-dans-defense-de-lunion-ihedn\/#primaryimage","url":"https:\/\/ecodef-ihedn.fr\/wp-content\/uploads\/2020\/04\/defense-195_couv-1.jpg","contentUrl":"https:\/\/ecodef-ihedn.fr\/wp-content\/uploads\/2020\/04\/defense-195_couv-1.jpg","width":1191,"height":1684},{"@type":"BreadcrumbList","@id":"https:\/\/ecodef-ihedn.fr\/presentation-de-la-chaire-economie-de-defense-par-julien-malizard-dans-defense-de-lunion-ihedn\/#breadcrumb","itemListElement":[{"@type":"ListItem","position":1,"name":"Accueil","item":"https:\/\/ecodef-ihedn.fr\/"},{"@type":"ListItem","position":2,"name":"pr\u00e9sentation de la Chaire \u00c9conomie de D\u00e9fense par Julien Malizard dans D\u00e9fense de l&#8217;Union IHEDN"}]},{"@type":"WebSite","@id":"https:\/\/ecodef-ihedn.fr\/#website","url":"https:\/\/ecodef-ihedn.fr\/","name":"Chair in Defence Economics - IHEDN","description":"Produce &amp; support, federate &amp; disseminate, act as an interface","publisher":{"@id":"https:\/\/ecodef-ihedn.fr\/#organization"},"potentialAction":[{"@type":"SearchAction","target":{"@type":"EntryPoint","urlTemplate":"https:\/\/ecodef-ihedn.fr\/?s={search_term_string}"},"query-input":{"@type":"PropertyValueSpecification","valueRequired":true,"valueName":"search_term_string"}}],"inLanguage":"en-GB"},{"@type":"Organization","@id":"https:\/\/ecodef-ihedn.fr\/#organization","name":"Chair in Defence Economics - IHEDN","url":"https:\/\/ecodef-ihedn.fr\/","logo":{"@type":"ImageObject","inLanguage":"en-GB","@id":"https:\/\/ecodef-ihedn.fr\/#\/schema\/logo\/image\/","url":"https:\/\/ecodef-ihedn.fr\/wp-content\/uploads\/2020\/04\/logoEcodef9.jpg","contentUrl":"https:\/\/ecodef-ihedn.fr\/wp-content\/uploads\/2020\/04\/logoEcodef9.jpg","width":410,"height":212,"caption":"Chaire \u00c9conomie de d\u00e9fense - IHEDN"},"image":{"@id":"https:\/\/ecodef-ihedn.fr\/#\/schema\/logo\/image\/"},"sameAs":["https:\/\/x.com\/Chaire_Ecodef","https:\/\/www.linkedin.com\/company\/chaire-ecodef-ihedn\/"]},{"@type":"Person","@id":"https:\/\/ecodef-ihedn.fr\/#\/schema\/person\/7b3f1a2d8fd336e0be2f9ff63ff0ebbc","name":"dev","image":{"@type":"ImageObject","inLanguage":"en-GB","@id":"https:\/\/secure.gravatar.com\/avatar\/f1ffcac9ca2fa95ad3ec33e9be3ade82f752acb0cabe541e56c5889225afa88a?s=96&d=mm&r=g","url":"https:\/\/secure.gravatar.com\/avatar\/f1ffcac9ca2fa95ad3ec33e9be3ade82f752acb0cabe541e56c5889225afa88a?s=96&d=mm&r=g","contentUrl":"https:\/\/secure.gravatar.com\/avatar\/f1ffcac9ca2fa95ad3ec33e9be3ade82f752acb0cabe541e56c5889225afa88a?s=96&d=mm&r=g","caption":"dev"},"url":"https:\/\/ecodef-ihedn.fr\/en\/author\/dev\/"}]}},"_links":{"self":[{"href":"https:\/\/ecodef-ihedn.fr\/en\/wp-json\/wp\/v2\/posts\/1122","targetHints":{"allow":["GET"]}}],"collection":[{"href":"https:\/\/ecodef-ihedn.fr\/en\/wp-json\/wp\/v2\/posts"}],"about":[{"href":"https:\/\/ecodef-ihedn.fr\/en\/wp-json\/wp\/v2\/types\/post"}],"author":[{"embeddable":true,"href":"https:\/\/ecodef-ihedn.fr\/en\/wp-json\/wp\/v2\/users\/1"}],"replies":[{"embeddable":true,"href":"https:\/\/ecodef-ihedn.fr\/en\/wp-json\/wp\/v2\/comments?post=1122"}],"version-history":[{"count":3,"href":"https:\/\/ecodef-ihedn.fr\/en\/wp-json\/wp\/v2\/posts\/1122\/revisions"}],"predecessor-version":[{"id":1545,"href":"https:\/\/ecodef-ihedn.fr\/en\/wp-json\/wp\/v2\/posts\/1122\/revisions\/1545"}],"wp:featuredmedia":[{"embeddable":true,"href":"https:\/\/ecodef-ihedn.fr\/en\/wp-json\/wp\/v2\/media\/1123"}],"wp:attachment":[{"href":"https:\/\/ecodef-ihedn.fr\/en\/wp-json\/wp\/v2\/media?parent=1122"}],"wp:term":[{"taxonomy":"category","embeddable":true,"href":"https:\/\/ecodef-ihedn.fr\/en\/wp-json\/wp\/v2\/categories?post=1122"},{"taxonomy":"post_tag","embeddable":true,"href":"https:\/\/ecodef-ihedn.fr\/en\/wp-json\/wp\/v2\/tags?post=1122"}],"curies":[{"name":"wp","href":"https:\/\/api.w.org\/{rel}","templated":true}]}}