{"id":1126,"date":"2019-01-15T00:00:00","date_gmt":"2019-01-15T00:00:00","guid":{"rendered":"https:\/\/ecodef-ihedn.fr\/publication-article-delisa-darriet-sur-les-representations-de-la-defense-chez-les-jeunes-dans-la-revue-defense-nationale-rdn\/"},"modified":"2020-04-23T14:09:41","modified_gmt":"2020-04-23T14:09:41","slug":"article-delisa-darriet-sur-les-representations-de-la-defense-chez-les-jeunes-dans-la-revue-defense-nationale-rdn","status":"publish","type":"post","link":"https:\/\/ecodef-ihedn.fr\/en\/article-delisa-darriet-sur-les-representations-de-la-defense-chez-les-jeunes-dans-la-revue-defense-nationale-rdn\/","title":{"rendered":"Article by \u00c9lisa Darriet on young people's perceptions of Defence in the Revue D\u00e9fense Nationale (RDN)"},"content":{"rendered":"<div class=\"wp-block-image\"><figure class=\"aligncenter is-resized\"><img loading=\"lazy\" decoding=\"async\" src=\"https:\/\/ecodef-ihedn.fr\/wp-content\/uploads\/2020\/04\/rdn_couv_816_janv_2019-711x1024.jpg\" alt=\"\" class=\"wp-image-6737\" width=\"239\" height=\"343\" \/><figcaption>Cover of issue 816 of Revue D\u00e9fense Nationale, January 2019<\/figcaption><\/figure><\/div>\n\n\n\n<p><strong><a href=\"https:\/\/www.researchgate.net\/profile\/Elisa_Darriet\" target=\"_blank\" rel=\"noreferrer noopener\" aria-label=\"Elisa DARRIET (opens in a new tab)\">Elisa DARRIET<\/a>,<\/strong> Researcher at the <strong>Chair in Defence Economics,<\/strong> published in the <strong><a rel=\"noreferrer noopener\" aria-label=\"Revue D\u00e9fense Nationale (RDN) (opens in a new tab)\" href=\"http:\/\/www.defnat.com\/revue-defense-nationale.php\" target=\"_blank\">Revue D\u00e9fense Nationale (RDN)<\/a> <\/strong>an article entitled \u00ab\u00a0<a rel=\"noreferrer noopener\" href=\"http:\/\/www.defnat.com\/e-RDN\/vue-article.php?carticle=21939\" target=\"_blank\">Defence representation and budget support among young people<\/a>\u00ab\u00a0.<\/p>\n\n\n\n<p><strong>Summary of the article:<\/strong><\/p>\n\n\n\n<p> Defence means a budget <em>ad hoc<\/em>. It is therefore useful to study the <strong>perception <\/strong>approach to measuring<strong> public support<\/strong>e.  This study analyses the<strong> social representation of defence<\/strong> and its relationship with budget allocations for defence activities (e.g. external operations) among students. <\/p>\n\n\n\n<p>The author uses a <strong>questionnaire<\/strong> (consisting of an \u00abassociation task\u00bb, a sub-questionnaire on the distribution of the defence budget and a socio-demographic questionnaire) in order to <strong>collect data<\/strong>. <\/p>\n\n\n\n<p>The results show that the social representation of defence is structured around the notions: \u00abdefence\", \"defence\" and \"defence\".\u00ab&nbsp;<strong>army<\/strong>&nbsp;\u00bband\u00ab&nbsp;<strong>protection<\/strong>&nbsp;\u00bband\u00ab&nbsp;<strong>security<\/strong>&nbsp;\u00bb. These notions refer directly to the purpose of the armed forces (cf. Order no. 59-147, Jan. 1959). Furthermore, in the event of a possible increase in the defence budget, students would give priority to the budget item for the\u2019<strong>defence innovation<\/strong> (with civilian repercussions) rather than external operations and nuclear deterrence (which are, however, central to France's defence strategy according to the <em>White paper<\/em> in 2013 and the <em>Strategic review<\/em> of 2017). <\/p>\n\n\n\n<p>This study provides <strong>new elements<\/strong> on the analysis of <strong>relations between citizens' opinions<\/strong> (representations) of the defence and s<strong>udgetary support<\/strong>. The opinions of citizens could prove to be a significant support force in the construction of a <strong>European defence<\/strong>.<\/p>","protected":false},"excerpt":{"rendered":"<p>Elisa DARRIET, Chercheuse \u00e0 la Chaire \u00c9conomie de D\u00e9fense, publie dans la Revue D\u00e9fense Nationale (RDN) un article intitul\u00e9 \u00ab\u00a0Repr\u00e9sentation de la d\u00e9fense et soutien budg\u00e9taire chez les jeunes\u00ab\u00a0. R\u00e9sum\u00e9 de l&rsquo;article: La d\u00e9fense signifie un budget ad&nbsp;hoc. Il est donc utile d\u2019\u00e9tudier la perception de cette approche pour mesurer le soutien de l\u2019opinion publique. [&hellip;]<\/p>\n","protected":false},"author":1,"featured_media":1127,"comment_status":"open","ping_status":"open","sticky":false,"template":"","format":"standard","meta":{"footnotes":""},"categories":[350,352],"tags":[154,68,60,121,109,61,260,159,160],"class_list":{"0":"post-1126","1":"post","2":"type-post","3":"status-publish","4":"format-standard","5":"has-post-thumbnail","7":"category-publications","8":"category-thematique-2-determinants-et-impacts-de-la-depense-de-defense","9":"tag-budget","10":"tag-dissuasion","11":"tag-innovation","12":"tag-operations-exterieures","13":"tag-opex","14":"tag-rd","15":"tag-recherche-et-developpement","16":"tag-representations-sociales","17":"tag-representations-sociales-de-la-defense"},"yoast_head":"<!-- This site is optimized with the Yoast SEO plugin v27.4 - https:\/\/yoast.com\/product\/yoast-seo-wordpress\/ -->\n<title>Article d\u2019\u00c9lisa Darriet sur les repr\u00e9sentations de la D\u00e9fense chez les jeunes dans la Revue D\u00e9fense Nationale (RDN) - Chaire \u00c9conomie de d\u00e9fense - IHEDN<\/title>\n<meta name=\"robots\" content=\"index, follow, max-snippet:-1, max-image-preview:large, max-video-preview:-1\" \/>\n<link rel=\"canonical\" href=\"https:\/\/ecodef-ihedn.fr\/en\/article-delisa-darriet-sur-les-representations-de-la-defense-chez-les-jeunes-dans-la-revue-defense-nationale-rdn\/\" \/>\n<meta property=\"og:locale\" content=\"en_GB\" \/>\n<meta property=\"og:type\" content=\"article\" \/>\n<meta property=\"og:title\" content=\"Article d\u2019\u00c9lisa Darriet sur les repr\u00e9sentations de la D\u00e9fense chez les jeunes dans la Revue D\u00e9fense Nationale (RDN) - Chaire \u00c9conomie de d\u00e9fense - IHEDN\" \/>\n<meta property=\"og:description\" content=\"Elisa DARRIET, Chercheuse \u00e0 la Chaire \u00c9conomie de D\u00e9fense, publie dans la Revue D\u00e9fense Nationale (RDN) un article intitul\u00e9 \u00ab\u00a0Repr\u00e9sentation de la d\u00e9fense et soutien budg\u00e9taire chez les jeunes\u00ab\u00a0. R\u00e9sum\u00e9 de l&rsquo;article: La d\u00e9fense signifie un budget ad&nbsp;hoc. Il est donc utile d\u2019\u00e9tudier la perception de cette approche pour mesurer le soutien de l\u2019opinion publique. [&hellip;]\" \/>\n<meta property=\"og:url\" content=\"https:\/\/ecodef-ihedn.fr\/en\/article-delisa-darriet-sur-les-representations-de-la-defense-chez-les-jeunes-dans-la-revue-defense-nationale-rdn\/\" \/>\n<meta property=\"og:site_name\" content=\"Chaire \u00c9conomie de d\u00e9fense - IHEDN\" \/>\n<meta property=\"article:published_time\" content=\"2019-01-15T00:00:00+00:00\" \/>\n<meta property=\"article:modified_time\" content=\"2020-04-23T14:09:41+00:00\" \/>\n<meta property=\"og:image\" content=\"https:\/\/ecodef-ihedn.fr\/wp-content\/uploads\/2020\/04\/rdn_couv_816_janv_2019.jpg\" \/>\n\t<meta property=\"og:image:width\" content=\"1004\" \/>\n\t<meta property=\"og:image:height\" content=\"1447\" \/>\n\t<meta property=\"og:image:type\" content=\"image\/jpeg\" \/>\n<meta name=\"author\" content=\"dev\" \/>\n<meta name=\"twitter:card\" content=\"summary_large_image\" \/>\n<meta name=\"twitter:creator\" content=\"@Chaire_Ecodef\" \/>\n<meta name=\"twitter:site\" content=\"@Chaire_Ecodef\" \/>\n<meta name=\"twitter:label1\" content=\"Written by\" \/>\n\t<meta name=\"twitter:data1\" content=\"dev\" \/>\n\t<meta name=\"twitter:label2\" content=\"Estimated reading time\" \/>\n\t<meta name=\"twitter:data2\" content=\"2 minutes\" \/>\n<script type=\"application\/ld+json\" class=\"yoast-schema-graph\">{\"@context\":\"https:\\\/\\\/schema.org\",\"@graph\":[{\"@type\":\"Article\",\"@id\":\"https:\\\/\\\/ecodef-ihedn.fr\\\/article-delisa-darriet-sur-les-representations-de-la-defense-chez-les-jeunes-dans-la-revue-defense-nationale-rdn\\\/#article\",\"isPartOf\":{\"@id\":\"https:\\\/\\\/ecodef-ihedn.fr\\\/article-delisa-darriet-sur-les-representations-de-la-defense-chez-les-jeunes-dans-la-revue-defense-nationale-rdn\\\/\"},\"author\":{\"name\":\"dev\",\"@id\":\"https:\\\/\\\/ecodef-ihedn.fr\\\/#\\\/schema\\\/person\\\/7b3f1a2d8fd336e0be2f9ff63ff0ebbc\"},\"headline\":\"Article d\u2019\u00c9lisa Darriet sur les repr\u00e9sentations de la D\u00e9fense chez les jeunes dans la Revue D\u00e9fense Nationale (RDN)\",\"datePublished\":\"2019-01-15T00:00:00+00:00\",\"dateModified\":\"2020-04-23T14:09:41+00:00\",\"mainEntityOfPage\":{\"@id\":\"https:\\\/\\\/ecodef-ihedn.fr\\\/article-delisa-darriet-sur-les-representations-de-la-defense-chez-les-jeunes-dans-la-revue-defense-nationale-rdn\\\/\"},\"wordCount\":346,\"commentCount\":0,\"publisher\":{\"@id\":\"https:\\\/\\\/ecodef-ihedn.fr\\\/#organization\"},\"image\":{\"@id\":\"https:\\\/\\\/ecodef-ihedn.fr\\\/article-delisa-darriet-sur-les-representations-de-la-defense-chez-les-jeunes-dans-la-revue-defense-nationale-rdn\\\/#primaryimage\"},\"thumbnailUrl\":\"https:\\\/\\\/ecodef-ihedn.fr\\\/wp-content\\\/uploads\\\/2020\\\/04\\\/rdn_couv_816_janv_2019.jpg\",\"keywords\":[\"Budget\",\"dissuasion\",\"innovation\",\"Op\u00e9rations ext\u00e9rieures\",\"OPEX\",\"R&amp;D\",\"Recherche et d\u00e9veloppement\",\"Repr\u00e9sentations sociales\",\"Repr\u00e9sentations sociales de la d\u00e9fense\"],\"articleSection\":[\"Publications\",\"Th\u00e9matique 2 : d\u00e9terminants et impacts de la d\u00e9pense de d\u00e9fense\"],\"inLanguage\":\"en-GB\",\"potentialAction\":[{\"@type\":\"CommentAction\",\"name\":\"Comment\",\"target\":[\"https:\\\/\\\/ecodef-ihedn.fr\\\/article-delisa-darriet-sur-les-representations-de-la-defense-chez-les-jeunes-dans-la-revue-defense-nationale-rdn\\\/#respond\"]}]},{\"@type\":\"WebPage\",\"@id\":\"https:\\\/\\\/ecodef-ihedn.fr\\\/article-delisa-darriet-sur-les-representations-de-la-defense-chez-les-jeunes-dans-la-revue-defense-nationale-rdn\\\/\",\"url\":\"https:\\\/\\\/ecodef-ihedn.fr\\\/article-delisa-darriet-sur-les-representations-de-la-defense-chez-les-jeunes-dans-la-revue-defense-nationale-rdn\\\/\",\"name\":\"Article d\u2019\u00c9lisa Darriet sur les repr\u00e9sentations de la D\u00e9fense chez les jeunes dans la Revue D\u00e9fense Nationale (RDN) - Chaire \u00c9conomie de d\u00e9fense - IHEDN\",\"isPartOf\":{\"@id\":\"https:\\\/\\\/ecodef-ihedn.fr\\\/#website\"},\"primaryImageOfPage\":{\"@id\":\"https:\\\/\\\/ecodef-ihedn.fr\\\/article-delisa-darriet-sur-les-representations-de-la-defense-chez-les-jeunes-dans-la-revue-defense-nationale-rdn\\\/#primaryimage\"},\"image\":{\"@id\":\"https:\\\/\\\/ecodef-ihedn.fr\\\/article-delisa-darriet-sur-les-representations-de-la-defense-chez-les-jeunes-dans-la-revue-defense-nationale-rdn\\\/#primaryimage\"},\"thumbnailUrl\":\"https:\\\/\\\/ecodef-ihedn.fr\\\/wp-content\\\/uploads\\\/2020\\\/04\\\/rdn_couv_816_janv_2019.jpg\",\"datePublished\":\"2019-01-15T00:00:00+00:00\",\"dateModified\":\"2020-04-23T14:09:41+00:00\",\"breadcrumb\":{\"@id\":\"https:\\\/\\\/ecodef-ihedn.fr\\\/article-delisa-darriet-sur-les-representations-de-la-defense-chez-les-jeunes-dans-la-revue-defense-nationale-rdn\\\/#breadcrumb\"},\"inLanguage\":\"en-GB\",\"potentialAction\":[{\"@type\":\"ReadAction\",\"target\":[\"https:\\\/\\\/ecodef-ihedn.fr\\\/article-delisa-darriet-sur-les-representations-de-la-defense-chez-les-jeunes-dans-la-revue-defense-nationale-rdn\\\/\"]}]},{\"@type\":\"ImageObject\",\"inLanguage\":\"en-GB\",\"@id\":\"https:\\\/\\\/ecodef-ihedn.fr\\\/article-delisa-darriet-sur-les-representations-de-la-defense-chez-les-jeunes-dans-la-revue-defense-nationale-rdn\\\/#primaryimage\",\"url\":\"https:\\\/\\\/ecodef-ihedn.fr\\\/wp-content\\\/uploads\\\/2020\\\/04\\\/rdn_couv_816_janv_2019.jpg\",\"contentUrl\":\"https:\\\/\\\/ecodef-ihedn.fr\\\/wp-content\\\/uploads\\\/2020\\\/04\\\/rdn_couv_816_janv_2019.jpg\",\"width\":1004,\"height\":1447},{\"@type\":\"BreadcrumbList\",\"@id\":\"https:\\\/\\\/ecodef-ihedn.fr\\\/article-delisa-darriet-sur-les-representations-de-la-defense-chez-les-jeunes-dans-la-revue-defense-nationale-rdn\\\/#breadcrumb\",\"itemListElement\":[{\"@type\":\"ListItem\",\"position\":1,\"name\":\"Accueil\",\"item\":\"https:\\\/\\\/ecodef-ihedn.fr\\\/\"},{\"@type\":\"ListItem\",\"position\":2,\"name\":\"Article d\u2019\u00c9lisa Darriet sur les repr\u00e9sentations de la D\u00e9fense chez les jeunes dans la Revue D\u00e9fense Nationale (RDN)\"}]},{\"@type\":\"WebSite\",\"@id\":\"https:\\\/\\\/ecodef-ihedn.fr\\\/#website\",\"url\":\"https:\\\/\\\/ecodef-ihedn.fr\\\/\",\"name\":\"Chaire \u00c9conomie de D\u00e9fense - IHEDN\",\"description\":\"Produire &amp; soutenir, f\u00e9d\u00e9rer &amp; diffuser, \u00eatre une interface\",\"publisher\":{\"@id\":\"https:\\\/\\\/ecodef-ihedn.fr\\\/#organization\"},\"potentialAction\":[{\"@type\":\"SearchAction\",\"target\":{\"@type\":\"EntryPoint\",\"urlTemplate\":\"https:\\\/\\\/ecodef-ihedn.fr\\\/?s={search_term_string}\"},\"query-input\":{\"@type\":\"PropertyValueSpecification\",\"valueRequired\":true,\"valueName\":\"search_term_string\"}}],\"inLanguage\":\"en-GB\"},{\"@type\":\"Organization\",\"@id\":\"https:\\\/\\\/ecodef-ihedn.fr\\\/#organization\",\"name\":\"Chaire \u00c9conomie de d\u00e9fense - IHEDN\",\"url\":\"https:\\\/\\\/ecodef-ihedn.fr\\\/\",\"logo\":{\"@type\":\"ImageObject\",\"inLanguage\":\"en-GB\",\"@id\":\"https:\\\/\\\/ecodef-ihedn.fr\\\/#\\\/schema\\\/logo\\\/image\\\/\",\"url\":\"https:\\\/\\\/ecodef-ihedn.fr\\\/wp-content\\\/uploads\\\/2020\\\/04\\\/logoEcodef9.jpg\",\"contentUrl\":\"https:\\\/\\\/ecodef-ihedn.fr\\\/wp-content\\\/uploads\\\/2020\\\/04\\\/logoEcodef9.jpg\",\"width\":410,\"height\":212,\"caption\":\"Chaire \u00c9conomie de d\u00e9fense - IHEDN\"},\"image\":{\"@id\":\"https:\\\/\\\/ecodef-ihedn.fr\\\/#\\\/schema\\\/logo\\\/image\\\/\"},\"sameAs\":[\"https:\\\/\\\/x.com\\\/Chaire_Ecodef\",\"https:\\\/\\\/www.linkedin.com\\\/company\\\/chaire-ecodef-ihedn\\\/\"]},{\"@type\":\"Person\",\"@id\":\"https:\\\/\\\/ecodef-ihedn.fr\\\/#\\\/schema\\\/person\\\/7b3f1a2d8fd336e0be2f9ff63ff0ebbc\",\"name\":\"dev\",\"image\":{\"@type\":\"ImageObject\",\"inLanguage\":\"en-GB\",\"@id\":\"https:\\\/\\\/secure.gravatar.com\\\/avatar\\\/f1ffcac9ca2fa95ad3ec33e9be3ade82f752acb0cabe541e56c5889225afa88a?s=96&d=mm&r=g\",\"url\":\"https:\\\/\\\/secure.gravatar.com\\\/avatar\\\/f1ffcac9ca2fa95ad3ec33e9be3ade82f752acb0cabe541e56c5889225afa88a?s=96&d=mm&r=g\",\"contentUrl\":\"https:\\\/\\\/secure.gravatar.com\\\/avatar\\\/f1ffcac9ca2fa95ad3ec33e9be3ade82f752acb0cabe541e56c5889225afa88a?s=96&d=mm&r=g\",\"caption\":\"dev\"},\"url\":\"https:\\\/\\\/ecodef-ihedn.fr\\\/en\\\/author\\\/dev\\\/\"}]}<\/script>\n<!-- \/ Yoast SEO plugin. -->","yoast_head_json":{"title":"Article d\u2019\u00c9lisa Darriet sur les repr\u00e9sentations de la D\u00e9fense chez les jeunes dans la Revue D\u00e9fense Nationale (RDN) - Chaire \u00c9conomie de d\u00e9fense - IHEDN","robots":{"index":"index","follow":"follow","max-snippet":"max-snippet:-1","max-image-preview":"max-image-preview:large","max-video-preview":"max-video-preview:-1"},"canonical":"https:\/\/ecodef-ihedn.fr\/en\/article-delisa-darriet-sur-les-representations-de-la-defense-chez-les-jeunes-dans-la-revue-defense-nationale-rdn\/","og_locale":"en_GB","og_type":"article","og_title":"Article d\u2019\u00c9lisa Darriet sur les repr\u00e9sentations de la D\u00e9fense chez les jeunes dans la Revue D\u00e9fense Nationale (RDN) - Chaire \u00c9conomie de d\u00e9fense - IHEDN","og_description":"Elisa DARRIET, Chercheuse \u00e0 la Chaire \u00c9conomie de D\u00e9fense, publie dans la Revue D\u00e9fense Nationale (RDN) un article intitul\u00e9 \u00ab\u00a0Repr\u00e9sentation de la d\u00e9fense et soutien budg\u00e9taire chez les jeunes\u00ab\u00a0. R\u00e9sum\u00e9 de l&rsquo;article: La d\u00e9fense signifie un budget ad&nbsp;hoc. Il est donc utile d\u2019\u00e9tudier la perception de cette approche pour mesurer le soutien de l\u2019opinion publique. [&hellip;]","og_url":"https:\/\/ecodef-ihedn.fr\/en\/article-delisa-darriet-sur-les-representations-de-la-defense-chez-les-jeunes-dans-la-revue-defense-nationale-rdn\/","og_site_name":"Chaire \u00c9conomie de d\u00e9fense - IHEDN","article_published_time":"2019-01-15T00:00:00+00:00","article_modified_time":"2020-04-23T14:09:41+00:00","og_image":[{"width":1004,"height":1447,"url":"https:\/\/ecodef-ihedn.fr\/wp-content\/uploads\/2020\/04\/rdn_couv_816_janv_2019.jpg","type":"image\/jpeg"}],"author":"dev","twitter_card":"summary_large_image","twitter_creator":"@Chaire_Ecodef","twitter_site":"@Chaire_Ecodef","twitter_misc":{"Written by":"dev","Estimated reading time":"2 minutes"},"schema":{"@context":"https:\/\/schema.org","@graph":[{"@type":"Article","@id":"https:\/\/ecodef-ihedn.fr\/article-delisa-darriet-sur-les-representations-de-la-defense-chez-les-jeunes-dans-la-revue-defense-nationale-rdn\/#article","isPartOf":{"@id":"https:\/\/ecodef-ihedn.fr\/article-delisa-darriet-sur-les-representations-de-la-defense-chez-les-jeunes-dans-la-revue-defense-nationale-rdn\/"},"author":{"name":"dev","@id":"https:\/\/ecodef-ihedn.fr\/#\/schema\/person\/7b3f1a2d8fd336e0be2f9ff63ff0ebbc"},"headline":"Article d\u2019\u00c9lisa Darriet sur les repr\u00e9sentations de la D\u00e9fense chez les jeunes dans la Revue D\u00e9fense Nationale (RDN)","datePublished":"2019-01-15T00:00:00+00:00","dateModified":"2020-04-23T14:09:41+00:00","mainEntityOfPage":{"@id":"https:\/\/ecodef-ihedn.fr\/article-delisa-darriet-sur-les-representations-de-la-defense-chez-les-jeunes-dans-la-revue-defense-nationale-rdn\/"},"wordCount":346,"commentCount":0,"publisher":{"@id":"https:\/\/ecodef-ihedn.fr\/#organization"},"image":{"@id":"https:\/\/ecodef-ihedn.fr\/article-delisa-darriet-sur-les-representations-de-la-defense-chez-les-jeunes-dans-la-revue-defense-nationale-rdn\/#primaryimage"},"thumbnailUrl":"https:\/\/ecodef-ihedn.fr\/wp-content\/uploads\/2020\/04\/rdn_couv_816_janv_2019.jpg","keywords":["Budget","dissuasion","innovation","Op\u00e9rations ext\u00e9rieures","OPEX","R&amp;D","Recherche et d\u00e9veloppement","Repr\u00e9sentations sociales","Repr\u00e9sentations sociales de la d\u00e9fense"],"articleSection":["Publications","Th\u00e9matique 2 : d\u00e9terminants et impacts de la d\u00e9pense de d\u00e9fense"],"inLanguage":"en-GB","potentialAction":[{"@type":"CommentAction","name":"Comment","target":["https:\/\/ecodef-ihedn.fr\/article-delisa-darriet-sur-les-representations-de-la-defense-chez-les-jeunes-dans-la-revue-defense-nationale-rdn\/#respond"]}]},{"@type":"WebPage","@id":"https:\/\/ecodef-ihedn.fr\/article-delisa-darriet-sur-les-representations-de-la-defense-chez-les-jeunes-dans-la-revue-defense-nationale-rdn\/","url":"https:\/\/ecodef-ihedn.fr\/article-delisa-darriet-sur-les-representations-de-la-defense-chez-les-jeunes-dans-la-revue-defense-nationale-rdn\/","name":"Article d\u2019\u00c9lisa Darriet sur les repr\u00e9sentations de la D\u00e9fense chez les jeunes dans la Revue D\u00e9fense Nationale (RDN) - Chaire \u00c9conomie de d\u00e9fense - IHEDN","isPartOf":{"@id":"https:\/\/ecodef-ihedn.fr\/#website"},"primaryImageOfPage":{"@id":"https:\/\/ecodef-ihedn.fr\/article-delisa-darriet-sur-les-representations-de-la-defense-chez-les-jeunes-dans-la-revue-defense-nationale-rdn\/#primaryimage"},"image":{"@id":"https:\/\/ecodef-ihedn.fr\/article-delisa-darriet-sur-les-representations-de-la-defense-chez-les-jeunes-dans-la-revue-defense-nationale-rdn\/#primaryimage"},"thumbnailUrl":"https:\/\/ecodef-ihedn.fr\/wp-content\/uploads\/2020\/04\/rdn_couv_816_janv_2019.jpg","datePublished":"2019-01-15T00:00:00+00:00","dateModified":"2020-04-23T14:09:41+00:00","breadcrumb":{"@id":"https:\/\/ecodef-ihedn.fr\/article-delisa-darriet-sur-les-representations-de-la-defense-chez-les-jeunes-dans-la-revue-defense-nationale-rdn\/#breadcrumb"},"inLanguage":"en-GB","potentialAction":[{"@type":"ReadAction","target":["https:\/\/ecodef-ihedn.fr\/article-delisa-darriet-sur-les-representations-de-la-defense-chez-les-jeunes-dans-la-revue-defense-nationale-rdn\/"]}]},{"@type":"ImageObject","inLanguage":"en-GB","@id":"https:\/\/ecodef-ihedn.fr\/article-delisa-darriet-sur-les-representations-de-la-defense-chez-les-jeunes-dans-la-revue-defense-nationale-rdn\/#primaryimage","url":"https:\/\/ecodef-ihedn.fr\/wp-content\/uploads\/2020\/04\/rdn_couv_816_janv_2019.jpg","contentUrl":"https:\/\/ecodef-ihedn.fr\/wp-content\/uploads\/2020\/04\/rdn_couv_816_janv_2019.jpg","width":1004,"height":1447},{"@type":"BreadcrumbList","@id":"https:\/\/ecodef-ihedn.fr\/article-delisa-darriet-sur-les-representations-de-la-defense-chez-les-jeunes-dans-la-revue-defense-nationale-rdn\/#breadcrumb","itemListElement":[{"@type":"ListItem","position":1,"name":"Accueil","item":"https:\/\/ecodef-ihedn.fr\/"},{"@type":"ListItem","position":2,"name":"Article d\u2019\u00c9lisa Darriet sur les repr\u00e9sentations de la D\u00e9fense chez les jeunes dans la Revue D\u00e9fense Nationale (RDN)"}]},{"@type":"WebSite","@id":"https:\/\/ecodef-ihedn.fr\/#website","url":"https:\/\/ecodef-ihedn.fr\/","name":"Chair in Defence Economics - IHEDN","description":"Produce &amp; support, federate &amp; disseminate, act as an interface","publisher":{"@id":"https:\/\/ecodef-ihedn.fr\/#organization"},"potentialAction":[{"@type":"SearchAction","target":{"@type":"EntryPoint","urlTemplate":"https:\/\/ecodef-ihedn.fr\/?s={search_term_string}"},"query-input":{"@type":"PropertyValueSpecification","valueRequired":true,"valueName":"search_term_string"}}],"inLanguage":"en-GB"},{"@type":"Organization","@id":"https:\/\/ecodef-ihedn.fr\/#organization","name":"Chair in Defence Economics - IHEDN","url":"https:\/\/ecodef-ihedn.fr\/","logo":{"@type":"ImageObject","inLanguage":"en-GB","@id":"https:\/\/ecodef-ihedn.fr\/#\/schema\/logo\/image\/","url":"https:\/\/ecodef-ihedn.fr\/wp-content\/uploads\/2020\/04\/logoEcodef9.jpg","contentUrl":"https:\/\/ecodef-ihedn.fr\/wp-content\/uploads\/2020\/04\/logoEcodef9.jpg","width":410,"height":212,"caption":"Chaire \u00c9conomie de d\u00e9fense - IHEDN"},"image":{"@id":"https:\/\/ecodef-ihedn.fr\/#\/schema\/logo\/image\/"},"sameAs":["https:\/\/x.com\/Chaire_Ecodef","https:\/\/www.linkedin.com\/company\/chaire-ecodef-ihedn\/"]},{"@type":"Person","@id":"https:\/\/ecodef-ihedn.fr\/#\/schema\/person\/7b3f1a2d8fd336e0be2f9ff63ff0ebbc","name":"dev","image":{"@type":"ImageObject","inLanguage":"en-GB","@id":"https:\/\/secure.gravatar.com\/avatar\/f1ffcac9ca2fa95ad3ec33e9be3ade82f752acb0cabe541e56c5889225afa88a?s=96&d=mm&r=g","url":"https:\/\/secure.gravatar.com\/avatar\/f1ffcac9ca2fa95ad3ec33e9be3ade82f752acb0cabe541e56c5889225afa88a?s=96&d=mm&r=g","contentUrl":"https:\/\/secure.gravatar.com\/avatar\/f1ffcac9ca2fa95ad3ec33e9be3ade82f752acb0cabe541e56c5889225afa88a?s=96&d=mm&r=g","caption":"dev"},"url":"https:\/\/ecodef-ihedn.fr\/en\/author\/dev\/"}]}},"_links":{"self":[{"href":"https:\/\/ecodef-ihedn.fr\/en\/wp-json\/wp\/v2\/posts\/1126","targetHints":{"allow":["GET"]}}],"collection":[{"href":"https:\/\/ecodef-ihedn.fr\/en\/wp-json\/wp\/v2\/posts"}],"about":[{"href":"https:\/\/ecodef-ihedn.fr\/en\/wp-json\/wp\/v2\/types\/post"}],"author":[{"embeddable":true,"href":"https:\/\/ecodef-ihedn.fr\/en\/wp-json\/wp\/v2\/users\/1"}],"replies":[{"embeddable":true,"href":"https:\/\/ecodef-ihedn.fr\/en\/wp-json\/wp\/v2\/comments?post=1126"}],"version-history":[{"count":3,"href":"https:\/\/ecodef-ihedn.fr\/en\/wp-json\/wp\/v2\/posts\/1126\/revisions"}],"predecessor-version":[{"id":1543,"href":"https:\/\/ecodef-ihedn.fr\/en\/wp-json\/wp\/v2\/posts\/1126\/revisions\/1543"}],"wp:featuredmedia":[{"embeddable":true,"href":"https:\/\/ecodef-ihedn.fr\/en\/wp-json\/wp\/v2\/media\/1127"}],"wp:attachment":[{"href":"https:\/\/ecodef-ihedn.fr\/en\/wp-json\/wp\/v2\/media?parent=1126"}],"wp:term":[{"taxonomy":"category","embeddable":true,"href":"https:\/\/ecodef-ihedn.fr\/en\/wp-json\/wp\/v2\/categories?post=1126"},{"taxonomy":"post_tag","embeddable":true,"href":"https:\/\/ecodef-ihedn.fr\/en\/wp-json\/wp\/v2\/tags?post=1126"}],"curies":[{"name":"wp","href":"https:\/\/api.w.org\/{rel}","templated":true}]}}