{"id":1128,"date":"2019-01-24T00:00:00","date_gmt":"2019-01-24T00:00:00","guid":{"rendered":"https:\/\/ecodef-ihedn.fr\/recrutement-dun-chercheur-a-la-chaire-defense-et-aerospatial-bordeaux\/"},"modified":"2020-04-10T08:34:11","modified_gmt":"2020-04-10T08:34:11","slug":"recrutement-dun-chercheur-a-la-chaire-defense-et-aerospatial-bordeaux","status":"publish","type":"post","link":"https:\/\/ecodef-ihedn.fr\/en\/recrutement-dun-chercheur-a-la-chaire-defense-et-aerospatial-bordeaux\/","title":{"rendered":"Recruitment of a researcher for the \u00abDefence and Aerospace\u00bb Chair, Bordeaux"},"content":{"rendered":"<div class=\"wp-block-image\"><figure class=\"aligncenter\"><img decoding=\"async\" src=\"https:\/\/ecodef-ihedn.fr\/wp-content\/uploads\/2020\/04\/chaire_defense_et_aerospatial_bordeaux.jpg\" alt=\"\" class=\"wp-image-6776\" \/><\/figure><\/div>\n\n\n\n<p>As part of its research mission, <a rel=\"noreferrer noopener\" aria-label=\"Defence &amp; Aerospace Chair (opens in a new tab)\" href=\"http:\/\/www.fondation.univ-bordeaux.fr\/projet\/chaire-defense-aerospatial\" target=\"_blank\"><strong>the \u00abDefence &amp; Aerospace\u00bb chair\u00bb<\/strong><\/a> launches the<strong> recruitment of a researcher<\/strong> for an initial period of one year in the <strong>in the field of social and cognitive sciences<\/strong>. <strong><a href=\"https:\/\/economie-defense.fr\/wp-content\/uploads\/2019\/01\/2019-chaire-defense-aerospatial-offre-demploi-vf.pdf\" target=\"_blank\" rel=\"noreferrer noopener\" aria-label=\"This offer (opens in a new tab)\">This offer<\/a> <\/strong>is aimed at <strong>post-doctorate<\/strong> with expertise in the field of <strong>Defence space strategy<\/strong>.<\/p>\n\n\n\n<p>Interested candidates are invited to read the job advertisement and complete the application form. <strong><a rel=\"noreferrer noopener\" aria-label=\"application form (opens in a new tab)\" href=\"https:\/\/economie-defense.fr\/wp-content\/uploads\/2019\/01\/2019-chaire-defense-aerospatial-dossier-de-candidature-vf.docx\" target=\"_blank\">application form<\/a><\/strong><a rel=\"noreferrer noopener\" aria-label=\"application form (opens in a new tab)\" href=\"https:\/\/economie-defense.fr\/wp-content\/uploads\/2019\/01\/2019-chaire-defense-aerospatial-dossier-de-candidature-vf.docx\" target=\"_blank\"> <\/a>to be sent by <strong>20 February 2019<\/strong> \u00e0 : <strong>juliette.deunff@fbxu.org<\/strong><\/p>\n\n\n\n<p>A <strong>jury of eminent persons<\/strong> authority on university research will select the most promising <strong>eligible projects <\/strong>for a<strong>The project will come on stream in March 2019.<\/strong><\/p>","protected":false},"excerpt":{"rendered":"<p>Dans le cadre de sa mission de recherche, la chaire \u00ab D\u00e9fense &amp; A\u00e9rospatial \u00bb lance le recrutement d\u2019un chercheur pour une dur\u00e9e initiale d\u2019un an dans le domaine des SHS et des sciences cognitiques. Cette offre s\u2019adresse aux candidats \u00e0 un post-doctorat disposant d\u2019une expertise en mati\u00e8re de Strat\u00e9gie spatiale de d\u00e9fense. Les candidats [&hellip;]<\/p>\n","protected":false},"author":1,"featured_media":1129,"comment_status":"open","ping_status":"open","sticky":false,"template":"","format":"standard","meta":{"footnotes":""},"categories":[360],"tags":[261,262,263,85,264],"class_list":{"0":"post-1128","1":"post","2":"type-post","3":"status-publish","4":"format-standard","5":"has-post-thumbnail","7":"category-actualites-du-reseau","8":"tag-bordeaux","9":"tag-chaire-defense-et-aerospatial","10":"tag-cognitique","11":"tag-recrutement","12":"tag-shs"},"yoast_head":"<!-- This site is optimized with the Yoast SEO plugin v27.4 - https:\/\/yoast.com\/product\/yoast-seo-wordpress\/ -->\n<title>Recrutement d&#039;un chercheur \u00e0 la chaire &quot;D\u00e9fense et A\u00e9rospatial&quot;, Bordeaux - Chaire \u00c9conomie de d\u00e9fense - IHEDN<\/title>\n<meta name=\"robots\" content=\"index, follow, max-snippet:-1, max-image-preview:large, max-video-preview:-1\" \/>\n<link rel=\"canonical\" href=\"https:\/\/ecodef-ihedn.fr\/en\/recrutement-dun-chercheur-a-la-chaire-defense-et-aerospatial-bordeaux\/\" \/>\n<meta property=\"og:locale\" content=\"en_GB\" \/>\n<meta property=\"og:type\" content=\"article\" \/>\n<meta property=\"og:title\" content=\"Recrutement d&#039;un chercheur \u00e0 la chaire &quot;D\u00e9fense et A\u00e9rospatial&quot;, Bordeaux - Chaire \u00c9conomie de d\u00e9fense - IHEDN\" \/>\n<meta property=\"og:description\" content=\"Dans le cadre de sa mission de recherche, la chaire \u00ab D\u00e9fense &amp; A\u00e9rospatial \u00bb lance le recrutement d\u2019un chercheur pour une dur\u00e9e initiale d\u2019un an dans le domaine des SHS et des sciences cognitiques. Cette offre s\u2019adresse aux candidats \u00e0 un post-doctorat disposant d\u2019une expertise en mati\u00e8re de Strat\u00e9gie spatiale de d\u00e9fense. Les candidats [&hellip;]\" \/>\n<meta property=\"og:url\" content=\"https:\/\/ecodef-ihedn.fr\/en\/recrutement-dun-chercheur-a-la-chaire-defense-et-aerospatial-bordeaux\/\" \/>\n<meta property=\"og:site_name\" content=\"Chaire \u00c9conomie de d\u00e9fense - IHEDN\" \/>\n<meta property=\"article:published_time\" content=\"2019-01-24T00:00:00+00:00\" \/>\n<meta property=\"article:modified_time\" content=\"2020-04-10T08:34:11+00:00\" \/>\n<meta property=\"og:image\" content=\"https:\/\/ecodef-ihedn.fr\/wp-content\/uploads\/2020\/04\/chaire_defense_et_aerospatial_bordeaux.jpg\" \/>\n\t<meta property=\"og:image:width\" content=\"382\" \/>\n\t<meta property=\"og:image:height\" content=\"132\" \/>\n\t<meta property=\"og:image:type\" content=\"image\/jpeg\" \/>\n<meta name=\"author\" content=\"dev\" \/>\n<meta name=\"twitter:card\" content=\"summary_large_image\" \/>\n<meta name=\"twitter:creator\" content=\"@Chaire_Ecodef\" \/>\n<meta name=\"twitter:site\" content=\"@Chaire_Ecodef\" \/>\n<meta name=\"twitter:label1\" content=\"Written by\" \/>\n\t<meta name=\"twitter:data1\" content=\"dev\" \/>\n\t<meta name=\"twitter:label2\" content=\"Estimated reading time\" \/>\n\t<meta name=\"twitter:data2\" content=\"1 minute\" \/>\n<script type=\"application\/ld+json\" class=\"yoast-schema-graph\">{\"@context\":\"https:\\\/\\\/schema.org\",\"@graph\":[{\"@type\":\"Article\",\"@id\":\"https:\\\/\\\/ecodef-ihedn.fr\\\/recrutement-dun-chercheur-a-la-chaire-defense-et-aerospatial-bordeaux\\\/#article\",\"isPartOf\":{\"@id\":\"https:\\\/\\\/ecodef-ihedn.fr\\\/recrutement-dun-chercheur-a-la-chaire-defense-et-aerospatial-bordeaux\\\/\"},\"author\":{\"name\":\"dev\",\"@id\":\"https:\\\/\\\/ecodef-ihedn.fr\\\/#\\\/schema\\\/person\\\/7b3f1a2d8fd336e0be2f9ff63ff0ebbc\"},\"headline\":\"Recrutement d&rsquo;un chercheur \u00e0 la chaire \u00ab\u00a0D\u00e9fense et A\u00e9rospatial\u00a0\u00bb, Bordeaux\",\"datePublished\":\"2019-01-24T00:00:00+00:00\",\"dateModified\":\"2020-04-10T08:34:11+00:00\",\"mainEntityOfPage\":{\"@id\":\"https:\\\/\\\/ecodef-ihedn.fr\\\/recrutement-dun-chercheur-a-la-chaire-defense-et-aerospatial-bordeaux\\\/\"},\"wordCount\":129,\"commentCount\":0,\"publisher\":{\"@id\":\"https:\\\/\\\/ecodef-ihedn.fr\\\/#organization\"},\"image\":{\"@id\":\"https:\\\/\\\/ecodef-ihedn.fr\\\/recrutement-dun-chercheur-a-la-chaire-defense-et-aerospatial-bordeaux\\\/#primaryimage\"},\"thumbnailUrl\":\"https:\\\/\\\/ecodef-ihedn.fr\\\/wp-content\\\/uploads\\\/2020\\\/04\\\/chaire_defense_et_aerospatial_bordeaux.jpg\",\"keywords\":[\"Bordeaux\",\"chaire d\u00e9fense et a\u00e9rospatial\",\"Cognitique\",\"recrutement\",\"SHS\"],\"articleSection\":[\"Actualit\u00e9s du r\u00e9seau\"],\"inLanguage\":\"en-GB\",\"potentialAction\":[{\"@type\":\"CommentAction\",\"name\":\"Comment\",\"target\":[\"https:\\\/\\\/ecodef-ihedn.fr\\\/recrutement-dun-chercheur-a-la-chaire-defense-et-aerospatial-bordeaux\\\/#respond\"]}]},{\"@type\":\"WebPage\",\"@id\":\"https:\\\/\\\/ecodef-ihedn.fr\\\/recrutement-dun-chercheur-a-la-chaire-defense-et-aerospatial-bordeaux\\\/\",\"url\":\"https:\\\/\\\/ecodef-ihedn.fr\\\/recrutement-dun-chercheur-a-la-chaire-defense-et-aerospatial-bordeaux\\\/\",\"name\":\"Recrutement d'un chercheur \u00e0 la chaire \\\"D\u00e9fense et A\u00e9rospatial\\\", Bordeaux - Chaire \u00c9conomie de d\u00e9fense - IHEDN\",\"isPartOf\":{\"@id\":\"https:\\\/\\\/ecodef-ihedn.fr\\\/#website\"},\"primaryImageOfPage\":{\"@id\":\"https:\\\/\\\/ecodef-ihedn.fr\\\/recrutement-dun-chercheur-a-la-chaire-defense-et-aerospatial-bordeaux\\\/#primaryimage\"},\"image\":{\"@id\":\"https:\\\/\\\/ecodef-ihedn.fr\\\/recrutement-dun-chercheur-a-la-chaire-defense-et-aerospatial-bordeaux\\\/#primaryimage\"},\"thumbnailUrl\":\"https:\\\/\\\/ecodef-ihedn.fr\\\/wp-content\\\/uploads\\\/2020\\\/04\\\/chaire_defense_et_aerospatial_bordeaux.jpg\",\"datePublished\":\"2019-01-24T00:00:00+00:00\",\"dateModified\":\"2020-04-10T08:34:11+00:00\",\"breadcrumb\":{\"@id\":\"https:\\\/\\\/ecodef-ihedn.fr\\\/recrutement-dun-chercheur-a-la-chaire-defense-et-aerospatial-bordeaux\\\/#breadcrumb\"},\"inLanguage\":\"en-GB\",\"potentialAction\":[{\"@type\":\"ReadAction\",\"target\":[\"https:\\\/\\\/ecodef-ihedn.fr\\\/recrutement-dun-chercheur-a-la-chaire-defense-et-aerospatial-bordeaux\\\/\"]}]},{\"@type\":\"ImageObject\",\"inLanguage\":\"en-GB\",\"@id\":\"https:\\\/\\\/ecodef-ihedn.fr\\\/recrutement-dun-chercheur-a-la-chaire-defense-et-aerospatial-bordeaux\\\/#primaryimage\",\"url\":\"https:\\\/\\\/ecodef-ihedn.fr\\\/wp-content\\\/uploads\\\/2020\\\/04\\\/chaire_defense_et_aerospatial_bordeaux.jpg\",\"contentUrl\":\"https:\\\/\\\/ecodef-ihedn.fr\\\/wp-content\\\/uploads\\\/2020\\\/04\\\/chaire_defense_et_aerospatial_bordeaux.jpg\",\"width\":382,\"height\":132},{\"@type\":\"BreadcrumbList\",\"@id\":\"https:\\\/\\\/ecodef-ihedn.fr\\\/recrutement-dun-chercheur-a-la-chaire-defense-et-aerospatial-bordeaux\\\/#breadcrumb\",\"itemListElement\":[{\"@type\":\"ListItem\",\"position\":1,\"name\":\"Accueil\",\"item\":\"https:\\\/\\\/ecodef-ihedn.fr\\\/\"},{\"@type\":\"ListItem\",\"position\":2,\"name\":\"Recrutement d&#8217;un chercheur \u00e0 la chaire &#8220;D\u00e9fense et A\u00e9rospatial&#8221;, Bordeaux\"}]},{\"@type\":\"WebSite\",\"@id\":\"https:\\\/\\\/ecodef-ihedn.fr\\\/#website\",\"url\":\"https:\\\/\\\/ecodef-ihedn.fr\\\/\",\"name\":\"Chaire \u00c9conomie de D\u00e9fense - IHEDN\",\"description\":\"Produire &amp; soutenir, f\u00e9d\u00e9rer &amp; diffuser, \u00eatre une interface\",\"publisher\":{\"@id\":\"https:\\\/\\\/ecodef-ihedn.fr\\\/#organization\"},\"potentialAction\":[{\"@type\":\"SearchAction\",\"target\":{\"@type\":\"EntryPoint\",\"urlTemplate\":\"https:\\\/\\\/ecodef-ihedn.fr\\\/?s={search_term_string}\"},\"query-input\":{\"@type\":\"PropertyValueSpecification\",\"valueRequired\":true,\"valueName\":\"search_term_string\"}}],\"inLanguage\":\"en-GB\"},{\"@type\":\"Organization\",\"@id\":\"https:\\\/\\\/ecodef-ihedn.fr\\\/#organization\",\"name\":\"Chaire \u00c9conomie de d\u00e9fense - IHEDN\",\"url\":\"https:\\\/\\\/ecodef-ihedn.fr\\\/\",\"logo\":{\"@type\":\"ImageObject\",\"inLanguage\":\"en-GB\",\"@id\":\"https:\\\/\\\/ecodef-ihedn.fr\\\/#\\\/schema\\\/logo\\\/image\\\/\",\"url\":\"https:\\\/\\\/ecodef-ihedn.fr\\\/wp-content\\\/uploads\\\/2020\\\/04\\\/logoEcodef9.jpg\",\"contentUrl\":\"https:\\\/\\\/ecodef-ihedn.fr\\\/wp-content\\\/uploads\\\/2020\\\/04\\\/logoEcodef9.jpg\",\"width\":410,\"height\":212,\"caption\":\"Chaire \u00c9conomie de d\u00e9fense - IHEDN\"},\"image\":{\"@id\":\"https:\\\/\\\/ecodef-ihedn.fr\\\/#\\\/schema\\\/logo\\\/image\\\/\"},\"sameAs\":[\"https:\\\/\\\/x.com\\\/Chaire_Ecodef\",\"https:\\\/\\\/www.linkedin.com\\\/company\\\/chaire-ecodef-ihedn\\\/\"]},{\"@type\":\"Person\",\"@id\":\"https:\\\/\\\/ecodef-ihedn.fr\\\/#\\\/schema\\\/person\\\/7b3f1a2d8fd336e0be2f9ff63ff0ebbc\",\"name\":\"dev\",\"image\":{\"@type\":\"ImageObject\",\"inLanguage\":\"en-GB\",\"@id\":\"https:\\\/\\\/secure.gravatar.com\\\/avatar\\\/f1ffcac9ca2fa95ad3ec33e9be3ade82f752acb0cabe541e56c5889225afa88a?s=96&d=mm&r=g\",\"url\":\"https:\\\/\\\/secure.gravatar.com\\\/avatar\\\/f1ffcac9ca2fa95ad3ec33e9be3ade82f752acb0cabe541e56c5889225afa88a?s=96&d=mm&r=g\",\"contentUrl\":\"https:\\\/\\\/secure.gravatar.com\\\/avatar\\\/f1ffcac9ca2fa95ad3ec33e9be3ade82f752acb0cabe541e56c5889225afa88a?s=96&d=mm&r=g\",\"caption\":\"dev\"},\"url\":\"https:\\\/\\\/ecodef-ihedn.fr\\\/en\\\/author\\\/dev\\\/\"}]}<\/script>\n<!-- \/ Yoast SEO plugin. -->","yoast_head_json":{"title":"Recrutement d'un chercheur \u00e0 la chaire \"D\u00e9fense et A\u00e9rospatial\", Bordeaux - Chaire \u00c9conomie de d\u00e9fense - IHEDN","robots":{"index":"index","follow":"follow","max-snippet":"max-snippet:-1","max-image-preview":"max-image-preview:large","max-video-preview":"max-video-preview:-1"},"canonical":"https:\/\/ecodef-ihedn.fr\/en\/recrutement-dun-chercheur-a-la-chaire-defense-et-aerospatial-bordeaux\/","og_locale":"en_GB","og_type":"article","og_title":"Recrutement d'un chercheur \u00e0 la chaire \"D\u00e9fense et A\u00e9rospatial\", Bordeaux - Chaire \u00c9conomie de d\u00e9fense - IHEDN","og_description":"Dans le cadre de sa mission de recherche, la chaire \u00ab D\u00e9fense &amp; A\u00e9rospatial \u00bb lance le recrutement d\u2019un chercheur pour une dur\u00e9e initiale d\u2019un an dans le domaine des SHS et des sciences cognitiques. Cette offre s\u2019adresse aux candidats \u00e0 un post-doctorat disposant d\u2019une expertise en mati\u00e8re de Strat\u00e9gie spatiale de d\u00e9fense. Les candidats [&hellip;]","og_url":"https:\/\/ecodef-ihedn.fr\/en\/recrutement-dun-chercheur-a-la-chaire-defense-et-aerospatial-bordeaux\/","og_site_name":"Chaire \u00c9conomie de d\u00e9fense - IHEDN","article_published_time":"2019-01-24T00:00:00+00:00","article_modified_time":"2020-04-10T08:34:11+00:00","og_image":[{"width":382,"height":132,"url":"https:\/\/ecodef-ihedn.fr\/wp-content\/uploads\/2020\/04\/chaire_defense_et_aerospatial_bordeaux.jpg","type":"image\/jpeg"}],"author":"dev","twitter_card":"summary_large_image","twitter_creator":"@Chaire_Ecodef","twitter_site":"@Chaire_Ecodef","twitter_misc":{"Written by":"dev","Estimated reading time":"1 minute"},"schema":{"@context":"https:\/\/schema.org","@graph":[{"@type":"Article","@id":"https:\/\/ecodef-ihedn.fr\/recrutement-dun-chercheur-a-la-chaire-defense-et-aerospatial-bordeaux\/#article","isPartOf":{"@id":"https:\/\/ecodef-ihedn.fr\/recrutement-dun-chercheur-a-la-chaire-defense-et-aerospatial-bordeaux\/"},"author":{"name":"dev","@id":"https:\/\/ecodef-ihedn.fr\/#\/schema\/person\/7b3f1a2d8fd336e0be2f9ff63ff0ebbc"},"headline":"Recrutement d&rsquo;un chercheur \u00e0 la chaire \u00ab\u00a0D\u00e9fense et A\u00e9rospatial\u00a0\u00bb, Bordeaux","datePublished":"2019-01-24T00:00:00+00:00","dateModified":"2020-04-10T08:34:11+00:00","mainEntityOfPage":{"@id":"https:\/\/ecodef-ihedn.fr\/recrutement-dun-chercheur-a-la-chaire-defense-et-aerospatial-bordeaux\/"},"wordCount":129,"commentCount":0,"publisher":{"@id":"https:\/\/ecodef-ihedn.fr\/#organization"},"image":{"@id":"https:\/\/ecodef-ihedn.fr\/recrutement-dun-chercheur-a-la-chaire-defense-et-aerospatial-bordeaux\/#primaryimage"},"thumbnailUrl":"https:\/\/ecodef-ihedn.fr\/wp-content\/uploads\/2020\/04\/chaire_defense_et_aerospatial_bordeaux.jpg","keywords":["Bordeaux","chaire d\u00e9fense et a\u00e9rospatial","Cognitique","recrutement","SHS"],"articleSection":["Actualit\u00e9s du r\u00e9seau"],"inLanguage":"en-GB","potentialAction":[{"@type":"CommentAction","name":"Comment","target":["https:\/\/ecodef-ihedn.fr\/recrutement-dun-chercheur-a-la-chaire-defense-et-aerospatial-bordeaux\/#respond"]}]},{"@type":"WebPage","@id":"https:\/\/ecodef-ihedn.fr\/recrutement-dun-chercheur-a-la-chaire-defense-et-aerospatial-bordeaux\/","url":"https:\/\/ecodef-ihedn.fr\/recrutement-dun-chercheur-a-la-chaire-defense-et-aerospatial-bordeaux\/","name":"Recrutement d'un chercheur \u00e0 la chaire \"D\u00e9fense et A\u00e9rospatial\", Bordeaux - Chaire \u00c9conomie de d\u00e9fense - IHEDN","isPartOf":{"@id":"https:\/\/ecodef-ihedn.fr\/#website"},"primaryImageOfPage":{"@id":"https:\/\/ecodef-ihedn.fr\/recrutement-dun-chercheur-a-la-chaire-defense-et-aerospatial-bordeaux\/#primaryimage"},"image":{"@id":"https:\/\/ecodef-ihedn.fr\/recrutement-dun-chercheur-a-la-chaire-defense-et-aerospatial-bordeaux\/#primaryimage"},"thumbnailUrl":"https:\/\/ecodef-ihedn.fr\/wp-content\/uploads\/2020\/04\/chaire_defense_et_aerospatial_bordeaux.jpg","datePublished":"2019-01-24T00:00:00+00:00","dateModified":"2020-04-10T08:34:11+00:00","breadcrumb":{"@id":"https:\/\/ecodef-ihedn.fr\/recrutement-dun-chercheur-a-la-chaire-defense-et-aerospatial-bordeaux\/#breadcrumb"},"inLanguage":"en-GB","potentialAction":[{"@type":"ReadAction","target":["https:\/\/ecodef-ihedn.fr\/recrutement-dun-chercheur-a-la-chaire-defense-et-aerospatial-bordeaux\/"]}]},{"@type":"ImageObject","inLanguage":"en-GB","@id":"https:\/\/ecodef-ihedn.fr\/recrutement-dun-chercheur-a-la-chaire-defense-et-aerospatial-bordeaux\/#primaryimage","url":"https:\/\/ecodef-ihedn.fr\/wp-content\/uploads\/2020\/04\/chaire_defense_et_aerospatial_bordeaux.jpg","contentUrl":"https:\/\/ecodef-ihedn.fr\/wp-content\/uploads\/2020\/04\/chaire_defense_et_aerospatial_bordeaux.jpg","width":382,"height":132},{"@type":"BreadcrumbList","@id":"https:\/\/ecodef-ihedn.fr\/recrutement-dun-chercheur-a-la-chaire-defense-et-aerospatial-bordeaux\/#breadcrumb","itemListElement":[{"@type":"ListItem","position":1,"name":"Accueil","item":"https:\/\/ecodef-ihedn.fr\/"},{"@type":"ListItem","position":2,"name":"Recrutement d&#8217;un chercheur \u00e0 la chaire &#8220;D\u00e9fense et A\u00e9rospatial&#8221;, Bordeaux"}]},{"@type":"WebSite","@id":"https:\/\/ecodef-ihedn.fr\/#website","url":"https:\/\/ecodef-ihedn.fr\/","name":"Chair in Defence Economics - IHEDN","description":"Produce &amp; support, federate &amp; disseminate, act as an interface","publisher":{"@id":"https:\/\/ecodef-ihedn.fr\/#organization"},"potentialAction":[{"@type":"SearchAction","target":{"@type":"EntryPoint","urlTemplate":"https:\/\/ecodef-ihedn.fr\/?s={search_term_string}"},"query-input":{"@type":"PropertyValueSpecification","valueRequired":true,"valueName":"search_term_string"}}],"inLanguage":"en-GB"},{"@type":"Organization","@id":"https:\/\/ecodef-ihedn.fr\/#organization","name":"Chair in Defence Economics - IHEDN","url":"https:\/\/ecodef-ihedn.fr\/","logo":{"@type":"ImageObject","inLanguage":"en-GB","@id":"https:\/\/ecodef-ihedn.fr\/#\/schema\/logo\/image\/","url":"https:\/\/ecodef-ihedn.fr\/wp-content\/uploads\/2020\/04\/logoEcodef9.jpg","contentUrl":"https:\/\/ecodef-ihedn.fr\/wp-content\/uploads\/2020\/04\/logoEcodef9.jpg","width":410,"height":212,"caption":"Chaire \u00c9conomie de d\u00e9fense - IHEDN"},"image":{"@id":"https:\/\/ecodef-ihedn.fr\/#\/schema\/logo\/image\/"},"sameAs":["https:\/\/x.com\/Chaire_Ecodef","https:\/\/www.linkedin.com\/company\/chaire-ecodef-ihedn\/"]},{"@type":"Person","@id":"https:\/\/ecodef-ihedn.fr\/#\/schema\/person\/7b3f1a2d8fd336e0be2f9ff63ff0ebbc","name":"dev","image":{"@type":"ImageObject","inLanguage":"en-GB","@id":"https:\/\/secure.gravatar.com\/avatar\/f1ffcac9ca2fa95ad3ec33e9be3ade82f752acb0cabe541e56c5889225afa88a?s=96&d=mm&r=g","url":"https:\/\/secure.gravatar.com\/avatar\/f1ffcac9ca2fa95ad3ec33e9be3ade82f752acb0cabe541e56c5889225afa88a?s=96&d=mm&r=g","contentUrl":"https:\/\/secure.gravatar.com\/avatar\/f1ffcac9ca2fa95ad3ec33e9be3ade82f752acb0cabe541e56c5889225afa88a?s=96&d=mm&r=g","caption":"dev"},"url":"https:\/\/ecodef-ihedn.fr\/en\/author\/dev\/"}]}},"_links":{"self":[{"href":"https:\/\/ecodef-ihedn.fr\/en\/wp-json\/wp\/v2\/posts\/1128","targetHints":{"allow":["GET"]}}],"collection":[{"href":"https:\/\/ecodef-ihedn.fr\/en\/wp-json\/wp\/v2\/posts"}],"about":[{"href":"https:\/\/ecodef-ihedn.fr\/en\/wp-json\/wp\/v2\/types\/post"}],"author":[{"embeddable":true,"href":"https:\/\/ecodef-ihedn.fr\/en\/wp-json\/wp\/v2\/users\/1"}],"replies":[{"embeddable":true,"href":"https:\/\/ecodef-ihedn.fr\/en\/wp-json\/wp\/v2\/comments?post=1128"}],"version-history":[{"count":2,"href":"https:\/\/ecodef-ihedn.fr\/en\/wp-json\/wp\/v2\/posts\/1128\/revisions"}],"predecessor-version":[{"id":1471,"href":"https:\/\/ecodef-ihedn.fr\/en\/wp-json\/wp\/v2\/posts\/1128\/revisions\/1471"}],"wp:featuredmedia":[{"embeddable":true,"href":"https:\/\/ecodef-ihedn.fr\/en\/wp-json\/wp\/v2\/media\/1129"}],"wp:attachment":[{"href":"https:\/\/ecodef-ihedn.fr\/en\/wp-json\/wp\/v2\/media?parent=1128"}],"wp:term":[{"taxonomy":"category","embeddable":true,"href":"https:\/\/ecodef-ihedn.fr\/en\/wp-json\/wp\/v2\/categories?post=1128"},{"taxonomy":"post_tag","embeddable":true,"href":"https:\/\/ecodef-ihedn.fr\/en\/wp-json\/wp\/v2\/tags?post=1128"}],"curies":[{"name":"wp","href":"https:\/\/api.w.org\/{rel}","templated":true}]}}