{"id":1133,"date":"2019-02-27T00:00:00","date_gmt":"2019-02-27T00:00:00","guid":{"rendered":"https:\/\/ecodef-ihedn.fr\/intervention-de-julien-malizard-a-lihedn-2eme-cycle-defense-et-securite-nationale-journalisme-communication\/"},"modified":"2020-04-09T11:28:57","modified_gmt":"2020-04-09T11:28:57","slug":"intervention-de-julien-malizard-a-lihedn-2eme-cycle-defense-et-securite-nationale-journalisme-communication","status":"publish","type":"post","link":"https:\/\/ecodef-ihedn.fr\/en\/intervention-de-julien-malizard-a-lihedn-2eme-cycle-defense-et-securite-nationale-journalisme-communication\/","title":{"rendered":"Speech by Julien Malizard at IHEDN: 2nd \u00abJournalism\/Communication\u00bb cycle in defence and national security\u00bb"},"content":{"rendered":"<div class=\"wp-block-image\"><figure class=\"aligncenter is-resized\"><img loading=\"lazy\" decoding=\"async\" src=\"https:\/\/ecodef-ihedn.fr\/wp-content\/uploads\/2020\/04\/malizard_ihedn_26_02-1024x768.jpg\" alt=\"\" class=\"wp-image-6837\" width=\"460\" height=\"345\" \/><figcaption>Julien Malizard presents \u00abThe challenges of the DTIB\u00bb as part of the 2nd \u00abJournalism and communication\u00bb defence and national security course at the IHEDN (26 February 2019)<\/figcaption><\/figure><\/div>\n\n\n\n<p><strong><a rel=\"noreferrer noopener\" aria-label=\"Julien Malizard (opens in a new tab)\" href=\"https:\/\/www.researchgate.net\/profile\/Julien_Malizard\" target=\"_blank\">Julien Malizard<\/a><\/strong>, a researcher at the Chair in Defence Economics, spoke on<strong> Tuesday 26 February 2019<\/strong> in the <a rel=\"noreferrer noopener\" aria-label=\"2\u00e8me cycle d\u00e9fense et s\u00e9curit\u00e9 nationale &quot;Journalisme \/Communication&quot; (opens in a new tab)\" href=\"https:\/\/www.ihedn.fr\/actualite\/2e-cycle-defense-et-securite-nationale-journalisme-communication\" target=\"_blank\">2nd cycle \u00abJournalism\/Communications\u00bb for defence and national security\u00bb<\/a> of the IHEDN.  <\/p>\n\n\n\n<p>This cycle brings together <strong>fifty or so journalism school students<\/strong> to understand  <strong>strategic defence issues<\/strong>, in conjunction with  <strong>major geopolitical issues<\/strong>, This is in line with the missions of the Ministry of the Armed Forces and the Ministry of Europe and Foreign Affairs.<\/p>\n\n\n\n<p><strong>Julien Malizard<\/strong> presented the challenges of <strong>defence technological and industrial base <\/strong>(BITD), with a view essentially to <strong>economic<\/strong>. A <strong>overview of companies<\/strong>  to discuss their impact on the French and international  <strong>business model<\/strong>, and <strong>market dynamics<\/strong> and <strong>specific constraints<\/strong> to the arms market <\/p>","protected":false},"excerpt":{"rendered":"<p>Julien Malizard, chercheur \u00e0 la Chaire Economie de D\u00e9fense, est intervenu le mardi 26 f\u00e9vrier 2019 dans le 2\u00e8me cycle d\u00e9fense et s\u00e9curit\u00e9 nationale \u00ab\u00a0Journalisme \/Communication\u00a0\u00bb de l&rsquo;IHEDN. Ce cycle r\u00e9unit une cinquantaine d&rsquo;\u00e9tudiants en \u00e9coles de journalisme pour appr\u00e9hender les probl\u00e9matiques de d\u00e9fense \u00e0 caract\u00e8re strat\u00e9gique, en lien avec les enjeux g\u00e9opolitiques majeurs, au [&hellip;]<\/p>\n","protected":false},"author":1,"featured_media":1134,"comment_status":"open","ping_status":"open","sticky":false,"template":"","format":"standard","meta":{"footnotes":""},"categories":[356],"tags":[211,268,38,42,149,241,269],"class_list":{"0":"post-1133","1":"post","2":"type-post","3":"status-publish","4":"format-standard","5":"has-post-thumbnail","7":"category-activites-participation-de-la-chaire-a-un-evenement","8":"tag-bitd","9":"tag-communication","10":"tag-ihedn","11":"tag-industrie","12":"tag-industrie-de-defense","13":"tag-intervention","14":"tag-journalisme"},"yoast_head":"<!-- This site is optimized with the Yoast SEO plugin v27.4 - https:\/\/yoast.com\/product\/yoast-seo-wordpress\/ -->\n<title>Intervention de Julien Malizard \u00e0 l&#039;IHEDN : 2\u00e8me cycle d\u00e9fense et s\u00e9curit\u00e9 nationale &quot;Journalisme\/Communication&quot; - Chaire \u00c9conomie de d\u00e9fense - IHEDN<\/title>\n<meta name=\"robots\" content=\"index, follow, max-snippet:-1, max-image-preview:large, max-video-preview:-1\" \/>\n<link rel=\"canonical\" href=\"https:\/\/ecodef-ihedn.fr\/en\/intervention-de-julien-malizard-a-lihedn-2eme-cycle-defense-et-securite-nationale-journalisme-communication\/\" \/>\n<meta property=\"og:locale\" content=\"en_GB\" \/>\n<meta property=\"og:type\" content=\"article\" \/>\n<meta property=\"og:title\" content=\"Intervention de Julien Malizard \u00e0 l&#039;IHEDN : 2\u00e8me cycle d\u00e9fense et s\u00e9curit\u00e9 nationale &quot;Journalisme\/Communication&quot; - Chaire \u00c9conomie de d\u00e9fense - IHEDN\" \/>\n<meta property=\"og:description\" content=\"Julien Malizard, chercheur \u00e0 la Chaire Economie de D\u00e9fense, est intervenu le mardi 26 f\u00e9vrier 2019 dans le 2\u00e8me cycle d\u00e9fense et s\u00e9curit\u00e9 nationale \u00ab\u00a0Journalisme \/Communication\u00a0\u00bb de l&rsquo;IHEDN. Ce cycle r\u00e9unit une cinquantaine d&rsquo;\u00e9tudiants en \u00e9coles de journalisme pour appr\u00e9hender les probl\u00e9matiques de d\u00e9fense \u00e0 caract\u00e8re strat\u00e9gique, en lien avec les enjeux g\u00e9opolitiques majeurs, au [&hellip;]\" \/>\n<meta property=\"og:url\" content=\"https:\/\/ecodef-ihedn.fr\/en\/intervention-de-julien-malizard-a-lihedn-2eme-cycle-defense-et-securite-nationale-journalisme-communication\/\" \/>\n<meta property=\"og:site_name\" content=\"Chaire \u00c9conomie de d\u00e9fense - IHEDN\" \/>\n<meta property=\"article:published_time\" content=\"2019-02-27T00:00:00+00:00\" \/>\n<meta property=\"article:modified_time\" content=\"2020-04-09T11:28:57+00:00\" \/>\n<meta property=\"og:image\" content=\"https:\/\/ecodef-ihedn.fr\/wp-content\/uploads\/2020\/04\/malizard_ihedn_26_02.jpg\" \/>\n\t<meta property=\"og:image:width\" content=\"1600\" \/>\n\t<meta property=\"og:image:height\" content=\"1200\" \/>\n\t<meta property=\"og:image:type\" content=\"image\/jpeg\" \/>\n<meta name=\"author\" content=\"dev\" \/>\n<meta name=\"twitter:card\" content=\"summary_large_image\" \/>\n<meta name=\"twitter:creator\" content=\"@Chaire_Ecodef\" \/>\n<meta name=\"twitter:site\" content=\"@Chaire_Ecodef\" \/>\n<meta name=\"twitter:label1\" content=\"Written by\" \/>\n\t<meta name=\"twitter:data1\" content=\"dev\" \/>\n\t<meta name=\"twitter:label2\" content=\"Estimated reading time\" \/>\n\t<meta name=\"twitter:data2\" content=\"1 minute\" \/>\n<script type=\"application\/ld+json\" class=\"yoast-schema-graph\">{\"@context\":\"https:\\\/\\\/schema.org\",\"@graph\":[{\"@type\":\"Article\",\"@id\":\"https:\\\/\\\/ecodef-ihedn.fr\\\/intervention-de-julien-malizard-a-lihedn-2eme-cycle-defense-et-securite-nationale-journalisme-communication\\\/#article\",\"isPartOf\":{\"@id\":\"https:\\\/\\\/ecodef-ihedn.fr\\\/intervention-de-julien-malizard-a-lihedn-2eme-cycle-defense-et-securite-nationale-journalisme-communication\\\/\"},\"author\":{\"name\":\"dev\",\"@id\":\"https:\\\/\\\/ecodef-ihedn.fr\\\/#\\\/schema\\\/person\\\/7b3f1a2d8fd336e0be2f9ff63ff0ebbc\"},\"headline\":\"Intervention de Julien Malizard \u00e0 l&rsquo;IHEDN : 2\u00e8me cycle d\u00e9fense et s\u00e9curit\u00e9 nationale \u00ab\u00a0Journalisme\\\/Communication\u00a0\u00bb\",\"datePublished\":\"2019-02-27T00:00:00+00:00\",\"dateModified\":\"2020-04-09T11:28:57+00:00\",\"mainEntityOfPage\":{\"@id\":\"https:\\\/\\\/ecodef-ihedn.fr\\\/intervention-de-julien-malizard-a-lihedn-2eme-cycle-defense-et-securite-nationale-journalisme-communication\\\/\"},\"wordCount\":185,\"commentCount\":0,\"publisher\":{\"@id\":\"https:\\\/\\\/ecodef-ihedn.fr\\\/#organization\"},\"image\":{\"@id\":\"https:\\\/\\\/ecodef-ihedn.fr\\\/intervention-de-julien-malizard-a-lihedn-2eme-cycle-defense-et-securite-nationale-journalisme-communication\\\/#primaryimage\"},\"thumbnailUrl\":\"https:\\\/\\\/ecodef-ihedn.fr\\\/wp-content\\\/uploads\\\/2020\\\/04\\\/malizard_ihedn_26_02.jpg\",\"keywords\":[\"BITD\",\"Communication\",\"IHEDN\",\"industrie\",\"industrie de d\u00e9fense\",\"Intervention\",\"Journalisme\"],\"articleSection\":[\"Activit\u00e9s : participation de la Chaire \u00e0 un \u00e9v\u00e9nement\"],\"inLanguage\":\"en-GB\",\"potentialAction\":[{\"@type\":\"CommentAction\",\"name\":\"Comment\",\"target\":[\"https:\\\/\\\/ecodef-ihedn.fr\\\/intervention-de-julien-malizard-a-lihedn-2eme-cycle-defense-et-securite-nationale-journalisme-communication\\\/#respond\"]}]},{\"@type\":\"WebPage\",\"@id\":\"https:\\\/\\\/ecodef-ihedn.fr\\\/intervention-de-julien-malizard-a-lihedn-2eme-cycle-defense-et-securite-nationale-journalisme-communication\\\/\",\"url\":\"https:\\\/\\\/ecodef-ihedn.fr\\\/intervention-de-julien-malizard-a-lihedn-2eme-cycle-defense-et-securite-nationale-journalisme-communication\\\/\",\"name\":\"Intervention de Julien Malizard \u00e0 l'IHEDN : 2\u00e8me cycle d\u00e9fense et s\u00e9curit\u00e9 nationale \\\"Journalisme\\\/Communication\\\" - Chaire \u00c9conomie de d\u00e9fense - IHEDN\",\"isPartOf\":{\"@id\":\"https:\\\/\\\/ecodef-ihedn.fr\\\/#website\"},\"primaryImageOfPage\":{\"@id\":\"https:\\\/\\\/ecodef-ihedn.fr\\\/intervention-de-julien-malizard-a-lihedn-2eme-cycle-defense-et-securite-nationale-journalisme-communication\\\/#primaryimage\"},\"image\":{\"@id\":\"https:\\\/\\\/ecodef-ihedn.fr\\\/intervention-de-julien-malizard-a-lihedn-2eme-cycle-defense-et-securite-nationale-journalisme-communication\\\/#primaryimage\"},\"thumbnailUrl\":\"https:\\\/\\\/ecodef-ihedn.fr\\\/wp-content\\\/uploads\\\/2020\\\/04\\\/malizard_ihedn_26_02.jpg\",\"datePublished\":\"2019-02-27T00:00:00+00:00\",\"dateModified\":\"2020-04-09T11:28:57+00:00\",\"breadcrumb\":{\"@id\":\"https:\\\/\\\/ecodef-ihedn.fr\\\/intervention-de-julien-malizard-a-lihedn-2eme-cycle-defense-et-securite-nationale-journalisme-communication\\\/#breadcrumb\"},\"inLanguage\":\"en-GB\",\"potentialAction\":[{\"@type\":\"ReadAction\",\"target\":[\"https:\\\/\\\/ecodef-ihedn.fr\\\/intervention-de-julien-malizard-a-lihedn-2eme-cycle-defense-et-securite-nationale-journalisme-communication\\\/\"]}]},{\"@type\":\"ImageObject\",\"inLanguage\":\"en-GB\",\"@id\":\"https:\\\/\\\/ecodef-ihedn.fr\\\/intervention-de-julien-malizard-a-lihedn-2eme-cycle-defense-et-securite-nationale-journalisme-communication\\\/#primaryimage\",\"url\":\"https:\\\/\\\/ecodef-ihedn.fr\\\/wp-content\\\/uploads\\\/2020\\\/04\\\/malizard_ihedn_26_02.jpg\",\"contentUrl\":\"https:\\\/\\\/ecodef-ihedn.fr\\\/wp-content\\\/uploads\\\/2020\\\/04\\\/malizard_ihedn_26_02.jpg\",\"width\":1600,\"height\":1200},{\"@type\":\"BreadcrumbList\",\"@id\":\"https:\\\/\\\/ecodef-ihedn.fr\\\/intervention-de-julien-malizard-a-lihedn-2eme-cycle-defense-et-securite-nationale-journalisme-communication\\\/#breadcrumb\",\"itemListElement\":[{\"@type\":\"ListItem\",\"position\":1,\"name\":\"Accueil\",\"item\":\"https:\\\/\\\/ecodef-ihedn.fr\\\/\"},{\"@type\":\"ListItem\",\"position\":2,\"name\":\"Intervention de Julien Malizard \u00e0 l&#8217;IHEDN : 2\u00e8me cycle d\u00e9fense et s\u00e9curit\u00e9 nationale &#8220;Journalisme\\\/Communication&#8221;\"}]},{\"@type\":\"WebSite\",\"@id\":\"https:\\\/\\\/ecodef-ihedn.fr\\\/#website\",\"url\":\"https:\\\/\\\/ecodef-ihedn.fr\\\/\",\"name\":\"Chaire \u00c9conomie de D\u00e9fense - IHEDN\",\"description\":\"Produire &amp; soutenir, f\u00e9d\u00e9rer &amp; diffuser, \u00eatre une interface\",\"publisher\":{\"@id\":\"https:\\\/\\\/ecodef-ihedn.fr\\\/#organization\"},\"potentialAction\":[{\"@type\":\"SearchAction\",\"target\":{\"@type\":\"EntryPoint\",\"urlTemplate\":\"https:\\\/\\\/ecodef-ihedn.fr\\\/?s={search_term_string}\"},\"query-input\":{\"@type\":\"PropertyValueSpecification\",\"valueRequired\":true,\"valueName\":\"search_term_string\"}}],\"inLanguage\":\"en-GB\"},{\"@type\":\"Organization\",\"@id\":\"https:\\\/\\\/ecodef-ihedn.fr\\\/#organization\",\"name\":\"Chaire \u00c9conomie de d\u00e9fense - IHEDN\",\"url\":\"https:\\\/\\\/ecodef-ihedn.fr\\\/\",\"logo\":{\"@type\":\"ImageObject\",\"inLanguage\":\"en-GB\",\"@id\":\"https:\\\/\\\/ecodef-ihedn.fr\\\/#\\\/schema\\\/logo\\\/image\\\/\",\"url\":\"https:\\\/\\\/ecodef-ihedn.fr\\\/wp-content\\\/uploads\\\/2020\\\/04\\\/logoEcodef9.jpg\",\"contentUrl\":\"https:\\\/\\\/ecodef-ihedn.fr\\\/wp-content\\\/uploads\\\/2020\\\/04\\\/logoEcodef9.jpg\",\"width\":410,\"height\":212,\"caption\":\"Chaire \u00c9conomie de d\u00e9fense - IHEDN\"},\"image\":{\"@id\":\"https:\\\/\\\/ecodef-ihedn.fr\\\/#\\\/schema\\\/logo\\\/image\\\/\"},\"sameAs\":[\"https:\\\/\\\/x.com\\\/Chaire_Ecodef\",\"https:\\\/\\\/www.linkedin.com\\\/company\\\/chaire-ecodef-ihedn\\\/\"]},{\"@type\":\"Person\",\"@id\":\"https:\\\/\\\/ecodef-ihedn.fr\\\/#\\\/schema\\\/person\\\/7b3f1a2d8fd336e0be2f9ff63ff0ebbc\",\"name\":\"dev\",\"image\":{\"@type\":\"ImageObject\",\"inLanguage\":\"en-GB\",\"@id\":\"https:\\\/\\\/secure.gravatar.com\\\/avatar\\\/f1ffcac9ca2fa95ad3ec33e9be3ade82f752acb0cabe541e56c5889225afa88a?s=96&d=mm&r=g\",\"url\":\"https:\\\/\\\/secure.gravatar.com\\\/avatar\\\/f1ffcac9ca2fa95ad3ec33e9be3ade82f752acb0cabe541e56c5889225afa88a?s=96&d=mm&r=g\",\"contentUrl\":\"https:\\\/\\\/secure.gravatar.com\\\/avatar\\\/f1ffcac9ca2fa95ad3ec33e9be3ade82f752acb0cabe541e56c5889225afa88a?s=96&d=mm&r=g\",\"caption\":\"dev\"},\"url\":\"https:\\\/\\\/ecodef-ihedn.fr\\\/en\\\/author\\\/dev\\\/\"}]}<\/script>\n<!-- \/ Yoast SEO plugin. -->","yoast_head_json":{"title":"Intervention de Julien Malizard \u00e0 l'IHEDN : 2\u00e8me cycle d\u00e9fense et s\u00e9curit\u00e9 nationale \"Journalisme\/Communication\" - Chaire \u00c9conomie de d\u00e9fense - IHEDN","robots":{"index":"index","follow":"follow","max-snippet":"max-snippet:-1","max-image-preview":"max-image-preview:large","max-video-preview":"max-video-preview:-1"},"canonical":"https:\/\/ecodef-ihedn.fr\/en\/intervention-de-julien-malizard-a-lihedn-2eme-cycle-defense-et-securite-nationale-journalisme-communication\/","og_locale":"en_GB","og_type":"article","og_title":"Intervention de Julien Malizard \u00e0 l'IHEDN : 2\u00e8me cycle d\u00e9fense et s\u00e9curit\u00e9 nationale \"Journalisme\/Communication\" - Chaire \u00c9conomie de d\u00e9fense - IHEDN","og_description":"Julien Malizard, chercheur \u00e0 la Chaire Economie de D\u00e9fense, est intervenu le mardi 26 f\u00e9vrier 2019 dans le 2\u00e8me cycle d\u00e9fense et s\u00e9curit\u00e9 nationale \u00ab\u00a0Journalisme \/Communication\u00a0\u00bb de l&rsquo;IHEDN. Ce cycle r\u00e9unit une cinquantaine d&rsquo;\u00e9tudiants en \u00e9coles de journalisme pour appr\u00e9hender les probl\u00e9matiques de d\u00e9fense \u00e0 caract\u00e8re strat\u00e9gique, en lien avec les enjeux g\u00e9opolitiques majeurs, au [&hellip;]","og_url":"https:\/\/ecodef-ihedn.fr\/en\/intervention-de-julien-malizard-a-lihedn-2eme-cycle-defense-et-securite-nationale-journalisme-communication\/","og_site_name":"Chaire \u00c9conomie de d\u00e9fense - IHEDN","article_published_time":"2019-02-27T00:00:00+00:00","article_modified_time":"2020-04-09T11:28:57+00:00","og_image":[{"width":1600,"height":1200,"url":"https:\/\/ecodef-ihedn.fr\/wp-content\/uploads\/2020\/04\/malizard_ihedn_26_02.jpg","type":"image\/jpeg"}],"author":"dev","twitter_card":"summary_large_image","twitter_creator":"@Chaire_Ecodef","twitter_site":"@Chaire_Ecodef","twitter_misc":{"Written by":"dev","Estimated reading time":"1 minute"},"schema":{"@context":"https:\/\/schema.org","@graph":[{"@type":"Article","@id":"https:\/\/ecodef-ihedn.fr\/intervention-de-julien-malizard-a-lihedn-2eme-cycle-defense-et-securite-nationale-journalisme-communication\/#article","isPartOf":{"@id":"https:\/\/ecodef-ihedn.fr\/intervention-de-julien-malizard-a-lihedn-2eme-cycle-defense-et-securite-nationale-journalisme-communication\/"},"author":{"name":"dev","@id":"https:\/\/ecodef-ihedn.fr\/#\/schema\/person\/7b3f1a2d8fd336e0be2f9ff63ff0ebbc"},"headline":"Intervention de Julien Malizard \u00e0 l&rsquo;IHEDN : 2\u00e8me cycle d\u00e9fense et s\u00e9curit\u00e9 nationale \u00ab\u00a0Journalisme\/Communication\u00a0\u00bb","datePublished":"2019-02-27T00:00:00+00:00","dateModified":"2020-04-09T11:28:57+00:00","mainEntityOfPage":{"@id":"https:\/\/ecodef-ihedn.fr\/intervention-de-julien-malizard-a-lihedn-2eme-cycle-defense-et-securite-nationale-journalisme-communication\/"},"wordCount":185,"commentCount":0,"publisher":{"@id":"https:\/\/ecodef-ihedn.fr\/#organization"},"image":{"@id":"https:\/\/ecodef-ihedn.fr\/intervention-de-julien-malizard-a-lihedn-2eme-cycle-defense-et-securite-nationale-journalisme-communication\/#primaryimage"},"thumbnailUrl":"https:\/\/ecodef-ihedn.fr\/wp-content\/uploads\/2020\/04\/malizard_ihedn_26_02.jpg","keywords":["BITD","Communication","IHEDN","industrie","industrie de d\u00e9fense","Intervention","Journalisme"],"articleSection":["Activit\u00e9s : participation de la Chaire \u00e0 un \u00e9v\u00e9nement"],"inLanguage":"en-GB","potentialAction":[{"@type":"CommentAction","name":"Comment","target":["https:\/\/ecodef-ihedn.fr\/intervention-de-julien-malizard-a-lihedn-2eme-cycle-defense-et-securite-nationale-journalisme-communication\/#respond"]}]},{"@type":"WebPage","@id":"https:\/\/ecodef-ihedn.fr\/intervention-de-julien-malizard-a-lihedn-2eme-cycle-defense-et-securite-nationale-journalisme-communication\/","url":"https:\/\/ecodef-ihedn.fr\/intervention-de-julien-malizard-a-lihedn-2eme-cycle-defense-et-securite-nationale-journalisme-communication\/","name":"Intervention de Julien Malizard \u00e0 l'IHEDN : 2\u00e8me cycle d\u00e9fense et s\u00e9curit\u00e9 nationale \"Journalisme\/Communication\" - Chaire \u00c9conomie de d\u00e9fense - IHEDN","isPartOf":{"@id":"https:\/\/ecodef-ihedn.fr\/#website"},"primaryImageOfPage":{"@id":"https:\/\/ecodef-ihedn.fr\/intervention-de-julien-malizard-a-lihedn-2eme-cycle-defense-et-securite-nationale-journalisme-communication\/#primaryimage"},"image":{"@id":"https:\/\/ecodef-ihedn.fr\/intervention-de-julien-malizard-a-lihedn-2eme-cycle-defense-et-securite-nationale-journalisme-communication\/#primaryimage"},"thumbnailUrl":"https:\/\/ecodef-ihedn.fr\/wp-content\/uploads\/2020\/04\/malizard_ihedn_26_02.jpg","datePublished":"2019-02-27T00:00:00+00:00","dateModified":"2020-04-09T11:28:57+00:00","breadcrumb":{"@id":"https:\/\/ecodef-ihedn.fr\/intervention-de-julien-malizard-a-lihedn-2eme-cycle-defense-et-securite-nationale-journalisme-communication\/#breadcrumb"},"inLanguage":"en-GB","potentialAction":[{"@type":"ReadAction","target":["https:\/\/ecodef-ihedn.fr\/intervention-de-julien-malizard-a-lihedn-2eme-cycle-defense-et-securite-nationale-journalisme-communication\/"]}]},{"@type":"ImageObject","inLanguage":"en-GB","@id":"https:\/\/ecodef-ihedn.fr\/intervention-de-julien-malizard-a-lihedn-2eme-cycle-defense-et-securite-nationale-journalisme-communication\/#primaryimage","url":"https:\/\/ecodef-ihedn.fr\/wp-content\/uploads\/2020\/04\/malizard_ihedn_26_02.jpg","contentUrl":"https:\/\/ecodef-ihedn.fr\/wp-content\/uploads\/2020\/04\/malizard_ihedn_26_02.jpg","width":1600,"height":1200},{"@type":"BreadcrumbList","@id":"https:\/\/ecodef-ihedn.fr\/intervention-de-julien-malizard-a-lihedn-2eme-cycle-defense-et-securite-nationale-journalisme-communication\/#breadcrumb","itemListElement":[{"@type":"ListItem","position":1,"name":"Accueil","item":"https:\/\/ecodef-ihedn.fr\/"},{"@type":"ListItem","position":2,"name":"Intervention de Julien Malizard \u00e0 l&#8217;IHEDN : 2\u00e8me cycle d\u00e9fense et s\u00e9curit\u00e9 nationale &#8220;Journalisme\/Communication&#8221;"}]},{"@type":"WebSite","@id":"https:\/\/ecodef-ihedn.fr\/#website","url":"https:\/\/ecodef-ihedn.fr\/","name":"Chair in Defence Economics - IHEDN","description":"Produce &amp; support, federate &amp; disseminate, act as an interface","publisher":{"@id":"https:\/\/ecodef-ihedn.fr\/#organization"},"potentialAction":[{"@type":"SearchAction","target":{"@type":"EntryPoint","urlTemplate":"https:\/\/ecodef-ihedn.fr\/?s={search_term_string}"},"query-input":{"@type":"PropertyValueSpecification","valueRequired":true,"valueName":"search_term_string"}}],"inLanguage":"en-GB"},{"@type":"Organization","@id":"https:\/\/ecodef-ihedn.fr\/#organization","name":"Chair in Defence Economics - IHEDN","url":"https:\/\/ecodef-ihedn.fr\/","logo":{"@type":"ImageObject","inLanguage":"en-GB","@id":"https:\/\/ecodef-ihedn.fr\/#\/schema\/logo\/image\/","url":"https:\/\/ecodef-ihedn.fr\/wp-content\/uploads\/2020\/04\/logoEcodef9.jpg","contentUrl":"https:\/\/ecodef-ihedn.fr\/wp-content\/uploads\/2020\/04\/logoEcodef9.jpg","width":410,"height":212,"caption":"Chaire \u00c9conomie de d\u00e9fense - IHEDN"},"image":{"@id":"https:\/\/ecodef-ihedn.fr\/#\/schema\/logo\/image\/"},"sameAs":["https:\/\/x.com\/Chaire_Ecodef","https:\/\/www.linkedin.com\/company\/chaire-ecodef-ihedn\/"]},{"@type":"Person","@id":"https:\/\/ecodef-ihedn.fr\/#\/schema\/person\/7b3f1a2d8fd336e0be2f9ff63ff0ebbc","name":"dev","image":{"@type":"ImageObject","inLanguage":"en-GB","@id":"https:\/\/secure.gravatar.com\/avatar\/f1ffcac9ca2fa95ad3ec33e9be3ade82f752acb0cabe541e56c5889225afa88a?s=96&d=mm&r=g","url":"https:\/\/secure.gravatar.com\/avatar\/f1ffcac9ca2fa95ad3ec33e9be3ade82f752acb0cabe541e56c5889225afa88a?s=96&d=mm&r=g","contentUrl":"https:\/\/secure.gravatar.com\/avatar\/f1ffcac9ca2fa95ad3ec33e9be3ade82f752acb0cabe541e56c5889225afa88a?s=96&d=mm&r=g","caption":"dev"},"url":"https:\/\/ecodef-ihedn.fr\/en\/author\/dev\/"}]}},"_links":{"self":[{"href":"https:\/\/ecodef-ihedn.fr\/en\/wp-json\/wp\/v2\/posts\/1133","targetHints":{"allow":["GET"]}}],"collection":[{"href":"https:\/\/ecodef-ihedn.fr\/en\/wp-json\/wp\/v2\/posts"}],"about":[{"href":"https:\/\/ecodef-ihedn.fr\/en\/wp-json\/wp\/v2\/types\/post"}],"author":[{"embeddable":true,"href":"https:\/\/ecodef-ihedn.fr\/en\/wp-json\/wp\/v2\/users\/1"}],"replies":[{"embeddable":true,"href":"https:\/\/ecodef-ihedn.fr\/en\/wp-json\/wp\/v2\/comments?post=1133"}],"version-history":[{"count":2,"href":"https:\/\/ecodef-ihedn.fr\/en\/wp-json\/wp\/v2\/posts\/1133\/revisions"}],"predecessor-version":[{"id":1468,"href":"https:\/\/ecodef-ihedn.fr\/en\/wp-json\/wp\/v2\/posts\/1133\/revisions\/1468"}],"wp:featuredmedia":[{"embeddable":true,"href":"https:\/\/ecodef-ihedn.fr\/en\/wp-json\/wp\/v2\/media\/1134"}],"wp:attachment":[{"href":"https:\/\/ecodef-ihedn.fr\/en\/wp-json\/wp\/v2\/media?parent=1133"}],"wp:term":[{"taxonomy":"category","embeddable":true,"href":"https:\/\/ecodef-ihedn.fr\/en\/wp-json\/wp\/v2\/categories?post=1133"},{"taxonomy":"post_tag","embeddable":true,"href":"https:\/\/ecodef-ihedn.fr\/en\/wp-json\/wp\/v2\/tags?post=1133"}],"curies":[{"name":"wp","href":"https:\/\/api.w.org\/{rel}","templated":true}]}}