{"id":1135,"date":"2019-03-04T00:00:00","date_gmt":"2019-03-04T00:00:00","guid":{"rendered":"https:\/\/ecodef-ihedn.fr\/luniversite-de-bordeaux-obtient-le-label-centre-dexcellence-en-recherche-strategique-de-defense\/"},"modified":"2020-04-10T08:33:55","modified_gmt":"2020-04-10T08:33:55","slug":"luniversite-de-bordeaux-obtient-le-label-centre-dexcellence-en-recherche-strategique-de-defense","status":"publish","type":"post","link":"https:\/\/ecodef-ihedn.fr\/en\/luniversite-de-bordeaux-obtient-le-label-centre-dexcellence-en-recherche-strategique-de-defense\/","title":{"rendered":"The University of Bordeaux is awarded the \u00abcentre of excellence\u00bb label for strategic defence research"},"content":{"rendered":"<div class=\"wp-block-image\"><figure class=\"aligncenter is-resized\"><img loading=\"lazy\" decoding=\"async\" src=\"https:\/\/ecodef-ihedn.fr\/wp-content\/uploads\/2020\/04\/mg_9917-1024x682.jpg\" alt=\"\" class=\"wp-image-6858\" width=\"439\" height=\"292\" \/><figcaption>On Monday 26 November 2018, the winners of the \u00abcentre of excellence\u00bb labels were announced by Florence Parly, Minister of the Armed Forces. <br>Copyright: V.BESNARD.MINISTERE DES ARMEES<\/figcaption><\/figure><\/div>\n\n\n\n<p>The University of Bordeaux is now one of <strong>5 prize-winning universities<\/strong> of the first labelling phase<strong> \u00abcentre of excellence\u00bb<\/strong> at <strong>strategic defence research<\/strong>. The Universit\u00e9 de Bordeaux's application and its project<strong> <\/strong><em><strong>Defense and Peace Bordeaux School (DPBS)<\/strong><\/em> was selected from among 19 projects submitted.<\/p>\n\n\n\n<p>Through this project, co-sponsored by <strong><a rel=\"noreferrer noopener\" aria-label=\"Jean Belin (opens in a new tab)\" href=\"http:\/\/gretha.u-bordeaux.fr\/fr\/members\/belin-jean\" target=\"_blank\">Jean Belin<\/a><\/strong>, holder of the <strong>Chair in Defence Economics<\/strong> (in collaboration with <strong>Anne-Marie Tournepiche<\/strong> and <strong>S\u00e9bastien Laurent<\/strong>, As a result, the University of Bordeaux is a recognised player in the field of strategic and defence studies. <\/p>\n\n\n\n<p>On the <strong>academic training<\/strong>, the project  <em>Defense and Peace Bordeaux School <\/em> will offer a <strong>specific \u00abdefence\u00bb training\u00bb <\/strong>(Masters and PhD).  In terms of <strong>research<\/strong>, It combines two complementary themes: <strong>Industry and defence budget<\/strong>e and <strong>Conflicts and new forms of confrontation.<\/strong> Its thematic positioning and research activity (see the <a rel=\"noreferrer noopener\" aria-label=\"scientific report on the chair (opens in a new tab)\" href=\"https:\/\/economie-defense.fr\/wp-content\/uploads\/2018\/11\/ecodef-bilan-scientifique-2017.pdf\" target=\"_blank\">scientific assessment of the chair<\/a>), the <strong>Chair in Defence Economics<\/strong> is contributing to the debate on these two issues.<\/p>\n\n\n\n<p>The project aims to <strong>decompartmentalising these two themes <\/strong>to propose a line of research linking the<strong> defence system<\/strong> (industry, budget, armed forces) with the\u2019<strong>intensity and characteristics of the armed conflict<\/strong>.<\/p>\n\n\n\n<p>Find out more about the \u00abcentre of excellence\u00bb labels for strategic defence research, <strong><a rel=\"noreferrer noopener\" aria-label=\"click here (opens in a new tab)\" href=\"https:\/\/www.defense.gouv.fr\/dgris\/recherche-et-prospective\/pacte-enseignement-superieur\/pacte-enseignement-superieur\" target=\"_blank\">click here<\/a><\/strong>.<\/p>","protected":false},"excerpt":{"rendered":"<p>L&rsquo;universit\u00e9 de Bordeaux fait d\u00e9sormais partie des 5 universit\u00e9s laur\u00e9ates de la premi\u00e8re phase de labellisation \u00ab centre d\u2019excellence \u00bb en recherche strat\u00e9gique de d\u00e9fense. La candidature de l\u2019universit\u00e9 de Bordeaux et son projet Defense and Peace Bordeaux School (DPBS) a \u00e9t\u00e9 retenue parmi 19 projets d\u00e9pos\u00e9s. A travers ce projet, co-port\u00e9 par Jean Belin, [&hellip;]<\/p>\n","protected":false},"author":1,"featured_media":1136,"comment_status":"open","ping_status":"open","sticky":false,"template":"","format":"standard","meta":{"footnotes":""},"categories":[360],"tags":[270,271,102,272,149,273,274],"class_list":{"0":"post-1135","1":"post","2":"type-post","3":"status-publish","4":"format-standard","5":"has-post-thumbnail","7":"category-actualites-du-reseau","8":"tag-centre-dexcellence","9":"tag-conflict-arm","10":"tag-conflit","11":"tag-defense-and-peace-bordeaux-school","12":"tag-industrie-de-defense","13":"tag-label-centre-dexcellence","14":"tag-universite-de-bordeaux"},"yoast_head":"<!-- This site is optimized with the Yoast SEO plugin v27.4 - https:\/\/yoast.com\/product\/yoast-seo-wordpress\/ -->\n<title>L&#039;universit\u00e9 de Bordeaux obtient le label \u00ab centre d\u2019excellence \u00bb en recherche strat\u00e9gique de d\u00e9fense - Chaire \u00c9conomie de d\u00e9fense - IHEDN<\/title>\n<meta name=\"robots\" content=\"index, follow, max-snippet:-1, max-image-preview:large, max-video-preview:-1\" \/>\n<link rel=\"canonical\" href=\"https:\/\/ecodef-ihedn.fr\/en\/luniversite-de-bordeaux-obtient-le-label-centre-dexcellence-en-recherche-strategique-de-defense\/\" \/>\n<meta property=\"og:locale\" content=\"en_GB\" \/>\n<meta property=\"og:type\" content=\"article\" \/>\n<meta property=\"og:title\" content=\"L&#039;universit\u00e9 de Bordeaux obtient le label \u00ab centre d\u2019excellence \u00bb en recherche strat\u00e9gique de d\u00e9fense - Chaire \u00c9conomie de d\u00e9fense - IHEDN\" \/>\n<meta property=\"og:description\" content=\"L&rsquo;universit\u00e9 de Bordeaux fait d\u00e9sormais partie des 5 universit\u00e9s laur\u00e9ates de la premi\u00e8re phase de labellisation \u00ab centre d\u2019excellence \u00bb en recherche strat\u00e9gique de d\u00e9fense. La candidature de l\u2019universit\u00e9 de Bordeaux et son projet Defense and Peace Bordeaux School (DPBS) a \u00e9t\u00e9 retenue parmi 19 projets d\u00e9pos\u00e9s. A travers ce projet, co-port\u00e9 par Jean Belin, [&hellip;]\" \/>\n<meta property=\"og:url\" content=\"https:\/\/ecodef-ihedn.fr\/en\/luniversite-de-bordeaux-obtient-le-label-centre-dexcellence-en-recherche-strategique-de-defense\/\" \/>\n<meta property=\"og:site_name\" content=\"Chaire \u00c9conomie de d\u00e9fense - IHEDN\" \/>\n<meta property=\"article:published_time\" content=\"2019-03-04T00:00:00+00:00\" \/>\n<meta property=\"article:modified_time\" content=\"2020-04-10T08:33:55+00:00\" \/>\n<meta property=\"og:image\" content=\"https:\/\/ecodef-ihedn.fr\/wp-content\/uploads\/2020\/04\/mg_9917.jpg\" \/>\n\t<meta property=\"og:image:width\" content=\"1772\" \/>\n\t<meta property=\"og:image:height\" content=\"1181\" \/>\n\t<meta property=\"og:image:type\" content=\"image\/jpeg\" \/>\n<meta name=\"author\" content=\"dev\" \/>\n<meta name=\"twitter:card\" content=\"summary_large_image\" \/>\n<meta name=\"twitter:creator\" content=\"@Chaire_Ecodef\" \/>\n<meta name=\"twitter:site\" content=\"@Chaire_Ecodef\" \/>\n<meta name=\"twitter:label1\" content=\"Written by\" \/>\n\t<meta name=\"twitter:data1\" content=\"dev\" \/>\n\t<meta name=\"twitter:label2\" content=\"Estimated reading time\" \/>\n\t<meta name=\"twitter:data2\" content=\"1 minute\" \/>\n<script type=\"application\/ld+json\" class=\"yoast-schema-graph\">{\"@context\":\"https:\\\/\\\/schema.org\",\"@graph\":[{\"@type\":\"Article\",\"@id\":\"https:\\\/\\\/ecodef-ihedn.fr\\\/luniversite-de-bordeaux-obtient-le-label-centre-dexcellence-en-recherche-strategique-de-defense\\\/#article\",\"isPartOf\":{\"@id\":\"https:\\\/\\\/ecodef-ihedn.fr\\\/luniversite-de-bordeaux-obtient-le-label-centre-dexcellence-en-recherche-strategique-de-defense\\\/\"},\"author\":{\"name\":\"dev\",\"@id\":\"https:\\\/\\\/ecodef-ihedn.fr\\\/#\\\/schema\\\/person\\\/7b3f1a2d8fd336e0be2f9ff63ff0ebbc\"},\"headline\":\"L&rsquo;universit\u00e9 de Bordeaux obtient le label \u00ab centre d\u2019excellence \u00bb en recherche strat\u00e9gique de d\u00e9fense\",\"datePublished\":\"2019-03-04T00:00:00+00:00\",\"dateModified\":\"2020-04-10T08:33:55+00:00\",\"mainEntityOfPage\":{\"@id\":\"https:\\\/\\\/ecodef-ihedn.fr\\\/luniversite-de-bordeaux-obtient-le-label-centre-dexcellence-en-recherche-strategique-de-defense\\\/\"},\"wordCount\":291,\"commentCount\":0,\"publisher\":{\"@id\":\"https:\\\/\\\/ecodef-ihedn.fr\\\/#organization\"},\"image\":{\"@id\":\"https:\\\/\\\/ecodef-ihedn.fr\\\/luniversite-de-bordeaux-obtient-le-label-centre-dexcellence-en-recherche-strategique-de-defense\\\/#primaryimage\"},\"thumbnailUrl\":\"https:\\\/\\\/ecodef-ihedn.fr\\\/wp-content\\\/uploads\\\/2020\\\/04\\\/mg_9917.jpg\",\"keywords\":[\"centre d'excellence\",\"conflict arm\",\"conflit\",\"Defense and Peace Bordeaux School\",\"industrie de d\u00e9fense\",\"label centre d'excellence\",\"Universit\u00e9 de Bordeaux\"],\"articleSection\":[\"Actualit\u00e9s du r\u00e9seau\"],\"inLanguage\":\"en-GB\",\"potentialAction\":[{\"@type\":\"CommentAction\",\"name\":\"Comment\",\"target\":[\"https:\\\/\\\/ecodef-ihedn.fr\\\/luniversite-de-bordeaux-obtient-le-label-centre-dexcellence-en-recherche-strategique-de-defense\\\/#respond\"]}]},{\"@type\":\"WebPage\",\"@id\":\"https:\\\/\\\/ecodef-ihedn.fr\\\/luniversite-de-bordeaux-obtient-le-label-centre-dexcellence-en-recherche-strategique-de-defense\\\/\",\"url\":\"https:\\\/\\\/ecodef-ihedn.fr\\\/luniversite-de-bordeaux-obtient-le-label-centre-dexcellence-en-recherche-strategique-de-defense\\\/\",\"name\":\"L'universit\u00e9 de Bordeaux obtient le label \u00ab centre d\u2019excellence \u00bb en recherche strat\u00e9gique de d\u00e9fense - Chaire \u00c9conomie de d\u00e9fense - IHEDN\",\"isPartOf\":{\"@id\":\"https:\\\/\\\/ecodef-ihedn.fr\\\/#website\"},\"primaryImageOfPage\":{\"@id\":\"https:\\\/\\\/ecodef-ihedn.fr\\\/luniversite-de-bordeaux-obtient-le-label-centre-dexcellence-en-recherche-strategique-de-defense\\\/#primaryimage\"},\"image\":{\"@id\":\"https:\\\/\\\/ecodef-ihedn.fr\\\/luniversite-de-bordeaux-obtient-le-label-centre-dexcellence-en-recherche-strategique-de-defense\\\/#primaryimage\"},\"thumbnailUrl\":\"https:\\\/\\\/ecodef-ihedn.fr\\\/wp-content\\\/uploads\\\/2020\\\/04\\\/mg_9917.jpg\",\"datePublished\":\"2019-03-04T00:00:00+00:00\",\"dateModified\":\"2020-04-10T08:33:55+00:00\",\"breadcrumb\":{\"@id\":\"https:\\\/\\\/ecodef-ihedn.fr\\\/luniversite-de-bordeaux-obtient-le-label-centre-dexcellence-en-recherche-strategique-de-defense\\\/#breadcrumb\"},\"inLanguage\":\"en-GB\",\"potentialAction\":[{\"@type\":\"ReadAction\",\"target\":[\"https:\\\/\\\/ecodef-ihedn.fr\\\/luniversite-de-bordeaux-obtient-le-label-centre-dexcellence-en-recherche-strategique-de-defense\\\/\"]}]},{\"@type\":\"ImageObject\",\"inLanguage\":\"en-GB\",\"@id\":\"https:\\\/\\\/ecodef-ihedn.fr\\\/luniversite-de-bordeaux-obtient-le-label-centre-dexcellence-en-recherche-strategique-de-defense\\\/#primaryimage\",\"url\":\"https:\\\/\\\/ecodef-ihedn.fr\\\/wp-content\\\/uploads\\\/2020\\\/04\\\/mg_9917.jpg\",\"contentUrl\":\"https:\\\/\\\/ecodef-ihedn.fr\\\/wp-content\\\/uploads\\\/2020\\\/04\\\/mg_9917.jpg\",\"width\":1772,\"height\":1181},{\"@type\":\"BreadcrumbList\",\"@id\":\"https:\\\/\\\/ecodef-ihedn.fr\\\/luniversite-de-bordeaux-obtient-le-label-centre-dexcellence-en-recherche-strategique-de-defense\\\/#breadcrumb\",\"itemListElement\":[{\"@type\":\"ListItem\",\"position\":1,\"name\":\"Accueil\",\"item\":\"https:\\\/\\\/ecodef-ihedn.fr\\\/\"},{\"@type\":\"ListItem\",\"position\":2,\"name\":\"L&#8217;universit\u00e9 de Bordeaux obtient le label \u00ab centre d\u2019excellence \u00bb en recherche strat\u00e9gique de d\u00e9fense\"}]},{\"@type\":\"WebSite\",\"@id\":\"https:\\\/\\\/ecodef-ihedn.fr\\\/#website\",\"url\":\"https:\\\/\\\/ecodef-ihedn.fr\\\/\",\"name\":\"Chaire \u00c9conomie de D\u00e9fense - IHEDN\",\"description\":\"Produire &amp; soutenir, f\u00e9d\u00e9rer &amp; diffuser, \u00eatre une interface\",\"publisher\":{\"@id\":\"https:\\\/\\\/ecodef-ihedn.fr\\\/#organization\"},\"potentialAction\":[{\"@type\":\"SearchAction\",\"target\":{\"@type\":\"EntryPoint\",\"urlTemplate\":\"https:\\\/\\\/ecodef-ihedn.fr\\\/?s={search_term_string}\"},\"query-input\":{\"@type\":\"PropertyValueSpecification\",\"valueRequired\":true,\"valueName\":\"search_term_string\"}}],\"inLanguage\":\"en-GB\"},{\"@type\":\"Organization\",\"@id\":\"https:\\\/\\\/ecodef-ihedn.fr\\\/#organization\",\"name\":\"Chaire \u00c9conomie de d\u00e9fense - IHEDN\",\"url\":\"https:\\\/\\\/ecodef-ihedn.fr\\\/\",\"logo\":{\"@type\":\"ImageObject\",\"inLanguage\":\"en-GB\",\"@id\":\"https:\\\/\\\/ecodef-ihedn.fr\\\/#\\\/schema\\\/logo\\\/image\\\/\",\"url\":\"https:\\\/\\\/ecodef-ihedn.fr\\\/wp-content\\\/uploads\\\/2020\\\/04\\\/logoEcodef9.jpg\",\"contentUrl\":\"https:\\\/\\\/ecodef-ihedn.fr\\\/wp-content\\\/uploads\\\/2020\\\/04\\\/logoEcodef9.jpg\",\"width\":410,\"height\":212,\"caption\":\"Chaire \u00c9conomie de d\u00e9fense - IHEDN\"},\"image\":{\"@id\":\"https:\\\/\\\/ecodef-ihedn.fr\\\/#\\\/schema\\\/logo\\\/image\\\/\"},\"sameAs\":[\"https:\\\/\\\/x.com\\\/Chaire_Ecodef\",\"https:\\\/\\\/www.linkedin.com\\\/company\\\/chaire-ecodef-ihedn\\\/\"]},{\"@type\":\"Person\",\"@id\":\"https:\\\/\\\/ecodef-ihedn.fr\\\/#\\\/schema\\\/person\\\/7b3f1a2d8fd336e0be2f9ff63ff0ebbc\",\"name\":\"dev\",\"image\":{\"@type\":\"ImageObject\",\"inLanguage\":\"en-GB\",\"@id\":\"https:\\\/\\\/secure.gravatar.com\\\/avatar\\\/f1ffcac9ca2fa95ad3ec33e9be3ade82f752acb0cabe541e56c5889225afa88a?s=96&d=mm&r=g\",\"url\":\"https:\\\/\\\/secure.gravatar.com\\\/avatar\\\/f1ffcac9ca2fa95ad3ec33e9be3ade82f752acb0cabe541e56c5889225afa88a?s=96&d=mm&r=g\",\"contentUrl\":\"https:\\\/\\\/secure.gravatar.com\\\/avatar\\\/f1ffcac9ca2fa95ad3ec33e9be3ade82f752acb0cabe541e56c5889225afa88a?s=96&d=mm&r=g\",\"caption\":\"dev\"},\"url\":\"https:\\\/\\\/ecodef-ihedn.fr\\\/en\\\/author\\\/dev\\\/\"}]}<\/script>\n<!-- \/ Yoast SEO plugin. -->","yoast_head_json":{"title":"L'universit\u00e9 de Bordeaux obtient le label \u00ab centre d\u2019excellence \u00bb en recherche strat\u00e9gique de d\u00e9fense - Chaire \u00c9conomie de d\u00e9fense - IHEDN","robots":{"index":"index","follow":"follow","max-snippet":"max-snippet:-1","max-image-preview":"max-image-preview:large","max-video-preview":"max-video-preview:-1"},"canonical":"https:\/\/ecodef-ihedn.fr\/en\/luniversite-de-bordeaux-obtient-le-label-centre-dexcellence-en-recherche-strategique-de-defense\/","og_locale":"en_GB","og_type":"article","og_title":"L'universit\u00e9 de Bordeaux obtient le label \u00ab centre d\u2019excellence \u00bb en recherche strat\u00e9gique de d\u00e9fense - Chaire \u00c9conomie de d\u00e9fense - IHEDN","og_description":"L&rsquo;universit\u00e9 de Bordeaux fait d\u00e9sormais partie des 5 universit\u00e9s laur\u00e9ates de la premi\u00e8re phase de labellisation \u00ab centre d\u2019excellence \u00bb en recherche strat\u00e9gique de d\u00e9fense. La candidature de l\u2019universit\u00e9 de Bordeaux et son projet Defense and Peace Bordeaux School (DPBS) a \u00e9t\u00e9 retenue parmi 19 projets d\u00e9pos\u00e9s. A travers ce projet, co-port\u00e9 par Jean Belin, [&hellip;]","og_url":"https:\/\/ecodef-ihedn.fr\/en\/luniversite-de-bordeaux-obtient-le-label-centre-dexcellence-en-recherche-strategique-de-defense\/","og_site_name":"Chaire \u00c9conomie de d\u00e9fense - IHEDN","article_published_time":"2019-03-04T00:00:00+00:00","article_modified_time":"2020-04-10T08:33:55+00:00","og_image":[{"width":1772,"height":1181,"url":"https:\/\/ecodef-ihedn.fr\/wp-content\/uploads\/2020\/04\/mg_9917.jpg","type":"image\/jpeg"}],"author":"dev","twitter_card":"summary_large_image","twitter_creator":"@Chaire_Ecodef","twitter_site":"@Chaire_Ecodef","twitter_misc":{"Written by":"dev","Estimated reading time":"1 minute"},"schema":{"@context":"https:\/\/schema.org","@graph":[{"@type":"Article","@id":"https:\/\/ecodef-ihedn.fr\/luniversite-de-bordeaux-obtient-le-label-centre-dexcellence-en-recherche-strategique-de-defense\/#article","isPartOf":{"@id":"https:\/\/ecodef-ihedn.fr\/luniversite-de-bordeaux-obtient-le-label-centre-dexcellence-en-recherche-strategique-de-defense\/"},"author":{"name":"dev","@id":"https:\/\/ecodef-ihedn.fr\/#\/schema\/person\/7b3f1a2d8fd336e0be2f9ff63ff0ebbc"},"headline":"L&rsquo;universit\u00e9 de Bordeaux obtient le label \u00ab centre d\u2019excellence \u00bb en recherche strat\u00e9gique de d\u00e9fense","datePublished":"2019-03-04T00:00:00+00:00","dateModified":"2020-04-10T08:33:55+00:00","mainEntityOfPage":{"@id":"https:\/\/ecodef-ihedn.fr\/luniversite-de-bordeaux-obtient-le-label-centre-dexcellence-en-recherche-strategique-de-defense\/"},"wordCount":291,"commentCount":0,"publisher":{"@id":"https:\/\/ecodef-ihedn.fr\/#organization"},"image":{"@id":"https:\/\/ecodef-ihedn.fr\/luniversite-de-bordeaux-obtient-le-label-centre-dexcellence-en-recherche-strategique-de-defense\/#primaryimage"},"thumbnailUrl":"https:\/\/ecodef-ihedn.fr\/wp-content\/uploads\/2020\/04\/mg_9917.jpg","keywords":["centre d'excellence","conflict arm","conflit","Defense and Peace Bordeaux School","industrie de d\u00e9fense","label centre d'excellence","Universit\u00e9 de Bordeaux"],"articleSection":["Actualit\u00e9s du r\u00e9seau"],"inLanguage":"en-GB","potentialAction":[{"@type":"CommentAction","name":"Comment","target":["https:\/\/ecodef-ihedn.fr\/luniversite-de-bordeaux-obtient-le-label-centre-dexcellence-en-recherche-strategique-de-defense\/#respond"]}]},{"@type":"WebPage","@id":"https:\/\/ecodef-ihedn.fr\/luniversite-de-bordeaux-obtient-le-label-centre-dexcellence-en-recherche-strategique-de-defense\/","url":"https:\/\/ecodef-ihedn.fr\/luniversite-de-bordeaux-obtient-le-label-centre-dexcellence-en-recherche-strategique-de-defense\/","name":"L'universit\u00e9 de Bordeaux obtient le label \u00ab centre d\u2019excellence \u00bb en recherche strat\u00e9gique de d\u00e9fense - Chaire \u00c9conomie de d\u00e9fense - IHEDN","isPartOf":{"@id":"https:\/\/ecodef-ihedn.fr\/#website"},"primaryImageOfPage":{"@id":"https:\/\/ecodef-ihedn.fr\/luniversite-de-bordeaux-obtient-le-label-centre-dexcellence-en-recherche-strategique-de-defense\/#primaryimage"},"image":{"@id":"https:\/\/ecodef-ihedn.fr\/luniversite-de-bordeaux-obtient-le-label-centre-dexcellence-en-recherche-strategique-de-defense\/#primaryimage"},"thumbnailUrl":"https:\/\/ecodef-ihedn.fr\/wp-content\/uploads\/2020\/04\/mg_9917.jpg","datePublished":"2019-03-04T00:00:00+00:00","dateModified":"2020-04-10T08:33:55+00:00","breadcrumb":{"@id":"https:\/\/ecodef-ihedn.fr\/luniversite-de-bordeaux-obtient-le-label-centre-dexcellence-en-recherche-strategique-de-defense\/#breadcrumb"},"inLanguage":"en-GB","potentialAction":[{"@type":"ReadAction","target":["https:\/\/ecodef-ihedn.fr\/luniversite-de-bordeaux-obtient-le-label-centre-dexcellence-en-recherche-strategique-de-defense\/"]}]},{"@type":"ImageObject","inLanguage":"en-GB","@id":"https:\/\/ecodef-ihedn.fr\/luniversite-de-bordeaux-obtient-le-label-centre-dexcellence-en-recherche-strategique-de-defense\/#primaryimage","url":"https:\/\/ecodef-ihedn.fr\/wp-content\/uploads\/2020\/04\/mg_9917.jpg","contentUrl":"https:\/\/ecodef-ihedn.fr\/wp-content\/uploads\/2020\/04\/mg_9917.jpg","width":1772,"height":1181},{"@type":"BreadcrumbList","@id":"https:\/\/ecodef-ihedn.fr\/luniversite-de-bordeaux-obtient-le-label-centre-dexcellence-en-recherche-strategique-de-defense\/#breadcrumb","itemListElement":[{"@type":"ListItem","position":1,"name":"Accueil","item":"https:\/\/ecodef-ihedn.fr\/"},{"@type":"ListItem","position":2,"name":"L&#8217;universit\u00e9 de Bordeaux obtient le label \u00ab centre d\u2019excellence \u00bb en recherche strat\u00e9gique de d\u00e9fense"}]},{"@type":"WebSite","@id":"https:\/\/ecodef-ihedn.fr\/#website","url":"https:\/\/ecodef-ihedn.fr\/","name":"Chair in Defence Economics - IHEDN","description":"Produce &amp; support, federate &amp; disseminate, act as an interface","publisher":{"@id":"https:\/\/ecodef-ihedn.fr\/#organization"},"potentialAction":[{"@type":"SearchAction","target":{"@type":"EntryPoint","urlTemplate":"https:\/\/ecodef-ihedn.fr\/?s={search_term_string}"},"query-input":{"@type":"PropertyValueSpecification","valueRequired":true,"valueName":"search_term_string"}}],"inLanguage":"en-GB"},{"@type":"Organization","@id":"https:\/\/ecodef-ihedn.fr\/#organization","name":"Chair in Defence Economics - IHEDN","url":"https:\/\/ecodef-ihedn.fr\/","logo":{"@type":"ImageObject","inLanguage":"en-GB","@id":"https:\/\/ecodef-ihedn.fr\/#\/schema\/logo\/image\/","url":"https:\/\/ecodef-ihedn.fr\/wp-content\/uploads\/2020\/04\/logoEcodef9.jpg","contentUrl":"https:\/\/ecodef-ihedn.fr\/wp-content\/uploads\/2020\/04\/logoEcodef9.jpg","width":410,"height":212,"caption":"Chaire \u00c9conomie de d\u00e9fense - IHEDN"},"image":{"@id":"https:\/\/ecodef-ihedn.fr\/#\/schema\/logo\/image\/"},"sameAs":["https:\/\/x.com\/Chaire_Ecodef","https:\/\/www.linkedin.com\/company\/chaire-ecodef-ihedn\/"]},{"@type":"Person","@id":"https:\/\/ecodef-ihedn.fr\/#\/schema\/person\/7b3f1a2d8fd336e0be2f9ff63ff0ebbc","name":"dev","image":{"@type":"ImageObject","inLanguage":"en-GB","@id":"https:\/\/secure.gravatar.com\/avatar\/f1ffcac9ca2fa95ad3ec33e9be3ade82f752acb0cabe541e56c5889225afa88a?s=96&d=mm&r=g","url":"https:\/\/secure.gravatar.com\/avatar\/f1ffcac9ca2fa95ad3ec33e9be3ade82f752acb0cabe541e56c5889225afa88a?s=96&d=mm&r=g","contentUrl":"https:\/\/secure.gravatar.com\/avatar\/f1ffcac9ca2fa95ad3ec33e9be3ade82f752acb0cabe541e56c5889225afa88a?s=96&d=mm&r=g","caption":"dev"},"url":"https:\/\/ecodef-ihedn.fr\/en\/author\/dev\/"}]}},"_links":{"self":[{"href":"https:\/\/ecodef-ihedn.fr\/en\/wp-json\/wp\/v2\/posts\/1135","targetHints":{"allow":["GET"]}}],"collection":[{"href":"https:\/\/ecodef-ihedn.fr\/en\/wp-json\/wp\/v2\/posts"}],"about":[{"href":"https:\/\/ecodef-ihedn.fr\/en\/wp-json\/wp\/v2\/types\/post"}],"author":[{"embeddable":true,"href":"https:\/\/ecodef-ihedn.fr\/en\/wp-json\/wp\/v2\/users\/1"}],"replies":[{"embeddable":true,"href":"https:\/\/ecodef-ihedn.fr\/en\/wp-json\/wp\/v2\/comments?post=1135"}],"version-history":[{"count":2,"href":"https:\/\/ecodef-ihedn.fr\/en\/wp-json\/wp\/v2\/posts\/1135\/revisions"}],"predecessor-version":[{"id":1467,"href":"https:\/\/ecodef-ihedn.fr\/en\/wp-json\/wp\/v2\/posts\/1135\/revisions\/1467"}],"wp:featuredmedia":[{"embeddable":true,"href":"https:\/\/ecodef-ihedn.fr\/en\/wp-json\/wp\/v2\/media\/1136"}],"wp:attachment":[{"href":"https:\/\/ecodef-ihedn.fr\/en\/wp-json\/wp\/v2\/media?parent=1135"}],"wp:term":[{"taxonomy":"category","embeddable":true,"href":"https:\/\/ecodef-ihedn.fr\/en\/wp-json\/wp\/v2\/categories?post=1135"},{"taxonomy":"post_tag","embeddable":true,"href":"https:\/\/ecodef-ihedn.fr\/en\/wp-json\/wp\/v2\/tags?post=1135"}],"curies":[{"name":"wp","href":"https:\/\/api.w.org\/{rel}","templated":true}]}}