{"id":1137,"date":"2019-03-11T00:00:00","date_gmt":"2019-03-11T00:00:00","guid":{"rendered":"https:\/\/ecodef-ihedn.fr\/recherche-innovation-et-defense-conference-annuelle-chaire-economie-de-defense-20-mars-2019-assemblee-nationale-2\/"},"modified":"2020-04-09T11:28:32","modified_gmt":"2020-04-09T11:28:32","slug":"recherche-innovation-et-defense-conference-annuelle-chaire-economie-de-defense-20-mars-2019-assemblee-nationale-2","status":"publish","type":"post","link":"https:\/\/ecodef-ihedn.fr\/en\/recherche-innovation-et-defense-conference-annuelle-chaire-economie-de-defense-20-mars-2019-assemblee-nationale-2\/","title":{"rendered":"Research, innovation and defence: Chaire \u00c9conomie de d\u00e9fense annual conference, 20 March 2019, National Assembly"},"content":{"rendered":"<h1 class=\"wp-block-heading\" style=\"text-align:center\"><strong>Research, innovation and defence<\/strong><\/h1>\n\n\n\n<h2 class=\"wp-block-heading\" style=\"text-align:center\">Annual conference of the Chair in Defence Economics<\/h2>\n\n\n\n<h3 class=\"wp-block-heading\" style=\"text-align:center\">Assembl\u00e9e Nationale, Victor Hugo room<\/h3>\n\n\n\n<h3 class=\"wp-block-heading\" style=\"text-align:center\">Wednesday 20 March 2019 \/ 2-6pm (admission at 1.30pm)<\/h3>\n\n\n\n<p style=\"text-align:center\" class=\"has-text-color has-vivid-red-color\"><strong>Attention: Registration closed<\/strong><\/p>\n\n\n\n<p>Le <strong>national innovation system<\/strong> Since the 1980s, the French civil and defence markets have undergone major changes. In particular, we have seen <strong>increase in civil R&amp;D<\/strong>, a greater role for <strong>companies and start-ups<\/strong>, A change in the management of intellectual property and the research funding system (development of funding instruments, reduction in direct funding, increase in the research tax credit, etc.).<\/p>\n\n\n\n<p>L\u2019<strong>innovation<\/strong> is an absolute necessity for the <strong>strategic superiority<\/strong> of our armed forces, the defence sector (Ministry, agencies, companies) has had to adapt to this new situation. <strong>new environment<\/strong>. The system has opened up, links with the civilian world and duality have developed, and a number of <strong>new mechanisms<\/strong> from<strong> cooperation and coordination<\/strong> have been set up.<\/p>\n\n\n\n<p>The conference we are organising will provide an opportunity to study <strong>how the defence sector has evolved<\/strong> to succeed in <strong>bringing innovation to life and using it effectively<\/strong>.<\/p>\n\n\n\n<p>To download the programme, <a href=\"https:\/\/economie-defense.fr\/wp-content\/uploads\/2019\/03\/conference_chaire_innovation_programme_2019.pdf\" target=\"_blank\" rel=\"noreferrer noopener\"><strong>click here<\/strong><\/a><\/p>","protected":false},"excerpt":{"rendered":"<p>Recherche, innovation et d\u00e9fense Conf\u00e9rence annuelle Chaire \u00c9conomie de d\u00e9fense Assembl\u00e9e Nationale, salle Victor Hugo Mercredi 20 mars 2019 \/ 14h-18h (entr\u00e9e \u00e0 13h30) Attention: Inscription closes Le syst\u00e8me national d\u2019innovation fran\u00e7ais (civil et d\u00e9fense) a largement \u00e9t\u00e9 modifi\u00e9 depuis les ann\u00e9es 1980. Nous avons notamment assist\u00e9 \u00e0 une augmentation de la R&amp;D civile, un [&hellip;]<\/p>\n","protected":false},"author":1,"featured_media":564,"comment_status":"open","ping_status":"open","sticky":false,"template":"","format":"standard","meta":{"footnotes":""},"categories":[355],"tags":[131,41,275,149,60],"class_list":{"0":"post-1137","1":"post","2":"type-post","3":"status-publish","4":"format-standard","5":"has-post-thumbnail","7":"category-activites-evenements-portes-par-la-chaire","8":"tag-agence-de-linnovation","9":"tag-conference","10":"tag-dualite","11":"tag-industrie-de-defense","12":"tag-innovation"},"yoast_head":"<!-- This site is optimized with the Yoast SEO plugin v27.4 - https:\/\/yoast.com\/product\/yoast-seo-wordpress\/ -->\n<title>Recherche, innovation et d\u00e9fense : Conf\u00e9rence annuelle Chaire \u00c9conomie de d\u00e9fense, 20 mars 2019, Assembl\u00e9e Nationale - Chaire \u00c9conomie de d\u00e9fense - IHEDN<\/title>\n<meta name=\"robots\" content=\"index, follow, max-snippet:-1, max-image-preview:large, max-video-preview:-1\" \/>\n<link rel=\"canonical\" href=\"https:\/\/ecodef-ihedn.fr\/en\/recherche-innovation-et-defense-conference-annuelle-chaire-economie-de-defense-20-mars-2019-assemblee-nationale-2\/\" \/>\n<meta property=\"og:locale\" content=\"en_GB\" \/>\n<meta property=\"og:type\" content=\"article\" \/>\n<meta property=\"og:title\" content=\"Recherche, innovation et d\u00e9fense : Conf\u00e9rence annuelle Chaire \u00c9conomie de d\u00e9fense, 20 mars 2019, Assembl\u00e9e Nationale - Chaire \u00c9conomie de d\u00e9fense - IHEDN\" \/>\n<meta property=\"og:description\" content=\"Recherche, innovation et d\u00e9fense Conf\u00e9rence annuelle Chaire \u00c9conomie de d\u00e9fense Assembl\u00e9e Nationale, salle Victor Hugo Mercredi 20 mars 2019 \/ 14h-18h (entr\u00e9e \u00e0 13h30) Attention: Inscription closes Le syst\u00e8me national d\u2019innovation fran\u00e7ais (civil et d\u00e9fense) a largement \u00e9t\u00e9 modifi\u00e9 depuis les ann\u00e9es 1980. Nous avons notamment assist\u00e9 \u00e0 une augmentation de la R&amp;D civile, un [&hellip;]\" \/>\n<meta property=\"og:url\" content=\"https:\/\/ecodef-ihedn.fr\/en\/recherche-innovation-et-defense-conference-annuelle-chaire-economie-de-defense-20-mars-2019-assemblee-nationale-2\/\" \/>\n<meta property=\"og:site_name\" content=\"Chaire \u00c9conomie de d\u00e9fense - IHEDN\" \/>\n<meta property=\"article:published_time\" content=\"2019-03-11T00:00:00+00:00\" \/>\n<meta property=\"article:modified_time\" content=\"2020-04-09T11:28:32+00:00\" \/>\n<meta property=\"og:image\" content=\"https:\/\/ecodef-ihedn.fr\/wp-content\/uploads\/2020\/02\/ecole-militaire-paris-1.jpg\" \/>\n\t<meta property=\"og:image:width\" content=\"755\" \/>\n\t<meta property=\"og:image:height\" content=\"414\" \/>\n\t<meta property=\"og:image:type\" content=\"image\/jpeg\" \/>\n<meta name=\"author\" content=\"dev\" \/>\n<meta name=\"twitter:card\" content=\"summary_large_image\" \/>\n<meta name=\"twitter:creator\" content=\"@Chaire_Ecodef\" \/>\n<meta name=\"twitter:site\" content=\"@Chaire_Ecodef\" \/>\n<meta name=\"twitter:label1\" content=\"Written by\" \/>\n\t<meta name=\"twitter:data1\" content=\"dev\" \/>\n\t<meta name=\"twitter:label2\" content=\"Estimated reading time\" \/>\n\t<meta name=\"twitter:data2\" content=\"1 minute\" \/>\n<script type=\"application\/ld+json\" class=\"yoast-schema-graph\">{\"@context\":\"https:\\\/\\\/schema.org\",\"@graph\":[{\"@type\":\"Article\",\"@id\":\"https:\\\/\\\/ecodef-ihedn.fr\\\/recherche-innovation-et-defense-conference-annuelle-chaire-economie-de-defense-20-mars-2019-assemblee-nationale-2\\\/#article\",\"isPartOf\":{\"@id\":\"https:\\\/\\\/ecodef-ihedn.fr\\\/recherche-innovation-et-defense-conference-annuelle-chaire-economie-de-defense-20-mars-2019-assemblee-nationale-2\\\/\"},\"author\":{\"name\":\"dev\",\"@id\":\"https:\\\/\\\/ecodef-ihedn.fr\\\/#\\\/schema\\\/person\\\/7b3f1a2d8fd336e0be2f9ff63ff0ebbc\"},\"headline\":\"Recherche, innovation et d\u00e9fense : Conf\u00e9rence annuelle Chaire \u00c9conomie de d\u00e9fense, 20 mars 2019, Assembl\u00e9e Nationale\",\"datePublished\":\"2019-03-11T00:00:00+00:00\",\"dateModified\":\"2020-04-09T11:28:32+00:00\",\"mainEntityOfPage\":{\"@id\":\"https:\\\/\\\/ecodef-ihedn.fr\\\/recherche-innovation-et-defense-conference-annuelle-chaire-economie-de-defense-20-mars-2019-assemblee-nationale-2\\\/\"},\"wordCount\":230,\"commentCount\":0,\"publisher\":{\"@id\":\"https:\\\/\\\/ecodef-ihedn.fr\\\/#organization\"},\"image\":{\"@id\":\"https:\\\/\\\/ecodef-ihedn.fr\\\/recherche-innovation-et-defense-conference-annuelle-chaire-economie-de-defense-20-mars-2019-assemblee-nationale-2\\\/#primaryimage\"},\"thumbnailUrl\":\"https:\\\/\\\/ecodef-ihedn.fr\\\/wp-content\\\/uploads\\\/2020\\\/02\\\/ecole-militaire-paris-1.jpg\",\"keywords\":[\"Agence de l'Innovation\",\"conf\u00e9rence\",\"Dualit\u00e9\",\"industrie de d\u00e9fense\",\"innovation\"],\"articleSection\":[\"Activit\u00e9s : \u00e9v\u00e9nements port\u00e9s par la Chaire\"],\"inLanguage\":\"en-GB\",\"potentialAction\":[{\"@type\":\"CommentAction\",\"name\":\"Comment\",\"target\":[\"https:\\\/\\\/ecodef-ihedn.fr\\\/recherche-innovation-et-defense-conference-annuelle-chaire-economie-de-defense-20-mars-2019-assemblee-nationale-2\\\/#respond\"]}]},{\"@type\":\"WebPage\",\"@id\":\"https:\\\/\\\/ecodef-ihedn.fr\\\/recherche-innovation-et-defense-conference-annuelle-chaire-economie-de-defense-20-mars-2019-assemblee-nationale-2\\\/\",\"url\":\"https:\\\/\\\/ecodef-ihedn.fr\\\/recherche-innovation-et-defense-conference-annuelle-chaire-economie-de-defense-20-mars-2019-assemblee-nationale-2\\\/\",\"name\":\"Recherche, innovation et d\u00e9fense : Conf\u00e9rence annuelle Chaire \u00c9conomie de d\u00e9fense, 20 mars 2019, Assembl\u00e9e Nationale - Chaire \u00c9conomie de d\u00e9fense - IHEDN\",\"isPartOf\":{\"@id\":\"https:\\\/\\\/ecodef-ihedn.fr\\\/#website\"},\"primaryImageOfPage\":{\"@id\":\"https:\\\/\\\/ecodef-ihedn.fr\\\/recherche-innovation-et-defense-conference-annuelle-chaire-economie-de-defense-20-mars-2019-assemblee-nationale-2\\\/#primaryimage\"},\"image\":{\"@id\":\"https:\\\/\\\/ecodef-ihedn.fr\\\/recherche-innovation-et-defense-conference-annuelle-chaire-economie-de-defense-20-mars-2019-assemblee-nationale-2\\\/#primaryimage\"},\"thumbnailUrl\":\"https:\\\/\\\/ecodef-ihedn.fr\\\/wp-content\\\/uploads\\\/2020\\\/02\\\/ecole-militaire-paris-1.jpg\",\"datePublished\":\"2019-03-11T00:00:00+00:00\",\"dateModified\":\"2020-04-09T11:28:32+00:00\",\"breadcrumb\":{\"@id\":\"https:\\\/\\\/ecodef-ihedn.fr\\\/recherche-innovation-et-defense-conference-annuelle-chaire-economie-de-defense-20-mars-2019-assemblee-nationale-2\\\/#breadcrumb\"},\"inLanguage\":\"en-GB\",\"potentialAction\":[{\"@type\":\"ReadAction\",\"target\":[\"https:\\\/\\\/ecodef-ihedn.fr\\\/recherche-innovation-et-defense-conference-annuelle-chaire-economie-de-defense-20-mars-2019-assemblee-nationale-2\\\/\"]}]},{\"@type\":\"ImageObject\",\"inLanguage\":\"en-GB\",\"@id\":\"https:\\\/\\\/ecodef-ihedn.fr\\\/recherche-innovation-et-defense-conference-annuelle-chaire-economie-de-defense-20-mars-2019-assemblee-nationale-2\\\/#primaryimage\",\"url\":\"https:\\\/\\\/ecodef-ihedn.fr\\\/wp-content\\\/uploads\\\/2020\\\/02\\\/ecole-militaire-paris-1.jpg\",\"contentUrl\":\"https:\\\/\\\/ecodef-ihedn.fr\\\/wp-content\\\/uploads\\\/2020\\\/02\\\/ecole-militaire-paris-1.jpg\",\"width\":755,\"height\":414},{\"@type\":\"BreadcrumbList\",\"@id\":\"https:\\\/\\\/ecodef-ihedn.fr\\\/recherche-innovation-et-defense-conference-annuelle-chaire-economie-de-defense-20-mars-2019-assemblee-nationale-2\\\/#breadcrumb\",\"itemListElement\":[{\"@type\":\"ListItem\",\"position\":1,\"name\":\"Accueil\",\"item\":\"https:\\\/\\\/ecodef-ihedn.fr\\\/\"},{\"@type\":\"ListItem\",\"position\":2,\"name\":\"Recherche, innovation et d\u00e9fense : Conf\u00e9rence annuelle Chaire \u00c9conomie de d\u00e9fense, 20 mars 2019, Assembl\u00e9e Nationale\"}]},{\"@type\":\"WebSite\",\"@id\":\"https:\\\/\\\/ecodef-ihedn.fr\\\/#website\",\"url\":\"https:\\\/\\\/ecodef-ihedn.fr\\\/\",\"name\":\"Chaire \u00c9conomie de D\u00e9fense - IHEDN\",\"description\":\"Produire &amp; soutenir, f\u00e9d\u00e9rer &amp; diffuser, \u00eatre une interface\",\"publisher\":{\"@id\":\"https:\\\/\\\/ecodef-ihedn.fr\\\/#organization\"},\"potentialAction\":[{\"@type\":\"SearchAction\",\"target\":{\"@type\":\"EntryPoint\",\"urlTemplate\":\"https:\\\/\\\/ecodef-ihedn.fr\\\/?s={search_term_string}\"},\"query-input\":{\"@type\":\"PropertyValueSpecification\",\"valueRequired\":true,\"valueName\":\"search_term_string\"}}],\"inLanguage\":\"en-GB\"},{\"@type\":\"Organization\",\"@id\":\"https:\\\/\\\/ecodef-ihedn.fr\\\/#organization\",\"name\":\"Chaire \u00c9conomie de d\u00e9fense - IHEDN\",\"url\":\"https:\\\/\\\/ecodef-ihedn.fr\\\/\",\"logo\":{\"@type\":\"ImageObject\",\"inLanguage\":\"en-GB\",\"@id\":\"https:\\\/\\\/ecodef-ihedn.fr\\\/#\\\/schema\\\/logo\\\/image\\\/\",\"url\":\"https:\\\/\\\/ecodef-ihedn.fr\\\/wp-content\\\/uploads\\\/2020\\\/04\\\/logoEcodef9.jpg\",\"contentUrl\":\"https:\\\/\\\/ecodef-ihedn.fr\\\/wp-content\\\/uploads\\\/2020\\\/04\\\/logoEcodef9.jpg\",\"width\":410,\"height\":212,\"caption\":\"Chaire \u00c9conomie de d\u00e9fense - IHEDN\"},\"image\":{\"@id\":\"https:\\\/\\\/ecodef-ihedn.fr\\\/#\\\/schema\\\/logo\\\/image\\\/\"},\"sameAs\":[\"https:\\\/\\\/x.com\\\/Chaire_Ecodef\",\"https:\\\/\\\/www.linkedin.com\\\/company\\\/chaire-ecodef-ihedn\\\/\"]},{\"@type\":\"Person\",\"@id\":\"https:\\\/\\\/ecodef-ihedn.fr\\\/#\\\/schema\\\/person\\\/7b3f1a2d8fd336e0be2f9ff63ff0ebbc\",\"name\":\"dev\",\"image\":{\"@type\":\"ImageObject\",\"inLanguage\":\"en-GB\",\"@id\":\"https:\\\/\\\/secure.gravatar.com\\\/avatar\\\/f1ffcac9ca2fa95ad3ec33e9be3ade82f752acb0cabe541e56c5889225afa88a?s=96&d=mm&r=g\",\"url\":\"https:\\\/\\\/secure.gravatar.com\\\/avatar\\\/f1ffcac9ca2fa95ad3ec33e9be3ade82f752acb0cabe541e56c5889225afa88a?s=96&d=mm&r=g\",\"contentUrl\":\"https:\\\/\\\/secure.gravatar.com\\\/avatar\\\/f1ffcac9ca2fa95ad3ec33e9be3ade82f752acb0cabe541e56c5889225afa88a?s=96&d=mm&r=g\",\"caption\":\"dev\"},\"url\":\"https:\\\/\\\/ecodef-ihedn.fr\\\/en\\\/author\\\/dev\\\/\"}]}<\/script>\n<!-- \/ Yoast SEO plugin. -->","yoast_head_json":{"title":"Recherche, innovation et d\u00e9fense : Conf\u00e9rence annuelle Chaire \u00c9conomie de d\u00e9fense, 20 mars 2019, Assembl\u00e9e Nationale - Chaire \u00c9conomie de d\u00e9fense - IHEDN","robots":{"index":"index","follow":"follow","max-snippet":"max-snippet:-1","max-image-preview":"max-image-preview:large","max-video-preview":"max-video-preview:-1"},"canonical":"https:\/\/ecodef-ihedn.fr\/en\/recherche-innovation-et-defense-conference-annuelle-chaire-economie-de-defense-20-mars-2019-assemblee-nationale-2\/","og_locale":"en_GB","og_type":"article","og_title":"Recherche, innovation et d\u00e9fense : Conf\u00e9rence annuelle Chaire \u00c9conomie de d\u00e9fense, 20 mars 2019, Assembl\u00e9e Nationale - Chaire \u00c9conomie de d\u00e9fense - IHEDN","og_description":"Recherche, innovation et d\u00e9fense Conf\u00e9rence annuelle Chaire \u00c9conomie de d\u00e9fense Assembl\u00e9e Nationale, salle Victor Hugo Mercredi 20 mars 2019 \/ 14h-18h (entr\u00e9e \u00e0 13h30) Attention: Inscription closes Le syst\u00e8me national d\u2019innovation fran\u00e7ais (civil et d\u00e9fense) a largement \u00e9t\u00e9 modifi\u00e9 depuis les ann\u00e9es 1980. Nous avons notamment assist\u00e9 \u00e0 une augmentation de la R&amp;D civile, un [&hellip;]","og_url":"https:\/\/ecodef-ihedn.fr\/en\/recherche-innovation-et-defense-conference-annuelle-chaire-economie-de-defense-20-mars-2019-assemblee-nationale-2\/","og_site_name":"Chaire \u00c9conomie de d\u00e9fense - IHEDN","article_published_time":"2019-03-11T00:00:00+00:00","article_modified_time":"2020-04-09T11:28:32+00:00","og_image":[{"width":755,"height":414,"url":"https:\/\/ecodef-ihedn.fr\/wp-content\/uploads\/2020\/02\/ecole-militaire-paris-1.jpg","type":"image\/jpeg"}],"author":"dev","twitter_card":"summary_large_image","twitter_creator":"@Chaire_Ecodef","twitter_site":"@Chaire_Ecodef","twitter_misc":{"Written by":"dev","Estimated reading time":"1 minute"},"schema":{"@context":"https:\/\/schema.org","@graph":[{"@type":"Article","@id":"https:\/\/ecodef-ihedn.fr\/recherche-innovation-et-defense-conference-annuelle-chaire-economie-de-defense-20-mars-2019-assemblee-nationale-2\/#article","isPartOf":{"@id":"https:\/\/ecodef-ihedn.fr\/recherche-innovation-et-defense-conference-annuelle-chaire-economie-de-defense-20-mars-2019-assemblee-nationale-2\/"},"author":{"name":"dev","@id":"https:\/\/ecodef-ihedn.fr\/#\/schema\/person\/7b3f1a2d8fd336e0be2f9ff63ff0ebbc"},"headline":"Recherche, innovation et d\u00e9fense : Conf\u00e9rence annuelle Chaire \u00c9conomie de d\u00e9fense, 20 mars 2019, Assembl\u00e9e Nationale","datePublished":"2019-03-11T00:00:00+00:00","dateModified":"2020-04-09T11:28:32+00:00","mainEntityOfPage":{"@id":"https:\/\/ecodef-ihedn.fr\/recherche-innovation-et-defense-conference-annuelle-chaire-economie-de-defense-20-mars-2019-assemblee-nationale-2\/"},"wordCount":230,"commentCount":0,"publisher":{"@id":"https:\/\/ecodef-ihedn.fr\/#organization"},"image":{"@id":"https:\/\/ecodef-ihedn.fr\/recherche-innovation-et-defense-conference-annuelle-chaire-economie-de-defense-20-mars-2019-assemblee-nationale-2\/#primaryimage"},"thumbnailUrl":"https:\/\/ecodef-ihedn.fr\/wp-content\/uploads\/2020\/02\/ecole-militaire-paris-1.jpg","keywords":["Agence de l'Innovation","conf\u00e9rence","Dualit\u00e9","industrie de d\u00e9fense","innovation"],"articleSection":["Activit\u00e9s : \u00e9v\u00e9nements port\u00e9s par la Chaire"],"inLanguage":"en-GB","potentialAction":[{"@type":"CommentAction","name":"Comment","target":["https:\/\/ecodef-ihedn.fr\/recherche-innovation-et-defense-conference-annuelle-chaire-economie-de-defense-20-mars-2019-assemblee-nationale-2\/#respond"]}]},{"@type":"WebPage","@id":"https:\/\/ecodef-ihedn.fr\/recherche-innovation-et-defense-conference-annuelle-chaire-economie-de-defense-20-mars-2019-assemblee-nationale-2\/","url":"https:\/\/ecodef-ihedn.fr\/recherche-innovation-et-defense-conference-annuelle-chaire-economie-de-defense-20-mars-2019-assemblee-nationale-2\/","name":"Recherche, innovation et d\u00e9fense : Conf\u00e9rence annuelle Chaire \u00c9conomie de d\u00e9fense, 20 mars 2019, Assembl\u00e9e Nationale - Chaire \u00c9conomie de d\u00e9fense - IHEDN","isPartOf":{"@id":"https:\/\/ecodef-ihedn.fr\/#website"},"primaryImageOfPage":{"@id":"https:\/\/ecodef-ihedn.fr\/recherche-innovation-et-defense-conference-annuelle-chaire-economie-de-defense-20-mars-2019-assemblee-nationale-2\/#primaryimage"},"image":{"@id":"https:\/\/ecodef-ihedn.fr\/recherche-innovation-et-defense-conference-annuelle-chaire-economie-de-defense-20-mars-2019-assemblee-nationale-2\/#primaryimage"},"thumbnailUrl":"https:\/\/ecodef-ihedn.fr\/wp-content\/uploads\/2020\/02\/ecole-militaire-paris-1.jpg","datePublished":"2019-03-11T00:00:00+00:00","dateModified":"2020-04-09T11:28:32+00:00","breadcrumb":{"@id":"https:\/\/ecodef-ihedn.fr\/recherche-innovation-et-defense-conference-annuelle-chaire-economie-de-defense-20-mars-2019-assemblee-nationale-2\/#breadcrumb"},"inLanguage":"en-GB","potentialAction":[{"@type":"ReadAction","target":["https:\/\/ecodef-ihedn.fr\/recherche-innovation-et-defense-conference-annuelle-chaire-economie-de-defense-20-mars-2019-assemblee-nationale-2\/"]}]},{"@type":"ImageObject","inLanguage":"en-GB","@id":"https:\/\/ecodef-ihedn.fr\/recherche-innovation-et-defense-conference-annuelle-chaire-economie-de-defense-20-mars-2019-assemblee-nationale-2\/#primaryimage","url":"https:\/\/ecodef-ihedn.fr\/wp-content\/uploads\/2020\/02\/ecole-militaire-paris-1.jpg","contentUrl":"https:\/\/ecodef-ihedn.fr\/wp-content\/uploads\/2020\/02\/ecole-militaire-paris-1.jpg","width":755,"height":414},{"@type":"BreadcrumbList","@id":"https:\/\/ecodef-ihedn.fr\/recherche-innovation-et-defense-conference-annuelle-chaire-economie-de-defense-20-mars-2019-assemblee-nationale-2\/#breadcrumb","itemListElement":[{"@type":"ListItem","position":1,"name":"Accueil","item":"https:\/\/ecodef-ihedn.fr\/"},{"@type":"ListItem","position":2,"name":"Recherche, innovation et d\u00e9fense : Conf\u00e9rence annuelle Chaire \u00c9conomie de d\u00e9fense, 20 mars 2019, Assembl\u00e9e Nationale"}]},{"@type":"WebSite","@id":"https:\/\/ecodef-ihedn.fr\/#website","url":"https:\/\/ecodef-ihedn.fr\/","name":"Chair in Defence Economics - IHEDN","description":"Produce &amp; support, federate &amp; disseminate, act as an interface","publisher":{"@id":"https:\/\/ecodef-ihedn.fr\/#organization"},"potentialAction":[{"@type":"SearchAction","target":{"@type":"EntryPoint","urlTemplate":"https:\/\/ecodef-ihedn.fr\/?s={search_term_string}"},"query-input":{"@type":"PropertyValueSpecification","valueRequired":true,"valueName":"search_term_string"}}],"inLanguage":"en-GB"},{"@type":"Organization","@id":"https:\/\/ecodef-ihedn.fr\/#organization","name":"Chair in Defence Economics - IHEDN","url":"https:\/\/ecodef-ihedn.fr\/","logo":{"@type":"ImageObject","inLanguage":"en-GB","@id":"https:\/\/ecodef-ihedn.fr\/#\/schema\/logo\/image\/","url":"https:\/\/ecodef-ihedn.fr\/wp-content\/uploads\/2020\/04\/logoEcodef9.jpg","contentUrl":"https:\/\/ecodef-ihedn.fr\/wp-content\/uploads\/2020\/04\/logoEcodef9.jpg","width":410,"height":212,"caption":"Chaire \u00c9conomie de d\u00e9fense - IHEDN"},"image":{"@id":"https:\/\/ecodef-ihedn.fr\/#\/schema\/logo\/image\/"},"sameAs":["https:\/\/x.com\/Chaire_Ecodef","https:\/\/www.linkedin.com\/company\/chaire-ecodef-ihedn\/"]},{"@type":"Person","@id":"https:\/\/ecodef-ihedn.fr\/#\/schema\/person\/7b3f1a2d8fd336e0be2f9ff63ff0ebbc","name":"dev","image":{"@type":"ImageObject","inLanguage":"en-GB","@id":"https:\/\/secure.gravatar.com\/avatar\/f1ffcac9ca2fa95ad3ec33e9be3ade82f752acb0cabe541e56c5889225afa88a?s=96&d=mm&r=g","url":"https:\/\/secure.gravatar.com\/avatar\/f1ffcac9ca2fa95ad3ec33e9be3ade82f752acb0cabe541e56c5889225afa88a?s=96&d=mm&r=g","contentUrl":"https:\/\/secure.gravatar.com\/avatar\/f1ffcac9ca2fa95ad3ec33e9be3ade82f752acb0cabe541e56c5889225afa88a?s=96&d=mm&r=g","caption":"dev"},"url":"https:\/\/ecodef-ihedn.fr\/en\/author\/dev\/"}]}},"_links":{"self":[{"href":"https:\/\/ecodef-ihedn.fr\/en\/wp-json\/wp\/v2\/posts\/1137","targetHints":{"allow":["GET"]}}],"collection":[{"href":"https:\/\/ecodef-ihedn.fr\/en\/wp-json\/wp\/v2\/posts"}],"about":[{"href":"https:\/\/ecodef-ihedn.fr\/en\/wp-json\/wp\/v2\/types\/post"}],"author":[{"embeddable":true,"href":"https:\/\/ecodef-ihedn.fr\/en\/wp-json\/wp\/v2\/users\/1"}],"replies":[{"embeddable":true,"href":"https:\/\/ecodef-ihedn.fr\/en\/wp-json\/wp\/v2\/comments?post=1137"}],"version-history":[{"count":1,"href":"https:\/\/ecodef-ihedn.fr\/en\/wp-json\/wp\/v2\/posts\/1137\/revisions"}],"predecessor-version":[{"id":1374,"href":"https:\/\/ecodef-ihedn.fr\/en\/wp-json\/wp\/v2\/posts\/1137\/revisions\/1374"}],"wp:featuredmedia":[{"embeddable":true,"href":"https:\/\/ecodef-ihedn.fr\/en\/wp-json\/wp\/v2\/media\/564"}],"wp:attachment":[{"href":"https:\/\/ecodef-ihedn.fr\/en\/wp-json\/wp\/v2\/media?parent=1137"}],"wp:term":[{"taxonomy":"category","embeddable":true,"href":"https:\/\/ecodef-ihedn.fr\/en\/wp-json\/wp\/v2\/categories?post=1137"},{"taxonomy":"post_tag","embeddable":true,"href":"https:\/\/ecodef-ihedn.fr\/en\/wp-json\/wp\/v2\/tags?post=1137"}],"curies":[{"name":"wp","href":"https:\/\/api.w.org\/{rel}","templated":true}]}}