{"id":1139,"date":"2019-03-20T00:00:00","date_gmt":"2019-03-20T00:00:00","guid":{"rendered":"https:\/\/ecodef-ihedn.fr\/intervention-de-josselin-droff-et-de-julien-malizard-19-mars-2019-cems-air\/"},"modified":"2024-03-20T13:09:36","modified_gmt":"2024-03-20T13:09:36","slug":"intervention-de-josselin-droff-et-de-julien-malizard-19-mars-2019-cems-air","status":"publish","type":"post","link":"https:\/\/ecodef-ihedn.fr\/en\/intervention-de-josselin-droff-et-de-julien-malizard-19-mars-2019-cems-air\/","title":{"rendered":"Speech by Josselin Droff and Julien Malizard, 19 March 2019, CEMS Air"},"content":{"rendered":"<div class=\"wp-block-image\">\r\n<figure class=\"aligncenter is-resized\"><img loading=\"lazy\" decoding=\"async\" class=\"wp-image-6899\" src=\"https:\/\/ecodef-ihedn.fr\/wp-content\/uploads\/2020\/04\/cems_air_2019-1024x768.jpg\" alt=\"\" width=\"503\" height=\"377\" \/>\r\n<figcaption>Josselin Droff, round table at CEMS Air, 19 March 2019<\/figcaption>\r\n<\/figure>\r\n<\/div>\r\n\r\n\r\n\r\n<p>This Tuesday 19 April 2019, <strong><a href=\"https:\/\/www.researchgate.net\/profile\/Josselin_Droff\" target=\"_blank\" rel=\"noreferrer noopener\" aria-label=\"Josselin Droff (opens in a new tab)\">Josselin Droff<\/a> <\/strong>and <strong><a href=\"https:\/\/www.researchgate.net\/profile\/Julien_Malizard\" target=\"_blank\" rel=\"noreferrer noopener\" aria-label=\"Julien Malizard (opens in a new tab)\">Julien Malizard<\/a><\/strong>, researchers at the <strong>Chair in Defence Economics<\/strong>, were involved in the<strong><a href=\"http:\/\/cesm.marine.defense.gouv.fr\/\" target=\"_blank\" rel=\"noreferrer noopener\" aria-label=\" CESM (Centre d&#039;Etude Strat\u00e9gique de la Marine) (opens in a new tab)\"> CESM (Centre d'Etude Strat\u00e9gique de la Marine)<\/a><\/strong> at a round table at the <strong>CEMS Air (Centre d'Enseignement Militaire Sup\u00e9rieur)<\/strong> devoted to the defence economy and the challenges facing the French DTIB.<\/p>\r\n\r\n\r\n\r\n<p>The Chair's researchers were accompanied by the\u2019<strong>Admiral (2S) Xavier Pa\u00eftard <\/strong>(MBDA) and <strong>Pascal Vimard <\/strong>(Thales).<\/p>","protected":false},"excerpt":{"rendered":"<p>Ce mardi 19 avril 2019, Josselin Droff et Julien Malizard, chercheurs \u00e0 la Chaire \u00c9conomie de D\u00e9fense, sont intervenus au CESM (Centre d&rsquo;Etude Strat\u00e9gique de la Marine) lors d&rsquo;une table ronde du CEMS Air (Centre d&rsquo;Enseignement Militaire Sup\u00e9rieur) consacr\u00e9e \u00e0 l\u2019\u00c9conomie de d\u00e9fense et aux enjeux de la BITD fran\u00e7aise. Les chercheurs de la Chaire [&hellip;]<\/p>\n","protected":false},"author":1,"featured_media":1140,"comment_status":"open","ping_status":"open","sticky":false,"template":"","format":"standard","meta":{"footnotes":""},"categories":[356],"tags":[211,279,103,116,241],"class_list":{"0":"post-1139","1":"post","2":"type-post","3":"status-publish","4":"format-standard","5":"has-post-thumbnail","7":"category-activites-participation-de-la-chaire-a-un-evenement","8":"tag-bitd","9":"tag-cesm","10":"tag-ecole-militaire","11":"tag-economie-de-la-defense","12":"tag-intervention"},"yoast_head":"<!-- This site is optimized with the Yoast SEO plugin v27.4 - https:\/\/yoast.com\/product\/yoast-seo-wordpress\/ -->\n<title>Intervention de Josselin Droff et de Julien Malizard, 19 mars 2019, CEMS Air - Chaire \u00c9conomie de d\u00e9fense - IHEDN<\/title>\n<meta name=\"robots\" content=\"index, follow, max-snippet:-1, max-image-preview:large, max-video-preview:-1\" \/>\n<link rel=\"canonical\" href=\"https:\/\/ecodef-ihedn.fr\/en\/intervention-de-josselin-droff-et-de-julien-malizard-19-mars-2019-cems-air\/\" \/>\n<meta property=\"og:locale\" content=\"en_GB\" \/>\n<meta property=\"og:type\" content=\"article\" \/>\n<meta property=\"og:title\" content=\"Intervention de Josselin Droff et de Julien Malizard, 19 mars 2019, CEMS Air - Chaire \u00c9conomie de d\u00e9fense - IHEDN\" \/>\n<meta property=\"og:description\" content=\"Ce mardi 19 avril 2019, Josselin Droff et Julien Malizard, chercheurs \u00e0 la Chaire \u00c9conomie de D\u00e9fense, sont intervenus au CESM (Centre d&rsquo;Etude Strat\u00e9gique de la Marine) lors d&rsquo;une table ronde du CEMS Air (Centre d&rsquo;Enseignement Militaire Sup\u00e9rieur) consacr\u00e9e \u00e0 l\u2019\u00c9conomie de d\u00e9fense et aux enjeux de la BITD fran\u00e7aise. Les chercheurs de la Chaire [&hellip;]\" \/>\n<meta property=\"og:url\" content=\"https:\/\/ecodef-ihedn.fr\/en\/intervention-de-josselin-droff-et-de-julien-malizard-19-mars-2019-cems-air\/\" \/>\n<meta property=\"og:site_name\" content=\"Chaire \u00c9conomie de d\u00e9fense - IHEDN\" \/>\n<meta property=\"article:published_time\" content=\"2019-03-20T00:00:00+00:00\" \/>\n<meta property=\"article:modified_time\" content=\"2024-03-20T13:09:36+00:00\" \/>\n<meta property=\"og:image\" content=\"https:\/\/ecodef-ihedn.fr\/wp-content\/uploads\/2020\/04\/cems_air_2019.jpg\" \/>\n\t<meta property=\"og:image:width\" content=\"2048\" \/>\n\t<meta property=\"og:image:height\" content=\"1536\" \/>\n\t<meta property=\"og:image:type\" content=\"image\/jpeg\" \/>\n<meta name=\"author\" content=\"dev\" \/>\n<meta name=\"twitter:card\" content=\"summary_large_image\" \/>\n<meta name=\"twitter:creator\" content=\"@Chaire_Ecodef\" \/>\n<meta name=\"twitter:site\" content=\"@Chaire_Ecodef\" \/>\n<meta name=\"twitter:label1\" content=\"Written by\" \/>\n\t<meta name=\"twitter:data1\" content=\"dev\" \/>\n\t<meta name=\"twitter:label2\" content=\"Estimated reading time\" \/>\n\t<meta name=\"twitter:data2\" content=\"1 minute\" \/>\n<script type=\"application\/ld+json\" class=\"yoast-schema-graph\">{\"@context\":\"https:\\\/\\\/schema.org\",\"@graph\":[{\"@type\":\"Article\",\"@id\":\"https:\\\/\\\/ecodef-ihedn.fr\\\/intervention-de-josselin-droff-et-de-julien-malizard-19-mars-2019-cems-air\\\/#article\",\"isPartOf\":{\"@id\":\"https:\\\/\\\/ecodef-ihedn.fr\\\/intervention-de-josselin-droff-et-de-julien-malizard-19-mars-2019-cems-air\\\/\"},\"author\":{\"name\":\"dev\",\"@id\":\"https:\\\/\\\/ecodef-ihedn.fr\\\/#\\\/schema\\\/person\\\/7b3f1a2d8fd336e0be2f9ff63ff0ebbc\"},\"headline\":\"Intervention de Josselin Droff et de Julien Malizard, 19 mars 2019, CEMS Air\",\"datePublished\":\"2019-03-20T00:00:00+00:00\",\"dateModified\":\"2024-03-20T13:09:36+00:00\",\"mainEntityOfPage\":{\"@id\":\"https:\\\/\\\/ecodef-ihedn.fr\\\/intervention-de-josselin-droff-et-de-julien-malizard-19-mars-2019-cems-air\\\/\"},\"wordCount\":96,\"commentCount\":1,\"publisher\":{\"@id\":\"https:\\\/\\\/ecodef-ihedn.fr\\\/#organization\"},\"image\":{\"@id\":\"https:\\\/\\\/ecodef-ihedn.fr\\\/intervention-de-josselin-droff-et-de-julien-malizard-19-mars-2019-cems-air\\\/#primaryimage\"},\"thumbnailUrl\":\"https:\\\/\\\/ecodef-ihedn.fr\\\/wp-content\\\/uploads\\\/2020\\\/04\\\/cems_air_2019.jpg\",\"keywords\":[\"BITD\",\"CESM\",\"Ecole Militaire\",\"Economie de la D\u00e9fense\",\"Intervention\"],\"articleSection\":[\"Activit\u00e9s : participation de la Chaire \u00e0 un \u00e9v\u00e9nement\"],\"inLanguage\":\"en-GB\",\"potentialAction\":[{\"@type\":\"CommentAction\",\"name\":\"Comment\",\"target\":[\"https:\\\/\\\/ecodef-ihedn.fr\\\/intervention-de-josselin-droff-et-de-julien-malizard-19-mars-2019-cems-air\\\/#respond\"]}]},{\"@type\":\"WebPage\",\"@id\":\"https:\\\/\\\/ecodef-ihedn.fr\\\/intervention-de-josselin-droff-et-de-julien-malizard-19-mars-2019-cems-air\\\/\",\"url\":\"https:\\\/\\\/ecodef-ihedn.fr\\\/intervention-de-josselin-droff-et-de-julien-malizard-19-mars-2019-cems-air\\\/\",\"name\":\"Intervention de Josselin Droff et de Julien Malizard, 19 mars 2019, CEMS Air - Chaire \u00c9conomie de d\u00e9fense - IHEDN\",\"isPartOf\":{\"@id\":\"https:\\\/\\\/ecodef-ihedn.fr\\\/#website\"},\"primaryImageOfPage\":{\"@id\":\"https:\\\/\\\/ecodef-ihedn.fr\\\/intervention-de-josselin-droff-et-de-julien-malizard-19-mars-2019-cems-air\\\/#primaryimage\"},\"image\":{\"@id\":\"https:\\\/\\\/ecodef-ihedn.fr\\\/intervention-de-josselin-droff-et-de-julien-malizard-19-mars-2019-cems-air\\\/#primaryimage\"},\"thumbnailUrl\":\"https:\\\/\\\/ecodef-ihedn.fr\\\/wp-content\\\/uploads\\\/2020\\\/04\\\/cems_air_2019.jpg\",\"datePublished\":\"2019-03-20T00:00:00+00:00\",\"dateModified\":\"2024-03-20T13:09:36+00:00\",\"breadcrumb\":{\"@id\":\"https:\\\/\\\/ecodef-ihedn.fr\\\/intervention-de-josselin-droff-et-de-julien-malizard-19-mars-2019-cems-air\\\/#breadcrumb\"},\"inLanguage\":\"en-GB\",\"potentialAction\":[{\"@type\":\"ReadAction\",\"target\":[\"https:\\\/\\\/ecodef-ihedn.fr\\\/intervention-de-josselin-droff-et-de-julien-malizard-19-mars-2019-cems-air\\\/\"]}]},{\"@type\":\"ImageObject\",\"inLanguage\":\"en-GB\",\"@id\":\"https:\\\/\\\/ecodef-ihedn.fr\\\/intervention-de-josselin-droff-et-de-julien-malizard-19-mars-2019-cems-air\\\/#primaryimage\",\"url\":\"https:\\\/\\\/ecodef-ihedn.fr\\\/wp-content\\\/uploads\\\/2020\\\/04\\\/cems_air_2019.jpg\",\"contentUrl\":\"https:\\\/\\\/ecodef-ihedn.fr\\\/wp-content\\\/uploads\\\/2020\\\/04\\\/cems_air_2019.jpg\",\"width\":2048,\"height\":1536},{\"@type\":\"BreadcrumbList\",\"@id\":\"https:\\\/\\\/ecodef-ihedn.fr\\\/intervention-de-josselin-droff-et-de-julien-malizard-19-mars-2019-cems-air\\\/#breadcrumb\",\"itemListElement\":[{\"@type\":\"ListItem\",\"position\":1,\"name\":\"Accueil\",\"item\":\"https:\\\/\\\/ecodef-ihedn.fr\\\/\"},{\"@type\":\"ListItem\",\"position\":2,\"name\":\"Intervention de Josselin Droff et de Julien Malizard, 19 mars 2019, CEMS Air\"}]},{\"@type\":\"WebSite\",\"@id\":\"https:\\\/\\\/ecodef-ihedn.fr\\\/#website\",\"url\":\"https:\\\/\\\/ecodef-ihedn.fr\\\/\",\"name\":\"Chaire \u00c9conomie de D\u00e9fense - IHEDN\",\"description\":\"Produire &amp; soutenir, f\u00e9d\u00e9rer &amp; diffuser, \u00eatre une interface\",\"publisher\":{\"@id\":\"https:\\\/\\\/ecodef-ihedn.fr\\\/#organization\"},\"potentialAction\":[{\"@type\":\"SearchAction\",\"target\":{\"@type\":\"EntryPoint\",\"urlTemplate\":\"https:\\\/\\\/ecodef-ihedn.fr\\\/?s={search_term_string}\"},\"query-input\":{\"@type\":\"PropertyValueSpecification\",\"valueRequired\":true,\"valueName\":\"search_term_string\"}}],\"inLanguage\":\"en-GB\"},{\"@type\":\"Organization\",\"@id\":\"https:\\\/\\\/ecodef-ihedn.fr\\\/#organization\",\"name\":\"Chaire \u00c9conomie de d\u00e9fense - IHEDN\",\"url\":\"https:\\\/\\\/ecodef-ihedn.fr\\\/\",\"logo\":{\"@type\":\"ImageObject\",\"inLanguage\":\"en-GB\",\"@id\":\"https:\\\/\\\/ecodef-ihedn.fr\\\/#\\\/schema\\\/logo\\\/image\\\/\",\"url\":\"https:\\\/\\\/ecodef-ihedn.fr\\\/wp-content\\\/uploads\\\/2020\\\/04\\\/logoEcodef9.jpg\",\"contentUrl\":\"https:\\\/\\\/ecodef-ihedn.fr\\\/wp-content\\\/uploads\\\/2020\\\/04\\\/logoEcodef9.jpg\",\"width\":410,\"height\":212,\"caption\":\"Chaire \u00c9conomie de d\u00e9fense - IHEDN\"},\"image\":{\"@id\":\"https:\\\/\\\/ecodef-ihedn.fr\\\/#\\\/schema\\\/logo\\\/image\\\/\"},\"sameAs\":[\"https:\\\/\\\/x.com\\\/Chaire_Ecodef\",\"https:\\\/\\\/www.linkedin.com\\\/company\\\/chaire-ecodef-ihedn\\\/\"]},{\"@type\":\"Person\",\"@id\":\"https:\\\/\\\/ecodef-ihedn.fr\\\/#\\\/schema\\\/person\\\/7b3f1a2d8fd336e0be2f9ff63ff0ebbc\",\"name\":\"dev\",\"image\":{\"@type\":\"ImageObject\",\"inLanguage\":\"en-GB\",\"@id\":\"https:\\\/\\\/secure.gravatar.com\\\/avatar\\\/f1ffcac9ca2fa95ad3ec33e9be3ade82f752acb0cabe541e56c5889225afa88a?s=96&d=mm&r=g\",\"url\":\"https:\\\/\\\/secure.gravatar.com\\\/avatar\\\/f1ffcac9ca2fa95ad3ec33e9be3ade82f752acb0cabe541e56c5889225afa88a?s=96&d=mm&r=g\",\"contentUrl\":\"https:\\\/\\\/secure.gravatar.com\\\/avatar\\\/f1ffcac9ca2fa95ad3ec33e9be3ade82f752acb0cabe541e56c5889225afa88a?s=96&d=mm&r=g\",\"caption\":\"dev\"},\"url\":\"https:\\\/\\\/ecodef-ihedn.fr\\\/en\\\/author\\\/dev\\\/\"}]}<\/script>\n<!-- \/ Yoast SEO plugin. -->","yoast_head_json":{"title":"Intervention de Josselin Droff et de Julien Malizard, 19 mars 2019, CEMS Air - Chaire \u00c9conomie de d\u00e9fense - IHEDN","robots":{"index":"index","follow":"follow","max-snippet":"max-snippet:-1","max-image-preview":"max-image-preview:large","max-video-preview":"max-video-preview:-1"},"canonical":"https:\/\/ecodef-ihedn.fr\/en\/intervention-de-josselin-droff-et-de-julien-malizard-19-mars-2019-cems-air\/","og_locale":"en_GB","og_type":"article","og_title":"Intervention de Josselin Droff et de Julien Malizard, 19 mars 2019, CEMS Air - Chaire \u00c9conomie de d\u00e9fense - IHEDN","og_description":"Ce mardi 19 avril 2019, Josselin Droff et Julien Malizard, chercheurs \u00e0 la Chaire \u00c9conomie de D\u00e9fense, sont intervenus au CESM (Centre d&rsquo;Etude Strat\u00e9gique de la Marine) lors d&rsquo;une table ronde du CEMS Air (Centre d&rsquo;Enseignement Militaire Sup\u00e9rieur) consacr\u00e9e \u00e0 l\u2019\u00c9conomie de d\u00e9fense et aux enjeux de la BITD fran\u00e7aise. Les chercheurs de la Chaire [&hellip;]","og_url":"https:\/\/ecodef-ihedn.fr\/en\/intervention-de-josselin-droff-et-de-julien-malizard-19-mars-2019-cems-air\/","og_site_name":"Chaire \u00c9conomie de d\u00e9fense - IHEDN","article_published_time":"2019-03-20T00:00:00+00:00","article_modified_time":"2024-03-20T13:09:36+00:00","og_image":[{"width":2048,"height":1536,"url":"https:\/\/ecodef-ihedn.fr\/wp-content\/uploads\/2020\/04\/cems_air_2019.jpg","type":"image\/jpeg"}],"author":"dev","twitter_card":"summary_large_image","twitter_creator":"@Chaire_Ecodef","twitter_site":"@Chaire_Ecodef","twitter_misc":{"Written by":"dev","Estimated reading time":"1 minute"},"schema":{"@context":"https:\/\/schema.org","@graph":[{"@type":"Article","@id":"https:\/\/ecodef-ihedn.fr\/intervention-de-josselin-droff-et-de-julien-malizard-19-mars-2019-cems-air\/#article","isPartOf":{"@id":"https:\/\/ecodef-ihedn.fr\/intervention-de-josselin-droff-et-de-julien-malizard-19-mars-2019-cems-air\/"},"author":{"name":"dev","@id":"https:\/\/ecodef-ihedn.fr\/#\/schema\/person\/7b3f1a2d8fd336e0be2f9ff63ff0ebbc"},"headline":"Intervention de Josselin Droff et de Julien Malizard, 19 mars 2019, CEMS Air","datePublished":"2019-03-20T00:00:00+00:00","dateModified":"2024-03-20T13:09:36+00:00","mainEntityOfPage":{"@id":"https:\/\/ecodef-ihedn.fr\/intervention-de-josselin-droff-et-de-julien-malizard-19-mars-2019-cems-air\/"},"wordCount":96,"commentCount":1,"publisher":{"@id":"https:\/\/ecodef-ihedn.fr\/#organization"},"image":{"@id":"https:\/\/ecodef-ihedn.fr\/intervention-de-josselin-droff-et-de-julien-malizard-19-mars-2019-cems-air\/#primaryimage"},"thumbnailUrl":"https:\/\/ecodef-ihedn.fr\/wp-content\/uploads\/2020\/04\/cems_air_2019.jpg","keywords":["BITD","CESM","Ecole Militaire","Economie de la D\u00e9fense","Intervention"],"articleSection":["Activit\u00e9s : participation de la Chaire \u00e0 un \u00e9v\u00e9nement"],"inLanguage":"en-GB","potentialAction":[{"@type":"CommentAction","name":"Comment","target":["https:\/\/ecodef-ihedn.fr\/intervention-de-josselin-droff-et-de-julien-malizard-19-mars-2019-cems-air\/#respond"]}]},{"@type":"WebPage","@id":"https:\/\/ecodef-ihedn.fr\/intervention-de-josselin-droff-et-de-julien-malizard-19-mars-2019-cems-air\/","url":"https:\/\/ecodef-ihedn.fr\/intervention-de-josselin-droff-et-de-julien-malizard-19-mars-2019-cems-air\/","name":"Intervention de Josselin Droff et de Julien Malizard, 19 mars 2019, CEMS Air - Chaire \u00c9conomie de d\u00e9fense - IHEDN","isPartOf":{"@id":"https:\/\/ecodef-ihedn.fr\/#website"},"primaryImageOfPage":{"@id":"https:\/\/ecodef-ihedn.fr\/intervention-de-josselin-droff-et-de-julien-malizard-19-mars-2019-cems-air\/#primaryimage"},"image":{"@id":"https:\/\/ecodef-ihedn.fr\/intervention-de-josselin-droff-et-de-julien-malizard-19-mars-2019-cems-air\/#primaryimage"},"thumbnailUrl":"https:\/\/ecodef-ihedn.fr\/wp-content\/uploads\/2020\/04\/cems_air_2019.jpg","datePublished":"2019-03-20T00:00:00+00:00","dateModified":"2024-03-20T13:09:36+00:00","breadcrumb":{"@id":"https:\/\/ecodef-ihedn.fr\/intervention-de-josselin-droff-et-de-julien-malizard-19-mars-2019-cems-air\/#breadcrumb"},"inLanguage":"en-GB","potentialAction":[{"@type":"ReadAction","target":["https:\/\/ecodef-ihedn.fr\/intervention-de-josselin-droff-et-de-julien-malizard-19-mars-2019-cems-air\/"]}]},{"@type":"ImageObject","inLanguage":"en-GB","@id":"https:\/\/ecodef-ihedn.fr\/intervention-de-josselin-droff-et-de-julien-malizard-19-mars-2019-cems-air\/#primaryimage","url":"https:\/\/ecodef-ihedn.fr\/wp-content\/uploads\/2020\/04\/cems_air_2019.jpg","contentUrl":"https:\/\/ecodef-ihedn.fr\/wp-content\/uploads\/2020\/04\/cems_air_2019.jpg","width":2048,"height":1536},{"@type":"BreadcrumbList","@id":"https:\/\/ecodef-ihedn.fr\/intervention-de-josselin-droff-et-de-julien-malizard-19-mars-2019-cems-air\/#breadcrumb","itemListElement":[{"@type":"ListItem","position":1,"name":"Accueil","item":"https:\/\/ecodef-ihedn.fr\/"},{"@type":"ListItem","position":2,"name":"Intervention de Josselin Droff et de Julien Malizard, 19 mars 2019, CEMS Air"}]},{"@type":"WebSite","@id":"https:\/\/ecodef-ihedn.fr\/#website","url":"https:\/\/ecodef-ihedn.fr\/","name":"Chair in Defence Economics - IHEDN","description":"Produce &amp; support, federate &amp; disseminate, act as an interface","publisher":{"@id":"https:\/\/ecodef-ihedn.fr\/#organization"},"potentialAction":[{"@type":"SearchAction","target":{"@type":"EntryPoint","urlTemplate":"https:\/\/ecodef-ihedn.fr\/?s={search_term_string}"},"query-input":{"@type":"PropertyValueSpecification","valueRequired":true,"valueName":"search_term_string"}}],"inLanguage":"en-GB"},{"@type":"Organization","@id":"https:\/\/ecodef-ihedn.fr\/#organization","name":"Chair in Defence Economics - IHEDN","url":"https:\/\/ecodef-ihedn.fr\/","logo":{"@type":"ImageObject","inLanguage":"en-GB","@id":"https:\/\/ecodef-ihedn.fr\/#\/schema\/logo\/image\/","url":"https:\/\/ecodef-ihedn.fr\/wp-content\/uploads\/2020\/04\/logoEcodef9.jpg","contentUrl":"https:\/\/ecodef-ihedn.fr\/wp-content\/uploads\/2020\/04\/logoEcodef9.jpg","width":410,"height":212,"caption":"Chaire \u00c9conomie de d\u00e9fense - IHEDN"},"image":{"@id":"https:\/\/ecodef-ihedn.fr\/#\/schema\/logo\/image\/"},"sameAs":["https:\/\/x.com\/Chaire_Ecodef","https:\/\/www.linkedin.com\/company\/chaire-ecodef-ihedn\/"]},{"@type":"Person","@id":"https:\/\/ecodef-ihedn.fr\/#\/schema\/person\/7b3f1a2d8fd336e0be2f9ff63ff0ebbc","name":"dev","image":{"@type":"ImageObject","inLanguage":"en-GB","@id":"https:\/\/secure.gravatar.com\/avatar\/f1ffcac9ca2fa95ad3ec33e9be3ade82f752acb0cabe541e56c5889225afa88a?s=96&d=mm&r=g","url":"https:\/\/secure.gravatar.com\/avatar\/f1ffcac9ca2fa95ad3ec33e9be3ade82f752acb0cabe541e56c5889225afa88a?s=96&d=mm&r=g","contentUrl":"https:\/\/secure.gravatar.com\/avatar\/f1ffcac9ca2fa95ad3ec33e9be3ade82f752acb0cabe541e56c5889225afa88a?s=96&d=mm&r=g","caption":"dev"},"url":"https:\/\/ecodef-ihedn.fr\/en\/author\/dev\/"}]}},"_links":{"self":[{"href":"https:\/\/ecodef-ihedn.fr\/en\/wp-json\/wp\/v2\/posts\/1139","targetHints":{"allow":["GET"]}}],"collection":[{"href":"https:\/\/ecodef-ihedn.fr\/en\/wp-json\/wp\/v2\/posts"}],"about":[{"href":"https:\/\/ecodef-ihedn.fr\/en\/wp-json\/wp\/v2\/types\/post"}],"author":[{"embeddable":true,"href":"https:\/\/ecodef-ihedn.fr\/en\/wp-json\/wp\/v2\/users\/1"}],"replies":[{"embeddable":true,"href":"https:\/\/ecodef-ihedn.fr\/en\/wp-json\/wp\/v2\/comments?post=1139"}],"version-history":[{"count":3,"href":"https:\/\/ecodef-ihedn.fr\/en\/wp-json\/wp\/v2\/posts\/1139\/revisions"}],"predecessor-version":[{"id":8316,"href":"https:\/\/ecodef-ihedn.fr\/en\/wp-json\/wp\/v2\/posts\/1139\/revisions\/8316"}],"wp:featuredmedia":[{"embeddable":true,"href":"https:\/\/ecodef-ihedn.fr\/en\/wp-json\/wp\/v2\/media\/1140"}],"wp:attachment":[{"href":"https:\/\/ecodef-ihedn.fr\/en\/wp-json\/wp\/v2\/media?parent=1139"}],"wp:term":[{"taxonomy":"category","embeddable":true,"href":"https:\/\/ecodef-ihedn.fr\/en\/wp-json\/wp\/v2\/categories?post=1139"},{"taxonomy":"post_tag","embeddable":true,"href":"https:\/\/ecodef-ihedn.fr\/en\/wp-json\/wp\/v2\/tags?post=1139"}],"curies":[{"name":"wp","href":"https:\/\/api.w.org\/{rel}","templated":true}]}}