{"id":1141,"date":"2019-03-22T00:00:00","date_gmt":"2019-03-22T00:00:00","guid":{"rendered":"https:\/\/ecodef-ihedn.fr\/retour-sur-la-conference-recherche-innovation-et-defense-de-la-chaire-economie-de-defense\/"},"modified":"2021-04-22T17:21:22","modified_gmt":"2021-04-22T17:21:22","slug":"retour-sur-la-conference-recherche-innovation-et-defense-de-la-chaire-economie-de-defense","status":"publish","type":"post","link":"https:\/\/ecodef-ihedn.fr\/en\/retour-sur-la-conference-recherche-innovation-et-defense-de-la-chaire-economie-de-defense\/","title":{"rendered":"Review of the \u00abResearch, Innovation and Defence\u00bb conference of the Chair in Defence Economics"},"content":{"rendered":"<div class=\"wp-block-image\"><figure class=\"aligncenter is-resized\"><img loading=\"lazy\" decoding=\"async\" src=\"https:\/\/ecodef-ihedn.fr\/wp-content\/uploads\/2020\/04\/f_parly_cloture-1-1024x821.jpg\" alt=\"\" class=\"wp-image-6912\" width=\"473\" height=\"380\"\/><figcaption> Florence Parly, Minister for the Armed Forces, closing speech at the Research, Innovation and Defence conference, 20 March 2019 at the French National Assembly <\/figcaption><\/figure><\/div>\n\n\n\n<h2 class=\"wp-block-heading\" id=\"mce_45\">Innovation in Defence<\/h2>\n\n\n\n<p>La <strong>Chair in Defence Economics<\/strong> organised the <strong><a rel=\"noreferrer noopener\" aria-label=\"Research Innovation and Defence conference (opens in a new tab)\" href=\"https:\/\/economie-defense.fr\/recherche-innovation-et-defense-conference-annuelle-chaire-economie-de-defense-20-mars-2019-assemblee-nationale\/\" target=\"_blank\">Research, Innovation and Defence conference<\/a><\/strong>, this <strong>Wednesday 20 March 2019<\/strong> to the\u2019<strong>National Assembly<\/strong>. The event brought together nearly <strong>200 people<\/strong>, around <strong>two round tables<\/strong> for  <strong>quality exchanges<\/strong> on innovation in Defence.<\/p>\n\n\n\n<p>The MP <strong>Didier Baich\u00e8re<\/strong> gave a keynote speech underlining the importance of the\u2019<strong>importance of the theme<\/strong> the conference for the Ministry of the Armed Forces, as well as for the work it is carrying out as part of the <strong>Defence Industry Study Group.<\/strong><\/p>\n\n\n\n<p><strong>Olivier Martin<\/strong>, The Chairman of the Steering Committee of the Chair in Defence Economics then presented the work of the Chair in terms of  <strong>academic production<\/strong> but also\u2019<strong>interface<\/strong> between the world of research, public authorities and the defence industry (for <strong>consult the scientific report<\/strong> from the pulpit, <a rel=\"noreferrer noopener\" aria-label=\"click here (opens in a new tab)\" href=\"https:\/\/economie-defense.fr\/wp-content\/uploads\/2019\/03\/v3-bilan-scientifique.pdf\" target=\"_blank\"><strong>click here<\/strong><\/a>).<\/p>\n\n\n\n<p>Then  <strong>Emmanuel Chiva<\/strong>, In his introduction, the Director of AID (Defence Innovation Agency) set out the context of <strong>creation of AID <\/strong>but also the need to <strong>creating an environment conducive to innovation<\/strong> Defence, in <strong>involving all stakeholders<\/strong>, particularly those in the civilian sector. In this sense, the IDA must serve as a bridge to enable military personnel to retain a sense of belonging to the community. <strong>operational superiority<\/strong>.&nbsp;<\/p>\n\n\n\n<div class=\"wp-block-image\"><figure class=\"aligncenter is-resized\"><img loading=\"lazy\" decoding=\"async\" src=\"https:\/\/ecodef-ihedn.fr\/wp-content\/uploads\/2020\/04\/salle_conference-1024x768.jpg\" alt=\"\" class=\"wp-image-6914\" width=\"477\" height=\"358\"\/><figcaption> Research, Innovation and Defence Conference, 20 March 2019, Assembl\u00e9e nationale, salle Victor Hugo  <\/figcaption><\/figure><\/div>\n\n\n\n<h2 class=\"wp-block-heading\" id=\"mce_45\">Round table 1<\/h2>\n\n\n\n<p>La  <strong>first round table<\/strong>, on the theme of\u00ab\u00a0<strong>How can innovation be developed effectively?<\/strong>\u00a0\u00bbwas hosted by <strong>Jean Belin<\/strong>, holder of the Chair in Defence Economics, with the participation of the\u2019<strong>IGA Fran\u00e7ois Mestre<\/strong> (Direction G\u00e9n\u00e9rale de l'Armement), <strong>St\u00e9phane Cueille <\/strong>(Safran), <strong>Fran\u00e7ois Chopard<\/strong> (Starburst),  <strong>Emmanuel Sabonnadi\u00e8re<\/strong> (French Atomic Energy Commission).<\/p>\n\n\n\n<p>A speech by <strong>Pierre Delsaux<\/strong> (European Union) presented the challenges facing the European Union in the <strong>building tomorrow's defence<\/strong>. In particular, he addressed the issue of <strong>cost of \u00abnon-Defence Europe\u00bb <\/strong>and stressed the importance of <strong>European cooperation <\/strong>to deal with <strong>challenges of tomorrow in the Defence of Europe,<\/strong> in particular thanks to new budgetary resources from 2020. <\/p>\n\n\n\n<h2 class=\"wp-block-heading\">Round table 2<\/h2>\n\n\n\n<p>La  <strong>second round table<\/strong>, dedicated to \u00ab\u00a0<strong>How can innovation be used effectively in the Defence system?<\/strong>\u00a0\u00bbwas hosted by <strong>Val\u00e9rie M\u00e9rindol<\/strong>, professor at Paris Business School, with the participation of <strong>General Philippe Hirtzig<\/strong> (EMA), the\u2019<strong>IGA Fran\u00e7ois Pintart<\/strong> (DGA), <strong>Eric Papin<\/strong> (naval Group) and <strong>Dominique Levent<\/strong> (Renault Group).<\/p>\n\n\n\n<p><strong>Florence Parly<\/strong>, <strong>Minister for the Armed Forces<\/strong> closed the event by presenting the <strong>Defence Economics Prize<\/strong> \u00e0 <strong>Fran\u00e7ois-Xavier Meunier<\/strong>, for his doctoral thesis in economics entitled: \u00ab\u00a0<a rel=\"noreferrer noopener\" aria-label=\"Dual technology innovation: an analysis in terms of influence and coherence (opens in a new tab)\" href=\"https:\/\/halshs.archives-ouvertes.fr\/tel-01620435\/file\/The%CC%80se%20F-X%20Meunier.pdf\" target=\"_blank\">Dual technological innovation: an analysis in terms of influence and coherence<\/a>\u00ab\u00a0.<\/p>\n\n\n\n<h2 class=\"wp-block-heading\">Coming soon<\/h2>\n\n\n\n<p>In the near future, the Chair in Defence Economics will be publishing an online <strong>conference video<\/strong> and will offer a <strong>summary of speech content<\/strong>.&nbsp;&nbsp; <\/p>\n\n\n\n<div class=\"wp-block-image\"><figure class=\"aligncenter is-resized\"><img loading=\"lazy\" decoding=\"async\" src=\"https:\/\/ecodef-ihedn.fr\/wp-content\/uploads\/2020\/04\/doc_tables-1024x768.jpg\" alt=\"\" class=\"wp-image-6910\" width=\"490\" height=\"368\"\/><\/figure><\/div>","protected":false},"excerpt":{"rendered":"<p>L&rsquo;innovation dans la D\u00e9fense La Chaire \u00c9conomie de D\u00e9fense a organis\u00e9 la conf\u00e9rence Recherche Innovation et D\u00e9fense, ce mercredi 20 mars 2019 \u00e0 l&rsquo;Assembl\u00e9e Nationale. L&rsquo;\u00e9v\u00e9nement a r\u00e9uni pr\u00e8s de 200 personnes, autour de deux table rondes pour des \u00e9changes de qualit\u00e9 sur l&rsquo;innovation dans la D\u00e9fense. Le d\u00e9put\u00e9 Didier Baich\u00e8re a prononc\u00e9 un discours [&hellip;]<\/p>\n","protected":false},"author":1,"featured_media":1142,"comment_status":"open","ping_status":"open","sticky":false,"template":"","format":"standard","meta":{"footnotes":""},"categories":[355],"tags":[221,280,244,163,60,95,260,229],"class_list":{"0":"post-1141","1":"post","2":"type-post","3":"status-publish","4":"format-standard","5":"has-post-thumbnail","7":"category-activites-evenements-portes-par-la-chaire","8":"tag-agence-de-linnovation-de-defense","9":"tag-aid","10":"tag-assemblee-nationale","11":"tag-conference-annuelle","12":"tag-innovation","13":"tag-ministere-des-armees","14":"tag-recherche-et-developpement","15":"tag-strategie"},"yoast_head":"<!-- This site is optimized with the Yoast SEO plugin v27.4 - https:\/\/yoast.com\/product\/yoast-seo-wordpress\/ -->\n<title>Retour sur la conf\u00e9rence &quot;Recherche, Innovation et D\u00e9fense&quot; de la Chaire \u00c9conomie de D\u00e9fense - Chaire \u00c9conomie de d\u00e9fense - IHEDN<\/title>\n<meta name=\"robots\" content=\"index, follow, max-snippet:-1, max-image-preview:large, max-video-preview:-1\" \/>\n<link rel=\"canonical\" href=\"https:\/\/ecodef-ihedn.fr\/en\/retour-sur-la-conference-recherche-innovation-et-defense-de-la-chaire-economie-de-defense\/\" \/>\n<meta property=\"og:locale\" content=\"en_GB\" \/>\n<meta property=\"og:type\" content=\"article\" \/>\n<meta property=\"og:title\" content=\"Retour sur la conf\u00e9rence &quot;Recherche, Innovation et D\u00e9fense&quot; de la Chaire \u00c9conomie de D\u00e9fense - Chaire \u00c9conomie de d\u00e9fense - IHEDN\" \/>\n<meta property=\"og:description\" content=\"L&rsquo;innovation dans la D\u00e9fense La Chaire \u00c9conomie de D\u00e9fense a organis\u00e9 la conf\u00e9rence Recherche Innovation et D\u00e9fense, ce mercredi 20 mars 2019 \u00e0 l&rsquo;Assembl\u00e9e Nationale. L&rsquo;\u00e9v\u00e9nement a r\u00e9uni pr\u00e8s de 200 personnes, autour de deux table rondes pour des \u00e9changes de qualit\u00e9 sur l&rsquo;innovation dans la D\u00e9fense. Le d\u00e9put\u00e9 Didier Baich\u00e8re a prononc\u00e9 un discours [&hellip;]\" \/>\n<meta property=\"og:url\" content=\"https:\/\/ecodef-ihedn.fr\/en\/retour-sur-la-conference-recherche-innovation-et-defense-de-la-chaire-economie-de-defense\/\" \/>\n<meta property=\"og:site_name\" content=\"Chaire \u00c9conomie de d\u00e9fense - IHEDN\" \/>\n<meta property=\"article:published_time\" content=\"2019-03-22T00:00:00+00:00\" \/>\n<meta property=\"article:modified_time\" content=\"2021-04-22T17:21:22+00:00\" \/>\n<meta property=\"og:image\" content=\"https:\/\/ecodef-ihedn.fr\/wp-content\/uploads\/2020\/04\/f_parly_cloture-1.jpg\" \/>\n\t<meta property=\"og:image:width\" content=\"2048\" \/>\n\t<meta property=\"og:image:height\" content=\"1642\" \/>\n\t<meta property=\"og:image:type\" content=\"image\/jpeg\" \/>\n<meta name=\"author\" content=\"dev\" \/>\n<meta name=\"twitter:card\" content=\"summary_large_image\" \/>\n<meta name=\"twitter:creator\" content=\"@Chaire_Ecodef\" \/>\n<meta name=\"twitter:site\" content=\"@Chaire_Ecodef\" \/>\n<meta name=\"twitter:label1\" content=\"Written by\" \/>\n\t<meta name=\"twitter:data1\" content=\"dev\" \/>\n\t<meta name=\"twitter:label2\" content=\"Estimated reading time\" \/>\n\t<meta name=\"twitter:data2\" content=\"3 minutes\" \/>\n<script type=\"application\/ld+json\" class=\"yoast-schema-graph\">{\"@context\":\"https:\\\/\\\/schema.org\",\"@graph\":[{\"@type\":\"Article\",\"@id\":\"https:\\\/\\\/ecodef-ihedn.fr\\\/retour-sur-la-conference-recherche-innovation-et-defense-de-la-chaire-economie-de-defense\\\/#article\",\"isPartOf\":{\"@id\":\"https:\\\/\\\/ecodef-ihedn.fr\\\/retour-sur-la-conference-recherche-innovation-et-defense-de-la-chaire-economie-de-defense\\\/\"},\"author\":{\"name\":\"dev\",\"@id\":\"https:\\\/\\\/ecodef-ihedn.fr\\\/#\\\/schema\\\/person\\\/7b3f1a2d8fd336e0be2f9ff63ff0ebbc\"},\"headline\":\"Retour sur la conf\u00e9rence \u00ab\u00a0Recherche, Innovation et D\u00e9fense\u00a0\u00bb de la Chaire \u00c9conomie de D\u00e9fense\",\"datePublished\":\"2019-03-22T00:00:00+00:00\",\"dateModified\":\"2021-04-22T17:21:22+00:00\",\"mainEntityOfPage\":{\"@id\":\"https:\\\/\\\/ecodef-ihedn.fr\\\/retour-sur-la-conference-recherche-innovation-et-defense-de-la-chaire-economie-de-defense\\\/\"},\"wordCount\":581,\"commentCount\":2,\"publisher\":{\"@id\":\"https:\\\/\\\/ecodef-ihedn.fr\\\/#organization\"},\"image\":{\"@id\":\"https:\\\/\\\/ecodef-ihedn.fr\\\/retour-sur-la-conference-recherche-innovation-et-defense-de-la-chaire-economie-de-defense\\\/#primaryimage\"},\"thumbnailUrl\":\"https:\\\/\\\/ecodef-ihedn.fr\\\/wp-content\\\/uploads\\\/2020\\\/04\\\/f_parly_cloture-1.jpg\",\"keywords\":[\"Agence de l'Innovation de d\u00e9fense\",\"AID\",\"assembl\u00e9e nationale\",\"conf\u00e9rence annuelle\",\"innovation\",\"Minist\u00e8re des Arm\u00e9es\",\"Recherche et d\u00e9veloppement\",\"Strat\u00e9gie\"],\"articleSection\":[\"Activit\u00e9s : \u00e9v\u00e9nements port\u00e9s par la Chaire\"],\"inLanguage\":\"en-GB\",\"potentialAction\":[{\"@type\":\"CommentAction\",\"name\":\"Comment\",\"target\":[\"https:\\\/\\\/ecodef-ihedn.fr\\\/retour-sur-la-conference-recherche-innovation-et-defense-de-la-chaire-economie-de-defense\\\/#respond\"]}]},{\"@type\":\"WebPage\",\"@id\":\"https:\\\/\\\/ecodef-ihedn.fr\\\/retour-sur-la-conference-recherche-innovation-et-defense-de-la-chaire-economie-de-defense\\\/\",\"url\":\"https:\\\/\\\/ecodef-ihedn.fr\\\/retour-sur-la-conference-recherche-innovation-et-defense-de-la-chaire-economie-de-defense\\\/\",\"name\":\"Retour sur la conf\u00e9rence \\\"Recherche, Innovation et D\u00e9fense\\\" de la Chaire \u00c9conomie de D\u00e9fense - Chaire \u00c9conomie de d\u00e9fense - IHEDN\",\"isPartOf\":{\"@id\":\"https:\\\/\\\/ecodef-ihedn.fr\\\/#website\"},\"primaryImageOfPage\":{\"@id\":\"https:\\\/\\\/ecodef-ihedn.fr\\\/retour-sur-la-conference-recherche-innovation-et-defense-de-la-chaire-economie-de-defense\\\/#primaryimage\"},\"image\":{\"@id\":\"https:\\\/\\\/ecodef-ihedn.fr\\\/retour-sur-la-conference-recherche-innovation-et-defense-de-la-chaire-economie-de-defense\\\/#primaryimage\"},\"thumbnailUrl\":\"https:\\\/\\\/ecodef-ihedn.fr\\\/wp-content\\\/uploads\\\/2020\\\/04\\\/f_parly_cloture-1.jpg\",\"datePublished\":\"2019-03-22T00:00:00+00:00\",\"dateModified\":\"2021-04-22T17:21:22+00:00\",\"breadcrumb\":{\"@id\":\"https:\\\/\\\/ecodef-ihedn.fr\\\/retour-sur-la-conference-recherche-innovation-et-defense-de-la-chaire-economie-de-defense\\\/#breadcrumb\"},\"inLanguage\":\"en-GB\",\"potentialAction\":[{\"@type\":\"ReadAction\",\"target\":[\"https:\\\/\\\/ecodef-ihedn.fr\\\/retour-sur-la-conference-recherche-innovation-et-defense-de-la-chaire-economie-de-defense\\\/\"]}]},{\"@type\":\"ImageObject\",\"inLanguage\":\"en-GB\",\"@id\":\"https:\\\/\\\/ecodef-ihedn.fr\\\/retour-sur-la-conference-recherche-innovation-et-defense-de-la-chaire-economie-de-defense\\\/#primaryimage\",\"url\":\"https:\\\/\\\/ecodef-ihedn.fr\\\/wp-content\\\/uploads\\\/2020\\\/04\\\/f_parly_cloture-1.jpg\",\"contentUrl\":\"https:\\\/\\\/ecodef-ihedn.fr\\\/wp-content\\\/uploads\\\/2020\\\/04\\\/f_parly_cloture-1.jpg\",\"width\":2048,\"height\":1642},{\"@type\":\"BreadcrumbList\",\"@id\":\"https:\\\/\\\/ecodef-ihedn.fr\\\/retour-sur-la-conference-recherche-innovation-et-defense-de-la-chaire-economie-de-defense\\\/#breadcrumb\",\"itemListElement\":[{\"@type\":\"ListItem\",\"position\":1,\"name\":\"Accueil\",\"item\":\"https:\\\/\\\/ecodef-ihedn.fr\\\/\"},{\"@type\":\"ListItem\",\"position\":2,\"name\":\"Retour sur la conf\u00e9rence &#8220;Recherche, Innovation et D\u00e9fense&#8221; de la Chaire \u00c9conomie de D\u00e9fense\"}]},{\"@type\":\"WebSite\",\"@id\":\"https:\\\/\\\/ecodef-ihedn.fr\\\/#website\",\"url\":\"https:\\\/\\\/ecodef-ihedn.fr\\\/\",\"name\":\"Chaire \u00c9conomie de D\u00e9fense - IHEDN\",\"description\":\"Produire &amp; soutenir, f\u00e9d\u00e9rer &amp; diffuser, \u00eatre une interface\",\"publisher\":{\"@id\":\"https:\\\/\\\/ecodef-ihedn.fr\\\/#organization\"},\"potentialAction\":[{\"@type\":\"SearchAction\",\"target\":{\"@type\":\"EntryPoint\",\"urlTemplate\":\"https:\\\/\\\/ecodef-ihedn.fr\\\/?s={search_term_string}\"},\"query-input\":{\"@type\":\"PropertyValueSpecification\",\"valueRequired\":true,\"valueName\":\"search_term_string\"}}],\"inLanguage\":\"en-GB\"},{\"@type\":\"Organization\",\"@id\":\"https:\\\/\\\/ecodef-ihedn.fr\\\/#organization\",\"name\":\"Chaire \u00c9conomie de d\u00e9fense - IHEDN\",\"url\":\"https:\\\/\\\/ecodef-ihedn.fr\\\/\",\"logo\":{\"@type\":\"ImageObject\",\"inLanguage\":\"en-GB\",\"@id\":\"https:\\\/\\\/ecodef-ihedn.fr\\\/#\\\/schema\\\/logo\\\/image\\\/\",\"url\":\"https:\\\/\\\/ecodef-ihedn.fr\\\/wp-content\\\/uploads\\\/2020\\\/04\\\/logoEcodef9.jpg\",\"contentUrl\":\"https:\\\/\\\/ecodef-ihedn.fr\\\/wp-content\\\/uploads\\\/2020\\\/04\\\/logoEcodef9.jpg\",\"width\":410,\"height\":212,\"caption\":\"Chaire \u00c9conomie de d\u00e9fense - IHEDN\"},\"image\":{\"@id\":\"https:\\\/\\\/ecodef-ihedn.fr\\\/#\\\/schema\\\/logo\\\/image\\\/\"},\"sameAs\":[\"https:\\\/\\\/x.com\\\/Chaire_Ecodef\",\"https:\\\/\\\/www.linkedin.com\\\/company\\\/chaire-ecodef-ihedn\\\/\"]},{\"@type\":\"Person\",\"@id\":\"https:\\\/\\\/ecodef-ihedn.fr\\\/#\\\/schema\\\/person\\\/7b3f1a2d8fd336e0be2f9ff63ff0ebbc\",\"name\":\"dev\",\"image\":{\"@type\":\"ImageObject\",\"inLanguage\":\"en-GB\",\"@id\":\"https:\\\/\\\/secure.gravatar.com\\\/avatar\\\/f1ffcac9ca2fa95ad3ec33e9be3ade82f752acb0cabe541e56c5889225afa88a?s=96&d=mm&r=g\",\"url\":\"https:\\\/\\\/secure.gravatar.com\\\/avatar\\\/f1ffcac9ca2fa95ad3ec33e9be3ade82f752acb0cabe541e56c5889225afa88a?s=96&d=mm&r=g\",\"contentUrl\":\"https:\\\/\\\/secure.gravatar.com\\\/avatar\\\/f1ffcac9ca2fa95ad3ec33e9be3ade82f752acb0cabe541e56c5889225afa88a?s=96&d=mm&r=g\",\"caption\":\"dev\"},\"url\":\"https:\\\/\\\/ecodef-ihedn.fr\\\/en\\\/author\\\/dev\\\/\"}]}<\/script>\n<!-- \/ Yoast SEO plugin. -->","yoast_head_json":{"title":"Retour sur la conf\u00e9rence \"Recherche, Innovation et D\u00e9fense\" de la Chaire \u00c9conomie de D\u00e9fense - Chaire \u00c9conomie de d\u00e9fense - IHEDN","robots":{"index":"index","follow":"follow","max-snippet":"max-snippet:-1","max-image-preview":"max-image-preview:large","max-video-preview":"max-video-preview:-1"},"canonical":"https:\/\/ecodef-ihedn.fr\/en\/retour-sur-la-conference-recherche-innovation-et-defense-de-la-chaire-economie-de-defense\/","og_locale":"en_GB","og_type":"article","og_title":"Retour sur la conf\u00e9rence \"Recherche, Innovation et D\u00e9fense\" de la Chaire \u00c9conomie de D\u00e9fense - Chaire \u00c9conomie de d\u00e9fense - IHEDN","og_description":"L&rsquo;innovation dans la D\u00e9fense La Chaire \u00c9conomie de D\u00e9fense a organis\u00e9 la conf\u00e9rence Recherche Innovation et D\u00e9fense, ce mercredi 20 mars 2019 \u00e0 l&rsquo;Assembl\u00e9e Nationale. L&rsquo;\u00e9v\u00e9nement a r\u00e9uni pr\u00e8s de 200 personnes, autour de deux table rondes pour des \u00e9changes de qualit\u00e9 sur l&rsquo;innovation dans la D\u00e9fense. Le d\u00e9put\u00e9 Didier Baich\u00e8re a prononc\u00e9 un discours [&hellip;]","og_url":"https:\/\/ecodef-ihedn.fr\/en\/retour-sur-la-conference-recherche-innovation-et-defense-de-la-chaire-economie-de-defense\/","og_site_name":"Chaire \u00c9conomie de d\u00e9fense - IHEDN","article_published_time":"2019-03-22T00:00:00+00:00","article_modified_time":"2021-04-22T17:21:22+00:00","og_image":[{"width":2048,"height":1642,"url":"https:\/\/ecodef-ihedn.fr\/wp-content\/uploads\/2020\/04\/f_parly_cloture-1.jpg","type":"image\/jpeg"}],"author":"dev","twitter_card":"summary_large_image","twitter_creator":"@Chaire_Ecodef","twitter_site":"@Chaire_Ecodef","twitter_misc":{"Written by":"dev","Estimated reading time":"3 minutes"},"schema":{"@context":"https:\/\/schema.org","@graph":[{"@type":"Article","@id":"https:\/\/ecodef-ihedn.fr\/retour-sur-la-conference-recherche-innovation-et-defense-de-la-chaire-economie-de-defense\/#article","isPartOf":{"@id":"https:\/\/ecodef-ihedn.fr\/retour-sur-la-conference-recherche-innovation-et-defense-de-la-chaire-economie-de-defense\/"},"author":{"name":"dev","@id":"https:\/\/ecodef-ihedn.fr\/#\/schema\/person\/7b3f1a2d8fd336e0be2f9ff63ff0ebbc"},"headline":"Retour sur la conf\u00e9rence \u00ab\u00a0Recherche, Innovation et D\u00e9fense\u00a0\u00bb de la Chaire \u00c9conomie de D\u00e9fense","datePublished":"2019-03-22T00:00:00+00:00","dateModified":"2021-04-22T17:21:22+00:00","mainEntityOfPage":{"@id":"https:\/\/ecodef-ihedn.fr\/retour-sur-la-conference-recherche-innovation-et-defense-de-la-chaire-economie-de-defense\/"},"wordCount":581,"commentCount":2,"publisher":{"@id":"https:\/\/ecodef-ihedn.fr\/#organization"},"image":{"@id":"https:\/\/ecodef-ihedn.fr\/retour-sur-la-conference-recherche-innovation-et-defense-de-la-chaire-economie-de-defense\/#primaryimage"},"thumbnailUrl":"https:\/\/ecodef-ihedn.fr\/wp-content\/uploads\/2020\/04\/f_parly_cloture-1.jpg","keywords":["Agence de l'Innovation de d\u00e9fense","AID","assembl\u00e9e nationale","conf\u00e9rence annuelle","innovation","Minist\u00e8re des Arm\u00e9es","Recherche et d\u00e9veloppement","Strat\u00e9gie"],"articleSection":["Activit\u00e9s : \u00e9v\u00e9nements port\u00e9s par la Chaire"],"inLanguage":"en-GB","potentialAction":[{"@type":"CommentAction","name":"Comment","target":["https:\/\/ecodef-ihedn.fr\/retour-sur-la-conference-recherche-innovation-et-defense-de-la-chaire-economie-de-defense\/#respond"]}]},{"@type":"WebPage","@id":"https:\/\/ecodef-ihedn.fr\/retour-sur-la-conference-recherche-innovation-et-defense-de-la-chaire-economie-de-defense\/","url":"https:\/\/ecodef-ihedn.fr\/retour-sur-la-conference-recherche-innovation-et-defense-de-la-chaire-economie-de-defense\/","name":"Retour sur la conf\u00e9rence \"Recherche, Innovation et D\u00e9fense\" de la Chaire \u00c9conomie de D\u00e9fense - Chaire \u00c9conomie de d\u00e9fense - IHEDN","isPartOf":{"@id":"https:\/\/ecodef-ihedn.fr\/#website"},"primaryImageOfPage":{"@id":"https:\/\/ecodef-ihedn.fr\/retour-sur-la-conference-recherche-innovation-et-defense-de-la-chaire-economie-de-defense\/#primaryimage"},"image":{"@id":"https:\/\/ecodef-ihedn.fr\/retour-sur-la-conference-recherche-innovation-et-defense-de-la-chaire-economie-de-defense\/#primaryimage"},"thumbnailUrl":"https:\/\/ecodef-ihedn.fr\/wp-content\/uploads\/2020\/04\/f_parly_cloture-1.jpg","datePublished":"2019-03-22T00:00:00+00:00","dateModified":"2021-04-22T17:21:22+00:00","breadcrumb":{"@id":"https:\/\/ecodef-ihedn.fr\/retour-sur-la-conference-recherche-innovation-et-defense-de-la-chaire-economie-de-defense\/#breadcrumb"},"inLanguage":"en-GB","potentialAction":[{"@type":"ReadAction","target":["https:\/\/ecodef-ihedn.fr\/retour-sur-la-conference-recherche-innovation-et-defense-de-la-chaire-economie-de-defense\/"]}]},{"@type":"ImageObject","inLanguage":"en-GB","@id":"https:\/\/ecodef-ihedn.fr\/retour-sur-la-conference-recherche-innovation-et-defense-de-la-chaire-economie-de-defense\/#primaryimage","url":"https:\/\/ecodef-ihedn.fr\/wp-content\/uploads\/2020\/04\/f_parly_cloture-1.jpg","contentUrl":"https:\/\/ecodef-ihedn.fr\/wp-content\/uploads\/2020\/04\/f_parly_cloture-1.jpg","width":2048,"height":1642},{"@type":"BreadcrumbList","@id":"https:\/\/ecodef-ihedn.fr\/retour-sur-la-conference-recherche-innovation-et-defense-de-la-chaire-economie-de-defense\/#breadcrumb","itemListElement":[{"@type":"ListItem","position":1,"name":"Accueil","item":"https:\/\/ecodef-ihedn.fr\/"},{"@type":"ListItem","position":2,"name":"Retour sur la conf\u00e9rence &#8220;Recherche, Innovation et D\u00e9fense&#8221; de la Chaire \u00c9conomie de D\u00e9fense"}]},{"@type":"WebSite","@id":"https:\/\/ecodef-ihedn.fr\/#website","url":"https:\/\/ecodef-ihedn.fr\/","name":"Chair in Defence Economics - IHEDN","description":"Produce &amp; support, federate &amp; disseminate, act as an interface","publisher":{"@id":"https:\/\/ecodef-ihedn.fr\/#organization"},"potentialAction":[{"@type":"SearchAction","target":{"@type":"EntryPoint","urlTemplate":"https:\/\/ecodef-ihedn.fr\/?s={search_term_string}"},"query-input":{"@type":"PropertyValueSpecification","valueRequired":true,"valueName":"search_term_string"}}],"inLanguage":"en-GB"},{"@type":"Organization","@id":"https:\/\/ecodef-ihedn.fr\/#organization","name":"Chair in Defence Economics - IHEDN","url":"https:\/\/ecodef-ihedn.fr\/","logo":{"@type":"ImageObject","inLanguage":"en-GB","@id":"https:\/\/ecodef-ihedn.fr\/#\/schema\/logo\/image\/","url":"https:\/\/ecodef-ihedn.fr\/wp-content\/uploads\/2020\/04\/logoEcodef9.jpg","contentUrl":"https:\/\/ecodef-ihedn.fr\/wp-content\/uploads\/2020\/04\/logoEcodef9.jpg","width":410,"height":212,"caption":"Chaire \u00c9conomie de d\u00e9fense - IHEDN"},"image":{"@id":"https:\/\/ecodef-ihedn.fr\/#\/schema\/logo\/image\/"},"sameAs":["https:\/\/x.com\/Chaire_Ecodef","https:\/\/www.linkedin.com\/company\/chaire-ecodef-ihedn\/"]},{"@type":"Person","@id":"https:\/\/ecodef-ihedn.fr\/#\/schema\/person\/7b3f1a2d8fd336e0be2f9ff63ff0ebbc","name":"dev","image":{"@type":"ImageObject","inLanguage":"en-GB","@id":"https:\/\/secure.gravatar.com\/avatar\/f1ffcac9ca2fa95ad3ec33e9be3ade82f752acb0cabe541e56c5889225afa88a?s=96&d=mm&r=g","url":"https:\/\/secure.gravatar.com\/avatar\/f1ffcac9ca2fa95ad3ec33e9be3ade82f752acb0cabe541e56c5889225afa88a?s=96&d=mm&r=g","contentUrl":"https:\/\/secure.gravatar.com\/avatar\/f1ffcac9ca2fa95ad3ec33e9be3ade82f752acb0cabe541e56c5889225afa88a?s=96&d=mm&r=g","caption":"dev"},"url":"https:\/\/ecodef-ihedn.fr\/en\/author\/dev\/"}]}},"_links":{"self":[{"href":"https:\/\/ecodef-ihedn.fr\/en\/wp-json\/wp\/v2\/posts\/1141","targetHints":{"allow":["GET"]}}],"collection":[{"href":"https:\/\/ecodef-ihedn.fr\/en\/wp-json\/wp\/v2\/posts"}],"about":[{"href":"https:\/\/ecodef-ihedn.fr\/en\/wp-json\/wp\/v2\/types\/post"}],"author":[{"embeddable":true,"href":"https:\/\/ecodef-ihedn.fr\/en\/wp-json\/wp\/v2\/users\/1"}],"replies":[{"embeddable":true,"href":"https:\/\/ecodef-ihedn.fr\/en\/wp-json\/wp\/v2\/comments?post=1141"}],"version-history":[{"count":3,"href":"https:\/\/ecodef-ihedn.fr\/en\/wp-json\/wp\/v2\/posts\/1141\/revisions"}],"predecessor-version":[{"id":3283,"href":"https:\/\/ecodef-ihedn.fr\/en\/wp-json\/wp\/v2\/posts\/1141\/revisions\/3283"}],"wp:featuredmedia":[{"embeddable":true,"href":"https:\/\/ecodef-ihedn.fr\/en\/wp-json\/wp\/v2\/media\/1142"}],"wp:attachment":[{"href":"https:\/\/ecodef-ihedn.fr\/en\/wp-json\/wp\/v2\/media?parent=1141"}],"wp:term":[{"taxonomy":"category","embeddable":true,"href":"https:\/\/ecodef-ihedn.fr\/en\/wp-json\/wp\/v2\/categories?post=1141"},{"taxonomy":"post_tag","embeddable":true,"href":"https:\/\/ecodef-ihedn.fr\/en\/wp-json\/wp\/v2\/tags?post=1141"}],"curies":[{"name":"wp","href":"https:\/\/api.w.org\/{rel}","templated":true}]}}