{"id":1145,"date":"2019-04-02T00:00:00","date_gmt":"2019-04-02T00:00:00","guid":{"rendered":"https:\/\/ecodef-ihedn.fr\/place-et-role-structurant-des-industries-de-defense-dans-la-reorganisation-de-la-carte-militaire-en-france\/"},"modified":"2020-05-27T11:38:16","modified_gmt":"2020-05-27T11:38:16","slug":"place-et-role-structurant-des-industries-de-defense-dans-la-reorganisation-de-la-carte-militaire-en-france","status":"publish","type":"post","link":"https:\/\/ecodef-ihedn.fr\/en\/place-et-role-structurant-des-industries-de-defense-dans-la-reorganisation-de-la-carte-militaire-en-france\/","title":{"rendered":"The place and structuring role of defence industries in the reorganisation of France's military map"},"content":{"rendered":"\n<h2 class=\"has-text-align-center wp-block-heading\">Place et r\u00f4le structurant des industries de d\u00e9fense dans la r\u00e9organisation de la carte militaire en France<br><\/h2>\n\n\n\n<p class=\"has-text-align-center\"><strong>Josselin Droff<\/strong><\/p>\n\n\n\n<p class=\"has-text-align-center\"><strong>Julien Malizard<\/strong><\/p>\n\n\n\n<p class=\"has-text-align-center\">Chercheurs \u00e0 la Chaire Economie de D\u00e9fense<\/p>\n\n\n\n<h3 class=\"wp-block-heading\"><strong>Introduction<\/strong><\/h3>\n\n\n\n<p>Depuis la fin des ann\u00e9es 2000, la France a connu une importante<strong> r\u00e9forme de sa carte territorial<\/strong>e de la D\u00e9fense en remettant en cause une <strong>organisation g\u00e9ographique h\u00e9rit\u00e9e de la guerre froide<\/strong>. Dans un contexte budg\u00e9taire contraint pour le minist\u00e8re des Arm\u00e9es, cette r\u00e9forme ob\u00e9it \u00e0 des imp\u00e9ratifs de <strong>rationalisation <\/strong>guid\u00e9s par les <strong>nouvelles missions<\/strong> de la d\u00e9fense et l\u2019\u00e9volution des menaces dans le cadre plus g\u00e9n\u00e9ral de la Modernisation de l&rsquo;action publique (MAP). <\/p>\n\n\n\n<p>Dans sa version initiale, la r\u00e9forme de 2008 pr\u00e9voit la <strong>suppression de 54&nbsp;000 emplois<\/strong> avec un objectif de format des arm\u00e9es de 225 000 ressortissants du minist\u00e8re (civils et militaires). Mais cette r\u00e9duction n\u2019est pas homog\u00e8ne dans toutes les r\u00e9gions. Droff et Malizard (2018) quantifient ces r\u00e9ductions et montrent que les r\u00e9gions les plus affect\u00e9es sont celles du<strong> quart Nord-Est du pays. <\/strong><br><\/p>\n\n\n\n<div class=\"wp-block-image\"><figure class=\"aligncenter is-resized\"><img loading=\"lazy\" decoding=\"async\" src=\"https:\/\/ecodef-ihedn.fr\/wp-content\/uploads\/2020\/04\/EQnCzlooZQBV7Y0KTlHQ1ZzacW5zEcRPuMJAbw5MUXGbyblhOeYEblCT3FMBJi8jUpISgTkGko5GpP4DK_uH4MdHRieLt5mdH9N_95YmC3_XvmRYVCsR-CBApOaUg6kq-x6g8YcYVIqNSNP_JQ.png\" alt=\"\" width=\"413\" height=\"351\"\/><figcaption>Source : Droff et Malizard (2018)<\/figcaption><\/figure><\/div>\n\n\n\n<p> Plus globalement, la r\u00e9organisation des emplois militaires vise \u00e9galement \u00e0 une <strong>meilleure efficacit\u00e9<\/strong> en augmentant la concentration des hommes autour de points nodaux. Cette concentration est valid\u00e9e empiriquement par diff\u00e9rents tests statistiques (Droff et Malizard, 2019). <\/p>\n\n\n\n<p>Dans cette r\u00e9forme, <strong>des territoires perdent des effectifs, tandis que d\u2019autres en gagnent<\/strong>, m\u00eame s\u2019ils sont moins nombreux. Potentiellement, les cons\u00e9quences \u00e9conomiques pour les territoires les plus fragiles sont \u00e9lev\u00e9es (Droff et Malizard, 2014) et <strong>un accompagnement est r\u00e9alis\u00e9<\/strong> par la D\u00e9l\u00e9gation \u00e0 l\u2019Accompagnement R\u00e9gional (DAR) du minist\u00e8re &nbsp;des Arm\u00e9es en partenariat avec de nombreux acteurs (collectivit\u00e9s locales pour l\u2019essentiel, mais aussi l\u2019Union Europ\u00e9enne et parfois des entreprises). Cela est d\u2019autant plus vrai que les r\u00e9gions les plus affect\u00e9es par la baisse des emplois militaires sont aussi celles qui sont <strong>encore tr\u00e8s sp\u00e9cialis\u00e9e<\/strong>s dans le secteur de la d\u00e9fense, t\u00e9moignant d\u2019effets d\u2019inertie tr\u00e8s forts dans la structure \u00e9conomique des r\u00e9gions (Droff et Malizard, 2018) <\/p>\n\n\n\n<p>Les dispositifs de la DAR permettent de<strong> financer des projets visant \u00e0 compenser les pertes d\u2019activit\u00e9 induite<\/strong>. Parmi la <strong>grande diversit\u00e9 des projets<\/strong>, une tendance globale \u00e9merge cependant : la tr\u00e8s forte incitation \u00e0 ce que les activit\u00e9s du secteur priv\u00e9 prennent le relais des \u00ab&nbsp;emplois perdus&nbsp;\u00bb<em>. <\/em>Parmi ces activit\u00e9s \u00ab&nbsp;relais de croissance&nbsp;\u00bb, <strong>sur certains territoires, les industries de d\u00e9fense investissent et se d\u00e9veloppent<\/strong>. Cette dynamique est d\u2019autant plus int\u00e9ressante \u00e0 consid\u00e9rer qu\u2019elle s\u2019inscrit dans un mouvement global de d\u00e9sindustrialisation en France&nbsp;: l\u2019industrie manufacturi\u00e8re repr\u00e9sentait en effet 23&nbsp;% de l\u2018emploi total en 1970 (et 22&nbsp;% du PIB de la France) contre 11&nbsp;% de l\u2019emploi en 2016 (et 11&nbsp;% du PIB) (Renier, 2016).<br><\/p>\n\n\n\n<div style=\"height:20px\" aria-hidden=\"true\" class=\"wp-block-spacer\"><\/div>\n\n\n\n<h3 class=\"wp-block-heading\"><strong>1. La r\u00e9organisation de la carte militaire en France&nbsp;: une r\u00e9forme sans pr\u00e9c\u00e9dent<\/strong><\/h3>\n\n\n\n<p>Depuis maintenant pr\u00e8s d\u2019une d\u00e9cennie, le minist\u00e8re des Arm\u00e9es rationalise ses implantations g\u00e9ographiques. Depuis 2008, ceci a entrain\u00e9 de nombreuses dissolutions d\u2019unit\u00e9s, des transferts d\u2019unit\u00e9s d\u2019un site vers un autre et une mutualisation des moyens (comp\u00e9tences, infrastructures, etc.). Les restructurations concernent la <strong>fermeture de plus de 80 sites<\/strong> <strong>ou unit\u00e9s<\/strong> militaires entre 2009 et 2016. Par ailleurs plus d\u2019une trentaine de sites ont \u00e9t\u00e9 affect\u00e9s par un d\u00e9m\u00e9nagement d\u2019une ville vers une autre. <\/p>\n\n\n\n<p>La DAR a mis en place des <strong>dispositifs d\u2019accompagnement <\/strong>pour un montant total de plus 260 millions d\u2019euros (entre 2009 et 2015), auxquels s\u2019ajoutent les fonds apport\u00e9s par d\u2019autres partenaires (collectivit\u00e9s locales et Union Europ\u00e9enne), ce qui repr\u00e9sente au total plus de 1,1 milliard d\u2019euros <sup><a id=\"ref1\" href=\"#fn1\">1<\/a><\/sup>. Au total, sur la p\u00e9riode 2009-2015, plus de soixante sites ont fait l\u2019objet d\u2019un contrat de redynamisation de site de d\u00e9fense (CRDS) ou d\u2019un plan local de redynamisation (PLR). Ces dispositifs visent \u00e0 \u00ab&nbsp;<em>recr\u00e9er, \u00e0 terme, un nombre d\u2019emplois par site \u00e9quivalent aux d\u00e9parts imputables au minist\u00e8re de la d\u00e9fense <\/em>\u00bb (circulaire du 25 juillet 2008). L\u2019id\u00e9e g\u00e9n\u00e9rale est donc de <strong>compenser des pertes \u00e9conomiques subies par les territoires<\/strong> (perte d\u2019emplois directs, indirects et induits, r\u00e9duction des recettes fiscales, baisse du march\u00e9 immobilier, \u2026), notamment <strong>les plus fragile<\/strong>s, au regard de la d\u00e9pendance vis-\u00e0-vis des effectifs militaires et de leur dynamisme \u00e9conomique.<\/p>\n\n\n\n<p>Les <strong>mesures de \u00ab&nbsp;compensations publiques&nbsp;\u00bb <\/strong>sont vari\u00e9es et l\u2019on retrouve, par exemple, des d\u00e9localisations de services publics (Insee \u00e0 Metz), la cr\u00e9ation de centres de formation et de services \u00e9ducatifs (centres de formation militaire \u00e0 Bitche ou Bordeaux, ou internats d\u2019excellence \u00e0 Sourdun, Barcelonnette ou Noyon), ou encore la r\u00e9habilitation de sites militaires historiques dans le but de promouvoir le tourisme (Dieuze ou Verdun). Dans un rapport publi\u00e9 en 2014, la Cour des Comptes souligne les effets incertains en termes d\u2019emplois et de dynamisme de bon nombre de ces projets. <\/p>\n\n\n\n<p>D\u2019un autre c\u00f4t\u00e9, on peut noter dans ces projets une tr\u00e8s forte incitation \u00e0 ce que les <strong>activit\u00e9s du secteur priv\u00e9<\/strong> prennent le relais des \u00ab&nbsp;emplois perdus&nbsp;\u00bb<em> via<\/em> notamment la cr\u00e9ation d\u2019entreprises autour de p\u00e9pini\u00e8res et d\u2019incubateurs d\u2019entreprises, de parcs d\u2019activit\u00e9 \u00e0 destination des entreprises et offrant l\u2019acc\u00e8s \u00e0 des infrastructures de transport ou de t\u00e9l\u00e9communication ou des mesures d\u2019aides \u00e0 l\u2019installation d\u2019entreprises (avantages fiscaux notamment). On peut alors parler de mesures de <strong>\u00ab&nbsp;compensations priv\u00e9es&nbsp;\u00bb.<\/strong> A la lecture des diff\u00e9rents projets et des attentes des territoires en termes de cr\u00e9ation d\u2019emploi et de dynamiques \u00e9conomique, il est m\u00eame possible de voir la compensation publique comme une aide conjoncturelle alors que la compensation priv\u00e9e s\u2019inscrirait davantage dans une dynamique territoriale de long terme. <br><\/p>\n\n\n\n<h3 class=\"wp-block-heading\"><strong>2. L\u2019industrie de d\u00e9fense&nbsp;: un r\u00f4le pivot dans la r\u00e9silience de certains territoires&nbsp;?<\/strong><br><\/h3>\n\n\n\n<p>L\u2019industrie de d\u00e9fense est globalement r\u00e9partie sur l\u2019ensemble du territoire fran\u00e7ais avec toutefois l\u2019\u00e9mergence de p\u00f4les r\u00e9gionaux bien identifi\u00e9s. Une observation fine des dispositifs d\u2019accompagnement des restructurations et notamment leur r\u00e9partition g\u00e9ographique sugg\u00e8re que, sur certains territoires affect\u00e9s par la r\u00e9forme, <strong>l\u2019industrie de d\u00e9fense joue un r\u00f4le structurant sur les tissus \u00e9conomiques r\u00e9gionaux<\/strong> en investissant \u2013 parfois de fa\u00e7on tr\u00e8s cons\u00e9quente \u2013 dans des projets visant \u00e0 d\u00e9velopper les capacit\u00e9s de production ou \u00e0 diversifier l\u2019activit\u00e9. <\/p>\n\n\n\n<p>Il semblerait alors que certains territoires suivent une <strong>\u00ab contrainte de sentier \u00bb<\/strong> <sup><a id=\"ref1\" href=\"#fn1\">2<\/a><\/sup>, avec une orientation d\u00e9fense des activit\u00e9s \u00e9conomique mais \u00e9galement une forme de substitution emplois industriels priv\u00e9s&nbsp;\/ emplois militaires publics.<\/p>\n\n\n\n<p>Le tableau ci-dessous pr\u00e9sente une s\u00e9lection de territoires pour lesquels le minist\u00e8re des Arm\u00e9es a d\u00e9cid\u00e9 d\u2019effectuer une \u00ab compensation financi\u00e8re publique \u00bb et pour lesquels, il est \u00e9galement possible d\u2019identifier <strong>des initiatives d\u2019investissement d\u2019entreprises de la Base Industrielle et Technologique de D\u00e9fense (BITD)<\/strong> (ayant des activit\u00e9s li\u00e9es \u00e0 la d\u00e9fense et\/ou potentiellement duale) sur la p\u00e9riode de mise en \u0153uvre des restructurations. Ces PLR \/ CRSD sont souvent pens\u00e9s dans un cadre g\u00e9ographique d\u00e9passant le seul p\u00e9rim\u00e8tre de la commune de r\u00e9f\u00e9rence du dispositif (bassin d\u2019emploi, d\u00e9partement voire r\u00e9gion).<br><\/p>\n\n\n\n<div style=\"height:20px\" aria-hidden=\"true\" class=\"wp-block-spacer\"><\/div>\n\n\n\n<p class=\"has-text-align-center has-small-font-size\"><strong><a href=\"https:\/\/economie-defense.fr\/wp-content\/uploads\/2019\/04\/tableau-1-1.pdf\" target=\"_blank\" rel=\"noreferrer noopener\" aria-label=\" (s\u2019ouvre dans un nouvel onglet)\">T\u00e9l\u00e9charger le tableau : S\u00e9lection de territoires affect\u00e9s par des restructurations de la d\u00e9fense et connaissant une activit\u00e9 industrielle de d\u00e9fense en expansion <\/a><\/strong><br><\/p>\n\n\n\n<div style=\"height:20px\" aria-hidden=\"true\" class=\"wp-block-spacer\"><\/div>\n\n\n\n<p>Ces dynamiques industrielles que nous identifions au sein d<strong>es \u00e9cosyst\u00e8mes locaux des industries de d\u00e9fense<\/strong> concernent plus d\u2019une dizaine de territoire parmi la soixantaine faisant l\u2019objet d\u2019un dispositif d\u2019accompagnement du minist\u00e8re. Ils se traduisent souvent par <strong>des investissements en local<\/strong>, r\u00e9alis\u00e9s par les grands donneurs d\u2019ordres de la BITD ou leurs sous-traitants et partenaires. Ces investissements peuvent avoir un <strong>r\u00f4le tr\u00e8s structurant sur la demande et l\u2019offre<\/strong>, contribuant ainsi au d\u00e9veloppement \u00e9conomique des territoires concern\u00e9s. <\/p>\n\n\n\n<p>Il y a notamment des <strong>effets multiplicateurs <\/strong>li\u00e9s aux salaires des personnels employ\u00e9s et susceptibles d\u2019\u00eatre en partie r\u00e9inject\u00e9s dans l\u2019\u00e9conomie locales. Ces effets d\u00e9pendent toutefois de la propension \u00e0 importer et du taux d\u2019\u00e9pargne des m\u00e9nages locaux. Il y a aussi des <strong>effets sur l\u2019offre<\/strong>. D\u2019abord sur l\u2019<strong>offre priv\u00e9e<\/strong> (\u00e9ventuelle implantation de fournisseurs autour des activit\u00e9s industrielles, d\u00e9veloppement d\u2019activit\u00e9s de sous-traitance et de services, parfois cr\u00e9ation <em>ex nihilo<\/em> d\u2019activit\u00e9s connexes comme par exemple dans le cas du p\u00f4le de ressources visant \u00e0 accompagner des start-ups \u00e0 Bourges)&nbsp;; mais aussi sur l\u2019<strong>offre publique <\/strong>avec le maintien voire le d\u00e9veloppement de certains services publics (formation et transport notamment). <br><\/p>\n\n\n\n<div style=\"height:20px\" aria-hidden=\"true\" class=\"wp-block-spacer\"><\/div>\n\n\n\n<h3 class=\"wp-block-heading\"><strong>Conclusion<\/strong><\/h3>\n\n\n\n<p><strong>L\u2019accompagnement public des territoires <\/strong><em>via<\/em> la DAR joue un r\u00f4le important dans leur r\u00e9silience suite au d\u00e9part d\u2019unit\u00e9s militaires, parfois implant\u00e9es depuis des d\u00e9cennies. Dans les dispositifs de reconversion, les <strong>initiatives visant \u00e0 un soutien de l\u2019offre priv\u00e9e<\/strong> ont une place importante. Nous soulignons par ailleurs le caract\u00e8re non n\u00e9gligeable, voire parfois central, que peuvent avoir les <strong>industries de d\u00e9fense<\/strong>, notamment dans certains territoires fortement affect\u00e9s par la r\u00e9forme et connaissant des difficult\u00e9s \u00e9conomiques structurelles. Nous sugg\u00e9rons alors l\u2019existence d\u2019une <strong>forme de substitution priv\u00e9&nbsp;\/ public<\/strong> qui a, en partie et pour certains territoires, pour origine l\u2019industrie de d\u00e9fense. <\/p>\n\n\n\n<p> N\u00e9anmoins, en adoptant une vision \u00e0 long terme, il convient de <strong>se garder de remplacer une d\u00e9pendance par une autre<\/strong>. En effet, les activit\u00e9s de d\u00e9fense sont li\u00e9es aux programmes d\u2019armement et aux dynamiques d\u2019exportation de syst\u00e8mes d\u2019armes. Elles sont donc tr\u00e8s souvent <strong>cycliques par nature<\/strong>. Une solution pour \u00e9viter la mono-activit\u00e9, la d\u00e9pendance territoriale et donc les cons\u00e9quences \u00e9conomiques associ\u00e9es en cas de baisse de l\u2019activit\u00e9 peut consister \u00e0 diversifier la production et <strong>s\u2019orienter vers des technologies et des produits duaux<\/strong>. <\/p>\n\n\n\n<p>Il est possible ici de mentionner le cas de l\u2019<strong>industrie a\u00e9ronautique Belg<\/strong>e qui pr\u00e9sente un exemple r\u00e9ussi de diversification de l\u2019activit\u00e9 militaire (production des F16 dans les ann\u00e9es 1980) vers une activit\u00e9 aujourd\u2019hui \u00e0 dominante civile mais qui lui permet d\u2019entretenir des comp\u00e9tences utiles \u00e0 la production de syst\u00e8mes de d\u00e9fense. Les exemples de l\u2019entreprise Sabca \u2013 plus ancien groupe a\u00e9ronautique belge \u2013 qui s\u2019est diversifi\u00e9 vers les march\u00e9s de MCO ou encore de Sonaca, cr\u00e9\u00e9e en 1978 pour contribuer \u00e0 l\u2019assemblage de l\u2019a\u00e9rostructure des F-16 belges et aujourd\u2019hui essentiellement positionn\u00e9e sur les march\u00e9s civils sont des exemples de diversification r\u00e9ussie. <br><\/p>\n\n\n\n<div style=\"height:20px\" aria-hidden=\"true\" class=\"wp-block-spacer\"><\/div>\n\n\n\n<p><strong>Bibliographie<\/strong><\/p>\n\n\n\n<p>Droff J., Malizard J., 2014, \u00ab&nbsp;Rationalisation versus Histoire dans l\u2019organisation g\u00e9ographique de la d\u00e9fense en France&nbsp;\u00bb, <em>Revue d\u2019\u00c9conomie R\u00e9gionale et Urbaine<\/em>, 1, p.&nbsp;63\u201185.<\/p>\n\n\n\n<p>Droff J., Malizard J., 2018, \u00ab&nbsp;R\u00e9formes de la carte militaire\u202f: Quelle ampleur r\u00e9gionale\u202f?&nbsp;\u00bb, <em>Revue D\u00e9fense Nationale<\/em>, <em>Tribune 1048 [en ligne]<\/em>.<\/p>\n\n\n\n<p>Droff J., Malizard J., 2019, Quand l&rsquo;arm\u00e9e s&rsquo;en va ! Analyse empirique de la coh\u00e9rence de l&rsquo;accompagnement des territoires par le minist\u00e8re des Arm\u00e9es, <em>Revue d&rsquo;Economie R\u00e9gionale et Urbaine,<\/em> 1\/2019, p. 97-123.<\/p>\n\n\n\n<p>Renier R., 2016, \u00ab&nbsp;L\u2019industrie perd toujours du terrain&nbsp;\u00bb, <em>Alternatives Economiques<\/em>, HS n\u00b0109, p.&nbsp;36\u201137.<br><\/p>\n\n\n\n<div style=\"height:20px\" aria-hidden=\"true\" class=\"wp-block-spacer\"><\/div>\n\n\n\n<p>&#8212;<\/p>\n\n\n\n<a href=\"#ref1\">\u2191<\/a><sup><a id=\"fn1\">1<\/a><\/sup> Source : D\u00e9l\u00e9gation aux Restructurations. Donn\u00e9es incluant les dispositifs financ\u00e9s hors m\u00e9tropole. <\/p>\n\n\n\n<a href=\"#ref1\">\u2191<\/a><sup><a id=\"fn1\">2<\/a><\/sup> Le concept de contrainte de sentier (ou sentier de d\u00e9pendance) est fr\u00e9quemment utilis\u00e9 par les \u00e9conomistes \u00e9volutionnistes. Il traduit un comportement social r\u00e9p\u00e9t\u00e9 au cours de l\u2019histoire, alors m\u00eame que les situations auxquelles sont confront\u00e9s les acteurs ont chang\u00e9 de nature. <\/p>\n","protected":false},"excerpt":{"rendered":"<p>Place et r\u00f4le structurant des industries de d\u00e9fense dans la r\u00e9organisation de la carte militaire en France Josselin Droff Julien Malizard Chercheurs \u00e0 la Chaire Economie de D\u00e9fense Introduction Depuis la fin des ann\u00e9es 2000, la France a connu une importante r\u00e9forme de sa carte territoriale de la D\u00e9fense en remettant en cause une organisation [&hellip;]<\/p>\n","protected":false},"author":1,"featured_media":1146,"comment_status":"open","ping_status":"open","sticky":false,"template":"","format":"standard","meta":{"footnotes":""},"categories":[359,350,352],"tags":[146,281,266,282,42,283,209,284],"class_list":{"0":"post-1145","1":"post","2":"type-post","3":"status-publish","4":"format-standard","5":"has-post-thumbnail","7":"category-newsletter","8":"category-publications","9":"category-thematique-2-determinants-et-impacts-de-la-depense-de-defense","10":"tag-carte-militaire","11":"tag-compensations-territoriales","12":"tag-developpement-local","13":"tag-developpement-regional","14":"tag-industrie","15":"tag-industries-de-defense","16":"tag-regions","17":"tag-reorganisation-territoriales"},"yoast_head":"<!-- This site is optimized with the Yoast SEO plugin v27.4 - https:\/\/yoast.com\/product\/yoast-seo-wordpress\/ -->\n<title>Place et r\u00f4le structurant des industries de d\u00e9fense dans la r\u00e9organisation de la carte militaire en France - Chaire \u00c9conomie de d\u00e9fense - IHEDN<\/title>\n<meta name=\"robots\" content=\"index, follow, max-snippet:-1, max-image-preview:large, max-video-preview:-1\" \/>\n<link rel=\"canonical\" href=\"https:\/\/ecodef-ihedn.fr\/en\/place-et-role-structurant-des-industries-de-defense-dans-la-reorganisation-de-la-carte-militaire-en-france\/\" \/>\n<meta property=\"og:locale\" content=\"en_GB\" \/>\n<meta property=\"og:type\" content=\"article\" \/>\n<meta property=\"og:title\" content=\"Place et r\u00f4le structurant des industries de d\u00e9fense dans la r\u00e9organisation de la carte militaire en France - Chaire \u00c9conomie de d\u00e9fense - IHEDN\" \/>\n<meta property=\"og:description\" content=\"Place et r\u00f4le structurant des industries de d\u00e9fense dans la r\u00e9organisation de la carte militaire en France Josselin Droff Julien Malizard Chercheurs \u00e0 la Chaire Economie de D\u00e9fense Introduction Depuis la fin des ann\u00e9es 2000, la France a connu une importante r\u00e9forme de sa carte territoriale de la D\u00e9fense en remettant en cause une organisation [&hellip;]\" \/>\n<meta property=\"og:url\" content=\"https:\/\/ecodef-ihedn.fr\/en\/place-et-role-structurant-des-industries-de-defense-dans-la-reorganisation-de-la-carte-militaire-en-france\/\" \/>\n<meta property=\"og:site_name\" content=\"Chaire \u00c9conomie de d\u00e9fense - IHEDN\" \/>\n<meta property=\"article:published_time\" content=\"2019-04-02T00:00:00+00:00\" \/>\n<meta property=\"article:modified_time\" content=\"2020-05-27T11:38:16+00:00\" \/>\n<meta property=\"og:image\" content=\"https:\/\/ecodef-ihedn.fr\/wp-content\/uploads\/2020\/04\/EQnCzlooZQBV7Y0KTlHQ1ZzacW5zEcRPuMJAbw5MUXGbyblhOeYEblCT3FMBJi8jUpISgTkGko5GpP4DK_uH4MdHRieLt5mdH9N_95YmC3_XvmRYVCsR-CBApOaUg6kq-x6g8YcYVIqNSNP_JQ.png\" \/>\n\t<meta property=\"og:image:width\" content=\"1085\" \/>\n\t<meta property=\"og:image:height\" content=\"921\" \/>\n\t<meta property=\"og:image:type\" content=\"image\/png\" \/>\n<meta name=\"author\" content=\"dev\" \/>\n<meta name=\"twitter:card\" content=\"summary_large_image\" \/>\n<meta name=\"twitter:creator\" content=\"@Chaire_Ecodef\" \/>\n<meta name=\"twitter:site\" content=\"@Chaire_Ecodef\" \/>\n<meta name=\"twitter:label1\" content=\"Written by\" \/>\n\t<meta name=\"twitter:data1\" content=\"dev\" \/>\n\t<meta name=\"twitter:label2\" content=\"Estimated reading time\" \/>\n\t<meta name=\"twitter:data2\" content=\"10 minutes\" \/>\n<script type=\"application\/ld+json\" class=\"yoast-schema-graph\">{\"@context\":\"https:\\\/\\\/schema.org\",\"@graph\":[{\"@type\":\"Article\",\"@id\":\"https:\\\/\\\/ecodef-ihedn.fr\\\/place-et-role-structurant-des-industries-de-defense-dans-la-reorganisation-de-la-carte-militaire-en-france\\\/#article\",\"isPartOf\":{\"@id\":\"https:\\\/\\\/ecodef-ihedn.fr\\\/place-et-role-structurant-des-industries-de-defense-dans-la-reorganisation-de-la-carte-militaire-en-france\\\/\"},\"author\":{\"name\":\"dev\",\"@id\":\"https:\\\/\\\/ecodef-ihedn.fr\\\/#\\\/schema\\\/person\\\/7b3f1a2d8fd336e0be2f9ff63ff0ebbc\"},\"headline\":\"Place et r\u00f4le structurant des industries de d\u00e9fense dans la r\u00e9organisation de la carte militaire en France\",\"datePublished\":\"2019-04-02T00:00:00+00:00\",\"dateModified\":\"2020-05-27T11:38:16+00:00\",\"mainEntityOfPage\":{\"@id\":\"https:\\\/\\\/ecodef-ihedn.fr\\\/place-et-role-structurant-des-industries-de-defense-dans-la-reorganisation-de-la-carte-militaire-en-france\\\/\"},\"wordCount\":2042,\"commentCount\":0,\"publisher\":{\"@id\":\"https:\\\/\\\/ecodef-ihedn.fr\\\/#organization\"},\"image\":{\"@id\":\"https:\\\/\\\/ecodef-ihedn.fr\\\/place-et-role-structurant-des-industries-de-defense-dans-la-reorganisation-de-la-carte-militaire-en-france\\\/#primaryimage\"},\"thumbnailUrl\":\"https:\\\/\\\/ecodef-ihedn.fr\\\/wp-content\\\/uploads\\\/2020\\\/04\\\/EQnCzlooZQBV7Y0KTlHQ1ZzacW5zEcRPuMJAbw5MUXGbyblhOeYEblCT3FMBJi8jUpISgTkGko5GpP4DK_uH4MdHRieLt5mdH9N_95YmC3_XvmRYVCsR-CBApOaUg6kq-x6g8YcYVIqNSNP_JQ.png\",\"keywords\":[\"carte militaire\",\"Compensations territoriales\",\"d\u00e9veloppement local\",\"d\u00e9veloppement r\u00e9gional\",\"industrie\",\"Industries de d\u00e9fense\",\"r\u00e9gions\",\"r\u00e9organisation territoriales\"],\"articleSection\":[\"Newsletter\",\"Publications\",\"Th\u00e9matique 2 : d\u00e9terminants et impacts de la d\u00e9pense de d\u00e9fense\"],\"inLanguage\":\"en-GB\",\"potentialAction\":[{\"@type\":\"CommentAction\",\"name\":\"Comment\",\"target\":[\"https:\\\/\\\/ecodef-ihedn.fr\\\/place-et-role-structurant-des-industries-de-defense-dans-la-reorganisation-de-la-carte-militaire-en-france\\\/#respond\"]}]},{\"@type\":\"WebPage\",\"@id\":\"https:\\\/\\\/ecodef-ihedn.fr\\\/place-et-role-structurant-des-industries-de-defense-dans-la-reorganisation-de-la-carte-militaire-en-france\\\/\",\"url\":\"https:\\\/\\\/ecodef-ihedn.fr\\\/place-et-role-structurant-des-industries-de-defense-dans-la-reorganisation-de-la-carte-militaire-en-france\\\/\",\"name\":\"Place et r\u00f4le structurant des industries de d\u00e9fense dans la r\u00e9organisation de la carte militaire en France - Chaire \u00c9conomie de d\u00e9fense - IHEDN\",\"isPartOf\":{\"@id\":\"https:\\\/\\\/ecodef-ihedn.fr\\\/#website\"},\"primaryImageOfPage\":{\"@id\":\"https:\\\/\\\/ecodef-ihedn.fr\\\/place-et-role-structurant-des-industries-de-defense-dans-la-reorganisation-de-la-carte-militaire-en-france\\\/#primaryimage\"},\"image\":{\"@id\":\"https:\\\/\\\/ecodef-ihedn.fr\\\/place-et-role-structurant-des-industries-de-defense-dans-la-reorganisation-de-la-carte-militaire-en-france\\\/#primaryimage\"},\"thumbnailUrl\":\"https:\\\/\\\/ecodef-ihedn.fr\\\/wp-content\\\/uploads\\\/2020\\\/04\\\/EQnCzlooZQBV7Y0KTlHQ1ZzacW5zEcRPuMJAbw5MUXGbyblhOeYEblCT3FMBJi8jUpISgTkGko5GpP4DK_uH4MdHRieLt5mdH9N_95YmC3_XvmRYVCsR-CBApOaUg6kq-x6g8YcYVIqNSNP_JQ.png\",\"datePublished\":\"2019-04-02T00:00:00+00:00\",\"dateModified\":\"2020-05-27T11:38:16+00:00\",\"breadcrumb\":{\"@id\":\"https:\\\/\\\/ecodef-ihedn.fr\\\/place-et-role-structurant-des-industries-de-defense-dans-la-reorganisation-de-la-carte-militaire-en-france\\\/#breadcrumb\"},\"inLanguage\":\"en-GB\",\"potentialAction\":[{\"@type\":\"ReadAction\",\"target\":[\"https:\\\/\\\/ecodef-ihedn.fr\\\/place-et-role-structurant-des-industries-de-defense-dans-la-reorganisation-de-la-carte-militaire-en-france\\\/\"]}]},{\"@type\":\"ImageObject\",\"inLanguage\":\"en-GB\",\"@id\":\"https:\\\/\\\/ecodef-ihedn.fr\\\/place-et-role-structurant-des-industries-de-defense-dans-la-reorganisation-de-la-carte-militaire-en-france\\\/#primaryimage\",\"url\":\"https:\\\/\\\/ecodef-ihedn.fr\\\/wp-content\\\/uploads\\\/2020\\\/04\\\/EQnCzlooZQBV7Y0KTlHQ1ZzacW5zEcRPuMJAbw5MUXGbyblhOeYEblCT3FMBJi8jUpISgTkGko5GpP4DK_uH4MdHRieLt5mdH9N_95YmC3_XvmRYVCsR-CBApOaUg6kq-x6g8YcYVIqNSNP_JQ.png\",\"contentUrl\":\"https:\\\/\\\/ecodef-ihedn.fr\\\/wp-content\\\/uploads\\\/2020\\\/04\\\/EQnCzlooZQBV7Y0KTlHQ1ZzacW5zEcRPuMJAbw5MUXGbyblhOeYEblCT3FMBJi8jUpISgTkGko5GpP4DK_uH4MdHRieLt5mdH9N_95YmC3_XvmRYVCsR-CBApOaUg6kq-x6g8YcYVIqNSNP_JQ.png\",\"width\":1085,\"height\":921},{\"@type\":\"BreadcrumbList\",\"@id\":\"https:\\\/\\\/ecodef-ihedn.fr\\\/place-et-role-structurant-des-industries-de-defense-dans-la-reorganisation-de-la-carte-militaire-en-france\\\/#breadcrumb\",\"itemListElement\":[{\"@type\":\"ListItem\",\"position\":1,\"name\":\"Accueil\",\"item\":\"https:\\\/\\\/ecodef-ihedn.fr\\\/\"},{\"@type\":\"ListItem\",\"position\":2,\"name\":\"Place et r\u00f4le structurant des industries de d\u00e9fense dans la r\u00e9organisation de la carte militaire en France\"}]},{\"@type\":\"WebSite\",\"@id\":\"https:\\\/\\\/ecodef-ihedn.fr\\\/#website\",\"url\":\"https:\\\/\\\/ecodef-ihedn.fr\\\/\",\"name\":\"Chaire \u00c9conomie de D\u00e9fense - IHEDN\",\"description\":\"Produire &amp; soutenir, f\u00e9d\u00e9rer &amp; diffuser, \u00eatre une interface\",\"publisher\":{\"@id\":\"https:\\\/\\\/ecodef-ihedn.fr\\\/#organization\"},\"potentialAction\":[{\"@type\":\"SearchAction\",\"target\":{\"@type\":\"EntryPoint\",\"urlTemplate\":\"https:\\\/\\\/ecodef-ihedn.fr\\\/?s={search_term_string}\"},\"query-input\":{\"@type\":\"PropertyValueSpecification\",\"valueRequired\":true,\"valueName\":\"search_term_string\"}}],\"inLanguage\":\"en-GB\"},{\"@type\":\"Organization\",\"@id\":\"https:\\\/\\\/ecodef-ihedn.fr\\\/#organization\",\"name\":\"Chaire \u00c9conomie de d\u00e9fense - IHEDN\",\"url\":\"https:\\\/\\\/ecodef-ihedn.fr\\\/\",\"logo\":{\"@type\":\"ImageObject\",\"inLanguage\":\"en-GB\",\"@id\":\"https:\\\/\\\/ecodef-ihedn.fr\\\/#\\\/schema\\\/logo\\\/image\\\/\",\"url\":\"https:\\\/\\\/ecodef-ihedn.fr\\\/wp-content\\\/uploads\\\/2020\\\/04\\\/logoEcodef9.jpg\",\"contentUrl\":\"https:\\\/\\\/ecodef-ihedn.fr\\\/wp-content\\\/uploads\\\/2020\\\/04\\\/logoEcodef9.jpg\",\"width\":410,\"height\":212,\"caption\":\"Chaire \u00c9conomie de d\u00e9fense - IHEDN\"},\"image\":{\"@id\":\"https:\\\/\\\/ecodef-ihedn.fr\\\/#\\\/schema\\\/logo\\\/image\\\/\"},\"sameAs\":[\"https:\\\/\\\/x.com\\\/Chaire_Ecodef\",\"https:\\\/\\\/www.linkedin.com\\\/company\\\/chaire-ecodef-ihedn\\\/\"]},{\"@type\":\"Person\",\"@id\":\"https:\\\/\\\/ecodef-ihedn.fr\\\/#\\\/schema\\\/person\\\/7b3f1a2d8fd336e0be2f9ff63ff0ebbc\",\"name\":\"dev\",\"image\":{\"@type\":\"ImageObject\",\"inLanguage\":\"en-GB\",\"@id\":\"https:\\\/\\\/secure.gravatar.com\\\/avatar\\\/f1ffcac9ca2fa95ad3ec33e9be3ade82f752acb0cabe541e56c5889225afa88a?s=96&d=mm&r=g\",\"url\":\"https:\\\/\\\/secure.gravatar.com\\\/avatar\\\/f1ffcac9ca2fa95ad3ec33e9be3ade82f752acb0cabe541e56c5889225afa88a?s=96&d=mm&r=g\",\"contentUrl\":\"https:\\\/\\\/secure.gravatar.com\\\/avatar\\\/f1ffcac9ca2fa95ad3ec33e9be3ade82f752acb0cabe541e56c5889225afa88a?s=96&d=mm&r=g\",\"caption\":\"dev\"},\"url\":\"https:\\\/\\\/ecodef-ihedn.fr\\\/en\\\/author\\\/dev\\\/\"}]}<\/script>\n<!-- \/ Yoast SEO plugin. -->","yoast_head_json":{"title":"Place et r\u00f4le structurant des industries de d\u00e9fense dans la r\u00e9organisation de la carte militaire en France - Chaire \u00c9conomie de d\u00e9fense - IHEDN","robots":{"index":"index","follow":"follow","max-snippet":"max-snippet:-1","max-image-preview":"max-image-preview:large","max-video-preview":"max-video-preview:-1"},"canonical":"https:\/\/ecodef-ihedn.fr\/en\/place-et-role-structurant-des-industries-de-defense-dans-la-reorganisation-de-la-carte-militaire-en-france\/","og_locale":"en_GB","og_type":"article","og_title":"Place et r\u00f4le structurant des industries de d\u00e9fense dans la r\u00e9organisation de la carte militaire en France - Chaire \u00c9conomie de d\u00e9fense - IHEDN","og_description":"Place et r\u00f4le structurant des industries de d\u00e9fense dans la r\u00e9organisation de la carte militaire en France Josselin Droff Julien Malizard Chercheurs \u00e0 la Chaire Economie de D\u00e9fense Introduction Depuis la fin des ann\u00e9es 2000, la France a connu une importante r\u00e9forme de sa carte territoriale de la D\u00e9fense en remettant en cause une organisation [&hellip;]","og_url":"https:\/\/ecodef-ihedn.fr\/en\/place-et-role-structurant-des-industries-de-defense-dans-la-reorganisation-de-la-carte-militaire-en-france\/","og_site_name":"Chaire \u00c9conomie de d\u00e9fense - IHEDN","article_published_time":"2019-04-02T00:00:00+00:00","article_modified_time":"2020-05-27T11:38:16+00:00","og_image":[{"width":1085,"height":921,"url":"https:\/\/ecodef-ihedn.fr\/wp-content\/uploads\/2020\/04\/EQnCzlooZQBV7Y0KTlHQ1ZzacW5zEcRPuMJAbw5MUXGbyblhOeYEblCT3FMBJi8jUpISgTkGko5GpP4DK_uH4MdHRieLt5mdH9N_95YmC3_XvmRYVCsR-CBApOaUg6kq-x6g8YcYVIqNSNP_JQ.png","type":"image\/png"}],"author":"dev","twitter_card":"summary_large_image","twitter_creator":"@Chaire_Ecodef","twitter_site":"@Chaire_Ecodef","twitter_misc":{"Written by":"dev","Estimated reading time":"10 minutes"},"schema":{"@context":"https:\/\/schema.org","@graph":[{"@type":"Article","@id":"https:\/\/ecodef-ihedn.fr\/place-et-role-structurant-des-industries-de-defense-dans-la-reorganisation-de-la-carte-militaire-en-france\/#article","isPartOf":{"@id":"https:\/\/ecodef-ihedn.fr\/place-et-role-structurant-des-industries-de-defense-dans-la-reorganisation-de-la-carte-militaire-en-france\/"},"author":{"name":"dev","@id":"https:\/\/ecodef-ihedn.fr\/#\/schema\/person\/7b3f1a2d8fd336e0be2f9ff63ff0ebbc"},"headline":"Place et r\u00f4le structurant des industries de d\u00e9fense dans la r\u00e9organisation de la carte militaire en France","datePublished":"2019-04-02T00:00:00+00:00","dateModified":"2020-05-27T11:38:16+00:00","mainEntityOfPage":{"@id":"https:\/\/ecodef-ihedn.fr\/place-et-role-structurant-des-industries-de-defense-dans-la-reorganisation-de-la-carte-militaire-en-france\/"},"wordCount":2042,"commentCount":0,"publisher":{"@id":"https:\/\/ecodef-ihedn.fr\/#organization"},"image":{"@id":"https:\/\/ecodef-ihedn.fr\/place-et-role-structurant-des-industries-de-defense-dans-la-reorganisation-de-la-carte-militaire-en-france\/#primaryimage"},"thumbnailUrl":"https:\/\/ecodef-ihedn.fr\/wp-content\/uploads\/2020\/04\/EQnCzlooZQBV7Y0KTlHQ1ZzacW5zEcRPuMJAbw5MUXGbyblhOeYEblCT3FMBJi8jUpISgTkGko5GpP4DK_uH4MdHRieLt5mdH9N_95YmC3_XvmRYVCsR-CBApOaUg6kq-x6g8YcYVIqNSNP_JQ.png","keywords":["carte militaire","Compensations territoriales","d\u00e9veloppement local","d\u00e9veloppement r\u00e9gional","industrie","Industries de d\u00e9fense","r\u00e9gions","r\u00e9organisation territoriales"],"articleSection":["Newsletter","Publications","Th\u00e9matique 2 : d\u00e9terminants et impacts de la d\u00e9pense de d\u00e9fense"],"inLanguage":"en-GB","potentialAction":[{"@type":"CommentAction","name":"Comment","target":["https:\/\/ecodef-ihedn.fr\/place-et-role-structurant-des-industries-de-defense-dans-la-reorganisation-de-la-carte-militaire-en-france\/#respond"]}]},{"@type":"WebPage","@id":"https:\/\/ecodef-ihedn.fr\/place-et-role-structurant-des-industries-de-defense-dans-la-reorganisation-de-la-carte-militaire-en-france\/","url":"https:\/\/ecodef-ihedn.fr\/place-et-role-structurant-des-industries-de-defense-dans-la-reorganisation-de-la-carte-militaire-en-france\/","name":"Place et r\u00f4le structurant des industries de d\u00e9fense dans la r\u00e9organisation de la carte militaire en France - Chaire \u00c9conomie de d\u00e9fense - IHEDN","isPartOf":{"@id":"https:\/\/ecodef-ihedn.fr\/#website"},"primaryImageOfPage":{"@id":"https:\/\/ecodef-ihedn.fr\/place-et-role-structurant-des-industries-de-defense-dans-la-reorganisation-de-la-carte-militaire-en-france\/#primaryimage"},"image":{"@id":"https:\/\/ecodef-ihedn.fr\/place-et-role-structurant-des-industries-de-defense-dans-la-reorganisation-de-la-carte-militaire-en-france\/#primaryimage"},"thumbnailUrl":"https:\/\/ecodef-ihedn.fr\/wp-content\/uploads\/2020\/04\/EQnCzlooZQBV7Y0KTlHQ1ZzacW5zEcRPuMJAbw5MUXGbyblhOeYEblCT3FMBJi8jUpISgTkGko5GpP4DK_uH4MdHRieLt5mdH9N_95YmC3_XvmRYVCsR-CBApOaUg6kq-x6g8YcYVIqNSNP_JQ.png","datePublished":"2019-04-02T00:00:00+00:00","dateModified":"2020-05-27T11:38:16+00:00","breadcrumb":{"@id":"https:\/\/ecodef-ihedn.fr\/place-et-role-structurant-des-industries-de-defense-dans-la-reorganisation-de-la-carte-militaire-en-france\/#breadcrumb"},"inLanguage":"en-GB","potentialAction":[{"@type":"ReadAction","target":["https:\/\/ecodef-ihedn.fr\/place-et-role-structurant-des-industries-de-defense-dans-la-reorganisation-de-la-carte-militaire-en-france\/"]}]},{"@type":"ImageObject","inLanguage":"en-GB","@id":"https:\/\/ecodef-ihedn.fr\/place-et-role-structurant-des-industries-de-defense-dans-la-reorganisation-de-la-carte-militaire-en-france\/#primaryimage","url":"https:\/\/ecodef-ihedn.fr\/wp-content\/uploads\/2020\/04\/EQnCzlooZQBV7Y0KTlHQ1ZzacW5zEcRPuMJAbw5MUXGbyblhOeYEblCT3FMBJi8jUpISgTkGko5GpP4DK_uH4MdHRieLt5mdH9N_95YmC3_XvmRYVCsR-CBApOaUg6kq-x6g8YcYVIqNSNP_JQ.png","contentUrl":"https:\/\/ecodef-ihedn.fr\/wp-content\/uploads\/2020\/04\/EQnCzlooZQBV7Y0KTlHQ1ZzacW5zEcRPuMJAbw5MUXGbyblhOeYEblCT3FMBJi8jUpISgTkGko5GpP4DK_uH4MdHRieLt5mdH9N_95YmC3_XvmRYVCsR-CBApOaUg6kq-x6g8YcYVIqNSNP_JQ.png","width":1085,"height":921},{"@type":"BreadcrumbList","@id":"https:\/\/ecodef-ihedn.fr\/place-et-role-structurant-des-industries-de-defense-dans-la-reorganisation-de-la-carte-militaire-en-france\/#breadcrumb","itemListElement":[{"@type":"ListItem","position":1,"name":"Accueil","item":"https:\/\/ecodef-ihedn.fr\/"},{"@type":"ListItem","position":2,"name":"Place et r\u00f4le structurant des industries de d\u00e9fense dans la r\u00e9organisation de la carte militaire en France"}]},{"@type":"WebSite","@id":"https:\/\/ecodef-ihedn.fr\/#website","url":"https:\/\/ecodef-ihedn.fr\/","name":"Chair in Defence Economics - IHEDN","description":"Produce &amp; support, federate &amp; disseminate, act as an interface","publisher":{"@id":"https:\/\/ecodef-ihedn.fr\/#organization"},"potentialAction":[{"@type":"SearchAction","target":{"@type":"EntryPoint","urlTemplate":"https:\/\/ecodef-ihedn.fr\/?s={search_term_string}"},"query-input":{"@type":"PropertyValueSpecification","valueRequired":true,"valueName":"search_term_string"}}],"inLanguage":"en-GB"},{"@type":"Organization","@id":"https:\/\/ecodef-ihedn.fr\/#organization","name":"Chair in Defence Economics - IHEDN","url":"https:\/\/ecodef-ihedn.fr\/","logo":{"@type":"ImageObject","inLanguage":"en-GB","@id":"https:\/\/ecodef-ihedn.fr\/#\/schema\/logo\/image\/","url":"https:\/\/ecodef-ihedn.fr\/wp-content\/uploads\/2020\/04\/logoEcodef9.jpg","contentUrl":"https:\/\/ecodef-ihedn.fr\/wp-content\/uploads\/2020\/04\/logoEcodef9.jpg","width":410,"height":212,"caption":"Chaire \u00c9conomie de d\u00e9fense - IHEDN"},"image":{"@id":"https:\/\/ecodef-ihedn.fr\/#\/schema\/logo\/image\/"},"sameAs":["https:\/\/x.com\/Chaire_Ecodef","https:\/\/www.linkedin.com\/company\/chaire-ecodef-ihedn\/"]},{"@type":"Person","@id":"https:\/\/ecodef-ihedn.fr\/#\/schema\/person\/7b3f1a2d8fd336e0be2f9ff63ff0ebbc","name":"dev","image":{"@type":"ImageObject","inLanguage":"en-GB","@id":"https:\/\/secure.gravatar.com\/avatar\/f1ffcac9ca2fa95ad3ec33e9be3ade82f752acb0cabe541e56c5889225afa88a?s=96&d=mm&r=g","url":"https:\/\/secure.gravatar.com\/avatar\/f1ffcac9ca2fa95ad3ec33e9be3ade82f752acb0cabe541e56c5889225afa88a?s=96&d=mm&r=g","contentUrl":"https:\/\/secure.gravatar.com\/avatar\/f1ffcac9ca2fa95ad3ec33e9be3ade82f752acb0cabe541e56c5889225afa88a?s=96&d=mm&r=g","caption":"dev"},"url":"https:\/\/ecodef-ihedn.fr\/en\/author\/dev\/"}]}},"_links":{"self":[{"href":"https:\/\/ecodef-ihedn.fr\/en\/wp-json\/wp\/v2\/posts\/1145","targetHints":{"allow":["GET"]}}],"collection":[{"href":"https:\/\/ecodef-ihedn.fr\/en\/wp-json\/wp\/v2\/posts"}],"about":[{"href":"https:\/\/ecodef-ihedn.fr\/en\/wp-json\/wp\/v2\/types\/post"}],"author":[{"embeddable":true,"href":"https:\/\/ecodef-ihedn.fr\/en\/wp-json\/wp\/v2\/users\/1"}],"replies":[{"embeddable":true,"href":"https:\/\/ecodef-ihedn.fr\/en\/wp-json\/wp\/v2\/comments?post=1145"}],"version-history":[{"count":5,"href":"https:\/\/ecodef-ihedn.fr\/en\/wp-json\/wp\/v2\/posts\/1145\/revisions"}],"predecessor-version":[{"id":1864,"href":"https:\/\/ecodef-ihedn.fr\/en\/wp-json\/wp\/v2\/posts\/1145\/revisions\/1864"}],"wp:featuredmedia":[{"embeddable":true,"href":"https:\/\/ecodef-ihedn.fr\/en\/wp-json\/wp\/v2\/media\/1146"}],"wp:attachment":[{"href":"https:\/\/ecodef-ihedn.fr\/en\/wp-json\/wp\/v2\/media?parent=1145"}],"wp:term":[{"taxonomy":"category","embeddable":true,"href":"https:\/\/ecodef-ihedn.fr\/en\/wp-json\/wp\/v2\/categories?post=1145"},{"taxonomy":"post_tag","embeddable":true,"href":"https:\/\/ecodef-ihedn.fr\/en\/wp-json\/wp\/v2\/tags?post=1145"}],"curies":[{"name":"wp","href":"https:\/\/api.w.org\/{rel}","templated":true}]}}