{"id":1147,"date":"2019-04-05T00:00:00","date_gmt":"2019-04-05T00:00:00","guid":{"rendered":"https:\/\/ecodef-ihedn.fr\/quand-larmee-sen-va-nouvel-article-de-josselin-droff-et-julien-malizard-dans-the-conversation\/"},"modified":"2020-04-09T12:59:48","modified_gmt":"2020-04-09T12:59:48","slug":"quand-larmee-sen-va-nouvel-article-de-josselin-droff-et-julien-malizard-dans-the-conversation","status":"publish","type":"post","link":"https:\/\/ecodef-ihedn.fr\/en\/quand-larmee-sen-va-nouvel-article-de-josselin-droff-et-julien-malizard-dans-the-conversation\/","title":{"rendered":"When the army leaves! New article by Josselin Droff and Julien Malizard in The Conversation"},"content":{"rendered":"<div class=\"wp-block-image\"><figure class=\"aligncenter is-resized\"><img loading=\"lazy\" decoding=\"async\" src=\"https:\/\/ecodef-ihedn.fr\/wp-content\/uploads\/2020\/04\/theconversation_615x131.jpg\" alt=\"\" class=\"wp-image-7020\" width=\"412\" height=\"87\" \/><\/figure><\/div>\n\n\n\n<h3 class=\"wp-block-heading\">An overview of government support policies<\/h3>\n\n\n\n<p><strong><a rel=\"noreferrer noopener\" aria-label=\"Josselin Droff (opens in a new tab)\" href=\"https:\/\/www.researchgate.net\/profile\/Josselin_Droff\" target=\"_blank\">Josselin Droff<\/a> <\/strong>and <strong><a rel=\"noreferrer noopener\" aria-label=\"Julien Malizard (opens in a new tab)\" href=\"https:\/\/www.researchgate.net\/profile\/Julien_Malizard\" target=\"_blank\">Julien Malizard<\/a><\/strong>, Researchers at <strong>Chair in Defence Economics<\/strong>, publish in <em><strong><a rel=\"noreferrer noopener\" aria-label=\"The Conversation (opens in a new tab)\" href=\"https:\/\/theconversation.com\/fr\" target=\"_blank\">The Conversation<\/a><\/strong><\/em> an article entitled \u00ab\u00a0<a rel=\"noreferrer noopener\" aria-label=\"Quand l&#039;arm\u00e9e s&#039;en va: radiographie des politiques d&#039;accompagnement de l&#039;\u00c9tat (opens in a new tab)\" href=\"https:\/\/theconversation.com\/quand-larmee-sen-va-radiographie-des-politiques-daccompagnement-de-letat-114131\" target=\"_blank\">When the army leaves: an x-ray of the State's support policies<\/a>\u00ab\u00a0. <\/p>\n\n\n\n<p>The authors raise the question of <strong>consistency on the part of the public decision-maker <\/strong>in the allocation of <strong>regional aid<\/strong> as part of the <strong>restructuring of the ministry of the armed forces<\/strong>.<\/p>\n\n\n\n<p>This econometric analysis questions the <strong>regional planning logic <\/strong> present in the policy of <strong>rationalisation of the Ministry of the Armed Forces. <\/strong> Overall, the results show that <strong>reorganisations<\/strong> of the defence <strong>not \u00ababove ground\u00bb<\/strong> and that<strong> the territories<\/strong> and their economic situation <strong>are integrated<\/strong> in the overall strategy of the public decision-maker. <\/p>\n\n\n\n<p>Le <strong>ministry of the armed forces<\/strong> is not a Ministry of Spatial Planning, but a Ministry of the Environment. <strong>regalian ministry<\/strong> also doing\u2019<strong>land-use planning where necessary<\/strong>e.<\/p>\n\n\n\n<h3 class=\"wp-block-heading\">About the article and <em>The Conversation<\/em><\/h3>\n\n\n\n<p><strong><em>The Conversation<\/em> <\/strong>has a monthly audience of <strong>10.7 million readers <\/strong>and a <strong>global audience of<\/strong> <strong>38.2 million<\/strong> through republications under the <em>Creative Commons<\/em>.  This article is a condensed version of an article published in<strong> February 2019<\/strong> in the<strong><em> <a rel=\"noreferrer noopener\" aria-label=\"Revue d&#039;Economie R\u00e9gionale et Urbaine (opens in a new tab)\" href=\"http:\/\/www.reru.fr\/\" target=\"_blank\">Journal of Regional and Urban Economics<\/a><\/em><\/strong> (<a rel=\"noreferrer noopener\" aria-label=\"discover the original article (opens in a new tab)\" href=\"http:\/\/www.revues.armand-colin.com\/eco-sc-politique\/revue-deconomie-regionale-urbaine\/revue-deconomie-regionale-urbaine-ndeg-12019\/quand-larmee-sen-va-analyse-empirique-coherence\" target=\"_blank\">read the original article<\/a>).<\/p>\n\n\n\n<h3 class=\"wp-block-heading\">To find out more<\/h3>\n\n\n\n<p>To find out more <strong>discover our other publications<\/strong> of the <strong>Chair in Defence Economics<\/strong> on the subject, <a rel=\"noreferrer noopener\" aria-label=\"click here (opens in a new tab)\" href=\"https:\/\/economie-defense.fr\/publication-quand-larmee-sen-va-nouvel-article-de-josselin-droff-et-de-julien-malizard-dans-la-revue-deconomie-regionale-et-urbaine-reru\/\" target=\"_blank\"><strong>click here<\/strong><\/a>.<\/p>","protected":false},"excerpt":{"rendered":"<p>Radiographie des politiques d\u2019accompagnement de l\u2019\u00c9tat Josselin Droff et Julien Malizard, Chercheurs \u00e0 la Chaire \u00c9conomie de D\u00e9fense, publient dans The Conversation un article intitul\u00e9 \u00ab\u00a0Quand l\u2019arm\u00e9e s\u2019en&nbsp;va&nbsp;: radiographie des&nbsp;politiques d\u2019accompagnement de&nbsp;l\u2019\u00c9tat\u00ab\u00a0. Les auteurs posent la question de la coh\u00e9rence de la part du d\u00e9cideur public dans l\u2019attribution des aides aux territoires dans le cadre [&hellip;]<\/p>\n","protected":false},"author":1,"featured_media":1148,"comment_status":"open","ping_status":"open","sticky":false,"template":"","format":"standard","meta":{"footnotes":""},"categories":[350,352],"tags":[167,147,281,169,282,207,95,284],"class_list":{"0":"post-1147","1":"post","2":"type-post","3":"status-publish","4":"format-standard","5":"has-post-thumbnail","7":"category-publications","8":"category-thematique-2-determinants-et-impacts-de-la-depense-de-defense","9":"tag-amenagement-du-territoire","10":"tag-compensation","11":"tag-compensations-territoriales","12":"tag-dar","13":"tag-developpement-regional","14":"tag-economie-regionale","15":"tag-ministere-des-armees","16":"tag-reorganisation-territoriales"},"yoast_head":"<!-- This site is optimized with the Yoast SEO plugin v27.4 - https:\/\/yoast.com\/product\/yoast-seo-wordpress\/ -->\n<title>Quand l&#039;arm\u00e9e s&#039;en va! Nouvel article de Josselin Droff et Julien Malizard dans The Conversation - Chaire \u00c9conomie de d\u00e9fense - IHEDN<\/title>\n<meta name=\"robots\" content=\"index, follow, max-snippet:-1, max-image-preview:large, max-video-preview:-1\" \/>\n<link rel=\"canonical\" href=\"https:\/\/ecodef-ihedn.fr\/en\/quand-larmee-sen-va-nouvel-article-de-josselin-droff-et-julien-malizard-dans-the-conversation\/\" \/>\n<meta property=\"og:locale\" content=\"en_GB\" \/>\n<meta property=\"og:type\" content=\"article\" \/>\n<meta property=\"og:title\" content=\"Quand l&#039;arm\u00e9e s&#039;en va! Nouvel article de Josselin Droff et Julien Malizard dans The Conversation - Chaire \u00c9conomie de d\u00e9fense - IHEDN\" \/>\n<meta property=\"og:description\" content=\"Radiographie des politiques d\u2019accompagnement de l\u2019\u00c9tat Josselin Droff et Julien Malizard, Chercheurs \u00e0 la Chaire \u00c9conomie de D\u00e9fense, publient dans The Conversation un article intitul\u00e9 \u00ab\u00a0Quand l\u2019arm\u00e9e s\u2019en&nbsp;va&nbsp;: radiographie des&nbsp;politiques d\u2019accompagnement de&nbsp;l\u2019\u00c9tat\u00ab\u00a0. Les auteurs posent la question de la coh\u00e9rence de la part du d\u00e9cideur public dans l\u2019attribution des aides aux territoires dans le cadre [&hellip;]\" \/>\n<meta property=\"og:url\" content=\"https:\/\/ecodef-ihedn.fr\/en\/quand-larmee-sen-va-nouvel-article-de-josselin-droff-et-julien-malizard-dans-the-conversation\/\" \/>\n<meta property=\"og:site_name\" content=\"Chaire \u00c9conomie de d\u00e9fense - IHEDN\" \/>\n<meta property=\"article:published_time\" content=\"2019-04-05T00:00:00+00:00\" \/>\n<meta property=\"article:modified_time\" content=\"2020-04-09T12:59:48+00:00\" \/>\n<meta property=\"og:image\" content=\"https:\/\/ecodef-ihedn.fr\/wp-content\/uploads\/2020\/04\/theconversation_615x131.jpg\" \/>\n\t<meta property=\"og:image:width\" content=\"615\" \/>\n\t<meta property=\"og:image:height\" content=\"131\" \/>\n\t<meta property=\"og:image:type\" content=\"image\/jpeg\" \/>\n<meta name=\"author\" content=\"dev\" \/>\n<meta name=\"twitter:card\" content=\"summary_large_image\" \/>\n<meta name=\"twitter:creator\" content=\"@Chaire_Ecodef\" \/>\n<meta name=\"twitter:site\" content=\"@Chaire_Ecodef\" \/>\n<meta name=\"twitter:label1\" content=\"Written by\" \/>\n\t<meta name=\"twitter:data1\" content=\"dev\" \/>\n\t<meta name=\"twitter:label2\" content=\"Estimated reading time\" \/>\n\t<meta name=\"twitter:data2\" content=\"1 minute\" \/>\n<script type=\"application\/ld+json\" class=\"yoast-schema-graph\">{\"@context\":\"https:\\\/\\\/schema.org\",\"@graph\":[{\"@type\":\"Article\",\"@id\":\"https:\\\/\\\/ecodef-ihedn.fr\\\/quand-larmee-sen-va-nouvel-article-de-josselin-droff-et-julien-malizard-dans-the-conversation\\\/#article\",\"isPartOf\":{\"@id\":\"https:\\\/\\\/ecodef-ihedn.fr\\\/quand-larmee-sen-va-nouvel-article-de-josselin-droff-et-julien-malizard-dans-the-conversation\\\/\"},\"author\":{\"name\":\"dev\",\"@id\":\"https:\\\/\\\/ecodef-ihedn.fr\\\/#\\\/schema\\\/person\\\/7b3f1a2d8fd336e0be2f9ff63ff0ebbc\"},\"headline\":\"Quand l&rsquo;arm\u00e9e s&rsquo;en va! Nouvel article de Josselin Droff et Julien Malizard dans The Conversation\",\"datePublished\":\"2019-04-05T00:00:00+00:00\",\"dateModified\":\"2020-04-09T12:59:48+00:00\",\"mainEntityOfPage\":{\"@id\":\"https:\\\/\\\/ecodef-ihedn.fr\\\/quand-larmee-sen-va-nouvel-article-de-josselin-droff-et-julien-malizard-dans-the-conversation\\\/\"},\"wordCount\":291,\"commentCount\":0,\"publisher\":{\"@id\":\"https:\\\/\\\/ecodef-ihedn.fr\\\/#organization\"},\"image\":{\"@id\":\"https:\\\/\\\/ecodef-ihedn.fr\\\/quand-larmee-sen-va-nouvel-article-de-josselin-droff-et-julien-malizard-dans-the-conversation\\\/#primaryimage\"},\"thumbnailUrl\":\"https:\\\/\\\/ecodef-ihedn.fr\\\/wp-content\\\/uploads\\\/2020\\\/04\\\/theconversation_615x131.jpg\",\"keywords\":[\"am\u00e9nagement du territoire\",\"compensation\",\"Compensations territoriales\",\"DAR\",\"d\u00e9veloppement r\u00e9gional\",\"\u00e9conomie r\u00e9gionale\",\"Minist\u00e8re des Arm\u00e9es\",\"r\u00e9organisation territoriales\"],\"articleSection\":[\"Publications\",\"Th\u00e9matique 2 : d\u00e9terminants et impacts de la d\u00e9pense de d\u00e9fense\"],\"inLanguage\":\"en-GB\",\"potentialAction\":[{\"@type\":\"CommentAction\",\"name\":\"Comment\",\"target\":[\"https:\\\/\\\/ecodef-ihedn.fr\\\/quand-larmee-sen-va-nouvel-article-de-josselin-droff-et-julien-malizard-dans-the-conversation\\\/#respond\"]}]},{\"@type\":\"WebPage\",\"@id\":\"https:\\\/\\\/ecodef-ihedn.fr\\\/quand-larmee-sen-va-nouvel-article-de-josselin-droff-et-julien-malizard-dans-the-conversation\\\/\",\"url\":\"https:\\\/\\\/ecodef-ihedn.fr\\\/quand-larmee-sen-va-nouvel-article-de-josselin-droff-et-julien-malizard-dans-the-conversation\\\/\",\"name\":\"Quand l'arm\u00e9e s'en va! Nouvel article de Josselin Droff et Julien Malizard dans The Conversation - Chaire \u00c9conomie de d\u00e9fense - IHEDN\",\"isPartOf\":{\"@id\":\"https:\\\/\\\/ecodef-ihedn.fr\\\/#website\"},\"primaryImageOfPage\":{\"@id\":\"https:\\\/\\\/ecodef-ihedn.fr\\\/quand-larmee-sen-va-nouvel-article-de-josselin-droff-et-julien-malizard-dans-the-conversation\\\/#primaryimage\"},\"image\":{\"@id\":\"https:\\\/\\\/ecodef-ihedn.fr\\\/quand-larmee-sen-va-nouvel-article-de-josselin-droff-et-julien-malizard-dans-the-conversation\\\/#primaryimage\"},\"thumbnailUrl\":\"https:\\\/\\\/ecodef-ihedn.fr\\\/wp-content\\\/uploads\\\/2020\\\/04\\\/theconversation_615x131.jpg\",\"datePublished\":\"2019-04-05T00:00:00+00:00\",\"dateModified\":\"2020-04-09T12:59:48+00:00\",\"breadcrumb\":{\"@id\":\"https:\\\/\\\/ecodef-ihedn.fr\\\/quand-larmee-sen-va-nouvel-article-de-josselin-droff-et-julien-malizard-dans-the-conversation\\\/#breadcrumb\"},\"inLanguage\":\"en-GB\",\"potentialAction\":[{\"@type\":\"ReadAction\",\"target\":[\"https:\\\/\\\/ecodef-ihedn.fr\\\/quand-larmee-sen-va-nouvel-article-de-josselin-droff-et-julien-malizard-dans-the-conversation\\\/\"]}]},{\"@type\":\"ImageObject\",\"inLanguage\":\"en-GB\",\"@id\":\"https:\\\/\\\/ecodef-ihedn.fr\\\/quand-larmee-sen-va-nouvel-article-de-josselin-droff-et-julien-malizard-dans-the-conversation\\\/#primaryimage\",\"url\":\"https:\\\/\\\/ecodef-ihedn.fr\\\/wp-content\\\/uploads\\\/2020\\\/04\\\/theconversation_615x131.jpg\",\"contentUrl\":\"https:\\\/\\\/ecodef-ihedn.fr\\\/wp-content\\\/uploads\\\/2020\\\/04\\\/theconversation_615x131.jpg\",\"width\":615,\"height\":131},{\"@type\":\"BreadcrumbList\",\"@id\":\"https:\\\/\\\/ecodef-ihedn.fr\\\/quand-larmee-sen-va-nouvel-article-de-josselin-droff-et-julien-malizard-dans-the-conversation\\\/#breadcrumb\",\"itemListElement\":[{\"@type\":\"ListItem\",\"position\":1,\"name\":\"Accueil\",\"item\":\"https:\\\/\\\/ecodef-ihedn.fr\\\/\"},{\"@type\":\"ListItem\",\"position\":2,\"name\":\"Quand l&#8217;arm\u00e9e s&#8217;en va! Nouvel article de Josselin Droff et Julien Malizard dans The Conversation\"}]},{\"@type\":\"WebSite\",\"@id\":\"https:\\\/\\\/ecodef-ihedn.fr\\\/#website\",\"url\":\"https:\\\/\\\/ecodef-ihedn.fr\\\/\",\"name\":\"Chaire \u00c9conomie de D\u00e9fense - IHEDN\",\"description\":\"Produire &amp; soutenir, f\u00e9d\u00e9rer &amp; diffuser, \u00eatre une interface\",\"publisher\":{\"@id\":\"https:\\\/\\\/ecodef-ihedn.fr\\\/#organization\"},\"potentialAction\":[{\"@type\":\"SearchAction\",\"target\":{\"@type\":\"EntryPoint\",\"urlTemplate\":\"https:\\\/\\\/ecodef-ihedn.fr\\\/?s={search_term_string}\"},\"query-input\":{\"@type\":\"PropertyValueSpecification\",\"valueRequired\":true,\"valueName\":\"search_term_string\"}}],\"inLanguage\":\"en-GB\"},{\"@type\":\"Organization\",\"@id\":\"https:\\\/\\\/ecodef-ihedn.fr\\\/#organization\",\"name\":\"Chaire \u00c9conomie de d\u00e9fense - IHEDN\",\"url\":\"https:\\\/\\\/ecodef-ihedn.fr\\\/\",\"logo\":{\"@type\":\"ImageObject\",\"inLanguage\":\"en-GB\",\"@id\":\"https:\\\/\\\/ecodef-ihedn.fr\\\/#\\\/schema\\\/logo\\\/image\\\/\",\"url\":\"https:\\\/\\\/ecodef-ihedn.fr\\\/wp-content\\\/uploads\\\/2020\\\/04\\\/logoEcodef9.jpg\",\"contentUrl\":\"https:\\\/\\\/ecodef-ihedn.fr\\\/wp-content\\\/uploads\\\/2020\\\/04\\\/logoEcodef9.jpg\",\"width\":410,\"height\":212,\"caption\":\"Chaire \u00c9conomie de d\u00e9fense - IHEDN\"},\"image\":{\"@id\":\"https:\\\/\\\/ecodef-ihedn.fr\\\/#\\\/schema\\\/logo\\\/image\\\/\"},\"sameAs\":[\"https:\\\/\\\/x.com\\\/Chaire_Ecodef\",\"https:\\\/\\\/www.linkedin.com\\\/company\\\/chaire-ecodef-ihedn\\\/\"]},{\"@type\":\"Person\",\"@id\":\"https:\\\/\\\/ecodef-ihedn.fr\\\/#\\\/schema\\\/person\\\/7b3f1a2d8fd336e0be2f9ff63ff0ebbc\",\"name\":\"dev\",\"image\":{\"@type\":\"ImageObject\",\"inLanguage\":\"en-GB\",\"@id\":\"https:\\\/\\\/secure.gravatar.com\\\/avatar\\\/f1ffcac9ca2fa95ad3ec33e9be3ade82f752acb0cabe541e56c5889225afa88a?s=96&d=mm&r=g\",\"url\":\"https:\\\/\\\/secure.gravatar.com\\\/avatar\\\/f1ffcac9ca2fa95ad3ec33e9be3ade82f752acb0cabe541e56c5889225afa88a?s=96&d=mm&r=g\",\"contentUrl\":\"https:\\\/\\\/secure.gravatar.com\\\/avatar\\\/f1ffcac9ca2fa95ad3ec33e9be3ade82f752acb0cabe541e56c5889225afa88a?s=96&d=mm&r=g\",\"caption\":\"dev\"},\"url\":\"https:\\\/\\\/ecodef-ihedn.fr\\\/en\\\/author\\\/dev\\\/\"}]}<\/script>\n<!-- \/ Yoast SEO plugin. -->","yoast_head_json":{"title":"Quand l'arm\u00e9e s'en va! Nouvel article de Josselin Droff et Julien Malizard dans The Conversation - Chaire \u00c9conomie de d\u00e9fense - IHEDN","robots":{"index":"index","follow":"follow","max-snippet":"max-snippet:-1","max-image-preview":"max-image-preview:large","max-video-preview":"max-video-preview:-1"},"canonical":"https:\/\/ecodef-ihedn.fr\/en\/quand-larmee-sen-va-nouvel-article-de-josselin-droff-et-julien-malizard-dans-the-conversation\/","og_locale":"en_GB","og_type":"article","og_title":"Quand l'arm\u00e9e s'en va! Nouvel article de Josselin Droff et Julien Malizard dans The Conversation - Chaire \u00c9conomie de d\u00e9fense - IHEDN","og_description":"Radiographie des politiques d\u2019accompagnement de l\u2019\u00c9tat Josselin Droff et Julien Malizard, Chercheurs \u00e0 la Chaire \u00c9conomie de D\u00e9fense, publient dans The Conversation un article intitul\u00e9 \u00ab\u00a0Quand l\u2019arm\u00e9e s\u2019en&nbsp;va&nbsp;: radiographie des&nbsp;politiques d\u2019accompagnement de&nbsp;l\u2019\u00c9tat\u00ab\u00a0. Les auteurs posent la question de la coh\u00e9rence de la part du d\u00e9cideur public dans l\u2019attribution des aides aux territoires dans le cadre [&hellip;]","og_url":"https:\/\/ecodef-ihedn.fr\/en\/quand-larmee-sen-va-nouvel-article-de-josselin-droff-et-julien-malizard-dans-the-conversation\/","og_site_name":"Chaire \u00c9conomie de d\u00e9fense - IHEDN","article_published_time":"2019-04-05T00:00:00+00:00","article_modified_time":"2020-04-09T12:59:48+00:00","og_image":[{"width":615,"height":131,"url":"https:\/\/ecodef-ihedn.fr\/wp-content\/uploads\/2020\/04\/theconversation_615x131.jpg","type":"image\/jpeg"}],"author":"dev","twitter_card":"summary_large_image","twitter_creator":"@Chaire_Ecodef","twitter_site":"@Chaire_Ecodef","twitter_misc":{"Written by":"dev","Estimated reading time":"1 minute"},"schema":{"@context":"https:\/\/schema.org","@graph":[{"@type":"Article","@id":"https:\/\/ecodef-ihedn.fr\/quand-larmee-sen-va-nouvel-article-de-josselin-droff-et-julien-malizard-dans-the-conversation\/#article","isPartOf":{"@id":"https:\/\/ecodef-ihedn.fr\/quand-larmee-sen-va-nouvel-article-de-josselin-droff-et-julien-malizard-dans-the-conversation\/"},"author":{"name":"dev","@id":"https:\/\/ecodef-ihedn.fr\/#\/schema\/person\/7b3f1a2d8fd336e0be2f9ff63ff0ebbc"},"headline":"Quand l&rsquo;arm\u00e9e s&rsquo;en va! Nouvel article de Josselin Droff et Julien Malizard dans The Conversation","datePublished":"2019-04-05T00:00:00+00:00","dateModified":"2020-04-09T12:59:48+00:00","mainEntityOfPage":{"@id":"https:\/\/ecodef-ihedn.fr\/quand-larmee-sen-va-nouvel-article-de-josselin-droff-et-julien-malizard-dans-the-conversation\/"},"wordCount":291,"commentCount":0,"publisher":{"@id":"https:\/\/ecodef-ihedn.fr\/#organization"},"image":{"@id":"https:\/\/ecodef-ihedn.fr\/quand-larmee-sen-va-nouvel-article-de-josselin-droff-et-julien-malizard-dans-the-conversation\/#primaryimage"},"thumbnailUrl":"https:\/\/ecodef-ihedn.fr\/wp-content\/uploads\/2020\/04\/theconversation_615x131.jpg","keywords":["am\u00e9nagement du territoire","compensation","Compensations territoriales","DAR","d\u00e9veloppement r\u00e9gional","\u00e9conomie r\u00e9gionale","Minist\u00e8re des Arm\u00e9es","r\u00e9organisation territoriales"],"articleSection":["Publications","Th\u00e9matique 2 : d\u00e9terminants et impacts de la d\u00e9pense de d\u00e9fense"],"inLanguage":"en-GB","potentialAction":[{"@type":"CommentAction","name":"Comment","target":["https:\/\/ecodef-ihedn.fr\/quand-larmee-sen-va-nouvel-article-de-josselin-droff-et-julien-malizard-dans-the-conversation\/#respond"]}]},{"@type":"WebPage","@id":"https:\/\/ecodef-ihedn.fr\/quand-larmee-sen-va-nouvel-article-de-josselin-droff-et-julien-malizard-dans-the-conversation\/","url":"https:\/\/ecodef-ihedn.fr\/quand-larmee-sen-va-nouvel-article-de-josselin-droff-et-julien-malizard-dans-the-conversation\/","name":"Quand l'arm\u00e9e s'en va! Nouvel article de Josselin Droff et Julien Malizard dans The Conversation - Chaire \u00c9conomie de d\u00e9fense - IHEDN","isPartOf":{"@id":"https:\/\/ecodef-ihedn.fr\/#website"},"primaryImageOfPage":{"@id":"https:\/\/ecodef-ihedn.fr\/quand-larmee-sen-va-nouvel-article-de-josselin-droff-et-julien-malizard-dans-the-conversation\/#primaryimage"},"image":{"@id":"https:\/\/ecodef-ihedn.fr\/quand-larmee-sen-va-nouvel-article-de-josselin-droff-et-julien-malizard-dans-the-conversation\/#primaryimage"},"thumbnailUrl":"https:\/\/ecodef-ihedn.fr\/wp-content\/uploads\/2020\/04\/theconversation_615x131.jpg","datePublished":"2019-04-05T00:00:00+00:00","dateModified":"2020-04-09T12:59:48+00:00","breadcrumb":{"@id":"https:\/\/ecodef-ihedn.fr\/quand-larmee-sen-va-nouvel-article-de-josselin-droff-et-julien-malizard-dans-the-conversation\/#breadcrumb"},"inLanguage":"en-GB","potentialAction":[{"@type":"ReadAction","target":["https:\/\/ecodef-ihedn.fr\/quand-larmee-sen-va-nouvel-article-de-josselin-droff-et-julien-malizard-dans-the-conversation\/"]}]},{"@type":"ImageObject","inLanguage":"en-GB","@id":"https:\/\/ecodef-ihedn.fr\/quand-larmee-sen-va-nouvel-article-de-josselin-droff-et-julien-malizard-dans-the-conversation\/#primaryimage","url":"https:\/\/ecodef-ihedn.fr\/wp-content\/uploads\/2020\/04\/theconversation_615x131.jpg","contentUrl":"https:\/\/ecodef-ihedn.fr\/wp-content\/uploads\/2020\/04\/theconversation_615x131.jpg","width":615,"height":131},{"@type":"BreadcrumbList","@id":"https:\/\/ecodef-ihedn.fr\/quand-larmee-sen-va-nouvel-article-de-josselin-droff-et-julien-malizard-dans-the-conversation\/#breadcrumb","itemListElement":[{"@type":"ListItem","position":1,"name":"Accueil","item":"https:\/\/ecodef-ihedn.fr\/"},{"@type":"ListItem","position":2,"name":"Quand l&#8217;arm\u00e9e s&#8217;en va! Nouvel article de Josselin Droff et Julien Malizard dans The Conversation"}]},{"@type":"WebSite","@id":"https:\/\/ecodef-ihedn.fr\/#website","url":"https:\/\/ecodef-ihedn.fr\/","name":"Chair in Defence Economics - IHEDN","description":"Produce &amp; support, federate &amp; disseminate, act as an interface","publisher":{"@id":"https:\/\/ecodef-ihedn.fr\/#organization"},"potentialAction":[{"@type":"SearchAction","target":{"@type":"EntryPoint","urlTemplate":"https:\/\/ecodef-ihedn.fr\/?s={search_term_string}"},"query-input":{"@type":"PropertyValueSpecification","valueRequired":true,"valueName":"search_term_string"}}],"inLanguage":"en-GB"},{"@type":"Organization","@id":"https:\/\/ecodef-ihedn.fr\/#organization","name":"Chair in Defence Economics - IHEDN","url":"https:\/\/ecodef-ihedn.fr\/","logo":{"@type":"ImageObject","inLanguage":"en-GB","@id":"https:\/\/ecodef-ihedn.fr\/#\/schema\/logo\/image\/","url":"https:\/\/ecodef-ihedn.fr\/wp-content\/uploads\/2020\/04\/logoEcodef9.jpg","contentUrl":"https:\/\/ecodef-ihedn.fr\/wp-content\/uploads\/2020\/04\/logoEcodef9.jpg","width":410,"height":212,"caption":"Chaire \u00c9conomie de d\u00e9fense - IHEDN"},"image":{"@id":"https:\/\/ecodef-ihedn.fr\/#\/schema\/logo\/image\/"},"sameAs":["https:\/\/x.com\/Chaire_Ecodef","https:\/\/www.linkedin.com\/company\/chaire-ecodef-ihedn\/"]},{"@type":"Person","@id":"https:\/\/ecodef-ihedn.fr\/#\/schema\/person\/7b3f1a2d8fd336e0be2f9ff63ff0ebbc","name":"dev","image":{"@type":"ImageObject","inLanguage":"en-GB","@id":"https:\/\/secure.gravatar.com\/avatar\/f1ffcac9ca2fa95ad3ec33e9be3ade82f752acb0cabe541e56c5889225afa88a?s=96&d=mm&r=g","url":"https:\/\/secure.gravatar.com\/avatar\/f1ffcac9ca2fa95ad3ec33e9be3ade82f752acb0cabe541e56c5889225afa88a?s=96&d=mm&r=g","contentUrl":"https:\/\/secure.gravatar.com\/avatar\/f1ffcac9ca2fa95ad3ec33e9be3ade82f752acb0cabe541e56c5889225afa88a?s=96&d=mm&r=g","caption":"dev"},"url":"https:\/\/ecodef-ihedn.fr\/en\/author\/dev\/"}]}},"_links":{"self":[{"href":"https:\/\/ecodef-ihedn.fr\/en\/wp-json\/wp\/v2\/posts\/1147","targetHints":{"allow":["GET"]}}],"collection":[{"href":"https:\/\/ecodef-ihedn.fr\/en\/wp-json\/wp\/v2\/posts"}],"about":[{"href":"https:\/\/ecodef-ihedn.fr\/en\/wp-json\/wp\/v2\/types\/post"}],"author":[{"embeddable":true,"href":"https:\/\/ecodef-ihedn.fr\/en\/wp-json\/wp\/v2\/users\/1"}],"replies":[{"embeddable":true,"href":"https:\/\/ecodef-ihedn.fr\/en\/wp-json\/wp\/v2\/comments?post=1147"}],"version-history":[{"count":2,"href":"https:\/\/ecodef-ihedn.fr\/en\/wp-json\/wp\/v2\/posts\/1147\/revisions"}],"predecessor-version":[{"id":1463,"href":"https:\/\/ecodef-ihedn.fr\/en\/wp-json\/wp\/v2\/posts\/1147\/revisions\/1463"}],"wp:featuredmedia":[{"embeddable":true,"href":"https:\/\/ecodef-ihedn.fr\/en\/wp-json\/wp\/v2\/media\/1148"}],"wp:attachment":[{"href":"https:\/\/ecodef-ihedn.fr\/en\/wp-json\/wp\/v2\/media?parent=1147"}],"wp:term":[{"taxonomy":"category","embeddable":true,"href":"https:\/\/ecodef-ihedn.fr\/en\/wp-json\/wp\/v2\/categories?post=1147"},{"taxonomy":"post_tag","embeddable":true,"href":"https:\/\/ecodef-ihedn.fr\/en\/wp-json\/wp\/v2\/tags?post=1147"}],"curies":[{"name":"wp","href":"https:\/\/api.w.org\/{rel}","templated":true}]}}