{"id":1149,"date":"2019-04-08T00:00:00","date_gmt":"2019-04-08T00:00:00","guid":{"rendered":"https:\/\/ecodef-ihedn.fr\/article-dans-les-echos-une-nouvelle-ere-pour-linnovation-dans-la-defense-par-jean-belin-et-christian-de-boissieu\/"},"modified":"2020-04-30T11:01:30","modified_gmt":"2020-04-30T11:01:30","slug":"article-dans-les-echos-une-nouvelle-ere-pour-linnovation-dans-la-defense-par-jean-belin-et-christian-de-boissieu","status":"publish","type":"post","link":"https:\/\/ecodef-ihedn.fr\/en\/article-dans-les-echos-une-nouvelle-ere-pour-linnovation-dans-la-defense-par-jean-belin-et-christian-de-boissieu\/","title":{"rendered":"Article in Les Echos: \u00abA new era for innovation in defence\u00bb by Jean Belin and Christian de Boissieu"},"content":{"rendered":"<p><strong><a rel=\"noreferrer noopener\" aria-label=\"Jean Belin (opens in a new tab)\" href=\"https:\/\/conflictarm.u-bordeaux.fr\/L-equipe\/Porteurs-du-projet\/BELIN-Jean\" target=\"_blank\">Jean Belin<\/a><\/strong>, holder of the <strong>Chair in Defence Economics<\/strong> and <strong>Christian de Boissieu<\/strong>, Chairman of the Chair's Scientific Advisory Board, have published an article in <strong>Les Echos<\/strong> entitled: \u00ab\u00a0<a rel=\"noreferrer noopener\" aria-label=\"A new era in defence innovation (opens in a new tab)\" href=\"https:\/\/www.lesechos.fr\/idees-debats\/cercle\/une-nouvelle-ere-pour-linnovation-dans-la-defense-1007419\" target=\"_blank\">A new era for innovation in defence<\/a>\u00ab\u00a0.  <\/p>\n\n\n\n<p><strong>Florence Parly, Minister for the Armed Forces<\/strong>has reiterated on several occasions that the defence sector is in a state of flux, adapting to the times and its environment. <\/p>\n\n\n\n<p>A <strong>series of reforms<\/strong> has been launched, particularly in research and innovation. The fund<strong> Definvest <\/strong>and the\u2019<strong>Defence Innovation Agency (DIA)<\/strong> have been created. The Ministry and companies <strong>are intensifying their links <\/strong>with universities, the CNRS, SMEs and the <em>start-up<\/em>. Companies are developing\u2019<em>open innovation<\/em> and are opening up more to the civilian sector. <\/p>\n\n\n\n<p>To understand these adaptations and the directions they should take, we need to analyse the<strong> repositioning the defence sector <\/strong>which is taking place within the framework of the <strong>national innovation system<\/strong>.<\/p>\n\n\n\n<div class=\"wp-block-image\"><figure class=\"aligncenter is-resized\"><img loading=\"lazy\" decoding=\"async\" src=\"https:\/\/ecodef-ihedn.fr\/wp-content\/uploads\/2020\/04\/saf2016_0203747-1-1024x682.jpg\" alt=\"\" class=\"wp-image-7037\" width=\"445\" height=\"296\"\/><figcaption>Innovation at the heart of businesses, source: Safran 2016<\/figcaption><\/figure><\/div>\n\n\n\n<p>La <strong>Chair in Defence Economics<\/strong> organised its <strong>annual conference<\/strong> on 20 March 2019 on the theme <strong>Research, Innovation and Defence<\/strong> (<a rel=\"noreferrer noopener\" aria-label=\"click here (opens in a new tab)\" href=\"https:\/\/economie-defense.fr\/retour-sur-la-conference-recherche-innovation-et-defense-de-la-chaire-economie-de-defense\/\" target=\"_blank\">click here<\/a>).<\/p>\n\n\n\n<p>Coming soon<strong> Chair in Defence Economics<\/strong> will be putting a <strong>conference video<\/strong> and will offer a <strong>summary of speech content<\/strong>. <\/p>","protected":false},"excerpt":{"rendered":"<p>Jean Belin, titulaire de la Chaire \u00c9conomie de D\u00e9fense et Christian de Boissieu, pr\u00e9sident du Conseil Scientifique de la Chaire publient une tribune dans Les \u00c9chos intitul\u00e9: \u00ab\u00a0Une nouvelle \u00e8re pour l&rsquo;innovation dans la d\u00e9fense\u00ab\u00a0. Florence Parly, Ministre des Arm\u00e9esl&rsquo;a rappel\u00e9 \u00e0 plusieurs reprises : le domaine de la d\u00e9fense est en effet en plein [&hellip;]<\/p>\n","protected":false},"author":1,"featured_media":1684,"comment_status":"open","ping_status":"open","sticky":false,"template":"","format":"standard","meta":{"footnotes":""},"categories":[358],"tags":[221,285,286,149,60,287,288,289,101],"class_list":{"0":"post-1149","1":"post","2":"type-post","3":"status-publish","4":"format-standard","5":"has-post-thumbnail","7":"category-medias","8":"tag-agence-de-linnovation-de-defense","9":"tag-christian-de-boissieu","10":"tag-definvest","11":"tag-industrie-de-defense","12":"tag-innovation","13":"tag-jean-belin","14":"tag-ministre-des-armees","15":"tag-start-up","16":"tag-systeme-national-dinnovation"},"yoast_head":"<!-- This site is optimized with the Yoast SEO plugin v27.4 - https:\/\/yoast.com\/product\/yoast-seo-wordpress\/ -->\n<title>Article dans Les \u00c9chos : &quot;Une nouvelle \u00e8re pour l&#039;innovation dans la d\u00e9fense&quot; par Jean Belin et Christian de Boissieu - Chaire \u00c9conomie de d\u00e9fense - IHEDN<\/title>\n<meta name=\"robots\" content=\"index, follow, max-snippet:-1, max-image-preview:large, max-video-preview:-1\" \/>\n<link rel=\"canonical\" href=\"https:\/\/ecodef-ihedn.fr\/en\/article-dans-les-echos-une-nouvelle-ere-pour-linnovation-dans-la-defense-par-jean-belin-et-christian-de-boissieu\/\" \/>\n<meta property=\"og:locale\" content=\"en_GB\" \/>\n<meta property=\"og:type\" content=\"article\" \/>\n<meta property=\"og:title\" content=\"Article dans Les \u00c9chos : &quot;Une nouvelle \u00e8re pour l&#039;innovation dans la d\u00e9fense&quot; par Jean Belin et Christian de Boissieu - Chaire \u00c9conomie de d\u00e9fense - IHEDN\" \/>\n<meta property=\"og:description\" content=\"Jean Belin, titulaire de la Chaire \u00c9conomie de D\u00e9fense et Christian de Boissieu, pr\u00e9sident du Conseil Scientifique de la Chaire publient une tribune dans Les \u00c9chos intitul\u00e9: \u00ab\u00a0Une nouvelle \u00e8re pour l&rsquo;innovation dans la d\u00e9fense\u00ab\u00a0. Florence Parly, Ministre des Arm\u00e9esl&rsquo;a rappel\u00e9 \u00e0 plusieurs reprises : le domaine de la d\u00e9fense est en effet en plein [&hellip;]\" \/>\n<meta property=\"og:url\" content=\"https:\/\/ecodef-ihedn.fr\/en\/article-dans-les-echos-une-nouvelle-ere-pour-linnovation-dans-la-defense-par-jean-belin-et-christian-de-boissieu\/\" \/>\n<meta property=\"og:site_name\" content=\"Chaire \u00c9conomie de d\u00e9fense - IHEDN\" \/>\n<meta property=\"article:published_time\" content=\"2019-04-08T00:00:00+00:00\" \/>\n<meta property=\"article:modified_time\" content=\"2020-04-30T11:01:30+00:00\" \/>\n<meta property=\"og:image\" content=\"https:\/\/ecodef-ihedn.fr\/wp-content\/uploads\/2019\/04\/lesechos-noir-sans-signature.png\" \/>\n\t<meta property=\"og:image:width\" content=\"400\" \/>\n\t<meta property=\"og:image:height\" content=\"150\" \/>\n\t<meta property=\"og:image:type\" content=\"image\/png\" \/>\n<meta name=\"author\" content=\"dev\" \/>\n<meta name=\"twitter:card\" content=\"summary_large_image\" \/>\n<meta name=\"twitter:creator\" content=\"@Chaire_Ecodef\" \/>\n<meta name=\"twitter:site\" content=\"@Chaire_Ecodef\" \/>\n<meta name=\"twitter:label1\" content=\"Written by\" \/>\n\t<meta name=\"twitter:data1\" content=\"dev\" \/>\n\t<meta name=\"twitter:label2\" content=\"Estimated reading time\" \/>\n\t<meta name=\"twitter:data2\" content=\"1 minute\" \/>\n<script type=\"application\/ld+json\" class=\"yoast-schema-graph\">{\"@context\":\"https:\\\/\\\/schema.org\",\"@graph\":[{\"@type\":\"Article\",\"@id\":\"https:\\\/\\\/ecodef-ihedn.fr\\\/article-dans-les-echos-une-nouvelle-ere-pour-linnovation-dans-la-defense-par-jean-belin-et-christian-de-boissieu\\\/#article\",\"isPartOf\":{\"@id\":\"https:\\\/\\\/ecodef-ihedn.fr\\\/article-dans-les-echos-une-nouvelle-ere-pour-linnovation-dans-la-defense-par-jean-belin-et-christian-de-boissieu\\\/\"},\"author\":{\"name\":\"dev\",\"@id\":\"https:\\\/\\\/ecodef-ihedn.fr\\\/#\\\/schema\\\/person\\\/7b3f1a2d8fd336e0be2f9ff63ff0ebbc\"},\"headline\":\"Article dans Les \u00c9chos : \u00ab\u00a0Une nouvelle \u00e8re pour l&rsquo;innovation dans la d\u00e9fense\u00a0\u00bb par Jean Belin et Christian de Boissieu\",\"datePublished\":\"2019-04-08T00:00:00+00:00\",\"dateModified\":\"2020-04-30T11:01:30+00:00\",\"mainEntityOfPage\":{\"@id\":\"https:\\\/\\\/ecodef-ihedn.fr\\\/article-dans-les-echos-une-nouvelle-ere-pour-linnovation-dans-la-defense-par-jean-belin-et-christian-de-boissieu\\\/\"},\"wordCount\":259,\"commentCount\":0,\"publisher\":{\"@id\":\"https:\\\/\\\/ecodef-ihedn.fr\\\/#organization\"},\"image\":{\"@id\":\"https:\\\/\\\/ecodef-ihedn.fr\\\/article-dans-les-echos-une-nouvelle-ere-pour-linnovation-dans-la-defense-par-jean-belin-et-christian-de-boissieu\\\/#primaryimage\"},\"thumbnailUrl\":\"https:\\\/\\\/ecodef-ihedn.fr\\\/wp-content\\\/uploads\\\/2019\\\/04\\\/lesechos-noir-sans-signature.png\",\"keywords\":[\"Agence de l'Innovation de d\u00e9fense\",\"Christian de Boissieu\",\"Definvest\",\"industrie de d\u00e9fense\",\"innovation\",\"Jean Belin\",\"Ministre des Arm\u00e9es\",\"Start-up\",\"Syst\u00e8me National d'Innovation\"],\"articleSection\":[\"M\u00e9dias\"],\"inLanguage\":\"en-GB\",\"potentialAction\":[{\"@type\":\"CommentAction\",\"name\":\"Comment\",\"target\":[\"https:\\\/\\\/ecodef-ihedn.fr\\\/article-dans-les-echos-une-nouvelle-ere-pour-linnovation-dans-la-defense-par-jean-belin-et-christian-de-boissieu\\\/#respond\"]}]},{\"@type\":\"WebPage\",\"@id\":\"https:\\\/\\\/ecodef-ihedn.fr\\\/article-dans-les-echos-une-nouvelle-ere-pour-linnovation-dans-la-defense-par-jean-belin-et-christian-de-boissieu\\\/\",\"url\":\"https:\\\/\\\/ecodef-ihedn.fr\\\/article-dans-les-echos-une-nouvelle-ere-pour-linnovation-dans-la-defense-par-jean-belin-et-christian-de-boissieu\\\/\",\"name\":\"Article dans Les \u00c9chos : \\\"Une nouvelle \u00e8re pour l'innovation dans la d\u00e9fense\\\" par Jean Belin et Christian de Boissieu - Chaire \u00c9conomie de d\u00e9fense - IHEDN\",\"isPartOf\":{\"@id\":\"https:\\\/\\\/ecodef-ihedn.fr\\\/#website\"},\"primaryImageOfPage\":{\"@id\":\"https:\\\/\\\/ecodef-ihedn.fr\\\/article-dans-les-echos-une-nouvelle-ere-pour-linnovation-dans-la-defense-par-jean-belin-et-christian-de-boissieu\\\/#primaryimage\"},\"image\":{\"@id\":\"https:\\\/\\\/ecodef-ihedn.fr\\\/article-dans-les-echos-une-nouvelle-ere-pour-linnovation-dans-la-defense-par-jean-belin-et-christian-de-boissieu\\\/#primaryimage\"},\"thumbnailUrl\":\"https:\\\/\\\/ecodef-ihedn.fr\\\/wp-content\\\/uploads\\\/2019\\\/04\\\/lesechos-noir-sans-signature.png\",\"datePublished\":\"2019-04-08T00:00:00+00:00\",\"dateModified\":\"2020-04-30T11:01:30+00:00\",\"breadcrumb\":{\"@id\":\"https:\\\/\\\/ecodef-ihedn.fr\\\/article-dans-les-echos-une-nouvelle-ere-pour-linnovation-dans-la-defense-par-jean-belin-et-christian-de-boissieu\\\/#breadcrumb\"},\"inLanguage\":\"en-GB\",\"potentialAction\":[{\"@type\":\"ReadAction\",\"target\":[\"https:\\\/\\\/ecodef-ihedn.fr\\\/article-dans-les-echos-une-nouvelle-ere-pour-linnovation-dans-la-defense-par-jean-belin-et-christian-de-boissieu\\\/\"]}]},{\"@type\":\"ImageObject\",\"inLanguage\":\"en-GB\",\"@id\":\"https:\\\/\\\/ecodef-ihedn.fr\\\/article-dans-les-echos-une-nouvelle-ere-pour-linnovation-dans-la-defense-par-jean-belin-et-christian-de-boissieu\\\/#primaryimage\",\"url\":\"https:\\\/\\\/ecodef-ihedn.fr\\\/wp-content\\\/uploads\\\/2019\\\/04\\\/lesechos-noir-sans-signature.png\",\"contentUrl\":\"https:\\\/\\\/ecodef-ihedn.fr\\\/wp-content\\\/uploads\\\/2019\\\/04\\\/lesechos-noir-sans-signature.png\",\"width\":400,\"height\":150},{\"@type\":\"BreadcrumbList\",\"@id\":\"https:\\\/\\\/ecodef-ihedn.fr\\\/article-dans-les-echos-une-nouvelle-ere-pour-linnovation-dans-la-defense-par-jean-belin-et-christian-de-boissieu\\\/#breadcrumb\",\"itemListElement\":[{\"@type\":\"ListItem\",\"position\":1,\"name\":\"Accueil\",\"item\":\"https:\\\/\\\/ecodef-ihedn.fr\\\/\"},{\"@type\":\"ListItem\",\"position\":2,\"name\":\"Article dans Les \u00c9chos : &#8220;Une nouvelle \u00e8re pour l&#8217;innovation dans la d\u00e9fense&#8221; par Jean Belin et Christian de Boissieu\"}]},{\"@type\":\"WebSite\",\"@id\":\"https:\\\/\\\/ecodef-ihedn.fr\\\/#website\",\"url\":\"https:\\\/\\\/ecodef-ihedn.fr\\\/\",\"name\":\"Chaire \u00c9conomie de D\u00e9fense - IHEDN\",\"description\":\"Produire &amp; soutenir, f\u00e9d\u00e9rer &amp; diffuser, \u00eatre une interface\",\"publisher\":{\"@id\":\"https:\\\/\\\/ecodef-ihedn.fr\\\/#organization\"},\"potentialAction\":[{\"@type\":\"SearchAction\",\"target\":{\"@type\":\"EntryPoint\",\"urlTemplate\":\"https:\\\/\\\/ecodef-ihedn.fr\\\/?s={search_term_string}\"},\"query-input\":{\"@type\":\"PropertyValueSpecification\",\"valueRequired\":true,\"valueName\":\"search_term_string\"}}],\"inLanguage\":\"en-GB\"},{\"@type\":\"Organization\",\"@id\":\"https:\\\/\\\/ecodef-ihedn.fr\\\/#organization\",\"name\":\"Chaire \u00c9conomie de d\u00e9fense - IHEDN\",\"url\":\"https:\\\/\\\/ecodef-ihedn.fr\\\/\",\"logo\":{\"@type\":\"ImageObject\",\"inLanguage\":\"en-GB\",\"@id\":\"https:\\\/\\\/ecodef-ihedn.fr\\\/#\\\/schema\\\/logo\\\/image\\\/\",\"url\":\"https:\\\/\\\/ecodef-ihedn.fr\\\/wp-content\\\/uploads\\\/2020\\\/04\\\/logoEcodef9.jpg\",\"contentUrl\":\"https:\\\/\\\/ecodef-ihedn.fr\\\/wp-content\\\/uploads\\\/2020\\\/04\\\/logoEcodef9.jpg\",\"width\":410,\"height\":212,\"caption\":\"Chaire \u00c9conomie de d\u00e9fense - IHEDN\"},\"image\":{\"@id\":\"https:\\\/\\\/ecodef-ihedn.fr\\\/#\\\/schema\\\/logo\\\/image\\\/\"},\"sameAs\":[\"https:\\\/\\\/x.com\\\/Chaire_Ecodef\",\"https:\\\/\\\/www.linkedin.com\\\/company\\\/chaire-ecodef-ihedn\\\/\"]},{\"@type\":\"Person\",\"@id\":\"https:\\\/\\\/ecodef-ihedn.fr\\\/#\\\/schema\\\/person\\\/7b3f1a2d8fd336e0be2f9ff63ff0ebbc\",\"name\":\"dev\",\"image\":{\"@type\":\"ImageObject\",\"inLanguage\":\"en-GB\",\"@id\":\"https:\\\/\\\/secure.gravatar.com\\\/avatar\\\/f1ffcac9ca2fa95ad3ec33e9be3ade82f752acb0cabe541e56c5889225afa88a?s=96&d=mm&r=g\",\"url\":\"https:\\\/\\\/secure.gravatar.com\\\/avatar\\\/f1ffcac9ca2fa95ad3ec33e9be3ade82f752acb0cabe541e56c5889225afa88a?s=96&d=mm&r=g\",\"contentUrl\":\"https:\\\/\\\/secure.gravatar.com\\\/avatar\\\/f1ffcac9ca2fa95ad3ec33e9be3ade82f752acb0cabe541e56c5889225afa88a?s=96&d=mm&r=g\",\"caption\":\"dev\"},\"url\":\"https:\\\/\\\/ecodef-ihedn.fr\\\/en\\\/author\\\/dev\\\/\"}]}<\/script>\n<!-- \/ Yoast SEO plugin. -->","yoast_head_json":{"title":"Article dans Les \u00c9chos : \"Une nouvelle \u00e8re pour l'innovation dans la d\u00e9fense\" par Jean Belin et Christian de Boissieu - Chaire \u00c9conomie de d\u00e9fense - IHEDN","robots":{"index":"index","follow":"follow","max-snippet":"max-snippet:-1","max-image-preview":"max-image-preview:large","max-video-preview":"max-video-preview:-1"},"canonical":"https:\/\/ecodef-ihedn.fr\/en\/article-dans-les-echos-une-nouvelle-ere-pour-linnovation-dans-la-defense-par-jean-belin-et-christian-de-boissieu\/","og_locale":"en_GB","og_type":"article","og_title":"Article dans Les \u00c9chos : \"Une nouvelle \u00e8re pour l'innovation dans la d\u00e9fense\" par Jean Belin et Christian de Boissieu - Chaire \u00c9conomie de d\u00e9fense - IHEDN","og_description":"Jean Belin, titulaire de la Chaire \u00c9conomie de D\u00e9fense et Christian de Boissieu, pr\u00e9sident du Conseil Scientifique de la Chaire publient une tribune dans Les \u00c9chos intitul\u00e9: \u00ab\u00a0Une nouvelle \u00e8re pour l&rsquo;innovation dans la d\u00e9fense\u00ab\u00a0. Florence Parly, Ministre des Arm\u00e9esl&rsquo;a rappel\u00e9 \u00e0 plusieurs reprises : le domaine de la d\u00e9fense est en effet en plein [&hellip;]","og_url":"https:\/\/ecodef-ihedn.fr\/en\/article-dans-les-echos-une-nouvelle-ere-pour-linnovation-dans-la-defense-par-jean-belin-et-christian-de-boissieu\/","og_site_name":"Chaire \u00c9conomie de d\u00e9fense - IHEDN","article_published_time":"2019-04-08T00:00:00+00:00","article_modified_time":"2020-04-30T11:01:30+00:00","og_image":[{"width":400,"height":150,"url":"https:\/\/ecodef-ihedn.fr\/wp-content\/uploads\/2019\/04\/lesechos-noir-sans-signature.png","type":"image\/png"}],"author":"dev","twitter_card":"summary_large_image","twitter_creator":"@Chaire_Ecodef","twitter_site":"@Chaire_Ecodef","twitter_misc":{"Written by":"dev","Estimated reading time":"1 minute"},"schema":{"@context":"https:\/\/schema.org","@graph":[{"@type":"Article","@id":"https:\/\/ecodef-ihedn.fr\/article-dans-les-echos-une-nouvelle-ere-pour-linnovation-dans-la-defense-par-jean-belin-et-christian-de-boissieu\/#article","isPartOf":{"@id":"https:\/\/ecodef-ihedn.fr\/article-dans-les-echos-une-nouvelle-ere-pour-linnovation-dans-la-defense-par-jean-belin-et-christian-de-boissieu\/"},"author":{"name":"dev","@id":"https:\/\/ecodef-ihedn.fr\/#\/schema\/person\/7b3f1a2d8fd336e0be2f9ff63ff0ebbc"},"headline":"Article dans Les \u00c9chos : \u00ab\u00a0Une nouvelle \u00e8re pour l&rsquo;innovation dans la d\u00e9fense\u00a0\u00bb par Jean Belin et Christian de Boissieu","datePublished":"2019-04-08T00:00:00+00:00","dateModified":"2020-04-30T11:01:30+00:00","mainEntityOfPage":{"@id":"https:\/\/ecodef-ihedn.fr\/article-dans-les-echos-une-nouvelle-ere-pour-linnovation-dans-la-defense-par-jean-belin-et-christian-de-boissieu\/"},"wordCount":259,"commentCount":0,"publisher":{"@id":"https:\/\/ecodef-ihedn.fr\/#organization"},"image":{"@id":"https:\/\/ecodef-ihedn.fr\/article-dans-les-echos-une-nouvelle-ere-pour-linnovation-dans-la-defense-par-jean-belin-et-christian-de-boissieu\/#primaryimage"},"thumbnailUrl":"https:\/\/ecodef-ihedn.fr\/wp-content\/uploads\/2019\/04\/lesechos-noir-sans-signature.png","keywords":["Agence de l'Innovation de d\u00e9fense","Christian de Boissieu","Definvest","industrie de d\u00e9fense","innovation","Jean Belin","Ministre des Arm\u00e9es","Start-up","Syst\u00e8me National d'Innovation"],"articleSection":["M\u00e9dias"],"inLanguage":"en-GB","potentialAction":[{"@type":"CommentAction","name":"Comment","target":["https:\/\/ecodef-ihedn.fr\/article-dans-les-echos-une-nouvelle-ere-pour-linnovation-dans-la-defense-par-jean-belin-et-christian-de-boissieu\/#respond"]}]},{"@type":"WebPage","@id":"https:\/\/ecodef-ihedn.fr\/article-dans-les-echos-une-nouvelle-ere-pour-linnovation-dans-la-defense-par-jean-belin-et-christian-de-boissieu\/","url":"https:\/\/ecodef-ihedn.fr\/article-dans-les-echos-une-nouvelle-ere-pour-linnovation-dans-la-defense-par-jean-belin-et-christian-de-boissieu\/","name":"Article dans Les \u00c9chos : \"Une nouvelle \u00e8re pour l'innovation dans la d\u00e9fense\" par Jean Belin et Christian de Boissieu - Chaire \u00c9conomie de d\u00e9fense - IHEDN","isPartOf":{"@id":"https:\/\/ecodef-ihedn.fr\/#website"},"primaryImageOfPage":{"@id":"https:\/\/ecodef-ihedn.fr\/article-dans-les-echos-une-nouvelle-ere-pour-linnovation-dans-la-defense-par-jean-belin-et-christian-de-boissieu\/#primaryimage"},"image":{"@id":"https:\/\/ecodef-ihedn.fr\/article-dans-les-echos-une-nouvelle-ere-pour-linnovation-dans-la-defense-par-jean-belin-et-christian-de-boissieu\/#primaryimage"},"thumbnailUrl":"https:\/\/ecodef-ihedn.fr\/wp-content\/uploads\/2019\/04\/lesechos-noir-sans-signature.png","datePublished":"2019-04-08T00:00:00+00:00","dateModified":"2020-04-30T11:01:30+00:00","breadcrumb":{"@id":"https:\/\/ecodef-ihedn.fr\/article-dans-les-echos-une-nouvelle-ere-pour-linnovation-dans-la-defense-par-jean-belin-et-christian-de-boissieu\/#breadcrumb"},"inLanguage":"en-GB","potentialAction":[{"@type":"ReadAction","target":["https:\/\/ecodef-ihedn.fr\/article-dans-les-echos-une-nouvelle-ere-pour-linnovation-dans-la-defense-par-jean-belin-et-christian-de-boissieu\/"]}]},{"@type":"ImageObject","inLanguage":"en-GB","@id":"https:\/\/ecodef-ihedn.fr\/article-dans-les-echos-une-nouvelle-ere-pour-linnovation-dans-la-defense-par-jean-belin-et-christian-de-boissieu\/#primaryimage","url":"https:\/\/ecodef-ihedn.fr\/wp-content\/uploads\/2019\/04\/lesechos-noir-sans-signature.png","contentUrl":"https:\/\/ecodef-ihedn.fr\/wp-content\/uploads\/2019\/04\/lesechos-noir-sans-signature.png","width":400,"height":150},{"@type":"BreadcrumbList","@id":"https:\/\/ecodef-ihedn.fr\/article-dans-les-echos-une-nouvelle-ere-pour-linnovation-dans-la-defense-par-jean-belin-et-christian-de-boissieu\/#breadcrumb","itemListElement":[{"@type":"ListItem","position":1,"name":"Accueil","item":"https:\/\/ecodef-ihedn.fr\/"},{"@type":"ListItem","position":2,"name":"Article dans Les \u00c9chos : &#8220;Une nouvelle \u00e8re pour l&#8217;innovation dans la d\u00e9fense&#8221; par Jean Belin et Christian de Boissieu"}]},{"@type":"WebSite","@id":"https:\/\/ecodef-ihedn.fr\/#website","url":"https:\/\/ecodef-ihedn.fr\/","name":"Chair in Defence Economics - IHEDN","description":"Produce &amp; support, federate &amp; disseminate, act as an interface","publisher":{"@id":"https:\/\/ecodef-ihedn.fr\/#organization"},"potentialAction":[{"@type":"SearchAction","target":{"@type":"EntryPoint","urlTemplate":"https:\/\/ecodef-ihedn.fr\/?s={search_term_string}"},"query-input":{"@type":"PropertyValueSpecification","valueRequired":true,"valueName":"search_term_string"}}],"inLanguage":"en-GB"},{"@type":"Organization","@id":"https:\/\/ecodef-ihedn.fr\/#organization","name":"Chair in Defence Economics - IHEDN","url":"https:\/\/ecodef-ihedn.fr\/","logo":{"@type":"ImageObject","inLanguage":"en-GB","@id":"https:\/\/ecodef-ihedn.fr\/#\/schema\/logo\/image\/","url":"https:\/\/ecodef-ihedn.fr\/wp-content\/uploads\/2020\/04\/logoEcodef9.jpg","contentUrl":"https:\/\/ecodef-ihedn.fr\/wp-content\/uploads\/2020\/04\/logoEcodef9.jpg","width":410,"height":212,"caption":"Chaire \u00c9conomie de d\u00e9fense - IHEDN"},"image":{"@id":"https:\/\/ecodef-ihedn.fr\/#\/schema\/logo\/image\/"},"sameAs":["https:\/\/x.com\/Chaire_Ecodef","https:\/\/www.linkedin.com\/company\/chaire-ecodef-ihedn\/"]},{"@type":"Person","@id":"https:\/\/ecodef-ihedn.fr\/#\/schema\/person\/7b3f1a2d8fd336e0be2f9ff63ff0ebbc","name":"dev","image":{"@type":"ImageObject","inLanguage":"en-GB","@id":"https:\/\/secure.gravatar.com\/avatar\/f1ffcac9ca2fa95ad3ec33e9be3ade82f752acb0cabe541e56c5889225afa88a?s=96&d=mm&r=g","url":"https:\/\/secure.gravatar.com\/avatar\/f1ffcac9ca2fa95ad3ec33e9be3ade82f752acb0cabe541e56c5889225afa88a?s=96&d=mm&r=g","contentUrl":"https:\/\/secure.gravatar.com\/avatar\/f1ffcac9ca2fa95ad3ec33e9be3ade82f752acb0cabe541e56c5889225afa88a?s=96&d=mm&r=g","caption":"dev"},"url":"https:\/\/ecodef-ihedn.fr\/en\/author\/dev\/"}]}},"_links":{"self":[{"href":"https:\/\/ecodef-ihedn.fr\/en\/wp-json\/wp\/v2\/posts\/1149","targetHints":{"allow":["GET"]}}],"collection":[{"href":"https:\/\/ecodef-ihedn.fr\/en\/wp-json\/wp\/v2\/posts"}],"about":[{"href":"https:\/\/ecodef-ihedn.fr\/en\/wp-json\/wp\/v2\/types\/post"}],"author":[{"embeddable":true,"href":"https:\/\/ecodef-ihedn.fr\/en\/wp-json\/wp\/v2\/users\/1"}],"replies":[{"embeddable":true,"href":"https:\/\/ecodef-ihedn.fr\/en\/wp-json\/wp\/v2\/comments?post=1149"}],"version-history":[{"count":4,"href":"https:\/\/ecodef-ihedn.fr\/en\/wp-json\/wp\/v2\/posts\/1149\/revisions"}],"predecessor-version":[{"id":1686,"href":"https:\/\/ecodef-ihedn.fr\/en\/wp-json\/wp\/v2\/posts\/1149\/revisions\/1686"}],"wp:featuredmedia":[{"embeddable":true,"href":"https:\/\/ecodef-ihedn.fr\/en\/wp-json\/wp\/v2\/media\/1684"}],"wp:attachment":[{"href":"https:\/\/ecodef-ihedn.fr\/en\/wp-json\/wp\/v2\/media?parent=1149"}],"wp:term":[{"taxonomy":"category","embeddable":true,"href":"https:\/\/ecodef-ihedn.fr\/en\/wp-json\/wp\/v2\/categories?post=1149"},{"taxonomy":"post_tag","embeddable":true,"href":"https:\/\/ecodef-ihedn.fr\/en\/wp-json\/wp\/v2\/tags?post=1149"}],"curies":[{"name":"wp","href":"https:\/\/api.w.org\/{rel}","templated":true}]}}