{"id":1154,"date":"2019-05-09T00:00:00","date_gmt":"2019-05-09T00:00:00","guid":{"rendered":"https:\/\/ecodef-ihedn.fr\/journee-detude-economie-securite-et-politique-23-mai-2019-ecole-militaire\/"},"modified":"2020-05-29T07:12:17","modified_gmt":"2020-05-29T07:12:17","slug":"journee-detude-economie-securite-et-politique-23-mai-2019-ecole-militaire","status":"publish","type":"post","link":"https:\/\/ecodef-ihedn.fr\/en\/journee-detude-economie-securite-et-politique-23-mai-2019-ecole-militaire\/","title":{"rendered":"Economics, Security and Politics\u00ab study day, 23 May 2019, \u00c9cole Militaire"},"content":{"rendered":"<p>La <strong>Chair of Defence Economics - IHEDN<\/strong> and the\u2019<strong>Strategic Research Institute of the \u00c9cole Militaire<\/strong> (IRSEM) are organising a study day on the theme of <strong>\u00abEconomy, Security and Politics\u00bb<\/strong>. <br>Throughout the day, the <strong>links between democracy, its construction, public opinion and military action or conflict<\/strong> will be explored. <br>We will focus mainly on the relationship between <strong>citizenship and military actions<\/strong>. The term \u00abcitizenship\u00bb here encompasses elements linked to public opinion and the rise of nationalism or populism in modern societies. <br>Contributions on how the\u2019<strong>public opinion<\/strong> (via twitter for example) shapes military interventions, defence or international policy (e.g. defence spending, arms trade) will be addressed. In addition, the <strong>the role of conflict<\/strong> - wars, military interventions, civil conflicts - on the <strong>popularity of the government or the army<\/strong> will also be explored.<\/p>\n\n\n\n<p><strong>Registration required<\/strong> subject to availability. to register <strong><a href=\"https:\/\/webquest.fr\/?m=66460_inscriptionsregistration---economics-security-and-politics---23052019\" target=\"_blank\" rel=\"noreferrer noopener\" aria-label=\" (opens in a new tab)\">click here<\/a><\/strong>.<\/p>\n\n\n\n<p>To download the <strong>programme of this study day<\/strong>,<strong> <a rel=\"noreferrer noopener\" aria-label=\"click here (opens in a new tab)\" href=\"https:\/\/economie-defense.fr\/wp-content\/uploads\/2019\/04\/workshop-vf.pdf\" target=\"_blank\">click here<\/a>.<\/strong><\/p>\n\n\n\n<div class=\"wp-block-image\"><figure class=\"aligncenter is-resized\"><img loading=\"lazy\" decoding=\"async\" src=\"https:\/\/ecodef-ihedn.fr\/wp-content\/uploads\/2020\/02\/LogEcoDeDef-nouveau-e1456222696523.png\" alt=\"\" class=\"wp-image-7053\" width=\"148\" height=\"175\"\/><\/figure><\/div>\n\n\n\n<div class=\"wp-block-image\"><figure class=\"aligncenter\"><img decoding=\"async\" src=\"https:\/\/ecodef-ihedn.fr\/wp-content\/uploads\/2020\/04\/irsem.png\" alt=\"\" class=\"wp-image-7054\"\/><\/figure><\/div>","protected":false},"excerpt":{"rendered":"<p>La Chaire d\u2019\u00c9conomie de D\u00e9fense &#8211; IHEDN et l&rsquo;Institut de Recherche Strat\u00e9gique de l\u2019\u00c9cole Militaire (IRSEM) organisent une journ\u00e9e d\u2019\u00e9tude sur le th\u00e8me \u00ab \u00c9conomie, S\u00e9curit\u00e9 et Politique\u00bb. Tout au long de cette journ\u00e9e, les liens entre la d\u00e9mocratie, sa construction, les opinions publiques et les actions ou conflits militaires seront explor\u00e9s. Nous nous concentrerons [&hellip;]<\/p>\n","protected":false},"author":1,"featured_media":595,"comment_status":"open","ping_status":"open","sticky":false,"template":"","format":"standard","meta":{"footnotes":""},"categories":[355],"tags":[301,36,302,103,303,117],"class_list":{"0":"post-1154","1":"post","2":"type-post","3":"status-publish","4":"format-standard","5":"has-post-thumbnail","7":"category-activites-evenements-portes-par-la-chaire","8":"tag-conflits-militaires","9":"tag-defense","10":"tag-democratie","11":"tag-ecole-militaire","12":"tag-opinion-publique","13":"tag-workshop"},"yoast_head":"<!-- This site is optimized with the Yoast SEO plugin v27.4 - https:\/\/yoast.com\/product\/yoast-seo-wordpress\/ -->\n<title>Journ\u00e9e d&#039;\u00e9tude \u00ab \u00c9conomie, S\u00e9curit\u00e9 et Politique\u00bb, 23 mai 2019, \u00c9cole Militaire - Chaire \u00c9conomie de d\u00e9fense - IHEDN<\/title>\n<meta name=\"robots\" content=\"index, follow, max-snippet:-1, max-image-preview:large, max-video-preview:-1\" \/>\n<link rel=\"canonical\" href=\"https:\/\/ecodef-ihedn.fr\/en\/journee-detude-economie-securite-et-politique-23-mai-2019-ecole-militaire\/\" \/>\n<meta property=\"og:locale\" content=\"en_GB\" \/>\n<meta property=\"og:type\" content=\"article\" \/>\n<meta property=\"og:title\" content=\"Journ\u00e9e d&#039;\u00e9tude \u00ab \u00c9conomie, S\u00e9curit\u00e9 et Politique\u00bb, 23 mai 2019, \u00c9cole Militaire - Chaire \u00c9conomie de d\u00e9fense - IHEDN\" \/>\n<meta property=\"og:description\" content=\"La Chaire d\u2019\u00c9conomie de D\u00e9fense &#8211; IHEDN et l&rsquo;Institut de Recherche Strat\u00e9gique de l\u2019\u00c9cole Militaire (IRSEM) organisent une journ\u00e9e d\u2019\u00e9tude sur le th\u00e8me \u00ab \u00c9conomie, S\u00e9curit\u00e9 et Politique\u00bb. Tout au long de cette journ\u00e9e, les liens entre la d\u00e9mocratie, sa construction, les opinions publiques et les actions ou conflits militaires seront explor\u00e9s. Nous nous concentrerons [&hellip;]\" \/>\n<meta property=\"og:url\" content=\"https:\/\/ecodef-ihedn.fr\/en\/journee-detude-economie-securite-et-politique-23-mai-2019-ecole-militaire\/\" \/>\n<meta property=\"og:site_name\" content=\"Chaire \u00c9conomie de d\u00e9fense - IHEDN\" \/>\n<meta property=\"article:published_time\" content=\"2019-05-09T00:00:00+00:00\" \/>\n<meta property=\"article:modified_time\" content=\"2020-05-29T07:12:17+00:00\" \/>\n<meta property=\"og:image\" content=\"https:\/\/ecodef-ihedn.fr\/wp-content\/uploads\/2020\/02\/LogEcoDeDef-nouveau-e1456222696523.png\" \/>\n\t<meta property=\"og:image:width\" content=\"200\" \/>\n\t<meta property=\"og:image:height\" content=\"237\" \/>\n\t<meta property=\"og:image:type\" content=\"image\/png\" \/>\n<meta name=\"author\" content=\"dev\" \/>\n<meta name=\"twitter:card\" content=\"summary_large_image\" \/>\n<meta name=\"twitter:creator\" content=\"@Chaire_Ecodef\" \/>\n<meta name=\"twitter:site\" content=\"@Chaire_Ecodef\" \/>\n<meta name=\"twitter:label1\" content=\"Written by\" \/>\n\t<meta name=\"twitter:data1\" content=\"dev\" \/>\n\t<meta name=\"twitter:label2\" content=\"Estimated reading time\" \/>\n\t<meta name=\"twitter:data2\" content=\"1 minute\" \/>\n<script type=\"application\/ld+json\" class=\"yoast-schema-graph\">{\"@context\":\"https:\\\/\\\/schema.org\",\"@graph\":[{\"@type\":\"Article\",\"@id\":\"https:\\\/\\\/ecodef-ihedn.fr\\\/journee-detude-economie-securite-et-politique-23-mai-2019-ecole-militaire\\\/#article\",\"isPartOf\":{\"@id\":\"https:\\\/\\\/ecodef-ihedn.fr\\\/journee-detude-economie-securite-et-politique-23-mai-2019-ecole-militaire\\\/\"},\"author\":{\"name\":\"dev\",\"@id\":\"https:\\\/\\\/ecodef-ihedn.fr\\\/#\\\/schema\\\/person\\\/7b3f1a2d8fd336e0be2f9ff63ff0ebbc\"},\"headline\":\"Journ\u00e9e d&rsquo;\u00e9tude \u00ab \u00c9conomie, S\u00e9curit\u00e9 et Politique\u00bb, 23 mai 2019, \u00c9cole Militaire\",\"datePublished\":\"2019-05-09T00:00:00+00:00\",\"dateModified\":\"2020-05-29T07:12:17+00:00\",\"mainEntityOfPage\":{\"@id\":\"https:\\\/\\\/ecodef-ihedn.fr\\\/journee-detude-economie-securite-et-politique-23-mai-2019-ecole-militaire\\\/\"},\"wordCount\":215,\"commentCount\":0,\"publisher\":{\"@id\":\"https:\\\/\\\/ecodef-ihedn.fr\\\/#organization\"},\"image\":{\"@id\":\"https:\\\/\\\/ecodef-ihedn.fr\\\/journee-detude-economie-securite-et-politique-23-mai-2019-ecole-militaire\\\/#primaryimage\"},\"thumbnailUrl\":\"https:\\\/\\\/ecodef-ihedn.fr\\\/wp-content\\\/uploads\\\/2020\\\/02\\\/LogEcoDeDef-nouveau-e1456222696523.png\",\"keywords\":[\"conflits militaires\",\"D\u00e9fense\",\"d\u00e9mocratie\",\"Ecole Militaire\",\"opinion publique\",\"workshop\"],\"articleSection\":[\"Activit\u00e9s : \u00e9v\u00e9nements port\u00e9s par la Chaire\"],\"inLanguage\":\"en-GB\",\"potentialAction\":[{\"@type\":\"CommentAction\",\"name\":\"Comment\",\"target\":[\"https:\\\/\\\/ecodef-ihedn.fr\\\/journee-detude-economie-securite-et-politique-23-mai-2019-ecole-militaire\\\/#respond\"]}]},{\"@type\":\"WebPage\",\"@id\":\"https:\\\/\\\/ecodef-ihedn.fr\\\/journee-detude-economie-securite-et-politique-23-mai-2019-ecole-militaire\\\/\",\"url\":\"https:\\\/\\\/ecodef-ihedn.fr\\\/journee-detude-economie-securite-et-politique-23-mai-2019-ecole-militaire\\\/\",\"name\":\"Journ\u00e9e d'\u00e9tude \u00ab \u00c9conomie, S\u00e9curit\u00e9 et Politique\u00bb, 23 mai 2019, \u00c9cole Militaire - Chaire \u00c9conomie de d\u00e9fense - IHEDN\",\"isPartOf\":{\"@id\":\"https:\\\/\\\/ecodef-ihedn.fr\\\/#website\"},\"primaryImageOfPage\":{\"@id\":\"https:\\\/\\\/ecodef-ihedn.fr\\\/journee-detude-economie-securite-et-politique-23-mai-2019-ecole-militaire\\\/#primaryimage\"},\"image\":{\"@id\":\"https:\\\/\\\/ecodef-ihedn.fr\\\/journee-detude-economie-securite-et-politique-23-mai-2019-ecole-militaire\\\/#primaryimage\"},\"thumbnailUrl\":\"https:\\\/\\\/ecodef-ihedn.fr\\\/wp-content\\\/uploads\\\/2020\\\/02\\\/LogEcoDeDef-nouveau-e1456222696523.png\",\"datePublished\":\"2019-05-09T00:00:00+00:00\",\"dateModified\":\"2020-05-29T07:12:17+00:00\",\"breadcrumb\":{\"@id\":\"https:\\\/\\\/ecodef-ihedn.fr\\\/journee-detude-economie-securite-et-politique-23-mai-2019-ecole-militaire\\\/#breadcrumb\"},\"inLanguage\":\"en-GB\",\"potentialAction\":[{\"@type\":\"ReadAction\",\"target\":[\"https:\\\/\\\/ecodef-ihedn.fr\\\/journee-detude-economie-securite-et-politique-23-mai-2019-ecole-militaire\\\/\"]}]},{\"@type\":\"ImageObject\",\"inLanguage\":\"en-GB\",\"@id\":\"https:\\\/\\\/ecodef-ihedn.fr\\\/journee-detude-economie-securite-et-politique-23-mai-2019-ecole-militaire\\\/#primaryimage\",\"url\":\"https:\\\/\\\/ecodef-ihedn.fr\\\/wp-content\\\/uploads\\\/2020\\\/02\\\/LogEcoDeDef-nouveau-e1456222696523.png\",\"contentUrl\":\"https:\\\/\\\/ecodef-ihedn.fr\\\/wp-content\\\/uploads\\\/2020\\\/02\\\/LogEcoDeDef-nouveau-e1456222696523.png\",\"width\":200,\"height\":237},{\"@type\":\"BreadcrumbList\",\"@id\":\"https:\\\/\\\/ecodef-ihedn.fr\\\/journee-detude-economie-securite-et-politique-23-mai-2019-ecole-militaire\\\/#breadcrumb\",\"itemListElement\":[{\"@type\":\"ListItem\",\"position\":1,\"name\":\"Accueil\",\"item\":\"https:\\\/\\\/ecodef-ihedn.fr\\\/\"},{\"@type\":\"ListItem\",\"position\":2,\"name\":\"Journ\u00e9e d&#8217;\u00e9tude \u00ab \u00c9conomie, S\u00e9curit\u00e9 et Politique\u00bb, 23 mai 2019, \u00c9cole Militaire\"}]},{\"@type\":\"WebSite\",\"@id\":\"https:\\\/\\\/ecodef-ihedn.fr\\\/#website\",\"url\":\"https:\\\/\\\/ecodef-ihedn.fr\\\/\",\"name\":\"Chaire \u00c9conomie de D\u00e9fense - IHEDN\",\"description\":\"Produire &amp; soutenir, f\u00e9d\u00e9rer &amp; diffuser, \u00eatre une interface\",\"publisher\":{\"@id\":\"https:\\\/\\\/ecodef-ihedn.fr\\\/#organization\"},\"potentialAction\":[{\"@type\":\"SearchAction\",\"target\":{\"@type\":\"EntryPoint\",\"urlTemplate\":\"https:\\\/\\\/ecodef-ihedn.fr\\\/?s={search_term_string}\"},\"query-input\":{\"@type\":\"PropertyValueSpecification\",\"valueRequired\":true,\"valueName\":\"search_term_string\"}}],\"inLanguage\":\"en-GB\"},{\"@type\":\"Organization\",\"@id\":\"https:\\\/\\\/ecodef-ihedn.fr\\\/#organization\",\"name\":\"Chaire \u00c9conomie de d\u00e9fense - IHEDN\",\"url\":\"https:\\\/\\\/ecodef-ihedn.fr\\\/\",\"logo\":{\"@type\":\"ImageObject\",\"inLanguage\":\"en-GB\",\"@id\":\"https:\\\/\\\/ecodef-ihedn.fr\\\/#\\\/schema\\\/logo\\\/image\\\/\",\"url\":\"https:\\\/\\\/ecodef-ihedn.fr\\\/wp-content\\\/uploads\\\/2020\\\/04\\\/logoEcodef9.jpg\",\"contentUrl\":\"https:\\\/\\\/ecodef-ihedn.fr\\\/wp-content\\\/uploads\\\/2020\\\/04\\\/logoEcodef9.jpg\",\"width\":410,\"height\":212,\"caption\":\"Chaire \u00c9conomie de d\u00e9fense - IHEDN\"},\"image\":{\"@id\":\"https:\\\/\\\/ecodef-ihedn.fr\\\/#\\\/schema\\\/logo\\\/image\\\/\"},\"sameAs\":[\"https:\\\/\\\/x.com\\\/Chaire_Ecodef\",\"https:\\\/\\\/www.linkedin.com\\\/company\\\/chaire-ecodef-ihedn\\\/\"]},{\"@type\":\"Person\",\"@id\":\"https:\\\/\\\/ecodef-ihedn.fr\\\/#\\\/schema\\\/person\\\/7b3f1a2d8fd336e0be2f9ff63ff0ebbc\",\"name\":\"dev\",\"image\":{\"@type\":\"ImageObject\",\"inLanguage\":\"en-GB\",\"@id\":\"https:\\\/\\\/secure.gravatar.com\\\/avatar\\\/f1ffcac9ca2fa95ad3ec33e9be3ade82f752acb0cabe541e56c5889225afa88a?s=96&d=mm&r=g\",\"url\":\"https:\\\/\\\/secure.gravatar.com\\\/avatar\\\/f1ffcac9ca2fa95ad3ec33e9be3ade82f752acb0cabe541e56c5889225afa88a?s=96&d=mm&r=g\",\"contentUrl\":\"https:\\\/\\\/secure.gravatar.com\\\/avatar\\\/f1ffcac9ca2fa95ad3ec33e9be3ade82f752acb0cabe541e56c5889225afa88a?s=96&d=mm&r=g\",\"caption\":\"dev\"},\"url\":\"https:\\\/\\\/ecodef-ihedn.fr\\\/en\\\/author\\\/dev\\\/\"}]}<\/script>\n<!-- \/ Yoast SEO plugin. -->","yoast_head_json":{"title":"Journ\u00e9e d'\u00e9tude \u00ab \u00c9conomie, S\u00e9curit\u00e9 et Politique\u00bb, 23 mai 2019, \u00c9cole Militaire - Chaire \u00c9conomie de d\u00e9fense - IHEDN","robots":{"index":"index","follow":"follow","max-snippet":"max-snippet:-1","max-image-preview":"max-image-preview:large","max-video-preview":"max-video-preview:-1"},"canonical":"https:\/\/ecodef-ihedn.fr\/en\/journee-detude-economie-securite-et-politique-23-mai-2019-ecole-militaire\/","og_locale":"en_GB","og_type":"article","og_title":"Journ\u00e9e d'\u00e9tude \u00ab \u00c9conomie, S\u00e9curit\u00e9 et Politique\u00bb, 23 mai 2019, \u00c9cole Militaire - Chaire \u00c9conomie de d\u00e9fense - IHEDN","og_description":"La Chaire d\u2019\u00c9conomie de D\u00e9fense &#8211; IHEDN et l&rsquo;Institut de Recherche Strat\u00e9gique de l\u2019\u00c9cole Militaire (IRSEM) organisent une journ\u00e9e d\u2019\u00e9tude sur le th\u00e8me \u00ab \u00c9conomie, S\u00e9curit\u00e9 et Politique\u00bb. Tout au long de cette journ\u00e9e, les liens entre la d\u00e9mocratie, sa construction, les opinions publiques et les actions ou conflits militaires seront explor\u00e9s. Nous nous concentrerons [&hellip;]","og_url":"https:\/\/ecodef-ihedn.fr\/en\/journee-detude-economie-securite-et-politique-23-mai-2019-ecole-militaire\/","og_site_name":"Chaire \u00c9conomie de d\u00e9fense - IHEDN","article_published_time":"2019-05-09T00:00:00+00:00","article_modified_time":"2020-05-29T07:12:17+00:00","og_image":[{"width":200,"height":237,"url":"https:\/\/ecodef-ihedn.fr\/wp-content\/uploads\/2020\/02\/LogEcoDeDef-nouveau-e1456222696523.png","type":"image\/png"}],"author":"dev","twitter_card":"summary_large_image","twitter_creator":"@Chaire_Ecodef","twitter_site":"@Chaire_Ecodef","twitter_misc":{"Written by":"dev","Estimated reading time":"1 minute"},"schema":{"@context":"https:\/\/schema.org","@graph":[{"@type":"Article","@id":"https:\/\/ecodef-ihedn.fr\/journee-detude-economie-securite-et-politique-23-mai-2019-ecole-militaire\/#article","isPartOf":{"@id":"https:\/\/ecodef-ihedn.fr\/journee-detude-economie-securite-et-politique-23-mai-2019-ecole-militaire\/"},"author":{"name":"dev","@id":"https:\/\/ecodef-ihedn.fr\/#\/schema\/person\/7b3f1a2d8fd336e0be2f9ff63ff0ebbc"},"headline":"Journ\u00e9e d&rsquo;\u00e9tude \u00ab \u00c9conomie, S\u00e9curit\u00e9 et Politique\u00bb, 23 mai 2019, \u00c9cole Militaire","datePublished":"2019-05-09T00:00:00+00:00","dateModified":"2020-05-29T07:12:17+00:00","mainEntityOfPage":{"@id":"https:\/\/ecodef-ihedn.fr\/journee-detude-economie-securite-et-politique-23-mai-2019-ecole-militaire\/"},"wordCount":215,"commentCount":0,"publisher":{"@id":"https:\/\/ecodef-ihedn.fr\/#organization"},"image":{"@id":"https:\/\/ecodef-ihedn.fr\/journee-detude-economie-securite-et-politique-23-mai-2019-ecole-militaire\/#primaryimage"},"thumbnailUrl":"https:\/\/ecodef-ihedn.fr\/wp-content\/uploads\/2020\/02\/LogEcoDeDef-nouveau-e1456222696523.png","keywords":["conflits militaires","D\u00e9fense","d\u00e9mocratie","Ecole Militaire","opinion publique","workshop"],"articleSection":["Activit\u00e9s : \u00e9v\u00e9nements port\u00e9s par la Chaire"],"inLanguage":"en-GB","potentialAction":[{"@type":"CommentAction","name":"Comment","target":["https:\/\/ecodef-ihedn.fr\/journee-detude-economie-securite-et-politique-23-mai-2019-ecole-militaire\/#respond"]}]},{"@type":"WebPage","@id":"https:\/\/ecodef-ihedn.fr\/journee-detude-economie-securite-et-politique-23-mai-2019-ecole-militaire\/","url":"https:\/\/ecodef-ihedn.fr\/journee-detude-economie-securite-et-politique-23-mai-2019-ecole-militaire\/","name":"Journ\u00e9e d'\u00e9tude \u00ab \u00c9conomie, S\u00e9curit\u00e9 et Politique\u00bb, 23 mai 2019, \u00c9cole Militaire - Chaire \u00c9conomie de d\u00e9fense - IHEDN","isPartOf":{"@id":"https:\/\/ecodef-ihedn.fr\/#website"},"primaryImageOfPage":{"@id":"https:\/\/ecodef-ihedn.fr\/journee-detude-economie-securite-et-politique-23-mai-2019-ecole-militaire\/#primaryimage"},"image":{"@id":"https:\/\/ecodef-ihedn.fr\/journee-detude-economie-securite-et-politique-23-mai-2019-ecole-militaire\/#primaryimage"},"thumbnailUrl":"https:\/\/ecodef-ihedn.fr\/wp-content\/uploads\/2020\/02\/LogEcoDeDef-nouveau-e1456222696523.png","datePublished":"2019-05-09T00:00:00+00:00","dateModified":"2020-05-29T07:12:17+00:00","breadcrumb":{"@id":"https:\/\/ecodef-ihedn.fr\/journee-detude-economie-securite-et-politique-23-mai-2019-ecole-militaire\/#breadcrumb"},"inLanguage":"en-GB","potentialAction":[{"@type":"ReadAction","target":["https:\/\/ecodef-ihedn.fr\/journee-detude-economie-securite-et-politique-23-mai-2019-ecole-militaire\/"]}]},{"@type":"ImageObject","inLanguage":"en-GB","@id":"https:\/\/ecodef-ihedn.fr\/journee-detude-economie-securite-et-politique-23-mai-2019-ecole-militaire\/#primaryimage","url":"https:\/\/ecodef-ihedn.fr\/wp-content\/uploads\/2020\/02\/LogEcoDeDef-nouveau-e1456222696523.png","contentUrl":"https:\/\/ecodef-ihedn.fr\/wp-content\/uploads\/2020\/02\/LogEcoDeDef-nouveau-e1456222696523.png","width":200,"height":237},{"@type":"BreadcrumbList","@id":"https:\/\/ecodef-ihedn.fr\/journee-detude-economie-securite-et-politique-23-mai-2019-ecole-militaire\/#breadcrumb","itemListElement":[{"@type":"ListItem","position":1,"name":"Accueil","item":"https:\/\/ecodef-ihedn.fr\/"},{"@type":"ListItem","position":2,"name":"Journ\u00e9e d&#8217;\u00e9tude \u00ab \u00c9conomie, S\u00e9curit\u00e9 et Politique\u00bb, 23 mai 2019, \u00c9cole Militaire"}]},{"@type":"WebSite","@id":"https:\/\/ecodef-ihedn.fr\/#website","url":"https:\/\/ecodef-ihedn.fr\/","name":"Chair in Defence Economics - IHEDN","description":"Produce &amp; support, federate &amp; disseminate, act as an interface","publisher":{"@id":"https:\/\/ecodef-ihedn.fr\/#organization"},"potentialAction":[{"@type":"SearchAction","target":{"@type":"EntryPoint","urlTemplate":"https:\/\/ecodef-ihedn.fr\/?s={search_term_string}"},"query-input":{"@type":"PropertyValueSpecification","valueRequired":true,"valueName":"search_term_string"}}],"inLanguage":"en-GB"},{"@type":"Organization","@id":"https:\/\/ecodef-ihedn.fr\/#organization","name":"Chair in Defence Economics - IHEDN","url":"https:\/\/ecodef-ihedn.fr\/","logo":{"@type":"ImageObject","inLanguage":"en-GB","@id":"https:\/\/ecodef-ihedn.fr\/#\/schema\/logo\/image\/","url":"https:\/\/ecodef-ihedn.fr\/wp-content\/uploads\/2020\/04\/logoEcodef9.jpg","contentUrl":"https:\/\/ecodef-ihedn.fr\/wp-content\/uploads\/2020\/04\/logoEcodef9.jpg","width":410,"height":212,"caption":"Chaire \u00c9conomie de d\u00e9fense - IHEDN"},"image":{"@id":"https:\/\/ecodef-ihedn.fr\/#\/schema\/logo\/image\/"},"sameAs":["https:\/\/x.com\/Chaire_Ecodef","https:\/\/www.linkedin.com\/company\/chaire-ecodef-ihedn\/"]},{"@type":"Person","@id":"https:\/\/ecodef-ihedn.fr\/#\/schema\/person\/7b3f1a2d8fd336e0be2f9ff63ff0ebbc","name":"dev","image":{"@type":"ImageObject","inLanguage":"en-GB","@id":"https:\/\/secure.gravatar.com\/avatar\/f1ffcac9ca2fa95ad3ec33e9be3ade82f752acb0cabe541e56c5889225afa88a?s=96&d=mm&r=g","url":"https:\/\/secure.gravatar.com\/avatar\/f1ffcac9ca2fa95ad3ec33e9be3ade82f752acb0cabe541e56c5889225afa88a?s=96&d=mm&r=g","contentUrl":"https:\/\/secure.gravatar.com\/avatar\/f1ffcac9ca2fa95ad3ec33e9be3ade82f752acb0cabe541e56c5889225afa88a?s=96&d=mm&r=g","caption":"dev"},"url":"https:\/\/ecodef-ihedn.fr\/en\/author\/dev\/"}]}},"_links":{"self":[{"href":"https:\/\/ecodef-ihedn.fr\/en\/wp-json\/wp\/v2\/posts\/1154","targetHints":{"allow":["GET"]}}],"collection":[{"href":"https:\/\/ecodef-ihedn.fr\/en\/wp-json\/wp\/v2\/posts"}],"about":[{"href":"https:\/\/ecodef-ihedn.fr\/en\/wp-json\/wp\/v2\/types\/post"}],"author":[{"embeddable":true,"href":"https:\/\/ecodef-ihedn.fr\/en\/wp-json\/wp\/v2\/users\/1"}],"replies":[{"embeddable":true,"href":"https:\/\/ecodef-ihedn.fr\/en\/wp-json\/wp\/v2\/comments?post=1154"}],"version-history":[{"count":4,"href":"https:\/\/ecodef-ihedn.fr\/en\/wp-json\/wp\/v2\/posts\/1154\/revisions"}],"predecessor-version":[{"id":1914,"href":"https:\/\/ecodef-ihedn.fr\/en\/wp-json\/wp\/v2\/posts\/1154\/revisions\/1914"}],"wp:featuredmedia":[{"embeddable":true,"href":"https:\/\/ecodef-ihedn.fr\/en\/wp-json\/wp\/v2\/media\/595"}],"wp:attachment":[{"href":"https:\/\/ecodef-ihedn.fr\/en\/wp-json\/wp\/v2\/media?parent=1154"}],"wp:term":[{"taxonomy":"category","embeddable":true,"href":"https:\/\/ecodef-ihedn.fr\/en\/wp-json\/wp\/v2\/categories?post=1154"},{"taxonomy":"post_tag","embeddable":true,"href":"https:\/\/ecodef-ihedn.fr\/en\/wp-json\/wp\/v2\/tags?post=1154"}],"curies":[{"name":"wp","href":"https:\/\/api.w.org\/{rel}","templated":true}]}}