{"id":1157,"date":"2019-06-07T00:00:00","date_gmt":"2019-06-07T00:00:00","guid":{"rendered":"https:\/\/ecodef-ihedn.fr\/intervention-de-josselin-droff-aux-rencontres-defense-et-industries-de-la-frs-6-juin-a-la-maison-de-la-chimie\/"},"modified":"2020-05-29T07:41:14","modified_gmt":"2020-05-29T07:41:14","slug":"intervention-de-josselin-droff-aux-rencontres-defense-et-industries-de-la-frs-6-juin-a-la-maison-de-la-chimie","status":"publish","type":"post","link":"https:\/\/ecodef-ihedn.fr\/en\/intervention-de-josselin-droff-aux-rencontres-defense-et-industries-de-la-frs-6-juin-a-la-maison-de-la-chimie\/","title":{"rendered":"Speech by Josselin Droff at the FRS Defence and Industry meetings, 6 June at the Maison de la Chimie (Paris)"},"content":{"rendered":"<p><a rel=\"noreferrer noopener\" href=\"https:\/\/www.researchgate.net\/profile\/Josselin_Droff\" target=\"_blank\"><strong>Josselin Droff<\/strong><\/a>, researcher at the <strong>Chair in Defence Economics<\/strong> spoke on Thursday 6 June 2019 in the \u00ab\u00a0<a href=\"https:\/\/frstrategie.org\/evenements\/06-06-2019-aeronautique-militaire\" target=\"_blank\" rel=\"noreferrer noopener\"><strong>Rencontres D\u00e9fense &amp; Industries\u00bb on the theme of military aeronautics<\/strong><\/a>, organised at the Maison de la Chimie by the <strong>Foundation for Strategic Research<\/strong> (FRS). <\/p>\n\n\n\n<p>The presentation was entitled\u00ab\u00a0<em><strong>Technology transfer and risk of knowledge leakage linked to training activities: an assessment in the context of sovereign industries<\/strong><\/em>\u00a0\u00bb(to download the presentation slideshow, <strong><a rel=\"noreferrer noopener\" aria-label=\"click here (opens in a new tab)\" href=\"https:\/\/economie-defense.fr\/wp-content\/uploads\/2019\/06\/droff_2019_presentation_frs_d_i_6_juin.pdf\" target=\"_blank\">click here<\/a><\/strong>).<\/p>\n\n\n\n<div class=\"wp-block-image\"><figure class=\"aligncenter is-resized\"><img loading=\"lazy\" decoding=\"async\" src=\"https:\/\/ecodef-ihedn.fr\/wp-content\/uploads\/2020\/04\/panel_2_frs_juin_2019_maison_de_la_chimie-1024x1024.jpg\" alt=\"\" class=\"wp-image-7111\" width=\"391\" height=\"391\"\/><figcaption><strong>Panel 2: <\/strong>Une Europe au d\u00e9fi, Defence and Industries, Les Rencontres, FRS, Maison de la Chimie, 6 June 2019<\/figcaption><\/figure><\/div>\n\n\n\n<p>The presentation is taken from an article published in the magazine <strong><a rel=\"noreferrer noopener\" aria-label=\"International Management (opens in a new tab)\" href=\"http:\/\/www.managementinternational.ca\/catalog\/\" target=\"_blank\">International Management<\/a><\/strong>. The original article, written in collaboration with <strong><a rel=\"noreferrer noopener\" aria-label=\"Damien Coadour (opens in a new tab)\" href=\"https:\/\/www.researchgate.net\/profile\/Coadour_Damien\" target=\"_blank\">Damien Coadour <\/a><\/strong>and <a rel=\"noreferrer noopener\" aria-label=\"Renaud Bellais (opens in a new tab)\" href=\"https:\/\/www.researchgate.net\/profile\/Renaud_Bellais\" target=\"_blank\"><strong>Renaud Bellais<\/strong><\/a>, is entitled \u00ab\u00a0<em><a rel=\"noreferrer noopener\" aria-label=\"Technology Transfer and Risks of Knowledge Leakages Through Training Activities: An Assessment in Sovereign Industries (opens in a new tab)\" href=\"http:\/\/www.managementinternational.ca\/catalog\/revue\/technology-transfer-and-risks-of-knowledge-leakages-through-training-activities-an-assessment-in-sovereign-industries.html\" target=\"_blank\">Technology Transfer and Risks of Knowledge Leakages Through Training Activities: An Assessment in Sovereign Industries<\/a><\/em>\u00ab\u00a0.<\/p>\n\n\n\n<h3 class=\"wp-block-heading\"><strong>Summary of the article:<\/strong><\/h3>\n\n\n\n<ul class=\"wp-block-list\"><li>This article assesses the<strong> risks of knowledge leakage<\/strong> associated <strong>training<\/strong> as part of the <strong>technology transfer<\/strong>s <strong>of sovereignty<\/strong> (e.g. energy, transport, defence). Today, governments want to master sovereignty technologies, which means acquiring the necessary knowledge. As a result, exporting companies have <strong>adapted their offers<\/strong> to meet customer demands and therefore <strong>provide training<\/strong>.<\/li><\/ul>\n\n\n\n<ul class=\"wp-block-list\"><li>After collecting the <strong>perception of trainers<\/strong> involved in these contracts, the authors propose a<strong> typology of trainers<\/strong> and their typical behaviour in<strong> different professional situations<\/strong>.<\/li><\/ul>\n\n\n\n<ul class=\"wp-block-list\"><li>The study shows a <strong>highly differentiated representation of risk<\/strong> of knowledge leakage according to the different categories of trainers (1) as well as a <strong>overconfidence<\/strong> in relation to <strong>upstream control systems<\/strong> (contract in particular) (2).<\/li><\/ul>\n\n\n\n<ul class=\"wp-block-list\"><li>The results allow the authors to suggest <strong>ways of improving training systems <\/strong>to mitigate and\/or improve <strong>control knowledge leakage <\/strong>as part of technology transfers.<\/li><\/ul>\n\n\n\n<div class=\"wp-block-image\"><figure class=\"aligncenter is-resized\"><img loading=\"lazy\" decoding=\"async\" src=\"https:\/\/ecodef-ihedn.fr\/wp-content\/uploads\/2020\/04\/frs-1.png\" alt=\"\" class=\"wp-image-7115\" width=\"307\" height=\"126\"\/><\/figure><\/div>\n\n\n<p><!--EndFragment--><\/p>\n\n\n<p><\/p>","protected":false},"excerpt":{"rendered":"<p>Josselin Droff, chercheur \u00e0 la Chaire \u00c9conomie de D\u00e9fense est intervenu le jeudi 6 juin 2019, dans les \u00ab\u00a0Rencontres D\u00e9fense &amp; Industries\u00a0\u00bb sur le th\u00e8me de l&rsquo;a\u00e9ronautique militaire, organis\u00e9es \u00e0 la Maison de la Chimie par la Fondation pour la Recherche Strat\u00e9gique (FRS). La pr\u00e9sentation \u00e9tait intitul\u00e9e \u00ab\u00a0Transferts de technologie et risques de fuite de [&hellip;]<\/p>\n","protected":false},"author":1,"featured_media":1158,"comment_status":"open","ping_status":"open","sticky":false,"template":"","format":"standard","meta":{"footnotes":""},"categories":[356],"tags":[52,69,247,277,306,307,278,251,308,253],"class_list":{"0":"post-1157","1":"post","2":"type-post","3":"status-publish","4":"format-standard","5":"has-post-thumbnail","7":"category-activites-participation-de-la-chaire-a-un-evenement","8":"tag-exportations-darmes","9":"tag-fondation-pour-la-recherche-strategique","10":"tag-formation","11":"tag-knowledge-leakages","12":"tag-management-de-la-connaissance","13":"tag-rencontres-defense-et-industries","14":"tag-savoirs","15":"tag-technologies-de-souverainete","16":"tag-tot","17":"tag-transferts-de-technologie"},"yoast_head":"<!-- This site is optimized with the Yoast SEO plugin v27.4 - https:\/\/yoast.com\/product\/yoast-seo-wordpress\/ -->\n<title>Intervention de Josselin Droff aux rencontres D\u00e9fense et Industries de la FRS, 6 juin \u00e0 la Maison de la chimie - Chaire \u00c9conomie de d\u00e9fense - IHEDN<\/title>\n<meta name=\"robots\" content=\"index, follow, max-snippet:-1, max-image-preview:large, max-video-preview:-1\" \/>\n<link rel=\"canonical\" href=\"https:\/\/ecodef-ihedn.fr\/en\/intervention-de-josselin-droff-aux-rencontres-defense-et-industries-de-la-frs-6-juin-a-la-maison-de-la-chimie\/\" \/>\n<meta property=\"og:locale\" content=\"en_GB\" \/>\n<meta property=\"og:type\" content=\"article\" \/>\n<meta property=\"og:title\" content=\"Intervention de Josselin Droff aux rencontres D\u00e9fense et Industries de la FRS, 6 juin \u00e0 la Maison de la chimie - Chaire \u00c9conomie de d\u00e9fense - IHEDN\" \/>\n<meta property=\"og:description\" content=\"Josselin Droff, chercheur \u00e0 la Chaire \u00c9conomie de D\u00e9fense est intervenu le jeudi 6 juin 2019, dans les \u00ab\u00a0Rencontres D\u00e9fense &amp; Industries\u00a0\u00bb sur le th\u00e8me de l&rsquo;a\u00e9ronautique militaire, organis\u00e9es \u00e0 la Maison de la Chimie par la Fondation pour la Recherche Strat\u00e9gique (FRS). La pr\u00e9sentation \u00e9tait intitul\u00e9e \u00ab\u00a0Transferts de technologie et risques de fuite de [&hellip;]\" \/>\n<meta property=\"og:url\" content=\"https:\/\/ecodef-ihedn.fr\/en\/intervention-de-josselin-droff-aux-rencontres-defense-et-industries-de-la-frs-6-juin-a-la-maison-de-la-chimie\/\" \/>\n<meta property=\"og:site_name\" content=\"Chaire \u00c9conomie de d\u00e9fense - IHEDN\" \/>\n<meta property=\"article:published_time\" content=\"2019-06-07T00:00:00+00:00\" \/>\n<meta property=\"article:modified_time\" content=\"2020-05-29T07:41:14+00:00\" \/>\n<meta property=\"og:image\" content=\"https:\/\/ecodef-ihedn.fr\/wp-content\/uploads\/2020\/04\/panel_2_frs_juin_2019_maison_de_la_chimie.jpg\" \/>\n\t<meta property=\"og:image:width\" content=\"2048\" \/>\n\t<meta property=\"og:image:height\" content=\"2048\" \/>\n\t<meta property=\"og:image:type\" content=\"image\/jpeg\" \/>\n<meta name=\"author\" content=\"dev\" \/>\n<meta name=\"twitter:card\" content=\"summary_large_image\" \/>\n<meta name=\"twitter:creator\" content=\"@Chaire_Ecodef\" \/>\n<meta name=\"twitter:site\" content=\"@Chaire_Ecodef\" \/>\n<meta name=\"twitter:label1\" content=\"Written by\" \/>\n\t<meta name=\"twitter:data1\" content=\"dev\" \/>\n\t<meta name=\"twitter:label2\" content=\"Estimated reading time\" \/>\n\t<meta name=\"twitter:data2\" content=\"2 minutes\" \/>\n<script type=\"application\/ld+json\" class=\"yoast-schema-graph\">{\"@context\":\"https:\\\/\\\/schema.org\",\"@graph\":[{\"@type\":\"Article\",\"@id\":\"https:\\\/\\\/ecodef-ihedn.fr\\\/intervention-de-josselin-droff-aux-rencontres-defense-et-industries-de-la-frs-6-juin-a-la-maison-de-la-chimie\\\/#article\",\"isPartOf\":{\"@id\":\"https:\\\/\\\/ecodef-ihedn.fr\\\/intervention-de-josselin-droff-aux-rencontres-defense-et-industries-de-la-frs-6-juin-a-la-maison-de-la-chimie\\\/\"},\"author\":{\"name\":\"dev\",\"@id\":\"https:\\\/\\\/ecodef-ihedn.fr\\\/#\\\/schema\\\/person\\\/7b3f1a2d8fd336e0be2f9ff63ff0ebbc\"},\"headline\":\"Intervention de Josselin Droff aux rencontres D\u00e9fense et Industries de la FRS, 6 juin \u00e0 la Maison de la chimie\",\"datePublished\":\"2019-06-07T00:00:00+00:00\",\"dateModified\":\"2020-05-29T07:41:14+00:00\",\"mainEntityOfPage\":{\"@id\":\"https:\\\/\\\/ecodef-ihedn.fr\\\/intervention-de-josselin-droff-aux-rencontres-defense-et-industries-de-la-frs-6-juin-a-la-maison-de-la-chimie\\\/\"},\"wordCount\":356,\"commentCount\":0,\"publisher\":{\"@id\":\"https:\\\/\\\/ecodef-ihedn.fr\\\/#organization\"},\"image\":{\"@id\":\"https:\\\/\\\/ecodef-ihedn.fr\\\/intervention-de-josselin-droff-aux-rencontres-defense-et-industries-de-la-frs-6-juin-a-la-maison-de-la-chimie\\\/#primaryimage\"},\"thumbnailUrl\":\"https:\\\/\\\/ecodef-ihedn.fr\\\/wp-content\\\/uploads\\\/2020\\\/04\\\/panel_2_frs_juin_2019_maison_de_la_chimie.jpg\",\"keywords\":[\"exportations d'armes\",\"fondation pour la recherche strat\u00e9gique\",\"Formation\",\"Knowledge Leakages\",\"Management de la connaissance\",\"Rencontres d\u00e9fense et industries\",\"Savoirs\",\"Technologies de souverainet\u00e9\",\"ToT\",\"Transferts de technologie\"],\"articleSection\":[\"Activit\u00e9s : participation de la Chaire \u00e0 un \u00e9v\u00e9nement\"],\"inLanguage\":\"en-GB\",\"potentialAction\":[{\"@type\":\"CommentAction\",\"name\":\"Comment\",\"target\":[\"https:\\\/\\\/ecodef-ihedn.fr\\\/intervention-de-josselin-droff-aux-rencontres-defense-et-industries-de-la-frs-6-juin-a-la-maison-de-la-chimie\\\/#respond\"]}]},{\"@type\":\"WebPage\",\"@id\":\"https:\\\/\\\/ecodef-ihedn.fr\\\/intervention-de-josselin-droff-aux-rencontres-defense-et-industries-de-la-frs-6-juin-a-la-maison-de-la-chimie\\\/\",\"url\":\"https:\\\/\\\/ecodef-ihedn.fr\\\/intervention-de-josselin-droff-aux-rencontres-defense-et-industries-de-la-frs-6-juin-a-la-maison-de-la-chimie\\\/\",\"name\":\"Intervention de Josselin Droff aux rencontres D\u00e9fense et Industries de la FRS, 6 juin \u00e0 la Maison de la chimie - Chaire \u00c9conomie de d\u00e9fense - IHEDN\",\"isPartOf\":{\"@id\":\"https:\\\/\\\/ecodef-ihedn.fr\\\/#website\"},\"primaryImageOfPage\":{\"@id\":\"https:\\\/\\\/ecodef-ihedn.fr\\\/intervention-de-josselin-droff-aux-rencontres-defense-et-industries-de-la-frs-6-juin-a-la-maison-de-la-chimie\\\/#primaryimage\"},\"image\":{\"@id\":\"https:\\\/\\\/ecodef-ihedn.fr\\\/intervention-de-josselin-droff-aux-rencontres-defense-et-industries-de-la-frs-6-juin-a-la-maison-de-la-chimie\\\/#primaryimage\"},\"thumbnailUrl\":\"https:\\\/\\\/ecodef-ihedn.fr\\\/wp-content\\\/uploads\\\/2020\\\/04\\\/panel_2_frs_juin_2019_maison_de_la_chimie.jpg\",\"datePublished\":\"2019-06-07T00:00:00+00:00\",\"dateModified\":\"2020-05-29T07:41:14+00:00\",\"breadcrumb\":{\"@id\":\"https:\\\/\\\/ecodef-ihedn.fr\\\/intervention-de-josselin-droff-aux-rencontres-defense-et-industries-de-la-frs-6-juin-a-la-maison-de-la-chimie\\\/#breadcrumb\"},\"inLanguage\":\"en-GB\",\"potentialAction\":[{\"@type\":\"ReadAction\",\"target\":[\"https:\\\/\\\/ecodef-ihedn.fr\\\/intervention-de-josselin-droff-aux-rencontres-defense-et-industries-de-la-frs-6-juin-a-la-maison-de-la-chimie\\\/\"]}]},{\"@type\":\"ImageObject\",\"inLanguage\":\"en-GB\",\"@id\":\"https:\\\/\\\/ecodef-ihedn.fr\\\/intervention-de-josselin-droff-aux-rencontres-defense-et-industries-de-la-frs-6-juin-a-la-maison-de-la-chimie\\\/#primaryimage\",\"url\":\"https:\\\/\\\/ecodef-ihedn.fr\\\/wp-content\\\/uploads\\\/2020\\\/04\\\/panel_2_frs_juin_2019_maison_de_la_chimie.jpg\",\"contentUrl\":\"https:\\\/\\\/ecodef-ihedn.fr\\\/wp-content\\\/uploads\\\/2020\\\/04\\\/panel_2_frs_juin_2019_maison_de_la_chimie.jpg\",\"width\":2048,\"height\":2048},{\"@type\":\"BreadcrumbList\",\"@id\":\"https:\\\/\\\/ecodef-ihedn.fr\\\/intervention-de-josselin-droff-aux-rencontres-defense-et-industries-de-la-frs-6-juin-a-la-maison-de-la-chimie\\\/#breadcrumb\",\"itemListElement\":[{\"@type\":\"ListItem\",\"position\":1,\"name\":\"Accueil\",\"item\":\"https:\\\/\\\/ecodef-ihedn.fr\\\/\"},{\"@type\":\"ListItem\",\"position\":2,\"name\":\"Intervention de Josselin Droff aux rencontres D\u00e9fense et Industries de la FRS, 6 juin \u00e0 la Maison de la chimie\"}]},{\"@type\":\"WebSite\",\"@id\":\"https:\\\/\\\/ecodef-ihedn.fr\\\/#website\",\"url\":\"https:\\\/\\\/ecodef-ihedn.fr\\\/\",\"name\":\"Chaire \u00c9conomie de D\u00e9fense - IHEDN\",\"description\":\"Produire &amp; soutenir, f\u00e9d\u00e9rer &amp; diffuser, \u00eatre une interface\",\"publisher\":{\"@id\":\"https:\\\/\\\/ecodef-ihedn.fr\\\/#organization\"},\"potentialAction\":[{\"@type\":\"SearchAction\",\"target\":{\"@type\":\"EntryPoint\",\"urlTemplate\":\"https:\\\/\\\/ecodef-ihedn.fr\\\/?s={search_term_string}\"},\"query-input\":{\"@type\":\"PropertyValueSpecification\",\"valueRequired\":true,\"valueName\":\"search_term_string\"}}],\"inLanguage\":\"en-GB\"},{\"@type\":\"Organization\",\"@id\":\"https:\\\/\\\/ecodef-ihedn.fr\\\/#organization\",\"name\":\"Chaire \u00c9conomie de d\u00e9fense - IHEDN\",\"url\":\"https:\\\/\\\/ecodef-ihedn.fr\\\/\",\"logo\":{\"@type\":\"ImageObject\",\"inLanguage\":\"en-GB\",\"@id\":\"https:\\\/\\\/ecodef-ihedn.fr\\\/#\\\/schema\\\/logo\\\/image\\\/\",\"url\":\"https:\\\/\\\/ecodef-ihedn.fr\\\/wp-content\\\/uploads\\\/2020\\\/04\\\/logoEcodef9.jpg\",\"contentUrl\":\"https:\\\/\\\/ecodef-ihedn.fr\\\/wp-content\\\/uploads\\\/2020\\\/04\\\/logoEcodef9.jpg\",\"width\":410,\"height\":212,\"caption\":\"Chaire \u00c9conomie de d\u00e9fense - IHEDN\"},\"image\":{\"@id\":\"https:\\\/\\\/ecodef-ihedn.fr\\\/#\\\/schema\\\/logo\\\/image\\\/\"},\"sameAs\":[\"https:\\\/\\\/x.com\\\/Chaire_Ecodef\",\"https:\\\/\\\/www.linkedin.com\\\/company\\\/chaire-ecodef-ihedn\\\/\"]},{\"@type\":\"Person\",\"@id\":\"https:\\\/\\\/ecodef-ihedn.fr\\\/#\\\/schema\\\/person\\\/7b3f1a2d8fd336e0be2f9ff63ff0ebbc\",\"name\":\"dev\",\"image\":{\"@type\":\"ImageObject\",\"inLanguage\":\"en-GB\",\"@id\":\"https:\\\/\\\/secure.gravatar.com\\\/avatar\\\/f1ffcac9ca2fa95ad3ec33e9be3ade82f752acb0cabe541e56c5889225afa88a?s=96&d=mm&r=g\",\"url\":\"https:\\\/\\\/secure.gravatar.com\\\/avatar\\\/f1ffcac9ca2fa95ad3ec33e9be3ade82f752acb0cabe541e56c5889225afa88a?s=96&d=mm&r=g\",\"contentUrl\":\"https:\\\/\\\/secure.gravatar.com\\\/avatar\\\/f1ffcac9ca2fa95ad3ec33e9be3ade82f752acb0cabe541e56c5889225afa88a?s=96&d=mm&r=g\",\"caption\":\"dev\"},\"url\":\"https:\\\/\\\/ecodef-ihedn.fr\\\/en\\\/author\\\/dev\\\/\"}]}<\/script>\n<!-- \/ Yoast SEO plugin. -->","yoast_head_json":{"title":"Intervention de Josselin Droff aux rencontres D\u00e9fense et Industries de la FRS, 6 juin \u00e0 la Maison de la chimie - Chaire \u00c9conomie de d\u00e9fense - IHEDN","robots":{"index":"index","follow":"follow","max-snippet":"max-snippet:-1","max-image-preview":"max-image-preview:large","max-video-preview":"max-video-preview:-1"},"canonical":"https:\/\/ecodef-ihedn.fr\/en\/intervention-de-josselin-droff-aux-rencontres-defense-et-industries-de-la-frs-6-juin-a-la-maison-de-la-chimie\/","og_locale":"en_GB","og_type":"article","og_title":"Intervention de Josselin Droff aux rencontres D\u00e9fense et Industries de la FRS, 6 juin \u00e0 la Maison de la chimie - Chaire \u00c9conomie de d\u00e9fense - IHEDN","og_description":"Josselin Droff, chercheur \u00e0 la Chaire \u00c9conomie de D\u00e9fense est intervenu le jeudi 6 juin 2019, dans les \u00ab\u00a0Rencontres D\u00e9fense &amp; Industries\u00a0\u00bb sur le th\u00e8me de l&rsquo;a\u00e9ronautique militaire, organis\u00e9es \u00e0 la Maison de la Chimie par la Fondation pour la Recherche Strat\u00e9gique (FRS). La pr\u00e9sentation \u00e9tait intitul\u00e9e \u00ab\u00a0Transferts de technologie et risques de fuite de [&hellip;]","og_url":"https:\/\/ecodef-ihedn.fr\/en\/intervention-de-josselin-droff-aux-rencontres-defense-et-industries-de-la-frs-6-juin-a-la-maison-de-la-chimie\/","og_site_name":"Chaire \u00c9conomie de d\u00e9fense - IHEDN","article_published_time":"2019-06-07T00:00:00+00:00","article_modified_time":"2020-05-29T07:41:14+00:00","og_image":[{"width":2048,"height":2048,"url":"https:\/\/ecodef-ihedn.fr\/wp-content\/uploads\/2020\/04\/panel_2_frs_juin_2019_maison_de_la_chimie.jpg","type":"image\/jpeg"}],"author":"dev","twitter_card":"summary_large_image","twitter_creator":"@Chaire_Ecodef","twitter_site":"@Chaire_Ecodef","twitter_misc":{"Written by":"dev","Estimated reading time":"2 minutes"},"schema":{"@context":"https:\/\/schema.org","@graph":[{"@type":"Article","@id":"https:\/\/ecodef-ihedn.fr\/intervention-de-josselin-droff-aux-rencontres-defense-et-industries-de-la-frs-6-juin-a-la-maison-de-la-chimie\/#article","isPartOf":{"@id":"https:\/\/ecodef-ihedn.fr\/intervention-de-josselin-droff-aux-rencontres-defense-et-industries-de-la-frs-6-juin-a-la-maison-de-la-chimie\/"},"author":{"name":"dev","@id":"https:\/\/ecodef-ihedn.fr\/#\/schema\/person\/7b3f1a2d8fd336e0be2f9ff63ff0ebbc"},"headline":"Intervention de Josselin Droff aux rencontres D\u00e9fense et Industries de la FRS, 6 juin \u00e0 la Maison de la chimie","datePublished":"2019-06-07T00:00:00+00:00","dateModified":"2020-05-29T07:41:14+00:00","mainEntityOfPage":{"@id":"https:\/\/ecodef-ihedn.fr\/intervention-de-josselin-droff-aux-rencontres-defense-et-industries-de-la-frs-6-juin-a-la-maison-de-la-chimie\/"},"wordCount":356,"commentCount":0,"publisher":{"@id":"https:\/\/ecodef-ihedn.fr\/#organization"},"image":{"@id":"https:\/\/ecodef-ihedn.fr\/intervention-de-josselin-droff-aux-rencontres-defense-et-industries-de-la-frs-6-juin-a-la-maison-de-la-chimie\/#primaryimage"},"thumbnailUrl":"https:\/\/ecodef-ihedn.fr\/wp-content\/uploads\/2020\/04\/panel_2_frs_juin_2019_maison_de_la_chimie.jpg","keywords":["exportations d'armes","fondation pour la recherche strat\u00e9gique","Formation","Knowledge Leakages","Management de la connaissance","Rencontres d\u00e9fense et industries","Savoirs","Technologies de souverainet\u00e9","ToT","Transferts de technologie"],"articleSection":["Activit\u00e9s : participation de la Chaire \u00e0 un \u00e9v\u00e9nement"],"inLanguage":"en-GB","potentialAction":[{"@type":"CommentAction","name":"Comment","target":["https:\/\/ecodef-ihedn.fr\/intervention-de-josselin-droff-aux-rencontres-defense-et-industries-de-la-frs-6-juin-a-la-maison-de-la-chimie\/#respond"]}]},{"@type":"WebPage","@id":"https:\/\/ecodef-ihedn.fr\/intervention-de-josselin-droff-aux-rencontres-defense-et-industries-de-la-frs-6-juin-a-la-maison-de-la-chimie\/","url":"https:\/\/ecodef-ihedn.fr\/intervention-de-josselin-droff-aux-rencontres-defense-et-industries-de-la-frs-6-juin-a-la-maison-de-la-chimie\/","name":"Intervention de Josselin Droff aux rencontres D\u00e9fense et Industries de la FRS, 6 juin \u00e0 la Maison de la chimie - Chaire \u00c9conomie de d\u00e9fense - IHEDN","isPartOf":{"@id":"https:\/\/ecodef-ihedn.fr\/#website"},"primaryImageOfPage":{"@id":"https:\/\/ecodef-ihedn.fr\/intervention-de-josselin-droff-aux-rencontres-defense-et-industries-de-la-frs-6-juin-a-la-maison-de-la-chimie\/#primaryimage"},"image":{"@id":"https:\/\/ecodef-ihedn.fr\/intervention-de-josselin-droff-aux-rencontres-defense-et-industries-de-la-frs-6-juin-a-la-maison-de-la-chimie\/#primaryimage"},"thumbnailUrl":"https:\/\/ecodef-ihedn.fr\/wp-content\/uploads\/2020\/04\/panel_2_frs_juin_2019_maison_de_la_chimie.jpg","datePublished":"2019-06-07T00:00:00+00:00","dateModified":"2020-05-29T07:41:14+00:00","breadcrumb":{"@id":"https:\/\/ecodef-ihedn.fr\/intervention-de-josselin-droff-aux-rencontres-defense-et-industries-de-la-frs-6-juin-a-la-maison-de-la-chimie\/#breadcrumb"},"inLanguage":"en-GB","potentialAction":[{"@type":"ReadAction","target":["https:\/\/ecodef-ihedn.fr\/intervention-de-josselin-droff-aux-rencontres-defense-et-industries-de-la-frs-6-juin-a-la-maison-de-la-chimie\/"]}]},{"@type":"ImageObject","inLanguage":"en-GB","@id":"https:\/\/ecodef-ihedn.fr\/intervention-de-josselin-droff-aux-rencontres-defense-et-industries-de-la-frs-6-juin-a-la-maison-de-la-chimie\/#primaryimage","url":"https:\/\/ecodef-ihedn.fr\/wp-content\/uploads\/2020\/04\/panel_2_frs_juin_2019_maison_de_la_chimie.jpg","contentUrl":"https:\/\/ecodef-ihedn.fr\/wp-content\/uploads\/2020\/04\/panel_2_frs_juin_2019_maison_de_la_chimie.jpg","width":2048,"height":2048},{"@type":"BreadcrumbList","@id":"https:\/\/ecodef-ihedn.fr\/intervention-de-josselin-droff-aux-rencontres-defense-et-industries-de-la-frs-6-juin-a-la-maison-de-la-chimie\/#breadcrumb","itemListElement":[{"@type":"ListItem","position":1,"name":"Accueil","item":"https:\/\/ecodef-ihedn.fr\/"},{"@type":"ListItem","position":2,"name":"Intervention de Josselin Droff aux rencontres D\u00e9fense et Industries de la FRS, 6 juin \u00e0 la Maison de la chimie"}]},{"@type":"WebSite","@id":"https:\/\/ecodef-ihedn.fr\/#website","url":"https:\/\/ecodef-ihedn.fr\/","name":"Chair in Defence Economics - IHEDN","description":"Produce &amp; support, federate &amp; disseminate, act as an interface","publisher":{"@id":"https:\/\/ecodef-ihedn.fr\/#organization"},"potentialAction":[{"@type":"SearchAction","target":{"@type":"EntryPoint","urlTemplate":"https:\/\/ecodef-ihedn.fr\/?s={search_term_string}"},"query-input":{"@type":"PropertyValueSpecification","valueRequired":true,"valueName":"search_term_string"}}],"inLanguage":"en-GB"},{"@type":"Organization","@id":"https:\/\/ecodef-ihedn.fr\/#organization","name":"Chair in Defence Economics - IHEDN","url":"https:\/\/ecodef-ihedn.fr\/","logo":{"@type":"ImageObject","inLanguage":"en-GB","@id":"https:\/\/ecodef-ihedn.fr\/#\/schema\/logo\/image\/","url":"https:\/\/ecodef-ihedn.fr\/wp-content\/uploads\/2020\/04\/logoEcodef9.jpg","contentUrl":"https:\/\/ecodef-ihedn.fr\/wp-content\/uploads\/2020\/04\/logoEcodef9.jpg","width":410,"height":212,"caption":"Chaire \u00c9conomie de d\u00e9fense - IHEDN"},"image":{"@id":"https:\/\/ecodef-ihedn.fr\/#\/schema\/logo\/image\/"},"sameAs":["https:\/\/x.com\/Chaire_Ecodef","https:\/\/www.linkedin.com\/company\/chaire-ecodef-ihedn\/"]},{"@type":"Person","@id":"https:\/\/ecodef-ihedn.fr\/#\/schema\/person\/7b3f1a2d8fd336e0be2f9ff63ff0ebbc","name":"dev","image":{"@type":"ImageObject","inLanguage":"en-GB","@id":"https:\/\/secure.gravatar.com\/avatar\/f1ffcac9ca2fa95ad3ec33e9be3ade82f752acb0cabe541e56c5889225afa88a?s=96&d=mm&r=g","url":"https:\/\/secure.gravatar.com\/avatar\/f1ffcac9ca2fa95ad3ec33e9be3ade82f752acb0cabe541e56c5889225afa88a?s=96&d=mm&r=g","contentUrl":"https:\/\/secure.gravatar.com\/avatar\/f1ffcac9ca2fa95ad3ec33e9be3ade82f752acb0cabe541e56c5889225afa88a?s=96&d=mm&r=g","caption":"dev"},"url":"https:\/\/ecodef-ihedn.fr\/en\/author\/dev\/"}]}},"_links":{"self":[{"href":"https:\/\/ecodef-ihedn.fr\/en\/wp-json\/wp\/v2\/posts\/1157","targetHints":{"allow":["GET"]}}],"collection":[{"href":"https:\/\/ecodef-ihedn.fr\/en\/wp-json\/wp\/v2\/posts"}],"about":[{"href":"https:\/\/ecodef-ihedn.fr\/en\/wp-json\/wp\/v2\/types\/post"}],"author":[{"embeddable":true,"href":"https:\/\/ecodef-ihedn.fr\/en\/wp-json\/wp\/v2\/users\/1"}],"replies":[{"embeddable":true,"href":"https:\/\/ecodef-ihedn.fr\/en\/wp-json\/wp\/v2\/comments?post=1157"}],"version-history":[{"count":4,"href":"https:\/\/ecodef-ihedn.fr\/en\/wp-json\/wp\/v2\/posts\/1157\/revisions"}],"predecessor-version":[{"id":1916,"href":"https:\/\/ecodef-ihedn.fr\/en\/wp-json\/wp\/v2\/posts\/1157\/revisions\/1916"}],"wp:featuredmedia":[{"embeddable":true,"href":"https:\/\/ecodef-ihedn.fr\/en\/wp-json\/wp\/v2\/media\/1158"}],"wp:attachment":[{"href":"https:\/\/ecodef-ihedn.fr\/en\/wp-json\/wp\/v2\/media?parent=1157"}],"wp:term":[{"taxonomy":"category","embeddable":true,"href":"https:\/\/ecodef-ihedn.fr\/en\/wp-json\/wp\/v2\/categories?post=1157"},{"taxonomy":"post_tag","embeddable":true,"href":"https:\/\/ecodef-ihedn.fr\/en\/wp-json\/wp\/v2\/tags?post=1157"}],"curies":[{"name":"wp","href":"https:\/\/api.w.org\/{rel}","templated":true}]}}