{"id":1164,"date":"2019-06-24T00:00:00","date_gmt":"2019-06-24T00:00:00","guid":{"rendered":"https:\/\/ecodef-ihedn.fr\/economics-security-and-politics-retour-sur-la-journee-detude-du-23-mai-2019-a-lecole-militaire\/"},"modified":"2020-04-09T11:02:18","modified_gmt":"2020-04-09T11:02:18","slug":"economics-security-and-politics-retour-sur-la-journee-detude-du-23-mai-2019-a-lecole-militaire","status":"publish","type":"post","link":"https:\/\/ecodef-ihedn.fr\/en\/economics-security-and-politics-retour-sur-la-journee-detude-du-23-mai-2019-a-lecole-militaire\/","title":{"rendered":"\u00abEconomics, Security and Politics\u00bb: a look back at the study day at the \u00c9cole Militaire on 23 May 2019"},"content":{"rendered":"<p>The Chaire \u00c9conomie de D\u00e9fense and IRSEM jointly organised a study day on the theme of \u00abEconomics, Security and Politics\u00bb. The day was particularly rich in terms of both the quality of the presentations and the discussions that took place.  A <strong>thirty or so people<\/strong> were present on the day.<\/p>\n\n\n\n<div class=\"wp-block-image\"><figure class=\"aligncenter is-resized\"><img loading=\"lazy\" decoding=\"async\" src=\"https:\/\/ecodef-ihedn.fr\/wp-content\/uploads\/2020\/04\/p_12019_05_23_economics-security-and-politics_01-1024x732.jpg\" alt=\"\" class=\"wp-image-7150\" width=\"422\" height=\"301\"\/><figcaption>Elisa Darriet, Chair of Defence Economics, welcome speech <br>(Photo illustration: IRSEM)<\/figcaption><\/figure><\/div>\n\n\n\n<p><strong>\u00c9lie Baranets<\/strong> (IRSEM, Ecole Polytechnique), presented his book \u00ab\u00a0<em>How to lose a war - A theory of democratic circumvention<\/em>\u00a0\u00bbpublished by CNRS. <\/p>\n\n\n\n<div class=\"wp-block-image\"><figure class=\"aligncenter is-resized\"><img loading=\"lazy\" decoding=\"async\" src=\"https:\/\/ecodef-ihedn.fr\/wp-content\/uploads\/2020\/04\/p_2_2019_05_23_economics-security-and-politics_03-1024x732.jpg\" alt=\"\" class=\"wp-image-7152\" width=\"416\" height=\"297\"\/><figcaption>Elie Baranets, IRSEM, Ecole Polytechnique, \u00ab\u00a0<em>How to lose a war<\/em>\u00a0\u00bb(Photo illustration: IRSEM) <\/figcaption><\/figure><\/div>\n\n\n\n<p>And then.., <strong>Stergios Skaperdas<\/strong> (University of California, Irvine) presented his research into the link between military intervention and civil conflict. Last but not least, <strong>Alessandro Riboni<\/strong>  (\u00c9cole Polytechnique, CREST) discussed the links between war, the State's ability to levy taxes and the construction of national identity. <\/p>\n\n\n\n<div class=\"wp-block-image\"><figure class=\"aligncenter is-resized\"><img loading=\"lazy\" decoding=\"async\" src=\"https:\/\/ecodef-ihedn.fr\/wp-content\/uploads\/2020\/04\/p_3_2019_05_23_economics-security-and-politics_04-1024x732.jpg\" alt=\"\" class=\"wp-image-7155\" width=\"421\" height=\"301\"\/><figcaption> Stergios Skaperdas (University of California, Irvine), \u00ab\u00a0<em>External Intervention, Identity, and Civil War<\/em>\u201d(Photo illustration: IRSEM)  <\/figcaption><\/figure><\/div>\n\n\n\n<p><strong>Margit Bussman <\/strong> (University of Greifswald) gave a presentation at the beginning of the afternoon on her research into the question - applied to France - of the relationship between military intervention and economic problems. Precisely if the latter could be an explanation of the former: she found an absence of causality. <\/p>\n\n\n\n<div class=\"wp-block-image\"><figure class=\"aligncenter is-resized\"><img loading=\"lazy\" decoding=\"async\" src=\"https:\/\/ecodef-ihedn.fr\/wp-content\/uploads\/2020\/04\/p_4_2019_05_23_economics-security-and-politics_07-1024x732.jpg\" alt=\"\" class=\"wp-image-7157\" width=\"427\" height=\"304\"\/><figcaption> Margit Bussman (University of Greifswald), \u201c<em>France's military interventions: Diversion from economic problems?<\/em>\u201d  <br>(Photo illustration: IRSEM)   <\/figcaption><\/figure><\/div>\n\n\n\n<p><strong>B\u00e9atrice Boulu-Reshef<\/strong> (University Paris 1, CES) presented a study in experimental economics on the importance of social distance between the members of a group (or a society) with regard to the presence of conflicts within the group itself or with an outside group. <\/p>\n\n\n\n<p>To conclude this study day, <strong>Marion Mercier<\/strong> (University Paris Dauphine, LEDa) presented his work on the effect of migration on conflicts in the countries of departure. <\/p>","protected":false},"excerpt":{"rendered":"<p>La Chaire \u00c9conomie de D\u00e9fense et l\u2019IRSEM ont conjointement organis\u00e9 une journ\u00e9e d\u2019\u00e9tude sur le th\u00e8me \u00ab Economics, Security and Politics \u00bb. Cette journ\u00e9e a \u00e9t\u00e9 particuli\u00e8rement riche, autant par la qualit\u00e9 des interventions que par les \u00e9changes qui ont eu lieu. Une trentaine de personnes \u00e9taient pr\u00e9sentes lors de cette journ\u00e9e. \u00c9lie Baranets (IRSEM, [&hellip;]<\/p>\n","protected":false},"author":1,"featured_media":1165,"comment_status":"open","ping_status":"open","sticky":false,"template":"","format":"standard","meta":{"footnotes":""},"categories":[355],"tags":[118,36,104,228,317,183,318,117],"class_list":{"0":"post-1164","1":"post","2":"type-post","3":"status-publish","4":"format-standard","5":"has-post-thumbnail","7":"category-activites-evenements-portes-par-la-chaire","8":"tag-conflits","9":"tag-defense","10":"tag-guerre","11":"tag-paix","12":"tag-politique","13":"tag-politique-de-defense","14":"tag-theorie-des-conflits","15":"tag-workshop"},"yoast_head":"<!-- This site is optimized with the Yoast SEO plugin v27.4 - https:\/\/yoast.com\/product\/yoast-seo-wordpress\/ -->\n<title>\u00ab Economics, Security and Politics \u00bb: retour sur la journ\u00e9e d&#039;\u00e9tude du 23 mai 2019 \u00e0 l\u2019\u00c9cole Militaire - Chaire \u00c9conomie de d\u00e9fense - IHEDN<\/title>\n<meta name=\"robots\" content=\"index, follow, max-snippet:-1, max-image-preview:large, max-video-preview:-1\" \/>\n<link rel=\"canonical\" href=\"https:\/\/ecodef-ihedn.fr\/en\/economics-security-and-politics-retour-sur-la-journee-detude-du-23-mai-2019-a-lecole-militaire\/\" \/>\n<meta property=\"og:locale\" content=\"en_GB\" \/>\n<meta property=\"og:type\" content=\"article\" \/>\n<meta property=\"og:title\" content=\"\u00ab Economics, Security and Politics \u00bb: retour sur la journ\u00e9e d&#039;\u00e9tude du 23 mai 2019 \u00e0 l\u2019\u00c9cole Militaire - Chaire \u00c9conomie de d\u00e9fense - IHEDN\" \/>\n<meta property=\"og:description\" content=\"La Chaire \u00c9conomie de D\u00e9fense et l\u2019IRSEM ont conjointement organis\u00e9 une journ\u00e9e d\u2019\u00e9tude sur le th\u00e8me \u00ab Economics, Security and Politics \u00bb. Cette journ\u00e9e a \u00e9t\u00e9 particuli\u00e8rement riche, autant par la qualit\u00e9 des interventions que par les \u00e9changes qui ont eu lieu. Une trentaine de personnes \u00e9taient pr\u00e9sentes lors de cette journ\u00e9e. \u00c9lie Baranets (IRSEM, [&hellip;]\" \/>\n<meta property=\"og:url\" content=\"https:\/\/ecodef-ihedn.fr\/en\/economics-security-and-politics-retour-sur-la-journee-detude-du-23-mai-2019-a-lecole-militaire\/\" \/>\n<meta property=\"og:site_name\" content=\"Chaire \u00c9conomie de d\u00e9fense - IHEDN\" \/>\n<meta property=\"article:published_time\" content=\"2019-06-24T00:00:00+00:00\" \/>\n<meta property=\"article:modified_time\" content=\"2020-04-09T11:02:18+00:00\" \/>\n<meta property=\"og:image\" content=\"https:\/\/ecodef-ihedn.fr\/wp-content\/uploads\/2020\/04\/p_12019_05_23_economics-security-and-politics_01.jpg\" \/>\n\t<meta property=\"og:image:width\" content=\"2048\" \/>\n\t<meta property=\"og:image:height\" content=\"1463\" \/>\n\t<meta property=\"og:image:type\" content=\"image\/jpeg\" \/>\n<meta name=\"author\" content=\"dev\" \/>\n<meta name=\"twitter:card\" content=\"summary_large_image\" \/>\n<meta name=\"twitter:creator\" content=\"@Chaire_Ecodef\" \/>\n<meta name=\"twitter:site\" content=\"@Chaire_Ecodef\" \/>\n<meta name=\"twitter:label1\" content=\"Written by\" \/>\n\t<meta name=\"twitter:data1\" content=\"dev\" \/>\n\t<meta name=\"twitter:label2\" content=\"Estimated reading time\" \/>\n\t<meta name=\"twitter:data2\" content=\"2 minutes\" \/>\n<script type=\"application\/ld+json\" class=\"yoast-schema-graph\">{\"@context\":\"https:\\\/\\\/schema.org\",\"@graph\":[{\"@type\":\"Article\",\"@id\":\"https:\\\/\\\/ecodef-ihedn.fr\\\/economics-security-and-politics-retour-sur-la-journee-detude-du-23-mai-2019-a-lecole-militaire\\\/#article\",\"isPartOf\":{\"@id\":\"https:\\\/\\\/ecodef-ihedn.fr\\\/economics-security-and-politics-retour-sur-la-journee-detude-du-23-mai-2019-a-lecole-militaire\\\/\"},\"author\":{\"name\":\"dev\",\"@id\":\"https:\\\/\\\/ecodef-ihedn.fr\\\/#\\\/schema\\\/person\\\/7b3f1a2d8fd336e0be2f9ff63ff0ebbc\"},\"headline\":\"\u00ab Economics, Security and Politics \u00bb: retour sur la journ\u00e9e d&rsquo;\u00e9tude du 23 mai 2019 \u00e0 l\u2019\u00c9cole Militaire\",\"datePublished\":\"2019-06-24T00:00:00+00:00\",\"dateModified\":\"2020-04-09T11:02:18+00:00\",\"mainEntityOfPage\":{\"@id\":\"https:\\\/\\\/ecodef-ihedn.fr\\\/economics-security-and-politics-retour-sur-la-journee-detude-du-23-mai-2019-a-lecole-militaire\\\/\"},\"wordCount\":354,\"commentCount\":0,\"publisher\":{\"@id\":\"https:\\\/\\\/ecodef-ihedn.fr\\\/#organization\"},\"image\":{\"@id\":\"https:\\\/\\\/ecodef-ihedn.fr\\\/economics-security-and-politics-retour-sur-la-journee-detude-du-23-mai-2019-a-lecole-militaire\\\/#primaryimage\"},\"thumbnailUrl\":\"https:\\\/\\\/ecodef-ihedn.fr\\\/wp-content\\\/uploads\\\/2020\\\/04\\\/p_12019_05_23_economics-security-and-politics_01.jpg\",\"keywords\":[\"Conflits\",\"D\u00e9fense\",\"guerre\",\"Paix\",\"Politique\",\"politique de d\u00e9fense\",\"th\u00e9orie des conflits\",\"workshop\"],\"articleSection\":[\"Activit\u00e9s : \u00e9v\u00e9nements port\u00e9s par la Chaire\"],\"inLanguage\":\"en-GB\",\"potentialAction\":[{\"@type\":\"CommentAction\",\"name\":\"Comment\",\"target\":[\"https:\\\/\\\/ecodef-ihedn.fr\\\/economics-security-and-politics-retour-sur-la-journee-detude-du-23-mai-2019-a-lecole-militaire\\\/#respond\"]}]},{\"@type\":\"WebPage\",\"@id\":\"https:\\\/\\\/ecodef-ihedn.fr\\\/economics-security-and-politics-retour-sur-la-journee-detude-du-23-mai-2019-a-lecole-militaire\\\/\",\"url\":\"https:\\\/\\\/ecodef-ihedn.fr\\\/economics-security-and-politics-retour-sur-la-journee-detude-du-23-mai-2019-a-lecole-militaire\\\/\",\"name\":\"\u00ab Economics, Security and Politics \u00bb: retour sur la journ\u00e9e d'\u00e9tude du 23 mai 2019 \u00e0 l\u2019\u00c9cole Militaire - Chaire \u00c9conomie de d\u00e9fense - IHEDN\",\"isPartOf\":{\"@id\":\"https:\\\/\\\/ecodef-ihedn.fr\\\/#website\"},\"primaryImageOfPage\":{\"@id\":\"https:\\\/\\\/ecodef-ihedn.fr\\\/economics-security-and-politics-retour-sur-la-journee-detude-du-23-mai-2019-a-lecole-militaire\\\/#primaryimage\"},\"image\":{\"@id\":\"https:\\\/\\\/ecodef-ihedn.fr\\\/economics-security-and-politics-retour-sur-la-journee-detude-du-23-mai-2019-a-lecole-militaire\\\/#primaryimage\"},\"thumbnailUrl\":\"https:\\\/\\\/ecodef-ihedn.fr\\\/wp-content\\\/uploads\\\/2020\\\/04\\\/p_12019_05_23_economics-security-and-politics_01.jpg\",\"datePublished\":\"2019-06-24T00:00:00+00:00\",\"dateModified\":\"2020-04-09T11:02:18+00:00\",\"breadcrumb\":{\"@id\":\"https:\\\/\\\/ecodef-ihedn.fr\\\/economics-security-and-politics-retour-sur-la-journee-detude-du-23-mai-2019-a-lecole-militaire\\\/#breadcrumb\"},\"inLanguage\":\"en-GB\",\"potentialAction\":[{\"@type\":\"ReadAction\",\"target\":[\"https:\\\/\\\/ecodef-ihedn.fr\\\/economics-security-and-politics-retour-sur-la-journee-detude-du-23-mai-2019-a-lecole-militaire\\\/\"]}]},{\"@type\":\"ImageObject\",\"inLanguage\":\"en-GB\",\"@id\":\"https:\\\/\\\/ecodef-ihedn.fr\\\/economics-security-and-politics-retour-sur-la-journee-detude-du-23-mai-2019-a-lecole-militaire\\\/#primaryimage\",\"url\":\"https:\\\/\\\/ecodef-ihedn.fr\\\/wp-content\\\/uploads\\\/2020\\\/04\\\/p_12019_05_23_economics-security-and-politics_01.jpg\",\"contentUrl\":\"https:\\\/\\\/ecodef-ihedn.fr\\\/wp-content\\\/uploads\\\/2020\\\/04\\\/p_12019_05_23_economics-security-and-politics_01.jpg\",\"width\":2048,\"height\":1463},{\"@type\":\"BreadcrumbList\",\"@id\":\"https:\\\/\\\/ecodef-ihedn.fr\\\/economics-security-and-politics-retour-sur-la-journee-detude-du-23-mai-2019-a-lecole-militaire\\\/#breadcrumb\",\"itemListElement\":[{\"@type\":\"ListItem\",\"position\":1,\"name\":\"Accueil\",\"item\":\"https:\\\/\\\/ecodef-ihedn.fr\\\/\"},{\"@type\":\"ListItem\",\"position\":2,\"name\":\"\u00ab Economics, Security and Politics \u00bb: retour sur la journ\u00e9e d&#8217;\u00e9tude du 23 mai 2019 \u00e0 l\u2019\u00c9cole Militaire\"}]},{\"@type\":\"WebSite\",\"@id\":\"https:\\\/\\\/ecodef-ihedn.fr\\\/#website\",\"url\":\"https:\\\/\\\/ecodef-ihedn.fr\\\/\",\"name\":\"Chaire \u00c9conomie de D\u00e9fense - IHEDN\",\"description\":\"Produire &amp; soutenir, f\u00e9d\u00e9rer &amp; diffuser, \u00eatre une interface\",\"publisher\":{\"@id\":\"https:\\\/\\\/ecodef-ihedn.fr\\\/#organization\"},\"potentialAction\":[{\"@type\":\"SearchAction\",\"target\":{\"@type\":\"EntryPoint\",\"urlTemplate\":\"https:\\\/\\\/ecodef-ihedn.fr\\\/?s={search_term_string}\"},\"query-input\":{\"@type\":\"PropertyValueSpecification\",\"valueRequired\":true,\"valueName\":\"search_term_string\"}}],\"inLanguage\":\"en-GB\"},{\"@type\":\"Organization\",\"@id\":\"https:\\\/\\\/ecodef-ihedn.fr\\\/#organization\",\"name\":\"Chaire \u00c9conomie de d\u00e9fense - IHEDN\",\"url\":\"https:\\\/\\\/ecodef-ihedn.fr\\\/\",\"logo\":{\"@type\":\"ImageObject\",\"inLanguage\":\"en-GB\",\"@id\":\"https:\\\/\\\/ecodef-ihedn.fr\\\/#\\\/schema\\\/logo\\\/image\\\/\",\"url\":\"https:\\\/\\\/ecodef-ihedn.fr\\\/wp-content\\\/uploads\\\/2020\\\/04\\\/logoEcodef9.jpg\",\"contentUrl\":\"https:\\\/\\\/ecodef-ihedn.fr\\\/wp-content\\\/uploads\\\/2020\\\/04\\\/logoEcodef9.jpg\",\"width\":410,\"height\":212,\"caption\":\"Chaire \u00c9conomie de d\u00e9fense - IHEDN\"},\"image\":{\"@id\":\"https:\\\/\\\/ecodef-ihedn.fr\\\/#\\\/schema\\\/logo\\\/image\\\/\"},\"sameAs\":[\"https:\\\/\\\/x.com\\\/Chaire_Ecodef\",\"https:\\\/\\\/www.linkedin.com\\\/company\\\/chaire-ecodef-ihedn\\\/\"]},{\"@type\":\"Person\",\"@id\":\"https:\\\/\\\/ecodef-ihedn.fr\\\/#\\\/schema\\\/person\\\/7b3f1a2d8fd336e0be2f9ff63ff0ebbc\",\"name\":\"dev\",\"image\":{\"@type\":\"ImageObject\",\"inLanguage\":\"en-GB\",\"@id\":\"https:\\\/\\\/secure.gravatar.com\\\/avatar\\\/f1ffcac9ca2fa95ad3ec33e9be3ade82f752acb0cabe541e56c5889225afa88a?s=96&d=mm&r=g\",\"url\":\"https:\\\/\\\/secure.gravatar.com\\\/avatar\\\/f1ffcac9ca2fa95ad3ec33e9be3ade82f752acb0cabe541e56c5889225afa88a?s=96&d=mm&r=g\",\"contentUrl\":\"https:\\\/\\\/secure.gravatar.com\\\/avatar\\\/f1ffcac9ca2fa95ad3ec33e9be3ade82f752acb0cabe541e56c5889225afa88a?s=96&d=mm&r=g\",\"caption\":\"dev\"},\"url\":\"https:\\\/\\\/ecodef-ihedn.fr\\\/en\\\/author\\\/dev\\\/\"}]}<\/script>\n<!-- \/ Yoast SEO plugin. -->","yoast_head_json":{"title":"\u00ab Economics, Security and Politics \u00bb: retour sur la journ\u00e9e d'\u00e9tude du 23 mai 2019 \u00e0 l\u2019\u00c9cole Militaire - Chaire \u00c9conomie de d\u00e9fense - IHEDN","robots":{"index":"index","follow":"follow","max-snippet":"max-snippet:-1","max-image-preview":"max-image-preview:large","max-video-preview":"max-video-preview:-1"},"canonical":"https:\/\/ecodef-ihedn.fr\/en\/economics-security-and-politics-retour-sur-la-journee-detude-du-23-mai-2019-a-lecole-militaire\/","og_locale":"en_GB","og_type":"article","og_title":"\u00ab Economics, Security and Politics \u00bb: retour sur la journ\u00e9e d'\u00e9tude du 23 mai 2019 \u00e0 l\u2019\u00c9cole Militaire - Chaire \u00c9conomie de d\u00e9fense - IHEDN","og_description":"La Chaire \u00c9conomie de D\u00e9fense et l\u2019IRSEM ont conjointement organis\u00e9 une journ\u00e9e d\u2019\u00e9tude sur le th\u00e8me \u00ab Economics, Security and Politics \u00bb. Cette journ\u00e9e a \u00e9t\u00e9 particuli\u00e8rement riche, autant par la qualit\u00e9 des interventions que par les \u00e9changes qui ont eu lieu. Une trentaine de personnes \u00e9taient pr\u00e9sentes lors de cette journ\u00e9e. \u00c9lie Baranets (IRSEM, [&hellip;]","og_url":"https:\/\/ecodef-ihedn.fr\/en\/economics-security-and-politics-retour-sur-la-journee-detude-du-23-mai-2019-a-lecole-militaire\/","og_site_name":"Chaire \u00c9conomie de d\u00e9fense - IHEDN","article_published_time":"2019-06-24T00:00:00+00:00","article_modified_time":"2020-04-09T11:02:18+00:00","og_image":[{"width":2048,"height":1463,"url":"https:\/\/ecodef-ihedn.fr\/wp-content\/uploads\/2020\/04\/p_12019_05_23_economics-security-and-politics_01.jpg","type":"image\/jpeg"}],"author":"dev","twitter_card":"summary_large_image","twitter_creator":"@Chaire_Ecodef","twitter_site":"@Chaire_Ecodef","twitter_misc":{"Written by":"dev","Estimated reading time":"2 minutes"},"schema":{"@context":"https:\/\/schema.org","@graph":[{"@type":"Article","@id":"https:\/\/ecodef-ihedn.fr\/economics-security-and-politics-retour-sur-la-journee-detude-du-23-mai-2019-a-lecole-militaire\/#article","isPartOf":{"@id":"https:\/\/ecodef-ihedn.fr\/economics-security-and-politics-retour-sur-la-journee-detude-du-23-mai-2019-a-lecole-militaire\/"},"author":{"name":"dev","@id":"https:\/\/ecodef-ihedn.fr\/#\/schema\/person\/7b3f1a2d8fd336e0be2f9ff63ff0ebbc"},"headline":"\u00ab Economics, Security and Politics \u00bb: retour sur la journ\u00e9e d&rsquo;\u00e9tude du 23 mai 2019 \u00e0 l\u2019\u00c9cole Militaire","datePublished":"2019-06-24T00:00:00+00:00","dateModified":"2020-04-09T11:02:18+00:00","mainEntityOfPage":{"@id":"https:\/\/ecodef-ihedn.fr\/economics-security-and-politics-retour-sur-la-journee-detude-du-23-mai-2019-a-lecole-militaire\/"},"wordCount":354,"commentCount":0,"publisher":{"@id":"https:\/\/ecodef-ihedn.fr\/#organization"},"image":{"@id":"https:\/\/ecodef-ihedn.fr\/economics-security-and-politics-retour-sur-la-journee-detude-du-23-mai-2019-a-lecole-militaire\/#primaryimage"},"thumbnailUrl":"https:\/\/ecodef-ihedn.fr\/wp-content\/uploads\/2020\/04\/p_12019_05_23_economics-security-and-politics_01.jpg","keywords":["Conflits","D\u00e9fense","guerre","Paix","Politique","politique de d\u00e9fense","th\u00e9orie des conflits","workshop"],"articleSection":["Activit\u00e9s : \u00e9v\u00e9nements port\u00e9s par la Chaire"],"inLanguage":"en-GB","potentialAction":[{"@type":"CommentAction","name":"Comment","target":["https:\/\/ecodef-ihedn.fr\/economics-security-and-politics-retour-sur-la-journee-detude-du-23-mai-2019-a-lecole-militaire\/#respond"]}]},{"@type":"WebPage","@id":"https:\/\/ecodef-ihedn.fr\/economics-security-and-politics-retour-sur-la-journee-detude-du-23-mai-2019-a-lecole-militaire\/","url":"https:\/\/ecodef-ihedn.fr\/economics-security-and-politics-retour-sur-la-journee-detude-du-23-mai-2019-a-lecole-militaire\/","name":"\u00ab Economics, Security and Politics \u00bb: retour sur la journ\u00e9e d'\u00e9tude du 23 mai 2019 \u00e0 l\u2019\u00c9cole Militaire - Chaire \u00c9conomie de d\u00e9fense - IHEDN","isPartOf":{"@id":"https:\/\/ecodef-ihedn.fr\/#website"},"primaryImageOfPage":{"@id":"https:\/\/ecodef-ihedn.fr\/economics-security-and-politics-retour-sur-la-journee-detude-du-23-mai-2019-a-lecole-militaire\/#primaryimage"},"image":{"@id":"https:\/\/ecodef-ihedn.fr\/economics-security-and-politics-retour-sur-la-journee-detude-du-23-mai-2019-a-lecole-militaire\/#primaryimage"},"thumbnailUrl":"https:\/\/ecodef-ihedn.fr\/wp-content\/uploads\/2020\/04\/p_12019_05_23_economics-security-and-politics_01.jpg","datePublished":"2019-06-24T00:00:00+00:00","dateModified":"2020-04-09T11:02:18+00:00","breadcrumb":{"@id":"https:\/\/ecodef-ihedn.fr\/economics-security-and-politics-retour-sur-la-journee-detude-du-23-mai-2019-a-lecole-militaire\/#breadcrumb"},"inLanguage":"en-GB","potentialAction":[{"@type":"ReadAction","target":["https:\/\/ecodef-ihedn.fr\/economics-security-and-politics-retour-sur-la-journee-detude-du-23-mai-2019-a-lecole-militaire\/"]}]},{"@type":"ImageObject","inLanguage":"en-GB","@id":"https:\/\/ecodef-ihedn.fr\/economics-security-and-politics-retour-sur-la-journee-detude-du-23-mai-2019-a-lecole-militaire\/#primaryimage","url":"https:\/\/ecodef-ihedn.fr\/wp-content\/uploads\/2020\/04\/p_12019_05_23_economics-security-and-politics_01.jpg","contentUrl":"https:\/\/ecodef-ihedn.fr\/wp-content\/uploads\/2020\/04\/p_12019_05_23_economics-security-and-politics_01.jpg","width":2048,"height":1463},{"@type":"BreadcrumbList","@id":"https:\/\/ecodef-ihedn.fr\/economics-security-and-politics-retour-sur-la-journee-detude-du-23-mai-2019-a-lecole-militaire\/#breadcrumb","itemListElement":[{"@type":"ListItem","position":1,"name":"Accueil","item":"https:\/\/ecodef-ihedn.fr\/"},{"@type":"ListItem","position":2,"name":"\u00ab Economics, Security and Politics \u00bb: retour sur la journ\u00e9e d&#8217;\u00e9tude du 23 mai 2019 \u00e0 l\u2019\u00c9cole Militaire"}]},{"@type":"WebSite","@id":"https:\/\/ecodef-ihedn.fr\/#website","url":"https:\/\/ecodef-ihedn.fr\/","name":"Chair in Defence Economics - IHEDN","description":"Produce &amp; support, federate &amp; disseminate, act as an interface","publisher":{"@id":"https:\/\/ecodef-ihedn.fr\/#organization"},"potentialAction":[{"@type":"SearchAction","target":{"@type":"EntryPoint","urlTemplate":"https:\/\/ecodef-ihedn.fr\/?s={search_term_string}"},"query-input":{"@type":"PropertyValueSpecification","valueRequired":true,"valueName":"search_term_string"}}],"inLanguage":"en-GB"},{"@type":"Organization","@id":"https:\/\/ecodef-ihedn.fr\/#organization","name":"Chair in Defence Economics - IHEDN","url":"https:\/\/ecodef-ihedn.fr\/","logo":{"@type":"ImageObject","inLanguage":"en-GB","@id":"https:\/\/ecodef-ihedn.fr\/#\/schema\/logo\/image\/","url":"https:\/\/ecodef-ihedn.fr\/wp-content\/uploads\/2020\/04\/logoEcodef9.jpg","contentUrl":"https:\/\/ecodef-ihedn.fr\/wp-content\/uploads\/2020\/04\/logoEcodef9.jpg","width":410,"height":212,"caption":"Chaire \u00c9conomie de d\u00e9fense - IHEDN"},"image":{"@id":"https:\/\/ecodef-ihedn.fr\/#\/schema\/logo\/image\/"},"sameAs":["https:\/\/x.com\/Chaire_Ecodef","https:\/\/www.linkedin.com\/company\/chaire-ecodef-ihedn\/"]},{"@type":"Person","@id":"https:\/\/ecodef-ihedn.fr\/#\/schema\/person\/7b3f1a2d8fd336e0be2f9ff63ff0ebbc","name":"dev","image":{"@type":"ImageObject","inLanguage":"en-GB","@id":"https:\/\/secure.gravatar.com\/avatar\/f1ffcac9ca2fa95ad3ec33e9be3ade82f752acb0cabe541e56c5889225afa88a?s=96&d=mm&r=g","url":"https:\/\/secure.gravatar.com\/avatar\/f1ffcac9ca2fa95ad3ec33e9be3ade82f752acb0cabe541e56c5889225afa88a?s=96&d=mm&r=g","contentUrl":"https:\/\/secure.gravatar.com\/avatar\/f1ffcac9ca2fa95ad3ec33e9be3ade82f752acb0cabe541e56c5889225afa88a?s=96&d=mm&r=g","caption":"dev"},"url":"https:\/\/ecodef-ihedn.fr\/en\/author\/dev\/"}]}},"_links":{"self":[{"href":"https:\/\/ecodef-ihedn.fr\/en\/wp-json\/wp\/v2\/posts\/1164","targetHints":{"allow":["GET"]}}],"collection":[{"href":"https:\/\/ecodef-ihedn.fr\/en\/wp-json\/wp\/v2\/posts"}],"about":[{"href":"https:\/\/ecodef-ihedn.fr\/en\/wp-json\/wp\/v2\/types\/post"}],"author":[{"embeddable":true,"href":"https:\/\/ecodef-ihedn.fr\/en\/wp-json\/wp\/v2\/users\/1"}],"replies":[{"embeddable":true,"href":"https:\/\/ecodef-ihedn.fr\/en\/wp-json\/wp\/v2\/comments?post=1164"}],"version-history":[{"count":3,"href":"https:\/\/ecodef-ihedn.fr\/en\/wp-json\/wp\/v2\/posts\/1164\/revisions"}],"predecessor-version":[{"id":1535,"href":"https:\/\/ecodef-ihedn.fr\/en\/wp-json\/wp\/v2\/posts\/1164\/revisions\/1535"}],"wp:featuredmedia":[{"embeddable":true,"href":"https:\/\/ecodef-ihedn.fr\/en\/wp-json\/wp\/v2\/media\/1165"}],"wp:attachment":[{"href":"https:\/\/ecodef-ihedn.fr\/en\/wp-json\/wp\/v2\/media?parent=1164"}],"wp:term":[{"taxonomy":"category","embeddable":true,"href":"https:\/\/ecodef-ihedn.fr\/en\/wp-json\/wp\/v2\/categories?post=1164"},{"taxonomy":"post_tag","embeddable":true,"href":"https:\/\/ecodef-ihedn.fr\/en\/wp-json\/wp\/v2\/tags?post=1164"}],"curies":[{"name":"wp","href":"https:\/\/api.w.org\/{rel}","templated":true}]}}