{"id":1169,"date":"2019-07-03T00:00:00","date_gmt":"2019-07-03T00:00:00","guid":{"rendered":"https:\/\/ecodef-ihedn.fr\/retour-sur-la-23eme-conference-annuelle-economics-and-security-a-madrid\/"},"modified":"2020-04-09T11:02:43","modified_gmt":"2020-04-09T11:02:43","slug":"retour-sur-la-23eme-conference-annuelle-economics-and-security-a-madrid","status":"publish","type":"post","link":"https:\/\/ecodef-ihedn.fr\/en\/retour-sur-la-23eme-conference-annuelle-economics-and-security-a-madrid\/","title":{"rendered":"A look back at the 23rd annual \u00abEconomics and Security\u00bb conference in Madrid"},"content":{"rendered":"<div class=\"wp-block-image\"><figure class=\"aligncenter is-resized\"><img loading=\"lazy\" decoding=\"async\" src=\"https:\/\/ecodef-ihedn.fr\/wp-content\/uploads\/2020\/04\/instituto_spain.jpg\" alt=\"\" class=\"wp-image-7188\" width=\"366\" height=\"88\" \/><\/figure><\/div>\n\n\n\n<h2 class=\"wp-block-heading\">A high-level international conference<\/h2>\n\n\n\n<p>La<strong> Chair in Defence Economics<\/strong> was represented at the<a rel=\"noreferrer noopener\" aria-label=\" 23rd Economics and Security Conference (opens in a new tab)\" href=\"https:\/\/iugm.es\/ices2019\/\" target=\"_blank\"><strong> 23rd Economics and Security Conference<\/strong><\/a> which took place in Madrid (<em>Instituto Guti\u00e9rrez Mellado<\/em>) from 26 to 28 June 2019. <\/p>\n\n\n\n<p>This year's event was organised by <strong>Carlos Mart\u00ed Sempere<\/strong> (<em>Instituto Guti\u00e9rrez Mellado<\/em>), <strong>Paul Dunne<\/strong> (<em>University of Cape Town<\/em>) and <strong>Antonio Fonfr\u00eda Mesa<\/strong> (<em>Universidad Complutense de Madrid<\/em>).<\/p>\n\n\n\n<p>A <strong>sixty articles <\/strong>were presented on the <strong>two days<\/strong>. The <strong>quality exchanges <\/strong>have brought together <strong>specialists from all over the world <\/strong>(United States, United Kingdom, France, Canada, Spain, Germany, Greece, South Africa, Sweden, Brazil, China, etc.).<\/p>\n\n\n\n<p>From <strong>more than 20 years<\/strong>, this<strong> annual international conference<\/strong> provides an opportunity for economists, political scientists and researchers from other disciplines from all over the world to present their work in the field of\u2019<strong>defence, security and peace economics <\/strong>(for more information on past editions of this conference, <a rel=\"noreferrer noopener\" href=\"https:\/\/iugm.es\/ices2019\/past-conferences\/\" target=\"_blank\"><strong>click here<\/strong><\/a>).<\/p>\n\n\n\n<p>For several years now, the <strong>researchers from the Economics of Defence Chair<\/strong> are taking part in this conference, which <strong>cover different research themes<\/strong> in defence and security economics.<\/p>\n\n\n\n<h2 class=\"wp-block-heading\">Contribution of the Chair: the sustainability of external operations<\/h2>\n\n\n\n<p><strong><a href=\"https:\/\/www.researchgate.net\/profile\/Josselin_Droff\" target=\"_blank\" rel=\"noreferrer noopener\" aria-label=\"Josselin Droff (opens in a new tab)\">Josselin Droff<\/a><\/strong><a href=\"https:\/\/www.researchgate.net\/profile\/Josselin_Droff\" target=\"_blank\" rel=\"noreferrer noopener\" aria-label=\"Josselin Droff (opens in a new tab)\"> <\/a>and <strong><a rel=\"noreferrer noopener\" aria-label=\"Julien Malizard (opens in a new tab)\" href=\"https:\/\/www.researchgate.net\/profile\/Julien_Malizard\" target=\"_blank\">Julien Malizard<\/a> <\/strong>presented a paper on <strong>sustainability of external operations<\/strong> in which France has been engaged since the late 1990s. The work follows on from an article published in 2018 in <em><strong>The Champs de Mars<\/strong><\/em> (to see the article, <a rel=\"noreferrer noopener\" aria-label=\"click here (opens in a new tab)\" href=\"https:\/\/www.cairn.info\/revue-les-champs-de-mars-2018-1-page-377.htm?contenu=resume\" target=\"_blank\">click here<\/a>).<\/p>\n\n\n\n<ul class=\"wp-block-list\"><li>The authors are building a database using <strong>technical availability rate in mainland France<\/strong> of French defence equipment (1997-2017 period).<\/li><li>A <strong>econometric analysis<\/strong> <em>via <\/em>a multi-level model (<em>mixed model<\/em>), shows that the intensity of external operations has a negative impact on the availability rate of all equipment over the long term. A concave relationship between age and availability is demonstrated, and scale effects are shown.<\/li><li>The <strong>consequences of this situation are discussed<\/strong>, by underlining the difficulties that this entails in terms of\u2019<strong>training <\/strong>and <strong>maintaining military capabilities <\/strong>over the long term.<\/li><\/ul>\n\n\n\n<div class=\"wp-block-image\"><figure class=\"aligncenter is-resized\"><img loading=\"lazy\" decoding=\"async\" src=\"https:\/\/ecodef-ihedn.fr\/wp-content\/uploads\/2020\/04\/droff_ices_madrid-1024x768.jpg\" alt=\"\" class=\"wp-image-7186\" width=\"420\" height=\"315\" \/><figcaption>Josselin Droff, \u00ab\u00a0<em>Facing an increasing operational tempo<\/em>\u00ab 23rd ICES, Madrid,  <em>Instituto Universitario Guti\u00e9rrez Mellado<\/em>  28 June 2019, <\/figcaption><\/figure><\/div>\n\n\n\n<h2 class=\"wp-block-heading\">Contribution of the Chair: Lexicometric analysis of White Papers on Defence<\/h2>\n\n\n\n<p><strong><a href=\"https:\/\/www.researchgate.net\/profile\/Elisa_Darriet\" target=\"_blank\" rel=\"noreferrer noopener\" aria-label=\"Elisa Darriet (opens in a new tab)\">Elisa Darriet<\/a> <\/strong>and <strong>Josselin Droff<\/strong> presented an original work, particularly in terms of methodology, involving a lexicometric analysis of the various White Papers:<\/p>\n\n\n\n<ul class=\"wp-block-list\"><li>Lexicometric analysis is used to analyse the <strong>contents of the four White Papers<\/strong> (1972, 1994, 2008 and 2013) on Defence in France, as well as the 2017 Strategic Review. <\/li><li>In a <strong>diachronic analysis<\/strong>, A top-down hierarchical classification enables us to discuss the evolution of the \u00ablexical worlds\u00bb of the White Papers.<\/li><li>A <strong>synchronic analysis<\/strong> to identify and discuss <strong>continuities<\/strong> or on the contrary <strong>breaks<\/strong> in the texts.<\/li><\/ul>\n\n\n\n<div class=\"wp-block-image\"><figure class=\"aligncenter is-resized\"><img loading=\"lazy\" decoding=\"async\" src=\"https:\/\/ecodef-ihedn.fr\/wp-content\/uploads\/2020\/04\/darriet_ices_madrid-1024x768.jpg\" alt=\"\" class=\"wp-image-7187\" width=\"418\" height=\"314\" \/><figcaption>Elisa Darriet, \u00ab\u00a0<em>Lexicometry applied to the analysis of the French defence policy<\/em>\u00ab 23rd ICES, Madrid,  <em>Instituto Universitario Guti\u00e9rrez Mellado<\/em>  27 June 2019,  <\/figcaption><\/figure><\/div>","protected":false},"excerpt":{"rendered":"<p>Une conf\u00e9rence internationale de haut niveau La Chaire \u00c9conomie de D\u00e9fense \u00e9tait repr\u00e9sent\u00e9e \u00e0 la 23\u00e8me conf\u00e9rence Economics and Security qui s&rsquo;est d\u00e9roul\u00e9e \u00e0 Madrid (Instituto Guti\u00e9rrez Mellado) du 26 au 28 juin 2019. Cette ann\u00e9e, l&rsquo;\u00e9v\u00e9nement \u00e9tait organis\u00e9 par Carlos Mart\u00ed Sempere (Instituto Guti\u00e9rrez Mellado), Paul Dunne (University of Cape Town) et Antonio Fonfr\u00eda [&hellip;]<\/p>\n","protected":false},"author":1,"featured_media":1104,"comment_status":"open","ping_status":"open","sticky":false,"template":"","format":"standard","meta":{"footnotes":""},"categories":[356],"tags":[216,41,217,116,319,157,320,321,125],"class_list":{"0":"post-1169","1":"post","2":"type-post","3":"status-publish","4":"format-standard","5":"has-post-thumbnail","7":"category-activites-participation-de-la-chaire-a-un-evenement","8":"tag-23eme-ices","9":"tag-conference","10":"tag-conference-internationale-economie-et-securite","11":"tag-economie-de-la-defense","12":"tag-economie-de-la-securite","13":"tag-ices","14":"tag-livre-blanc","15":"tag-reseau-de-recherche","16":"tag-soutenabilite-des-operations-militaires"},"yoast_head":"<!-- This site is optimized with the Yoast SEO plugin v27.4 - https:\/\/yoast.com\/product\/yoast-seo-wordpress\/ -->\n<title>Retour sur la 23\u00e8me conf\u00e9rence annuelle &quot;Economics and Security&quot; \u00e0 Madrid - Chaire \u00c9conomie de d\u00e9fense - IHEDN<\/title>\n<meta name=\"robots\" content=\"index, follow, max-snippet:-1, max-image-preview:large, max-video-preview:-1\" \/>\n<link rel=\"canonical\" href=\"https:\/\/ecodef-ihedn.fr\/en\/retour-sur-la-23eme-conference-annuelle-economics-and-security-a-madrid\/\" \/>\n<meta property=\"og:locale\" content=\"en_GB\" \/>\n<meta property=\"og:type\" content=\"article\" \/>\n<meta property=\"og:title\" content=\"Retour sur la 23\u00e8me conf\u00e9rence annuelle &quot;Economics and Security&quot; \u00e0 Madrid - Chaire \u00c9conomie de d\u00e9fense - IHEDN\" \/>\n<meta property=\"og:description\" content=\"Une conf\u00e9rence internationale de haut niveau La Chaire \u00c9conomie de D\u00e9fense \u00e9tait repr\u00e9sent\u00e9e \u00e0 la 23\u00e8me conf\u00e9rence Economics and Security qui s&rsquo;est d\u00e9roul\u00e9e \u00e0 Madrid (Instituto Guti\u00e9rrez Mellado) du 26 au 28 juin 2019. Cette ann\u00e9e, l&rsquo;\u00e9v\u00e9nement \u00e9tait organis\u00e9 par Carlos Mart\u00ed Sempere (Instituto Guti\u00e9rrez Mellado), Paul Dunne (University of Cape Town) et Antonio Fonfr\u00eda [&hellip;]\" \/>\n<meta property=\"og:url\" content=\"https:\/\/ecodef-ihedn.fr\/en\/retour-sur-la-23eme-conference-annuelle-economics-and-security-a-madrid\/\" \/>\n<meta property=\"og:site_name\" content=\"Chaire \u00c9conomie de d\u00e9fense - IHEDN\" \/>\n<meta property=\"article:published_time\" content=\"2019-07-03T00:00:00+00:00\" \/>\n<meta property=\"article:modified_time\" content=\"2020-04-09T11:02:43+00:00\" \/>\n<meta property=\"og:image\" content=\"https:\/\/ecodef-ihedn.fr\/wp-content\/uploads\/2020\/04\/instituto_spain.jpg\" \/>\n\t<meta property=\"og:image:width\" content=\"457\" \/>\n\t<meta property=\"og:image:height\" content=\"110\" \/>\n\t<meta property=\"og:image:type\" content=\"image\/jpeg\" \/>\n<meta name=\"author\" content=\"dev\" \/>\n<meta name=\"twitter:card\" content=\"summary_large_image\" \/>\n<meta name=\"twitter:creator\" content=\"@Chaire_Ecodef\" \/>\n<meta name=\"twitter:site\" content=\"@Chaire_Ecodef\" \/>\n<meta name=\"twitter:label1\" content=\"Written by\" \/>\n\t<meta name=\"twitter:data1\" content=\"dev\" \/>\n\t<meta name=\"twitter:label2\" content=\"Estimated reading time\" \/>\n\t<meta name=\"twitter:data2\" content=\"3 minutes\" \/>\n<script type=\"application\/ld+json\" class=\"yoast-schema-graph\">{\"@context\":\"https:\\\/\\\/schema.org\",\"@graph\":[{\"@type\":\"Article\",\"@id\":\"https:\\\/\\\/ecodef-ihedn.fr\\\/retour-sur-la-23eme-conference-annuelle-economics-and-security-a-madrid\\\/#article\",\"isPartOf\":{\"@id\":\"https:\\\/\\\/ecodef-ihedn.fr\\\/retour-sur-la-23eme-conference-annuelle-economics-and-security-a-madrid\\\/\"},\"author\":{\"name\":\"dev\",\"@id\":\"https:\\\/\\\/ecodef-ihedn.fr\\\/#\\\/schema\\\/person\\\/7b3f1a2d8fd336e0be2f9ff63ff0ebbc\"},\"headline\":\"Retour sur la 23\u00e8me conf\u00e9rence annuelle \u00ab\u00a0Economics and Security\u00a0\u00bb \u00e0 Madrid\",\"datePublished\":\"2019-07-03T00:00:00+00:00\",\"dateModified\":\"2020-04-09T11:02:43+00:00\",\"mainEntityOfPage\":{\"@id\":\"https:\\\/\\\/ecodef-ihedn.fr\\\/retour-sur-la-23eme-conference-annuelle-economics-and-security-a-madrid\\\/\"},\"wordCount\":559,\"commentCount\":0,\"publisher\":{\"@id\":\"https:\\\/\\\/ecodef-ihedn.fr\\\/#organization\"},\"image\":{\"@id\":\"https:\\\/\\\/ecodef-ihedn.fr\\\/retour-sur-la-23eme-conference-annuelle-economics-and-security-a-madrid\\\/#primaryimage\"},\"thumbnailUrl\":\"https:\\\/\\\/ecodef-ihedn.fr\\\/wp-content\\\/uploads\\\/2020\\\/04\\\/instituto_spain.jpg\",\"keywords\":[\"23\u00e8me ICES\",\"conf\u00e9rence\",\"Conf\u00e9rence Internationale Economie et s\u00e9curit\u00e9\",\"Economie de la D\u00e9fense\",\"Economie de la S\u00e9curit\u00e9\",\"ICES\",\"Livre blanc\",\"R\u00e9seau de recherche\",\"Soutenabilit\u00e9 des op\u00e9rations militaires\"],\"articleSection\":[\"Activit\u00e9s : participation de la Chaire \u00e0 un \u00e9v\u00e9nement\"],\"inLanguage\":\"en-GB\",\"potentialAction\":[{\"@type\":\"CommentAction\",\"name\":\"Comment\",\"target\":[\"https:\\\/\\\/ecodef-ihedn.fr\\\/retour-sur-la-23eme-conference-annuelle-economics-and-security-a-madrid\\\/#respond\"]}]},{\"@type\":\"WebPage\",\"@id\":\"https:\\\/\\\/ecodef-ihedn.fr\\\/retour-sur-la-23eme-conference-annuelle-economics-and-security-a-madrid\\\/\",\"url\":\"https:\\\/\\\/ecodef-ihedn.fr\\\/retour-sur-la-23eme-conference-annuelle-economics-and-security-a-madrid\\\/\",\"name\":\"Retour sur la 23\u00e8me conf\u00e9rence annuelle \\\"Economics and Security\\\" \u00e0 Madrid - Chaire \u00c9conomie de d\u00e9fense - IHEDN\",\"isPartOf\":{\"@id\":\"https:\\\/\\\/ecodef-ihedn.fr\\\/#website\"},\"primaryImageOfPage\":{\"@id\":\"https:\\\/\\\/ecodef-ihedn.fr\\\/retour-sur-la-23eme-conference-annuelle-economics-and-security-a-madrid\\\/#primaryimage\"},\"image\":{\"@id\":\"https:\\\/\\\/ecodef-ihedn.fr\\\/retour-sur-la-23eme-conference-annuelle-economics-and-security-a-madrid\\\/#primaryimage\"},\"thumbnailUrl\":\"https:\\\/\\\/ecodef-ihedn.fr\\\/wp-content\\\/uploads\\\/2020\\\/04\\\/instituto_spain.jpg\",\"datePublished\":\"2019-07-03T00:00:00+00:00\",\"dateModified\":\"2020-04-09T11:02:43+00:00\",\"breadcrumb\":{\"@id\":\"https:\\\/\\\/ecodef-ihedn.fr\\\/retour-sur-la-23eme-conference-annuelle-economics-and-security-a-madrid\\\/#breadcrumb\"},\"inLanguage\":\"en-GB\",\"potentialAction\":[{\"@type\":\"ReadAction\",\"target\":[\"https:\\\/\\\/ecodef-ihedn.fr\\\/retour-sur-la-23eme-conference-annuelle-economics-and-security-a-madrid\\\/\"]}]},{\"@type\":\"ImageObject\",\"inLanguage\":\"en-GB\",\"@id\":\"https:\\\/\\\/ecodef-ihedn.fr\\\/retour-sur-la-23eme-conference-annuelle-economics-and-security-a-madrid\\\/#primaryimage\",\"url\":\"https:\\\/\\\/ecodef-ihedn.fr\\\/wp-content\\\/uploads\\\/2020\\\/04\\\/instituto_spain.jpg\",\"contentUrl\":\"https:\\\/\\\/ecodef-ihedn.fr\\\/wp-content\\\/uploads\\\/2020\\\/04\\\/instituto_spain.jpg\",\"width\":457,\"height\":110},{\"@type\":\"BreadcrumbList\",\"@id\":\"https:\\\/\\\/ecodef-ihedn.fr\\\/retour-sur-la-23eme-conference-annuelle-economics-and-security-a-madrid\\\/#breadcrumb\",\"itemListElement\":[{\"@type\":\"ListItem\",\"position\":1,\"name\":\"Accueil\",\"item\":\"https:\\\/\\\/ecodef-ihedn.fr\\\/\"},{\"@type\":\"ListItem\",\"position\":2,\"name\":\"Retour sur la 23\u00e8me conf\u00e9rence annuelle &#8220;Economics and Security&#8221; \u00e0 Madrid\"}]},{\"@type\":\"WebSite\",\"@id\":\"https:\\\/\\\/ecodef-ihedn.fr\\\/#website\",\"url\":\"https:\\\/\\\/ecodef-ihedn.fr\\\/\",\"name\":\"Chaire \u00c9conomie de D\u00e9fense - IHEDN\",\"description\":\"Produire &amp; soutenir, f\u00e9d\u00e9rer &amp; diffuser, \u00eatre une interface\",\"publisher\":{\"@id\":\"https:\\\/\\\/ecodef-ihedn.fr\\\/#organization\"},\"potentialAction\":[{\"@type\":\"SearchAction\",\"target\":{\"@type\":\"EntryPoint\",\"urlTemplate\":\"https:\\\/\\\/ecodef-ihedn.fr\\\/?s={search_term_string}\"},\"query-input\":{\"@type\":\"PropertyValueSpecification\",\"valueRequired\":true,\"valueName\":\"search_term_string\"}}],\"inLanguage\":\"en-GB\"},{\"@type\":\"Organization\",\"@id\":\"https:\\\/\\\/ecodef-ihedn.fr\\\/#organization\",\"name\":\"Chaire \u00c9conomie de d\u00e9fense - IHEDN\",\"url\":\"https:\\\/\\\/ecodef-ihedn.fr\\\/\",\"logo\":{\"@type\":\"ImageObject\",\"inLanguage\":\"en-GB\",\"@id\":\"https:\\\/\\\/ecodef-ihedn.fr\\\/#\\\/schema\\\/logo\\\/image\\\/\",\"url\":\"https:\\\/\\\/ecodef-ihedn.fr\\\/wp-content\\\/uploads\\\/2020\\\/04\\\/logoEcodef9.jpg\",\"contentUrl\":\"https:\\\/\\\/ecodef-ihedn.fr\\\/wp-content\\\/uploads\\\/2020\\\/04\\\/logoEcodef9.jpg\",\"width\":410,\"height\":212,\"caption\":\"Chaire \u00c9conomie de d\u00e9fense - IHEDN\"},\"image\":{\"@id\":\"https:\\\/\\\/ecodef-ihedn.fr\\\/#\\\/schema\\\/logo\\\/image\\\/\"},\"sameAs\":[\"https:\\\/\\\/x.com\\\/Chaire_Ecodef\",\"https:\\\/\\\/www.linkedin.com\\\/company\\\/chaire-ecodef-ihedn\\\/\"]},{\"@type\":\"Person\",\"@id\":\"https:\\\/\\\/ecodef-ihedn.fr\\\/#\\\/schema\\\/person\\\/7b3f1a2d8fd336e0be2f9ff63ff0ebbc\",\"name\":\"dev\",\"image\":{\"@type\":\"ImageObject\",\"inLanguage\":\"en-GB\",\"@id\":\"https:\\\/\\\/secure.gravatar.com\\\/avatar\\\/f1ffcac9ca2fa95ad3ec33e9be3ade82f752acb0cabe541e56c5889225afa88a?s=96&d=mm&r=g\",\"url\":\"https:\\\/\\\/secure.gravatar.com\\\/avatar\\\/f1ffcac9ca2fa95ad3ec33e9be3ade82f752acb0cabe541e56c5889225afa88a?s=96&d=mm&r=g\",\"contentUrl\":\"https:\\\/\\\/secure.gravatar.com\\\/avatar\\\/f1ffcac9ca2fa95ad3ec33e9be3ade82f752acb0cabe541e56c5889225afa88a?s=96&d=mm&r=g\",\"caption\":\"dev\"},\"url\":\"https:\\\/\\\/ecodef-ihedn.fr\\\/en\\\/author\\\/dev\\\/\"}]}<\/script>\n<!-- \/ Yoast SEO plugin. -->","yoast_head_json":{"title":"Retour sur la 23\u00e8me conf\u00e9rence annuelle \"Economics and Security\" \u00e0 Madrid - Chaire \u00c9conomie de d\u00e9fense - IHEDN","robots":{"index":"index","follow":"follow","max-snippet":"max-snippet:-1","max-image-preview":"max-image-preview:large","max-video-preview":"max-video-preview:-1"},"canonical":"https:\/\/ecodef-ihedn.fr\/en\/retour-sur-la-23eme-conference-annuelle-economics-and-security-a-madrid\/","og_locale":"en_GB","og_type":"article","og_title":"Retour sur la 23\u00e8me conf\u00e9rence annuelle \"Economics and Security\" \u00e0 Madrid - Chaire \u00c9conomie de d\u00e9fense - IHEDN","og_description":"Une conf\u00e9rence internationale de haut niveau La Chaire \u00c9conomie de D\u00e9fense \u00e9tait repr\u00e9sent\u00e9e \u00e0 la 23\u00e8me conf\u00e9rence Economics and Security qui s&rsquo;est d\u00e9roul\u00e9e \u00e0 Madrid (Instituto Guti\u00e9rrez Mellado) du 26 au 28 juin 2019. Cette ann\u00e9e, l&rsquo;\u00e9v\u00e9nement \u00e9tait organis\u00e9 par Carlos Mart\u00ed Sempere (Instituto Guti\u00e9rrez Mellado), Paul Dunne (University of Cape Town) et Antonio Fonfr\u00eda [&hellip;]","og_url":"https:\/\/ecodef-ihedn.fr\/en\/retour-sur-la-23eme-conference-annuelle-economics-and-security-a-madrid\/","og_site_name":"Chaire \u00c9conomie de d\u00e9fense - IHEDN","article_published_time":"2019-07-03T00:00:00+00:00","article_modified_time":"2020-04-09T11:02:43+00:00","og_image":[{"width":457,"height":110,"url":"https:\/\/ecodef-ihedn.fr\/wp-content\/uploads\/2020\/04\/instituto_spain.jpg","type":"image\/jpeg"}],"author":"dev","twitter_card":"summary_large_image","twitter_creator":"@Chaire_Ecodef","twitter_site":"@Chaire_Ecodef","twitter_misc":{"Written by":"dev","Estimated reading time":"3 minutes"},"schema":{"@context":"https:\/\/schema.org","@graph":[{"@type":"Article","@id":"https:\/\/ecodef-ihedn.fr\/retour-sur-la-23eme-conference-annuelle-economics-and-security-a-madrid\/#article","isPartOf":{"@id":"https:\/\/ecodef-ihedn.fr\/retour-sur-la-23eme-conference-annuelle-economics-and-security-a-madrid\/"},"author":{"name":"dev","@id":"https:\/\/ecodef-ihedn.fr\/#\/schema\/person\/7b3f1a2d8fd336e0be2f9ff63ff0ebbc"},"headline":"Retour sur la 23\u00e8me conf\u00e9rence annuelle \u00ab\u00a0Economics and Security\u00a0\u00bb \u00e0 Madrid","datePublished":"2019-07-03T00:00:00+00:00","dateModified":"2020-04-09T11:02:43+00:00","mainEntityOfPage":{"@id":"https:\/\/ecodef-ihedn.fr\/retour-sur-la-23eme-conference-annuelle-economics-and-security-a-madrid\/"},"wordCount":559,"commentCount":0,"publisher":{"@id":"https:\/\/ecodef-ihedn.fr\/#organization"},"image":{"@id":"https:\/\/ecodef-ihedn.fr\/retour-sur-la-23eme-conference-annuelle-economics-and-security-a-madrid\/#primaryimage"},"thumbnailUrl":"https:\/\/ecodef-ihedn.fr\/wp-content\/uploads\/2020\/04\/instituto_spain.jpg","keywords":["23\u00e8me ICES","conf\u00e9rence","Conf\u00e9rence Internationale Economie et s\u00e9curit\u00e9","Economie de la D\u00e9fense","Economie de la S\u00e9curit\u00e9","ICES","Livre blanc","R\u00e9seau de recherche","Soutenabilit\u00e9 des op\u00e9rations militaires"],"articleSection":["Activit\u00e9s : participation de la Chaire \u00e0 un \u00e9v\u00e9nement"],"inLanguage":"en-GB","potentialAction":[{"@type":"CommentAction","name":"Comment","target":["https:\/\/ecodef-ihedn.fr\/retour-sur-la-23eme-conference-annuelle-economics-and-security-a-madrid\/#respond"]}]},{"@type":"WebPage","@id":"https:\/\/ecodef-ihedn.fr\/retour-sur-la-23eme-conference-annuelle-economics-and-security-a-madrid\/","url":"https:\/\/ecodef-ihedn.fr\/retour-sur-la-23eme-conference-annuelle-economics-and-security-a-madrid\/","name":"Retour sur la 23\u00e8me conf\u00e9rence annuelle \"Economics and Security\" \u00e0 Madrid - Chaire \u00c9conomie de d\u00e9fense - IHEDN","isPartOf":{"@id":"https:\/\/ecodef-ihedn.fr\/#website"},"primaryImageOfPage":{"@id":"https:\/\/ecodef-ihedn.fr\/retour-sur-la-23eme-conference-annuelle-economics-and-security-a-madrid\/#primaryimage"},"image":{"@id":"https:\/\/ecodef-ihedn.fr\/retour-sur-la-23eme-conference-annuelle-economics-and-security-a-madrid\/#primaryimage"},"thumbnailUrl":"https:\/\/ecodef-ihedn.fr\/wp-content\/uploads\/2020\/04\/instituto_spain.jpg","datePublished":"2019-07-03T00:00:00+00:00","dateModified":"2020-04-09T11:02:43+00:00","breadcrumb":{"@id":"https:\/\/ecodef-ihedn.fr\/retour-sur-la-23eme-conference-annuelle-economics-and-security-a-madrid\/#breadcrumb"},"inLanguage":"en-GB","potentialAction":[{"@type":"ReadAction","target":["https:\/\/ecodef-ihedn.fr\/retour-sur-la-23eme-conference-annuelle-economics-and-security-a-madrid\/"]}]},{"@type":"ImageObject","inLanguage":"en-GB","@id":"https:\/\/ecodef-ihedn.fr\/retour-sur-la-23eme-conference-annuelle-economics-and-security-a-madrid\/#primaryimage","url":"https:\/\/ecodef-ihedn.fr\/wp-content\/uploads\/2020\/04\/instituto_spain.jpg","contentUrl":"https:\/\/ecodef-ihedn.fr\/wp-content\/uploads\/2020\/04\/instituto_spain.jpg","width":457,"height":110},{"@type":"BreadcrumbList","@id":"https:\/\/ecodef-ihedn.fr\/retour-sur-la-23eme-conference-annuelle-economics-and-security-a-madrid\/#breadcrumb","itemListElement":[{"@type":"ListItem","position":1,"name":"Accueil","item":"https:\/\/ecodef-ihedn.fr\/"},{"@type":"ListItem","position":2,"name":"Retour sur la 23\u00e8me conf\u00e9rence annuelle &#8220;Economics and Security&#8221; \u00e0 Madrid"}]},{"@type":"WebSite","@id":"https:\/\/ecodef-ihedn.fr\/#website","url":"https:\/\/ecodef-ihedn.fr\/","name":"Chair in Defence Economics - IHEDN","description":"Produce &amp; support, federate &amp; disseminate, act as an interface","publisher":{"@id":"https:\/\/ecodef-ihedn.fr\/#organization"},"potentialAction":[{"@type":"SearchAction","target":{"@type":"EntryPoint","urlTemplate":"https:\/\/ecodef-ihedn.fr\/?s={search_term_string}"},"query-input":{"@type":"PropertyValueSpecification","valueRequired":true,"valueName":"search_term_string"}}],"inLanguage":"en-GB"},{"@type":"Organization","@id":"https:\/\/ecodef-ihedn.fr\/#organization","name":"Chair in Defence Economics - IHEDN","url":"https:\/\/ecodef-ihedn.fr\/","logo":{"@type":"ImageObject","inLanguage":"en-GB","@id":"https:\/\/ecodef-ihedn.fr\/#\/schema\/logo\/image\/","url":"https:\/\/ecodef-ihedn.fr\/wp-content\/uploads\/2020\/04\/logoEcodef9.jpg","contentUrl":"https:\/\/ecodef-ihedn.fr\/wp-content\/uploads\/2020\/04\/logoEcodef9.jpg","width":410,"height":212,"caption":"Chaire \u00c9conomie de d\u00e9fense - IHEDN"},"image":{"@id":"https:\/\/ecodef-ihedn.fr\/#\/schema\/logo\/image\/"},"sameAs":["https:\/\/x.com\/Chaire_Ecodef","https:\/\/www.linkedin.com\/company\/chaire-ecodef-ihedn\/"]},{"@type":"Person","@id":"https:\/\/ecodef-ihedn.fr\/#\/schema\/person\/7b3f1a2d8fd336e0be2f9ff63ff0ebbc","name":"dev","image":{"@type":"ImageObject","inLanguage":"en-GB","@id":"https:\/\/secure.gravatar.com\/avatar\/f1ffcac9ca2fa95ad3ec33e9be3ade82f752acb0cabe541e56c5889225afa88a?s=96&d=mm&r=g","url":"https:\/\/secure.gravatar.com\/avatar\/f1ffcac9ca2fa95ad3ec33e9be3ade82f752acb0cabe541e56c5889225afa88a?s=96&d=mm&r=g","contentUrl":"https:\/\/secure.gravatar.com\/avatar\/f1ffcac9ca2fa95ad3ec33e9be3ade82f752acb0cabe541e56c5889225afa88a?s=96&d=mm&r=g","caption":"dev"},"url":"https:\/\/ecodef-ihedn.fr\/en\/author\/dev\/"}]}},"_links":{"self":[{"href":"https:\/\/ecodef-ihedn.fr\/en\/wp-json\/wp\/v2\/posts\/1169","targetHints":{"allow":["GET"]}}],"collection":[{"href":"https:\/\/ecodef-ihedn.fr\/en\/wp-json\/wp\/v2\/posts"}],"about":[{"href":"https:\/\/ecodef-ihedn.fr\/en\/wp-json\/wp\/v2\/types\/post"}],"author":[{"embeddable":true,"href":"https:\/\/ecodef-ihedn.fr\/en\/wp-json\/wp\/v2\/users\/1"}],"replies":[{"embeddable":true,"href":"https:\/\/ecodef-ihedn.fr\/en\/wp-json\/wp\/v2\/comments?post=1169"}],"version-history":[{"count":2,"href":"https:\/\/ecodef-ihedn.fr\/en\/wp-json\/wp\/v2\/posts\/1169\/revisions"}],"predecessor-version":[{"id":1454,"href":"https:\/\/ecodef-ihedn.fr\/en\/wp-json\/wp\/v2\/posts\/1169\/revisions\/1454"}],"wp:featuredmedia":[{"embeddable":true,"href":"https:\/\/ecodef-ihedn.fr\/en\/wp-json\/wp\/v2\/media\/1104"}],"wp:attachment":[{"href":"https:\/\/ecodef-ihedn.fr\/en\/wp-json\/wp\/v2\/media?parent=1169"}],"wp:term":[{"taxonomy":"category","embeddable":true,"href":"https:\/\/ecodef-ihedn.fr\/en\/wp-json\/wp\/v2\/categories?post=1169"},{"taxonomy":"post_tag","embeddable":true,"href":"https:\/\/ecodef-ihedn.fr\/en\/wp-json\/wp\/v2\/tags?post=1169"}],"curies":[{"name":"wp","href":"https:\/\/api.w.org\/{rel}","templated":true}]}}