{"id":1172,"date":"2019-07-05T00:00:00","date_gmt":"2019-07-05T00:00:00","guid":{"rendered":"https:\/\/ecodef-ihedn.fr\/prix-deconomie-de-la-defense-2019-du-ministere-des-armees\/"},"modified":"2020-04-10T08:33:32","modified_gmt":"2020-04-10T08:33:32","slug":"prix-deconomie-de-la-defense-2019-du-ministere-des-armees","status":"publish","type":"post","link":"https:\/\/ecodef-ihedn.fr\/en\/prix-deconomie-de-la-defense-2019-du-ministere-des-armees\/","title":{"rendered":"Ministry of Defence Economics Prize 2019"},"content":{"rendered":"<p>Le  <strong>Ministry of the Armed Forces<\/strong> rewards the best academic production in defence economics with the <strong>defence economics prize<\/strong>. this prize is endowed with<strong> 5,000 euros<\/strong>. <\/p>\n\n\n\n<p>Electronic versions of applications should be sent to <strong>before 15 November 2019<\/strong> \u00e0<strong>&nbsp;<a rel=\"noreferrer noopener\" href=\"mailto:daf.oed.fct@intradef.gouv.fr\" target=\"_blank\">daf.oed.fct@intradef.gouv.fr<\/a><\/strong><\/p>\n\n\n\n<p>For <strong>more information<\/strong> (call for entries and prize regulations), <a rel=\"noreferrer noopener\" aria-label=\"click here (opens in a new tab)\" href=\"https:\/\/www.defense.gouv.fr\/sga\/le-sga-en-action\/economie-et-statistiques\/evenements\/prix-economie\" target=\"_blank\"><strong>click here<\/strong><\/a><\/p>\n\n\n\n<p>In 2015, the prize was awarded to<strong><a rel=\"noreferrer noopener\" aria-label=\" Josselin Droff, (opens in a new tab)\" href=\"https:\/\/www.researchgate.net\/profile\/Josselin_Droff\" target=\"_blank\"> Josselin Droff,<\/a><\/strong> researcher at <strong>Chair in Defence Economics<\/strong>  for his doctoral thesis in economics entitled: \u00abL<a rel=\"noreferrer noopener\" aria-label=\"he spatial factor in defence economics: application to the operational maintenance of defence equipment (opens in a new tab)\" href=\"https:\/\/tel.archives-ouvertes.fr\/tel-00942906\" target=\"_blank\">he space factor in defence economics: application to the operational readiness of defence equipment<\/a>\u00a0\u00bbsupported by\u2019<a href=\"https:\/\/www.univ-brest.fr\/\" target=\"_blank\" rel=\"noreferrer noopener\" aria-label=\"Universit\u00e9 de Bretagne Occidentale (opens in a new tab)\">University of Western Brittany<\/a> (UBO) in November 2013. <\/p>\n\n\n\n<p>Find a<strong> summary of thesis<\/strong> at <a rel=\"noreferrer noopener\" aria-label=\"click here (opens in a new tab)\" href=\"https:\/\/economie-defense.fr\/wp-content\/uploads\/2019\/07\/ecodef_76.pdf\" target=\"_blank\">click here<\/a>. For a <strong>summary of the challenges of Maintaining Operational Readiness (MCO)<\/strong>, consult the <a rel=\"noreferrer noopener\" aria-label=\"Newsletter n\u00b04 (opens in a new tab)\" href=\"https:\/\/www.google.com\/url?sa=t&amp;rct=j&amp;q=&amp;esrc=s&amp;source=web&amp;cd=2&amp;ved=2ahUKEwi2paHy5pXjAhXU8uAKHTJZA1AQFjABegQIBRAC&amp;url=https%3A%2F%2Feconomie-defense.fr%2Fwp-content%2Fuploads%2F2017%2F04%2FNL4-Chaire-Ecodef-Avril-2017.pdf&amp;usg=AOvVaw3nYczCxLsF0kkJ9iM51KeK\" target=\"_blank\">Newsletter n\u00b04<\/a> of the <strong>D\u00e9fens Economics Chair<\/strong>e. <\/p>\n\n\n\n<div class=\"wp-block-image\"><figure class=\"aligncenter is-resized\"><img loading=\"lazy\" decoding=\"async\" src=\"https:\/\/ecodef-ihedn.fr\/wp-content\/uploads\/2020\/04\/droff_prix_eco_def_2015.jpg\" alt=\"\" class=\"wp-image-7202\" width=\"427\" height=\"254\" \/><figcaption>Presentation of the 2015 Prix d'Economie de la D\u00e9fense, Conference at the Sorbonne, \u00abLes industries de d\u00e9fense face aux enjeux internationaux\u00bb, organised by the Chaire \u00c9conomie de D\u00e9fense and OED, 16 December 2015.<\/figcaption><\/figure><\/div>","protected":false},"excerpt":{"rendered":"<p>Le minist\u00e8re des Arm\u00e9es r\u00e9compense la meilleure production acad\u00e9mique en \u00e9conomie de la d\u00e9fense avec le prix d\u2019\u00e9conomie de la d\u00e9fense. ce prix est dot\u00e9 de 5&nbsp;000 euros. Les dossiers de candidature, en version \u00e9lectronique, doivent \u00eatre adress\u00e9s avant le 15 novembre 2019 \u00e0&nbsp;daf.oed.fct@intradef.gouv.fr Pour plus d&rsquo;information (appel \u00e0 candidatures et r\u00e8glement du prix), cliquez-ici [&hellip;]<\/p>\n","protected":false},"author":1,"featured_media":1173,"comment_status":"open","ping_status":"open","sticky":false,"template":"","format":"standard","meta":{"footnotes":""},"categories":[360],"tags":[162,93,95,56,214],"class_list":{"0":"post-1172","1":"post","2":"type-post","3":"status-publish","4":"format-standard","5":"has-post-thumbnail","7":"category-actualites-du-reseau","8":"tag-chaire-economie-de-defense","9":"tag-mco","10":"tag-ministere-des-armees","11":"tag-prix-deconomie-de-la-defense","12":"tag-prix-de-these"},"yoast_head":"<!-- This site is optimized with the Yoast SEO plugin v27.4 - https:\/\/yoast.com\/product\/yoast-seo-wordpress\/ -->\n<title>Prix d&#039;\u00e9conomie de la D\u00e9fense 2019 du minist\u00e8re des Arm\u00e9es - Chaire \u00c9conomie de d\u00e9fense - IHEDN<\/title>\n<meta name=\"robots\" content=\"index, follow, max-snippet:-1, max-image-preview:large, max-video-preview:-1\" \/>\n<link rel=\"canonical\" href=\"https:\/\/ecodef-ihedn.fr\/en\/prix-deconomie-de-la-defense-2019-du-ministere-des-armees\/\" \/>\n<meta property=\"og:locale\" content=\"en_GB\" \/>\n<meta property=\"og:type\" content=\"article\" \/>\n<meta property=\"og:title\" content=\"Prix d&#039;\u00e9conomie de la D\u00e9fense 2019 du minist\u00e8re des Arm\u00e9es - Chaire \u00c9conomie de d\u00e9fense - IHEDN\" \/>\n<meta property=\"og:description\" content=\"Le minist\u00e8re des Arm\u00e9es r\u00e9compense la meilleure production acad\u00e9mique en \u00e9conomie de la d\u00e9fense avec le prix d\u2019\u00e9conomie de la d\u00e9fense. ce prix est dot\u00e9 de 5&nbsp;000 euros. Les dossiers de candidature, en version \u00e9lectronique, doivent \u00eatre adress\u00e9s avant le 15 novembre 2019 \u00e0&nbsp;daf.oed.fct@intradef.gouv.fr Pour plus d&rsquo;information (appel \u00e0 candidatures et r\u00e8glement du prix), cliquez-ici [&hellip;]\" \/>\n<meta property=\"og:url\" content=\"https:\/\/ecodef-ihedn.fr\/en\/prix-deconomie-de-la-defense-2019-du-ministere-des-armees\/\" \/>\n<meta property=\"og:site_name\" content=\"Chaire \u00c9conomie de d\u00e9fense - IHEDN\" \/>\n<meta property=\"article:published_time\" content=\"2019-07-05T00:00:00+00:00\" \/>\n<meta property=\"article:modified_time\" content=\"2020-04-10T08:33:32+00:00\" \/>\n<meta property=\"og:image\" content=\"https:\/\/ecodef-ihedn.fr\/wp-content\/uploads\/2020\/04\/droff_prix_eco_def_2015.jpg\" \/>\n\t<meta property=\"og:image:width\" content=\"1000\" \/>\n\t<meta property=\"og:image:height\" content=\"595\" \/>\n\t<meta property=\"og:image:type\" content=\"image\/jpeg\" \/>\n<meta name=\"author\" content=\"dev\" \/>\n<meta name=\"twitter:card\" content=\"summary_large_image\" \/>\n<meta name=\"twitter:creator\" content=\"@Chaire_Ecodef\" \/>\n<meta name=\"twitter:site\" content=\"@Chaire_Ecodef\" \/>\n<meta name=\"twitter:label1\" content=\"Written by\" \/>\n\t<meta name=\"twitter:data1\" content=\"dev\" \/>\n\t<meta name=\"twitter:label2\" content=\"Estimated reading time\" \/>\n\t<meta name=\"twitter:data2\" content=\"1 minute\" \/>\n<script type=\"application\/ld+json\" class=\"yoast-schema-graph\">{\"@context\":\"https:\\\/\\\/schema.org\",\"@graph\":[{\"@type\":\"Article\",\"@id\":\"https:\\\/\\\/ecodef-ihedn.fr\\\/prix-deconomie-de-la-defense-2019-du-ministere-des-armees\\\/#article\",\"isPartOf\":{\"@id\":\"https:\\\/\\\/ecodef-ihedn.fr\\\/prix-deconomie-de-la-defense-2019-du-ministere-des-armees\\\/\"},\"author\":{\"name\":\"dev\",\"@id\":\"https:\\\/\\\/ecodef-ihedn.fr\\\/#\\\/schema\\\/person\\\/7b3f1a2d8fd336e0be2f9ff63ff0ebbc\"},\"headline\":\"Prix d&rsquo;\u00e9conomie de la D\u00e9fense 2019 du minist\u00e8re des Arm\u00e9es\",\"datePublished\":\"2019-07-05T00:00:00+00:00\",\"dateModified\":\"2020-04-10T08:33:32+00:00\",\"mainEntityOfPage\":{\"@id\":\"https:\\\/\\\/ecodef-ihedn.fr\\\/prix-deconomie-de-la-defense-2019-du-ministere-des-armees\\\/\"},\"wordCount\":209,\"commentCount\":0,\"publisher\":{\"@id\":\"https:\\\/\\\/ecodef-ihedn.fr\\\/#organization\"},\"image\":{\"@id\":\"https:\\\/\\\/ecodef-ihedn.fr\\\/prix-deconomie-de-la-defense-2019-du-ministere-des-armees\\\/#primaryimage\"},\"thumbnailUrl\":\"https:\\\/\\\/ecodef-ihedn.fr\\\/wp-content\\\/uploads\\\/2020\\\/04\\\/droff_prix_eco_def_2015.jpg\",\"keywords\":[\"chaire \u00e9conomie de d\u00e9fense\",\"MCO\",\"Minist\u00e8re des Arm\u00e9es\",\"prix d'\u00e9conomie de la D\u00e9fense\",\"Prix de th\u00e8se\"],\"articleSection\":[\"Actualit\u00e9s du r\u00e9seau\"],\"inLanguage\":\"en-GB\",\"potentialAction\":[{\"@type\":\"CommentAction\",\"name\":\"Comment\",\"target\":[\"https:\\\/\\\/ecodef-ihedn.fr\\\/prix-deconomie-de-la-defense-2019-du-ministere-des-armees\\\/#respond\"]}]},{\"@type\":\"WebPage\",\"@id\":\"https:\\\/\\\/ecodef-ihedn.fr\\\/prix-deconomie-de-la-defense-2019-du-ministere-des-armees\\\/\",\"url\":\"https:\\\/\\\/ecodef-ihedn.fr\\\/prix-deconomie-de-la-defense-2019-du-ministere-des-armees\\\/\",\"name\":\"Prix d'\u00e9conomie de la D\u00e9fense 2019 du minist\u00e8re des Arm\u00e9es - Chaire \u00c9conomie de d\u00e9fense - IHEDN\",\"isPartOf\":{\"@id\":\"https:\\\/\\\/ecodef-ihedn.fr\\\/#website\"},\"primaryImageOfPage\":{\"@id\":\"https:\\\/\\\/ecodef-ihedn.fr\\\/prix-deconomie-de-la-defense-2019-du-ministere-des-armees\\\/#primaryimage\"},\"image\":{\"@id\":\"https:\\\/\\\/ecodef-ihedn.fr\\\/prix-deconomie-de-la-defense-2019-du-ministere-des-armees\\\/#primaryimage\"},\"thumbnailUrl\":\"https:\\\/\\\/ecodef-ihedn.fr\\\/wp-content\\\/uploads\\\/2020\\\/04\\\/droff_prix_eco_def_2015.jpg\",\"datePublished\":\"2019-07-05T00:00:00+00:00\",\"dateModified\":\"2020-04-10T08:33:32+00:00\",\"breadcrumb\":{\"@id\":\"https:\\\/\\\/ecodef-ihedn.fr\\\/prix-deconomie-de-la-defense-2019-du-ministere-des-armees\\\/#breadcrumb\"},\"inLanguage\":\"en-GB\",\"potentialAction\":[{\"@type\":\"ReadAction\",\"target\":[\"https:\\\/\\\/ecodef-ihedn.fr\\\/prix-deconomie-de-la-defense-2019-du-ministere-des-armees\\\/\"]}]},{\"@type\":\"ImageObject\",\"inLanguage\":\"en-GB\",\"@id\":\"https:\\\/\\\/ecodef-ihedn.fr\\\/prix-deconomie-de-la-defense-2019-du-ministere-des-armees\\\/#primaryimage\",\"url\":\"https:\\\/\\\/ecodef-ihedn.fr\\\/wp-content\\\/uploads\\\/2020\\\/04\\\/droff_prix_eco_def_2015.jpg\",\"contentUrl\":\"https:\\\/\\\/ecodef-ihedn.fr\\\/wp-content\\\/uploads\\\/2020\\\/04\\\/droff_prix_eco_def_2015.jpg\",\"width\":1000,\"height\":595},{\"@type\":\"BreadcrumbList\",\"@id\":\"https:\\\/\\\/ecodef-ihedn.fr\\\/prix-deconomie-de-la-defense-2019-du-ministere-des-armees\\\/#breadcrumb\",\"itemListElement\":[{\"@type\":\"ListItem\",\"position\":1,\"name\":\"Accueil\",\"item\":\"https:\\\/\\\/ecodef-ihedn.fr\\\/\"},{\"@type\":\"ListItem\",\"position\":2,\"name\":\"Prix d&#8217;\u00e9conomie de la D\u00e9fense 2019 du minist\u00e8re des Arm\u00e9es\"}]},{\"@type\":\"WebSite\",\"@id\":\"https:\\\/\\\/ecodef-ihedn.fr\\\/#website\",\"url\":\"https:\\\/\\\/ecodef-ihedn.fr\\\/\",\"name\":\"Chaire \u00c9conomie de D\u00e9fense - IHEDN\",\"description\":\"Produire &amp; soutenir, f\u00e9d\u00e9rer &amp; diffuser, \u00eatre une interface\",\"publisher\":{\"@id\":\"https:\\\/\\\/ecodef-ihedn.fr\\\/#organization\"},\"potentialAction\":[{\"@type\":\"SearchAction\",\"target\":{\"@type\":\"EntryPoint\",\"urlTemplate\":\"https:\\\/\\\/ecodef-ihedn.fr\\\/?s={search_term_string}\"},\"query-input\":{\"@type\":\"PropertyValueSpecification\",\"valueRequired\":true,\"valueName\":\"search_term_string\"}}],\"inLanguage\":\"en-GB\"},{\"@type\":\"Organization\",\"@id\":\"https:\\\/\\\/ecodef-ihedn.fr\\\/#organization\",\"name\":\"Chaire \u00c9conomie de d\u00e9fense - IHEDN\",\"url\":\"https:\\\/\\\/ecodef-ihedn.fr\\\/\",\"logo\":{\"@type\":\"ImageObject\",\"inLanguage\":\"en-GB\",\"@id\":\"https:\\\/\\\/ecodef-ihedn.fr\\\/#\\\/schema\\\/logo\\\/image\\\/\",\"url\":\"https:\\\/\\\/ecodef-ihedn.fr\\\/wp-content\\\/uploads\\\/2020\\\/04\\\/logoEcodef9.jpg\",\"contentUrl\":\"https:\\\/\\\/ecodef-ihedn.fr\\\/wp-content\\\/uploads\\\/2020\\\/04\\\/logoEcodef9.jpg\",\"width\":410,\"height\":212,\"caption\":\"Chaire \u00c9conomie de d\u00e9fense - IHEDN\"},\"image\":{\"@id\":\"https:\\\/\\\/ecodef-ihedn.fr\\\/#\\\/schema\\\/logo\\\/image\\\/\"},\"sameAs\":[\"https:\\\/\\\/x.com\\\/Chaire_Ecodef\",\"https:\\\/\\\/www.linkedin.com\\\/company\\\/chaire-ecodef-ihedn\\\/\"]},{\"@type\":\"Person\",\"@id\":\"https:\\\/\\\/ecodef-ihedn.fr\\\/#\\\/schema\\\/person\\\/7b3f1a2d8fd336e0be2f9ff63ff0ebbc\",\"name\":\"dev\",\"image\":{\"@type\":\"ImageObject\",\"inLanguage\":\"en-GB\",\"@id\":\"https:\\\/\\\/secure.gravatar.com\\\/avatar\\\/f1ffcac9ca2fa95ad3ec33e9be3ade82f752acb0cabe541e56c5889225afa88a?s=96&d=mm&r=g\",\"url\":\"https:\\\/\\\/secure.gravatar.com\\\/avatar\\\/f1ffcac9ca2fa95ad3ec33e9be3ade82f752acb0cabe541e56c5889225afa88a?s=96&d=mm&r=g\",\"contentUrl\":\"https:\\\/\\\/secure.gravatar.com\\\/avatar\\\/f1ffcac9ca2fa95ad3ec33e9be3ade82f752acb0cabe541e56c5889225afa88a?s=96&d=mm&r=g\",\"caption\":\"dev\"},\"url\":\"https:\\\/\\\/ecodef-ihedn.fr\\\/en\\\/author\\\/dev\\\/\"}]}<\/script>\n<!-- \/ Yoast SEO plugin. -->","yoast_head_json":{"title":"Prix d'\u00e9conomie de la D\u00e9fense 2019 du minist\u00e8re des Arm\u00e9es - Chaire \u00c9conomie de d\u00e9fense - IHEDN","robots":{"index":"index","follow":"follow","max-snippet":"max-snippet:-1","max-image-preview":"max-image-preview:large","max-video-preview":"max-video-preview:-1"},"canonical":"https:\/\/ecodef-ihedn.fr\/en\/prix-deconomie-de-la-defense-2019-du-ministere-des-armees\/","og_locale":"en_GB","og_type":"article","og_title":"Prix d'\u00e9conomie de la D\u00e9fense 2019 du minist\u00e8re des Arm\u00e9es - Chaire \u00c9conomie de d\u00e9fense - IHEDN","og_description":"Le minist\u00e8re des Arm\u00e9es r\u00e9compense la meilleure production acad\u00e9mique en \u00e9conomie de la d\u00e9fense avec le prix d\u2019\u00e9conomie de la d\u00e9fense. ce prix est dot\u00e9 de 5&nbsp;000 euros. Les dossiers de candidature, en version \u00e9lectronique, doivent \u00eatre adress\u00e9s avant le 15 novembre 2019 \u00e0&nbsp;daf.oed.fct@intradef.gouv.fr Pour plus d&rsquo;information (appel \u00e0 candidatures et r\u00e8glement du prix), cliquez-ici [&hellip;]","og_url":"https:\/\/ecodef-ihedn.fr\/en\/prix-deconomie-de-la-defense-2019-du-ministere-des-armees\/","og_site_name":"Chaire \u00c9conomie de d\u00e9fense - IHEDN","article_published_time":"2019-07-05T00:00:00+00:00","article_modified_time":"2020-04-10T08:33:32+00:00","og_image":[{"width":1000,"height":595,"url":"https:\/\/ecodef-ihedn.fr\/wp-content\/uploads\/2020\/04\/droff_prix_eco_def_2015.jpg","type":"image\/jpeg"}],"author":"dev","twitter_card":"summary_large_image","twitter_creator":"@Chaire_Ecodef","twitter_site":"@Chaire_Ecodef","twitter_misc":{"Written by":"dev","Estimated reading time":"1 minute"},"schema":{"@context":"https:\/\/schema.org","@graph":[{"@type":"Article","@id":"https:\/\/ecodef-ihedn.fr\/prix-deconomie-de-la-defense-2019-du-ministere-des-armees\/#article","isPartOf":{"@id":"https:\/\/ecodef-ihedn.fr\/prix-deconomie-de-la-defense-2019-du-ministere-des-armees\/"},"author":{"name":"dev","@id":"https:\/\/ecodef-ihedn.fr\/#\/schema\/person\/7b3f1a2d8fd336e0be2f9ff63ff0ebbc"},"headline":"Prix d&rsquo;\u00e9conomie de la D\u00e9fense 2019 du minist\u00e8re des Arm\u00e9es","datePublished":"2019-07-05T00:00:00+00:00","dateModified":"2020-04-10T08:33:32+00:00","mainEntityOfPage":{"@id":"https:\/\/ecodef-ihedn.fr\/prix-deconomie-de-la-defense-2019-du-ministere-des-armees\/"},"wordCount":209,"commentCount":0,"publisher":{"@id":"https:\/\/ecodef-ihedn.fr\/#organization"},"image":{"@id":"https:\/\/ecodef-ihedn.fr\/prix-deconomie-de-la-defense-2019-du-ministere-des-armees\/#primaryimage"},"thumbnailUrl":"https:\/\/ecodef-ihedn.fr\/wp-content\/uploads\/2020\/04\/droff_prix_eco_def_2015.jpg","keywords":["chaire \u00e9conomie de d\u00e9fense","MCO","Minist\u00e8re des Arm\u00e9es","prix d'\u00e9conomie de la D\u00e9fense","Prix de th\u00e8se"],"articleSection":["Actualit\u00e9s du r\u00e9seau"],"inLanguage":"en-GB","potentialAction":[{"@type":"CommentAction","name":"Comment","target":["https:\/\/ecodef-ihedn.fr\/prix-deconomie-de-la-defense-2019-du-ministere-des-armees\/#respond"]}]},{"@type":"WebPage","@id":"https:\/\/ecodef-ihedn.fr\/prix-deconomie-de-la-defense-2019-du-ministere-des-armees\/","url":"https:\/\/ecodef-ihedn.fr\/prix-deconomie-de-la-defense-2019-du-ministere-des-armees\/","name":"Prix d'\u00e9conomie de la D\u00e9fense 2019 du minist\u00e8re des Arm\u00e9es - Chaire \u00c9conomie de d\u00e9fense - IHEDN","isPartOf":{"@id":"https:\/\/ecodef-ihedn.fr\/#website"},"primaryImageOfPage":{"@id":"https:\/\/ecodef-ihedn.fr\/prix-deconomie-de-la-defense-2019-du-ministere-des-armees\/#primaryimage"},"image":{"@id":"https:\/\/ecodef-ihedn.fr\/prix-deconomie-de-la-defense-2019-du-ministere-des-armees\/#primaryimage"},"thumbnailUrl":"https:\/\/ecodef-ihedn.fr\/wp-content\/uploads\/2020\/04\/droff_prix_eco_def_2015.jpg","datePublished":"2019-07-05T00:00:00+00:00","dateModified":"2020-04-10T08:33:32+00:00","breadcrumb":{"@id":"https:\/\/ecodef-ihedn.fr\/prix-deconomie-de-la-defense-2019-du-ministere-des-armees\/#breadcrumb"},"inLanguage":"en-GB","potentialAction":[{"@type":"ReadAction","target":["https:\/\/ecodef-ihedn.fr\/prix-deconomie-de-la-defense-2019-du-ministere-des-armees\/"]}]},{"@type":"ImageObject","inLanguage":"en-GB","@id":"https:\/\/ecodef-ihedn.fr\/prix-deconomie-de-la-defense-2019-du-ministere-des-armees\/#primaryimage","url":"https:\/\/ecodef-ihedn.fr\/wp-content\/uploads\/2020\/04\/droff_prix_eco_def_2015.jpg","contentUrl":"https:\/\/ecodef-ihedn.fr\/wp-content\/uploads\/2020\/04\/droff_prix_eco_def_2015.jpg","width":1000,"height":595},{"@type":"BreadcrumbList","@id":"https:\/\/ecodef-ihedn.fr\/prix-deconomie-de-la-defense-2019-du-ministere-des-armees\/#breadcrumb","itemListElement":[{"@type":"ListItem","position":1,"name":"Accueil","item":"https:\/\/ecodef-ihedn.fr\/"},{"@type":"ListItem","position":2,"name":"Prix d&#8217;\u00e9conomie de la D\u00e9fense 2019 du minist\u00e8re des Arm\u00e9es"}]},{"@type":"WebSite","@id":"https:\/\/ecodef-ihedn.fr\/#website","url":"https:\/\/ecodef-ihedn.fr\/","name":"Chair in Defence Economics - IHEDN","description":"Produce &amp; support, federate &amp; disseminate, act as an interface","publisher":{"@id":"https:\/\/ecodef-ihedn.fr\/#organization"},"potentialAction":[{"@type":"SearchAction","target":{"@type":"EntryPoint","urlTemplate":"https:\/\/ecodef-ihedn.fr\/?s={search_term_string}"},"query-input":{"@type":"PropertyValueSpecification","valueRequired":true,"valueName":"search_term_string"}}],"inLanguage":"en-GB"},{"@type":"Organization","@id":"https:\/\/ecodef-ihedn.fr\/#organization","name":"Chair in Defence Economics - IHEDN","url":"https:\/\/ecodef-ihedn.fr\/","logo":{"@type":"ImageObject","inLanguage":"en-GB","@id":"https:\/\/ecodef-ihedn.fr\/#\/schema\/logo\/image\/","url":"https:\/\/ecodef-ihedn.fr\/wp-content\/uploads\/2020\/04\/logoEcodef9.jpg","contentUrl":"https:\/\/ecodef-ihedn.fr\/wp-content\/uploads\/2020\/04\/logoEcodef9.jpg","width":410,"height":212,"caption":"Chaire \u00c9conomie de d\u00e9fense - IHEDN"},"image":{"@id":"https:\/\/ecodef-ihedn.fr\/#\/schema\/logo\/image\/"},"sameAs":["https:\/\/x.com\/Chaire_Ecodef","https:\/\/www.linkedin.com\/company\/chaire-ecodef-ihedn\/"]},{"@type":"Person","@id":"https:\/\/ecodef-ihedn.fr\/#\/schema\/person\/7b3f1a2d8fd336e0be2f9ff63ff0ebbc","name":"dev","image":{"@type":"ImageObject","inLanguage":"en-GB","@id":"https:\/\/secure.gravatar.com\/avatar\/f1ffcac9ca2fa95ad3ec33e9be3ade82f752acb0cabe541e56c5889225afa88a?s=96&d=mm&r=g","url":"https:\/\/secure.gravatar.com\/avatar\/f1ffcac9ca2fa95ad3ec33e9be3ade82f752acb0cabe541e56c5889225afa88a?s=96&d=mm&r=g","contentUrl":"https:\/\/secure.gravatar.com\/avatar\/f1ffcac9ca2fa95ad3ec33e9be3ade82f752acb0cabe541e56c5889225afa88a?s=96&d=mm&r=g","caption":"dev"},"url":"https:\/\/ecodef-ihedn.fr\/en\/author\/dev\/"}]}},"_links":{"self":[{"href":"https:\/\/ecodef-ihedn.fr\/en\/wp-json\/wp\/v2\/posts\/1172","targetHints":{"allow":["GET"]}}],"collection":[{"href":"https:\/\/ecodef-ihedn.fr\/en\/wp-json\/wp\/v2\/posts"}],"about":[{"href":"https:\/\/ecodef-ihedn.fr\/en\/wp-json\/wp\/v2\/types\/post"}],"author":[{"embeddable":true,"href":"https:\/\/ecodef-ihedn.fr\/en\/wp-json\/wp\/v2\/users\/1"}],"replies":[{"embeddable":true,"href":"https:\/\/ecodef-ihedn.fr\/en\/wp-json\/wp\/v2\/comments?post=1172"}],"version-history":[{"count":2,"href":"https:\/\/ecodef-ihedn.fr\/en\/wp-json\/wp\/v2\/posts\/1172\/revisions"}],"predecessor-version":[{"id":1453,"href":"https:\/\/ecodef-ihedn.fr\/en\/wp-json\/wp\/v2\/posts\/1172\/revisions\/1453"}],"wp:featuredmedia":[{"embeddable":true,"href":"https:\/\/ecodef-ihedn.fr\/en\/wp-json\/wp\/v2\/media\/1173"}],"wp:attachment":[{"href":"https:\/\/ecodef-ihedn.fr\/en\/wp-json\/wp\/v2\/media?parent=1172"}],"wp:term":[{"taxonomy":"category","embeddable":true,"href":"https:\/\/ecodef-ihedn.fr\/en\/wp-json\/wp\/v2\/categories?post=1172"},{"taxonomy":"post_tag","embeddable":true,"href":"https:\/\/ecodef-ihedn.fr\/en\/wp-json\/wp\/v2\/tags?post=1172"}],"curies":[{"name":"wp","href":"https:\/\/api.w.org\/{rel}","templated":true}]}}