{"id":1174,"date":"2019-07-09T00:00:00","date_gmt":"2019-07-09T00:00:00","guid":{"rendered":"https:\/\/ecodef-ihedn.fr\/intervention-de-julien-malizard-a-luniversite-dete-de-la-societe-francaise-de-finances-publiques\/"},"modified":"2020-04-09T11:01:21","modified_gmt":"2020-04-09T11:01:21","slug":"intervention-de-julien-malizard-a-luniversite-dete-de-la-societe-francaise-de-finances-publiques","status":"publish","type":"post","link":"https:\/\/ecodef-ihedn.fr\/en\/intervention-de-julien-malizard-a-luniversite-dete-de-la-societe-francaise-de-finances-publiques\/","title":{"rendered":"Speech by Julien Malizard at the Soci\u00e9t\u00e9 Fran\u00e7aise de Finances Publiques summer university"},"content":{"rendered":"<div class=\"wp-block-image\"><figure class=\"aligncenter\"><img decoding=\"async\" src=\"https:\/\/ecodef-ihedn.fr\/wp-content\/uploads\/2020\/04\/logo_sffp.jpg\" alt=\"\" class=\"wp-image-7230\" \/><\/figure><\/div>\n\n\n\n<p> La <strong>French Public Finance Society (SFFP)<\/strong> organised its 2nd summer university on 1 to 3 July at the IPAG in Montpellier, devoted to <strong>the uniqueness of defence and security finance<\/strong>. Genevi\u00e8ve Darrieussecq, Secretary of State to the Minister for the Armed Forces, opened the conference. Several round tables followed: the <strong>confidence in defence finances,<\/strong> the <strong>balance and equipment issues<\/strong> forces and finally <strong>internal security issues<\/strong>.&nbsp;&nbsp; <\/p>\n\n\n\n<div class=\"wp-block-image\"><figure class=\"aligncenter is-resized\"><img loading=\"lazy\" decoding=\"async\" src=\"https:\/\/ecodef-ihedn.fr\/wp-content\/uploads\/2020\/04\/darrieussecq_2-1024x584.jpg\" alt=\"\" class=\"wp-image-7237\" width=\"475\" height=\"270\" \/><figcaption>Opening of the conference by Genevi\u00e8ve Darrieussecq, Secretary of State to the Minister for the Armed Forces, Montpellier, Tuesday 2 July 2019 (Photo: Cyril FRANKLIN)<\/figcaption><\/figure><\/div>\n\n\n\n<p><strong> Julien Malizard<\/strong>, a researcher at the Economics of Defence Chair and deputy chairholder, analysed the<strong> R&amp;D budgets<\/strong> financed by the  <strong>Ministry of the Armed Forces<\/strong> between <strong>1993 and 2017<\/strong>. <\/p>\n\n\n\n<div class=\"wp-block-image\"><figure class=\"aligncenter is-resized\"><img loading=\"lazy\" decoding=\"async\" src=\"https:\/\/ecodef-ihedn.fr\/wp-content\/uploads\/2020\/04\/malizard_4-1-1024x785.jpg\" alt=\"\" class=\"wp-image-7235\" width=\"451\" height=\"345\" \/><figcaption> Julien Malizard, Summer University of the Soci\u00e9t\u00e9 Fran\u00e7aise de Finances Publiques (SFFP), Montpellier, Tuesday 2 July 2019 (Photo: Cyril FRANKLIN)<\/figcaption><\/figure><\/div>\n\n\n\n<ul class=\"wp-block-list\"><li>In particular, it showed the  <strong>cycle differences<\/strong> between the 1990s (peace dividend) marked by austerity and the 2000s and 2010s with numerous episodes of economic crisis. <\/li><li>However, it appears that <strong>public R&amp;D is better protected than other ministry expenditure<\/strong> of the Armed Forces (particularly equipment). <\/li><li>By extrapolating the value of the research tax credit for DTIB companies, the public authorities are devoting, in 2017, <strong>more than 6 billion euros for defence R&amp;D<\/strong>. This represents more than <strong>25% in public R&amp;D<\/strong>, 20% of DTIB sales and nearly <strong>10% of total R&amp;D<\/strong>  in France.&nbsp; <\/li><\/ul>","protected":false},"excerpt":{"rendered":"<p>La Soci\u00e9t\u00e9 fran\u00e7aise de finances publiques (SFFP) a organis\u00e9 du 1er au 3 juillet, \u00e0 l&rsquo;IPAG de Montpellier, sa 2\u00e8me universit\u00e9 d&rsquo;\u00e9t\u00e9 consacr\u00e9e aux singularit\u00e9s des finances de la d\u00e9fense et de la s\u00e9curit\u00e9. Madame Genevi\u00e8ve Darrieussecq, secr\u00e9taire d\u2019\u00c9tat aupr\u00e8s de la ministre des Arm\u00e9es, a ouvert ce colloque. Plusieurs tables rondes se sont suivies [&hellip;]<\/p>\n","protected":false},"author":1,"featured_media":1175,"comment_status":"open","ping_status":"open","sticky":false,"template":"","format":"standard","meta":{"footnotes":""},"categories":[356],"tags":[41,36,322,60,323,61,260,324,325],"class_list":{"0":"post-1174","1":"post","2":"type-post","3":"status-publish","4":"format-standard","5":"has-post-thumbnail","7":"category-activites-participation-de-la-chaire-a-un-evenement","8":"tag-conference","9":"tag-defense","10":"tag-financement-de-la-rd","11":"tag-innovation","12":"tag-innovation-de-defense","13":"tag-rd","14":"tag-recherche-et-developpement","15":"tag-sffp","16":"tag-societe-francaise-de-finances-publiques"},"yoast_head":"<!-- This site is optimized with the Yoast SEO plugin v27.4 - https:\/\/yoast.com\/product\/yoast-seo-wordpress\/ -->\n<title>Intervention de Julien Malizard \u00e0 l&#039;universit\u00e9 d&#039;\u00e9t\u00e9 de la Soci\u00e9t\u00e9 Fran\u00e7aise de Finances Publiques - Chaire \u00c9conomie de d\u00e9fense - IHEDN<\/title>\n<meta name=\"robots\" content=\"index, follow, max-snippet:-1, max-image-preview:large, max-video-preview:-1\" \/>\n<link rel=\"canonical\" href=\"https:\/\/ecodef-ihedn.fr\/en\/intervention-de-julien-malizard-a-luniversite-dete-de-la-societe-francaise-de-finances-publiques\/\" \/>\n<meta property=\"og:locale\" content=\"en_GB\" \/>\n<meta property=\"og:type\" content=\"article\" \/>\n<meta property=\"og:title\" content=\"Intervention de Julien Malizard \u00e0 l&#039;universit\u00e9 d&#039;\u00e9t\u00e9 de la Soci\u00e9t\u00e9 Fran\u00e7aise de Finances Publiques - Chaire \u00c9conomie de d\u00e9fense - IHEDN\" \/>\n<meta property=\"og:description\" content=\"La Soci\u00e9t\u00e9 fran\u00e7aise de finances publiques (SFFP) a organis\u00e9 du 1er au 3 juillet, \u00e0 l&rsquo;IPAG de Montpellier, sa 2\u00e8me universit\u00e9 d&rsquo;\u00e9t\u00e9 consacr\u00e9e aux singularit\u00e9s des finances de la d\u00e9fense et de la s\u00e9curit\u00e9. Madame Genevi\u00e8ve Darrieussecq, secr\u00e9taire d\u2019\u00c9tat aupr\u00e8s de la ministre des Arm\u00e9es, a ouvert ce colloque. Plusieurs tables rondes se sont suivies [&hellip;]\" \/>\n<meta property=\"og:url\" content=\"https:\/\/ecodef-ihedn.fr\/en\/intervention-de-julien-malizard-a-luniversite-dete-de-la-societe-francaise-de-finances-publiques\/\" \/>\n<meta property=\"og:site_name\" content=\"Chaire \u00c9conomie de d\u00e9fense - IHEDN\" \/>\n<meta property=\"article:published_time\" content=\"2019-07-09T00:00:00+00:00\" \/>\n<meta property=\"article:modified_time\" content=\"2020-04-09T11:01:21+00:00\" \/>\n<meta property=\"og:image\" content=\"https:\/\/ecodef-ihedn.fr\/wp-content\/uploads\/2020\/04\/logo_sffp.jpg\" \/>\n\t<meta property=\"og:image:width\" content=\"150\" \/>\n\t<meta property=\"og:image:height\" content=\"140\" \/>\n\t<meta property=\"og:image:type\" content=\"image\/jpeg\" \/>\n<meta name=\"author\" content=\"dev\" \/>\n<meta name=\"twitter:card\" content=\"summary_large_image\" \/>\n<meta name=\"twitter:creator\" content=\"@Chaire_Ecodef\" \/>\n<meta name=\"twitter:site\" content=\"@Chaire_Ecodef\" \/>\n<meta name=\"twitter:label1\" content=\"Written by\" \/>\n\t<meta name=\"twitter:data1\" content=\"dev\" \/>\n\t<meta name=\"twitter:label2\" content=\"Estimated reading time\" \/>\n\t<meta name=\"twitter:data2\" content=\"2 minutes\" \/>\n<script type=\"application\/ld+json\" class=\"yoast-schema-graph\">{\"@context\":\"https:\\\/\\\/schema.org\",\"@graph\":[{\"@type\":\"Article\",\"@id\":\"https:\\\/\\\/ecodef-ihedn.fr\\\/intervention-de-julien-malizard-a-luniversite-dete-de-la-societe-francaise-de-finances-publiques\\\/#article\",\"isPartOf\":{\"@id\":\"https:\\\/\\\/ecodef-ihedn.fr\\\/intervention-de-julien-malizard-a-luniversite-dete-de-la-societe-francaise-de-finances-publiques\\\/\"},\"author\":{\"name\":\"dev\",\"@id\":\"https:\\\/\\\/ecodef-ihedn.fr\\\/#\\\/schema\\\/person\\\/7b3f1a2d8fd336e0be2f9ff63ff0ebbc\"},\"headline\":\"Intervention de Julien Malizard \u00e0 l&rsquo;universit\u00e9 d&rsquo;\u00e9t\u00e9 de la Soci\u00e9t\u00e9 Fran\u00e7aise de Finances Publiques\",\"datePublished\":\"2019-07-09T00:00:00+00:00\",\"dateModified\":\"2020-04-09T11:01:21+00:00\",\"mainEntityOfPage\":{\"@id\":\"https:\\\/\\\/ecodef-ihedn.fr\\\/intervention-de-julien-malizard-a-luniversite-dete-de-la-societe-francaise-de-finances-publiques\\\/\"},\"wordCount\":328,\"commentCount\":1,\"publisher\":{\"@id\":\"https:\\\/\\\/ecodef-ihedn.fr\\\/#organization\"},\"image\":{\"@id\":\"https:\\\/\\\/ecodef-ihedn.fr\\\/intervention-de-julien-malizard-a-luniversite-dete-de-la-societe-francaise-de-finances-publiques\\\/#primaryimage\"},\"thumbnailUrl\":\"https:\\\/\\\/ecodef-ihedn.fr\\\/wp-content\\\/uploads\\\/2020\\\/04\\\/logo_sffp.jpg\",\"keywords\":[\"conf\u00e9rence\",\"D\u00e9fense\",\"Financement de la R&amp;D\",\"innovation\",\"Innovation de d\u00e9fense\",\"R&amp;D\",\"Recherche et d\u00e9veloppement\",\"SFFP\",\"soci\u00e9t\u00e9 fran\u00e7aise de finances publiques\"],\"articleSection\":[\"Activit\u00e9s : participation de la Chaire \u00e0 un \u00e9v\u00e9nement\"],\"inLanguage\":\"en-GB\",\"potentialAction\":[{\"@type\":\"CommentAction\",\"name\":\"Comment\",\"target\":[\"https:\\\/\\\/ecodef-ihedn.fr\\\/intervention-de-julien-malizard-a-luniversite-dete-de-la-societe-francaise-de-finances-publiques\\\/#respond\"]}]},{\"@type\":\"WebPage\",\"@id\":\"https:\\\/\\\/ecodef-ihedn.fr\\\/intervention-de-julien-malizard-a-luniversite-dete-de-la-societe-francaise-de-finances-publiques\\\/\",\"url\":\"https:\\\/\\\/ecodef-ihedn.fr\\\/intervention-de-julien-malizard-a-luniversite-dete-de-la-societe-francaise-de-finances-publiques\\\/\",\"name\":\"Intervention de Julien Malizard \u00e0 l'universit\u00e9 d'\u00e9t\u00e9 de la Soci\u00e9t\u00e9 Fran\u00e7aise de Finances Publiques - Chaire \u00c9conomie de d\u00e9fense - IHEDN\",\"isPartOf\":{\"@id\":\"https:\\\/\\\/ecodef-ihedn.fr\\\/#website\"},\"primaryImageOfPage\":{\"@id\":\"https:\\\/\\\/ecodef-ihedn.fr\\\/intervention-de-julien-malizard-a-luniversite-dete-de-la-societe-francaise-de-finances-publiques\\\/#primaryimage\"},\"image\":{\"@id\":\"https:\\\/\\\/ecodef-ihedn.fr\\\/intervention-de-julien-malizard-a-luniversite-dete-de-la-societe-francaise-de-finances-publiques\\\/#primaryimage\"},\"thumbnailUrl\":\"https:\\\/\\\/ecodef-ihedn.fr\\\/wp-content\\\/uploads\\\/2020\\\/04\\\/logo_sffp.jpg\",\"datePublished\":\"2019-07-09T00:00:00+00:00\",\"dateModified\":\"2020-04-09T11:01:21+00:00\",\"breadcrumb\":{\"@id\":\"https:\\\/\\\/ecodef-ihedn.fr\\\/intervention-de-julien-malizard-a-luniversite-dete-de-la-societe-francaise-de-finances-publiques\\\/#breadcrumb\"},\"inLanguage\":\"en-GB\",\"potentialAction\":[{\"@type\":\"ReadAction\",\"target\":[\"https:\\\/\\\/ecodef-ihedn.fr\\\/intervention-de-julien-malizard-a-luniversite-dete-de-la-societe-francaise-de-finances-publiques\\\/\"]}]},{\"@type\":\"ImageObject\",\"inLanguage\":\"en-GB\",\"@id\":\"https:\\\/\\\/ecodef-ihedn.fr\\\/intervention-de-julien-malizard-a-luniversite-dete-de-la-societe-francaise-de-finances-publiques\\\/#primaryimage\",\"url\":\"https:\\\/\\\/ecodef-ihedn.fr\\\/wp-content\\\/uploads\\\/2020\\\/04\\\/logo_sffp.jpg\",\"contentUrl\":\"https:\\\/\\\/ecodef-ihedn.fr\\\/wp-content\\\/uploads\\\/2020\\\/04\\\/logo_sffp.jpg\",\"width\":150,\"height\":140},{\"@type\":\"BreadcrumbList\",\"@id\":\"https:\\\/\\\/ecodef-ihedn.fr\\\/intervention-de-julien-malizard-a-luniversite-dete-de-la-societe-francaise-de-finances-publiques\\\/#breadcrumb\",\"itemListElement\":[{\"@type\":\"ListItem\",\"position\":1,\"name\":\"Accueil\",\"item\":\"https:\\\/\\\/ecodef-ihedn.fr\\\/\"},{\"@type\":\"ListItem\",\"position\":2,\"name\":\"Intervention de Julien Malizard \u00e0 l&#8217;universit\u00e9 d&#8217;\u00e9t\u00e9 de la Soci\u00e9t\u00e9 Fran\u00e7aise de Finances Publiques\"}]},{\"@type\":\"WebSite\",\"@id\":\"https:\\\/\\\/ecodef-ihedn.fr\\\/#website\",\"url\":\"https:\\\/\\\/ecodef-ihedn.fr\\\/\",\"name\":\"Chaire \u00c9conomie de D\u00e9fense - IHEDN\",\"description\":\"Produire &amp; soutenir, f\u00e9d\u00e9rer &amp; diffuser, \u00eatre une interface\",\"publisher\":{\"@id\":\"https:\\\/\\\/ecodef-ihedn.fr\\\/#organization\"},\"potentialAction\":[{\"@type\":\"SearchAction\",\"target\":{\"@type\":\"EntryPoint\",\"urlTemplate\":\"https:\\\/\\\/ecodef-ihedn.fr\\\/?s={search_term_string}\"},\"query-input\":{\"@type\":\"PropertyValueSpecification\",\"valueRequired\":true,\"valueName\":\"search_term_string\"}}],\"inLanguage\":\"en-GB\"},{\"@type\":\"Organization\",\"@id\":\"https:\\\/\\\/ecodef-ihedn.fr\\\/#organization\",\"name\":\"Chaire \u00c9conomie de d\u00e9fense - IHEDN\",\"url\":\"https:\\\/\\\/ecodef-ihedn.fr\\\/\",\"logo\":{\"@type\":\"ImageObject\",\"inLanguage\":\"en-GB\",\"@id\":\"https:\\\/\\\/ecodef-ihedn.fr\\\/#\\\/schema\\\/logo\\\/image\\\/\",\"url\":\"https:\\\/\\\/ecodef-ihedn.fr\\\/wp-content\\\/uploads\\\/2020\\\/04\\\/logoEcodef9.jpg\",\"contentUrl\":\"https:\\\/\\\/ecodef-ihedn.fr\\\/wp-content\\\/uploads\\\/2020\\\/04\\\/logoEcodef9.jpg\",\"width\":410,\"height\":212,\"caption\":\"Chaire \u00c9conomie de d\u00e9fense - IHEDN\"},\"image\":{\"@id\":\"https:\\\/\\\/ecodef-ihedn.fr\\\/#\\\/schema\\\/logo\\\/image\\\/\"},\"sameAs\":[\"https:\\\/\\\/x.com\\\/Chaire_Ecodef\",\"https:\\\/\\\/www.linkedin.com\\\/company\\\/chaire-ecodef-ihedn\\\/\"]},{\"@type\":\"Person\",\"@id\":\"https:\\\/\\\/ecodef-ihedn.fr\\\/#\\\/schema\\\/person\\\/7b3f1a2d8fd336e0be2f9ff63ff0ebbc\",\"name\":\"dev\",\"image\":{\"@type\":\"ImageObject\",\"inLanguage\":\"en-GB\",\"@id\":\"https:\\\/\\\/secure.gravatar.com\\\/avatar\\\/f1ffcac9ca2fa95ad3ec33e9be3ade82f752acb0cabe541e56c5889225afa88a?s=96&d=mm&r=g\",\"url\":\"https:\\\/\\\/secure.gravatar.com\\\/avatar\\\/f1ffcac9ca2fa95ad3ec33e9be3ade82f752acb0cabe541e56c5889225afa88a?s=96&d=mm&r=g\",\"contentUrl\":\"https:\\\/\\\/secure.gravatar.com\\\/avatar\\\/f1ffcac9ca2fa95ad3ec33e9be3ade82f752acb0cabe541e56c5889225afa88a?s=96&d=mm&r=g\",\"caption\":\"dev\"},\"url\":\"https:\\\/\\\/ecodef-ihedn.fr\\\/en\\\/author\\\/dev\\\/\"}]}<\/script>\n<!-- \/ Yoast SEO plugin. -->","yoast_head_json":{"title":"Intervention de Julien Malizard \u00e0 l'universit\u00e9 d'\u00e9t\u00e9 de la Soci\u00e9t\u00e9 Fran\u00e7aise de Finances Publiques - Chaire \u00c9conomie de d\u00e9fense - IHEDN","robots":{"index":"index","follow":"follow","max-snippet":"max-snippet:-1","max-image-preview":"max-image-preview:large","max-video-preview":"max-video-preview:-1"},"canonical":"https:\/\/ecodef-ihedn.fr\/en\/intervention-de-julien-malizard-a-luniversite-dete-de-la-societe-francaise-de-finances-publiques\/","og_locale":"en_GB","og_type":"article","og_title":"Intervention de Julien Malizard \u00e0 l'universit\u00e9 d'\u00e9t\u00e9 de la Soci\u00e9t\u00e9 Fran\u00e7aise de Finances Publiques - Chaire \u00c9conomie de d\u00e9fense - IHEDN","og_description":"La Soci\u00e9t\u00e9 fran\u00e7aise de finances publiques (SFFP) a organis\u00e9 du 1er au 3 juillet, \u00e0 l&rsquo;IPAG de Montpellier, sa 2\u00e8me universit\u00e9 d&rsquo;\u00e9t\u00e9 consacr\u00e9e aux singularit\u00e9s des finances de la d\u00e9fense et de la s\u00e9curit\u00e9. Madame Genevi\u00e8ve Darrieussecq, secr\u00e9taire d\u2019\u00c9tat aupr\u00e8s de la ministre des Arm\u00e9es, a ouvert ce colloque. Plusieurs tables rondes se sont suivies [&hellip;]","og_url":"https:\/\/ecodef-ihedn.fr\/en\/intervention-de-julien-malizard-a-luniversite-dete-de-la-societe-francaise-de-finances-publiques\/","og_site_name":"Chaire \u00c9conomie de d\u00e9fense - IHEDN","article_published_time":"2019-07-09T00:00:00+00:00","article_modified_time":"2020-04-09T11:01:21+00:00","og_image":[{"width":150,"height":140,"url":"https:\/\/ecodef-ihedn.fr\/wp-content\/uploads\/2020\/04\/logo_sffp.jpg","type":"image\/jpeg"}],"author":"dev","twitter_card":"summary_large_image","twitter_creator":"@Chaire_Ecodef","twitter_site":"@Chaire_Ecodef","twitter_misc":{"Written by":"dev","Estimated reading time":"2 minutes"},"schema":{"@context":"https:\/\/schema.org","@graph":[{"@type":"Article","@id":"https:\/\/ecodef-ihedn.fr\/intervention-de-julien-malizard-a-luniversite-dete-de-la-societe-francaise-de-finances-publiques\/#article","isPartOf":{"@id":"https:\/\/ecodef-ihedn.fr\/intervention-de-julien-malizard-a-luniversite-dete-de-la-societe-francaise-de-finances-publiques\/"},"author":{"name":"dev","@id":"https:\/\/ecodef-ihedn.fr\/#\/schema\/person\/7b3f1a2d8fd336e0be2f9ff63ff0ebbc"},"headline":"Intervention de Julien Malizard \u00e0 l&rsquo;universit\u00e9 d&rsquo;\u00e9t\u00e9 de la Soci\u00e9t\u00e9 Fran\u00e7aise de Finances Publiques","datePublished":"2019-07-09T00:00:00+00:00","dateModified":"2020-04-09T11:01:21+00:00","mainEntityOfPage":{"@id":"https:\/\/ecodef-ihedn.fr\/intervention-de-julien-malizard-a-luniversite-dete-de-la-societe-francaise-de-finances-publiques\/"},"wordCount":328,"commentCount":1,"publisher":{"@id":"https:\/\/ecodef-ihedn.fr\/#organization"},"image":{"@id":"https:\/\/ecodef-ihedn.fr\/intervention-de-julien-malizard-a-luniversite-dete-de-la-societe-francaise-de-finances-publiques\/#primaryimage"},"thumbnailUrl":"https:\/\/ecodef-ihedn.fr\/wp-content\/uploads\/2020\/04\/logo_sffp.jpg","keywords":["conf\u00e9rence","D\u00e9fense","Financement de la R&amp;D","innovation","Innovation de d\u00e9fense","R&amp;D","Recherche et d\u00e9veloppement","SFFP","soci\u00e9t\u00e9 fran\u00e7aise de finances publiques"],"articleSection":["Activit\u00e9s : participation de la Chaire \u00e0 un \u00e9v\u00e9nement"],"inLanguage":"en-GB","potentialAction":[{"@type":"CommentAction","name":"Comment","target":["https:\/\/ecodef-ihedn.fr\/intervention-de-julien-malizard-a-luniversite-dete-de-la-societe-francaise-de-finances-publiques\/#respond"]}]},{"@type":"WebPage","@id":"https:\/\/ecodef-ihedn.fr\/intervention-de-julien-malizard-a-luniversite-dete-de-la-societe-francaise-de-finances-publiques\/","url":"https:\/\/ecodef-ihedn.fr\/intervention-de-julien-malizard-a-luniversite-dete-de-la-societe-francaise-de-finances-publiques\/","name":"Intervention de Julien Malizard \u00e0 l'universit\u00e9 d'\u00e9t\u00e9 de la Soci\u00e9t\u00e9 Fran\u00e7aise de Finances Publiques - Chaire \u00c9conomie de d\u00e9fense - IHEDN","isPartOf":{"@id":"https:\/\/ecodef-ihedn.fr\/#website"},"primaryImageOfPage":{"@id":"https:\/\/ecodef-ihedn.fr\/intervention-de-julien-malizard-a-luniversite-dete-de-la-societe-francaise-de-finances-publiques\/#primaryimage"},"image":{"@id":"https:\/\/ecodef-ihedn.fr\/intervention-de-julien-malizard-a-luniversite-dete-de-la-societe-francaise-de-finances-publiques\/#primaryimage"},"thumbnailUrl":"https:\/\/ecodef-ihedn.fr\/wp-content\/uploads\/2020\/04\/logo_sffp.jpg","datePublished":"2019-07-09T00:00:00+00:00","dateModified":"2020-04-09T11:01:21+00:00","breadcrumb":{"@id":"https:\/\/ecodef-ihedn.fr\/intervention-de-julien-malizard-a-luniversite-dete-de-la-societe-francaise-de-finances-publiques\/#breadcrumb"},"inLanguage":"en-GB","potentialAction":[{"@type":"ReadAction","target":["https:\/\/ecodef-ihedn.fr\/intervention-de-julien-malizard-a-luniversite-dete-de-la-societe-francaise-de-finances-publiques\/"]}]},{"@type":"ImageObject","inLanguage":"en-GB","@id":"https:\/\/ecodef-ihedn.fr\/intervention-de-julien-malizard-a-luniversite-dete-de-la-societe-francaise-de-finances-publiques\/#primaryimage","url":"https:\/\/ecodef-ihedn.fr\/wp-content\/uploads\/2020\/04\/logo_sffp.jpg","contentUrl":"https:\/\/ecodef-ihedn.fr\/wp-content\/uploads\/2020\/04\/logo_sffp.jpg","width":150,"height":140},{"@type":"BreadcrumbList","@id":"https:\/\/ecodef-ihedn.fr\/intervention-de-julien-malizard-a-luniversite-dete-de-la-societe-francaise-de-finances-publiques\/#breadcrumb","itemListElement":[{"@type":"ListItem","position":1,"name":"Accueil","item":"https:\/\/ecodef-ihedn.fr\/"},{"@type":"ListItem","position":2,"name":"Intervention de Julien Malizard \u00e0 l&#8217;universit\u00e9 d&#8217;\u00e9t\u00e9 de la Soci\u00e9t\u00e9 Fran\u00e7aise de Finances Publiques"}]},{"@type":"WebSite","@id":"https:\/\/ecodef-ihedn.fr\/#website","url":"https:\/\/ecodef-ihedn.fr\/","name":"Chair in Defence Economics - IHEDN","description":"Produce &amp; support, federate &amp; disseminate, act as an interface","publisher":{"@id":"https:\/\/ecodef-ihedn.fr\/#organization"},"potentialAction":[{"@type":"SearchAction","target":{"@type":"EntryPoint","urlTemplate":"https:\/\/ecodef-ihedn.fr\/?s={search_term_string}"},"query-input":{"@type":"PropertyValueSpecification","valueRequired":true,"valueName":"search_term_string"}}],"inLanguage":"en-GB"},{"@type":"Organization","@id":"https:\/\/ecodef-ihedn.fr\/#organization","name":"Chair in Defence Economics - IHEDN","url":"https:\/\/ecodef-ihedn.fr\/","logo":{"@type":"ImageObject","inLanguage":"en-GB","@id":"https:\/\/ecodef-ihedn.fr\/#\/schema\/logo\/image\/","url":"https:\/\/ecodef-ihedn.fr\/wp-content\/uploads\/2020\/04\/logoEcodef9.jpg","contentUrl":"https:\/\/ecodef-ihedn.fr\/wp-content\/uploads\/2020\/04\/logoEcodef9.jpg","width":410,"height":212,"caption":"Chaire \u00c9conomie de d\u00e9fense - IHEDN"},"image":{"@id":"https:\/\/ecodef-ihedn.fr\/#\/schema\/logo\/image\/"},"sameAs":["https:\/\/x.com\/Chaire_Ecodef","https:\/\/www.linkedin.com\/company\/chaire-ecodef-ihedn\/"]},{"@type":"Person","@id":"https:\/\/ecodef-ihedn.fr\/#\/schema\/person\/7b3f1a2d8fd336e0be2f9ff63ff0ebbc","name":"dev","image":{"@type":"ImageObject","inLanguage":"en-GB","@id":"https:\/\/secure.gravatar.com\/avatar\/f1ffcac9ca2fa95ad3ec33e9be3ade82f752acb0cabe541e56c5889225afa88a?s=96&d=mm&r=g","url":"https:\/\/secure.gravatar.com\/avatar\/f1ffcac9ca2fa95ad3ec33e9be3ade82f752acb0cabe541e56c5889225afa88a?s=96&d=mm&r=g","contentUrl":"https:\/\/secure.gravatar.com\/avatar\/f1ffcac9ca2fa95ad3ec33e9be3ade82f752acb0cabe541e56c5889225afa88a?s=96&d=mm&r=g","caption":"dev"},"url":"https:\/\/ecodef-ihedn.fr\/en\/author\/dev\/"}]}},"_links":{"self":[{"href":"https:\/\/ecodef-ihedn.fr\/en\/wp-json\/wp\/v2\/posts\/1174","targetHints":{"allow":["GET"]}}],"collection":[{"href":"https:\/\/ecodef-ihedn.fr\/en\/wp-json\/wp\/v2\/posts"}],"about":[{"href":"https:\/\/ecodef-ihedn.fr\/en\/wp-json\/wp\/v2\/types\/post"}],"author":[{"embeddable":true,"href":"https:\/\/ecodef-ihedn.fr\/en\/wp-json\/wp\/v2\/users\/1"}],"replies":[{"embeddable":true,"href":"https:\/\/ecodef-ihedn.fr\/en\/wp-json\/wp\/v2\/comments?post=1174"}],"version-history":[{"count":2,"href":"https:\/\/ecodef-ihedn.fr\/en\/wp-json\/wp\/v2\/posts\/1174\/revisions"}],"predecessor-version":[{"id":1452,"href":"https:\/\/ecodef-ihedn.fr\/en\/wp-json\/wp\/v2\/posts\/1174\/revisions\/1452"}],"wp:featuredmedia":[{"embeddable":true,"href":"https:\/\/ecodef-ihedn.fr\/en\/wp-json\/wp\/v2\/media\/1175"}],"wp:attachment":[{"href":"https:\/\/ecodef-ihedn.fr\/en\/wp-json\/wp\/v2\/media?parent=1174"}],"wp:term":[{"taxonomy":"category","embeddable":true,"href":"https:\/\/ecodef-ihedn.fr\/en\/wp-json\/wp\/v2\/categories?post=1174"},{"taxonomy":"post_tag","embeddable":true,"href":"https:\/\/ecodef-ihedn.fr\/en\/wp-json\/wp\/v2\/tags?post=1174"}],"curies":[{"name":"wp","href":"https:\/\/api.w.org\/{rel}","templated":true}]}}