{"id":1178,"date":"2019-07-11T00:00:00","date_gmt":"2019-07-11T00:00:00","guid":{"rendered":"https:\/\/ecodef-ihedn.fr\/intervention-de-josselin-droff-a-la-114-eme-session-ihedn-jeunes-rennes-9-juillet-2019\/"},"modified":"2020-05-27T10:56:01","modified_gmt":"2020-05-27T10:56:01","slug":"intervention-de-josselin-droff-a-la-114-eme-session-ihedn-jeunes-rennes-9-juillet-2019","status":"publish","type":"post","link":"https:\/\/ecodef-ihedn.fr\/en\/intervention-de-josselin-droff-a-la-114-eme-session-ihedn-jeunes-rennes-9-juillet-2019\/","title":{"rendered":"Speech by Josselin Droff at the 114th \u00abIHEDN-Youth\u00bb session, Rennes, 9 July 2019"},"content":{"rendered":"<p><strong>Josselin Droff<\/strong>, researcher at the<strong> Chair in Defence Economics<\/strong> spoke at the <strong>114th \u00abIHEDN-Youth\u00bb session\u00bb<\/strong>, on Tuesday 9 July 2019 at the \u00c9cole des Transmissions in Cesson-S\u00e9vign\u00e9 (Rennes).<\/p>\n\n\n\n<p><strong>For over 30 years<\/strong>, l\u2019<a rel=\"noreferrer noopener\" aria-label=\"IHEDN (opens in a new tab)\" href=\"https:\/\/www.ihedn.fr\/\" target=\"_blank\">IHEDN<\/a> is setting up <a rel=\"noreferrer noopener\" aria-label=\"specific training (opens in a new tab)\" href=\"https:\/\/www.ihedn.fr\/formation\/cycles-ihedn-jeunes\" target=\"_blank\"><strong>specific training<\/strong><\/a><strong> <\/strong>for the attention of <strong>young students or working people<\/strong>, aged between twenty and thirty.  The aim of these sessions is to raise awareness of the major issues and challenges facing national defence and security.<\/p>\n\n\n\n<p>The intervention of <strong>Josselin Droff<\/strong> was entitled\u00ab\u00a0<em>France's DTIB between economic and strategic challenges<\/em>\u00ab . The aim was to present the <strong>main characteristics of the Defence Technological and Industrial Base (DTIB)<\/strong> <em>via<\/em> a division into <strong>three geographical levels<\/strong>.<\/p>\n\n\n\n<p>Visit <strong>national level<\/strong> <strong>(1) <\/strong>with a presentation of the main characteristics of the DTIB (jobs, nature of activities, innovation and R&amp;D) and the main challenges in economic and strategic terms (national sovereignty, strategic autonomy). At <strong>sub-national level (2)<\/strong> with a presentation of defence industry activities at regional level and the challenges in terms of structuring the regional economic fabric. Visit <strong>international level (3)<\/strong> Finally, there will be a discussion on the role of arms exports in the DTIB's economic model.<\/p>\n\n\n\n<div class=\"wp-block-image\"><figure class=\"aligncenter is-resized\"><img loading=\"lazy\" decoding=\"async\" src=\"https:\/\/ecodef-ihedn.fr\/wp-content\/uploads\/2020\/04\/ihedn_rennes_juillet_2019-1024x768.jpg\" alt=\"\" class=\"wp-image-7256\" width=\"440\" height=\"330\"\/><figcaption> 114th \u00abIHEDN-Youth\u00bb session, Tuesday 9 July 2019 at the \u00c9cole des Transmissions, Cesson-S\u00e9vign\u00e9 (Rennes) (Photo: IHEDN)<\/figcaption><\/figure><\/div>\n\n\n\n<p>This presentation was largely based on the <strong>publications of the Chair in Defence Economics<\/strong> as well as <strong>numerous works <\/strong>in which the Chair is involved <strong>since its creation<\/strong> <strong>in 2013.<\/strong><\/p>","protected":false},"excerpt":{"rendered":"<p>Josselin Droff, chercheur \u00e0 la Chaire \u00c9conomie de d\u00e9fense est intervenu lors de la 114\u00e8me session \u00ab\u00a0IHEDN-Jeunes\u00a0\u00bb, le mardi 9 juillet 2019 \u00e0 l\u2019\u00c9cole des Transmissions, \u00e0 Cesson-S\u00e9vign\u00e9 (Rennes). Depuis plus de 30, l\u2019IHEDN met en place des formations sp\u00e9cifiques \u00e0 l&rsquo;attention des jeunes \u00e9tudiants ou actifs, \u00e2g\u00e9s de vingt \u00e0 trente ans. L\u2019objectif de [&hellip;]<\/p>\n","protected":false},"author":1,"featured_media":1179,"comment_status":"open","ping_status":"open","sticky":false,"template":"","format":"standard","meta":{"footnotes":""},"categories":[356],"tags":[210,211,116,38,326,149,327],"class_list":{"0":"post-1178","1":"post","2":"type-post","3":"status-publish","4":"format-standard","5":"has-post-thumbnail","7":"category-activites-participation-de-la-chaire-a-un-evenement","8":"tag-base-industrielle-et-technologique-de-defense","9":"tag-bitd","10":"tag-economie-de-la-defense","11":"tag-ihedn","12":"tag-ihedn-jeunes","13":"tag-industrie-de-defense","14":"tag-session-jeunes"},"yoast_head":"<!-- This site is optimized with the Yoast SEO plugin v27.4 - https:\/\/yoast.com\/product\/yoast-seo-wordpress\/ -->\n<title>Intervention de Josselin Droff \u00e0 la 114 eme session &quot;IHEDN-Jeunes&quot;, Rennes, 9 juillet 2019 - Chaire \u00c9conomie de d\u00e9fense - IHEDN<\/title>\n<meta name=\"robots\" content=\"index, follow, max-snippet:-1, max-image-preview:large, max-video-preview:-1\" \/>\n<link rel=\"canonical\" href=\"https:\/\/ecodef-ihedn.fr\/en\/intervention-de-josselin-droff-a-la-114-eme-session-ihedn-jeunes-rennes-9-juillet-2019\/\" \/>\n<meta property=\"og:locale\" content=\"en_GB\" \/>\n<meta property=\"og:type\" content=\"article\" \/>\n<meta property=\"og:title\" content=\"Intervention de Josselin Droff \u00e0 la 114 eme session &quot;IHEDN-Jeunes&quot;, Rennes, 9 juillet 2019 - Chaire \u00c9conomie de d\u00e9fense - IHEDN\" \/>\n<meta property=\"og:description\" content=\"Josselin Droff, chercheur \u00e0 la Chaire \u00c9conomie de d\u00e9fense est intervenu lors de la 114\u00e8me session \u00ab\u00a0IHEDN-Jeunes\u00a0\u00bb, le mardi 9 juillet 2019 \u00e0 l\u2019\u00c9cole des Transmissions, \u00e0 Cesson-S\u00e9vign\u00e9 (Rennes). Depuis plus de 30, l\u2019IHEDN met en place des formations sp\u00e9cifiques \u00e0 l&rsquo;attention des jeunes \u00e9tudiants ou actifs, \u00e2g\u00e9s de vingt \u00e0 trente ans. L\u2019objectif de [&hellip;]\" \/>\n<meta property=\"og:url\" content=\"https:\/\/ecodef-ihedn.fr\/en\/intervention-de-josselin-droff-a-la-114-eme-session-ihedn-jeunes-rennes-9-juillet-2019\/\" \/>\n<meta property=\"og:site_name\" content=\"Chaire \u00c9conomie de d\u00e9fense - IHEDN\" \/>\n<meta property=\"article:published_time\" content=\"2019-07-11T00:00:00+00:00\" \/>\n<meta property=\"article:modified_time\" content=\"2020-05-27T10:56:01+00:00\" \/>\n<meta property=\"og:image\" content=\"https:\/\/ecodef-ihedn.fr\/wp-content\/uploads\/2020\/04\/ihedn_rennes_juillet_2019.jpg\" \/>\n\t<meta property=\"og:image:width\" content=\"2048\" \/>\n\t<meta property=\"og:image:height\" content=\"1536\" \/>\n\t<meta property=\"og:image:type\" content=\"image\/jpeg\" \/>\n<meta name=\"author\" content=\"dev\" \/>\n<meta name=\"twitter:card\" content=\"summary_large_image\" \/>\n<meta name=\"twitter:creator\" content=\"@Chaire_Ecodef\" \/>\n<meta name=\"twitter:site\" content=\"@Chaire_Ecodef\" \/>\n<meta name=\"twitter:label1\" content=\"Written by\" \/>\n\t<meta name=\"twitter:data1\" content=\"dev\" \/>\n\t<meta name=\"twitter:label2\" content=\"Estimated reading time\" \/>\n\t<meta name=\"twitter:data2\" content=\"1 minute\" \/>\n<script type=\"application\/ld+json\" class=\"yoast-schema-graph\">{\"@context\":\"https:\\\/\\\/schema.org\",\"@graph\":[{\"@type\":\"Article\",\"@id\":\"https:\\\/\\\/ecodef-ihedn.fr\\\/intervention-de-josselin-droff-a-la-114-eme-session-ihedn-jeunes-rennes-9-juillet-2019\\\/#article\",\"isPartOf\":{\"@id\":\"https:\\\/\\\/ecodef-ihedn.fr\\\/intervention-de-josselin-droff-a-la-114-eme-session-ihedn-jeunes-rennes-9-juillet-2019\\\/\"},\"author\":{\"name\":\"dev\",\"@id\":\"https:\\\/\\\/ecodef-ihedn.fr\\\/#\\\/schema\\\/person\\\/7b3f1a2d8fd336e0be2f9ff63ff0ebbc\"},\"headline\":\"Intervention de Josselin Droff \u00e0 la 114 eme session \u00ab\u00a0IHEDN-Jeunes\u00a0\u00bb, Rennes, 9 juillet 2019\",\"datePublished\":\"2019-07-11T00:00:00+00:00\",\"dateModified\":\"2020-05-27T10:56:01+00:00\",\"mainEntityOfPage\":{\"@id\":\"https:\\\/\\\/ecodef-ihedn.fr\\\/intervention-de-josselin-droff-a-la-114-eme-session-ihedn-jeunes-rennes-9-juillet-2019\\\/\"},\"wordCount\":280,\"commentCount\":0,\"publisher\":{\"@id\":\"https:\\\/\\\/ecodef-ihedn.fr\\\/#organization\"},\"image\":{\"@id\":\"https:\\\/\\\/ecodef-ihedn.fr\\\/intervention-de-josselin-droff-a-la-114-eme-session-ihedn-jeunes-rennes-9-juillet-2019\\\/#primaryimage\"},\"thumbnailUrl\":\"https:\\\/\\\/ecodef-ihedn.fr\\\/wp-content\\\/uploads\\\/2020\\\/04\\\/ihedn_rennes_juillet_2019.jpg\",\"keywords\":[\"Base Industrielle et Technologique de D\u00e9fense\",\"BITD\",\"Economie de la D\u00e9fense\",\"IHEDN\",\"IHEDN Jeunes\",\"industrie de d\u00e9fense\",\"Session Jeunes\"],\"articleSection\":[\"Activit\u00e9s : participation de la Chaire \u00e0 un \u00e9v\u00e9nement\"],\"inLanguage\":\"en-GB\",\"potentialAction\":[{\"@type\":\"CommentAction\",\"name\":\"Comment\",\"target\":[\"https:\\\/\\\/ecodef-ihedn.fr\\\/intervention-de-josselin-droff-a-la-114-eme-session-ihedn-jeunes-rennes-9-juillet-2019\\\/#respond\"]}]},{\"@type\":\"WebPage\",\"@id\":\"https:\\\/\\\/ecodef-ihedn.fr\\\/intervention-de-josselin-droff-a-la-114-eme-session-ihedn-jeunes-rennes-9-juillet-2019\\\/\",\"url\":\"https:\\\/\\\/ecodef-ihedn.fr\\\/intervention-de-josselin-droff-a-la-114-eme-session-ihedn-jeunes-rennes-9-juillet-2019\\\/\",\"name\":\"Intervention de Josselin Droff \u00e0 la 114 eme session \\\"IHEDN-Jeunes\\\", Rennes, 9 juillet 2019 - Chaire \u00c9conomie de d\u00e9fense - IHEDN\",\"isPartOf\":{\"@id\":\"https:\\\/\\\/ecodef-ihedn.fr\\\/#website\"},\"primaryImageOfPage\":{\"@id\":\"https:\\\/\\\/ecodef-ihedn.fr\\\/intervention-de-josselin-droff-a-la-114-eme-session-ihedn-jeunes-rennes-9-juillet-2019\\\/#primaryimage\"},\"image\":{\"@id\":\"https:\\\/\\\/ecodef-ihedn.fr\\\/intervention-de-josselin-droff-a-la-114-eme-session-ihedn-jeunes-rennes-9-juillet-2019\\\/#primaryimage\"},\"thumbnailUrl\":\"https:\\\/\\\/ecodef-ihedn.fr\\\/wp-content\\\/uploads\\\/2020\\\/04\\\/ihedn_rennes_juillet_2019.jpg\",\"datePublished\":\"2019-07-11T00:00:00+00:00\",\"dateModified\":\"2020-05-27T10:56:01+00:00\",\"breadcrumb\":{\"@id\":\"https:\\\/\\\/ecodef-ihedn.fr\\\/intervention-de-josselin-droff-a-la-114-eme-session-ihedn-jeunes-rennes-9-juillet-2019\\\/#breadcrumb\"},\"inLanguage\":\"en-GB\",\"potentialAction\":[{\"@type\":\"ReadAction\",\"target\":[\"https:\\\/\\\/ecodef-ihedn.fr\\\/intervention-de-josselin-droff-a-la-114-eme-session-ihedn-jeunes-rennes-9-juillet-2019\\\/\"]}]},{\"@type\":\"ImageObject\",\"inLanguage\":\"en-GB\",\"@id\":\"https:\\\/\\\/ecodef-ihedn.fr\\\/intervention-de-josselin-droff-a-la-114-eme-session-ihedn-jeunes-rennes-9-juillet-2019\\\/#primaryimage\",\"url\":\"https:\\\/\\\/ecodef-ihedn.fr\\\/wp-content\\\/uploads\\\/2020\\\/04\\\/ihedn_rennes_juillet_2019.jpg\",\"contentUrl\":\"https:\\\/\\\/ecodef-ihedn.fr\\\/wp-content\\\/uploads\\\/2020\\\/04\\\/ihedn_rennes_juillet_2019.jpg\",\"width\":2048,\"height\":1536},{\"@type\":\"BreadcrumbList\",\"@id\":\"https:\\\/\\\/ecodef-ihedn.fr\\\/intervention-de-josselin-droff-a-la-114-eme-session-ihedn-jeunes-rennes-9-juillet-2019\\\/#breadcrumb\",\"itemListElement\":[{\"@type\":\"ListItem\",\"position\":1,\"name\":\"Accueil\",\"item\":\"https:\\\/\\\/ecodef-ihedn.fr\\\/\"},{\"@type\":\"ListItem\",\"position\":2,\"name\":\"Intervention de Josselin Droff \u00e0 la 114 eme session &#8220;IHEDN-Jeunes&#8221;, Rennes, 9 juillet 2019\"}]},{\"@type\":\"WebSite\",\"@id\":\"https:\\\/\\\/ecodef-ihedn.fr\\\/#website\",\"url\":\"https:\\\/\\\/ecodef-ihedn.fr\\\/\",\"name\":\"Chaire \u00c9conomie de D\u00e9fense - IHEDN\",\"description\":\"Produire &amp; soutenir, f\u00e9d\u00e9rer &amp; diffuser, \u00eatre une interface\",\"publisher\":{\"@id\":\"https:\\\/\\\/ecodef-ihedn.fr\\\/#organization\"},\"potentialAction\":[{\"@type\":\"SearchAction\",\"target\":{\"@type\":\"EntryPoint\",\"urlTemplate\":\"https:\\\/\\\/ecodef-ihedn.fr\\\/?s={search_term_string}\"},\"query-input\":{\"@type\":\"PropertyValueSpecification\",\"valueRequired\":true,\"valueName\":\"search_term_string\"}}],\"inLanguage\":\"en-GB\"},{\"@type\":\"Organization\",\"@id\":\"https:\\\/\\\/ecodef-ihedn.fr\\\/#organization\",\"name\":\"Chaire \u00c9conomie de d\u00e9fense - IHEDN\",\"url\":\"https:\\\/\\\/ecodef-ihedn.fr\\\/\",\"logo\":{\"@type\":\"ImageObject\",\"inLanguage\":\"en-GB\",\"@id\":\"https:\\\/\\\/ecodef-ihedn.fr\\\/#\\\/schema\\\/logo\\\/image\\\/\",\"url\":\"https:\\\/\\\/ecodef-ihedn.fr\\\/wp-content\\\/uploads\\\/2020\\\/04\\\/logoEcodef9.jpg\",\"contentUrl\":\"https:\\\/\\\/ecodef-ihedn.fr\\\/wp-content\\\/uploads\\\/2020\\\/04\\\/logoEcodef9.jpg\",\"width\":410,\"height\":212,\"caption\":\"Chaire \u00c9conomie de d\u00e9fense - IHEDN\"},\"image\":{\"@id\":\"https:\\\/\\\/ecodef-ihedn.fr\\\/#\\\/schema\\\/logo\\\/image\\\/\"},\"sameAs\":[\"https:\\\/\\\/x.com\\\/Chaire_Ecodef\",\"https:\\\/\\\/www.linkedin.com\\\/company\\\/chaire-ecodef-ihedn\\\/\"]},{\"@type\":\"Person\",\"@id\":\"https:\\\/\\\/ecodef-ihedn.fr\\\/#\\\/schema\\\/person\\\/7b3f1a2d8fd336e0be2f9ff63ff0ebbc\",\"name\":\"dev\",\"image\":{\"@type\":\"ImageObject\",\"inLanguage\":\"en-GB\",\"@id\":\"https:\\\/\\\/secure.gravatar.com\\\/avatar\\\/f1ffcac9ca2fa95ad3ec33e9be3ade82f752acb0cabe541e56c5889225afa88a?s=96&d=mm&r=g\",\"url\":\"https:\\\/\\\/secure.gravatar.com\\\/avatar\\\/f1ffcac9ca2fa95ad3ec33e9be3ade82f752acb0cabe541e56c5889225afa88a?s=96&d=mm&r=g\",\"contentUrl\":\"https:\\\/\\\/secure.gravatar.com\\\/avatar\\\/f1ffcac9ca2fa95ad3ec33e9be3ade82f752acb0cabe541e56c5889225afa88a?s=96&d=mm&r=g\",\"caption\":\"dev\"},\"url\":\"https:\\\/\\\/ecodef-ihedn.fr\\\/en\\\/author\\\/dev\\\/\"}]}<\/script>\n<!-- \/ Yoast SEO plugin. -->","yoast_head_json":{"title":"Intervention de Josselin Droff \u00e0 la 114 eme session \"IHEDN-Jeunes\", Rennes, 9 juillet 2019 - Chaire \u00c9conomie de d\u00e9fense - IHEDN","robots":{"index":"index","follow":"follow","max-snippet":"max-snippet:-1","max-image-preview":"max-image-preview:large","max-video-preview":"max-video-preview:-1"},"canonical":"https:\/\/ecodef-ihedn.fr\/en\/intervention-de-josselin-droff-a-la-114-eme-session-ihedn-jeunes-rennes-9-juillet-2019\/","og_locale":"en_GB","og_type":"article","og_title":"Intervention de Josselin Droff \u00e0 la 114 eme session \"IHEDN-Jeunes\", Rennes, 9 juillet 2019 - Chaire \u00c9conomie de d\u00e9fense - IHEDN","og_description":"Josselin Droff, chercheur \u00e0 la Chaire \u00c9conomie de d\u00e9fense est intervenu lors de la 114\u00e8me session \u00ab\u00a0IHEDN-Jeunes\u00a0\u00bb, le mardi 9 juillet 2019 \u00e0 l\u2019\u00c9cole des Transmissions, \u00e0 Cesson-S\u00e9vign\u00e9 (Rennes). Depuis plus de 30, l\u2019IHEDN met en place des formations sp\u00e9cifiques \u00e0 l&rsquo;attention des jeunes \u00e9tudiants ou actifs, \u00e2g\u00e9s de vingt \u00e0 trente ans. L\u2019objectif de [&hellip;]","og_url":"https:\/\/ecodef-ihedn.fr\/en\/intervention-de-josselin-droff-a-la-114-eme-session-ihedn-jeunes-rennes-9-juillet-2019\/","og_site_name":"Chaire \u00c9conomie de d\u00e9fense - IHEDN","article_published_time":"2019-07-11T00:00:00+00:00","article_modified_time":"2020-05-27T10:56:01+00:00","og_image":[{"width":2048,"height":1536,"url":"https:\/\/ecodef-ihedn.fr\/wp-content\/uploads\/2020\/04\/ihedn_rennes_juillet_2019.jpg","type":"image\/jpeg"}],"author":"dev","twitter_card":"summary_large_image","twitter_creator":"@Chaire_Ecodef","twitter_site":"@Chaire_Ecodef","twitter_misc":{"Written by":"dev","Estimated reading time":"1 minute"},"schema":{"@context":"https:\/\/schema.org","@graph":[{"@type":"Article","@id":"https:\/\/ecodef-ihedn.fr\/intervention-de-josselin-droff-a-la-114-eme-session-ihedn-jeunes-rennes-9-juillet-2019\/#article","isPartOf":{"@id":"https:\/\/ecodef-ihedn.fr\/intervention-de-josselin-droff-a-la-114-eme-session-ihedn-jeunes-rennes-9-juillet-2019\/"},"author":{"name":"dev","@id":"https:\/\/ecodef-ihedn.fr\/#\/schema\/person\/7b3f1a2d8fd336e0be2f9ff63ff0ebbc"},"headline":"Intervention de Josselin Droff \u00e0 la 114 eme session \u00ab\u00a0IHEDN-Jeunes\u00a0\u00bb, Rennes, 9 juillet 2019","datePublished":"2019-07-11T00:00:00+00:00","dateModified":"2020-05-27T10:56:01+00:00","mainEntityOfPage":{"@id":"https:\/\/ecodef-ihedn.fr\/intervention-de-josselin-droff-a-la-114-eme-session-ihedn-jeunes-rennes-9-juillet-2019\/"},"wordCount":280,"commentCount":0,"publisher":{"@id":"https:\/\/ecodef-ihedn.fr\/#organization"},"image":{"@id":"https:\/\/ecodef-ihedn.fr\/intervention-de-josselin-droff-a-la-114-eme-session-ihedn-jeunes-rennes-9-juillet-2019\/#primaryimage"},"thumbnailUrl":"https:\/\/ecodef-ihedn.fr\/wp-content\/uploads\/2020\/04\/ihedn_rennes_juillet_2019.jpg","keywords":["Base Industrielle et Technologique de D\u00e9fense","BITD","Economie de la D\u00e9fense","IHEDN","IHEDN Jeunes","industrie de d\u00e9fense","Session Jeunes"],"articleSection":["Activit\u00e9s : participation de la Chaire \u00e0 un \u00e9v\u00e9nement"],"inLanguage":"en-GB","potentialAction":[{"@type":"CommentAction","name":"Comment","target":["https:\/\/ecodef-ihedn.fr\/intervention-de-josselin-droff-a-la-114-eme-session-ihedn-jeunes-rennes-9-juillet-2019\/#respond"]}]},{"@type":"WebPage","@id":"https:\/\/ecodef-ihedn.fr\/intervention-de-josselin-droff-a-la-114-eme-session-ihedn-jeunes-rennes-9-juillet-2019\/","url":"https:\/\/ecodef-ihedn.fr\/intervention-de-josselin-droff-a-la-114-eme-session-ihedn-jeunes-rennes-9-juillet-2019\/","name":"Intervention de Josselin Droff \u00e0 la 114 eme session \"IHEDN-Jeunes\", Rennes, 9 juillet 2019 - Chaire \u00c9conomie de d\u00e9fense - IHEDN","isPartOf":{"@id":"https:\/\/ecodef-ihedn.fr\/#website"},"primaryImageOfPage":{"@id":"https:\/\/ecodef-ihedn.fr\/intervention-de-josselin-droff-a-la-114-eme-session-ihedn-jeunes-rennes-9-juillet-2019\/#primaryimage"},"image":{"@id":"https:\/\/ecodef-ihedn.fr\/intervention-de-josselin-droff-a-la-114-eme-session-ihedn-jeunes-rennes-9-juillet-2019\/#primaryimage"},"thumbnailUrl":"https:\/\/ecodef-ihedn.fr\/wp-content\/uploads\/2020\/04\/ihedn_rennes_juillet_2019.jpg","datePublished":"2019-07-11T00:00:00+00:00","dateModified":"2020-05-27T10:56:01+00:00","breadcrumb":{"@id":"https:\/\/ecodef-ihedn.fr\/intervention-de-josselin-droff-a-la-114-eme-session-ihedn-jeunes-rennes-9-juillet-2019\/#breadcrumb"},"inLanguage":"en-GB","potentialAction":[{"@type":"ReadAction","target":["https:\/\/ecodef-ihedn.fr\/intervention-de-josselin-droff-a-la-114-eme-session-ihedn-jeunes-rennes-9-juillet-2019\/"]}]},{"@type":"ImageObject","inLanguage":"en-GB","@id":"https:\/\/ecodef-ihedn.fr\/intervention-de-josselin-droff-a-la-114-eme-session-ihedn-jeunes-rennes-9-juillet-2019\/#primaryimage","url":"https:\/\/ecodef-ihedn.fr\/wp-content\/uploads\/2020\/04\/ihedn_rennes_juillet_2019.jpg","contentUrl":"https:\/\/ecodef-ihedn.fr\/wp-content\/uploads\/2020\/04\/ihedn_rennes_juillet_2019.jpg","width":2048,"height":1536},{"@type":"BreadcrumbList","@id":"https:\/\/ecodef-ihedn.fr\/intervention-de-josselin-droff-a-la-114-eme-session-ihedn-jeunes-rennes-9-juillet-2019\/#breadcrumb","itemListElement":[{"@type":"ListItem","position":1,"name":"Accueil","item":"https:\/\/ecodef-ihedn.fr\/"},{"@type":"ListItem","position":2,"name":"Intervention de Josselin Droff \u00e0 la 114 eme session &#8220;IHEDN-Jeunes&#8221;, Rennes, 9 juillet 2019"}]},{"@type":"WebSite","@id":"https:\/\/ecodef-ihedn.fr\/#website","url":"https:\/\/ecodef-ihedn.fr\/","name":"Chair in Defence Economics - IHEDN","description":"Produce &amp; support, federate &amp; disseminate, act as an interface","publisher":{"@id":"https:\/\/ecodef-ihedn.fr\/#organization"},"potentialAction":[{"@type":"SearchAction","target":{"@type":"EntryPoint","urlTemplate":"https:\/\/ecodef-ihedn.fr\/?s={search_term_string}"},"query-input":{"@type":"PropertyValueSpecification","valueRequired":true,"valueName":"search_term_string"}}],"inLanguage":"en-GB"},{"@type":"Organization","@id":"https:\/\/ecodef-ihedn.fr\/#organization","name":"Chair in Defence Economics - IHEDN","url":"https:\/\/ecodef-ihedn.fr\/","logo":{"@type":"ImageObject","inLanguage":"en-GB","@id":"https:\/\/ecodef-ihedn.fr\/#\/schema\/logo\/image\/","url":"https:\/\/ecodef-ihedn.fr\/wp-content\/uploads\/2020\/04\/logoEcodef9.jpg","contentUrl":"https:\/\/ecodef-ihedn.fr\/wp-content\/uploads\/2020\/04\/logoEcodef9.jpg","width":410,"height":212,"caption":"Chaire \u00c9conomie de d\u00e9fense - IHEDN"},"image":{"@id":"https:\/\/ecodef-ihedn.fr\/#\/schema\/logo\/image\/"},"sameAs":["https:\/\/x.com\/Chaire_Ecodef","https:\/\/www.linkedin.com\/company\/chaire-ecodef-ihedn\/"]},{"@type":"Person","@id":"https:\/\/ecodef-ihedn.fr\/#\/schema\/person\/7b3f1a2d8fd336e0be2f9ff63ff0ebbc","name":"dev","image":{"@type":"ImageObject","inLanguage":"en-GB","@id":"https:\/\/secure.gravatar.com\/avatar\/f1ffcac9ca2fa95ad3ec33e9be3ade82f752acb0cabe541e56c5889225afa88a?s=96&d=mm&r=g","url":"https:\/\/secure.gravatar.com\/avatar\/f1ffcac9ca2fa95ad3ec33e9be3ade82f752acb0cabe541e56c5889225afa88a?s=96&d=mm&r=g","contentUrl":"https:\/\/secure.gravatar.com\/avatar\/f1ffcac9ca2fa95ad3ec33e9be3ade82f752acb0cabe541e56c5889225afa88a?s=96&d=mm&r=g","caption":"dev"},"url":"https:\/\/ecodef-ihedn.fr\/en\/author\/dev\/"}]}},"_links":{"self":[{"href":"https:\/\/ecodef-ihedn.fr\/en\/wp-json\/wp\/v2\/posts\/1178","targetHints":{"allow":["GET"]}}],"collection":[{"href":"https:\/\/ecodef-ihedn.fr\/en\/wp-json\/wp\/v2\/posts"}],"about":[{"href":"https:\/\/ecodef-ihedn.fr\/en\/wp-json\/wp\/v2\/types\/post"}],"author":[{"embeddable":true,"href":"https:\/\/ecodef-ihedn.fr\/en\/wp-json\/wp\/v2\/users\/1"}],"replies":[{"embeddable":true,"href":"https:\/\/ecodef-ihedn.fr\/en\/wp-json\/wp\/v2\/comments?post=1178"}],"version-history":[{"count":3,"href":"https:\/\/ecodef-ihedn.fr\/en\/wp-json\/wp\/v2\/posts\/1178\/revisions"}],"predecessor-version":[{"id":1863,"href":"https:\/\/ecodef-ihedn.fr\/en\/wp-json\/wp\/v2\/posts\/1178\/revisions\/1863"}],"wp:featuredmedia":[{"embeddable":true,"href":"https:\/\/ecodef-ihedn.fr\/en\/wp-json\/wp\/v2\/media\/1179"}],"wp:attachment":[{"href":"https:\/\/ecodef-ihedn.fr\/en\/wp-json\/wp\/v2\/media?parent=1178"}],"wp:term":[{"taxonomy":"category","embeddable":true,"href":"https:\/\/ecodef-ihedn.fr\/en\/wp-json\/wp\/v2\/categories?post=1178"},{"taxonomy":"post_tag","embeddable":true,"href":"https:\/\/ecodef-ihedn.fr\/en\/wp-json\/wp\/v2\/tags?post=1178"}],"curies":[{"name":"wp","href":"https:\/\/api.w.org\/{rel}","templated":true}]}}