{"id":1180,"date":"2019-09-12T00:00:00","date_gmt":"2019-09-12T00:00:00","guid":{"rendered":"https:\/\/ecodef-ihedn.fr\/intervention-de-jean-belin-a-la-217eme-session-en-region-de-lihedn-a-toulouse-le-13-septembre-2019\/"},"modified":"2020-04-09T11:01:01","modified_gmt":"2020-04-09T11:01:01","slug":"intervention-de-jean-belin-a-la-217eme-session-en-region-de-lihedn-a-toulouse-le-13-septembre-2019","status":"publish","type":"post","link":"https:\/\/ecodef-ihedn.fr\/en\/intervention-de-jean-belin-a-la-217eme-session-en-region-de-lihedn-a-toulouse-le-13-septembre-2019\/","title":{"rendered":"Speech by Jean Belin at the 217th regional session of the IHEDN, in Toulouse on 13 September 2019"},"content":{"rendered":"<p><strong><a href=\"https:\/\/conflictarm.u-bordeaux.fr\/L-equipe\/Porteurs-du-projet\/BELIN-Jean\" target=\"_blank\" rel=\"noreferrer noopener\" aria-label=\"Jean Belin (opens in a new tab)\">Jean Belin<\/a><\/strong>, holder of the <strong>Chair in Defence Economics<\/strong> will be speaking at the 217th regional session of the IHEDN on <strong>13 September from 2.30 to 4.00 pm<\/strong> \u00e0 <strong>Toulouse<\/strong> (23 impasse de Maubec) on the following theme: \u00ab <strong>The stakes and challenges of armaments industrial policy<\/strong> \u00bb<br>     <\/p>\n\n\n\n<div class=\"wp-block-image\"><figure class=\"aligncenter\"><img decoding=\"async\" src=\"https:\/\/ecodef-ihedn.fr\/wp-content\/uploads\/2020\/04\/ihedn_regionmidi_pyre.jpg\" alt=\"\" class=\"wp-image-7295\" \/><\/figure><\/div>","protected":false},"excerpt":{"rendered":"<p>Jean Belin, titulaire de la Chaire \u00c9conomie de d\u00e9fense interviendra lors de la 217e session en r\u00e9gion de l\u2019IHEDN, le 13 septembre de 14h30 \u00e0 16h00 \u00e0 Toulouse (23 impasse de Maubec) sur le th\u00e8me suivant: \u00ab Enjeux et d\u00e9fis de la politique industrielle de l&rsquo;armement \u00bb<\/p>","protected":false},"author":1,"featured_media":1181,"comment_status":"open","ping_status":"open","sticky":false,"template":"","format":"standard","meta":{"footnotes":""},"categories":[356],"tags":[210,211,38,183],"class_list":{"0":"post-1180","1":"post","2":"type-post","3":"status-publish","4":"format-standard","5":"has-post-thumbnail","7":"category-activites-participation-de-la-chaire-a-un-evenement","8":"tag-base-industrielle-et-technologique-de-defense","9":"tag-bitd","10":"tag-ihedn","11":"tag-politique-de-defense"},"yoast_head":"<!-- This site is optimized with the Yoast SEO plugin v27.4 - https:\/\/yoast.com\/product\/yoast-seo-wordpress\/ -->\n<title>Intervention de Jean Belin \u00e0 la 217\u00e8me session en r\u00e9gion de l\u2019IHEDN, \u00e0 Toulouse le 13 septembre 2019 - Chaire \u00c9conomie de d\u00e9fense - IHEDN<\/title>\n<meta name=\"robots\" content=\"index, follow, max-snippet:-1, max-image-preview:large, max-video-preview:-1\" \/>\n<link rel=\"canonical\" href=\"https:\/\/ecodef-ihedn.fr\/en\/intervention-de-jean-belin-a-la-217eme-session-en-region-de-lihedn-a-toulouse-le-13-septembre-2019\/\" \/>\n<meta property=\"og:locale\" content=\"en_GB\" \/>\n<meta property=\"og:type\" content=\"article\" \/>\n<meta property=\"og:title\" content=\"Intervention de Jean Belin \u00e0 la 217\u00e8me session en r\u00e9gion de l\u2019IHEDN, \u00e0 Toulouse le 13 septembre 2019 - Chaire \u00c9conomie de d\u00e9fense - IHEDN\" \/>\n<meta property=\"og:description\" content=\"Jean Belin, titulaire de la Chaire \u00c9conomie de d\u00e9fense interviendra lors de la 217e session en r\u00e9gion de l\u2019IHEDN, le 13 septembre de 14h30 \u00e0 16h00 \u00e0 Toulouse (23 impasse de Maubec) sur le th\u00e8me suivant: \u00ab Enjeux et d\u00e9fis de la politique industrielle de l&rsquo;armement \u00bb\" \/>\n<meta property=\"og:url\" content=\"https:\/\/ecodef-ihedn.fr\/en\/intervention-de-jean-belin-a-la-217eme-session-en-region-de-lihedn-a-toulouse-le-13-septembre-2019\/\" \/>\n<meta property=\"og:site_name\" content=\"Chaire \u00c9conomie de d\u00e9fense - IHEDN\" \/>\n<meta property=\"article:published_time\" content=\"2019-09-12T00:00:00+00:00\" \/>\n<meta property=\"article:modified_time\" content=\"2020-04-09T11:01:01+00:00\" \/>\n<meta property=\"og:image\" content=\"https:\/\/ecodef-ihedn.fr\/wp-content\/uploads\/2020\/04\/ihedn_regionmidi_pyre.jpg\" \/>\n\t<meta property=\"og:image:width\" content=\"120\" \/>\n\t<meta property=\"og:image:height\" content=\"183\" \/>\n\t<meta property=\"og:image:type\" content=\"image\/jpeg\" \/>\n<meta name=\"author\" content=\"dev\" \/>\n<meta name=\"twitter:card\" content=\"summary_large_image\" \/>\n<meta name=\"twitter:creator\" content=\"@Chaire_Ecodef\" \/>\n<meta name=\"twitter:site\" content=\"@Chaire_Ecodef\" \/>\n<meta name=\"twitter:label1\" content=\"Written by\" \/>\n\t<meta name=\"twitter:data1\" content=\"dev\" \/>\n<script type=\"application\/ld+json\" class=\"yoast-schema-graph\">{\"@context\":\"https:\\\/\\\/schema.org\",\"@graph\":[{\"@type\":\"Article\",\"@id\":\"https:\\\/\\\/ecodef-ihedn.fr\\\/intervention-de-jean-belin-a-la-217eme-session-en-region-de-lihedn-a-toulouse-le-13-septembre-2019\\\/#article\",\"isPartOf\":{\"@id\":\"https:\\\/\\\/ecodef-ihedn.fr\\\/intervention-de-jean-belin-a-la-217eme-session-en-region-de-lihedn-a-toulouse-le-13-septembre-2019\\\/\"},\"author\":{\"name\":\"dev\",\"@id\":\"https:\\\/\\\/ecodef-ihedn.fr\\\/#\\\/schema\\\/person\\\/7b3f1a2d8fd336e0be2f9ff63ff0ebbc\"},\"headline\":\"Intervention de Jean Belin \u00e0 la 217\u00e8me session en r\u00e9gion de l\u2019IHEDN, \u00e0 Toulouse le 13 septembre 2019\",\"datePublished\":\"2019-09-12T00:00:00+00:00\",\"dateModified\":\"2020-04-09T11:01:01+00:00\",\"mainEntityOfPage\":{\"@id\":\"https:\\\/\\\/ecodef-ihedn.fr\\\/intervention-de-jean-belin-a-la-217eme-session-en-region-de-lihedn-a-toulouse-le-13-septembre-2019\\\/\"},\"wordCount\":63,\"commentCount\":0,\"publisher\":{\"@id\":\"https:\\\/\\\/ecodef-ihedn.fr\\\/#organization\"},\"image\":{\"@id\":\"https:\\\/\\\/ecodef-ihedn.fr\\\/intervention-de-jean-belin-a-la-217eme-session-en-region-de-lihedn-a-toulouse-le-13-septembre-2019\\\/#primaryimage\"},\"thumbnailUrl\":\"https:\\\/\\\/ecodef-ihedn.fr\\\/wp-content\\\/uploads\\\/2020\\\/04\\\/ihedn_regionmidi_pyre.jpg\",\"keywords\":[\"Base Industrielle et Technologique de D\u00e9fense\",\"BITD\",\"IHEDN\",\"politique de d\u00e9fense\"],\"articleSection\":[\"Activit\u00e9s : participation de la Chaire \u00e0 un \u00e9v\u00e9nement\"],\"inLanguage\":\"en-GB\",\"potentialAction\":[{\"@type\":\"CommentAction\",\"name\":\"Comment\",\"target\":[\"https:\\\/\\\/ecodef-ihedn.fr\\\/intervention-de-jean-belin-a-la-217eme-session-en-region-de-lihedn-a-toulouse-le-13-septembre-2019\\\/#respond\"]}]},{\"@type\":\"WebPage\",\"@id\":\"https:\\\/\\\/ecodef-ihedn.fr\\\/intervention-de-jean-belin-a-la-217eme-session-en-region-de-lihedn-a-toulouse-le-13-septembre-2019\\\/\",\"url\":\"https:\\\/\\\/ecodef-ihedn.fr\\\/intervention-de-jean-belin-a-la-217eme-session-en-region-de-lihedn-a-toulouse-le-13-septembre-2019\\\/\",\"name\":\"Intervention de Jean Belin \u00e0 la 217\u00e8me session en r\u00e9gion de l\u2019IHEDN, \u00e0 Toulouse le 13 septembre 2019 - Chaire \u00c9conomie de d\u00e9fense - IHEDN\",\"isPartOf\":{\"@id\":\"https:\\\/\\\/ecodef-ihedn.fr\\\/#website\"},\"primaryImageOfPage\":{\"@id\":\"https:\\\/\\\/ecodef-ihedn.fr\\\/intervention-de-jean-belin-a-la-217eme-session-en-region-de-lihedn-a-toulouse-le-13-septembre-2019\\\/#primaryimage\"},\"image\":{\"@id\":\"https:\\\/\\\/ecodef-ihedn.fr\\\/intervention-de-jean-belin-a-la-217eme-session-en-region-de-lihedn-a-toulouse-le-13-septembre-2019\\\/#primaryimage\"},\"thumbnailUrl\":\"https:\\\/\\\/ecodef-ihedn.fr\\\/wp-content\\\/uploads\\\/2020\\\/04\\\/ihedn_regionmidi_pyre.jpg\",\"datePublished\":\"2019-09-12T00:00:00+00:00\",\"dateModified\":\"2020-04-09T11:01:01+00:00\",\"breadcrumb\":{\"@id\":\"https:\\\/\\\/ecodef-ihedn.fr\\\/intervention-de-jean-belin-a-la-217eme-session-en-region-de-lihedn-a-toulouse-le-13-septembre-2019\\\/#breadcrumb\"},\"inLanguage\":\"en-GB\",\"potentialAction\":[{\"@type\":\"ReadAction\",\"target\":[\"https:\\\/\\\/ecodef-ihedn.fr\\\/intervention-de-jean-belin-a-la-217eme-session-en-region-de-lihedn-a-toulouse-le-13-septembre-2019\\\/\"]}]},{\"@type\":\"ImageObject\",\"inLanguage\":\"en-GB\",\"@id\":\"https:\\\/\\\/ecodef-ihedn.fr\\\/intervention-de-jean-belin-a-la-217eme-session-en-region-de-lihedn-a-toulouse-le-13-septembre-2019\\\/#primaryimage\",\"url\":\"https:\\\/\\\/ecodef-ihedn.fr\\\/wp-content\\\/uploads\\\/2020\\\/04\\\/ihedn_regionmidi_pyre.jpg\",\"contentUrl\":\"https:\\\/\\\/ecodef-ihedn.fr\\\/wp-content\\\/uploads\\\/2020\\\/04\\\/ihedn_regionmidi_pyre.jpg\",\"width\":120,\"height\":183},{\"@type\":\"BreadcrumbList\",\"@id\":\"https:\\\/\\\/ecodef-ihedn.fr\\\/intervention-de-jean-belin-a-la-217eme-session-en-region-de-lihedn-a-toulouse-le-13-septembre-2019\\\/#breadcrumb\",\"itemListElement\":[{\"@type\":\"ListItem\",\"position\":1,\"name\":\"Accueil\",\"item\":\"https:\\\/\\\/ecodef-ihedn.fr\\\/\"},{\"@type\":\"ListItem\",\"position\":2,\"name\":\"Intervention de Jean Belin \u00e0 la 217\u00e8me session en r\u00e9gion de l\u2019IHEDN, \u00e0 Toulouse le 13 septembre 2019\"}]},{\"@type\":\"WebSite\",\"@id\":\"https:\\\/\\\/ecodef-ihedn.fr\\\/#website\",\"url\":\"https:\\\/\\\/ecodef-ihedn.fr\\\/\",\"name\":\"Chaire \u00c9conomie de D\u00e9fense - IHEDN\",\"description\":\"Produire &amp; soutenir, f\u00e9d\u00e9rer &amp; diffuser, \u00eatre une interface\",\"publisher\":{\"@id\":\"https:\\\/\\\/ecodef-ihedn.fr\\\/#organization\"},\"potentialAction\":[{\"@type\":\"SearchAction\",\"target\":{\"@type\":\"EntryPoint\",\"urlTemplate\":\"https:\\\/\\\/ecodef-ihedn.fr\\\/?s={search_term_string}\"},\"query-input\":{\"@type\":\"PropertyValueSpecification\",\"valueRequired\":true,\"valueName\":\"search_term_string\"}}],\"inLanguage\":\"en-GB\"},{\"@type\":\"Organization\",\"@id\":\"https:\\\/\\\/ecodef-ihedn.fr\\\/#organization\",\"name\":\"Chaire \u00c9conomie de d\u00e9fense - IHEDN\",\"url\":\"https:\\\/\\\/ecodef-ihedn.fr\\\/\",\"logo\":{\"@type\":\"ImageObject\",\"inLanguage\":\"en-GB\",\"@id\":\"https:\\\/\\\/ecodef-ihedn.fr\\\/#\\\/schema\\\/logo\\\/image\\\/\",\"url\":\"https:\\\/\\\/ecodef-ihedn.fr\\\/wp-content\\\/uploads\\\/2020\\\/04\\\/logoEcodef9.jpg\",\"contentUrl\":\"https:\\\/\\\/ecodef-ihedn.fr\\\/wp-content\\\/uploads\\\/2020\\\/04\\\/logoEcodef9.jpg\",\"width\":410,\"height\":212,\"caption\":\"Chaire \u00c9conomie de d\u00e9fense - IHEDN\"},\"image\":{\"@id\":\"https:\\\/\\\/ecodef-ihedn.fr\\\/#\\\/schema\\\/logo\\\/image\\\/\"},\"sameAs\":[\"https:\\\/\\\/x.com\\\/Chaire_Ecodef\",\"https:\\\/\\\/www.linkedin.com\\\/company\\\/chaire-ecodef-ihedn\\\/\"]},{\"@type\":\"Person\",\"@id\":\"https:\\\/\\\/ecodef-ihedn.fr\\\/#\\\/schema\\\/person\\\/7b3f1a2d8fd336e0be2f9ff63ff0ebbc\",\"name\":\"dev\",\"image\":{\"@type\":\"ImageObject\",\"inLanguage\":\"en-GB\",\"@id\":\"https:\\\/\\\/secure.gravatar.com\\\/avatar\\\/f1ffcac9ca2fa95ad3ec33e9be3ade82f752acb0cabe541e56c5889225afa88a?s=96&d=mm&r=g\",\"url\":\"https:\\\/\\\/secure.gravatar.com\\\/avatar\\\/f1ffcac9ca2fa95ad3ec33e9be3ade82f752acb0cabe541e56c5889225afa88a?s=96&d=mm&r=g\",\"contentUrl\":\"https:\\\/\\\/secure.gravatar.com\\\/avatar\\\/f1ffcac9ca2fa95ad3ec33e9be3ade82f752acb0cabe541e56c5889225afa88a?s=96&d=mm&r=g\",\"caption\":\"dev\"},\"url\":\"https:\\\/\\\/ecodef-ihedn.fr\\\/en\\\/author\\\/dev\\\/\"}]}<\/script>\n<!-- \/ Yoast SEO plugin. -->","yoast_head_json":{"title":"Intervention de Jean Belin \u00e0 la 217\u00e8me session en r\u00e9gion de l\u2019IHEDN, \u00e0 Toulouse le 13 septembre 2019 - Chaire \u00c9conomie de d\u00e9fense - IHEDN","robots":{"index":"index","follow":"follow","max-snippet":"max-snippet:-1","max-image-preview":"max-image-preview:large","max-video-preview":"max-video-preview:-1"},"canonical":"https:\/\/ecodef-ihedn.fr\/en\/intervention-de-jean-belin-a-la-217eme-session-en-region-de-lihedn-a-toulouse-le-13-septembre-2019\/","og_locale":"en_GB","og_type":"article","og_title":"Intervention de Jean Belin \u00e0 la 217\u00e8me session en r\u00e9gion de l\u2019IHEDN, \u00e0 Toulouse le 13 septembre 2019 - Chaire \u00c9conomie de d\u00e9fense - IHEDN","og_description":"Jean Belin, titulaire de la Chaire \u00c9conomie de d\u00e9fense interviendra lors de la 217e session en r\u00e9gion de l\u2019IHEDN, le 13 septembre de 14h30 \u00e0 16h00 \u00e0 Toulouse (23 impasse de Maubec) sur le th\u00e8me suivant: \u00ab Enjeux et d\u00e9fis de la politique industrielle de l&rsquo;armement \u00bb","og_url":"https:\/\/ecodef-ihedn.fr\/en\/intervention-de-jean-belin-a-la-217eme-session-en-region-de-lihedn-a-toulouse-le-13-septembre-2019\/","og_site_name":"Chaire \u00c9conomie de d\u00e9fense - IHEDN","article_published_time":"2019-09-12T00:00:00+00:00","article_modified_time":"2020-04-09T11:01:01+00:00","og_image":[{"width":120,"height":183,"url":"https:\/\/ecodef-ihedn.fr\/wp-content\/uploads\/2020\/04\/ihedn_regionmidi_pyre.jpg","type":"image\/jpeg"}],"author":"dev","twitter_card":"summary_large_image","twitter_creator":"@Chaire_Ecodef","twitter_site":"@Chaire_Ecodef","twitter_misc":{"Written by":"dev"},"schema":{"@context":"https:\/\/schema.org","@graph":[{"@type":"Article","@id":"https:\/\/ecodef-ihedn.fr\/intervention-de-jean-belin-a-la-217eme-session-en-region-de-lihedn-a-toulouse-le-13-septembre-2019\/#article","isPartOf":{"@id":"https:\/\/ecodef-ihedn.fr\/intervention-de-jean-belin-a-la-217eme-session-en-region-de-lihedn-a-toulouse-le-13-septembre-2019\/"},"author":{"name":"dev","@id":"https:\/\/ecodef-ihedn.fr\/#\/schema\/person\/7b3f1a2d8fd336e0be2f9ff63ff0ebbc"},"headline":"Intervention de Jean Belin \u00e0 la 217\u00e8me session en r\u00e9gion de l\u2019IHEDN, \u00e0 Toulouse le 13 septembre 2019","datePublished":"2019-09-12T00:00:00+00:00","dateModified":"2020-04-09T11:01:01+00:00","mainEntityOfPage":{"@id":"https:\/\/ecodef-ihedn.fr\/intervention-de-jean-belin-a-la-217eme-session-en-region-de-lihedn-a-toulouse-le-13-septembre-2019\/"},"wordCount":63,"commentCount":0,"publisher":{"@id":"https:\/\/ecodef-ihedn.fr\/#organization"},"image":{"@id":"https:\/\/ecodef-ihedn.fr\/intervention-de-jean-belin-a-la-217eme-session-en-region-de-lihedn-a-toulouse-le-13-septembre-2019\/#primaryimage"},"thumbnailUrl":"https:\/\/ecodef-ihedn.fr\/wp-content\/uploads\/2020\/04\/ihedn_regionmidi_pyre.jpg","keywords":["Base Industrielle et Technologique de D\u00e9fense","BITD","IHEDN","politique de d\u00e9fense"],"articleSection":["Activit\u00e9s : participation de la Chaire \u00e0 un \u00e9v\u00e9nement"],"inLanguage":"en-GB","potentialAction":[{"@type":"CommentAction","name":"Comment","target":["https:\/\/ecodef-ihedn.fr\/intervention-de-jean-belin-a-la-217eme-session-en-region-de-lihedn-a-toulouse-le-13-septembre-2019\/#respond"]}]},{"@type":"WebPage","@id":"https:\/\/ecodef-ihedn.fr\/intervention-de-jean-belin-a-la-217eme-session-en-region-de-lihedn-a-toulouse-le-13-septembre-2019\/","url":"https:\/\/ecodef-ihedn.fr\/intervention-de-jean-belin-a-la-217eme-session-en-region-de-lihedn-a-toulouse-le-13-septembre-2019\/","name":"Intervention de Jean Belin \u00e0 la 217\u00e8me session en r\u00e9gion de l\u2019IHEDN, \u00e0 Toulouse le 13 septembre 2019 - Chaire \u00c9conomie de d\u00e9fense - IHEDN","isPartOf":{"@id":"https:\/\/ecodef-ihedn.fr\/#website"},"primaryImageOfPage":{"@id":"https:\/\/ecodef-ihedn.fr\/intervention-de-jean-belin-a-la-217eme-session-en-region-de-lihedn-a-toulouse-le-13-septembre-2019\/#primaryimage"},"image":{"@id":"https:\/\/ecodef-ihedn.fr\/intervention-de-jean-belin-a-la-217eme-session-en-region-de-lihedn-a-toulouse-le-13-septembre-2019\/#primaryimage"},"thumbnailUrl":"https:\/\/ecodef-ihedn.fr\/wp-content\/uploads\/2020\/04\/ihedn_regionmidi_pyre.jpg","datePublished":"2019-09-12T00:00:00+00:00","dateModified":"2020-04-09T11:01:01+00:00","breadcrumb":{"@id":"https:\/\/ecodef-ihedn.fr\/intervention-de-jean-belin-a-la-217eme-session-en-region-de-lihedn-a-toulouse-le-13-septembre-2019\/#breadcrumb"},"inLanguage":"en-GB","potentialAction":[{"@type":"ReadAction","target":["https:\/\/ecodef-ihedn.fr\/intervention-de-jean-belin-a-la-217eme-session-en-region-de-lihedn-a-toulouse-le-13-septembre-2019\/"]}]},{"@type":"ImageObject","inLanguage":"en-GB","@id":"https:\/\/ecodef-ihedn.fr\/intervention-de-jean-belin-a-la-217eme-session-en-region-de-lihedn-a-toulouse-le-13-septembre-2019\/#primaryimage","url":"https:\/\/ecodef-ihedn.fr\/wp-content\/uploads\/2020\/04\/ihedn_regionmidi_pyre.jpg","contentUrl":"https:\/\/ecodef-ihedn.fr\/wp-content\/uploads\/2020\/04\/ihedn_regionmidi_pyre.jpg","width":120,"height":183},{"@type":"BreadcrumbList","@id":"https:\/\/ecodef-ihedn.fr\/intervention-de-jean-belin-a-la-217eme-session-en-region-de-lihedn-a-toulouse-le-13-septembre-2019\/#breadcrumb","itemListElement":[{"@type":"ListItem","position":1,"name":"Accueil","item":"https:\/\/ecodef-ihedn.fr\/"},{"@type":"ListItem","position":2,"name":"Intervention de Jean Belin \u00e0 la 217\u00e8me session en r\u00e9gion de l\u2019IHEDN, \u00e0 Toulouse le 13 septembre 2019"}]},{"@type":"WebSite","@id":"https:\/\/ecodef-ihedn.fr\/#website","url":"https:\/\/ecodef-ihedn.fr\/","name":"Chair in Defence Economics - IHEDN","description":"Produce &amp; support, federate &amp; disseminate, act as an interface","publisher":{"@id":"https:\/\/ecodef-ihedn.fr\/#organization"},"potentialAction":[{"@type":"SearchAction","target":{"@type":"EntryPoint","urlTemplate":"https:\/\/ecodef-ihedn.fr\/?s={search_term_string}"},"query-input":{"@type":"PropertyValueSpecification","valueRequired":true,"valueName":"search_term_string"}}],"inLanguage":"en-GB"},{"@type":"Organization","@id":"https:\/\/ecodef-ihedn.fr\/#organization","name":"Chair in Defence Economics - IHEDN","url":"https:\/\/ecodef-ihedn.fr\/","logo":{"@type":"ImageObject","inLanguage":"en-GB","@id":"https:\/\/ecodef-ihedn.fr\/#\/schema\/logo\/image\/","url":"https:\/\/ecodef-ihedn.fr\/wp-content\/uploads\/2020\/04\/logoEcodef9.jpg","contentUrl":"https:\/\/ecodef-ihedn.fr\/wp-content\/uploads\/2020\/04\/logoEcodef9.jpg","width":410,"height":212,"caption":"Chaire \u00c9conomie de d\u00e9fense - IHEDN"},"image":{"@id":"https:\/\/ecodef-ihedn.fr\/#\/schema\/logo\/image\/"},"sameAs":["https:\/\/x.com\/Chaire_Ecodef","https:\/\/www.linkedin.com\/company\/chaire-ecodef-ihedn\/"]},{"@type":"Person","@id":"https:\/\/ecodef-ihedn.fr\/#\/schema\/person\/7b3f1a2d8fd336e0be2f9ff63ff0ebbc","name":"dev","image":{"@type":"ImageObject","inLanguage":"en-GB","@id":"https:\/\/secure.gravatar.com\/avatar\/f1ffcac9ca2fa95ad3ec33e9be3ade82f752acb0cabe541e56c5889225afa88a?s=96&d=mm&r=g","url":"https:\/\/secure.gravatar.com\/avatar\/f1ffcac9ca2fa95ad3ec33e9be3ade82f752acb0cabe541e56c5889225afa88a?s=96&d=mm&r=g","contentUrl":"https:\/\/secure.gravatar.com\/avatar\/f1ffcac9ca2fa95ad3ec33e9be3ade82f752acb0cabe541e56c5889225afa88a?s=96&d=mm&r=g","caption":"dev"},"url":"https:\/\/ecodef-ihedn.fr\/en\/author\/dev\/"}]}},"_links":{"self":[{"href":"https:\/\/ecodef-ihedn.fr\/en\/wp-json\/wp\/v2\/posts\/1180","targetHints":{"allow":["GET"]}}],"collection":[{"href":"https:\/\/ecodef-ihedn.fr\/en\/wp-json\/wp\/v2\/posts"}],"about":[{"href":"https:\/\/ecodef-ihedn.fr\/en\/wp-json\/wp\/v2\/types\/post"}],"author":[{"embeddable":true,"href":"https:\/\/ecodef-ihedn.fr\/en\/wp-json\/wp\/v2\/users\/1"}],"replies":[{"embeddable":true,"href":"https:\/\/ecodef-ihedn.fr\/en\/wp-json\/wp\/v2\/comments?post=1180"}],"version-history":[{"count":2,"href":"https:\/\/ecodef-ihedn.fr\/en\/wp-json\/wp\/v2\/posts\/1180\/revisions"}],"predecessor-version":[{"id":1450,"href":"https:\/\/ecodef-ihedn.fr\/en\/wp-json\/wp\/v2\/posts\/1180\/revisions\/1450"}],"wp:featuredmedia":[{"embeddable":true,"href":"https:\/\/ecodef-ihedn.fr\/en\/wp-json\/wp\/v2\/media\/1181"}],"wp:attachment":[{"href":"https:\/\/ecodef-ihedn.fr\/en\/wp-json\/wp\/v2\/media?parent=1180"}],"wp:term":[{"taxonomy":"category","embeddable":true,"href":"https:\/\/ecodef-ihedn.fr\/en\/wp-json\/wp\/v2\/categories?post=1180"},{"taxonomy":"post_tag","embeddable":true,"href":"https:\/\/ecodef-ihedn.fr\/en\/wp-json\/wp\/v2\/tags?post=1180"}],"curies":[{"name":"wp","href":"https:\/\/api.w.org\/{rel}","templated":true}]}}