{"id":1188,"date":"2019-11-21T00:00:00","date_gmt":"2019-11-21T00:00:00","guid":{"rendered":"https:\/\/ecodef-ihedn.fr\/conference-de-jean-belin-sur-les-industries-de-defense-enjeux-economiques-prospectives-lundi-2-decembre-a-pessac-33\/"},"modified":"2020-04-09T11:00:20","modified_gmt":"2020-04-09T11:00:20","slug":"conference-de-jean-belin-sur-les-industries-de-defense-enjeux-economiques-prospectives-lundi-2-decembre-a-pessac-33","status":"publish","type":"post","link":"https:\/\/ecodef-ihedn.fr\/en\/conference-de-jean-belin-sur-les-industries-de-defense-enjeux-economiques-prospectives-lundi-2-decembre-a-pessac-33\/","title":{"rendered":"Conference by Jean Belin on \u00abDefence industries: economic issues and prospects\u00bb, Monday 2 December in Pessac (33)"},"content":{"rendered":"<div class=\"wp-block-image\"><figure class=\"aligncenter size-large\"><img decoding=\"async\" src=\"https:\/\/ecodef-ihedn.fr\/wp-content\/uploads\/2020\/02\/jean-belin.jpg\" alt=\"Jean Belin\" class=\"wp-image-5660\"\/><figcaption>Jean Belin, Chair of Defence Economics (IHEDN)<\/figcaption><\/figure><\/div>\n\n\n\n<p>La <strong>regional delegation of <a href=\"https:\/\/jeunes-ihedn.org\">Young IHEDN<\/a> in New Aquitaine<\/strong> is pleased to invite you to the conference :<\/p>\n\n\n\n<h3 class=\"has-text-align-center wp-block-heading\">Defence industries: economic challenges and prospects<\/h3>\n\n\n\n<p>With:<\/p>\n\n\n\n<p class=\"has-text-align-center\"><strong><a rel=\"noreferrer noopener\" aria-label=\"Jean Belin (opens in a new tab)\" href=\"https:\/\/conflictarm.u-bordeaux.fr\/L-equipe\/Porteurs-du-projet\/BELIN-Jean\" target=\"_blank\">Jean Belin<\/a><\/strong>, Senior Lecturer<\/p>\n\n\n\n<p class=\"has-text-align-center\"> Chair in Defence Economics - IHEDN<\/p>\n\n\n\n<p class=\"has-text-align-center\"><strong>Monday 2 December 2019<\/strong><br>5.30 pm - 7 pm<\/p>\n\n\n\n<p class=\"has-text-align-center\">Campus\nPessac University Campus - Room E9<\/p>\n\n\n\n<p><strong>More information :<\/strong><br> <a rel=\"noreferrer noopener\" href=\"mailto:aquitaine@jeunes-ihedn.org\" target=\"_blank\">aquitaine@jeunes-ihedn.org<\/a><\/p>\n\n\n\n<p>Little represented, the\u2019<strong>Defence economics<\/strong> is at the heart of a <strong>a long French tradition<\/strong>. The aim of the Chair, which is held by <strong>Jean Belin <\/strong>is to federate<strong> spreading economic thinking <\/strong>and to produce a <strong>benchmark academic research<\/strong> that can provide <strong>economic impact<\/strong> political decisions on defence matters.<\/p>\n\n\n\n<p>During the conference, Jean Belin will have the opportunity to present his <strong>new book<\/strong>, <em><a rel=\"noreferrer noopener\" aria-label=\"The Economics of the Global Defence Industry (opens in a new tab)\" href=\"https:\/\/www.routledge.com\/The-Economics-of-the-Global-Defence-Industry-1st-Edition\/Hartley-Belin\/p\/book\/9781138608092\" target=\"_blank\">The Economics of the Global Defence Industry<\/a><\/em>, Routledge.<\/p>\n\n\n\n<div class=\"wp-block-image\"><figure class=\"aligncenter size-full is-resized\"><a href=\"https:\/\/www.defense.gouv.fr\/actualites\/articles\/la-fabrique-defense-une-ambition-europeenne-pour-la-jeunesse\"><img loading=\"lazy\" decoding=\"async\" src=\"https:\/\/ecodef-ihedn.fr\/wp-content\/uploads\/2020\/04\/logo-fabrique-defense.png\" alt=\"\" class=\"wp-image-7364\" width=\"314\" height=\"130\"\/><\/a><figcaption> <strong>This event has been awarded the <a href=\"https:\/\/www.defense.gouv.fr\/actualites\/articles\/la-fabrique-defense-une-ambition-europeenne-pour-la-jeunesse\">The Defence Factory<\/a><\/strong> <\/figcaption><\/figure><\/div>\n\n\n\n<p class=\"has-text-align-center\"><\/p>","protected":false},"excerpt":{"rendered":"<p>La d\u00e9l\u00e9gation r\u00e9gionale des Jeunes IHEDN en Nouvelle-Aquitaine a le plaisir de vous inviter \u00e0 la conf\u00e9rence : Les industries de d\u00e9fense : enjeux \u00e9conomiques &amp; prospectives Avec: Jean Belin, Ma\u00eetre de Conf\u00e9rences et titulaire de la Chaire \u00c9conomie de d\u00e9fense &#8211; IHEDN Lundi 2 d\u00e9cembre 201917h30 \u2013 19h00 Campus universitaire de Pessac \u2013 Salle [&hellip;]<\/p>\n","protected":false},"author":1,"featured_media":423,"comment_status":"open","ping_status":"open","sticky":false,"template":"","format":"standard","meta":{"footnotes":""},"categories":[356],"tags":[41,329,149,287,330,331,332],"class_list":{"0":"post-1188","1":"post","2":"type-post","3":"status-publish","4":"format-standard","5":"has-post-thumbnail","7":"category-activites-participation-de-la-chaire-a-un-evenement","8":"tag-conference","9":"tag-enjeux-economiques","10":"tag-industrie-de-defense","11":"tag-jean-belin","12":"tag-jeunes-ihedn","13":"tag-la-fabrique-defense","14":"tag-prospectives"},"yoast_head":"<!-- This site is optimized with the Yoast SEO plugin v27.4 - https:\/\/yoast.com\/product\/yoast-seo-wordpress\/ -->\n<title>Conf\u00e9rence de Jean Belin sur &quot;Les industries de d\u00e9fense : enjeux \u00e9conomiques &amp; prospectives&quot;, lundi 2 d\u00e9cembre \u00e0 Pessac (33) - Chaire \u00c9conomie de d\u00e9fense - IHEDN<\/title>\n<meta name=\"robots\" content=\"index, follow, max-snippet:-1, max-image-preview:large, max-video-preview:-1\" \/>\n<link rel=\"canonical\" href=\"https:\/\/ecodef-ihedn.fr\/en\/conference-de-jean-belin-sur-les-industries-de-defense-enjeux-economiques-prospectives-lundi-2-decembre-a-pessac-33\/\" \/>\n<meta property=\"og:locale\" content=\"en_GB\" \/>\n<meta property=\"og:type\" content=\"article\" \/>\n<meta property=\"og:title\" content=\"Conf\u00e9rence de Jean Belin sur &quot;Les industries de d\u00e9fense : enjeux \u00e9conomiques &amp; prospectives&quot;, lundi 2 d\u00e9cembre \u00e0 Pessac (33) - Chaire \u00c9conomie de d\u00e9fense - IHEDN\" \/>\n<meta property=\"og:description\" content=\"La d\u00e9l\u00e9gation r\u00e9gionale des Jeunes IHEDN en Nouvelle-Aquitaine a le plaisir de vous inviter \u00e0 la conf\u00e9rence : Les industries de d\u00e9fense : enjeux \u00e9conomiques &amp; prospectives Avec: Jean Belin, Ma\u00eetre de Conf\u00e9rences et titulaire de la Chaire \u00c9conomie de d\u00e9fense &#8211; IHEDN Lundi 2 d\u00e9cembre 201917h30 \u2013 19h00 Campus universitaire de Pessac \u2013 Salle [&hellip;]\" \/>\n<meta property=\"og:url\" content=\"https:\/\/ecodef-ihedn.fr\/en\/conference-de-jean-belin-sur-les-industries-de-defense-enjeux-economiques-prospectives-lundi-2-decembre-a-pessac-33\/\" \/>\n<meta property=\"og:site_name\" content=\"Chaire \u00c9conomie de d\u00e9fense - IHEDN\" \/>\n<meta property=\"article:published_time\" content=\"2019-11-21T00:00:00+00:00\" \/>\n<meta property=\"article:modified_time\" content=\"2020-04-09T11:00:20+00:00\" \/>\n<meta property=\"og:image\" content=\"https:\/\/ecodef-ihedn.fr\/wp-content\/uploads\/2020\/02\/jean-belin.jpg\" \/>\n\t<meta property=\"og:image:width\" content=\"200\" \/>\n\t<meta property=\"og:image:height\" content=\"250\" \/>\n\t<meta property=\"og:image:type\" content=\"image\/jpeg\" \/>\n<meta name=\"author\" content=\"dev\" \/>\n<meta name=\"twitter:card\" content=\"summary_large_image\" \/>\n<meta name=\"twitter:creator\" content=\"@Chaire_Ecodef\" \/>\n<meta name=\"twitter:site\" content=\"@Chaire_Ecodef\" \/>\n<meta name=\"twitter:label1\" content=\"Written by\" \/>\n\t<meta name=\"twitter:data1\" content=\"dev\" \/>\n\t<meta name=\"twitter:label2\" content=\"Estimated reading time\" \/>\n\t<meta name=\"twitter:data2\" content=\"1 minute\" \/>\n<script type=\"application\/ld+json\" class=\"yoast-schema-graph\">{\"@context\":\"https:\\\/\\\/schema.org\",\"@graph\":[{\"@type\":\"Article\",\"@id\":\"https:\\\/\\\/ecodef-ihedn.fr\\\/conference-de-jean-belin-sur-les-industries-de-defense-enjeux-economiques-prospectives-lundi-2-decembre-a-pessac-33\\\/#article\",\"isPartOf\":{\"@id\":\"https:\\\/\\\/ecodef-ihedn.fr\\\/conference-de-jean-belin-sur-les-industries-de-defense-enjeux-economiques-prospectives-lundi-2-decembre-a-pessac-33\\\/\"},\"author\":{\"name\":\"dev\",\"@id\":\"https:\\\/\\\/ecodef-ihedn.fr\\\/#\\\/schema\\\/person\\\/7b3f1a2d8fd336e0be2f9ff63ff0ebbc\"},\"headline\":\"Conf\u00e9rence de Jean Belin sur \u00ab\u00a0Les industries de d\u00e9fense : enjeux \u00e9conomiques &amp; prospectives\u00a0\u00bb, lundi 2 d\u00e9cembre \u00e0 Pessac (33)\",\"datePublished\":\"2019-11-21T00:00:00+00:00\",\"dateModified\":\"2020-04-09T11:00:20+00:00\",\"mainEntityOfPage\":{\"@id\":\"https:\\\/\\\/ecodef-ihedn.fr\\\/conference-de-jean-belin-sur-les-industries-de-defense-enjeux-economiques-prospectives-lundi-2-decembre-a-pessac-33\\\/\"},\"wordCount\":202,\"commentCount\":0,\"publisher\":{\"@id\":\"https:\\\/\\\/ecodef-ihedn.fr\\\/#organization\"},\"image\":{\"@id\":\"https:\\\/\\\/ecodef-ihedn.fr\\\/conference-de-jean-belin-sur-les-industries-de-defense-enjeux-economiques-prospectives-lundi-2-decembre-a-pessac-33\\\/#primaryimage\"},\"thumbnailUrl\":\"https:\\\/\\\/ecodef-ihedn.fr\\\/wp-content\\\/uploads\\\/2020\\\/02\\\/jean-belin.jpg\",\"keywords\":[\"conf\u00e9rence\",\"enjeux \u00e9conomiques\",\"industrie de d\u00e9fense\",\"Jean Belin\",\"Jeunes IHEDN\",\"La Fabrique D\u00e9fense\",\"prospectives\"],\"articleSection\":[\"Activit\u00e9s : participation de la Chaire \u00e0 un \u00e9v\u00e9nement\"],\"inLanguage\":\"en-GB\",\"potentialAction\":[{\"@type\":\"CommentAction\",\"name\":\"Comment\",\"target\":[\"https:\\\/\\\/ecodef-ihedn.fr\\\/conference-de-jean-belin-sur-les-industries-de-defense-enjeux-economiques-prospectives-lundi-2-decembre-a-pessac-33\\\/#respond\"]}]},{\"@type\":\"WebPage\",\"@id\":\"https:\\\/\\\/ecodef-ihedn.fr\\\/conference-de-jean-belin-sur-les-industries-de-defense-enjeux-economiques-prospectives-lundi-2-decembre-a-pessac-33\\\/\",\"url\":\"https:\\\/\\\/ecodef-ihedn.fr\\\/conference-de-jean-belin-sur-les-industries-de-defense-enjeux-economiques-prospectives-lundi-2-decembre-a-pessac-33\\\/\",\"name\":\"Conf\u00e9rence de Jean Belin sur \\\"Les industries de d\u00e9fense : enjeux \u00e9conomiques &amp; prospectives\\\", lundi 2 d\u00e9cembre \u00e0 Pessac (33) - Chaire \u00c9conomie de d\u00e9fense - IHEDN\",\"isPartOf\":{\"@id\":\"https:\\\/\\\/ecodef-ihedn.fr\\\/#website\"},\"primaryImageOfPage\":{\"@id\":\"https:\\\/\\\/ecodef-ihedn.fr\\\/conference-de-jean-belin-sur-les-industries-de-defense-enjeux-economiques-prospectives-lundi-2-decembre-a-pessac-33\\\/#primaryimage\"},\"image\":{\"@id\":\"https:\\\/\\\/ecodef-ihedn.fr\\\/conference-de-jean-belin-sur-les-industries-de-defense-enjeux-economiques-prospectives-lundi-2-decembre-a-pessac-33\\\/#primaryimage\"},\"thumbnailUrl\":\"https:\\\/\\\/ecodef-ihedn.fr\\\/wp-content\\\/uploads\\\/2020\\\/02\\\/jean-belin.jpg\",\"datePublished\":\"2019-11-21T00:00:00+00:00\",\"dateModified\":\"2020-04-09T11:00:20+00:00\",\"breadcrumb\":{\"@id\":\"https:\\\/\\\/ecodef-ihedn.fr\\\/conference-de-jean-belin-sur-les-industries-de-defense-enjeux-economiques-prospectives-lundi-2-decembre-a-pessac-33\\\/#breadcrumb\"},\"inLanguage\":\"en-GB\",\"potentialAction\":[{\"@type\":\"ReadAction\",\"target\":[\"https:\\\/\\\/ecodef-ihedn.fr\\\/conference-de-jean-belin-sur-les-industries-de-defense-enjeux-economiques-prospectives-lundi-2-decembre-a-pessac-33\\\/\"]}]},{\"@type\":\"ImageObject\",\"inLanguage\":\"en-GB\",\"@id\":\"https:\\\/\\\/ecodef-ihedn.fr\\\/conference-de-jean-belin-sur-les-industries-de-defense-enjeux-economiques-prospectives-lundi-2-decembre-a-pessac-33\\\/#primaryimage\",\"url\":\"https:\\\/\\\/ecodef-ihedn.fr\\\/wp-content\\\/uploads\\\/2020\\\/02\\\/jean-belin.jpg\",\"contentUrl\":\"https:\\\/\\\/ecodef-ihedn.fr\\\/wp-content\\\/uploads\\\/2020\\\/02\\\/jean-belin.jpg\",\"width\":200,\"height\":250},{\"@type\":\"BreadcrumbList\",\"@id\":\"https:\\\/\\\/ecodef-ihedn.fr\\\/conference-de-jean-belin-sur-les-industries-de-defense-enjeux-economiques-prospectives-lundi-2-decembre-a-pessac-33\\\/#breadcrumb\",\"itemListElement\":[{\"@type\":\"ListItem\",\"position\":1,\"name\":\"Accueil\",\"item\":\"https:\\\/\\\/ecodef-ihedn.fr\\\/\"},{\"@type\":\"ListItem\",\"position\":2,\"name\":\"Conf\u00e9rence de Jean Belin sur &#8220;Les industries de d\u00e9fense : enjeux \u00e9conomiques &amp; prospectives&#8221;, lundi 2 d\u00e9cembre \u00e0 Pessac (33)\"}]},{\"@type\":\"WebSite\",\"@id\":\"https:\\\/\\\/ecodef-ihedn.fr\\\/#website\",\"url\":\"https:\\\/\\\/ecodef-ihedn.fr\\\/\",\"name\":\"Chaire \u00c9conomie de D\u00e9fense - IHEDN\",\"description\":\"Produire &amp; soutenir, f\u00e9d\u00e9rer &amp; diffuser, \u00eatre une interface\",\"publisher\":{\"@id\":\"https:\\\/\\\/ecodef-ihedn.fr\\\/#organization\"},\"potentialAction\":[{\"@type\":\"SearchAction\",\"target\":{\"@type\":\"EntryPoint\",\"urlTemplate\":\"https:\\\/\\\/ecodef-ihedn.fr\\\/?s={search_term_string}\"},\"query-input\":{\"@type\":\"PropertyValueSpecification\",\"valueRequired\":true,\"valueName\":\"search_term_string\"}}],\"inLanguage\":\"en-GB\"},{\"@type\":\"Organization\",\"@id\":\"https:\\\/\\\/ecodef-ihedn.fr\\\/#organization\",\"name\":\"Chaire \u00c9conomie de d\u00e9fense - IHEDN\",\"url\":\"https:\\\/\\\/ecodef-ihedn.fr\\\/\",\"logo\":{\"@type\":\"ImageObject\",\"inLanguage\":\"en-GB\",\"@id\":\"https:\\\/\\\/ecodef-ihedn.fr\\\/#\\\/schema\\\/logo\\\/image\\\/\",\"url\":\"https:\\\/\\\/ecodef-ihedn.fr\\\/wp-content\\\/uploads\\\/2020\\\/04\\\/logoEcodef9.jpg\",\"contentUrl\":\"https:\\\/\\\/ecodef-ihedn.fr\\\/wp-content\\\/uploads\\\/2020\\\/04\\\/logoEcodef9.jpg\",\"width\":410,\"height\":212,\"caption\":\"Chaire \u00c9conomie de d\u00e9fense - IHEDN\"},\"image\":{\"@id\":\"https:\\\/\\\/ecodef-ihedn.fr\\\/#\\\/schema\\\/logo\\\/image\\\/\"},\"sameAs\":[\"https:\\\/\\\/x.com\\\/Chaire_Ecodef\",\"https:\\\/\\\/www.linkedin.com\\\/company\\\/chaire-ecodef-ihedn\\\/\"]},{\"@type\":\"Person\",\"@id\":\"https:\\\/\\\/ecodef-ihedn.fr\\\/#\\\/schema\\\/person\\\/7b3f1a2d8fd336e0be2f9ff63ff0ebbc\",\"name\":\"dev\",\"image\":{\"@type\":\"ImageObject\",\"inLanguage\":\"en-GB\",\"@id\":\"https:\\\/\\\/secure.gravatar.com\\\/avatar\\\/f1ffcac9ca2fa95ad3ec33e9be3ade82f752acb0cabe541e56c5889225afa88a?s=96&d=mm&r=g\",\"url\":\"https:\\\/\\\/secure.gravatar.com\\\/avatar\\\/f1ffcac9ca2fa95ad3ec33e9be3ade82f752acb0cabe541e56c5889225afa88a?s=96&d=mm&r=g\",\"contentUrl\":\"https:\\\/\\\/secure.gravatar.com\\\/avatar\\\/f1ffcac9ca2fa95ad3ec33e9be3ade82f752acb0cabe541e56c5889225afa88a?s=96&d=mm&r=g\",\"caption\":\"dev\"},\"url\":\"https:\\\/\\\/ecodef-ihedn.fr\\\/en\\\/author\\\/dev\\\/\"}]}<\/script>\n<!-- \/ Yoast SEO plugin. -->","yoast_head_json":{"title":"Conf\u00e9rence de Jean Belin sur \"Les industries de d\u00e9fense : enjeux \u00e9conomiques &amp; prospectives\", lundi 2 d\u00e9cembre \u00e0 Pessac (33) - Chaire \u00c9conomie de d\u00e9fense - IHEDN","robots":{"index":"index","follow":"follow","max-snippet":"max-snippet:-1","max-image-preview":"max-image-preview:large","max-video-preview":"max-video-preview:-1"},"canonical":"https:\/\/ecodef-ihedn.fr\/en\/conference-de-jean-belin-sur-les-industries-de-defense-enjeux-economiques-prospectives-lundi-2-decembre-a-pessac-33\/","og_locale":"en_GB","og_type":"article","og_title":"Conf\u00e9rence de Jean Belin sur \"Les industries de d\u00e9fense : enjeux \u00e9conomiques &amp; prospectives\", lundi 2 d\u00e9cembre \u00e0 Pessac (33) - Chaire \u00c9conomie de d\u00e9fense - IHEDN","og_description":"La d\u00e9l\u00e9gation r\u00e9gionale des Jeunes IHEDN en Nouvelle-Aquitaine a le plaisir de vous inviter \u00e0 la conf\u00e9rence : Les industries de d\u00e9fense : enjeux \u00e9conomiques &amp; prospectives Avec: Jean Belin, Ma\u00eetre de Conf\u00e9rences et titulaire de la Chaire \u00c9conomie de d\u00e9fense &#8211; IHEDN Lundi 2 d\u00e9cembre 201917h30 \u2013 19h00 Campus universitaire de Pessac \u2013 Salle [&hellip;]","og_url":"https:\/\/ecodef-ihedn.fr\/en\/conference-de-jean-belin-sur-les-industries-de-defense-enjeux-economiques-prospectives-lundi-2-decembre-a-pessac-33\/","og_site_name":"Chaire \u00c9conomie de d\u00e9fense - IHEDN","article_published_time":"2019-11-21T00:00:00+00:00","article_modified_time":"2020-04-09T11:00:20+00:00","og_image":[{"width":200,"height":250,"url":"https:\/\/ecodef-ihedn.fr\/wp-content\/uploads\/2020\/02\/jean-belin.jpg","type":"image\/jpeg"}],"author":"dev","twitter_card":"summary_large_image","twitter_creator":"@Chaire_Ecodef","twitter_site":"@Chaire_Ecodef","twitter_misc":{"Written by":"dev","Estimated reading time":"1 minute"},"schema":{"@context":"https:\/\/schema.org","@graph":[{"@type":"Article","@id":"https:\/\/ecodef-ihedn.fr\/conference-de-jean-belin-sur-les-industries-de-defense-enjeux-economiques-prospectives-lundi-2-decembre-a-pessac-33\/#article","isPartOf":{"@id":"https:\/\/ecodef-ihedn.fr\/conference-de-jean-belin-sur-les-industries-de-defense-enjeux-economiques-prospectives-lundi-2-decembre-a-pessac-33\/"},"author":{"name":"dev","@id":"https:\/\/ecodef-ihedn.fr\/#\/schema\/person\/7b3f1a2d8fd336e0be2f9ff63ff0ebbc"},"headline":"Conf\u00e9rence de Jean Belin sur \u00ab\u00a0Les industries de d\u00e9fense : enjeux \u00e9conomiques &amp; prospectives\u00a0\u00bb, lundi 2 d\u00e9cembre \u00e0 Pessac (33)","datePublished":"2019-11-21T00:00:00+00:00","dateModified":"2020-04-09T11:00:20+00:00","mainEntityOfPage":{"@id":"https:\/\/ecodef-ihedn.fr\/conference-de-jean-belin-sur-les-industries-de-defense-enjeux-economiques-prospectives-lundi-2-decembre-a-pessac-33\/"},"wordCount":202,"commentCount":0,"publisher":{"@id":"https:\/\/ecodef-ihedn.fr\/#organization"},"image":{"@id":"https:\/\/ecodef-ihedn.fr\/conference-de-jean-belin-sur-les-industries-de-defense-enjeux-economiques-prospectives-lundi-2-decembre-a-pessac-33\/#primaryimage"},"thumbnailUrl":"https:\/\/ecodef-ihedn.fr\/wp-content\/uploads\/2020\/02\/jean-belin.jpg","keywords":["conf\u00e9rence","enjeux \u00e9conomiques","industrie de d\u00e9fense","Jean Belin","Jeunes IHEDN","La Fabrique D\u00e9fense","prospectives"],"articleSection":["Activit\u00e9s : participation de la Chaire \u00e0 un \u00e9v\u00e9nement"],"inLanguage":"en-GB","potentialAction":[{"@type":"CommentAction","name":"Comment","target":["https:\/\/ecodef-ihedn.fr\/conference-de-jean-belin-sur-les-industries-de-defense-enjeux-economiques-prospectives-lundi-2-decembre-a-pessac-33\/#respond"]}]},{"@type":"WebPage","@id":"https:\/\/ecodef-ihedn.fr\/conference-de-jean-belin-sur-les-industries-de-defense-enjeux-economiques-prospectives-lundi-2-decembre-a-pessac-33\/","url":"https:\/\/ecodef-ihedn.fr\/conference-de-jean-belin-sur-les-industries-de-defense-enjeux-economiques-prospectives-lundi-2-decembre-a-pessac-33\/","name":"Conf\u00e9rence de Jean Belin sur \"Les industries de d\u00e9fense : enjeux \u00e9conomiques &amp; prospectives\", lundi 2 d\u00e9cembre \u00e0 Pessac (33) - Chaire \u00c9conomie de d\u00e9fense - IHEDN","isPartOf":{"@id":"https:\/\/ecodef-ihedn.fr\/#website"},"primaryImageOfPage":{"@id":"https:\/\/ecodef-ihedn.fr\/conference-de-jean-belin-sur-les-industries-de-defense-enjeux-economiques-prospectives-lundi-2-decembre-a-pessac-33\/#primaryimage"},"image":{"@id":"https:\/\/ecodef-ihedn.fr\/conference-de-jean-belin-sur-les-industries-de-defense-enjeux-economiques-prospectives-lundi-2-decembre-a-pessac-33\/#primaryimage"},"thumbnailUrl":"https:\/\/ecodef-ihedn.fr\/wp-content\/uploads\/2020\/02\/jean-belin.jpg","datePublished":"2019-11-21T00:00:00+00:00","dateModified":"2020-04-09T11:00:20+00:00","breadcrumb":{"@id":"https:\/\/ecodef-ihedn.fr\/conference-de-jean-belin-sur-les-industries-de-defense-enjeux-economiques-prospectives-lundi-2-decembre-a-pessac-33\/#breadcrumb"},"inLanguage":"en-GB","potentialAction":[{"@type":"ReadAction","target":["https:\/\/ecodef-ihedn.fr\/conference-de-jean-belin-sur-les-industries-de-defense-enjeux-economiques-prospectives-lundi-2-decembre-a-pessac-33\/"]}]},{"@type":"ImageObject","inLanguage":"en-GB","@id":"https:\/\/ecodef-ihedn.fr\/conference-de-jean-belin-sur-les-industries-de-defense-enjeux-economiques-prospectives-lundi-2-decembre-a-pessac-33\/#primaryimage","url":"https:\/\/ecodef-ihedn.fr\/wp-content\/uploads\/2020\/02\/jean-belin.jpg","contentUrl":"https:\/\/ecodef-ihedn.fr\/wp-content\/uploads\/2020\/02\/jean-belin.jpg","width":200,"height":250},{"@type":"BreadcrumbList","@id":"https:\/\/ecodef-ihedn.fr\/conference-de-jean-belin-sur-les-industries-de-defense-enjeux-economiques-prospectives-lundi-2-decembre-a-pessac-33\/#breadcrumb","itemListElement":[{"@type":"ListItem","position":1,"name":"Accueil","item":"https:\/\/ecodef-ihedn.fr\/"},{"@type":"ListItem","position":2,"name":"Conf\u00e9rence de Jean Belin sur &#8220;Les industries de d\u00e9fense : enjeux \u00e9conomiques &amp; prospectives&#8221;, lundi 2 d\u00e9cembre \u00e0 Pessac (33)"}]},{"@type":"WebSite","@id":"https:\/\/ecodef-ihedn.fr\/#website","url":"https:\/\/ecodef-ihedn.fr\/","name":"Chair in Defence Economics - IHEDN","description":"Produce &amp; support, federate &amp; disseminate, act as an interface","publisher":{"@id":"https:\/\/ecodef-ihedn.fr\/#organization"},"potentialAction":[{"@type":"SearchAction","target":{"@type":"EntryPoint","urlTemplate":"https:\/\/ecodef-ihedn.fr\/?s={search_term_string}"},"query-input":{"@type":"PropertyValueSpecification","valueRequired":true,"valueName":"search_term_string"}}],"inLanguage":"en-GB"},{"@type":"Organization","@id":"https:\/\/ecodef-ihedn.fr\/#organization","name":"Chair in Defence Economics - IHEDN","url":"https:\/\/ecodef-ihedn.fr\/","logo":{"@type":"ImageObject","inLanguage":"en-GB","@id":"https:\/\/ecodef-ihedn.fr\/#\/schema\/logo\/image\/","url":"https:\/\/ecodef-ihedn.fr\/wp-content\/uploads\/2020\/04\/logoEcodef9.jpg","contentUrl":"https:\/\/ecodef-ihedn.fr\/wp-content\/uploads\/2020\/04\/logoEcodef9.jpg","width":410,"height":212,"caption":"Chaire \u00c9conomie de d\u00e9fense - IHEDN"},"image":{"@id":"https:\/\/ecodef-ihedn.fr\/#\/schema\/logo\/image\/"},"sameAs":["https:\/\/x.com\/Chaire_Ecodef","https:\/\/www.linkedin.com\/company\/chaire-ecodef-ihedn\/"]},{"@type":"Person","@id":"https:\/\/ecodef-ihedn.fr\/#\/schema\/person\/7b3f1a2d8fd336e0be2f9ff63ff0ebbc","name":"dev","image":{"@type":"ImageObject","inLanguage":"en-GB","@id":"https:\/\/secure.gravatar.com\/avatar\/f1ffcac9ca2fa95ad3ec33e9be3ade82f752acb0cabe541e56c5889225afa88a?s=96&d=mm&r=g","url":"https:\/\/secure.gravatar.com\/avatar\/f1ffcac9ca2fa95ad3ec33e9be3ade82f752acb0cabe541e56c5889225afa88a?s=96&d=mm&r=g","contentUrl":"https:\/\/secure.gravatar.com\/avatar\/f1ffcac9ca2fa95ad3ec33e9be3ade82f752acb0cabe541e56c5889225afa88a?s=96&d=mm&r=g","caption":"dev"},"url":"https:\/\/ecodef-ihedn.fr\/en\/author\/dev\/"}]}},"_links":{"self":[{"href":"https:\/\/ecodef-ihedn.fr\/en\/wp-json\/wp\/v2\/posts\/1188","targetHints":{"allow":["GET"]}}],"collection":[{"href":"https:\/\/ecodef-ihedn.fr\/en\/wp-json\/wp\/v2\/posts"}],"about":[{"href":"https:\/\/ecodef-ihedn.fr\/en\/wp-json\/wp\/v2\/types\/post"}],"author":[{"embeddable":true,"href":"https:\/\/ecodef-ihedn.fr\/en\/wp-json\/wp\/v2\/users\/1"}],"replies":[{"embeddable":true,"href":"https:\/\/ecodef-ihedn.fr\/en\/wp-json\/wp\/v2\/comments?post=1188"}],"version-history":[{"count":3,"href":"https:\/\/ecodef-ihedn.fr\/en\/wp-json\/wp\/v2\/posts\/1188\/revisions"}],"predecessor-version":[{"id":1534,"href":"https:\/\/ecodef-ihedn.fr\/en\/wp-json\/wp\/v2\/posts\/1188\/revisions\/1534"}],"wp:featuredmedia":[{"embeddable":true,"href":"https:\/\/ecodef-ihedn.fr\/en\/wp-json\/wp\/v2\/media\/423"}],"wp:attachment":[{"href":"https:\/\/ecodef-ihedn.fr\/en\/wp-json\/wp\/v2\/media?parent=1188"}],"wp:term":[{"taxonomy":"category","embeddable":true,"href":"https:\/\/ecodef-ihedn.fr\/en\/wp-json\/wp\/v2\/categories?post=1188"},{"taxonomy":"post_tag","embeddable":true,"href":"https:\/\/ecodef-ihedn.fr\/en\/wp-json\/wp\/v2\/tags?post=1188"}],"curies":[{"name":"wp","href":"https:\/\/api.w.org\/{rel}","templated":true}]}}