{"id":1191,"date":"2019-11-28T00:00:00","date_gmt":"2019-11-28T00:00:00","guid":{"rendered":"https:\/\/ecodef-ihedn.fr\/la-chaire-economie-de-defense-au-copda-massy-le-27-novembre-2019\/"},"modified":"2020-04-09T11:00:13","modified_gmt":"2020-04-09T11:00:13","slug":"la-chaire-economie-de-defense-au-copda-massy-le-27-novembre-2019","status":"publish","type":"post","link":"https:\/\/ecodef-ihedn.fr\/en\/la-chaire-economie-de-defense-au-copda-massy-le-27-novembre-2019\/","title":{"rendered":"The Chair in Defence Economics at CoPDA, Massy on 27 November 2019"},"content":{"rendered":"<p>The<strong> Chair in Defence Economics<\/strong> of the\u2019<strong>IHEDN<\/strong> spoke on Wednesday 27 November at the <strong>CoPDA (Defence and Aerospace Advanced Training Course)<\/strong>, organised at Massy (Safran University) by the <strong> Defence &amp; Aerospace Chair<\/strong>, led by General (2S) Laurent.<\/p>\n\n\n\n<p> This event provided an opportunity to present the <strong>various projects by members of the Chair<\/strong> to an audience of industrialists from the defence sector. <\/p>\n\n\n\n<div class=\"wp-block-image\"><figure class=\"aligncenter size-large is-resized\"><img loading=\"lazy\" decoding=\"async\" src=\"https:\/\/ecodef-ihedn.fr\/wp-content\/uploads\/2020\/04\/chaire_copda_nov_2019_massy-1-1024x768.jpg\" alt=\"\" class=\"wp-image-7398\" width=\"528\" height=\"396\" \/><figcaption>IHEDN Chair in Defence Economics, CoPDA, Massy, Safran Campus, 27 November 2019  <\/figcaption><\/figure><\/div>\n\n\n\n<h3 class=\"wp-block-heading\">DTIB and defence companies<\/h3>\n\n\n\n<p><strong>Jean Belin<\/strong> presented an overview of the <strong>French DTIB<\/strong> highlighting the <strong>methodological difficulties<\/strong> as to its definition and measurement. On the basis of its work, it also addressed the specific characteristics of <strong>defence contractors<\/strong> when compared with <strong>civil sector companies<\/strong>. The <strong>financing issues<\/strong> defence companies were also presented, from the perspective of <strong>technological and financial change<\/strong> of the global economy.<\/p>\n\n\n\n<h3 class=\"wp-block-heading\">MCO of defence equipment: economic issues<\/h3>\n\n\n\n<p><strong>Josselin Droff<\/strong> presented the economic challenges of the <strong>Maintenance in Operational Condition<\/strong> <strong>(MCO) <\/strong>defence equipment. The presentation was based on the author's various works, including a discussion on the question of the\u2019<strong>changes in costs and availability<\/strong> equipment. The main <strong>drivers of costs<\/strong> were presented, as well as <strong>various levers for action<\/strong> put in place by the government and industry to try to reduce <strong>reduce costs and\/or improve availability<\/strong>. Based on a <a rel=\"noreferrer noopener\" aria-label=\"recent study (opens in a new tab)\" href=\"https:\/\/www.irsem.fr\/institut\/actualites\/etude-de-l-irsem-n-65-2019.html\" target=\"_blank\"><strong>recent study<\/strong><\/a> of the author, the question of <strong>technological revolution at work <\/strong>in the MCO sector (connected objects, 3D printing, etc.).<\/p>\n\n\n\n<h3 class=\"wp-block-heading\">Economic impact of defence activities<\/h3>\n\n\n\n<p><strong>Julien Malizard<\/strong> presented the challenges associated with\u2019<strong>economic impact of defence activities<\/strong>, emphasising the link between<strong> macroeconomic impact, regional impact and technological impact <\/strong>on companies. On the basis of work carried out by the author over the last ten years or so and the economic literature, it appears that defence generates <strong>positive economic impact in France<\/strong>, but its usefulness as a\u2019<strong>economic policy instrument<\/strong> is debatable. <\/p>","protected":false},"excerpt":{"rendered":"<p>L&rsquo;\u00e9quipe de la Chaire \u00e9conomie de D\u00e9fense de l&rsquo;IHEDN est intervenue le mercredi 27 novembre lors du CoPDA (Cours de Perfectionnement D\u00e9fense et A\u00e9rospatial), organis\u00e9 \u00e0 Massy (Safran University) par la Chaire D\u00e9fense &amp; A\u00e9rospatial, pilot\u00e9e par le g\u00e9n\u00e9ral (2S) Laurent. Cet \u00e9v\u00e9nement a \u00e9t\u00e9 l&rsquo;occasion de pr\u00e9senter les diff\u00e9rents travaux des membres de la [&hellip;]<\/p>\n","protected":false},"author":1,"featured_media":1192,"comment_status":"open","ping_status":"open","sticky":false,"template":"","format":"standard","meta":{"footnotes":""},"categories":[356],"tags":[210,333,334,141,335,241,93,295,336],"class_list":{"0":"post-1191","1":"post","2":"type-post","3":"status-publish","4":"format-standard","5":"has-post-thumbnail","7":"category-activites-participation-de-la-chaire-a-un-evenement","8":"tag-base-industrielle-et-technologique-de-defense","9":"tag-campus-safran","10":"tag-copda","11":"tag-financement-de-la-defense","12":"tag-impact-economique","13":"tag-intervention","14":"tag-mco","15":"tag-mco-4-0","16":"tag-safran-university"},"yoast_head":"<!-- This site is optimized with the Yoast SEO plugin v27.4 - https:\/\/yoast.com\/product\/yoast-seo-wordpress\/ -->\n<title>La Chaire \u00c9conomie de D\u00e9fense au CoPDA, Massy le 27 novembre 2019 - Chaire \u00c9conomie de d\u00e9fense - IHEDN<\/title>\n<meta name=\"robots\" content=\"index, follow, max-snippet:-1, max-image-preview:large, max-video-preview:-1\" \/>\n<link rel=\"canonical\" href=\"https:\/\/ecodef-ihedn.fr\/en\/la-chaire-economie-de-defense-au-copda-massy-le-27-novembre-2019\/\" \/>\n<meta property=\"og:locale\" content=\"en_GB\" \/>\n<meta property=\"og:type\" content=\"article\" \/>\n<meta property=\"og:title\" content=\"La Chaire \u00c9conomie de D\u00e9fense au CoPDA, Massy le 27 novembre 2019 - Chaire \u00c9conomie de d\u00e9fense - IHEDN\" \/>\n<meta property=\"og:description\" content=\"L&rsquo;\u00e9quipe de la Chaire \u00e9conomie de D\u00e9fense de l&rsquo;IHEDN est intervenue le mercredi 27 novembre lors du CoPDA (Cours de Perfectionnement D\u00e9fense et A\u00e9rospatial), organis\u00e9 \u00e0 Massy (Safran University) par la Chaire D\u00e9fense &amp; A\u00e9rospatial, pilot\u00e9e par le g\u00e9n\u00e9ral (2S) Laurent. Cet \u00e9v\u00e9nement a \u00e9t\u00e9 l&rsquo;occasion de pr\u00e9senter les diff\u00e9rents travaux des membres de la [&hellip;]\" \/>\n<meta property=\"og:url\" content=\"https:\/\/ecodef-ihedn.fr\/en\/la-chaire-economie-de-defense-au-copda-massy-le-27-novembre-2019\/\" \/>\n<meta property=\"og:site_name\" content=\"Chaire \u00c9conomie de d\u00e9fense - IHEDN\" \/>\n<meta property=\"article:published_time\" content=\"2019-11-28T00:00:00+00:00\" \/>\n<meta property=\"article:modified_time\" content=\"2020-04-09T11:00:13+00:00\" \/>\n<meta property=\"og:image\" content=\"https:\/\/ecodef-ihedn.fr\/wp-content\/uploads\/2020\/04\/chaire_copda_nov_2019_massy-1.jpg\" \/>\n\t<meta property=\"og:image:width\" content=\"2048\" \/>\n\t<meta property=\"og:image:height\" content=\"1536\" \/>\n\t<meta property=\"og:image:type\" content=\"image\/jpeg\" \/>\n<meta name=\"author\" content=\"dev\" \/>\n<meta name=\"twitter:card\" content=\"summary_large_image\" \/>\n<meta name=\"twitter:creator\" content=\"@Chaire_Ecodef\" \/>\n<meta name=\"twitter:site\" content=\"@Chaire_Ecodef\" \/>\n<meta name=\"twitter:label1\" content=\"Written by\" \/>\n\t<meta name=\"twitter:data1\" content=\"dev\" \/>\n\t<meta name=\"twitter:label2\" content=\"Estimated reading time\" \/>\n\t<meta name=\"twitter:data2\" content=\"2 minutes\" \/>\n<script type=\"application\/ld+json\" class=\"yoast-schema-graph\">{\"@context\":\"https:\\\/\\\/schema.org\",\"@graph\":[{\"@type\":\"Article\",\"@id\":\"https:\\\/\\\/ecodef-ihedn.fr\\\/la-chaire-economie-de-defense-au-copda-massy-le-27-novembre-2019\\\/#article\",\"isPartOf\":{\"@id\":\"https:\\\/\\\/ecodef-ihedn.fr\\\/la-chaire-economie-de-defense-au-copda-massy-le-27-novembre-2019\\\/\"},\"author\":{\"name\":\"dev\",\"@id\":\"https:\\\/\\\/ecodef-ihedn.fr\\\/#\\\/schema\\\/person\\\/7b3f1a2d8fd336e0be2f9ff63ff0ebbc\"},\"headline\":\"La Chaire \u00c9conomie de D\u00e9fense au CoPDA, Massy le 27 novembre 2019\",\"datePublished\":\"2019-11-28T00:00:00+00:00\",\"dateModified\":\"2020-04-09T11:00:13+00:00\",\"mainEntityOfPage\":{\"@id\":\"https:\\\/\\\/ecodef-ihedn.fr\\\/la-chaire-economie-de-defense-au-copda-massy-le-27-novembre-2019\\\/\"},\"wordCount\":438,\"commentCount\":0,\"publisher\":{\"@id\":\"https:\\\/\\\/ecodef-ihedn.fr\\\/#organization\"},\"image\":{\"@id\":\"https:\\\/\\\/ecodef-ihedn.fr\\\/la-chaire-economie-de-defense-au-copda-massy-le-27-novembre-2019\\\/#primaryimage\"},\"thumbnailUrl\":\"https:\\\/\\\/ecodef-ihedn.fr\\\/wp-content\\\/uploads\\\/2020\\\/04\\\/chaire_copda_nov_2019_massy-1.jpg\",\"keywords\":[\"Base Industrielle et Technologique de D\u00e9fense\",\"Campus Safran\",\"CoPDA\",\"financement de la d\u00e9fense\",\"Impact \u00e9conomique\",\"Intervention\",\"MCO\",\"MCO 4.0\",\"Safran University\"],\"articleSection\":[\"Activit\u00e9s : participation de la Chaire \u00e0 un \u00e9v\u00e9nement\"],\"inLanguage\":\"en-GB\",\"potentialAction\":[{\"@type\":\"CommentAction\",\"name\":\"Comment\",\"target\":[\"https:\\\/\\\/ecodef-ihedn.fr\\\/la-chaire-economie-de-defense-au-copda-massy-le-27-novembre-2019\\\/#respond\"]}]},{\"@type\":\"WebPage\",\"@id\":\"https:\\\/\\\/ecodef-ihedn.fr\\\/la-chaire-economie-de-defense-au-copda-massy-le-27-novembre-2019\\\/\",\"url\":\"https:\\\/\\\/ecodef-ihedn.fr\\\/la-chaire-economie-de-defense-au-copda-massy-le-27-novembre-2019\\\/\",\"name\":\"La Chaire \u00c9conomie de D\u00e9fense au CoPDA, Massy le 27 novembre 2019 - Chaire \u00c9conomie de d\u00e9fense - IHEDN\",\"isPartOf\":{\"@id\":\"https:\\\/\\\/ecodef-ihedn.fr\\\/#website\"},\"primaryImageOfPage\":{\"@id\":\"https:\\\/\\\/ecodef-ihedn.fr\\\/la-chaire-economie-de-defense-au-copda-massy-le-27-novembre-2019\\\/#primaryimage\"},\"image\":{\"@id\":\"https:\\\/\\\/ecodef-ihedn.fr\\\/la-chaire-economie-de-defense-au-copda-massy-le-27-novembre-2019\\\/#primaryimage\"},\"thumbnailUrl\":\"https:\\\/\\\/ecodef-ihedn.fr\\\/wp-content\\\/uploads\\\/2020\\\/04\\\/chaire_copda_nov_2019_massy-1.jpg\",\"datePublished\":\"2019-11-28T00:00:00+00:00\",\"dateModified\":\"2020-04-09T11:00:13+00:00\",\"breadcrumb\":{\"@id\":\"https:\\\/\\\/ecodef-ihedn.fr\\\/la-chaire-economie-de-defense-au-copda-massy-le-27-novembre-2019\\\/#breadcrumb\"},\"inLanguage\":\"en-GB\",\"potentialAction\":[{\"@type\":\"ReadAction\",\"target\":[\"https:\\\/\\\/ecodef-ihedn.fr\\\/la-chaire-economie-de-defense-au-copda-massy-le-27-novembre-2019\\\/\"]}]},{\"@type\":\"ImageObject\",\"inLanguage\":\"en-GB\",\"@id\":\"https:\\\/\\\/ecodef-ihedn.fr\\\/la-chaire-economie-de-defense-au-copda-massy-le-27-novembre-2019\\\/#primaryimage\",\"url\":\"https:\\\/\\\/ecodef-ihedn.fr\\\/wp-content\\\/uploads\\\/2020\\\/04\\\/chaire_copda_nov_2019_massy-1.jpg\",\"contentUrl\":\"https:\\\/\\\/ecodef-ihedn.fr\\\/wp-content\\\/uploads\\\/2020\\\/04\\\/chaire_copda_nov_2019_massy-1.jpg\",\"width\":2048,\"height\":1536},{\"@type\":\"BreadcrumbList\",\"@id\":\"https:\\\/\\\/ecodef-ihedn.fr\\\/la-chaire-economie-de-defense-au-copda-massy-le-27-novembre-2019\\\/#breadcrumb\",\"itemListElement\":[{\"@type\":\"ListItem\",\"position\":1,\"name\":\"Accueil\",\"item\":\"https:\\\/\\\/ecodef-ihedn.fr\\\/\"},{\"@type\":\"ListItem\",\"position\":2,\"name\":\"La Chaire \u00c9conomie de D\u00e9fense au CoPDA, Massy le 27 novembre 2019\"}]},{\"@type\":\"WebSite\",\"@id\":\"https:\\\/\\\/ecodef-ihedn.fr\\\/#website\",\"url\":\"https:\\\/\\\/ecodef-ihedn.fr\\\/\",\"name\":\"Chaire \u00c9conomie de D\u00e9fense - IHEDN\",\"description\":\"Produire &amp; soutenir, f\u00e9d\u00e9rer &amp; diffuser, \u00eatre une interface\",\"publisher\":{\"@id\":\"https:\\\/\\\/ecodef-ihedn.fr\\\/#organization\"},\"potentialAction\":[{\"@type\":\"SearchAction\",\"target\":{\"@type\":\"EntryPoint\",\"urlTemplate\":\"https:\\\/\\\/ecodef-ihedn.fr\\\/?s={search_term_string}\"},\"query-input\":{\"@type\":\"PropertyValueSpecification\",\"valueRequired\":true,\"valueName\":\"search_term_string\"}}],\"inLanguage\":\"en-GB\"},{\"@type\":\"Organization\",\"@id\":\"https:\\\/\\\/ecodef-ihedn.fr\\\/#organization\",\"name\":\"Chaire \u00c9conomie de d\u00e9fense - IHEDN\",\"url\":\"https:\\\/\\\/ecodef-ihedn.fr\\\/\",\"logo\":{\"@type\":\"ImageObject\",\"inLanguage\":\"en-GB\",\"@id\":\"https:\\\/\\\/ecodef-ihedn.fr\\\/#\\\/schema\\\/logo\\\/image\\\/\",\"url\":\"https:\\\/\\\/ecodef-ihedn.fr\\\/wp-content\\\/uploads\\\/2020\\\/04\\\/logoEcodef9.jpg\",\"contentUrl\":\"https:\\\/\\\/ecodef-ihedn.fr\\\/wp-content\\\/uploads\\\/2020\\\/04\\\/logoEcodef9.jpg\",\"width\":410,\"height\":212,\"caption\":\"Chaire \u00c9conomie de d\u00e9fense - IHEDN\"},\"image\":{\"@id\":\"https:\\\/\\\/ecodef-ihedn.fr\\\/#\\\/schema\\\/logo\\\/image\\\/\"},\"sameAs\":[\"https:\\\/\\\/x.com\\\/Chaire_Ecodef\",\"https:\\\/\\\/www.linkedin.com\\\/company\\\/chaire-ecodef-ihedn\\\/\"]},{\"@type\":\"Person\",\"@id\":\"https:\\\/\\\/ecodef-ihedn.fr\\\/#\\\/schema\\\/person\\\/7b3f1a2d8fd336e0be2f9ff63ff0ebbc\",\"name\":\"dev\",\"image\":{\"@type\":\"ImageObject\",\"inLanguage\":\"en-GB\",\"@id\":\"https:\\\/\\\/secure.gravatar.com\\\/avatar\\\/f1ffcac9ca2fa95ad3ec33e9be3ade82f752acb0cabe541e56c5889225afa88a?s=96&d=mm&r=g\",\"url\":\"https:\\\/\\\/secure.gravatar.com\\\/avatar\\\/f1ffcac9ca2fa95ad3ec33e9be3ade82f752acb0cabe541e56c5889225afa88a?s=96&d=mm&r=g\",\"contentUrl\":\"https:\\\/\\\/secure.gravatar.com\\\/avatar\\\/f1ffcac9ca2fa95ad3ec33e9be3ade82f752acb0cabe541e56c5889225afa88a?s=96&d=mm&r=g\",\"caption\":\"dev\"},\"url\":\"https:\\\/\\\/ecodef-ihedn.fr\\\/en\\\/author\\\/dev\\\/\"}]}<\/script>\n<!-- \/ Yoast SEO plugin. -->","yoast_head_json":{"title":"La Chaire \u00c9conomie de D\u00e9fense au CoPDA, Massy le 27 novembre 2019 - Chaire \u00c9conomie de d\u00e9fense - IHEDN","robots":{"index":"index","follow":"follow","max-snippet":"max-snippet:-1","max-image-preview":"max-image-preview:large","max-video-preview":"max-video-preview:-1"},"canonical":"https:\/\/ecodef-ihedn.fr\/en\/la-chaire-economie-de-defense-au-copda-massy-le-27-novembre-2019\/","og_locale":"en_GB","og_type":"article","og_title":"La Chaire \u00c9conomie de D\u00e9fense au CoPDA, Massy le 27 novembre 2019 - Chaire \u00c9conomie de d\u00e9fense - IHEDN","og_description":"L&rsquo;\u00e9quipe de la Chaire \u00e9conomie de D\u00e9fense de l&rsquo;IHEDN est intervenue le mercredi 27 novembre lors du CoPDA (Cours de Perfectionnement D\u00e9fense et A\u00e9rospatial), organis\u00e9 \u00e0 Massy (Safran University) par la Chaire D\u00e9fense &amp; A\u00e9rospatial, pilot\u00e9e par le g\u00e9n\u00e9ral (2S) Laurent. Cet \u00e9v\u00e9nement a \u00e9t\u00e9 l&rsquo;occasion de pr\u00e9senter les diff\u00e9rents travaux des membres de la [&hellip;]","og_url":"https:\/\/ecodef-ihedn.fr\/en\/la-chaire-economie-de-defense-au-copda-massy-le-27-novembre-2019\/","og_site_name":"Chaire \u00c9conomie de d\u00e9fense - IHEDN","article_published_time":"2019-11-28T00:00:00+00:00","article_modified_time":"2020-04-09T11:00:13+00:00","og_image":[{"width":2048,"height":1536,"url":"https:\/\/ecodef-ihedn.fr\/wp-content\/uploads\/2020\/04\/chaire_copda_nov_2019_massy-1.jpg","type":"image\/jpeg"}],"author":"dev","twitter_card":"summary_large_image","twitter_creator":"@Chaire_Ecodef","twitter_site":"@Chaire_Ecodef","twitter_misc":{"Written by":"dev","Estimated reading time":"2 minutes"},"schema":{"@context":"https:\/\/schema.org","@graph":[{"@type":"Article","@id":"https:\/\/ecodef-ihedn.fr\/la-chaire-economie-de-defense-au-copda-massy-le-27-novembre-2019\/#article","isPartOf":{"@id":"https:\/\/ecodef-ihedn.fr\/la-chaire-economie-de-defense-au-copda-massy-le-27-novembre-2019\/"},"author":{"name":"dev","@id":"https:\/\/ecodef-ihedn.fr\/#\/schema\/person\/7b3f1a2d8fd336e0be2f9ff63ff0ebbc"},"headline":"La Chaire \u00c9conomie de D\u00e9fense au CoPDA, Massy le 27 novembre 2019","datePublished":"2019-11-28T00:00:00+00:00","dateModified":"2020-04-09T11:00:13+00:00","mainEntityOfPage":{"@id":"https:\/\/ecodef-ihedn.fr\/la-chaire-economie-de-defense-au-copda-massy-le-27-novembre-2019\/"},"wordCount":438,"commentCount":0,"publisher":{"@id":"https:\/\/ecodef-ihedn.fr\/#organization"},"image":{"@id":"https:\/\/ecodef-ihedn.fr\/la-chaire-economie-de-defense-au-copda-massy-le-27-novembre-2019\/#primaryimage"},"thumbnailUrl":"https:\/\/ecodef-ihedn.fr\/wp-content\/uploads\/2020\/04\/chaire_copda_nov_2019_massy-1.jpg","keywords":["Base Industrielle et Technologique de D\u00e9fense","Campus Safran","CoPDA","financement de la d\u00e9fense","Impact \u00e9conomique","Intervention","MCO","MCO 4.0","Safran University"],"articleSection":["Activit\u00e9s : participation de la Chaire \u00e0 un \u00e9v\u00e9nement"],"inLanguage":"en-GB","potentialAction":[{"@type":"CommentAction","name":"Comment","target":["https:\/\/ecodef-ihedn.fr\/la-chaire-economie-de-defense-au-copda-massy-le-27-novembre-2019\/#respond"]}]},{"@type":"WebPage","@id":"https:\/\/ecodef-ihedn.fr\/la-chaire-economie-de-defense-au-copda-massy-le-27-novembre-2019\/","url":"https:\/\/ecodef-ihedn.fr\/la-chaire-economie-de-defense-au-copda-massy-le-27-novembre-2019\/","name":"La Chaire \u00c9conomie de D\u00e9fense au CoPDA, Massy le 27 novembre 2019 - Chaire \u00c9conomie de d\u00e9fense - IHEDN","isPartOf":{"@id":"https:\/\/ecodef-ihedn.fr\/#website"},"primaryImageOfPage":{"@id":"https:\/\/ecodef-ihedn.fr\/la-chaire-economie-de-defense-au-copda-massy-le-27-novembre-2019\/#primaryimage"},"image":{"@id":"https:\/\/ecodef-ihedn.fr\/la-chaire-economie-de-defense-au-copda-massy-le-27-novembre-2019\/#primaryimage"},"thumbnailUrl":"https:\/\/ecodef-ihedn.fr\/wp-content\/uploads\/2020\/04\/chaire_copda_nov_2019_massy-1.jpg","datePublished":"2019-11-28T00:00:00+00:00","dateModified":"2020-04-09T11:00:13+00:00","breadcrumb":{"@id":"https:\/\/ecodef-ihedn.fr\/la-chaire-economie-de-defense-au-copda-massy-le-27-novembre-2019\/#breadcrumb"},"inLanguage":"en-GB","potentialAction":[{"@type":"ReadAction","target":["https:\/\/ecodef-ihedn.fr\/la-chaire-economie-de-defense-au-copda-massy-le-27-novembre-2019\/"]}]},{"@type":"ImageObject","inLanguage":"en-GB","@id":"https:\/\/ecodef-ihedn.fr\/la-chaire-economie-de-defense-au-copda-massy-le-27-novembre-2019\/#primaryimage","url":"https:\/\/ecodef-ihedn.fr\/wp-content\/uploads\/2020\/04\/chaire_copda_nov_2019_massy-1.jpg","contentUrl":"https:\/\/ecodef-ihedn.fr\/wp-content\/uploads\/2020\/04\/chaire_copda_nov_2019_massy-1.jpg","width":2048,"height":1536},{"@type":"BreadcrumbList","@id":"https:\/\/ecodef-ihedn.fr\/la-chaire-economie-de-defense-au-copda-massy-le-27-novembre-2019\/#breadcrumb","itemListElement":[{"@type":"ListItem","position":1,"name":"Accueil","item":"https:\/\/ecodef-ihedn.fr\/"},{"@type":"ListItem","position":2,"name":"La Chaire \u00c9conomie de D\u00e9fense au CoPDA, Massy le 27 novembre 2019"}]},{"@type":"WebSite","@id":"https:\/\/ecodef-ihedn.fr\/#website","url":"https:\/\/ecodef-ihedn.fr\/","name":"Chair in Defence Economics - IHEDN","description":"Produce &amp; support, federate &amp; disseminate, act as an interface","publisher":{"@id":"https:\/\/ecodef-ihedn.fr\/#organization"},"potentialAction":[{"@type":"SearchAction","target":{"@type":"EntryPoint","urlTemplate":"https:\/\/ecodef-ihedn.fr\/?s={search_term_string}"},"query-input":{"@type":"PropertyValueSpecification","valueRequired":true,"valueName":"search_term_string"}}],"inLanguage":"en-GB"},{"@type":"Organization","@id":"https:\/\/ecodef-ihedn.fr\/#organization","name":"Chair in Defence Economics - IHEDN","url":"https:\/\/ecodef-ihedn.fr\/","logo":{"@type":"ImageObject","inLanguage":"en-GB","@id":"https:\/\/ecodef-ihedn.fr\/#\/schema\/logo\/image\/","url":"https:\/\/ecodef-ihedn.fr\/wp-content\/uploads\/2020\/04\/logoEcodef9.jpg","contentUrl":"https:\/\/ecodef-ihedn.fr\/wp-content\/uploads\/2020\/04\/logoEcodef9.jpg","width":410,"height":212,"caption":"Chaire \u00c9conomie de d\u00e9fense - IHEDN"},"image":{"@id":"https:\/\/ecodef-ihedn.fr\/#\/schema\/logo\/image\/"},"sameAs":["https:\/\/x.com\/Chaire_Ecodef","https:\/\/www.linkedin.com\/company\/chaire-ecodef-ihedn\/"]},{"@type":"Person","@id":"https:\/\/ecodef-ihedn.fr\/#\/schema\/person\/7b3f1a2d8fd336e0be2f9ff63ff0ebbc","name":"dev","image":{"@type":"ImageObject","inLanguage":"en-GB","@id":"https:\/\/secure.gravatar.com\/avatar\/f1ffcac9ca2fa95ad3ec33e9be3ade82f752acb0cabe541e56c5889225afa88a?s=96&d=mm&r=g","url":"https:\/\/secure.gravatar.com\/avatar\/f1ffcac9ca2fa95ad3ec33e9be3ade82f752acb0cabe541e56c5889225afa88a?s=96&d=mm&r=g","contentUrl":"https:\/\/secure.gravatar.com\/avatar\/f1ffcac9ca2fa95ad3ec33e9be3ade82f752acb0cabe541e56c5889225afa88a?s=96&d=mm&r=g","caption":"dev"},"url":"https:\/\/ecodef-ihedn.fr\/en\/author\/dev\/"}]}},"_links":{"self":[{"href":"https:\/\/ecodef-ihedn.fr\/en\/wp-json\/wp\/v2\/posts\/1191","targetHints":{"allow":["GET"]}}],"collection":[{"href":"https:\/\/ecodef-ihedn.fr\/en\/wp-json\/wp\/v2\/posts"}],"about":[{"href":"https:\/\/ecodef-ihedn.fr\/en\/wp-json\/wp\/v2\/types\/post"}],"author":[{"embeddable":true,"href":"https:\/\/ecodef-ihedn.fr\/en\/wp-json\/wp\/v2\/users\/1"}],"replies":[{"embeddable":true,"href":"https:\/\/ecodef-ihedn.fr\/en\/wp-json\/wp\/v2\/comments?post=1191"}],"version-history":[{"count":2,"href":"https:\/\/ecodef-ihedn.fr\/en\/wp-json\/wp\/v2\/posts\/1191\/revisions"}],"predecessor-version":[{"id":1446,"href":"https:\/\/ecodef-ihedn.fr\/en\/wp-json\/wp\/v2\/posts\/1191\/revisions\/1446"}],"wp:featuredmedia":[{"embeddable":true,"href":"https:\/\/ecodef-ihedn.fr\/en\/wp-json\/wp\/v2\/media\/1192"}],"wp:attachment":[{"href":"https:\/\/ecodef-ihedn.fr\/en\/wp-json\/wp\/v2\/media?parent=1191"}],"wp:term":[{"taxonomy":"category","embeddable":true,"href":"https:\/\/ecodef-ihedn.fr\/en\/wp-json\/wp\/v2\/categories?post=1191"},{"taxonomy":"post_tag","embeddable":true,"href":"https:\/\/ecodef-ihedn.fr\/en\/wp-json\/wp\/v2\/tags?post=1191"}],"curies":[{"name":"wp","href":"https:\/\/api.w.org\/{rel}","templated":true}]}}