{"id":1193,"date":"2020-01-13T00:00:00","date_gmt":"2020-01-13T00:00:00","guid":{"rendered":"https:\/\/ecodef-ihedn.fr\/french-perspectives-comprendre-la-politique-de-defense-francaise-par-lanalyse-economique-23-janvier-2020-ecole-militaire\/"},"modified":"2020-04-09T10:59:54","modified_gmt":"2020-04-09T10:59:54","slug":"french-perspectives-comprendre-la-politique-de-defense-francaise-par-lanalyse-economique-23-janvier-2020-ecole-militaire","status":"publish","type":"post","link":"https:\/\/ecodef-ihedn.fr\/en\/french-perspectives-comprendre-la-politique-de-defense-francaise-par-lanalyse-economique-23-janvier-2020-ecole-militaire\/","title":{"rendered":"French perspectives: understanding French defence policy through economic analysis, 23 January 2020, \u00c9cole militaire"},"content":{"rendered":"<figure class=\"wp-block-image size-large\"><img decoding=\"async\" src=\"https:\/\/ecodef-ihedn.fr\/wp-content\/uploads\/2020\/04\/bandeau-1024x329.jpg\" alt=\"\" class=\"wp-image-7421\"\/><\/figure>\n\n\n\n<h2 class=\"wp-block-heading\"><em>French Perpectives<\/em> Understanding French defence policy through economic analysis <\/h2>\n\n\n\n<p>Le <strong>Thursday 23 January 2020<\/strong>, <strong>17:30 Sabatier amphitheatre at the \u00c9cole Militaire<\/strong>, as part of the events organised in conjunction with the <strong>10 years of <\/strong><a rel=\"noreferrer noopener\" aria-label=\"CDEM, (opens in a new tab)\" href=\"https:\/\/www.dems.defense.gouv.fr\/cdem\/\" target=\"_blank\"><strong>CDEM<\/strong>,<\/a> the<strong> Chair in Defence Economics <\/strong>will present its work, in particular through the special issue of the magazine <strong><em><a rel=\"noreferrer noopener\" aria-label=\"Defence and Peace Economics (opens in a new tab)\" href=\"https:\/\/www.tandfonline.com\/action\/journalInformation?show=aimsScope&amp;journalCode=gdpe20\" target=\"_blank\">Defence and Peace Economics<\/a><\/em><\/strong> which she recently coordinated.<\/p>\n\n\n\n<p>This issue aims to provide <strong>academic insight<\/strong> on <strong>current issues <\/strong>of the <strong>French defence<\/strong>. The aim is to inform certain defence policy decisions using <strong>tools of economic science<\/strong>, offering a rare strategic perspective. While France has long had a <strong>tradition in defence economics<\/strong>, The field has been relatively neglected by economists. This special issue of <strong><em>Defence and Peace Economics<\/em><\/strong> shows the current dynamism of the economic community, in particular the <strong>pool of young researchers<\/strong>, while focusing on issues of importance to the\u2019<strong>defence ecosystem.<\/strong> <\/p>\n\n\n\n<p>The authors of the special issue will be on hand to discuss the issues: <\/p>\n\n\n\n<ul class=\"wp-block-list\"><li>Introduction by <strong><a href=\"https:\/\/www.researchgate.net\/profile\/Julien_Malizard\" target=\"_blank\" rel=\"noreferrer noopener\" aria-label=\"Julien Malizard (opens in a new tab)\">Julien Malizard<\/a><\/strong>, Deputy Chair of Defence Economics<\/li><li>Military spending and the measurement of a nation's power by <strong>Jacques Aben<\/strong>, Professor Emeritus at the University of Montpellier<\/li><li>Maintenance in operational condition and spatial organisation by <strong><a href=\"https:\/\/www.researchgate.net\/profile\/Josselin_Droff\">Josselin Droff<\/a><\/strong>, researcher at the Chair in Defence Economics<\/li><li>Changes in R&amp;D funding and the adaptation of defence firms by <strong><a href=\"http:\/\/lemma.u-paris2.fr\/fr\/node\/31\" target=\"_blank\" rel=\"noreferrer noopener\" aria-label=\"Marianne Guille (opens in a new tab)\">Marianne Guille<\/a><\/strong>, lecturer at the University of Paris 2 Panth\u00e9on-Assas<\/li><li>Arms exports and intensity of civil conflict by <strong><a href=\"https:\/\/sites.google.com\/site\/antpietri\/\" target=\"_blank\" rel=\"noreferrer noopener\" aria-label=\"Antoine Pietri (opens in a new tab)\">Antoine Pietri<\/a><\/strong>, lecturer at the University of Montpellier<\/li><li>Determinants of Great War deaths by <strong>Antoine Parent<\/strong>, University Professor at the IEP in Lyon <\/li><\/ul>\n\n\n\n<p> Registration is compulsory. To register, <strong><a rel=\"noreferrer noopener\" aria-label=\"click here (opens in a new tab)\" href=\"https:\/\/www.paris-ecole-militaire.fr\/fr\/forms\/cdemfrenchperspectives\" target=\"_blank\">click here<\/a>.<\/strong><\/p>\n\n\n\n<div class=\"wp-block-image\"><figure class=\"aligncenter size-large\"><img decoding=\"async\" src=\"https:\/\/ecodef-ihedn.fr\/wp-content\/uploads\/2020\/04\/dape_frenchperspectives-1024x576.jpg\" alt=\"\" class=\"wp-image-7427\"\/><\/figure><\/div>\n\n\n\n<p><\/p>","protected":false},"excerpt":{"rendered":"<p>French Perpectives : comprendre la politique de d\u00e9fense fran\u00e7aise par le biais de l\u2019analyse \u00e9conomique Le jeudi 23 janvier 2020, 17h30 amphith\u00e9\u00e2tre Sabatier \u00e0 l\u2019\u00c9cole militaire, dans le cadre des manifestations organis\u00e9es \u00e0 l\u2019occasion des 10 ans du CDEM, la Chaire \u00c9conomie de d\u00e9fense pr\u00e9sentera son travail, en particulier \u00e0 travers le num\u00e9ro sp\u00e9cial de [&hellip;]<\/p>\n","protected":false},"author":1,"featured_media":1194,"comment_status":"open","ping_status":"open","sticky":false,"template":"","format":"standard","meta":{"footnotes":""},"categories":[355],"tags":[337,162,191,103,116,149,338,192],"class_list":{"0":"post-1193","1":"post","2":"type-post","3":"status-publish","4":"format-standard","5":"has-post-thumbnail","7":"category-activites-evenements-portes-par-la-chaire","8":"tag-cdem","9":"tag-chaire-economie-de-defense","10":"tag-defence-and-peace-economics","11":"tag-ecole-militaire","12":"tag-economie-de-la-defense","13":"tag-industrie-de-defense","14":"tag-jeunes-chercheurs","15":"tag-numero-special"},"yoast_head":"<!-- This site is optimized with the Yoast SEO plugin v27.4 - https:\/\/yoast.com\/product\/yoast-seo-wordpress\/ -->\n<title>French perspectives: comprendre la politique de d\u00e9fense fran\u00e7aise par l\u2019analyse \u00e9conomique, 23 janvier 2020, \u00c9cole militaire - Chaire \u00c9conomie de d\u00e9fense - IHEDN<\/title>\n<meta name=\"robots\" content=\"index, follow, max-snippet:-1, max-image-preview:large, max-video-preview:-1\" \/>\n<link rel=\"canonical\" href=\"https:\/\/ecodef-ihedn.fr\/en\/french-perspectives-comprendre-la-politique-de-defense-francaise-par-lanalyse-economique-23-janvier-2020-ecole-militaire\/\" \/>\n<meta property=\"og:locale\" content=\"en_GB\" \/>\n<meta property=\"og:type\" content=\"article\" \/>\n<meta property=\"og:title\" content=\"French perspectives: comprendre la politique de d\u00e9fense fran\u00e7aise par l\u2019analyse \u00e9conomique, 23 janvier 2020, \u00c9cole militaire - Chaire \u00c9conomie de d\u00e9fense - IHEDN\" \/>\n<meta property=\"og:description\" content=\"French Perpectives : comprendre la politique de d\u00e9fense fran\u00e7aise par le biais de l\u2019analyse \u00e9conomique Le jeudi 23 janvier 2020, 17h30 amphith\u00e9\u00e2tre Sabatier \u00e0 l\u2019\u00c9cole militaire, dans le cadre des manifestations organis\u00e9es \u00e0 l\u2019occasion des 10 ans du CDEM, la Chaire \u00c9conomie de d\u00e9fense pr\u00e9sentera son travail, en particulier \u00e0 travers le num\u00e9ro sp\u00e9cial de [&hellip;]\" \/>\n<meta property=\"og:url\" content=\"https:\/\/ecodef-ihedn.fr\/en\/french-perspectives-comprendre-la-politique-de-defense-francaise-par-lanalyse-economique-23-janvier-2020-ecole-militaire\/\" \/>\n<meta property=\"og:site_name\" content=\"Chaire \u00c9conomie de d\u00e9fense - IHEDN\" \/>\n<meta property=\"article:published_time\" content=\"2020-01-13T00:00:00+00:00\" \/>\n<meta property=\"article:modified_time\" content=\"2020-04-09T10:59:54+00:00\" \/>\n<meta property=\"og:image\" content=\"https:\/\/ecodef-ihedn.fr\/wp-content\/uploads\/2020\/04\/bandeau.jpg\" \/>\n\t<meta property=\"og:image:width\" content=\"1090\" \/>\n\t<meta property=\"og:image:height\" content=\"350\" \/>\n\t<meta property=\"og:image:type\" content=\"image\/jpeg\" \/>\n<meta name=\"author\" content=\"dev\" \/>\n<meta name=\"twitter:card\" content=\"summary_large_image\" \/>\n<meta name=\"twitter:creator\" content=\"@Chaire_Ecodef\" \/>\n<meta name=\"twitter:site\" content=\"@Chaire_Ecodef\" \/>\n<meta name=\"twitter:label1\" content=\"Written by\" \/>\n\t<meta name=\"twitter:data1\" content=\"dev\" \/>\n\t<meta name=\"twitter:label2\" content=\"Estimated reading time\" \/>\n\t<meta name=\"twitter:data2\" content=\"2 minutes\" \/>\n<script type=\"application\/ld+json\" class=\"yoast-schema-graph\">{\"@context\":\"https:\\\/\\\/schema.org\",\"@graph\":[{\"@type\":\"Article\",\"@id\":\"https:\\\/\\\/ecodef-ihedn.fr\\\/french-perspectives-comprendre-la-politique-de-defense-francaise-par-lanalyse-economique-23-janvier-2020-ecole-militaire\\\/#article\",\"isPartOf\":{\"@id\":\"https:\\\/\\\/ecodef-ihedn.fr\\\/french-perspectives-comprendre-la-politique-de-defense-francaise-par-lanalyse-economique-23-janvier-2020-ecole-militaire\\\/\"},\"author\":{\"name\":\"dev\",\"@id\":\"https:\\\/\\\/ecodef-ihedn.fr\\\/#\\\/schema\\\/person\\\/7b3f1a2d8fd336e0be2f9ff63ff0ebbc\"},\"headline\":\"French perspectives: comprendre la politique de d\u00e9fense fran\u00e7aise par l\u2019analyse \u00e9conomique, 23 janvier 2020, \u00c9cole militaire\",\"datePublished\":\"2020-01-13T00:00:00+00:00\",\"dateModified\":\"2020-04-09T10:59:54+00:00\",\"mainEntityOfPage\":{\"@id\":\"https:\\\/\\\/ecodef-ihedn.fr\\\/french-perspectives-comprendre-la-politique-de-defense-francaise-par-lanalyse-economique-23-janvier-2020-ecole-militaire\\\/\"},\"wordCount\":352,\"commentCount\":0,\"publisher\":{\"@id\":\"https:\\\/\\\/ecodef-ihedn.fr\\\/#organization\"},\"image\":{\"@id\":\"https:\\\/\\\/ecodef-ihedn.fr\\\/french-perspectives-comprendre-la-politique-de-defense-francaise-par-lanalyse-economique-23-janvier-2020-ecole-militaire\\\/#primaryimage\"},\"thumbnailUrl\":\"https:\\\/\\\/ecodef-ihedn.fr\\\/wp-content\\\/uploads\\\/2020\\\/04\\\/bandeau.jpg\",\"keywords\":[\"CDEM\",\"chaire \u00e9conomie de d\u00e9fense\",\"Defence and Peace Economics\",\"Ecole Militaire\",\"Economie de la D\u00e9fense\",\"industrie de d\u00e9fense\",\"Jeunes chercheurs\",\"Num\u00e9ro sp\u00e9cial\"],\"articleSection\":[\"Activit\u00e9s : \u00e9v\u00e9nements port\u00e9s par la Chaire\"],\"inLanguage\":\"en-GB\",\"potentialAction\":[{\"@type\":\"CommentAction\",\"name\":\"Comment\",\"target\":[\"https:\\\/\\\/ecodef-ihedn.fr\\\/french-perspectives-comprendre-la-politique-de-defense-francaise-par-lanalyse-economique-23-janvier-2020-ecole-militaire\\\/#respond\"]}]},{\"@type\":\"WebPage\",\"@id\":\"https:\\\/\\\/ecodef-ihedn.fr\\\/french-perspectives-comprendre-la-politique-de-defense-francaise-par-lanalyse-economique-23-janvier-2020-ecole-militaire\\\/\",\"url\":\"https:\\\/\\\/ecodef-ihedn.fr\\\/french-perspectives-comprendre-la-politique-de-defense-francaise-par-lanalyse-economique-23-janvier-2020-ecole-militaire\\\/\",\"name\":\"French perspectives: comprendre la politique de d\u00e9fense fran\u00e7aise par l\u2019analyse \u00e9conomique, 23 janvier 2020, \u00c9cole militaire - Chaire \u00c9conomie de d\u00e9fense - IHEDN\",\"isPartOf\":{\"@id\":\"https:\\\/\\\/ecodef-ihedn.fr\\\/#website\"},\"primaryImageOfPage\":{\"@id\":\"https:\\\/\\\/ecodef-ihedn.fr\\\/french-perspectives-comprendre-la-politique-de-defense-francaise-par-lanalyse-economique-23-janvier-2020-ecole-militaire\\\/#primaryimage\"},\"image\":{\"@id\":\"https:\\\/\\\/ecodef-ihedn.fr\\\/french-perspectives-comprendre-la-politique-de-defense-francaise-par-lanalyse-economique-23-janvier-2020-ecole-militaire\\\/#primaryimage\"},\"thumbnailUrl\":\"https:\\\/\\\/ecodef-ihedn.fr\\\/wp-content\\\/uploads\\\/2020\\\/04\\\/bandeau.jpg\",\"datePublished\":\"2020-01-13T00:00:00+00:00\",\"dateModified\":\"2020-04-09T10:59:54+00:00\",\"breadcrumb\":{\"@id\":\"https:\\\/\\\/ecodef-ihedn.fr\\\/french-perspectives-comprendre-la-politique-de-defense-francaise-par-lanalyse-economique-23-janvier-2020-ecole-militaire\\\/#breadcrumb\"},\"inLanguage\":\"en-GB\",\"potentialAction\":[{\"@type\":\"ReadAction\",\"target\":[\"https:\\\/\\\/ecodef-ihedn.fr\\\/french-perspectives-comprendre-la-politique-de-defense-francaise-par-lanalyse-economique-23-janvier-2020-ecole-militaire\\\/\"]}]},{\"@type\":\"ImageObject\",\"inLanguage\":\"en-GB\",\"@id\":\"https:\\\/\\\/ecodef-ihedn.fr\\\/french-perspectives-comprendre-la-politique-de-defense-francaise-par-lanalyse-economique-23-janvier-2020-ecole-militaire\\\/#primaryimage\",\"url\":\"https:\\\/\\\/ecodef-ihedn.fr\\\/wp-content\\\/uploads\\\/2020\\\/04\\\/bandeau.jpg\",\"contentUrl\":\"https:\\\/\\\/ecodef-ihedn.fr\\\/wp-content\\\/uploads\\\/2020\\\/04\\\/bandeau.jpg\",\"width\":1090,\"height\":350},{\"@type\":\"BreadcrumbList\",\"@id\":\"https:\\\/\\\/ecodef-ihedn.fr\\\/french-perspectives-comprendre-la-politique-de-defense-francaise-par-lanalyse-economique-23-janvier-2020-ecole-militaire\\\/#breadcrumb\",\"itemListElement\":[{\"@type\":\"ListItem\",\"position\":1,\"name\":\"Accueil\",\"item\":\"https:\\\/\\\/ecodef-ihedn.fr\\\/\"},{\"@type\":\"ListItem\",\"position\":2,\"name\":\"French perspectives: comprendre la politique de d\u00e9fense fran\u00e7aise par l\u2019analyse \u00e9conomique, 23 janvier 2020, \u00c9cole militaire\"}]},{\"@type\":\"WebSite\",\"@id\":\"https:\\\/\\\/ecodef-ihedn.fr\\\/#website\",\"url\":\"https:\\\/\\\/ecodef-ihedn.fr\\\/\",\"name\":\"Chaire \u00c9conomie de D\u00e9fense - IHEDN\",\"description\":\"Produire &amp; soutenir, f\u00e9d\u00e9rer &amp; diffuser, \u00eatre une interface\",\"publisher\":{\"@id\":\"https:\\\/\\\/ecodef-ihedn.fr\\\/#organization\"},\"potentialAction\":[{\"@type\":\"SearchAction\",\"target\":{\"@type\":\"EntryPoint\",\"urlTemplate\":\"https:\\\/\\\/ecodef-ihedn.fr\\\/?s={search_term_string}\"},\"query-input\":{\"@type\":\"PropertyValueSpecification\",\"valueRequired\":true,\"valueName\":\"search_term_string\"}}],\"inLanguage\":\"en-GB\"},{\"@type\":\"Organization\",\"@id\":\"https:\\\/\\\/ecodef-ihedn.fr\\\/#organization\",\"name\":\"Chaire \u00c9conomie de d\u00e9fense - IHEDN\",\"url\":\"https:\\\/\\\/ecodef-ihedn.fr\\\/\",\"logo\":{\"@type\":\"ImageObject\",\"inLanguage\":\"en-GB\",\"@id\":\"https:\\\/\\\/ecodef-ihedn.fr\\\/#\\\/schema\\\/logo\\\/image\\\/\",\"url\":\"https:\\\/\\\/ecodef-ihedn.fr\\\/wp-content\\\/uploads\\\/2020\\\/04\\\/logoEcodef9.jpg\",\"contentUrl\":\"https:\\\/\\\/ecodef-ihedn.fr\\\/wp-content\\\/uploads\\\/2020\\\/04\\\/logoEcodef9.jpg\",\"width\":410,\"height\":212,\"caption\":\"Chaire \u00c9conomie de d\u00e9fense - IHEDN\"},\"image\":{\"@id\":\"https:\\\/\\\/ecodef-ihedn.fr\\\/#\\\/schema\\\/logo\\\/image\\\/\"},\"sameAs\":[\"https:\\\/\\\/x.com\\\/Chaire_Ecodef\",\"https:\\\/\\\/www.linkedin.com\\\/company\\\/chaire-ecodef-ihedn\\\/\"]},{\"@type\":\"Person\",\"@id\":\"https:\\\/\\\/ecodef-ihedn.fr\\\/#\\\/schema\\\/person\\\/7b3f1a2d8fd336e0be2f9ff63ff0ebbc\",\"name\":\"dev\",\"image\":{\"@type\":\"ImageObject\",\"inLanguage\":\"en-GB\",\"@id\":\"https:\\\/\\\/secure.gravatar.com\\\/avatar\\\/f1ffcac9ca2fa95ad3ec33e9be3ade82f752acb0cabe541e56c5889225afa88a?s=96&d=mm&r=g\",\"url\":\"https:\\\/\\\/secure.gravatar.com\\\/avatar\\\/f1ffcac9ca2fa95ad3ec33e9be3ade82f752acb0cabe541e56c5889225afa88a?s=96&d=mm&r=g\",\"contentUrl\":\"https:\\\/\\\/secure.gravatar.com\\\/avatar\\\/f1ffcac9ca2fa95ad3ec33e9be3ade82f752acb0cabe541e56c5889225afa88a?s=96&d=mm&r=g\",\"caption\":\"dev\"},\"url\":\"https:\\\/\\\/ecodef-ihedn.fr\\\/en\\\/author\\\/dev\\\/\"}]}<\/script>\n<!-- \/ Yoast SEO plugin. -->","yoast_head_json":{"title":"French perspectives: comprendre la politique de d\u00e9fense fran\u00e7aise par l\u2019analyse \u00e9conomique, 23 janvier 2020, \u00c9cole militaire - Chaire \u00c9conomie de d\u00e9fense - IHEDN","robots":{"index":"index","follow":"follow","max-snippet":"max-snippet:-1","max-image-preview":"max-image-preview:large","max-video-preview":"max-video-preview:-1"},"canonical":"https:\/\/ecodef-ihedn.fr\/en\/french-perspectives-comprendre-la-politique-de-defense-francaise-par-lanalyse-economique-23-janvier-2020-ecole-militaire\/","og_locale":"en_GB","og_type":"article","og_title":"French perspectives: comprendre la politique de d\u00e9fense fran\u00e7aise par l\u2019analyse \u00e9conomique, 23 janvier 2020, \u00c9cole militaire - Chaire \u00c9conomie de d\u00e9fense - IHEDN","og_description":"French Perpectives : comprendre la politique de d\u00e9fense fran\u00e7aise par le biais de l\u2019analyse \u00e9conomique Le jeudi 23 janvier 2020, 17h30 amphith\u00e9\u00e2tre Sabatier \u00e0 l\u2019\u00c9cole militaire, dans le cadre des manifestations organis\u00e9es \u00e0 l\u2019occasion des 10 ans du CDEM, la Chaire \u00c9conomie de d\u00e9fense pr\u00e9sentera son travail, en particulier \u00e0 travers le num\u00e9ro sp\u00e9cial de [&hellip;]","og_url":"https:\/\/ecodef-ihedn.fr\/en\/french-perspectives-comprendre-la-politique-de-defense-francaise-par-lanalyse-economique-23-janvier-2020-ecole-militaire\/","og_site_name":"Chaire \u00c9conomie de d\u00e9fense - IHEDN","article_published_time":"2020-01-13T00:00:00+00:00","article_modified_time":"2020-04-09T10:59:54+00:00","og_image":[{"width":1090,"height":350,"url":"https:\/\/ecodef-ihedn.fr\/wp-content\/uploads\/2020\/04\/bandeau.jpg","type":"image\/jpeg"}],"author":"dev","twitter_card":"summary_large_image","twitter_creator":"@Chaire_Ecodef","twitter_site":"@Chaire_Ecodef","twitter_misc":{"Written by":"dev","Estimated reading time":"2 minutes"},"schema":{"@context":"https:\/\/schema.org","@graph":[{"@type":"Article","@id":"https:\/\/ecodef-ihedn.fr\/french-perspectives-comprendre-la-politique-de-defense-francaise-par-lanalyse-economique-23-janvier-2020-ecole-militaire\/#article","isPartOf":{"@id":"https:\/\/ecodef-ihedn.fr\/french-perspectives-comprendre-la-politique-de-defense-francaise-par-lanalyse-economique-23-janvier-2020-ecole-militaire\/"},"author":{"name":"dev","@id":"https:\/\/ecodef-ihedn.fr\/#\/schema\/person\/7b3f1a2d8fd336e0be2f9ff63ff0ebbc"},"headline":"French perspectives: comprendre la politique de d\u00e9fense fran\u00e7aise par l\u2019analyse \u00e9conomique, 23 janvier 2020, \u00c9cole militaire","datePublished":"2020-01-13T00:00:00+00:00","dateModified":"2020-04-09T10:59:54+00:00","mainEntityOfPage":{"@id":"https:\/\/ecodef-ihedn.fr\/french-perspectives-comprendre-la-politique-de-defense-francaise-par-lanalyse-economique-23-janvier-2020-ecole-militaire\/"},"wordCount":352,"commentCount":0,"publisher":{"@id":"https:\/\/ecodef-ihedn.fr\/#organization"},"image":{"@id":"https:\/\/ecodef-ihedn.fr\/french-perspectives-comprendre-la-politique-de-defense-francaise-par-lanalyse-economique-23-janvier-2020-ecole-militaire\/#primaryimage"},"thumbnailUrl":"https:\/\/ecodef-ihedn.fr\/wp-content\/uploads\/2020\/04\/bandeau.jpg","keywords":["CDEM","chaire \u00e9conomie de d\u00e9fense","Defence and Peace Economics","Ecole Militaire","Economie de la D\u00e9fense","industrie de d\u00e9fense","Jeunes chercheurs","Num\u00e9ro sp\u00e9cial"],"articleSection":["Activit\u00e9s : \u00e9v\u00e9nements port\u00e9s par la Chaire"],"inLanguage":"en-GB","potentialAction":[{"@type":"CommentAction","name":"Comment","target":["https:\/\/ecodef-ihedn.fr\/french-perspectives-comprendre-la-politique-de-defense-francaise-par-lanalyse-economique-23-janvier-2020-ecole-militaire\/#respond"]}]},{"@type":"WebPage","@id":"https:\/\/ecodef-ihedn.fr\/french-perspectives-comprendre-la-politique-de-defense-francaise-par-lanalyse-economique-23-janvier-2020-ecole-militaire\/","url":"https:\/\/ecodef-ihedn.fr\/french-perspectives-comprendre-la-politique-de-defense-francaise-par-lanalyse-economique-23-janvier-2020-ecole-militaire\/","name":"French perspectives: comprendre la politique de d\u00e9fense fran\u00e7aise par l\u2019analyse \u00e9conomique, 23 janvier 2020, \u00c9cole militaire - Chaire \u00c9conomie de d\u00e9fense - IHEDN","isPartOf":{"@id":"https:\/\/ecodef-ihedn.fr\/#website"},"primaryImageOfPage":{"@id":"https:\/\/ecodef-ihedn.fr\/french-perspectives-comprendre-la-politique-de-defense-francaise-par-lanalyse-economique-23-janvier-2020-ecole-militaire\/#primaryimage"},"image":{"@id":"https:\/\/ecodef-ihedn.fr\/french-perspectives-comprendre-la-politique-de-defense-francaise-par-lanalyse-economique-23-janvier-2020-ecole-militaire\/#primaryimage"},"thumbnailUrl":"https:\/\/ecodef-ihedn.fr\/wp-content\/uploads\/2020\/04\/bandeau.jpg","datePublished":"2020-01-13T00:00:00+00:00","dateModified":"2020-04-09T10:59:54+00:00","breadcrumb":{"@id":"https:\/\/ecodef-ihedn.fr\/french-perspectives-comprendre-la-politique-de-defense-francaise-par-lanalyse-economique-23-janvier-2020-ecole-militaire\/#breadcrumb"},"inLanguage":"en-GB","potentialAction":[{"@type":"ReadAction","target":["https:\/\/ecodef-ihedn.fr\/french-perspectives-comprendre-la-politique-de-defense-francaise-par-lanalyse-economique-23-janvier-2020-ecole-militaire\/"]}]},{"@type":"ImageObject","inLanguage":"en-GB","@id":"https:\/\/ecodef-ihedn.fr\/french-perspectives-comprendre-la-politique-de-defense-francaise-par-lanalyse-economique-23-janvier-2020-ecole-militaire\/#primaryimage","url":"https:\/\/ecodef-ihedn.fr\/wp-content\/uploads\/2020\/04\/bandeau.jpg","contentUrl":"https:\/\/ecodef-ihedn.fr\/wp-content\/uploads\/2020\/04\/bandeau.jpg","width":1090,"height":350},{"@type":"BreadcrumbList","@id":"https:\/\/ecodef-ihedn.fr\/french-perspectives-comprendre-la-politique-de-defense-francaise-par-lanalyse-economique-23-janvier-2020-ecole-militaire\/#breadcrumb","itemListElement":[{"@type":"ListItem","position":1,"name":"Accueil","item":"https:\/\/ecodef-ihedn.fr\/"},{"@type":"ListItem","position":2,"name":"French perspectives: comprendre la politique de d\u00e9fense fran\u00e7aise par l\u2019analyse \u00e9conomique, 23 janvier 2020, \u00c9cole militaire"}]},{"@type":"WebSite","@id":"https:\/\/ecodef-ihedn.fr\/#website","url":"https:\/\/ecodef-ihedn.fr\/","name":"Chair in Defence Economics - IHEDN","description":"Produce &amp; support, federate &amp; disseminate, act as an interface","publisher":{"@id":"https:\/\/ecodef-ihedn.fr\/#organization"},"potentialAction":[{"@type":"SearchAction","target":{"@type":"EntryPoint","urlTemplate":"https:\/\/ecodef-ihedn.fr\/?s={search_term_string}"},"query-input":{"@type":"PropertyValueSpecification","valueRequired":true,"valueName":"search_term_string"}}],"inLanguage":"en-GB"},{"@type":"Organization","@id":"https:\/\/ecodef-ihedn.fr\/#organization","name":"Chair in Defence Economics - IHEDN","url":"https:\/\/ecodef-ihedn.fr\/","logo":{"@type":"ImageObject","inLanguage":"en-GB","@id":"https:\/\/ecodef-ihedn.fr\/#\/schema\/logo\/image\/","url":"https:\/\/ecodef-ihedn.fr\/wp-content\/uploads\/2020\/04\/logoEcodef9.jpg","contentUrl":"https:\/\/ecodef-ihedn.fr\/wp-content\/uploads\/2020\/04\/logoEcodef9.jpg","width":410,"height":212,"caption":"Chaire \u00c9conomie de d\u00e9fense - IHEDN"},"image":{"@id":"https:\/\/ecodef-ihedn.fr\/#\/schema\/logo\/image\/"},"sameAs":["https:\/\/x.com\/Chaire_Ecodef","https:\/\/www.linkedin.com\/company\/chaire-ecodef-ihedn\/"]},{"@type":"Person","@id":"https:\/\/ecodef-ihedn.fr\/#\/schema\/person\/7b3f1a2d8fd336e0be2f9ff63ff0ebbc","name":"dev","image":{"@type":"ImageObject","inLanguage":"en-GB","@id":"https:\/\/secure.gravatar.com\/avatar\/f1ffcac9ca2fa95ad3ec33e9be3ade82f752acb0cabe541e56c5889225afa88a?s=96&d=mm&r=g","url":"https:\/\/secure.gravatar.com\/avatar\/f1ffcac9ca2fa95ad3ec33e9be3ade82f752acb0cabe541e56c5889225afa88a?s=96&d=mm&r=g","contentUrl":"https:\/\/secure.gravatar.com\/avatar\/f1ffcac9ca2fa95ad3ec33e9be3ade82f752acb0cabe541e56c5889225afa88a?s=96&d=mm&r=g","caption":"dev"},"url":"https:\/\/ecodef-ihedn.fr\/en\/author\/dev\/"}]}},"_links":{"self":[{"href":"https:\/\/ecodef-ihedn.fr\/en\/wp-json\/wp\/v2\/posts\/1193","targetHints":{"allow":["GET"]}}],"collection":[{"href":"https:\/\/ecodef-ihedn.fr\/en\/wp-json\/wp\/v2\/posts"}],"about":[{"href":"https:\/\/ecodef-ihedn.fr\/en\/wp-json\/wp\/v2\/types\/post"}],"author":[{"embeddable":true,"href":"https:\/\/ecodef-ihedn.fr\/en\/wp-json\/wp\/v2\/users\/1"}],"replies":[{"embeddable":true,"href":"https:\/\/ecodef-ihedn.fr\/en\/wp-json\/wp\/v2\/comments?post=1193"}],"version-history":[{"count":3,"href":"https:\/\/ecodef-ihedn.fr\/en\/wp-json\/wp\/v2\/posts\/1193\/revisions"}],"predecessor-version":[{"id":1533,"href":"https:\/\/ecodef-ihedn.fr\/en\/wp-json\/wp\/v2\/posts\/1193\/revisions\/1533"}],"wp:featuredmedia":[{"embeddable":true,"href":"https:\/\/ecodef-ihedn.fr\/en\/wp-json\/wp\/v2\/media\/1194"}],"wp:attachment":[{"href":"https:\/\/ecodef-ihedn.fr\/en\/wp-json\/wp\/v2\/media?parent=1193"}],"wp:term":[{"taxonomy":"category","embeddable":true,"href":"https:\/\/ecodef-ihedn.fr\/en\/wp-json\/wp\/v2\/categories?post=1193"},{"taxonomy":"post_tag","embeddable":true,"href":"https:\/\/ecodef-ihedn.fr\/en\/wp-json\/wp\/v2\/tags?post=1193"}],"curies":[{"name":"wp","href":"https:\/\/api.w.org\/{rel}","templated":true}]}}