{"id":1196,"date":"2020-01-30T00:00:00","date_gmt":"2020-01-30T00:00:00","guid":{"rendered":"https:\/\/ecodef-ihedn.fr\/la-chaire-economie-de-defense-ihedn-a-la-fabrique-defense-1ere-edition\/"},"modified":"2020-04-09T10:59:46","modified_gmt":"2020-04-09T10:59:46","slug":"la-chaire-economie-de-defense-ihedn-a-la-fabrique-defense-1ere-edition","status":"publish","type":"post","link":"https:\/\/ecodef-ihedn.fr\/en\/la-chaire-economie-de-defense-ihedn-a-la-fabrique-defense-1ere-edition\/","title":{"rendered":"The Defence Economics Chair - IHEDN at the Defence Factory, 1st edition!"},"content":{"rendered":"<p>Promoting the spirit of Defence, strengthening the Armed Forces-Nation link and fostering the emergence of a European strategic culture: this is the ambition of the 1<sup>era<\/sup>  edition of this unique event in Europe, which was held on 17 and 18 January 2020 at the Paris Event Center, with attendance well above expectations.<\/p>\n\n\n\n<p>The aim of the <a rel=\"noreferrer noopener\" href=\"http:\/\/lafabriquedefense.fr\/\" target=\"_blank\"><strong>Defence Factory<\/strong><\/a>, sums up <a href=\"https:\/\/www.linkedin.com\/in\/nicolas-bronard-8b023b87\/\" target=\"_blank\" rel=\"noreferrer noopener\" aria-label=\" (opens in a new tab)\"><strong>Nicolas Bronard<\/strong><\/a>, Head of the \u00abForesight, Research and Innovation\u00bb unit at the Directorate General for International Relations and Strategy (DGRIS) and head of the Defence Factory project, is to \u00ab\u00a0<em>talking to young people we don't talk to or don't talk to any more<\/em>\u00a0\u00bb.<\/p>\n\n\n\n<p>154 public and private players, including the <a href=\"https:\/\/www.linkedin.com\/company\/28502662\"><strong>Chair in Defence Economics - IHEDN<\/strong><\/a> have offered workshops, lectures and presented \u00ab\u00a0<em>serious games\u00a0<\/em>\u00bbThe aim is to encourage vocations and raise awareness among a public that is sometimes distant because it lacks information.<\/p>\n\n\n\n<figure class=\"wp-block-image\"><img decoding=\"async\" src=\"https:\/\/ecodef-ihedn.fr\/wp-content\/uploads\/2020\/02\/ihedn-la-fabrique-defense-117.jpg\" alt=\"IHEDN | la FABRIQUE DEFENSE\" \/><\/figure>\n\n\n\n<p>This was an opportunity for<strong> <a href=\"https:\/\/www.linkedin.com\/in\/ACoAAAqLeKYBjf056tfKkf2TlzKdCcIiKGTLIrI\/\">Julien Malizard<\/a><\/strong> and <a href=\"https:\/\/www.linkedin.com\/in\/ACoAABPuAe4Bgxsw0-8savfvjUPd8xa1yLk_e6M\/\"><strong>Josselin Droff<\/strong><\/a> present the Chair's activities on the joint stand with the\u2019<a href=\"https:\/\/www.ihedn.fr\/\"><strong>IHEDN<\/strong><\/a> and <a href=\"https:\/\/jeunes-ihedn.org\"><strong>Jeunes-IHEDN<\/strong><\/a>, in particular to Mrs <a href=\"https:\/\/www.linkedin.com\/in\/ACoAABCo9akBhMKuUvnc9ujMK2J_YseX8qkl2MI\/\"><strong>Genevi\u00e8ve Darrieussecq<\/strong><\/a>, Secretary of State to the Minister for the Armed Forces.  <\/p>\n\n\n\n<figure class=\"wp-block-image\"><img decoding=\"async\" src=\"https:\/\/ecodef-ihedn.fr\/wp-content\/uploads\/2020\/04\/ihedn-la-fabrique-defense-365.jpg\" alt=\"IHEDN | la FABRIQUE DEFENSE : L'IHEDN a eu l'honneur d'accueillir sur son stand, Madame la ministre Genevi\u00e8ve Darrieussecq, secr\u00e9taire d'\u00c9tat aupr\u00e8s de la ministre des Arm\u00e9es\" \/><\/figure>\n\n\n\n<p>The Chair also contributed to the events on both days, in particular by organising a round table on 17 January on the theme of <strong>\u00abthe sinews of war: the defence economy\u00bb<\/strong> with <strong><a href=\"https:\/\/www.linkedin.com\/in\/helene-masson-7477469\/\">H\u00e9l\u00e8ne Masson<\/a><\/strong>, Senior Research Fellow at the Defence &amp; Industry Unit of the FRS.<\/p>\n\n\n\n<p>This round table addressed the place of defence in industry (H\u00e9l\u00e8ne Masson), its role in innovation (Jean Belin, Chairholder), and the economic cost of conflict (Julien Malizard, Deputy Chairholder).<\/p>","protected":false},"excerpt":{"rendered":"<p>Promouvoir l\u2019esprit de D\u00e9fense, renforcer le lien Arm\u00e9es-Nation et faire \u00e9merger une culture strat\u00e9gique europ\u00e9enne&nbsp;: c\u2019est l\u2019ambition de la 1\u00e8re \u00e9dition de cet \u00e9v\u00e9nement unique en Europe, qui s&rsquo;est tenu les 17 et 18 janvier 2020 au Paris Event Center, avec une fr\u00e9quentation bien sup\u00e9rieure aux attentes. L\u2019objectif de la Fabrique D\u00e9fense, r\u00e9sume Nicolas Bronard, [&hellip;]<\/p>\n","protected":false},"author":1,"featured_media":1198,"comment_status":"open","ping_status":"open","sticky":false,"template":"","format":"standard","meta":{"footnotes":""},"categories":[356],"tags":[116,339,38,340],"class_list":{"0":"post-1196","1":"post","2":"type-post","3":"status-publish","4":"format-standard","5":"has-post-thumbnail","7":"category-activites-participation-de-la-chaire-a-un-evenement","8":"tag-economie-de-la-defense","9":"tag-fabrique-defense","10":"tag-ihedn","11":"tag-jeunesse"},"yoast_head":"<!-- This site is optimized with the Yoast SEO plugin v27.4 - https:\/\/yoast.com\/product\/yoast-seo-wordpress\/ -->\n<title>La Chaire \u00c9conomie de d\u00e9fense - IHEDN \u00e0 la Fabrique D\u00e9fense, 1\u00e8re \u00e9dition ! - Chaire \u00c9conomie de d\u00e9fense - IHEDN<\/title>\n<meta name=\"robots\" content=\"index, follow, max-snippet:-1, max-image-preview:large, max-video-preview:-1\" \/>\n<link rel=\"canonical\" href=\"https:\/\/ecodef-ihedn.fr\/en\/la-chaire-economie-de-defense-ihedn-a-la-fabrique-defense-1ere-edition\/\" \/>\n<meta property=\"og:locale\" content=\"en_GB\" \/>\n<meta property=\"og:type\" content=\"article\" \/>\n<meta property=\"og:title\" content=\"La Chaire \u00c9conomie de d\u00e9fense - IHEDN \u00e0 la Fabrique D\u00e9fense, 1\u00e8re \u00e9dition ! - Chaire \u00c9conomie de d\u00e9fense - IHEDN\" \/>\n<meta property=\"og:description\" content=\"Promouvoir l\u2019esprit de D\u00e9fense, renforcer le lien Arm\u00e9es-Nation et faire \u00e9merger une culture strat\u00e9gique europ\u00e9enne&nbsp;: c\u2019est l\u2019ambition de la 1\u00e8re \u00e9dition de cet \u00e9v\u00e9nement unique en Europe, qui s&rsquo;est tenu les 17 et 18 janvier 2020 au Paris Event Center, avec une fr\u00e9quentation bien sup\u00e9rieure aux attentes. L\u2019objectif de la Fabrique D\u00e9fense, r\u00e9sume Nicolas Bronard, [&hellip;]\" \/>\n<meta property=\"og:url\" content=\"https:\/\/ecodef-ihedn.fr\/en\/la-chaire-economie-de-defense-ihedn-a-la-fabrique-defense-1ere-edition\/\" \/>\n<meta property=\"og:site_name\" content=\"Chaire \u00c9conomie de d\u00e9fense - IHEDN\" \/>\n<meta property=\"article:published_time\" content=\"2020-01-30T00:00:00+00:00\" \/>\n<meta property=\"article:modified_time\" content=\"2020-04-09T10:59:46+00:00\" \/>\n<meta property=\"og:image\" content=\"https:\/\/ecodef-ihedn.fr\/wp-content\/uploads\/2020\/04\/fabrique-defense-janvier-2020.jpg\" \/>\n\t<meta property=\"og:image:width\" content=\"1536\" \/>\n\t<meta property=\"og:image:height\" content=\"1025\" \/>\n\t<meta property=\"og:image:type\" content=\"image\/jpeg\" \/>\n<meta name=\"author\" content=\"dev\" \/>\n<meta name=\"twitter:card\" content=\"summary_large_image\" \/>\n<meta name=\"twitter:creator\" content=\"@Chaire_Ecodef\" \/>\n<meta name=\"twitter:site\" content=\"@Chaire_Ecodef\" \/>\n<meta name=\"twitter:label1\" content=\"Written by\" \/>\n\t<meta name=\"twitter:data1\" content=\"dev\" \/>\n\t<meta name=\"twitter:label2\" content=\"Estimated reading time\" \/>\n\t<meta name=\"twitter:data2\" content=\"1 minute\" \/>\n<script type=\"application\/ld+json\" class=\"yoast-schema-graph\">{\"@context\":\"https:\\\/\\\/schema.org\",\"@graph\":[{\"@type\":\"Article\",\"@id\":\"https:\\\/\\\/ecodef-ihedn.fr\\\/la-chaire-economie-de-defense-ihedn-a-la-fabrique-defense-1ere-edition\\\/#article\",\"isPartOf\":{\"@id\":\"https:\\\/\\\/ecodef-ihedn.fr\\\/la-chaire-economie-de-defense-ihedn-a-la-fabrique-defense-1ere-edition\\\/\"},\"author\":{\"name\":\"dev\",\"@id\":\"https:\\\/\\\/ecodef-ihedn.fr\\\/#\\\/schema\\\/person\\\/7b3f1a2d8fd336e0be2f9ff63ff0ebbc\"},\"headline\":\"La Chaire \u00c9conomie de d\u00e9fense &#8211; IHEDN \u00e0 la Fabrique D\u00e9fense, 1\u00e8re \u00e9dition !\",\"datePublished\":\"2020-01-30T00:00:00+00:00\",\"dateModified\":\"2020-04-09T10:59:46+00:00\",\"mainEntityOfPage\":{\"@id\":\"https:\\\/\\\/ecodef-ihedn.fr\\\/la-chaire-economie-de-defense-ihedn-a-la-fabrique-defense-1ere-edition\\\/\"},\"wordCount\":320,\"commentCount\":0,\"publisher\":{\"@id\":\"https:\\\/\\\/ecodef-ihedn.fr\\\/#organization\"},\"image\":{\"@id\":\"https:\\\/\\\/ecodef-ihedn.fr\\\/la-chaire-economie-de-defense-ihedn-a-la-fabrique-defense-1ere-edition\\\/#primaryimage\"},\"thumbnailUrl\":\"https:\\\/\\\/ecodef-ihedn.fr\\\/wp-content\\\/uploads\\\/2020\\\/04\\\/fabrique-defense-janvier-2020.jpg\",\"keywords\":[\"Economie de la D\u00e9fense\",\"Fabrique D\u00e9fense\",\"IHEDN\",\"Jeunesse\"],\"articleSection\":[\"Activit\u00e9s : participation de la Chaire \u00e0 un \u00e9v\u00e9nement\"],\"inLanguage\":\"en-GB\",\"potentialAction\":[{\"@type\":\"CommentAction\",\"name\":\"Comment\",\"target\":[\"https:\\\/\\\/ecodef-ihedn.fr\\\/la-chaire-economie-de-defense-ihedn-a-la-fabrique-defense-1ere-edition\\\/#respond\"]}]},{\"@type\":\"WebPage\",\"@id\":\"https:\\\/\\\/ecodef-ihedn.fr\\\/la-chaire-economie-de-defense-ihedn-a-la-fabrique-defense-1ere-edition\\\/\",\"url\":\"https:\\\/\\\/ecodef-ihedn.fr\\\/la-chaire-economie-de-defense-ihedn-a-la-fabrique-defense-1ere-edition\\\/\",\"name\":\"La Chaire \u00c9conomie de d\u00e9fense - IHEDN \u00e0 la Fabrique D\u00e9fense, 1\u00e8re \u00e9dition ! - Chaire \u00c9conomie de d\u00e9fense - IHEDN\",\"isPartOf\":{\"@id\":\"https:\\\/\\\/ecodef-ihedn.fr\\\/#website\"},\"primaryImageOfPage\":{\"@id\":\"https:\\\/\\\/ecodef-ihedn.fr\\\/la-chaire-economie-de-defense-ihedn-a-la-fabrique-defense-1ere-edition\\\/#primaryimage\"},\"image\":{\"@id\":\"https:\\\/\\\/ecodef-ihedn.fr\\\/la-chaire-economie-de-defense-ihedn-a-la-fabrique-defense-1ere-edition\\\/#primaryimage\"},\"thumbnailUrl\":\"https:\\\/\\\/ecodef-ihedn.fr\\\/wp-content\\\/uploads\\\/2020\\\/04\\\/fabrique-defense-janvier-2020.jpg\",\"datePublished\":\"2020-01-30T00:00:00+00:00\",\"dateModified\":\"2020-04-09T10:59:46+00:00\",\"breadcrumb\":{\"@id\":\"https:\\\/\\\/ecodef-ihedn.fr\\\/la-chaire-economie-de-defense-ihedn-a-la-fabrique-defense-1ere-edition\\\/#breadcrumb\"},\"inLanguage\":\"en-GB\",\"potentialAction\":[{\"@type\":\"ReadAction\",\"target\":[\"https:\\\/\\\/ecodef-ihedn.fr\\\/la-chaire-economie-de-defense-ihedn-a-la-fabrique-defense-1ere-edition\\\/\"]}]},{\"@type\":\"ImageObject\",\"inLanguage\":\"en-GB\",\"@id\":\"https:\\\/\\\/ecodef-ihedn.fr\\\/la-chaire-economie-de-defense-ihedn-a-la-fabrique-defense-1ere-edition\\\/#primaryimage\",\"url\":\"https:\\\/\\\/ecodef-ihedn.fr\\\/wp-content\\\/uploads\\\/2020\\\/04\\\/fabrique-defense-janvier-2020.jpg\",\"contentUrl\":\"https:\\\/\\\/ecodef-ihedn.fr\\\/wp-content\\\/uploads\\\/2020\\\/04\\\/fabrique-defense-janvier-2020.jpg\",\"width\":1536,\"height\":1025},{\"@type\":\"BreadcrumbList\",\"@id\":\"https:\\\/\\\/ecodef-ihedn.fr\\\/la-chaire-economie-de-defense-ihedn-a-la-fabrique-defense-1ere-edition\\\/#breadcrumb\",\"itemListElement\":[{\"@type\":\"ListItem\",\"position\":1,\"name\":\"Accueil\",\"item\":\"https:\\\/\\\/ecodef-ihedn.fr\\\/\"},{\"@type\":\"ListItem\",\"position\":2,\"name\":\"La Chaire \u00c9conomie de d\u00e9fense &#8211; IHEDN \u00e0 la Fabrique D\u00e9fense, 1\u00e8re \u00e9dition !\"}]},{\"@type\":\"WebSite\",\"@id\":\"https:\\\/\\\/ecodef-ihedn.fr\\\/#website\",\"url\":\"https:\\\/\\\/ecodef-ihedn.fr\\\/\",\"name\":\"Chaire \u00c9conomie de D\u00e9fense - IHEDN\",\"description\":\"Produire &amp; soutenir, f\u00e9d\u00e9rer &amp; diffuser, \u00eatre une interface\",\"publisher\":{\"@id\":\"https:\\\/\\\/ecodef-ihedn.fr\\\/#organization\"},\"potentialAction\":[{\"@type\":\"SearchAction\",\"target\":{\"@type\":\"EntryPoint\",\"urlTemplate\":\"https:\\\/\\\/ecodef-ihedn.fr\\\/?s={search_term_string}\"},\"query-input\":{\"@type\":\"PropertyValueSpecification\",\"valueRequired\":true,\"valueName\":\"search_term_string\"}}],\"inLanguage\":\"en-GB\"},{\"@type\":\"Organization\",\"@id\":\"https:\\\/\\\/ecodef-ihedn.fr\\\/#organization\",\"name\":\"Chaire \u00c9conomie de d\u00e9fense - IHEDN\",\"url\":\"https:\\\/\\\/ecodef-ihedn.fr\\\/\",\"logo\":{\"@type\":\"ImageObject\",\"inLanguage\":\"en-GB\",\"@id\":\"https:\\\/\\\/ecodef-ihedn.fr\\\/#\\\/schema\\\/logo\\\/image\\\/\",\"url\":\"https:\\\/\\\/ecodef-ihedn.fr\\\/wp-content\\\/uploads\\\/2020\\\/04\\\/logoEcodef9.jpg\",\"contentUrl\":\"https:\\\/\\\/ecodef-ihedn.fr\\\/wp-content\\\/uploads\\\/2020\\\/04\\\/logoEcodef9.jpg\",\"width\":410,\"height\":212,\"caption\":\"Chaire \u00c9conomie de d\u00e9fense - IHEDN\"},\"image\":{\"@id\":\"https:\\\/\\\/ecodef-ihedn.fr\\\/#\\\/schema\\\/logo\\\/image\\\/\"},\"sameAs\":[\"https:\\\/\\\/x.com\\\/Chaire_Ecodef\",\"https:\\\/\\\/www.linkedin.com\\\/company\\\/chaire-ecodef-ihedn\\\/\"]},{\"@type\":\"Person\",\"@id\":\"https:\\\/\\\/ecodef-ihedn.fr\\\/#\\\/schema\\\/person\\\/7b3f1a2d8fd336e0be2f9ff63ff0ebbc\",\"name\":\"dev\",\"image\":{\"@type\":\"ImageObject\",\"inLanguage\":\"en-GB\",\"@id\":\"https:\\\/\\\/secure.gravatar.com\\\/avatar\\\/f1ffcac9ca2fa95ad3ec33e9be3ade82f752acb0cabe541e56c5889225afa88a?s=96&d=mm&r=g\",\"url\":\"https:\\\/\\\/secure.gravatar.com\\\/avatar\\\/f1ffcac9ca2fa95ad3ec33e9be3ade82f752acb0cabe541e56c5889225afa88a?s=96&d=mm&r=g\",\"contentUrl\":\"https:\\\/\\\/secure.gravatar.com\\\/avatar\\\/f1ffcac9ca2fa95ad3ec33e9be3ade82f752acb0cabe541e56c5889225afa88a?s=96&d=mm&r=g\",\"caption\":\"dev\"},\"url\":\"https:\\\/\\\/ecodef-ihedn.fr\\\/en\\\/author\\\/dev\\\/\"}]}<\/script>\n<!-- \/ Yoast SEO plugin. -->","yoast_head_json":{"title":"La Chaire \u00c9conomie de d\u00e9fense - IHEDN \u00e0 la Fabrique D\u00e9fense, 1\u00e8re \u00e9dition ! - Chaire \u00c9conomie de d\u00e9fense - IHEDN","robots":{"index":"index","follow":"follow","max-snippet":"max-snippet:-1","max-image-preview":"max-image-preview:large","max-video-preview":"max-video-preview:-1"},"canonical":"https:\/\/ecodef-ihedn.fr\/en\/la-chaire-economie-de-defense-ihedn-a-la-fabrique-defense-1ere-edition\/","og_locale":"en_GB","og_type":"article","og_title":"La Chaire \u00c9conomie de d\u00e9fense - IHEDN \u00e0 la Fabrique D\u00e9fense, 1\u00e8re \u00e9dition ! - Chaire \u00c9conomie de d\u00e9fense - IHEDN","og_description":"Promouvoir l\u2019esprit de D\u00e9fense, renforcer le lien Arm\u00e9es-Nation et faire \u00e9merger une culture strat\u00e9gique europ\u00e9enne&nbsp;: c\u2019est l\u2019ambition de la 1\u00e8re \u00e9dition de cet \u00e9v\u00e9nement unique en Europe, qui s&rsquo;est tenu les 17 et 18 janvier 2020 au Paris Event Center, avec une fr\u00e9quentation bien sup\u00e9rieure aux attentes. L\u2019objectif de la Fabrique D\u00e9fense, r\u00e9sume Nicolas Bronard, [&hellip;]","og_url":"https:\/\/ecodef-ihedn.fr\/en\/la-chaire-economie-de-defense-ihedn-a-la-fabrique-defense-1ere-edition\/","og_site_name":"Chaire \u00c9conomie de d\u00e9fense - IHEDN","article_published_time":"2020-01-30T00:00:00+00:00","article_modified_time":"2020-04-09T10:59:46+00:00","og_image":[{"width":1536,"height":1025,"url":"https:\/\/ecodef-ihedn.fr\/wp-content\/uploads\/2020\/04\/fabrique-defense-janvier-2020.jpg","type":"image\/jpeg"}],"author":"dev","twitter_card":"summary_large_image","twitter_creator":"@Chaire_Ecodef","twitter_site":"@Chaire_Ecodef","twitter_misc":{"Written by":"dev","Estimated reading time":"1 minute"},"schema":{"@context":"https:\/\/schema.org","@graph":[{"@type":"Article","@id":"https:\/\/ecodef-ihedn.fr\/la-chaire-economie-de-defense-ihedn-a-la-fabrique-defense-1ere-edition\/#article","isPartOf":{"@id":"https:\/\/ecodef-ihedn.fr\/la-chaire-economie-de-defense-ihedn-a-la-fabrique-defense-1ere-edition\/"},"author":{"name":"dev","@id":"https:\/\/ecodef-ihedn.fr\/#\/schema\/person\/7b3f1a2d8fd336e0be2f9ff63ff0ebbc"},"headline":"La Chaire \u00c9conomie de d\u00e9fense &#8211; IHEDN \u00e0 la Fabrique D\u00e9fense, 1\u00e8re \u00e9dition !","datePublished":"2020-01-30T00:00:00+00:00","dateModified":"2020-04-09T10:59:46+00:00","mainEntityOfPage":{"@id":"https:\/\/ecodef-ihedn.fr\/la-chaire-economie-de-defense-ihedn-a-la-fabrique-defense-1ere-edition\/"},"wordCount":320,"commentCount":0,"publisher":{"@id":"https:\/\/ecodef-ihedn.fr\/#organization"},"image":{"@id":"https:\/\/ecodef-ihedn.fr\/la-chaire-economie-de-defense-ihedn-a-la-fabrique-defense-1ere-edition\/#primaryimage"},"thumbnailUrl":"https:\/\/ecodef-ihedn.fr\/wp-content\/uploads\/2020\/04\/fabrique-defense-janvier-2020.jpg","keywords":["Economie de la D\u00e9fense","Fabrique D\u00e9fense","IHEDN","Jeunesse"],"articleSection":["Activit\u00e9s : participation de la Chaire \u00e0 un \u00e9v\u00e9nement"],"inLanguage":"en-GB","potentialAction":[{"@type":"CommentAction","name":"Comment","target":["https:\/\/ecodef-ihedn.fr\/la-chaire-economie-de-defense-ihedn-a-la-fabrique-defense-1ere-edition\/#respond"]}]},{"@type":"WebPage","@id":"https:\/\/ecodef-ihedn.fr\/la-chaire-economie-de-defense-ihedn-a-la-fabrique-defense-1ere-edition\/","url":"https:\/\/ecodef-ihedn.fr\/la-chaire-economie-de-defense-ihedn-a-la-fabrique-defense-1ere-edition\/","name":"La Chaire \u00c9conomie de d\u00e9fense - IHEDN \u00e0 la Fabrique D\u00e9fense, 1\u00e8re \u00e9dition ! - Chaire \u00c9conomie de d\u00e9fense - IHEDN","isPartOf":{"@id":"https:\/\/ecodef-ihedn.fr\/#website"},"primaryImageOfPage":{"@id":"https:\/\/ecodef-ihedn.fr\/la-chaire-economie-de-defense-ihedn-a-la-fabrique-defense-1ere-edition\/#primaryimage"},"image":{"@id":"https:\/\/ecodef-ihedn.fr\/la-chaire-economie-de-defense-ihedn-a-la-fabrique-defense-1ere-edition\/#primaryimage"},"thumbnailUrl":"https:\/\/ecodef-ihedn.fr\/wp-content\/uploads\/2020\/04\/fabrique-defense-janvier-2020.jpg","datePublished":"2020-01-30T00:00:00+00:00","dateModified":"2020-04-09T10:59:46+00:00","breadcrumb":{"@id":"https:\/\/ecodef-ihedn.fr\/la-chaire-economie-de-defense-ihedn-a-la-fabrique-defense-1ere-edition\/#breadcrumb"},"inLanguage":"en-GB","potentialAction":[{"@type":"ReadAction","target":["https:\/\/ecodef-ihedn.fr\/la-chaire-economie-de-defense-ihedn-a-la-fabrique-defense-1ere-edition\/"]}]},{"@type":"ImageObject","inLanguage":"en-GB","@id":"https:\/\/ecodef-ihedn.fr\/la-chaire-economie-de-defense-ihedn-a-la-fabrique-defense-1ere-edition\/#primaryimage","url":"https:\/\/ecodef-ihedn.fr\/wp-content\/uploads\/2020\/04\/fabrique-defense-janvier-2020.jpg","contentUrl":"https:\/\/ecodef-ihedn.fr\/wp-content\/uploads\/2020\/04\/fabrique-defense-janvier-2020.jpg","width":1536,"height":1025},{"@type":"BreadcrumbList","@id":"https:\/\/ecodef-ihedn.fr\/la-chaire-economie-de-defense-ihedn-a-la-fabrique-defense-1ere-edition\/#breadcrumb","itemListElement":[{"@type":"ListItem","position":1,"name":"Accueil","item":"https:\/\/ecodef-ihedn.fr\/"},{"@type":"ListItem","position":2,"name":"La Chaire \u00c9conomie de d\u00e9fense &#8211; IHEDN \u00e0 la Fabrique D\u00e9fense, 1\u00e8re \u00e9dition !"}]},{"@type":"WebSite","@id":"https:\/\/ecodef-ihedn.fr\/#website","url":"https:\/\/ecodef-ihedn.fr\/","name":"Chair in Defence Economics - IHEDN","description":"Produce &amp; support, federate &amp; disseminate, act as an interface","publisher":{"@id":"https:\/\/ecodef-ihedn.fr\/#organization"},"potentialAction":[{"@type":"SearchAction","target":{"@type":"EntryPoint","urlTemplate":"https:\/\/ecodef-ihedn.fr\/?s={search_term_string}"},"query-input":{"@type":"PropertyValueSpecification","valueRequired":true,"valueName":"search_term_string"}}],"inLanguage":"en-GB"},{"@type":"Organization","@id":"https:\/\/ecodef-ihedn.fr\/#organization","name":"Chair in Defence Economics - IHEDN","url":"https:\/\/ecodef-ihedn.fr\/","logo":{"@type":"ImageObject","inLanguage":"en-GB","@id":"https:\/\/ecodef-ihedn.fr\/#\/schema\/logo\/image\/","url":"https:\/\/ecodef-ihedn.fr\/wp-content\/uploads\/2020\/04\/logoEcodef9.jpg","contentUrl":"https:\/\/ecodef-ihedn.fr\/wp-content\/uploads\/2020\/04\/logoEcodef9.jpg","width":410,"height":212,"caption":"Chaire \u00c9conomie de d\u00e9fense - IHEDN"},"image":{"@id":"https:\/\/ecodef-ihedn.fr\/#\/schema\/logo\/image\/"},"sameAs":["https:\/\/x.com\/Chaire_Ecodef","https:\/\/www.linkedin.com\/company\/chaire-ecodef-ihedn\/"]},{"@type":"Person","@id":"https:\/\/ecodef-ihedn.fr\/#\/schema\/person\/7b3f1a2d8fd336e0be2f9ff63ff0ebbc","name":"dev","image":{"@type":"ImageObject","inLanguage":"en-GB","@id":"https:\/\/secure.gravatar.com\/avatar\/f1ffcac9ca2fa95ad3ec33e9be3ade82f752acb0cabe541e56c5889225afa88a?s=96&d=mm&r=g","url":"https:\/\/secure.gravatar.com\/avatar\/f1ffcac9ca2fa95ad3ec33e9be3ade82f752acb0cabe541e56c5889225afa88a?s=96&d=mm&r=g","contentUrl":"https:\/\/secure.gravatar.com\/avatar\/f1ffcac9ca2fa95ad3ec33e9be3ade82f752acb0cabe541e56c5889225afa88a?s=96&d=mm&r=g","caption":"dev"},"url":"https:\/\/ecodef-ihedn.fr\/en\/author\/dev\/"}]}},"_links":{"self":[{"href":"https:\/\/ecodef-ihedn.fr\/en\/wp-json\/wp\/v2\/posts\/1196","targetHints":{"allow":["GET"]}}],"collection":[{"href":"https:\/\/ecodef-ihedn.fr\/en\/wp-json\/wp\/v2\/posts"}],"about":[{"href":"https:\/\/ecodef-ihedn.fr\/en\/wp-json\/wp\/v2\/types\/post"}],"author":[{"embeddable":true,"href":"https:\/\/ecodef-ihedn.fr\/en\/wp-json\/wp\/v2\/users\/1"}],"replies":[{"embeddable":true,"href":"https:\/\/ecodef-ihedn.fr\/en\/wp-json\/wp\/v2\/comments?post=1196"}],"version-history":[{"count":2,"href":"https:\/\/ecodef-ihedn.fr\/en\/wp-json\/wp\/v2\/posts\/1196\/revisions"}],"predecessor-version":[{"id":1444,"href":"https:\/\/ecodef-ihedn.fr\/en\/wp-json\/wp\/v2\/posts\/1196\/revisions\/1444"}],"wp:featuredmedia":[{"embeddable":true,"href":"https:\/\/ecodef-ihedn.fr\/en\/wp-json\/wp\/v2\/media\/1198"}],"wp:attachment":[{"href":"https:\/\/ecodef-ihedn.fr\/en\/wp-json\/wp\/v2\/media?parent=1196"}],"wp:term":[{"taxonomy":"category","embeddable":true,"href":"https:\/\/ecodef-ihedn.fr\/en\/wp-json\/wp\/v2\/categories?post=1196"},{"taxonomy":"post_tag","embeddable":true,"href":"https:\/\/ecodef-ihedn.fr\/en\/wp-json\/wp\/v2\/tags?post=1196"}],"curies":[{"name":"wp","href":"https:\/\/api.w.org\/{rel}","templated":true}]}}